{"id":48397,"date":"2023-05-29T07:14:08","date_gmt":"2023-05-29T14:14:08","guid":{"rendered":"https:\/\/fuentesfidedignas.com.mx\/?p=48397"},"modified":"2023-05-29T07:15:00","modified_gmt":"2023-05-29T14:15:00","slug":"los-hijos-del-poder","status":"publish","type":"post","link":"https:\/\/fuentesfidedignas.com.mx\/index.php\/2023\/05\/29\/los-hijos-del-poder\/","title":{"rendered":"Los hijos del poder"},"content":{"rendered":"\n<p>Desde tiempos remotos y desde que el ser humano lo es, la costumbre de heredar los oficios de padre a hijos es casi un mandato de la naturaleza. Las actividades humanas casi siempre han estado ligadas a herencias sucesorias en haberes y conocimientos. Los carpinteros, alba\u00f1iles, herreros, sastres, etc. transmit\u00edan a su descendencia los conocimientos suficientes para mantener el oficio vivo entregando un modo honesto de vivir a su progenie. La sociedad aceptaba todo esto sin problema. Era de esperar que las familias acumularan monopolios en ciertas \u00e1reas, sobre todo en comunidades peque\u00f1as. Nadie lo ve\u00eda mal.<\/p>\n\n\n\n<p>El propio Jes\u00fas de Nazareth no puedo escapar a ese destino. Su padre putativo, Jos\u00e9, hered\u00f3 al elegido el oficio de carpintero; desde luego que se conocen otros oficios para el hijo de Dios, pero el de carpintero es una de sus formas en las que el mundo lo conoce.&nbsp;&nbsp; La pertenencia al gremio de las actividades de la familia era tan fuerte que, en el idioma anglosaj\u00f3n, el oficio se estampaba de forma permanente en los apellidos (Shoemaker, Carpentier, Thatcher, Buider, etc).<\/p>\n\n\n\n<p>No pod\u00eda faltar que los hijos de los poderosos compartieran los oficios de sus antecesores. Los reyes heredaban el trabajo a sus hijos; no a sus hermanos. Los hijos eran los depositarios del poder; por eso eran preparados para eso. Algunos sal\u00edan mejores que otros, pero a casi todos se les ofrec\u00eda una educaci\u00f3n suficiente para entender los recovecos del Poder y del buen gobernar.<\/p>\n\n\n\n<p>En alg\u00fan momento de la historia, los hijos se negaron a seguir haciendo lo que hac\u00edan sus padres; la tradici\u00f3n se rompi\u00f3 y hoy en d\u00eda es casi pecado mortal dedicarse a lo mismo que tus ancestros pr\u00f3ximos pasados. Por su puesto que los primeros en caer fueron los poderosos. La gente se cans\u00f3 de seguir en manos de una sola familia. No estuvieron dispuestos a permitir que el monopolio del poder fuera exclusivo de un apellido. Despu\u00e9s de eso, poco a poco, esa idea fue permeando al resto de las actividades. Bien pod\u00edas ser el hijo de un herrero exitoso para mantener la tradici\u00f3n viva y ganarte el sustento con los conocimientos o herramientas heredadas, pero herreros sin prosapia se quejaron de eso. Fue injusto no competir en igualdad de circunstancias. De repente fue mejor visto un herrero emprendedor que un herrero heredado; lo mismo pas\u00f3 con otras profesiones y oficios.<\/p>\n\n\n\n<p>&nbsp;En nuestra modernidad es mal visto que los hijos de los poderosos quieran mantenerse en las actividades propias de los espacios pol\u00edticos. Al igual que los reyes, los pol\u00edticos desear\u00edan dejar sus espacios en manos de sus reto\u00f1os. El mundo est\u00e1 plagado de ejemplos de hijos de pol\u00edticos que mantuvieron la tradici\u00f3n familiar de mandar. En M\u00e9xico no somos excepci\u00f3n al problema e, incluso, es m\u00e1s profundo que en otras latitudes.<\/p>\n\n\n\n<p>Los tiempos posteriores a la revoluci\u00f3n, los pol\u00edticos decidieron empoderar a\u00fan m\u00e1s a sus cachorros. Comenzando con el Tata L\u00e1zaro. La progenie del general es una de las familias de abolengo pol\u00edtico en nuestro pa\u00eds. El apellido C\u00e1rdenas es sin\u00f3nimo de pol\u00edtica y poder. Cuauht\u00e9moc quiso ser presidente y fall\u00f3; lo mismo que L\u00e1zaro, su hijo. &nbsp;Muy pocos hijos de expresidentes pudieron crecer bajo la sombra de sus padres; por lo general, han resultado un dolor de cabeza para los mexicanos. En el siglo XX, los hijos de los presidentes fueron m\u00e1s problemas que promesas.<\/p>\n\n\n\n<p>Los hijos de los presidentes del Siglo XXI mantuvieron la tradici\u00f3n de mantenerse pegados y apegados al Poder. Los hijos de Fox se llenaron de esc\u00e1ndalos por actos de corrupci\u00f3n, compras ama\u00f1adas y excesos cobijados desde el gobierno. *Calder\u00f3n* tuvo hijos muy peque\u00f1os cuando estuvo al mando; sin embargo, hoy en d\u00eda parece ser que uno de ellos pretende iniciar una carrera en pol\u00edtica. La numerosa familia de Pe\u00f1a Nieto se mantuvo alejada del gobierno y no se conoce mucho de sus vidas privadas.<\/p>\n\n\n\n<p>Caso aparte los hijos de L\u00f3pez Obrador. Uno de ellos, Andr\u00e9s, es un operador muy activo del movimiento pol\u00edtico de su padre. Fue nombrado como el responsable de las protestas en contra de la reforma petrolera cuando su padre fue v\u00edctima de un infarto.&nbsp; El mayor de sus hijos, Jos\u00e9 Ram\u00f3n, es quien m\u00e1s se coloca en el centro de las pol\u00e9micas. No se sabe en que trabaja, pero tiene una vida muy holgada y viajera. Andr\u00e9s tambi\u00e9n estuvo se\u00f1alado por favorecer a sus amigos con contratos jugosos entregados durante la presidencia de su padre. Algunos dicen que en el 2030 quisiera contender por la presidencia.&nbsp;<\/p>\n\n\n\n<p>De lado de la oposici\u00f3n las cosas no son muy diferentes.&nbsp; Las c\u00e1maras de diputados y senadores est\u00e1n repletas de hijas e hijos de pol\u00edticos poderosos. Curiosamente las listas de plurinominales son las preferidas por los descendientes de la partidocracia.<\/p>\n\n\n\n<p>No es incorrecto que hijas e hijas de pol\u00edticos quieran seguir dedicarse a lo mismo que sus padres. Muchos de ellos se prepararon para eso. Traen ventaja (tampoco es malo) por tener m\u00e1s conocimientos del servicio p\u00fablico. En ese sentido, al tener m\u00e1s ventaja, deber\u00edan ser m\u00e1s cuestionados, presionados; en pocas palabras, ser mejores que sus padres por las condiciones propias de sus crianzas.&nbsp; De la misma manera, sus excesos tendr\u00edan que estar m\u00e1s penados con mayores consecuencias que un ciudadano com\u00fan y corriente.<\/p>\n\n\n\n<p>\u00bfUsted qu\u00e9 opina, amable lector? \u00bfLos hijos del Poder le convencen o prefiere que no tengan vida p\u00fablica para dedicarse a otras cosas?<\/p>\n","protected":false},"excerpt":{"rendered":"<p>Desde tiempos remotos y desde que el ser humano lo es, la costumbre de heredar los oficios de padre a hijos es casi un mandato de la naturaleza. Las actividades humanas casi siempre han estado ligadas a herencias sucesorias en haberes y conocimientos. Los carpinteros, alba\u00f1iles, herreros, sastres, etc. transmit\u00edan a su descendencia los conocimientos [&hellip;]<\/p>\n","protected":false},"author":90,"featured_media":45741,"comment_status":"open","ping_status":"open","sticky":false,"template":"","format":"standard","meta":{"tdm_status":"","tdm_grid_status":"","footnotes":""},"categories":[3064,2729],"tags":[],"class_list":{"0":"post-48397","1":"post","2":"type-post","3":"status-publish","4":"format-standard","5":"has-post-thumbnail","7":"category-columnas","8":"category-sofismas-de-ocasion"},"yoast_head":"<!-- This site is optimized with the Yoast SEO plugin v27.5 - https:\/\/yoast.com\/product\/yoast-seo-wordpress\/ -->\n<title>Los hijos del poder - Fuentes Fidedignas<\/title>\n<meta name=\"robots\" content=\"index, follow, max-snippet:-1, max-image-preview:large, max-video-preview:-1\" \/>\n<link rel=\"canonical\" href=\"https:\/\/fuentesfidedignas.com.mx\/index.php\/2023\/05\/29\/los-hijos-del-poder\/\" \/>\n<meta property=\"og:locale\" content=\"es_MX\" \/>\n<meta property=\"og:type\" content=\"article\" \/>\n<meta property=\"og:title\" content=\"Los hijos del poder - Fuentes Fidedignas\" \/>\n<meta property=\"og:description\" content=\"Desde tiempos remotos y desde que el ser humano lo es, la costumbre de heredar los oficios de padre a hijos es casi un mandato de la naturaleza. Las actividades humanas casi siempre han estado ligadas a herencias sucesorias en haberes y conocimientos. Los carpinteros, alba\u00f1iles, herreros, sastres, etc. transmit\u00edan a su descendencia los conocimientos [&hellip;]\" \/>\n<meta property=\"og:url\" content=\"https:\/\/fuentesfidedignas.com.mx\/index.php\/2023\/05\/29\/los-hijos-del-poder\/\" \/>\n<meta property=\"og:site_name\" content=\"Fuentes Fidedignas\" \/>\n<meta property=\"article:publisher\" content=\"https:\/\/www.facebook.com\/Fuentes-Fidedignas-368234489921644\" \/>\n<meta property=\"article:published_time\" content=\"2023-05-29T14:14:08+00:00\" \/>\n<meta property=\"article:modified_time\" content=\"2023-05-29T14:15:00+00:00\" \/>\n<meta property=\"og:image\" content=\"https:\/\/fuentesfidedignas.com.mx\/wp-content\/uploads\/2023\/04\/ordorica.jpg\" \/>\n\t<meta property=\"og:image:width\" content=\"625\" \/>\n\t<meta property=\"og:image:height\" content=\"936\" \/>\n\t<meta property=\"og:image:type\" content=\"image\/jpeg\" \/>\n<meta name=\"author\" content=\"Juan B. Ordorica\" \/>\n<meta name=\"twitter:card\" content=\"summary_large_image\" \/>\n<meta name=\"twitter:creator\" content=\"@fidedignas\" \/>\n<meta name=\"twitter:site\" content=\"@fidedignas\" \/>\n<meta name=\"twitter:label1\" content=\"Escrito por\" \/>\n\t<meta name=\"twitter:data1\" content=\"Juan B. Ordorica\" \/>\n\t<meta name=\"twitter:label2\" content=\"Tiempo de lectura\" \/>\n\t<meta name=\"twitter:data2\" content=\"5 minutos\" \/>\n<script type=\"application\/ld+json\" class=\"yoast-schema-graph\">{\"@context\":\"https:\\\/\\\/schema.org\",\"@graph\":[{\"@type\":\"Article\",\"@id\":\"https:\\\/\\\/fuentesfidedignas.com.mx\\\/index.php\\\/2023\\\/05\\\/29\\\/los-hijos-del-poder\\\/#article\",\"isPartOf\":{\"@id\":\"https:\\\/\\\/fuentesfidedignas.com.mx\\\/index.php\\\/2023\\\/05\\\/29\\\/los-hijos-del-poder\\\/\"},\"author\":{\"name\":\"Juan B. Ordorica\",\"@id\":\"https:\\\/\\\/fuentesfidedignas.com.mx\\\/#\\\/schema\\\/person\\\/a24a4d1a5ecdf3b48c4333fa1c26269a\"},\"headline\":\"Los hijos del poder\",\"datePublished\":\"2023-05-29T14:14:08+00:00\",\"dateModified\":\"2023-05-29T14:15:00+00:00\",\"mainEntityOfPage\":{\"@id\":\"https:\\\/\\\/fuentesfidedignas.com.mx\\\/index.php\\\/2023\\\/05\\\/29\\\/los-hijos-del-poder\\\/\"},\"wordCount\":984,\"commentCount\":0,\"publisher\":{\"@id\":\"https:\\\/\\\/fuentesfidedignas.com.mx\\\/#organization\"},\"image\":{\"@id\":\"https:\\\/\\\/fuentesfidedignas.com.mx\\\/index.php\\\/2023\\\/05\\\/29\\\/los-hijos-del-poder\\\/#primaryimage\"},\"thumbnailUrl\":\"https:\\\/\\\/fuentesfidedignas.com.mx\\\/wp-content\\\/uploads\\\/2023\\\/04\\\/ordorica.jpg\",\"articleSection\":[\"COLUMNAS\",\"SOFISMAS DE OCASI\u00d3N\"],\"inLanguage\":\"es\",\"potentialAction\":[{\"@type\":\"CommentAction\",\"name\":\"Comment\",\"target\":[\"https:\\\/\\\/fuentesfidedignas.com.mx\\\/index.php\\\/2023\\\/05\\\/29\\\/los-hijos-del-poder\\\/#respond\"]}]},{\"@type\":\"WebPage\",\"@id\":\"https:\\\/\\\/fuentesfidedignas.com.mx\\\/index.php\\\/2023\\\/05\\\/29\\\/los-hijos-del-poder\\\/\",\"url\":\"https:\\\/\\\/fuentesfidedignas.com.mx\\\/index.php\\\/2023\\\/05\\\/29\\\/los-hijos-del-poder\\\/\",\"name\":\"Los hijos del poder - Fuentes Fidedignas\",\"isPartOf\":{\"@id\":\"https:\\\/\\\/fuentesfidedignas.com.mx\\\/#website\"},\"primaryImageOfPage\":{\"@id\":\"https:\\\/\\\/fuentesfidedignas.com.mx\\\/index.php\\\/2023\\\/05\\\/29\\\/los-hijos-del-poder\\\/#primaryimage\"},\"image\":{\"@id\":\"https:\\\/\\\/fuentesfidedignas.com.mx\\\/index.php\\\/2023\\\/05\\\/29\\\/los-hijos-del-poder\\\/#primaryimage\"},\"thumbnailUrl\":\"https:\\\/\\\/fuentesfidedignas.com.mx\\\/wp-content\\\/uploads\\\/2023\\\/04\\\/ordorica.jpg\",\"datePublished\":\"2023-05-29T14:14:08+00:00\",\"dateModified\":\"2023-05-29T14:15:00+00:00\",\"breadcrumb\":{\"@id\":\"https:\\\/\\\/fuentesfidedignas.com.mx\\\/index.php\\\/2023\\\/05\\\/29\\\/los-hijos-del-poder\\\/#breadcrumb\"},\"inLanguage\":\"es\",\"potentialAction\":[{\"@type\":\"ReadAction\",\"target\":[\"https:\\\/\\\/fuentesfidedignas.com.mx\\\/index.php\\\/2023\\\/05\\\/29\\\/los-hijos-del-poder\\\/\"]}]},{\"@type\":\"ImageObject\",\"inLanguage\":\"es\",\"@id\":\"https:\\\/\\\/fuentesfidedignas.com.mx\\\/index.php\\\/2023\\\/05\\\/29\\\/los-hijos-del-poder\\\/#primaryimage\",\"url\":\"https:\\\/\\\/fuentesfidedignas.com.mx\\\/wp-content\\\/uploads\\\/2023\\\/04\\\/ordorica.jpg\",\"contentUrl\":\"https:\\\/\\\/fuentesfidedignas.com.mx\\\/wp-content\\\/uploads\\\/2023\\\/04\\\/ordorica.jpg\",\"width\":625,\"height\":936},{\"@type\":\"BreadcrumbList\",\"@id\":\"https:\\\/\\\/fuentesfidedignas.com.mx\\\/index.php\\\/2023\\\/05\\\/29\\\/los-hijos-del-poder\\\/#breadcrumb\",\"itemListElement\":[{\"@type\":\"ListItem\",\"position\":1,\"name\":\"Inicio\",\"item\":\"https:\\\/\\\/fuentesfidedignas.com.mx\\\/\"},{\"@type\":\"ListItem\",\"position\":2,\"name\":\"Los hijos del poder\"}]},{\"@type\":\"WebSite\",\"@id\":\"https:\\\/\\\/fuentesfidedignas.com.mx\\\/#website\",\"url\":\"https:\\\/\\\/fuentesfidedignas.com.mx\\\/\",\"name\":\"Fuentes Fidedignas\",\"description\":\"Otro sitio realizado con WordPress\",\"publisher\":{\"@id\":\"https:\\\/\\\/fuentesfidedignas.com.mx\\\/#organization\"},\"potentialAction\":[{\"@type\":\"SearchAction\",\"target\":{\"@type\":\"EntryPoint\",\"urlTemplate\":\"https:\\\/\\\/fuentesfidedignas.com.mx\\\/?s={search_term_string}\"},\"query-input\":{\"@type\":\"PropertyValueSpecification\",\"valueRequired\":true,\"valueName\":\"search_term_string\"}}],\"inLanguage\":\"es\"},{\"@type\":\"Organization\",\"@id\":\"https:\\\/\\\/fuentesfidedignas.com.mx\\\/#organization\",\"name\":\"Fuentes Fidedignas\",\"url\":\"https:\\\/\\\/fuentesfidedignas.com.mx\\\/\",\"logo\":{\"@type\":\"ImageObject\",\"inLanguage\":\"es\",\"@id\":\"https:\\\/\\\/fuentesfidedignas.com.mx\\\/#\\\/schema\\\/logo\\\/image\\\/\",\"url\":\"https:\\\/\\\/fuentesfidedignas.com.mx\\\/wp-content\\\/uploads\\\/2021\\\/04\\\/logo-retina.png\",\"contentUrl\":\"https:\\\/\\\/fuentesfidedignas.com.mx\\\/wp-content\\\/uploads\\\/2021\\\/04\\\/logo-retina.png\",\"width\":280,\"height\":51,\"caption\":\"Fuentes Fidedignas\"},\"image\":{\"@id\":\"https:\\\/\\\/fuentesfidedignas.com.mx\\\/#\\\/schema\\\/logo\\\/image\\\/\"},\"sameAs\":[\"https:\\\/\\\/www.facebook.com\\\/Fuentes-Fidedignas-368234489921644\",\"https:\\\/\\\/x.com\\\/fidedignas\"]},{\"@type\":\"Person\",\"@id\":\"https:\\\/\\\/fuentesfidedignas.com.mx\\\/#\\\/schema\\\/person\\\/a24a4d1a5ecdf3b48c4333fa1c26269a\",\"name\":\"Juan B. Ordorica\",\"image\":{\"@type\":\"ImageObject\",\"inLanguage\":\"es\",\"@id\":\"https:\\\/\\\/secure.gravatar.com\\\/avatar\\\/3b5a779222e476e3d0086a106b74aee8b3fa5e6a729f32702d7b70dded76eca3?s=96&d=mm&r=g\",\"url\":\"https:\\\/\\\/secure.gravatar.com\\\/avatar\\\/3b5a779222e476e3d0086a106b74aee8b3fa5e6a729f32702d7b70dded76eca3?s=96&d=mm&r=g\",\"contentUrl\":\"https:\\\/\\\/secure.gravatar.com\\\/avatar\\\/3b5a779222e476e3d0086a106b74aee8b3fa5e6a729f32702d7b70dded76eca3?s=96&d=mm&r=g\",\"caption\":\"Juan B. Ordorica\"},\"url\":\"https:\\\/\\\/fuentesfidedignas.com.mx\\\/index.php\\\/author\\\/juan-b-ordorica\\\/\"}]}<\/script>\n<!-- \/ Yoast SEO plugin. -->","yoast_head_json":{"title":"Los hijos del poder - Fuentes Fidedignas","robots":{"index":"index","follow":"follow","max-snippet":"max-snippet:-1","max-image-preview":"max-image-preview:large","max-video-preview":"max-video-preview:-1"},"canonical":"https:\/\/fuentesfidedignas.com.mx\/index.php\/2023\/05\/29\/los-hijos-del-poder\/","og_locale":"es_MX","og_type":"article","og_title":"Los hijos del poder - Fuentes Fidedignas","og_description":"Desde tiempos remotos y desde que el ser humano lo es, la costumbre de heredar los oficios de padre a hijos es casi un mandato de la naturaleza. Las actividades humanas casi siempre han estado ligadas a herencias sucesorias en haberes y conocimientos. Los carpinteros, alba\u00f1iles, herreros, sastres, etc. transmit\u00edan a su descendencia los conocimientos [&hellip;]","og_url":"https:\/\/fuentesfidedignas.com.mx\/index.php\/2023\/05\/29\/los-hijos-del-poder\/","og_site_name":"Fuentes Fidedignas","article_publisher":"https:\/\/www.facebook.com\/Fuentes-Fidedignas-368234489921644","article_published_time":"2023-05-29T14:14:08+00:00","article_modified_time":"2023-05-29T14:15:00+00:00","og_image":[{"width":625,"height":936,"url":"https:\/\/fuentesfidedignas.com.mx\/wp-content\/uploads\/2023\/04\/ordorica.jpg","type":"image\/jpeg"}],"author":"Juan B. Ordorica","twitter_card":"summary_large_image","twitter_creator":"@fidedignas","twitter_site":"@fidedignas","twitter_misc":{"Escrito por":"Juan B. Ordorica","Tiempo de lectura":"5 minutos"},"schema":{"@context":"https:\/\/schema.org","@graph":[{"@type":"Article","@id":"https:\/\/fuentesfidedignas.com.mx\/index.php\/2023\/05\/29\/los-hijos-del-poder\/#article","isPartOf":{"@id":"https:\/\/fuentesfidedignas.com.mx\/index.php\/2023\/05\/29\/los-hijos-del-poder\/"},"author":{"name":"Juan B. Ordorica","@id":"https:\/\/fuentesfidedignas.com.mx\/#\/schema\/person\/a24a4d1a5ecdf3b48c4333fa1c26269a"},"headline":"Los hijos del poder","datePublished":"2023-05-29T14:14:08+00:00","dateModified":"2023-05-29T14:15:00+00:00","mainEntityOfPage":{"@id":"https:\/\/fuentesfidedignas.com.mx\/index.php\/2023\/05\/29\/los-hijos-del-poder\/"},"wordCount":984,"commentCount":0,"publisher":{"@id":"https:\/\/fuentesfidedignas.com.mx\/#organization"},"image":{"@id":"https:\/\/fuentesfidedignas.com.mx\/index.php\/2023\/05\/29\/los-hijos-del-poder\/#primaryimage"},"thumbnailUrl":"https:\/\/fuentesfidedignas.com.mx\/wp-content\/uploads\/2023\/04\/ordorica.jpg","articleSection":["COLUMNAS","SOFISMAS DE OCASI\u00d3N"],"inLanguage":"es","potentialAction":[{"@type":"CommentAction","name":"Comment","target":["https:\/\/fuentesfidedignas.com.mx\/index.php\/2023\/05\/29\/los-hijos-del-poder\/#respond"]}]},{"@type":"WebPage","@id":"https:\/\/fuentesfidedignas.com.mx\/index.php\/2023\/05\/29\/los-hijos-del-poder\/","url":"https:\/\/fuentesfidedignas.com.mx\/index.php\/2023\/05\/29\/los-hijos-del-poder\/","name":"Los hijos del poder - Fuentes Fidedignas","isPartOf":{"@id":"https:\/\/fuentesfidedignas.com.mx\/#website"},"primaryImageOfPage":{"@id":"https:\/\/fuentesfidedignas.com.mx\/index.php\/2023\/05\/29\/los-hijos-del-poder\/#primaryimage"},"image":{"@id":"https:\/\/fuentesfidedignas.com.mx\/index.php\/2023\/05\/29\/los-hijos-del-poder\/#primaryimage"},"thumbnailUrl":"https:\/\/fuentesfidedignas.com.mx\/wp-content\/uploads\/2023\/04\/ordorica.jpg","datePublished":"2023-05-29T14:14:08+00:00","dateModified":"2023-05-29T14:15:00+00:00","breadcrumb":{"@id":"https:\/\/fuentesfidedignas.com.mx\/index.php\/2023\/05\/29\/los-hijos-del-poder\/#breadcrumb"},"inLanguage":"es","potentialAction":[{"@type":"ReadAction","target":["https:\/\/fuentesfidedignas.com.mx\/index.php\/2023\/05\/29\/los-hijos-del-poder\/"]}]},{"@type":"ImageObject","inLanguage":"es","@id":"https:\/\/fuentesfidedignas.com.mx\/index.php\/2023\/05\/29\/los-hijos-del-poder\/#primaryimage","url":"https:\/\/fuentesfidedignas.com.mx\/wp-content\/uploads\/2023\/04\/ordorica.jpg","contentUrl":"https:\/\/fuentesfidedignas.com.mx\/wp-content\/uploads\/2023\/04\/ordorica.jpg","width":625,"height":936},{"@type":"BreadcrumbList","@id":"https:\/\/fuentesfidedignas.com.mx\/index.php\/2023\/05\/29\/los-hijos-del-poder\/#breadcrumb","itemListElement":[{"@type":"ListItem","position":1,"name":"Inicio","item":"https:\/\/fuentesfidedignas.com.mx\/"},{"@type":"ListItem","position":2,"name":"Los hijos del poder"}]},{"@type":"WebSite","@id":"https:\/\/fuentesfidedignas.com.mx\/#website","url":"https:\/\/fuentesfidedignas.com.mx\/","name":"Fuentes Fidedignas","description":"Otro sitio realizado con WordPress","publisher":{"@id":"https:\/\/fuentesfidedignas.com.mx\/#organization"},"potentialAction":[{"@type":"SearchAction","target":{"@type":"EntryPoint","urlTemplate":"https:\/\/fuentesfidedignas.com.mx\/?s={search_term_string}"},"query-input":{"@type":"PropertyValueSpecification","valueRequired":true,"valueName":"search_term_string"}}],"inLanguage":"es"},{"@type":"Organization","@id":"https:\/\/fuentesfidedignas.com.mx\/#organization","name":"Fuentes Fidedignas","url":"https:\/\/fuentesfidedignas.com.mx\/","logo":{"@type":"ImageObject","inLanguage":"es","@id":"https:\/\/fuentesfidedignas.com.mx\/#\/schema\/logo\/image\/","url":"https:\/\/fuentesfidedignas.com.mx\/wp-content\/uploads\/2021\/04\/logo-retina.png","contentUrl":"https:\/\/fuentesfidedignas.com.mx\/wp-content\/uploads\/2021\/04\/logo-retina.png","width":280,"height":51,"caption":"Fuentes Fidedignas"},"image":{"@id":"https:\/\/fuentesfidedignas.com.mx\/#\/schema\/logo\/image\/"},"sameAs":["https:\/\/www.facebook.com\/Fuentes-Fidedignas-368234489921644","https:\/\/x.com\/fidedignas"]},{"@type":"Person","@id":"https:\/\/fuentesfidedignas.com.mx\/#\/schema\/person\/a24a4d1a5ecdf3b48c4333fa1c26269a","name":"Juan B. Ordorica","image":{"@type":"ImageObject","inLanguage":"es","@id":"https:\/\/secure.gravatar.com\/avatar\/3b5a779222e476e3d0086a106b74aee8b3fa5e6a729f32702d7b70dded76eca3?s=96&d=mm&r=g","url":"https:\/\/secure.gravatar.com\/avatar\/3b5a779222e476e3d0086a106b74aee8b3fa5e6a729f32702d7b70dded76eca3?s=96&d=mm&r=g","contentUrl":"https:\/\/secure.gravatar.com\/avatar\/3b5a779222e476e3d0086a106b74aee8b3fa5e6a729f32702d7b70dded76eca3?s=96&d=mm&r=g","caption":"Juan B. Ordorica"},"url":"https:\/\/fuentesfidedignas.com.mx\/index.php\/author\/juan-b-ordorica\/"}]}},"_links":{"self":[{"href":"https:\/\/fuentesfidedignas.com.mx\/index.php\/wp-json\/wp\/v2\/posts\/48397","targetHints":{"allow":["GET"]}}],"collection":[{"href":"https:\/\/fuentesfidedignas.com.mx\/index.php\/wp-json\/wp\/v2\/posts"}],"about":[{"href":"https:\/\/fuentesfidedignas.com.mx\/index.php\/wp-json\/wp\/v2\/types\/post"}],"author":[{"embeddable":true,"href":"https:\/\/fuentesfidedignas.com.mx\/index.php\/wp-json\/wp\/v2\/users\/90"}],"replies":[{"embeddable":true,"href":"https:\/\/fuentesfidedignas.com.mx\/index.php\/wp-json\/wp\/v2\/comments?post=48397"}],"version-history":[{"count":1,"href":"https:\/\/fuentesfidedignas.com.mx\/index.php\/wp-json\/wp\/v2\/posts\/48397\/revisions"}],"predecessor-version":[{"id":48398,"href":"https:\/\/fuentesfidedignas.com.mx\/index.php\/wp-json\/wp\/v2\/posts\/48397\/revisions\/48398"}],"wp:featuredmedia":[{"embeddable":true,"href":"https:\/\/fuentesfidedignas.com.mx\/index.php\/wp-json\/wp\/v2\/media\/45741"}],"wp:attachment":[{"href":"https:\/\/fuentesfidedignas.com.mx\/index.php\/wp-json\/wp\/v2\/media?parent=48397"}],"wp:term":[{"taxonomy":"category","embeddable":true,"href":"https:\/\/fuentesfidedignas.com.mx\/index.php\/wp-json\/wp\/v2\/categories?post=48397"},{"taxonomy":"post_tag","embeddable":true,"href":"https:\/\/fuentesfidedignas.com.mx\/index.php\/wp-json\/wp\/v2\/tags?post=48397"}],"curies":[{"name":"wp","href":"https:\/\/api.w.org\/{rel}","templated":true}]}}