{"id":4814,"date":"2021-06-11T11:30:58","date_gmt":"2021-06-11T18:30:58","guid":{"rendered":"https:\/\/fuentesfidedignas.com.mx\/?p=4814"},"modified":"2021-06-11T11:31:00","modified_gmt":"2021-06-11T18:31:00","slug":"inscribe-aun-hay-tiempo-anuncia-la-sepyc","status":"publish","type":"post","link":"https:\/\/fuentesfidedignas.com.mx\/index.php\/2021\/06\/11\/inscribe-aun-hay-tiempo-anuncia-la-sepyc\/","title":{"rendered":"\u00a1Inscribe, a\u00fan hay tiempo!, anuncia la SEPyC"},"content":{"rendered":"\n<p><strong><em>Hasta el 09 de julio permanecer\u00e1 abierta la plataforma Alumno digital y el proceso de inscripciones en escuelas de educaci\u00f3n b\u00e1sica<\/em><\/strong><\/p>\n\n\n\n<p>Culiac\u00e1n, Sin.- Ning\u00fan ni\u00f1o, ni\u00f1a o adolescente se quedar\u00e1 fuera del sistema educativo por tr\u00e1mites burocr\u00e1ticos, anunci\u00f3 el secretario de Educaci\u00f3n en Sinaloa, Juan Alfonso Mej\u00eda L\u00f3pez. Indic\u00f3 que la Secretar\u00eda de Educaci\u00f3n P\u00fablica y Cultura (SEPyC) mantendr\u00e1 abiertas las plataformas de Preinscripciones, as\u00ed como de Alumno Digital hasta el 09 de julio, para que complementen el registro y que ning\u00fan ni\u00f1o se quede sin un espacio.<\/p>\n\n\n\n<p>Mej\u00eda L\u00f3pez se\u00f1al\u00f3 que a\u00fan hay espacios disponibles en las escuelas de los niveles preescolar, primaria y secundaria de la entidad. Las madres, padres de familia o tutores pueden verificar en la plataforma de Preinscripciones en L\u00ednea y elegir el plantel que les quede m\u00e1s cerca a su domicilio o centro del trabajo de las familias.<\/p>\n\n\n\n<p>Para las y los alumnos que ya est\u00e1n preinscritos, el siguiente paso es subir a la plataforma de Alumno Digital la documentaci\u00f3n requerida: acta de nacimiento, CURP,&nbsp; comprobante de estudios (solo si no estudia en Sinaloa), cartilla de vacunaci\u00f3n, INE de padre, madre o tutor.<\/p>\n\n\n\n<p>Del 23 de marzo a la fecha, se han cargado 25 mil 820 expedientes digitales, de un total de 135 mil 304 alumnos preinscritos, que equivale a un 19 por ciento.<\/p>\n\n\n\n<p>Mej\u00eda L\u00f3pez explic\u00f3 que el objetivo de esta plataforma es facilitar el ingreso al sistema educativo sinaloense mediante la conformaci\u00f3n del expediente digital del alumno de nuevo ingreso, es decir, quienes preinscribieron en l\u00ednea a primer y segundo grado de preescolar,&nbsp; primer grado de primaria y primer grado de secundaria; adem\u00e1s, permitir\u00e1 a los padres de familia tener acceso a boletas y certificados del alumno o alumna.<\/p>\n\n\n\n<p>\u201cUna vez que ingresen a la plataforma todos los documentos que se requieren del alumno, se conforma el expediente electr\u00f3nico; este se actualizar\u00e1 de manera autom\u00e1tica con el registro acad\u00e9mico del estudiante, por lo que ser\u00e1 la \u00fanica vez que una escuela de educaci\u00f3n b\u00e1sica de Sinaloa le solicite documentos\u201d, detall\u00f3.<\/p>\n\n\n\n<p>Ingresa a Alumno Digital desde una computadora o tel\u00e9fono inteligente con acceso a internet, genera una cuenta en&nbsp;<a href=\"https:\/\/alumnodigital.sepyc.gob.mx\/\" target=\"_blank\" rel=\"noreferrer noopener\">https:\/\/alumnodigital.sepyc.gob.mx\/<\/a>, agrega al menor y sube los documentos antes mencionados.<\/p>\n\n\n\n<p>A trav\u00e9s de la Direcci\u00f3n de Planeaci\u00f3n se apoyar\u00e1 a los padres de familia que tengan dudas sobre este proceso, llamando al tel\u00e9fono directo (667) 846-42-40 o enviando un correo electr\u00f3nico a:&nbsp;<a href=\"mailto:alumno.digital@sepyc.gob.mx\" target=\"_blank\" rel=\"noreferrer noopener\">alumno.digital@sepyc.gob.mx<\/a>.<\/p>\n","protected":false},"excerpt":{"rendered":"<p>Hasta el 09 de julio permanecer\u00e1 abierta la plataforma Alumno digital y el proceso de inscripciones en escuelas de educaci\u00f3n b\u00e1sica Culiac\u00e1n, Sin.- Ning\u00fan ni\u00f1o, ni\u00f1a o adolescente se quedar\u00e1 fuera del sistema educativo por tr\u00e1mites burocr\u00e1ticos, anunci\u00f3 el secretario de Educaci\u00f3n en Sinaloa, Juan Alfonso Mej\u00eda L\u00f3pez. Indic\u00f3 que la Secretar\u00eda de Educaci\u00f3n P\u00fablica [&hellip;]<\/p>\n","protected":false},"author":4,"featured_media":4815,"comment_status":"open","ping_status":"open","sticky":false,"template":"","format":"standard","meta":{"tdm_status":"","tdm_grid_status":"","footnotes":""},"categories":[37],"tags":[752,753,324],"class_list":{"0":"post-4814","1":"post","2":"type-post","3":"status-publish","4":"format-standard","5":"has-post-thumbnail","7":"category-nota-principal","8":"tag-juan-alfonso-mejia-lopez","9":"tag-preinscripciones-en-linea","10":"tag-sepyc"},"yoast_head":"<!-- This site is optimized with the Yoast SEO plugin v27.5 - https:\/\/yoast.com\/product\/yoast-seo-wordpress\/ -->\n<title>\u00a1Inscribe, a\u00fan hay tiempo!, anuncia la SEPyC - Fuentes Fidedignas<\/title>\n<meta name=\"robots\" content=\"index, follow, max-snippet:-1, max-image-preview:large, max-video-preview:-1\" \/>\n<link rel=\"canonical\" href=\"https:\/\/fuentesfidedignas.com.mx\/index.php\/2021\/06\/11\/inscribe-aun-hay-tiempo-anuncia-la-sepyc\/\" \/>\n<meta property=\"og:locale\" content=\"es_MX\" \/>\n<meta property=\"og:type\" content=\"article\" \/>\n<meta property=\"og:title\" content=\"\u00a1Inscribe, a\u00fan hay tiempo!, anuncia la SEPyC - Fuentes Fidedignas\" \/>\n<meta property=\"og:description\" content=\"Hasta el 09 de julio permanecer\u00e1 abierta la plataforma Alumno digital y el proceso de inscripciones en escuelas de educaci\u00f3n b\u00e1sica Culiac\u00e1n, Sin.- Ning\u00fan ni\u00f1o, ni\u00f1a o adolescente se quedar\u00e1 fuera del sistema educativo por tr\u00e1mites burocr\u00e1ticos, anunci\u00f3 el secretario de Educaci\u00f3n en Sinaloa, Juan Alfonso Mej\u00eda L\u00f3pez. Indic\u00f3 que la Secretar\u00eda de Educaci\u00f3n P\u00fablica [&hellip;]\" \/>\n<meta property=\"og:url\" content=\"https:\/\/fuentesfidedignas.com.mx\/index.php\/2021\/06\/11\/inscribe-aun-hay-tiempo-anuncia-la-sepyc\/\" \/>\n<meta property=\"og:site_name\" content=\"Fuentes Fidedignas\" \/>\n<meta property=\"article:publisher\" content=\"https:\/\/www.facebook.com\/Fuentes-Fidedignas-368234489921644\" \/>\n<meta property=\"article:published_time\" content=\"2021-06-11T18:30:58+00:00\" \/>\n<meta property=\"article:modified_time\" content=\"2021-06-11T18:31:00+00:00\" \/>\n<meta property=\"og:image\" content=\"https:\/\/fuentesfidedignas.com.mx\/wp-content\/uploads\/2021\/06\/CCA-en-Sinaloa.jpeg\" \/>\n\t<meta property=\"og:image:width\" content=\"1280\" \/>\n\t<meta property=\"og:image:height\" content=\"853\" \/>\n\t<meta property=\"og:image:type\" content=\"image\/jpeg\" \/>\n<meta name=\"author\" content=\"Redacci\u00f3n\" \/>\n<meta name=\"twitter:card\" content=\"summary_large_image\" \/>\n<meta name=\"twitter:creator\" content=\"@fidedignas\" \/>\n<meta name=\"twitter:site\" content=\"@fidedignas\" \/>\n<meta name=\"twitter:label1\" content=\"Escrito por\" \/>\n\t<meta name=\"twitter:data1\" content=\"Redacci\u00f3n\" \/>\n\t<meta name=\"twitter:label2\" content=\"Tiempo de lectura\" \/>\n\t<meta name=\"twitter:data2\" content=\"2 minutos\" \/>\n<script type=\"application\/ld+json\" class=\"yoast-schema-graph\">{\"@context\":\"https:\\\/\\\/schema.org\",\"@graph\":[{\"@type\":\"Article\",\"@id\":\"https:\\\/\\\/fuentesfidedignas.com.mx\\\/index.php\\\/2021\\\/06\\\/11\\\/inscribe-aun-hay-tiempo-anuncia-la-sepyc\\\/#article\",\"isPartOf\":{\"@id\":\"https:\\\/\\\/fuentesfidedignas.com.mx\\\/index.php\\\/2021\\\/06\\\/11\\\/inscribe-aun-hay-tiempo-anuncia-la-sepyc\\\/\"},\"author\":{\"name\":\"Redacci\u00f3n\",\"@id\":\"https:\\\/\\\/fuentesfidedignas.com.mx\\\/#\\\/schema\\\/person\\\/331be9283d37198e2acd5750279085b0\"},\"headline\":\"\u00a1Inscribe, a\u00fan hay tiempo!, anuncia la SEPyC\",\"datePublished\":\"2021-06-11T18:30:58+00:00\",\"dateModified\":\"2021-06-11T18:31:00+00:00\",\"mainEntityOfPage\":{\"@id\":\"https:\\\/\\\/fuentesfidedignas.com.mx\\\/index.php\\\/2021\\\/06\\\/11\\\/inscribe-aun-hay-tiempo-anuncia-la-sepyc\\\/\"},\"wordCount\":453,\"commentCount\":0,\"publisher\":{\"@id\":\"https:\\\/\\\/fuentesfidedignas.com.mx\\\/#organization\"},\"image\":{\"@id\":\"https:\\\/\\\/fuentesfidedignas.com.mx\\\/index.php\\\/2021\\\/06\\\/11\\\/inscribe-aun-hay-tiempo-anuncia-la-sepyc\\\/#primaryimage\"},\"thumbnailUrl\":\"https:\\\/\\\/fuentesfidedignas.com.mx\\\/wp-content\\\/uploads\\\/2021\\\/06\\\/CCA-en-Sinaloa.jpeg\",\"keywords\":[\"Juan Alfonso Mej\u00eda L\u00f3pez\",\"Preinscripciones en L\u00ednea\",\"SEPyC\"],\"articleSection\":[\"NOTA PRINCIPAL\"],\"inLanguage\":\"es\",\"potentialAction\":[{\"@type\":\"CommentAction\",\"name\":\"Comment\",\"target\":[\"https:\\\/\\\/fuentesfidedignas.com.mx\\\/index.php\\\/2021\\\/06\\\/11\\\/inscribe-aun-hay-tiempo-anuncia-la-sepyc\\\/#respond\"]}]},{\"@type\":\"WebPage\",\"@id\":\"https:\\\/\\\/fuentesfidedignas.com.mx\\\/index.php\\\/2021\\\/06\\\/11\\\/inscribe-aun-hay-tiempo-anuncia-la-sepyc\\\/\",\"url\":\"https:\\\/\\\/fuentesfidedignas.com.mx\\\/index.php\\\/2021\\\/06\\\/11\\\/inscribe-aun-hay-tiempo-anuncia-la-sepyc\\\/\",\"name\":\"\u00a1Inscribe, a\u00fan hay tiempo!, anuncia la SEPyC - Fuentes Fidedignas\",\"isPartOf\":{\"@id\":\"https:\\\/\\\/fuentesfidedignas.com.mx\\\/#website\"},\"primaryImageOfPage\":{\"@id\":\"https:\\\/\\\/fuentesfidedignas.com.mx\\\/index.php\\\/2021\\\/06\\\/11\\\/inscribe-aun-hay-tiempo-anuncia-la-sepyc\\\/#primaryimage\"},\"image\":{\"@id\":\"https:\\\/\\\/fuentesfidedignas.com.mx\\\/index.php\\\/2021\\\/06\\\/11\\\/inscribe-aun-hay-tiempo-anuncia-la-sepyc\\\/#primaryimage\"},\"thumbnailUrl\":\"https:\\\/\\\/fuentesfidedignas.com.mx\\\/wp-content\\\/uploads\\\/2021\\\/06\\\/CCA-en-Sinaloa.jpeg\",\"datePublished\":\"2021-06-11T18:30:58+00:00\",\"dateModified\":\"2021-06-11T18:31:00+00:00\",\"breadcrumb\":{\"@id\":\"https:\\\/\\\/fuentesfidedignas.com.mx\\\/index.php\\\/2021\\\/06\\\/11\\\/inscribe-aun-hay-tiempo-anuncia-la-sepyc\\\/#breadcrumb\"},\"inLanguage\":\"es\",\"potentialAction\":[{\"@type\":\"ReadAction\",\"target\":[\"https:\\\/\\\/fuentesfidedignas.com.mx\\\/index.php\\\/2021\\\/06\\\/11\\\/inscribe-aun-hay-tiempo-anuncia-la-sepyc\\\/\"]}]},{\"@type\":\"ImageObject\",\"inLanguage\":\"es\",\"@id\":\"https:\\\/\\\/fuentesfidedignas.com.mx\\\/index.php\\\/2021\\\/06\\\/11\\\/inscribe-aun-hay-tiempo-anuncia-la-sepyc\\\/#primaryimage\",\"url\":\"https:\\\/\\\/fuentesfidedignas.com.mx\\\/wp-content\\\/uploads\\\/2021\\\/06\\\/CCA-en-Sinaloa.jpeg\",\"contentUrl\":\"https:\\\/\\\/fuentesfidedignas.com.mx\\\/wp-content\\\/uploads\\\/2021\\\/06\\\/CCA-en-Sinaloa.jpeg\",\"width\":1280,\"height\":853},{\"@type\":\"BreadcrumbList\",\"@id\":\"https:\\\/\\\/fuentesfidedignas.com.mx\\\/index.php\\\/2021\\\/06\\\/11\\\/inscribe-aun-hay-tiempo-anuncia-la-sepyc\\\/#breadcrumb\",\"itemListElement\":[{\"@type\":\"ListItem\",\"position\":1,\"name\":\"Inicio\",\"item\":\"https:\\\/\\\/fuentesfidedignas.com.mx\\\/\"},{\"@type\":\"ListItem\",\"position\":2,\"name\":\"\u00a1Inscribe, a\u00fan hay tiempo!, anuncia la SEPyC\"}]},{\"@type\":\"WebSite\",\"@id\":\"https:\\\/\\\/fuentesfidedignas.com.mx\\\/#website\",\"url\":\"https:\\\/\\\/fuentesfidedignas.com.mx\\\/\",\"name\":\"Fuentes Fidedignas\",\"description\":\"Otro sitio realizado con WordPress\",\"publisher\":{\"@id\":\"https:\\\/\\\/fuentesfidedignas.com.mx\\\/#organization\"},\"potentialAction\":[{\"@type\":\"SearchAction\",\"target\":{\"@type\":\"EntryPoint\",\"urlTemplate\":\"https:\\\/\\\/fuentesfidedignas.com.mx\\\/?s={search_term_string}\"},\"query-input\":{\"@type\":\"PropertyValueSpecification\",\"valueRequired\":true,\"valueName\":\"search_term_string\"}}],\"inLanguage\":\"es\"},{\"@type\":\"Organization\",\"@id\":\"https:\\\/\\\/fuentesfidedignas.com.mx\\\/#organization\",\"name\":\"Fuentes Fidedignas\",\"url\":\"https:\\\/\\\/fuentesfidedignas.com.mx\\\/\",\"logo\":{\"@type\":\"ImageObject\",\"inLanguage\":\"es\",\"@id\":\"https:\\\/\\\/fuentesfidedignas.com.mx\\\/#\\\/schema\\\/logo\\\/image\\\/\",\"url\":\"https:\\\/\\\/fuentesfidedignas.com.mx\\\/wp-content\\\/uploads\\\/2021\\\/04\\\/logo-retina.png\",\"contentUrl\":\"https:\\\/\\\/fuentesfidedignas.com.mx\\\/wp-content\\\/uploads\\\/2021\\\/04\\\/logo-retina.png\",\"width\":280,\"height\":51,\"caption\":\"Fuentes Fidedignas\"},\"image\":{\"@id\":\"https:\\\/\\\/fuentesfidedignas.com.mx\\\/#\\\/schema\\\/logo\\\/image\\\/\"},\"sameAs\":[\"https:\\\/\\\/www.facebook.com\\\/Fuentes-Fidedignas-368234489921644\",\"https:\\\/\\\/x.com\\\/fidedignas\"]},{\"@type\":\"Person\",\"@id\":\"https:\\\/\\\/fuentesfidedignas.com.mx\\\/#\\\/schema\\\/person\\\/331be9283d37198e2acd5750279085b0\",\"name\":\"Redacci\u00f3n\",\"image\":{\"@type\":\"ImageObject\",\"inLanguage\":\"es\",\"@id\":\"https:\\\/\\\/secure.gravatar.com\\\/avatar\\\/f6d8782c11d12b2d4ad3fbb6931aeab5309937a4d6cd2fc9cfaa28a6396a5aec?s=96&d=mm&r=g\",\"url\":\"https:\\\/\\\/secure.gravatar.com\\\/avatar\\\/f6d8782c11d12b2d4ad3fbb6931aeab5309937a4d6cd2fc9cfaa28a6396a5aec?s=96&d=mm&r=g\",\"contentUrl\":\"https:\\\/\\\/secure.gravatar.com\\\/avatar\\\/f6d8782c11d12b2d4ad3fbb6931aeab5309937a4d6cd2fc9cfaa28a6396a5aec?s=96&d=mm&r=g\",\"caption\":\"Redacci\u00f3n\"},\"url\":\"https:\\\/\\\/fuentesfidedignas.com.mx\\\/index.php\\\/author\\\/redaccion\\\/\"}]}<\/script>\n<!-- \/ Yoast SEO plugin. -->","yoast_head_json":{"title":"\u00a1Inscribe, a\u00fan hay tiempo!, anuncia la SEPyC - Fuentes Fidedignas","robots":{"index":"index","follow":"follow","max-snippet":"max-snippet:-1","max-image-preview":"max-image-preview:large","max-video-preview":"max-video-preview:-1"},"canonical":"https:\/\/fuentesfidedignas.com.mx\/index.php\/2021\/06\/11\/inscribe-aun-hay-tiempo-anuncia-la-sepyc\/","og_locale":"es_MX","og_type":"article","og_title":"\u00a1Inscribe, a\u00fan hay tiempo!, anuncia la SEPyC - Fuentes Fidedignas","og_description":"Hasta el 09 de julio permanecer\u00e1 abierta la plataforma Alumno digital y el proceso de inscripciones en escuelas de educaci\u00f3n b\u00e1sica Culiac\u00e1n, Sin.- Ning\u00fan ni\u00f1o, ni\u00f1a o adolescente se quedar\u00e1 fuera del sistema educativo por tr\u00e1mites burocr\u00e1ticos, anunci\u00f3 el secretario de Educaci\u00f3n en Sinaloa, Juan Alfonso Mej\u00eda L\u00f3pez. Indic\u00f3 que la Secretar\u00eda de Educaci\u00f3n P\u00fablica [&hellip;]","og_url":"https:\/\/fuentesfidedignas.com.mx\/index.php\/2021\/06\/11\/inscribe-aun-hay-tiempo-anuncia-la-sepyc\/","og_site_name":"Fuentes Fidedignas","article_publisher":"https:\/\/www.facebook.com\/Fuentes-Fidedignas-368234489921644","article_published_time":"2021-06-11T18:30:58+00:00","article_modified_time":"2021-06-11T18:31:00+00:00","og_image":[{"width":1280,"height":853,"url":"https:\/\/fuentesfidedignas.com.mx\/wp-content\/uploads\/2021\/06\/CCA-en-Sinaloa.jpeg","type":"image\/jpeg"}],"author":"Redacci\u00f3n","twitter_card":"summary_large_image","twitter_creator":"@fidedignas","twitter_site":"@fidedignas","twitter_misc":{"Escrito por":"Redacci\u00f3n","Tiempo de lectura":"2 minutos"},"schema":{"@context":"https:\/\/schema.org","@graph":[{"@type":"Article","@id":"https:\/\/fuentesfidedignas.com.mx\/index.php\/2021\/06\/11\/inscribe-aun-hay-tiempo-anuncia-la-sepyc\/#article","isPartOf":{"@id":"https:\/\/fuentesfidedignas.com.mx\/index.php\/2021\/06\/11\/inscribe-aun-hay-tiempo-anuncia-la-sepyc\/"},"author":{"name":"Redacci\u00f3n","@id":"https:\/\/fuentesfidedignas.com.mx\/#\/schema\/person\/331be9283d37198e2acd5750279085b0"},"headline":"\u00a1Inscribe, a\u00fan hay tiempo!, anuncia la SEPyC","datePublished":"2021-06-11T18:30:58+00:00","dateModified":"2021-06-11T18:31:00+00:00","mainEntityOfPage":{"@id":"https:\/\/fuentesfidedignas.com.mx\/index.php\/2021\/06\/11\/inscribe-aun-hay-tiempo-anuncia-la-sepyc\/"},"wordCount":453,"commentCount":0,"publisher":{"@id":"https:\/\/fuentesfidedignas.com.mx\/#organization"},"image":{"@id":"https:\/\/fuentesfidedignas.com.mx\/index.php\/2021\/06\/11\/inscribe-aun-hay-tiempo-anuncia-la-sepyc\/#primaryimage"},"thumbnailUrl":"https:\/\/fuentesfidedignas.com.mx\/wp-content\/uploads\/2021\/06\/CCA-en-Sinaloa.jpeg","keywords":["Juan Alfonso Mej\u00eda L\u00f3pez","Preinscripciones en L\u00ednea","SEPyC"],"articleSection":["NOTA PRINCIPAL"],"inLanguage":"es","potentialAction":[{"@type":"CommentAction","name":"Comment","target":["https:\/\/fuentesfidedignas.com.mx\/index.php\/2021\/06\/11\/inscribe-aun-hay-tiempo-anuncia-la-sepyc\/#respond"]}]},{"@type":"WebPage","@id":"https:\/\/fuentesfidedignas.com.mx\/index.php\/2021\/06\/11\/inscribe-aun-hay-tiempo-anuncia-la-sepyc\/","url":"https:\/\/fuentesfidedignas.com.mx\/index.php\/2021\/06\/11\/inscribe-aun-hay-tiempo-anuncia-la-sepyc\/","name":"\u00a1Inscribe, a\u00fan hay tiempo!, anuncia la SEPyC - Fuentes Fidedignas","isPartOf":{"@id":"https:\/\/fuentesfidedignas.com.mx\/#website"},"primaryImageOfPage":{"@id":"https:\/\/fuentesfidedignas.com.mx\/index.php\/2021\/06\/11\/inscribe-aun-hay-tiempo-anuncia-la-sepyc\/#primaryimage"},"image":{"@id":"https:\/\/fuentesfidedignas.com.mx\/index.php\/2021\/06\/11\/inscribe-aun-hay-tiempo-anuncia-la-sepyc\/#primaryimage"},"thumbnailUrl":"https:\/\/fuentesfidedignas.com.mx\/wp-content\/uploads\/2021\/06\/CCA-en-Sinaloa.jpeg","datePublished":"2021-06-11T18:30:58+00:00","dateModified":"2021-06-11T18:31:00+00:00","breadcrumb":{"@id":"https:\/\/fuentesfidedignas.com.mx\/index.php\/2021\/06\/11\/inscribe-aun-hay-tiempo-anuncia-la-sepyc\/#breadcrumb"},"inLanguage":"es","potentialAction":[{"@type":"ReadAction","target":["https:\/\/fuentesfidedignas.com.mx\/index.php\/2021\/06\/11\/inscribe-aun-hay-tiempo-anuncia-la-sepyc\/"]}]},{"@type":"ImageObject","inLanguage":"es","@id":"https:\/\/fuentesfidedignas.com.mx\/index.php\/2021\/06\/11\/inscribe-aun-hay-tiempo-anuncia-la-sepyc\/#primaryimage","url":"https:\/\/fuentesfidedignas.com.mx\/wp-content\/uploads\/2021\/06\/CCA-en-Sinaloa.jpeg","contentUrl":"https:\/\/fuentesfidedignas.com.mx\/wp-content\/uploads\/2021\/06\/CCA-en-Sinaloa.jpeg","width":1280,"height":853},{"@type":"BreadcrumbList","@id":"https:\/\/fuentesfidedignas.com.mx\/index.php\/2021\/06\/11\/inscribe-aun-hay-tiempo-anuncia-la-sepyc\/#breadcrumb","itemListElement":[{"@type":"ListItem","position":1,"name":"Inicio","item":"https:\/\/fuentesfidedignas.com.mx\/"},{"@type":"ListItem","position":2,"name":"\u00a1Inscribe, a\u00fan hay tiempo!, anuncia la SEPyC"}]},{"@type":"WebSite","@id":"https:\/\/fuentesfidedignas.com.mx\/#website","url":"https:\/\/fuentesfidedignas.com.mx\/","name":"Fuentes Fidedignas","description":"Otro sitio realizado con WordPress","publisher":{"@id":"https:\/\/fuentesfidedignas.com.mx\/#organization"},"potentialAction":[{"@type":"SearchAction","target":{"@type":"EntryPoint","urlTemplate":"https:\/\/fuentesfidedignas.com.mx\/?s={search_term_string}"},"query-input":{"@type":"PropertyValueSpecification","valueRequired":true,"valueName":"search_term_string"}}],"inLanguage":"es"},{"@type":"Organization","@id":"https:\/\/fuentesfidedignas.com.mx\/#organization","name":"Fuentes Fidedignas","url":"https:\/\/fuentesfidedignas.com.mx\/","logo":{"@type":"ImageObject","inLanguage":"es","@id":"https:\/\/fuentesfidedignas.com.mx\/#\/schema\/logo\/image\/","url":"https:\/\/fuentesfidedignas.com.mx\/wp-content\/uploads\/2021\/04\/logo-retina.png","contentUrl":"https:\/\/fuentesfidedignas.com.mx\/wp-content\/uploads\/2021\/04\/logo-retina.png","width":280,"height":51,"caption":"Fuentes Fidedignas"},"image":{"@id":"https:\/\/fuentesfidedignas.com.mx\/#\/schema\/logo\/image\/"},"sameAs":["https:\/\/www.facebook.com\/Fuentes-Fidedignas-368234489921644","https:\/\/x.com\/fidedignas"]},{"@type":"Person","@id":"https:\/\/fuentesfidedignas.com.mx\/#\/schema\/person\/331be9283d37198e2acd5750279085b0","name":"Redacci\u00f3n","image":{"@type":"ImageObject","inLanguage":"es","@id":"https:\/\/secure.gravatar.com\/avatar\/f6d8782c11d12b2d4ad3fbb6931aeab5309937a4d6cd2fc9cfaa28a6396a5aec?s=96&d=mm&r=g","url":"https:\/\/secure.gravatar.com\/avatar\/f6d8782c11d12b2d4ad3fbb6931aeab5309937a4d6cd2fc9cfaa28a6396a5aec?s=96&d=mm&r=g","contentUrl":"https:\/\/secure.gravatar.com\/avatar\/f6d8782c11d12b2d4ad3fbb6931aeab5309937a4d6cd2fc9cfaa28a6396a5aec?s=96&d=mm&r=g","caption":"Redacci\u00f3n"},"url":"https:\/\/fuentesfidedignas.com.mx\/index.php\/author\/redaccion\/"}]}},"_links":{"self":[{"href":"https:\/\/fuentesfidedignas.com.mx\/index.php\/wp-json\/wp\/v2\/posts\/4814","targetHints":{"allow":["GET"]}}],"collection":[{"href":"https:\/\/fuentesfidedignas.com.mx\/index.php\/wp-json\/wp\/v2\/posts"}],"about":[{"href":"https:\/\/fuentesfidedignas.com.mx\/index.php\/wp-json\/wp\/v2\/types\/post"}],"author":[{"embeddable":true,"href":"https:\/\/fuentesfidedignas.com.mx\/index.php\/wp-json\/wp\/v2\/users\/4"}],"replies":[{"embeddable":true,"href":"https:\/\/fuentesfidedignas.com.mx\/index.php\/wp-json\/wp\/v2\/comments?post=4814"}],"version-history":[{"count":1,"href":"https:\/\/fuentesfidedignas.com.mx\/index.php\/wp-json\/wp\/v2\/posts\/4814\/revisions"}],"predecessor-version":[{"id":4816,"href":"https:\/\/fuentesfidedignas.com.mx\/index.php\/wp-json\/wp\/v2\/posts\/4814\/revisions\/4816"}],"wp:featuredmedia":[{"embeddable":true,"href":"https:\/\/fuentesfidedignas.com.mx\/index.php\/wp-json\/wp\/v2\/media\/4815"}],"wp:attachment":[{"href":"https:\/\/fuentesfidedignas.com.mx\/index.php\/wp-json\/wp\/v2\/media?parent=4814"}],"wp:term":[{"taxonomy":"category","embeddable":true,"href":"https:\/\/fuentesfidedignas.com.mx\/index.php\/wp-json\/wp\/v2\/categories?post=4814"},{"taxonomy":"post_tag","embeddable":true,"href":"https:\/\/fuentesfidedignas.com.mx\/index.php\/wp-json\/wp\/v2\/tags?post=4814"}],"curies":[{"name":"wp","href":"https:\/\/api.w.org\/{rel}","templated":true}]}}