{"id":47966,"date":"2023-05-23T14:22:44","date_gmt":"2023-05-23T20:22:44","guid":{"rendered":"https:\/\/fuentesfidedignas.com.mx\/?p=47966"},"modified":"2023-05-23T14:22:46","modified_gmt":"2023-05-23T20:22:46","slug":"solo-por-jalon-del-orejas-del-tribunal-se-pone-a-trabajar-el-congreso-critican","status":"publish","type":"post","link":"https:\/\/fuentesfidedignas.com.mx\/index.php\/2023\/05\/23\/solo-por-jalon-del-orejas-del-tribunal-se-pone-a-trabajar-el-congreso-critican\/","title":{"rendered":"S\u00f3lo por &#8220;jal\u00f3n del orejas&#8221; del Tribunal se pone a trabajar el Congreso, critican"},"content":{"rendered":"\n<p><strong><em>El legislador Gene Boj\u00f3rquez afirm\u00f3 que tuvo que intervenir A\u00edda Inzunza, hermana del secretario general de Gobierno, para poner en cintura al presidente de la JUCOPO, Feliciano Castro <\/em><\/strong><\/p>\n\n\n\n<p>Culiac\u00e1n, Sin.- S\u00f3lo por recibir la resoluci\u00f3n del Tribunal Electoral del Estado de Sinaloa, el Congreso se puso a trabajar a marchas forzadas en comisiones para descongelar algunas iniciativas, afirm\u00f3 el diputado del Partido Sinaloense (PAS), Gene Ren\u00e9 Boj\u00f3rquez Ruiz.<\/p>\n\n\n\n<p>El legislador pasista afirm\u00f3 que tuvo que intervenir el Poder Judicial para poner en cintura al presidente de la Junta de Coordinaci\u00f3n Pol\u00edtica (JUCOPO), Feliciano Castro Mel\u00e9ndrez, y que este ordenara a trav\u00e9s de un mandato que se diera tr\u00e1mite a 22 de 41 iniciativas que el PAS demand\u00f3 ante el Tribunal Electoral para que se descongelaran.<\/p>\n\n\n\n<p>&#8220;<strong>Llama basura legislativa a estas iniciativas del Partido Sinaloense. Pero por fin lo pusieron en orden, por fin lo pusieron en cintura al diputado Feliciano Castro Mel\u00e9ndrez y por fin lo pusieron a trabajar. Y adivinen qui\u00e9n lo tuvo que poner a trabajar, nada m\u00e1s y nada menos que la hermana del secretario general de Gobierno, Enrique Inzunza<\/strong> <strong>Cazarez, la magistrada A\u00edda Inzunza<\/strong>&#8220;, detall\u00f3 Boj\u00f3rquez Ruiz.<\/p>\n\n\n\n<iframe loading=\"lazy\" src=\"https:\/\/www.facebook.com\/plugins\/video.php?height=314&#038;href=https%3A%2F%2Fweb.facebook.com%2F100050497569358%2Fvideos%2F215781707890997%2F&#038;show_text=false&#038;width=560&#038;t=0\" width=\"560\" height=\"314\" style=\"border:none;overflow:hidden\" scrolling=\"no\" frameborder=\"0\" allowfullscreen=\"true\" allow=\"autoplay; clipboard-write; encrypted-media; picture-in-picture; web-share\" allowFullScreen=\"true\"><\/iframe>\n\n\n\n<p>El diputado indic\u00f3 que de 41 demandas interpuestas, ya se obtuvo una resoluci\u00f3n a favor del PAS para que se les d\u00e9 tr\u00e1mite en el Poder Legislativo a trav\u00e9s de diferentes comisiones. &#8220;<strong>Ya se pusieron a trabajar a la comisiones de Planeaci\u00f3n y Desarrollo; de Hacienda P\u00fablica y Administraci\u00f3n; de Salud y Asistencia Social; de Derechos Humanos. Ya est\u00e1n trabajando en torno a lo que no se hab\u00eda trabajado en todo este tiempo<\/strong>&#8220;.<\/p>\n","protected":false},"excerpt":{"rendered":"<p>El legislador Gene Boj\u00f3rquez afirm\u00f3 que tuvo que intervenir A\u00edda Inzunza, hermana del secretario general de Gobierno, para poner en cintura al presidente de la JUCOPO, Feliciano Castro Culiac\u00e1n, Sin.- S\u00f3lo por recibir la resoluci\u00f3n del Tribunal Electoral del Estado de Sinaloa, el Congreso se puso a trabajar a marchas forzadas en comisiones para descongelar [&hellip;]<\/p>\n","protected":false},"author":11,"featured_media":47967,"comment_status":"open","ping_status":"open","sticky":false,"template":"","format":"standard","meta":{"tdm_status":"","tdm_grid_status":"","footnotes":""},"categories":[38],"tags":[],"class_list":{"0":"post-47966","1":"post","2":"type-post","3":"status-publish","4":"format-standard","5":"has-post-thumbnail","7":"category-noticias-locales"},"yoast_head":"<!-- This site is optimized with the Yoast SEO plugin v27.5 - https:\/\/yoast.com\/product\/yoast-seo-wordpress\/ -->\n<title>S\u00f3lo por &quot;jal\u00f3n del orejas&quot; del Tribunal se pone a trabajar el Congreso, critican - Fuentes Fidedignas<\/title>\n<meta name=\"robots\" content=\"index, follow, max-snippet:-1, max-image-preview:large, max-video-preview:-1\" \/>\n<link rel=\"canonical\" href=\"https:\/\/fuentesfidedignas.com.mx\/index.php\/2023\/05\/23\/solo-por-jalon-del-orejas-del-tribunal-se-pone-a-trabajar-el-congreso-critican\/\" \/>\n<meta property=\"og:locale\" content=\"es_MX\" \/>\n<meta property=\"og:type\" content=\"article\" \/>\n<meta property=\"og:title\" content=\"S\u00f3lo por &quot;jal\u00f3n del orejas&quot; del Tribunal se pone a trabajar el Congreso, critican - Fuentes Fidedignas\" \/>\n<meta property=\"og:description\" content=\"El legislador Gene Boj\u00f3rquez afirm\u00f3 que tuvo que intervenir A\u00edda Inzunza, hermana del secretario general de Gobierno, para poner en cintura al presidente de la JUCOPO, Feliciano Castro Culiac\u00e1n, Sin.- S\u00f3lo por recibir la resoluci\u00f3n del Tribunal Electoral del Estado de Sinaloa, el Congreso se puso a trabajar a marchas forzadas en comisiones para descongelar [&hellip;]\" \/>\n<meta property=\"og:url\" content=\"https:\/\/fuentesfidedignas.com.mx\/index.php\/2023\/05\/23\/solo-por-jalon-del-orejas-del-tribunal-se-pone-a-trabajar-el-congreso-critican\/\" \/>\n<meta property=\"og:site_name\" content=\"Fuentes Fidedignas\" \/>\n<meta property=\"article:publisher\" content=\"https:\/\/www.facebook.com\/Fuentes-Fidedignas-368234489921644\" \/>\n<meta property=\"article:published_time\" content=\"2023-05-23T20:22:44+00:00\" \/>\n<meta property=\"article:modified_time\" content=\"2023-05-23T20:22:46+00:00\" \/>\n<meta property=\"og:image\" content=\"https:\/\/fuentesfidedignas.com.mx\/wp-content\/uploads\/2023\/05\/gene-23-05.jpg\" \/>\n\t<meta property=\"og:image:width\" content=\"600\" \/>\n\t<meta property=\"og:image:height\" content=\"381\" \/>\n\t<meta property=\"og:image:type\" content=\"image\/jpeg\" \/>\n<meta name=\"author\" content=\"Marissa Palafox\" \/>\n<meta name=\"twitter:card\" content=\"summary_large_image\" \/>\n<meta name=\"twitter:creator\" content=\"@fidedignas\" \/>\n<meta name=\"twitter:site\" content=\"@fidedignas\" \/>\n<meta name=\"twitter:label1\" content=\"Escrito por\" \/>\n\t<meta name=\"twitter:data1\" content=\"Marissa Palafox\" \/>\n\t<meta name=\"twitter:label2\" content=\"Tiempo de lectura\" \/>\n\t<meta name=\"twitter:data2\" content=\"2 minutos\" \/>\n<script type=\"application\/ld+json\" class=\"yoast-schema-graph\">{\"@context\":\"https:\\\/\\\/schema.org\",\"@graph\":[{\"@type\":\"Article\",\"@id\":\"https:\\\/\\\/fuentesfidedignas.com.mx\\\/index.php\\\/2023\\\/05\\\/23\\\/solo-por-jalon-del-orejas-del-tribunal-se-pone-a-trabajar-el-congreso-critican\\\/#article\",\"isPartOf\":{\"@id\":\"https:\\\/\\\/fuentesfidedignas.com.mx\\\/index.php\\\/2023\\\/05\\\/23\\\/solo-por-jalon-del-orejas-del-tribunal-se-pone-a-trabajar-el-congreso-critican\\\/\"},\"author\":{\"name\":\"Marissa Palafox\",\"@id\":\"https:\\\/\\\/fuentesfidedignas.com.mx\\\/#\\\/schema\\\/person\\\/2c10028b4a30078c05a056a215342ab9\"},\"headline\":\"S\u00f3lo por &#8220;jal\u00f3n del orejas&#8221; del Tribunal se pone a trabajar el Congreso, critican\",\"datePublished\":\"2023-05-23T20:22:44+00:00\",\"dateModified\":\"2023-05-23T20:22:46+00:00\",\"mainEntityOfPage\":{\"@id\":\"https:\\\/\\\/fuentesfidedignas.com.mx\\\/index.php\\\/2023\\\/05\\\/23\\\/solo-por-jalon-del-orejas-del-tribunal-se-pone-a-trabajar-el-congreso-critican\\\/\"},\"wordCount\":302,\"commentCount\":0,\"publisher\":{\"@id\":\"https:\\\/\\\/fuentesfidedignas.com.mx\\\/#organization\"},\"image\":{\"@id\":\"https:\\\/\\\/fuentesfidedignas.com.mx\\\/index.php\\\/2023\\\/05\\\/23\\\/solo-por-jalon-del-orejas-del-tribunal-se-pone-a-trabajar-el-congreso-critican\\\/#primaryimage\"},\"thumbnailUrl\":\"https:\\\/\\\/fuentesfidedignas.com.mx\\\/wp-content\\\/uploads\\\/2023\\\/05\\\/gene-23-05.jpg\",\"articleSection\":[\"NOTICIAS LOCALES\"],\"inLanguage\":\"es\",\"potentialAction\":[{\"@type\":\"CommentAction\",\"name\":\"Comment\",\"target\":[\"https:\\\/\\\/fuentesfidedignas.com.mx\\\/index.php\\\/2023\\\/05\\\/23\\\/solo-por-jalon-del-orejas-del-tribunal-se-pone-a-trabajar-el-congreso-critican\\\/#respond\"]}]},{\"@type\":\"WebPage\",\"@id\":\"https:\\\/\\\/fuentesfidedignas.com.mx\\\/index.php\\\/2023\\\/05\\\/23\\\/solo-por-jalon-del-orejas-del-tribunal-se-pone-a-trabajar-el-congreso-critican\\\/\",\"url\":\"https:\\\/\\\/fuentesfidedignas.com.mx\\\/index.php\\\/2023\\\/05\\\/23\\\/solo-por-jalon-del-orejas-del-tribunal-se-pone-a-trabajar-el-congreso-critican\\\/\",\"name\":\"S\u00f3lo por \\\"jal\u00f3n del orejas\\\" del Tribunal se pone a trabajar el Congreso, critican - Fuentes Fidedignas\",\"isPartOf\":{\"@id\":\"https:\\\/\\\/fuentesfidedignas.com.mx\\\/#website\"},\"primaryImageOfPage\":{\"@id\":\"https:\\\/\\\/fuentesfidedignas.com.mx\\\/index.php\\\/2023\\\/05\\\/23\\\/solo-por-jalon-del-orejas-del-tribunal-se-pone-a-trabajar-el-congreso-critican\\\/#primaryimage\"},\"image\":{\"@id\":\"https:\\\/\\\/fuentesfidedignas.com.mx\\\/index.php\\\/2023\\\/05\\\/23\\\/solo-por-jalon-del-orejas-del-tribunal-se-pone-a-trabajar-el-congreso-critican\\\/#primaryimage\"},\"thumbnailUrl\":\"https:\\\/\\\/fuentesfidedignas.com.mx\\\/wp-content\\\/uploads\\\/2023\\\/05\\\/gene-23-05.jpg\",\"datePublished\":\"2023-05-23T20:22:44+00:00\",\"dateModified\":\"2023-05-23T20:22:46+00:00\",\"breadcrumb\":{\"@id\":\"https:\\\/\\\/fuentesfidedignas.com.mx\\\/index.php\\\/2023\\\/05\\\/23\\\/solo-por-jalon-del-orejas-del-tribunal-se-pone-a-trabajar-el-congreso-critican\\\/#breadcrumb\"},\"inLanguage\":\"es\",\"potentialAction\":[{\"@type\":\"ReadAction\",\"target\":[\"https:\\\/\\\/fuentesfidedignas.com.mx\\\/index.php\\\/2023\\\/05\\\/23\\\/solo-por-jalon-del-orejas-del-tribunal-se-pone-a-trabajar-el-congreso-critican\\\/\"]}]},{\"@type\":\"ImageObject\",\"inLanguage\":\"es\",\"@id\":\"https:\\\/\\\/fuentesfidedignas.com.mx\\\/index.php\\\/2023\\\/05\\\/23\\\/solo-por-jalon-del-orejas-del-tribunal-se-pone-a-trabajar-el-congreso-critican\\\/#primaryimage\",\"url\":\"https:\\\/\\\/fuentesfidedignas.com.mx\\\/wp-content\\\/uploads\\\/2023\\\/05\\\/gene-23-05.jpg\",\"contentUrl\":\"https:\\\/\\\/fuentesfidedignas.com.mx\\\/wp-content\\\/uploads\\\/2023\\\/05\\\/gene-23-05.jpg\",\"width\":600,\"height\":381},{\"@type\":\"BreadcrumbList\",\"@id\":\"https:\\\/\\\/fuentesfidedignas.com.mx\\\/index.php\\\/2023\\\/05\\\/23\\\/solo-por-jalon-del-orejas-del-tribunal-se-pone-a-trabajar-el-congreso-critican\\\/#breadcrumb\",\"itemListElement\":[{\"@type\":\"ListItem\",\"position\":1,\"name\":\"Inicio\",\"item\":\"https:\\\/\\\/fuentesfidedignas.com.mx\\\/\"},{\"@type\":\"ListItem\",\"position\":2,\"name\":\"S\u00f3lo por &#8220;jal\u00f3n del orejas&#8221; del Tribunal se pone a trabajar el Congreso, critican\"}]},{\"@type\":\"WebSite\",\"@id\":\"https:\\\/\\\/fuentesfidedignas.com.mx\\\/#website\",\"url\":\"https:\\\/\\\/fuentesfidedignas.com.mx\\\/\",\"name\":\"Fuentes Fidedignas\",\"description\":\"Otro sitio realizado con WordPress\",\"publisher\":{\"@id\":\"https:\\\/\\\/fuentesfidedignas.com.mx\\\/#organization\"},\"potentialAction\":[{\"@type\":\"SearchAction\",\"target\":{\"@type\":\"EntryPoint\",\"urlTemplate\":\"https:\\\/\\\/fuentesfidedignas.com.mx\\\/?s={search_term_string}\"},\"query-input\":{\"@type\":\"PropertyValueSpecification\",\"valueRequired\":true,\"valueName\":\"search_term_string\"}}],\"inLanguage\":\"es\"},{\"@type\":\"Organization\",\"@id\":\"https:\\\/\\\/fuentesfidedignas.com.mx\\\/#organization\",\"name\":\"Fuentes Fidedignas\",\"url\":\"https:\\\/\\\/fuentesfidedignas.com.mx\\\/\",\"logo\":{\"@type\":\"ImageObject\",\"inLanguage\":\"es\",\"@id\":\"https:\\\/\\\/fuentesfidedignas.com.mx\\\/#\\\/schema\\\/logo\\\/image\\\/\",\"url\":\"https:\\\/\\\/fuentesfidedignas.com.mx\\\/wp-content\\\/uploads\\\/2021\\\/04\\\/logo-retina.png\",\"contentUrl\":\"https:\\\/\\\/fuentesfidedignas.com.mx\\\/wp-content\\\/uploads\\\/2021\\\/04\\\/logo-retina.png\",\"width\":280,\"height\":51,\"caption\":\"Fuentes Fidedignas\"},\"image\":{\"@id\":\"https:\\\/\\\/fuentesfidedignas.com.mx\\\/#\\\/schema\\\/logo\\\/image\\\/\"},\"sameAs\":[\"https:\\\/\\\/www.facebook.com\\\/Fuentes-Fidedignas-368234489921644\",\"https:\\\/\\\/x.com\\\/fidedignas\"]},{\"@type\":\"Person\",\"@id\":\"https:\\\/\\\/fuentesfidedignas.com.mx\\\/#\\\/schema\\\/person\\\/2c10028b4a30078c05a056a215342ab9\",\"name\":\"Marissa Palafox\",\"image\":{\"@type\":\"ImageObject\",\"inLanguage\":\"es\",\"@id\":\"https:\\\/\\\/secure.gravatar.com\\\/avatar\\\/20a43bdb2f2db10f20b22d4e98b96eb027faf98f7f76d29854dc5fab46d1cf71?s=96&d=mm&r=g\",\"url\":\"https:\\\/\\\/secure.gravatar.com\\\/avatar\\\/20a43bdb2f2db10f20b22d4e98b96eb027faf98f7f76d29854dc5fab46d1cf71?s=96&d=mm&r=g\",\"contentUrl\":\"https:\\\/\\\/secure.gravatar.com\\\/avatar\\\/20a43bdb2f2db10f20b22d4e98b96eb027faf98f7f76d29854dc5fab46d1cf71?s=96&d=mm&r=g\",\"caption\":\"Marissa Palafox\"},\"url\":\"https:\\\/\\\/fuentesfidedignas.com.mx\\\/index.php\\\/author\\\/marissa\\\/\"}]}<\/script>\n<!-- \/ Yoast SEO plugin. -->","yoast_head_json":{"title":"S\u00f3lo por \"jal\u00f3n del orejas\" del Tribunal se pone a trabajar el Congreso, critican - Fuentes Fidedignas","robots":{"index":"index","follow":"follow","max-snippet":"max-snippet:-1","max-image-preview":"max-image-preview:large","max-video-preview":"max-video-preview:-1"},"canonical":"https:\/\/fuentesfidedignas.com.mx\/index.php\/2023\/05\/23\/solo-por-jalon-del-orejas-del-tribunal-se-pone-a-trabajar-el-congreso-critican\/","og_locale":"es_MX","og_type":"article","og_title":"S\u00f3lo por \"jal\u00f3n del orejas\" del Tribunal se pone a trabajar el Congreso, critican - Fuentes Fidedignas","og_description":"El legislador Gene Boj\u00f3rquez afirm\u00f3 que tuvo que intervenir A\u00edda Inzunza, hermana del secretario general de Gobierno, para poner en cintura al presidente de la JUCOPO, Feliciano Castro Culiac\u00e1n, Sin.- S\u00f3lo por recibir la resoluci\u00f3n del Tribunal Electoral del Estado de Sinaloa, el Congreso se puso a trabajar a marchas forzadas en comisiones para descongelar [&hellip;]","og_url":"https:\/\/fuentesfidedignas.com.mx\/index.php\/2023\/05\/23\/solo-por-jalon-del-orejas-del-tribunal-se-pone-a-trabajar-el-congreso-critican\/","og_site_name":"Fuentes Fidedignas","article_publisher":"https:\/\/www.facebook.com\/Fuentes-Fidedignas-368234489921644","article_published_time":"2023-05-23T20:22:44+00:00","article_modified_time":"2023-05-23T20:22:46+00:00","og_image":[{"width":600,"height":381,"url":"https:\/\/fuentesfidedignas.com.mx\/wp-content\/uploads\/2023\/05\/gene-23-05.jpg","type":"image\/jpeg"}],"author":"Marissa Palafox","twitter_card":"summary_large_image","twitter_creator":"@fidedignas","twitter_site":"@fidedignas","twitter_misc":{"Escrito por":"Marissa Palafox","Tiempo de lectura":"2 minutos"},"schema":{"@context":"https:\/\/schema.org","@graph":[{"@type":"Article","@id":"https:\/\/fuentesfidedignas.com.mx\/index.php\/2023\/05\/23\/solo-por-jalon-del-orejas-del-tribunal-se-pone-a-trabajar-el-congreso-critican\/#article","isPartOf":{"@id":"https:\/\/fuentesfidedignas.com.mx\/index.php\/2023\/05\/23\/solo-por-jalon-del-orejas-del-tribunal-se-pone-a-trabajar-el-congreso-critican\/"},"author":{"name":"Marissa Palafox","@id":"https:\/\/fuentesfidedignas.com.mx\/#\/schema\/person\/2c10028b4a30078c05a056a215342ab9"},"headline":"S\u00f3lo por &#8220;jal\u00f3n del orejas&#8221; del Tribunal se pone a trabajar el Congreso, critican","datePublished":"2023-05-23T20:22:44+00:00","dateModified":"2023-05-23T20:22:46+00:00","mainEntityOfPage":{"@id":"https:\/\/fuentesfidedignas.com.mx\/index.php\/2023\/05\/23\/solo-por-jalon-del-orejas-del-tribunal-se-pone-a-trabajar-el-congreso-critican\/"},"wordCount":302,"commentCount":0,"publisher":{"@id":"https:\/\/fuentesfidedignas.com.mx\/#organization"},"image":{"@id":"https:\/\/fuentesfidedignas.com.mx\/index.php\/2023\/05\/23\/solo-por-jalon-del-orejas-del-tribunal-se-pone-a-trabajar-el-congreso-critican\/#primaryimage"},"thumbnailUrl":"https:\/\/fuentesfidedignas.com.mx\/wp-content\/uploads\/2023\/05\/gene-23-05.jpg","articleSection":["NOTICIAS LOCALES"],"inLanguage":"es","potentialAction":[{"@type":"CommentAction","name":"Comment","target":["https:\/\/fuentesfidedignas.com.mx\/index.php\/2023\/05\/23\/solo-por-jalon-del-orejas-del-tribunal-se-pone-a-trabajar-el-congreso-critican\/#respond"]}]},{"@type":"WebPage","@id":"https:\/\/fuentesfidedignas.com.mx\/index.php\/2023\/05\/23\/solo-por-jalon-del-orejas-del-tribunal-se-pone-a-trabajar-el-congreso-critican\/","url":"https:\/\/fuentesfidedignas.com.mx\/index.php\/2023\/05\/23\/solo-por-jalon-del-orejas-del-tribunal-se-pone-a-trabajar-el-congreso-critican\/","name":"S\u00f3lo por \"jal\u00f3n del orejas\" del Tribunal se pone a trabajar el Congreso, critican - Fuentes Fidedignas","isPartOf":{"@id":"https:\/\/fuentesfidedignas.com.mx\/#website"},"primaryImageOfPage":{"@id":"https:\/\/fuentesfidedignas.com.mx\/index.php\/2023\/05\/23\/solo-por-jalon-del-orejas-del-tribunal-se-pone-a-trabajar-el-congreso-critican\/#primaryimage"},"image":{"@id":"https:\/\/fuentesfidedignas.com.mx\/index.php\/2023\/05\/23\/solo-por-jalon-del-orejas-del-tribunal-se-pone-a-trabajar-el-congreso-critican\/#primaryimage"},"thumbnailUrl":"https:\/\/fuentesfidedignas.com.mx\/wp-content\/uploads\/2023\/05\/gene-23-05.jpg","datePublished":"2023-05-23T20:22:44+00:00","dateModified":"2023-05-23T20:22:46+00:00","breadcrumb":{"@id":"https:\/\/fuentesfidedignas.com.mx\/index.php\/2023\/05\/23\/solo-por-jalon-del-orejas-del-tribunal-se-pone-a-trabajar-el-congreso-critican\/#breadcrumb"},"inLanguage":"es","potentialAction":[{"@type":"ReadAction","target":["https:\/\/fuentesfidedignas.com.mx\/index.php\/2023\/05\/23\/solo-por-jalon-del-orejas-del-tribunal-se-pone-a-trabajar-el-congreso-critican\/"]}]},{"@type":"ImageObject","inLanguage":"es","@id":"https:\/\/fuentesfidedignas.com.mx\/index.php\/2023\/05\/23\/solo-por-jalon-del-orejas-del-tribunal-se-pone-a-trabajar-el-congreso-critican\/#primaryimage","url":"https:\/\/fuentesfidedignas.com.mx\/wp-content\/uploads\/2023\/05\/gene-23-05.jpg","contentUrl":"https:\/\/fuentesfidedignas.com.mx\/wp-content\/uploads\/2023\/05\/gene-23-05.jpg","width":600,"height":381},{"@type":"BreadcrumbList","@id":"https:\/\/fuentesfidedignas.com.mx\/index.php\/2023\/05\/23\/solo-por-jalon-del-orejas-del-tribunal-se-pone-a-trabajar-el-congreso-critican\/#breadcrumb","itemListElement":[{"@type":"ListItem","position":1,"name":"Inicio","item":"https:\/\/fuentesfidedignas.com.mx\/"},{"@type":"ListItem","position":2,"name":"S\u00f3lo por &#8220;jal\u00f3n del orejas&#8221; del Tribunal se pone a trabajar el Congreso, critican"}]},{"@type":"WebSite","@id":"https:\/\/fuentesfidedignas.com.mx\/#website","url":"https:\/\/fuentesfidedignas.com.mx\/","name":"Fuentes Fidedignas","description":"Otro sitio realizado con WordPress","publisher":{"@id":"https:\/\/fuentesfidedignas.com.mx\/#organization"},"potentialAction":[{"@type":"SearchAction","target":{"@type":"EntryPoint","urlTemplate":"https:\/\/fuentesfidedignas.com.mx\/?s={search_term_string}"},"query-input":{"@type":"PropertyValueSpecification","valueRequired":true,"valueName":"search_term_string"}}],"inLanguage":"es"},{"@type":"Organization","@id":"https:\/\/fuentesfidedignas.com.mx\/#organization","name":"Fuentes Fidedignas","url":"https:\/\/fuentesfidedignas.com.mx\/","logo":{"@type":"ImageObject","inLanguage":"es","@id":"https:\/\/fuentesfidedignas.com.mx\/#\/schema\/logo\/image\/","url":"https:\/\/fuentesfidedignas.com.mx\/wp-content\/uploads\/2021\/04\/logo-retina.png","contentUrl":"https:\/\/fuentesfidedignas.com.mx\/wp-content\/uploads\/2021\/04\/logo-retina.png","width":280,"height":51,"caption":"Fuentes Fidedignas"},"image":{"@id":"https:\/\/fuentesfidedignas.com.mx\/#\/schema\/logo\/image\/"},"sameAs":["https:\/\/www.facebook.com\/Fuentes-Fidedignas-368234489921644","https:\/\/x.com\/fidedignas"]},{"@type":"Person","@id":"https:\/\/fuentesfidedignas.com.mx\/#\/schema\/person\/2c10028b4a30078c05a056a215342ab9","name":"Marissa Palafox","image":{"@type":"ImageObject","inLanguage":"es","@id":"https:\/\/secure.gravatar.com\/avatar\/20a43bdb2f2db10f20b22d4e98b96eb027faf98f7f76d29854dc5fab46d1cf71?s=96&d=mm&r=g","url":"https:\/\/secure.gravatar.com\/avatar\/20a43bdb2f2db10f20b22d4e98b96eb027faf98f7f76d29854dc5fab46d1cf71?s=96&d=mm&r=g","contentUrl":"https:\/\/secure.gravatar.com\/avatar\/20a43bdb2f2db10f20b22d4e98b96eb027faf98f7f76d29854dc5fab46d1cf71?s=96&d=mm&r=g","caption":"Marissa Palafox"},"url":"https:\/\/fuentesfidedignas.com.mx\/index.php\/author\/marissa\/"}]}},"_links":{"self":[{"href":"https:\/\/fuentesfidedignas.com.mx\/index.php\/wp-json\/wp\/v2\/posts\/47966","targetHints":{"allow":["GET"]}}],"collection":[{"href":"https:\/\/fuentesfidedignas.com.mx\/index.php\/wp-json\/wp\/v2\/posts"}],"about":[{"href":"https:\/\/fuentesfidedignas.com.mx\/index.php\/wp-json\/wp\/v2\/types\/post"}],"author":[{"embeddable":true,"href":"https:\/\/fuentesfidedignas.com.mx\/index.php\/wp-json\/wp\/v2\/users\/11"}],"replies":[{"embeddable":true,"href":"https:\/\/fuentesfidedignas.com.mx\/index.php\/wp-json\/wp\/v2\/comments?post=47966"}],"version-history":[{"count":1,"href":"https:\/\/fuentesfidedignas.com.mx\/index.php\/wp-json\/wp\/v2\/posts\/47966\/revisions"}],"predecessor-version":[{"id":47968,"href":"https:\/\/fuentesfidedignas.com.mx\/index.php\/wp-json\/wp\/v2\/posts\/47966\/revisions\/47968"}],"wp:featuredmedia":[{"embeddable":true,"href":"https:\/\/fuentesfidedignas.com.mx\/index.php\/wp-json\/wp\/v2\/media\/47967"}],"wp:attachment":[{"href":"https:\/\/fuentesfidedignas.com.mx\/index.php\/wp-json\/wp\/v2\/media?parent=47966"}],"wp:term":[{"taxonomy":"category","embeddable":true,"href":"https:\/\/fuentesfidedignas.com.mx\/index.php\/wp-json\/wp\/v2\/categories?post=47966"},{"taxonomy":"post_tag","embeddable":true,"href":"https:\/\/fuentesfidedignas.com.mx\/index.php\/wp-json\/wp\/v2\/tags?post=47966"}],"curies":[{"name":"wp","href":"https:\/\/api.w.org\/{rel}","templated":true}]}}