{"id":47963,"date":"2023-05-23T14:01:00","date_gmt":"2023-05-23T20:01:00","guid":{"rendered":"https:\/\/fuentesfidedignas.com.mx\/?p=47963"},"modified":"2023-05-23T14:01:01","modified_gmt":"2023-05-23T20:01:01","slug":"senalan-a-marinos-por-homicidio-de-dos-jovenes-en-guasave","status":"publish","type":"post","link":"https:\/\/fuentesfidedignas.com.mx\/index.php\/2023\/05\/23\/senalan-a-marinos-por-homicidio-de-dos-jovenes-en-guasave\/","title":{"rendered":"Se\u00f1alan a marinos por homicidio de dos j\u00f3venes en Guasave"},"content":{"rendered":"\n<p><br><em><strong>Los cuerpos de dos j\u00f3venes fueron encontrados con golpes y baleados en la comunidad de Palos Verdes de Guasave<\/strong><\/em><\/p>\n\n\n\n<p>Guasave, Sin.- Elementos de la Secretar\u00eda de Marina (Semar) en Guasave, en el estado de Sinaloa, fueron se\u00f1alados por los asesinatos dos j\u00f3venes: Jorge Alfredo \u201cN\u201d de 28 a\u00f1os de edad y Alejandro Guadalupe \u201cN\u201d de 20 a\u00f1os.<\/p>\n\n\n\n<p>Familiares de los dos j\u00f3venes se manifestaron base de la Marina, instalada en el campo pesquero de Boca del R\u00edo, para exigir justicia por el caso.<\/p>\n\n\n\n<p>Medios locales detallaron que los cuerpos de los j\u00f3venes fueron localizados golpeados y baleados la madrugada de este martes 23 de mayo, en la comunidad de&nbsp;<strong>Palos<\/strong>&nbsp;<strong>Verdes&nbsp;<\/strong>de Guasave.<\/p>\n\n\n\n<p>Los deudos detallaron que horas antes,&nbsp;una de las&nbsp;v\u00edctimas&nbsp;dijo que hab\u00eda sido detenida en un ret\u00e9n de la&nbsp;Marina, justo cuando volv\u00eda de visitar a su novia.<\/p>\n\n\n\n<p>Con pancartas en mano y gritos de justicia, los manifestantes exigieron a las autoridades navales dar la cara por estos dos homicidios.<\/p>\n\n\n\n<p>Los familiares tambi\u00e9n se manifestaron afuera del Palacio Municipal de Guasave, en demanda de que el alcalde,&nbsp;<strong>Mart\u00edn Ahumada Quintero<\/strong>, intervenga por estos hechos.<\/p>\n","protected":false},"excerpt":{"rendered":"<p>Los cuerpos de dos j\u00f3venes fueron encontrados con golpes y baleados en la comunidad de Palos Verdes de Guasave Guasave, Sin.- Elementos de la Secretar\u00eda de Marina (Semar) en Guasave, en el estado de Sinaloa, fueron se\u00f1alados por los asesinatos dos j\u00f3venes: Jorge Alfredo \u201cN\u201d de 28 a\u00f1os de edad y Alejandro Guadalupe \u201cN\u201d de [&hellip;]<\/p>\n","protected":false},"author":47,"featured_media":47964,"comment_status":"open","ping_status":"open","sticky":false,"template":"","format":"standard","meta":{"tdm_status":"","tdm_grid_status":"","footnotes":""},"categories":[37],"tags":[],"class_list":{"0":"post-47963","1":"post","2":"type-post","3":"status-publish","4":"format-standard","5":"has-post-thumbnail","7":"category-nota-principal"},"yoast_head":"<!-- This site is optimized with the Yoast SEO plugin v27.5 - https:\/\/yoast.com\/product\/yoast-seo-wordpress\/ -->\n<title>Se\u00f1alan a marinos por homicidio de dos j\u00f3venes en Guasave - Fuentes Fidedignas<\/title>\n<meta name=\"robots\" content=\"index, follow, max-snippet:-1, max-image-preview:large, max-video-preview:-1\" \/>\n<link rel=\"canonical\" href=\"https:\/\/fuentesfidedignas.com.mx\/index.php\/2023\/05\/23\/senalan-a-marinos-por-homicidio-de-dos-jovenes-en-guasave\/\" \/>\n<meta property=\"og:locale\" content=\"es_MX\" \/>\n<meta property=\"og:type\" content=\"article\" \/>\n<meta property=\"og:title\" content=\"Se\u00f1alan a marinos por homicidio de dos j\u00f3venes en Guasave - Fuentes Fidedignas\" \/>\n<meta property=\"og:description\" content=\"Los cuerpos de dos j\u00f3venes fueron encontrados con golpes y baleados en la comunidad de Palos Verdes de Guasave Guasave, Sin.- Elementos de la Secretar\u00eda de Marina (Semar) en Guasave, en el estado de Sinaloa, fueron se\u00f1alados por los asesinatos dos j\u00f3venes: Jorge Alfredo \u201cN\u201d de 28 a\u00f1os de edad y Alejandro Guadalupe \u201cN\u201d de [&hellip;]\" \/>\n<meta property=\"og:url\" content=\"https:\/\/fuentesfidedignas.com.mx\/index.php\/2023\/05\/23\/senalan-a-marinos-por-homicidio-de-dos-jovenes-en-guasave\/\" \/>\n<meta property=\"og:site_name\" content=\"Fuentes Fidedignas\" \/>\n<meta property=\"article:publisher\" content=\"https:\/\/www.facebook.com\/Fuentes-Fidedignas-368234489921644\" \/>\n<meta property=\"article:published_time\" content=\"2023-05-23T20:01:00+00:00\" \/>\n<meta property=\"article:modified_time\" content=\"2023-05-23T20:01:01+00:00\" \/>\n<meta property=\"og:image\" content=\"https:\/\/fuentesfidedignas.com.mx\/wp-content\/uploads\/2023\/05\/secretaria-marina.jpg\" \/>\n\t<meta property=\"og:image:width\" content=\"600\" \/>\n\t<meta property=\"og:image:height\" content=\"310\" \/>\n\t<meta property=\"og:image:type\" content=\"image\/jpeg\" \/>\n<meta name=\"author\" content=\"L\u00f3pez D\u00f3riga\" \/>\n<meta name=\"twitter:card\" content=\"summary_large_image\" \/>\n<meta name=\"twitter:creator\" content=\"@fidedignas\" \/>\n<meta name=\"twitter:site\" content=\"@fidedignas\" \/>\n<meta name=\"twitter:label1\" content=\"Escrito por\" \/>\n\t<meta name=\"twitter:data1\" content=\"L\u00f3pez D\u00f3riga\" \/>\n\t<meta name=\"twitter:label2\" content=\"Tiempo de lectura\" \/>\n\t<meta name=\"twitter:data2\" content=\"1 minuto\" \/>\n<script type=\"application\/ld+json\" class=\"yoast-schema-graph\">{\"@context\":\"https:\\\/\\\/schema.org\",\"@graph\":[{\"@type\":\"Article\",\"@id\":\"https:\\\/\\\/fuentesfidedignas.com.mx\\\/index.php\\\/2023\\\/05\\\/23\\\/senalan-a-marinos-por-homicidio-de-dos-jovenes-en-guasave\\\/#article\",\"isPartOf\":{\"@id\":\"https:\\\/\\\/fuentesfidedignas.com.mx\\\/index.php\\\/2023\\\/05\\\/23\\\/senalan-a-marinos-por-homicidio-de-dos-jovenes-en-guasave\\\/\"},\"author\":{\"name\":\"L\u00f3pez D\u00f3riga\",\"@id\":\"https:\\\/\\\/fuentesfidedignas.com.mx\\\/#\\\/schema\\\/person\\\/67d852f0557c8509146a4b9ddebd543a\"},\"headline\":\"Se\u00f1alan a marinos por homicidio de dos j\u00f3venes en Guasave\",\"datePublished\":\"2023-05-23T20:01:00+00:00\",\"dateModified\":\"2023-05-23T20:01:01+00:00\",\"mainEntityOfPage\":{\"@id\":\"https:\\\/\\\/fuentesfidedignas.com.mx\\\/index.php\\\/2023\\\/05\\\/23\\\/senalan-a-marinos-por-homicidio-de-dos-jovenes-en-guasave\\\/\"},\"wordCount\":221,\"commentCount\":0,\"publisher\":{\"@id\":\"https:\\\/\\\/fuentesfidedignas.com.mx\\\/#organization\"},\"image\":{\"@id\":\"https:\\\/\\\/fuentesfidedignas.com.mx\\\/index.php\\\/2023\\\/05\\\/23\\\/senalan-a-marinos-por-homicidio-de-dos-jovenes-en-guasave\\\/#primaryimage\"},\"thumbnailUrl\":\"https:\\\/\\\/fuentesfidedignas.com.mx\\\/wp-content\\\/uploads\\\/2023\\\/05\\\/secretaria-marina.jpg\",\"articleSection\":[\"NOTA PRINCIPAL\"],\"inLanguage\":\"es\",\"potentialAction\":[{\"@type\":\"CommentAction\",\"name\":\"Comment\",\"target\":[\"https:\\\/\\\/fuentesfidedignas.com.mx\\\/index.php\\\/2023\\\/05\\\/23\\\/senalan-a-marinos-por-homicidio-de-dos-jovenes-en-guasave\\\/#respond\"]}]},{\"@type\":\"WebPage\",\"@id\":\"https:\\\/\\\/fuentesfidedignas.com.mx\\\/index.php\\\/2023\\\/05\\\/23\\\/senalan-a-marinos-por-homicidio-de-dos-jovenes-en-guasave\\\/\",\"url\":\"https:\\\/\\\/fuentesfidedignas.com.mx\\\/index.php\\\/2023\\\/05\\\/23\\\/senalan-a-marinos-por-homicidio-de-dos-jovenes-en-guasave\\\/\",\"name\":\"Se\u00f1alan a marinos por homicidio de dos j\u00f3venes en Guasave - Fuentes Fidedignas\",\"isPartOf\":{\"@id\":\"https:\\\/\\\/fuentesfidedignas.com.mx\\\/#website\"},\"primaryImageOfPage\":{\"@id\":\"https:\\\/\\\/fuentesfidedignas.com.mx\\\/index.php\\\/2023\\\/05\\\/23\\\/senalan-a-marinos-por-homicidio-de-dos-jovenes-en-guasave\\\/#primaryimage\"},\"image\":{\"@id\":\"https:\\\/\\\/fuentesfidedignas.com.mx\\\/index.php\\\/2023\\\/05\\\/23\\\/senalan-a-marinos-por-homicidio-de-dos-jovenes-en-guasave\\\/#primaryimage\"},\"thumbnailUrl\":\"https:\\\/\\\/fuentesfidedignas.com.mx\\\/wp-content\\\/uploads\\\/2023\\\/05\\\/secretaria-marina.jpg\",\"datePublished\":\"2023-05-23T20:01:00+00:00\",\"dateModified\":\"2023-05-23T20:01:01+00:00\",\"breadcrumb\":{\"@id\":\"https:\\\/\\\/fuentesfidedignas.com.mx\\\/index.php\\\/2023\\\/05\\\/23\\\/senalan-a-marinos-por-homicidio-de-dos-jovenes-en-guasave\\\/#breadcrumb\"},\"inLanguage\":\"es\",\"potentialAction\":[{\"@type\":\"ReadAction\",\"target\":[\"https:\\\/\\\/fuentesfidedignas.com.mx\\\/index.php\\\/2023\\\/05\\\/23\\\/senalan-a-marinos-por-homicidio-de-dos-jovenes-en-guasave\\\/\"]}]},{\"@type\":\"ImageObject\",\"inLanguage\":\"es\",\"@id\":\"https:\\\/\\\/fuentesfidedignas.com.mx\\\/index.php\\\/2023\\\/05\\\/23\\\/senalan-a-marinos-por-homicidio-de-dos-jovenes-en-guasave\\\/#primaryimage\",\"url\":\"https:\\\/\\\/fuentesfidedignas.com.mx\\\/wp-content\\\/uploads\\\/2023\\\/05\\\/secretaria-marina.jpg\",\"contentUrl\":\"https:\\\/\\\/fuentesfidedignas.com.mx\\\/wp-content\\\/uploads\\\/2023\\\/05\\\/secretaria-marina.jpg\",\"width\":600,\"height\":310},{\"@type\":\"BreadcrumbList\",\"@id\":\"https:\\\/\\\/fuentesfidedignas.com.mx\\\/index.php\\\/2023\\\/05\\\/23\\\/senalan-a-marinos-por-homicidio-de-dos-jovenes-en-guasave\\\/#breadcrumb\",\"itemListElement\":[{\"@type\":\"ListItem\",\"position\":1,\"name\":\"Inicio\",\"item\":\"https:\\\/\\\/fuentesfidedignas.com.mx\\\/\"},{\"@type\":\"ListItem\",\"position\":2,\"name\":\"Se\u00f1alan a marinos por homicidio de dos j\u00f3venes en Guasave\"}]},{\"@type\":\"WebSite\",\"@id\":\"https:\\\/\\\/fuentesfidedignas.com.mx\\\/#website\",\"url\":\"https:\\\/\\\/fuentesfidedignas.com.mx\\\/\",\"name\":\"Fuentes Fidedignas\",\"description\":\"Otro sitio realizado con WordPress\",\"publisher\":{\"@id\":\"https:\\\/\\\/fuentesfidedignas.com.mx\\\/#organization\"},\"potentialAction\":[{\"@type\":\"SearchAction\",\"target\":{\"@type\":\"EntryPoint\",\"urlTemplate\":\"https:\\\/\\\/fuentesfidedignas.com.mx\\\/?s={search_term_string}\"},\"query-input\":{\"@type\":\"PropertyValueSpecification\",\"valueRequired\":true,\"valueName\":\"search_term_string\"}}],\"inLanguage\":\"es\"},{\"@type\":\"Organization\",\"@id\":\"https:\\\/\\\/fuentesfidedignas.com.mx\\\/#organization\",\"name\":\"Fuentes Fidedignas\",\"url\":\"https:\\\/\\\/fuentesfidedignas.com.mx\\\/\",\"logo\":{\"@type\":\"ImageObject\",\"inLanguage\":\"es\",\"@id\":\"https:\\\/\\\/fuentesfidedignas.com.mx\\\/#\\\/schema\\\/logo\\\/image\\\/\",\"url\":\"https:\\\/\\\/fuentesfidedignas.com.mx\\\/wp-content\\\/uploads\\\/2021\\\/04\\\/logo-retina.png\",\"contentUrl\":\"https:\\\/\\\/fuentesfidedignas.com.mx\\\/wp-content\\\/uploads\\\/2021\\\/04\\\/logo-retina.png\",\"width\":280,\"height\":51,\"caption\":\"Fuentes Fidedignas\"},\"image\":{\"@id\":\"https:\\\/\\\/fuentesfidedignas.com.mx\\\/#\\\/schema\\\/logo\\\/image\\\/\"},\"sameAs\":[\"https:\\\/\\\/www.facebook.com\\\/Fuentes-Fidedignas-368234489921644\",\"https:\\\/\\\/x.com\\\/fidedignas\"]},{\"@type\":\"Person\",\"@id\":\"https:\\\/\\\/fuentesfidedignas.com.mx\\\/#\\\/schema\\\/person\\\/67d852f0557c8509146a4b9ddebd543a\",\"name\":\"L\u00f3pez D\u00f3riga\",\"image\":{\"@type\":\"ImageObject\",\"inLanguage\":\"es\",\"@id\":\"https:\\\/\\\/secure.gravatar.com\\\/avatar\\\/e525b06574ca18b33cded59dfe5778d6c823b9513154eff47da551b0551bdd1e?s=96&d=mm&r=g\",\"url\":\"https:\\\/\\\/secure.gravatar.com\\\/avatar\\\/e525b06574ca18b33cded59dfe5778d6c823b9513154eff47da551b0551bdd1e?s=96&d=mm&r=g\",\"contentUrl\":\"https:\\\/\\\/secure.gravatar.com\\\/avatar\\\/e525b06574ca18b33cded59dfe5778d6c823b9513154eff47da551b0551bdd1e?s=96&d=mm&r=g\",\"caption\":\"L\u00f3pez D\u00f3riga\"},\"url\":\"https:\\\/\\\/fuentesfidedignas.com.mx\\\/index.php\\\/author\\\/doriga\\\/\"}]}<\/script>\n<!-- \/ Yoast SEO plugin. -->","yoast_head_json":{"title":"Se\u00f1alan a marinos por homicidio de dos j\u00f3venes en Guasave - Fuentes Fidedignas","robots":{"index":"index","follow":"follow","max-snippet":"max-snippet:-1","max-image-preview":"max-image-preview:large","max-video-preview":"max-video-preview:-1"},"canonical":"https:\/\/fuentesfidedignas.com.mx\/index.php\/2023\/05\/23\/senalan-a-marinos-por-homicidio-de-dos-jovenes-en-guasave\/","og_locale":"es_MX","og_type":"article","og_title":"Se\u00f1alan a marinos por homicidio de dos j\u00f3venes en Guasave - Fuentes Fidedignas","og_description":"Los cuerpos de dos j\u00f3venes fueron encontrados con golpes y baleados en la comunidad de Palos Verdes de Guasave Guasave, Sin.- Elementos de la Secretar\u00eda de Marina (Semar) en Guasave, en el estado de Sinaloa, fueron se\u00f1alados por los asesinatos dos j\u00f3venes: Jorge Alfredo \u201cN\u201d de 28 a\u00f1os de edad y Alejandro Guadalupe \u201cN\u201d de [&hellip;]","og_url":"https:\/\/fuentesfidedignas.com.mx\/index.php\/2023\/05\/23\/senalan-a-marinos-por-homicidio-de-dos-jovenes-en-guasave\/","og_site_name":"Fuentes Fidedignas","article_publisher":"https:\/\/www.facebook.com\/Fuentes-Fidedignas-368234489921644","article_published_time":"2023-05-23T20:01:00+00:00","article_modified_time":"2023-05-23T20:01:01+00:00","og_image":[{"width":600,"height":310,"url":"https:\/\/fuentesfidedignas.com.mx\/wp-content\/uploads\/2023\/05\/secretaria-marina.jpg","type":"image\/jpeg"}],"author":"L\u00f3pez D\u00f3riga","twitter_card":"summary_large_image","twitter_creator":"@fidedignas","twitter_site":"@fidedignas","twitter_misc":{"Escrito por":"L\u00f3pez D\u00f3riga","Tiempo de lectura":"1 minuto"},"schema":{"@context":"https:\/\/schema.org","@graph":[{"@type":"Article","@id":"https:\/\/fuentesfidedignas.com.mx\/index.php\/2023\/05\/23\/senalan-a-marinos-por-homicidio-de-dos-jovenes-en-guasave\/#article","isPartOf":{"@id":"https:\/\/fuentesfidedignas.com.mx\/index.php\/2023\/05\/23\/senalan-a-marinos-por-homicidio-de-dos-jovenes-en-guasave\/"},"author":{"name":"L\u00f3pez D\u00f3riga","@id":"https:\/\/fuentesfidedignas.com.mx\/#\/schema\/person\/67d852f0557c8509146a4b9ddebd543a"},"headline":"Se\u00f1alan a marinos por homicidio de dos j\u00f3venes en Guasave","datePublished":"2023-05-23T20:01:00+00:00","dateModified":"2023-05-23T20:01:01+00:00","mainEntityOfPage":{"@id":"https:\/\/fuentesfidedignas.com.mx\/index.php\/2023\/05\/23\/senalan-a-marinos-por-homicidio-de-dos-jovenes-en-guasave\/"},"wordCount":221,"commentCount":0,"publisher":{"@id":"https:\/\/fuentesfidedignas.com.mx\/#organization"},"image":{"@id":"https:\/\/fuentesfidedignas.com.mx\/index.php\/2023\/05\/23\/senalan-a-marinos-por-homicidio-de-dos-jovenes-en-guasave\/#primaryimage"},"thumbnailUrl":"https:\/\/fuentesfidedignas.com.mx\/wp-content\/uploads\/2023\/05\/secretaria-marina.jpg","articleSection":["NOTA PRINCIPAL"],"inLanguage":"es","potentialAction":[{"@type":"CommentAction","name":"Comment","target":["https:\/\/fuentesfidedignas.com.mx\/index.php\/2023\/05\/23\/senalan-a-marinos-por-homicidio-de-dos-jovenes-en-guasave\/#respond"]}]},{"@type":"WebPage","@id":"https:\/\/fuentesfidedignas.com.mx\/index.php\/2023\/05\/23\/senalan-a-marinos-por-homicidio-de-dos-jovenes-en-guasave\/","url":"https:\/\/fuentesfidedignas.com.mx\/index.php\/2023\/05\/23\/senalan-a-marinos-por-homicidio-de-dos-jovenes-en-guasave\/","name":"Se\u00f1alan a marinos por homicidio de dos j\u00f3venes en Guasave - Fuentes Fidedignas","isPartOf":{"@id":"https:\/\/fuentesfidedignas.com.mx\/#website"},"primaryImageOfPage":{"@id":"https:\/\/fuentesfidedignas.com.mx\/index.php\/2023\/05\/23\/senalan-a-marinos-por-homicidio-de-dos-jovenes-en-guasave\/#primaryimage"},"image":{"@id":"https:\/\/fuentesfidedignas.com.mx\/index.php\/2023\/05\/23\/senalan-a-marinos-por-homicidio-de-dos-jovenes-en-guasave\/#primaryimage"},"thumbnailUrl":"https:\/\/fuentesfidedignas.com.mx\/wp-content\/uploads\/2023\/05\/secretaria-marina.jpg","datePublished":"2023-05-23T20:01:00+00:00","dateModified":"2023-05-23T20:01:01+00:00","breadcrumb":{"@id":"https:\/\/fuentesfidedignas.com.mx\/index.php\/2023\/05\/23\/senalan-a-marinos-por-homicidio-de-dos-jovenes-en-guasave\/#breadcrumb"},"inLanguage":"es","potentialAction":[{"@type":"ReadAction","target":["https:\/\/fuentesfidedignas.com.mx\/index.php\/2023\/05\/23\/senalan-a-marinos-por-homicidio-de-dos-jovenes-en-guasave\/"]}]},{"@type":"ImageObject","inLanguage":"es","@id":"https:\/\/fuentesfidedignas.com.mx\/index.php\/2023\/05\/23\/senalan-a-marinos-por-homicidio-de-dos-jovenes-en-guasave\/#primaryimage","url":"https:\/\/fuentesfidedignas.com.mx\/wp-content\/uploads\/2023\/05\/secretaria-marina.jpg","contentUrl":"https:\/\/fuentesfidedignas.com.mx\/wp-content\/uploads\/2023\/05\/secretaria-marina.jpg","width":600,"height":310},{"@type":"BreadcrumbList","@id":"https:\/\/fuentesfidedignas.com.mx\/index.php\/2023\/05\/23\/senalan-a-marinos-por-homicidio-de-dos-jovenes-en-guasave\/#breadcrumb","itemListElement":[{"@type":"ListItem","position":1,"name":"Inicio","item":"https:\/\/fuentesfidedignas.com.mx\/"},{"@type":"ListItem","position":2,"name":"Se\u00f1alan a marinos por homicidio de dos j\u00f3venes en Guasave"}]},{"@type":"WebSite","@id":"https:\/\/fuentesfidedignas.com.mx\/#website","url":"https:\/\/fuentesfidedignas.com.mx\/","name":"Fuentes Fidedignas","description":"Otro sitio realizado con WordPress","publisher":{"@id":"https:\/\/fuentesfidedignas.com.mx\/#organization"},"potentialAction":[{"@type":"SearchAction","target":{"@type":"EntryPoint","urlTemplate":"https:\/\/fuentesfidedignas.com.mx\/?s={search_term_string}"},"query-input":{"@type":"PropertyValueSpecification","valueRequired":true,"valueName":"search_term_string"}}],"inLanguage":"es"},{"@type":"Organization","@id":"https:\/\/fuentesfidedignas.com.mx\/#organization","name":"Fuentes Fidedignas","url":"https:\/\/fuentesfidedignas.com.mx\/","logo":{"@type":"ImageObject","inLanguage":"es","@id":"https:\/\/fuentesfidedignas.com.mx\/#\/schema\/logo\/image\/","url":"https:\/\/fuentesfidedignas.com.mx\/wp-content\/uploads\/2021\/04\/logo-retina.png","contentUrl":"https:\/\/fuentesfidedignas.com.mx\/wp-content\/uploads\/2021\/04\/logo-retina.png","width":280,"height":51,"caption":"Fuentes Fidedignas"},"image":{"@id":"https:\/\/fuentesfidedignas.com.mx\/#\/schema\/logo\/image\/"},"sameAs":["https:\/\/www.facebook.com\/Fuentes-Fidedignas-368234489921644","https:\/\/x.com\/fidedignas"]},{"@type":"Person","@id":"https:\/\/fuentesfidedignas.com.mx\/#\/schema\/person\/67d852f0557c8509146a4b9ddebd543a","name":"L\u00f3pez D\u00f3riga","image":{"@type":"ImageObject","inLanguage":"es","@id":"https:\/\/secure.gravatar.com\/avatar\/e525b06574ca18b33cded59dfe5778d6c823b9513154eff47da551b0551bdd1e?s=96&d=mm&r=g","url":"https:\/\/secure.gravatar.com\/avatar\/e525b06574ca18b33cded59dfe5778d6c823b9513154eff47da551b0551bdd1e?s=96&d=mm&r=g","contentUrl":"https:\/\/secure.gravatar.com\/avatar\/e525b06574ca18b33cded59dfe5778d6c823b9513154eff47da551b0551bdd1e?s=96&d=mm&r=g","caption":"L\u00f3pez D\u00f3riga"},"url":"https:\/\/fuentesfidedignas.com.mx\/index.php\/author\/doriga\/"}]}},"_links":{"self":[{"href":"https:\/\/fuentesfidedignas.com.mx\/index.php\/wp-json\/wp\/v2\/posts\/47963","targetHints":{"allow":["GET"]}}],"collection":[{"href":"https:\/\/fuentesfidedignas.com.mx\/index.php\/wp-json\/wp\/v2\/posts"}],"about":[{"href":"https:\/\/fuentesfidedignas.com.mx\/index.php\/wp-json\/wp\/v2\/types\/post"}],"author":[{"embeddable":true,"href":"https:\/\/fuentesfidedignas.com.mx\/index.php\/wp-json\/wp\/v2\/users\/47"}],"replies":[{"embeddable":true,"href":"https:\/\/fuentesfidedignas.com.mx\/index.php\/wp-json\/wp\/v2\/comments?post=47963"}],"version-history":[{"count":1,"href":"https:\/\/fuentesfidedignas.com.mx\/index.php\/wp-json\/wp\/v2\/posts\/47963\/revisions"}],"predecessor-version":[{"id":47965,"href":"https:\/\/fuentesfidedignas.com.mx\/index.php\/wp-json\/wp\/v2\/posts\/47963\/revisions\/47965"}],"wp:featuredmedia":[{"embeddable":true,"href":"https:\/\/fuentesfidedignas.com.mx\/index.php\/wp-json\/wp\/v2\/media\/47964"}],"wp:attachment":[{"href":"https:\/\/fuentesfidedignas.com.mx\/index.php\/wp-json\/wp\/v2\/media?parent=47963"}],"wp:term":[{"taxonomy":"category","embeddable":true,"href":"https:\/\/fuentesfidedignas.com.mx\/index.php\/wp-json\/wp\/v2\/categories?post=47963"},{"taxonomy":"post_tag","embeddable":true,"href":"https:\/\/fuentesfidedignas.com.mx\/index.php\/wp-json\/wp\/v2\/tags?post=47963"}],"curies":[{"name":"wp","href":"https:\/\/api.w.org\/{rel}","templated":true}]}}