{"id":47950,"date":"2023-05-23T13:08:34","date_gmt":"2023-05-23T19:08:34","guid":{"rendered":"https:\/\/fuentesfidedignas.com.mx\/?p=47950"},"modified":"2023-05-23T13:10:21","modified_gmt":"2023-05-23T19:10:21","slug":"con-insultos-y-contacto-fisico-sube-de-tono-el-pleito-entre-gene-bojorquez-y-pedro-lobo","status":"publish","type":"post","link":"https:\/\/fuentesfidedignas.com.mx\/index.php\/2023\/05\/23\/con-insultos-y-contacto-fisico-sube-de-tono-el-pleito-entre-gene-bojorquez-y-pedro-lobo\/","title":{"rendered":"\u00a1Con insultos y contacto f\u00edsico! Sube de tono el pleito entre Gene Boj\u00f3rquez y Pedro Lobo"},"content":{"rendered":"\n<p><strong><em>Los legisladores Gene Boj\u00f3rquez y Pedro Lobo protagonizaron un nuevo enfrentamiento, el cual esta vez subi\u00f3 m\u00e1s de tono<\/em><\/strong><\/p>\n\n\n\n<p>Culiac\u00e1n, Sin.- Con palabras altisonantes y se\u00f1alamientos subidos de tono, incluso llegando al contacto f\u00edsico, se dio un nuevo confrontamiento entre los diputados Gene Ren\u00e9 Boj\u00f3rquez Ruiz (PAS) y Pedro Alonso Villegas Lobo (MORENA), por el caso de la compra de tortillas en Universidad Aut\u00f3noma de Sinaloa.<\/p>\n\n\n\n<p>Esto despu\u00e9s de que el legislador morenista llevara a las instalaciones del Congreso del Estado un puesto de tacos, para hacer cr\u00edtica al caso de la compra de tortillas por 18 millones de pesos de la UAS durante el a\u00f1o 2020, estando en pandemia.<\/p>\n\n\n\n<iframe loading=\"lazy\" src=\"https:\/\/www.facebook.com\/plugins\/video.php?height=314&#038;href=https%3A%2F%2Fweb.facebook.com%2F100050497569358%2Fvideos%2F6467935616590875%2F&#038;show_text=false&#038;width=560&#038;t=0\" width=\"560\" height=\"314\" style=\"border:none;overflow:hidden\" scrolling=\"no\" frameborder=\"0\" allowfullscreen=\"true\" allow=\"autoplay; clipboard-write; encrypted-media; picture-in-picture; web-share\" allowFullScreen=\"true\"><\/iframe>\n\n\n\n<p>&#8220;Gato, al servicio de Feliciano Castro&#8221; y se\u00f1alamientos por el presunto video grabado en el Congreso donde se le ve teniendo relaciones sexuales, fueron s\u00f3lo algunas de las cr\u00edticas que Gene Boj\u00f3rquez hizo contra Pedro Lobo.<\/p>\n\n\n\n<p>En tanto, el diputado morenista asever\u00f3 que el legislador del PAS es un &#8220;corrupto y prestanombres&#8221;, situaci\u00f3n que se prest\u00f3 a que los \u00e1nimos subieran de tono y se llegaran a enfrentar cara a cara y hubo interacci\u00f3n f\u00edsica de por medio.<\/p>\n\n\n\n<figure class=\"wp-block-image size-full\"><img decoding=\"async\" width=\"1600\" height=\"901\" src=\"https:\/\/fuentesfidedignas.com.mx\/wp-content\/uploads\/2023\/05\/tacos-2.jpg\" alt=\"\" class=\"wp-image-47947\"\/><\/figure>\n","protected":false},"excerpt":{"rendered":"<p>Los legisladores Gene Boj\u00f3rquez y Pedro Lobo protagonizaron un nuevo enfrentamiento, el cual esta vez subi\u00f3 m\u00e1s de tono Culiac\u00e1n, Sin.- Con palabras altisonantes y se\u00f1alamientos subidos de tono, incluso llegando al contacto f\u00edsico, se dio un nuevo confrontamiento entre los diputados Gene Ren\u00e9 Boj\u00f3rquez Ruiz (PAS) y Pedro Alonso Villegas Lobo (MORENA), por el [&hellip;]<\/p>\n","protected":false},"author":11,"featured_media":47951,"comment_status":"open","ping_status":"open","sticky":false,"template":"","format":"standard","meta":{"tdm_status":"","tdm_grid_status":"","footnotes":""},"categories":[37],"tags":[],"class_list":{"0":"post-47950","1":"post","2":"type-post","3":"status-publish","4":"format-standard","5":"has-post-thumbnail","7":"category-nota-principal"},"yoast_head":"<!-- This site is optimized with the Yoast SEO plugin v27.5 - https:\/\/yoast.com\/product\/yoast-seo-wordpress\/ -->\n<title>\u00a1Con insultos y contacto f\u00edsico! Sube de tono el pleito entre Gene Boj\u00f3rquez y Pedro Lobo - Fuentes Fidedignas<\/title>\n<meta name=\"robots\" content=\"index, follow, max-snippet:-1, max-image-preview:large, max-video-preview:-1\" \/>\n<link rel=\"canonical\" href=\"https:\/\/fuentesfidedignas.com.mx\/index.php\/2023\/05\/23\/con-insultos-y-contacto-fisico-sube-de-tono-el-pleito-entre-gene-bojorquez-y-pedro-lobo\/\" \/>\n<meta property=\"og:locale\" content=\"es_MX\" \/>\n<meta property=\"og:type\" content=\"article\" \/>\n<meta property=\"og:title\" content=\"\u00a1Con insultos y contacto f\u00edsico! Sube de tono el pleito entre Gene Boj\u00f3rquez y Pedro Lobo - Fuentes Fidedignas\" \/>\n<meta property=\"og:description\" content=\"Los legisladores Gene Boj\u00f3rquez y Pedro Lobo protagonizaron un nuevo enfrentamiento, el cual esta vez subi\u00f3 m\u00e1s de tono Culiac\u00e1n, Sin.- Con palabras altisonantes y se\u00f1alamientos subidos de tono, incluso llegando al contacto f\u00edsico, se dio un nuevo confrontamiento entre los diputados Gene Ren\u00e9 Boj\u00f3rquez Ruiz (PAS) y Pedro Alonso Villegas Lobo (MORENA), por el [&hellip;]\" \/>\n<meta property=\"og:url\" content=\"https:\/\/fuentesfidedignas.com.mx\/index.php\/2023\/05\/23\/con-insultos-y-contacto-fisico-sube-de-tono-el-pleito-entre-gene-bojorquez-y-pedro-lobo\/\" \/>\n<meta property=\"og:site_name\" content=\"Fuentes Fidedignas\" \/>\n<meta property=\"article:publisher\" content=\"https:\/\/www.facebook.com\/Fuentes-Fidedignas-368234489921644\" \/>\n<meta property=\"article:published_time\" content=\"2023-05-23T19:08:34+00:00\" \/>\n<meta property=\"article:modified_time\" content=\"2023-05-23T19:10:21+00:00\" \/>\n<meta property=\"og:image\" content=\"https:\/\/fuentesfidedignas.com.mx\/wp-content\/uploads\/2023\/05\/enfrentamiento-lobo-y-gene.jpg\" \/>\n\t<meta property=\"og:image:width\" content=\"600\" \/>\n\t<meta property=\"og:image:height\" content=\"336\" \/>\n\t<meta property=\"og:image:type\" content=\"image\/jpeg\" \/>\n<meta name=\"author\" content=\"Marissa Palafox\" \/>\n<meta name=\"twitter:card\" content=\"summary_large_image\" \/>\n<meta name=\"twitter:creator\" content=\"@fidedignas\" \/>\n<meta name=\"twitter:site\" content=\"@fidedignas\" \/>\n<meta name=\"twitter:label1\" content=\"Escrito por\" \/>\n\t<meta name=\"twitter:data1\" content=\"Marissa Palafox\" \/>\n\t<meta name=\"twitter:label2\" content=\"Tiempo de lectura\" \/>\n\t<meta name=\"twitter:data2\" content=\"2 minutos\" \/>\n<script type=\"application\/ld+json\" class=\"yoast-schema-graph\">{\"@context\":\"https:\\\/\\\/schema.org\",\"@graph\":[{\"@type\":\"Article\",\"@id\":\"https:\\\/\\\/fuentesfidedignas.com.mx\\\/index.php\\\/2023\\\/05\\\/23\\\/con-insultos-y-contacto-fisico-sube-de-tono-el-pleito-entre-gene-bojorquez-y-pedro-lobo\\\/#article\",\"isPartOf\":{\"@id\":\"https:\\\/\\\/fuentesfidedignas.com.mx\\\/index.php\\\/2023\\\/05\\\/23\\\/con-insultos-y-contacto-fisico-sube-de-tono-el-pleito-entre-gene-bojorquez-y-pedro-lobo\\\/\"},\"author\":{\"name\":\"Marissa Palafox\",\"@id\":\"https:\\\/\\\/fuentesfidedignas.com.mx\\\/#\\\/schema\\\/person\\\/2c10028b4a30078c05a056a215342ab9\"},\"headline\":\"\u00a1Con insultos y contacto f\u00edsico! Sube de tono el pleito entre Gene Boj\u00f3rquez y Pedro Lobo\",\"datePublished\":\"2023-05-23T19:08:34+00:00\",\"dateModified\":\"2023-05-23T19:10:21+00:00\",\"mainEntityOfPage\":{\"@id\":\"https:\\\/\\\/fuentesfidedignas.com.mx\\\/index.php\\\/2023\\\/05\\\/23\\\/con-insultos-y-contacto-fisico-sube-de-tono-el-pleito-entre-gene-bojorquez-y-pedro-lobo\\\/\"},\"wordCount\":222,\"commentCount\":0,\"publisher\":{\"@id\":\"https:\\\/\\\/fuentesfidedignas.com.mx\\\/#organization\"},\"image\":{\"@id\":\"https:\\\/\\\/fuentesfidedignas.com.mx\\\/index.php\\\/2023\\\/05\\\/23\\\/con-insultos-y-contacto-fisico-sube-de-tono-el-pleito-entre-gene-bojorquez-y-pedro-lobo\\\/#primaryimage\"},\"thumbnailUrl\":\"https:\\\/\\\/fuentesfidedignas.com.mx\\\/wp-content\\\/uploads\\\/2023\\\/05\\\/enfrentamiento-lobo-y-gene.jpg\",\"articleSection\":[\"NOTA PRINCIPAL\"],\"inLanguage\":\"es\",\"potentialAction\":[{\"@type\":\"CommentAction\",\"name\":\"Comment\",\"target\":[\"https:\\\/\\\/fuentesfidedignas.com.mx\\\/index.php\\\/2023\\\/05\\\/23\\\/con-insultos-y-contacto-fisico-sube-de-tono-el-pleito-entre-gene-bojorquez-y-pedro-lobo\\\/#respond\"]}]},{\"@type\":\"WebPage\",\"@id\":\"https:\\\/\\\/fuentesfidedignas.com.mx\\\/index.php\\\/2023\\\/05\\\/23\\\/con-insultos-y-contacto-fisico-sube-de-tono-el-pleito-entre-gene-bojorquez-y-pedro-lobo\\\/\",\"url\":\"https:\\\/\\\/fuentesfidedignas.com.mx\\\/index.php\\\/2023\\\/05\\\/23\\\/con-insultos-y-contacto-fisico-sube-de-tono-el-pleito-entre-gene-bojorquez-y-pedro-lobo\\\/\",\"name\":\"\u00a1Con insultos y contacto f\u00edsico! Sube de tono el pleito entre Gene Boj\u00f3rquez y Pedro Lobo - Fuentes Fidedignas\",\"isPartOf\":{\"@id\":\"https:\\\/\\\/fuentesfidedignas.com.mx\\\/#website\"},\"primaryImageOfPage\":{\"@id\":\"https:\\\/\\\/fuentesfidedignas.com.mx\\\/index.php\\\/2023\\\/05\\\/23\\\/con-insultos-y-contacto-fisico-sube-de-tono-el-pleito-entre-gene-bojorquez-y-pedro-lobo\\\/#primaryimage\"},\"image\":{\"@id\":\"https:\\\/\\\/fuentesfidedignas.com.mx\\\/index.php\\\/2023\\\/05\\\/23\\\/con-insultos-y-contacto-fisico-sube-de-tono-el-pleito-entre-gene-bojorquez-y-pedro-lobo\\\/#primaryimage\"},\"thumbnailUrl\":\"https:\\\/\\\/fuentesfidedignas.com.mx\\\/wp-content\\\/uploads\\\/2023\\\/05\\\/enfrentamiento-lobo-y-gene.jpg\",\"datePublished\":\"2023-05-23T19:08:34+00:00\",\"dateModified\":\"2023-05-23T19:10:21+00:00\",\"breadcrumb\":{\"@id\":\"https:\\\/\\\/fuentesfidedignas.com.mx\\\/index.php\\\/2023\\\/05\\\/23\\\/con-insultos-y-contacto-fisico-sube-de-tono-el-pleito-entre-gene-bojorquez-y-pedro-lobo\\\/#breadcrumb\"},\"inLanguage\":\"es\",\"potentialAction\":[{\"@type\":\"ReadAction\",\"target\":[\"https:\\\/\\\/fuentesfidedignas.com.mx\\\/index.php\\\/2023\\\/05\\\/23\\\/con-insultos-y-contacto-fisico-sube-de-tono-el-pleito-entre-gene-bojorquez-y-pedro-lobo\\\/\"]}]},{\"@type\":\"ImageObject\",\"inLanguage\":\"es\",\"@id\":\"https:\\\/\\\/fuentesfidedignas.com.mx\\\/index.php\\\/2023\\\/05\\\/23\\\/con-insultos-y-contacto-fisico-sube-de-tono-el-pleito-entre-gene-bojorquez-y-pedro-lobo\\\/#primaryimage\",\"url\":\"https:\\\/\\\/fuentesfidedignas.com.mx\\\/wp-content\\\/uploads\\\/2023\\\/05\\\/enfrentamiento-lobo-y-gene.jpg\",\"contentUrl\":\"https:\\\/\\\/fuentesfidedignas.com.mx\\\/wp-content\\\/uploads\\\/2023\\\/05\\\/enfrentamiento-lobo-y-gene.jpg\",\"width\":600,\"height\":336},{\"@type\":\"BreadcrumbList\",\"@id\":\"https:\\\/\\\/fuentesfidedignas.com.mx\\\/index.php\\\/2023\\\/05\\\/23\\\/con-insultos-y-contacto-fisico-sube-de-tono-el-pleito-entre-gene-bojorquez-y-pedro-lobo\\\/#breadcrumb\",\"itemListElement\":[{\"@type\":\"ListItem\",\"position\":1,\"name\":\"Inicio\",\"item\":\"https:\\\/\\\/fuentesfidedignas.com.mx\\\/\"},{\"@type\":\"ListItem\",\"position\":2,\"name\":\"\u00a1Con insultos y contacto f\u00edsico! Sube de tono el pleito entre Gene Boj\u00f3rquez y Pedro Lobo\"}]},{\"@type\":\"WebSite\",\"@id\":\"https:\\\/\\\/fuentesfidedignas.com.mx\\\/#website\",\"url\":\"https:\\\/\\\/fuentesfidedignas.com.mx\\\/\",\"name\":\"Fuentes Fidedignas\",\"description\":\"Otro sitio realizado con WordPress\",\"publisher\":{\"@id\":\"https:\\\/\\\/fuentesfidedignas.com.mx\\\/#organization\"},\"potentialAction\":[{\"@type\":\"SearchAction\",\"target\":{\"@type\":\"EntryPoint\",\"urlTemplate\":\"https:\\\/\\\/fuentesfidedignas.com.mx\\\/?s={search_term_string}\"},\"query-input\":{\"@type\":\"PropertyValueSpecification\",\"valueRequired\":true,\"valueName\":\"search_term_string\"}}],\"inLanguage\":\"es\"},{\"@type\":\"Organization\",\"@id\":\"https:\\\/\\\/fuentesfidedignas.com.mx\\\/#organization\",\"name\":\"Fuentes Fidedignas\",\"url\":\"https:\\\/\\\/fuentesfidedignas.com.mx\\\/\",\"logo\":{\"@type\":\"ImageObject\",\"inLanguage\":\"es\",\"@id\":\"https:\\\/\\\/fuentesfidedignas.com.mx\\\/#\\\/schema\\\/logo\\\/image\\\/\",\"url\":\"https:\\\/\\\/fuentesfidedignas.com.mx\\\/wp-content\\\/uploads\\\/2021\\\/04\\\/logo-retina.png\",\"contentUrl\":\"https:\\\/\\\/fuentesfidedignas.com.mx\\\/wp-content\\\/uploads\\\/2021\\\/04\\\/logo-retina.png\",\"width\":280,\"height\":51,\"caption\":\"Fuentes Fidedignas\"},\"image\":{\"@id\":\"https:\\\/\\\/fuentesfidedignas.com.mx\\\/#\\\/schema\\\/logo\\\/image\\\/\"},\"sameAs\":[\"https:\\\/\\\/www.facebook.com\\\/Fuentes-Fidedignas-368234489921644\",\"https:\\\/\\\/x.com\\\/fidedignas\"]},{\"@type\":\"Person\",\"@id\":\"https:\\\/\\\/fuentesfidedignas.com.mx\\\/#\\\/schema\\\/person\\\/2c10028b4a30078c05a056a215342ab9\",\"name\":\"Marissa Palafox\",\"image\":{\"@type\":\"ImageObject\",\"inLanguage\":\"es\",\"@id\":\"https:\\\/\\\/secure.gravatar.com\\\/avatar\\\/20a43bdb2f2db10f20b22d4e98b96eb027faf98f7f76d29854dc5fab46d1cf71?s=96&d=mm&r=g\",\"url\":\"https:\\\/\\\/secure.gravatar.com\\\/avatar\\\/20a43bdb2f2db10f20b22d4e98b96eb027faf98f7f76d29854dc5fab46d1cf71?s=96&d=mm&r=g\",\"contentUrl\":\"https:\\\/\\\/secure.gravatar.com\\\/avatar\\\/20a43bdb2f2db10f20b22d4e98b96eb027faf98f7f76d29854dc5fab46d1cf71?s=96&d=mm&r=g\",\"caption\":\"Marissa Palafox\"},\"url\":\"https:\\\/\\\/fuentesfidedignas.com.mx\\\/index.php\\\/author\\\/marissa\\\/\"}]}<\/script>\n<!-- \/ Yoast SEO plugin. -->","yoast_head_json":{"title":"\u00a1Con insultos y contacto f\u00edsico! Sube de tono el pleito entre Gene Boj\u00f3rquez y Pedro Lobo - Fuentes Fidedignas","robots":{"index":"index","follow":"follow","max-snippet":"max-snippet:-1","max-image-preview":"max-image-preview:large","max-video-preview":"max-video-preview:-1"},"canonical":"https:\/\/fuentesfidedignas.com.mx\/index.php\/2023\/05\/23\/con-insultos-y-contacto-fisico-sube-de-tono-el-pleito-entre-gene-bojorquez-y-pedro-lobo\/","og_locale":"es_MX","og_type":"article","og_title":"\u00a1Con insultos y contacto f\u00edsico! Sube de tono el pleito entre Gene Boj\u00f3rquez y Pedro Lobo - Fuentes Fidedignas","og_description":"Los legisladores Gene Boj\u00f3rquez y Pedro Lobo protagonizaron un nuevo enfrentamiento, el cual esta vez subi\u00f3 m\u00e1s de tono Culiac\u00e1n, Sin.- Con palabras altisonantes y se\u00f1alamientos subidos de tono, incluso llegando al contacto f\u00edsico, se dio un nuevo confrontamiento entre los diputados Gene Ren\u00e9 Boj\u00f3rquez Ruiz (PAS) y Pedro Alonso Villegas Lobo (MORENA), por el [&hellip;]","og_url":"https:\/\/fuentesfidedignas.com.mx\/index.php\/2023\/05\/23\/con-insultos-y-contacto-fisico-sube-de-tono-el-pleito-entre-gene-bojorquez-y-pedro-lobo\/","og_site_name":"Fuentes Fidedignas","article_publisher":"https:\/\/www.facebook.com\/Fuentes-Fidedignas-368234489921644","article_published_time":"2023-05-23T19:08:34+00:00","article_modified_time":"2023-05-23T19:10:21+00:00","og_image":[{"width":600,"height":336,"url":"https:\/\/fuentesfidedignas.com.mx\/wp-content\/uploads\/2023\/05\/enfrentamiento-lobo-y-gene.jpg","type":"image\/jpeg"}],"author":"Marissa Palafox","twitter_card":"summary_large_image","twitter_creator":"@fidedignas","twitter_site":"@fidedignas","twitter_misc":{"Escrito por":"Marissa Palafox","Tiempo de lectura":"2 minutos"},"schema":{"@context":"https:\/\/schema.org","@graph":[{"@type":"Article","@id":"https:\/\/fuentesfidedignas.com.mx\/index.php\/2023\/05\/23\/con-insultos-y-contacto-fisico-sube-de-tono-el-pleito-entre-gene-bojorquez-y-pedro-lobo\/#article","isPartOf":{"@id":"https:\/\/fuentesfidedignas.com.mx\/index.php\/2023\/05\/23\/con-insultos-y-contacto-fisico-sube-de-tono-el-pleito-entre-gene-bojorquez-y-pedro-lobo\/"},"author":{"name":"Marissa Palafox","@id":"https:\/\/fuentesfidedignas.com.mx\/#\/schema\/person\/2c10028b4a30078c05a056a215342ab9"},"headline":"\u00a1Con insultos y contacto f\u00edsico! Sube de tono el pleito entre Gene Boj\u00f3rquez y Pedro Lobo","datePublished":"2023-05-23T19:08:34+00:00","dateModified":"2023-05-23T19:10:21+00:00","mainEntityOfPage":{"@id":"https:\/\/fuentesfidedignas.com.mx\/index.php\/2023\/05\/23\/con-insultos-y-contacto-fisico-sube-de-tono-el-pleito-entre-gene-bojorquez-y-pedro-lobo\/"},"wordCount":222,"commentCount":0,"publisher":{"@id":"https:\/\/fuentesfidedignas.com.mx\/#organization"},"image":{"@id":"https:\/\/fuentesfidedignas.com.mx\/index.php\/2023\/05\/23\/con-insultos-y-contacto-fisico-sube-de-tono-el-pleito-entre-gene-bojorquez-y-pedro-lobo\/#primaryimage"},"thumbnailUrl":"https:\/\/fuentesfidedignas.com.mx\/wp-content\/uploads\/2023\/05\/enfrentamiento-lobo-y-gene.jpg","articleSection":["NOTA PRINCIPAL"],"inLanguage":"es","potentialAction":[{"@type":"CommentAction","name":"Comment","target":["https:\/\/fuentesfidedignas.com.mx\/index.php\/2023\/05\/23\/con-insultos-y-contacto-fisico-sube-de-tono-el-pleito-entre-gene-bojorquez-y-pedro-lobo\/#respond"]}]},{"@type":"WebPage","@id":"https:\/\/fuentesfidedignas.com.mx\/index.php\/2023\/05\/23\/con-insultos-y-contacto-fisico-sube-de-tono-el-pleito-entre-gene-bojorquez-y-pedro-lobo\/","url":"https:\/\/fuentesfidedignas.com.mx\/index.php\/2023\/05\/23\/con-insultos-y-contacto-fisico-sube-de-tono-el-pleito-entre-gene-bojorquez-y-pedro-lobo\/","name":"\u00a1Con insultos y contacto f\u00edsico! Sube de tono el pleito entre Gene Boj\u00f3rquez y Pedro Lobo - Fuentes Fidedignas","isPartOf":{"@id":"https:\/\/fuentesfidedignas.com.mx\/#website"},"primaryImageOfPage":{"@id":"https:\/\/fuentesfidedignas.com.mx\/index.php\/2023\/05\/23\/con-insultos-y-contacto-fisico-sube-de-tono-el-pleito-entre-gene-bojorquez-y-pedro-lobo\/#primaryimage"},"image":{"@id":"https:\/\/fuentesfidedignas.com.mx\/index.php\/2023\/05\/23\/con-insultos-y-contacto-fisico-sube-de-tono-el-pleito-entre-gene-bojorquez-y-pedro-lobo\/#primaryimage"},"thumbnailUrl":"https:\/\/fuentesfidedignas.com.mx\/wp-content\/uploads\/2023\/05\/enfrentamiento-lobo-y-gene.jpg","datePublished":"2023-05-23T19:08:34+00:00","dateModified":"2023-05-23T19:10:21+00:00","breadcrumb":{"@id":"https:\/\/fuentesfidedignas.com.mx\/index.php\/2023\/05\/23\/con-insultos-y-contacto-fisico-sube-de-tono-el-pleito-entre-gene-bojorquez-y-pedro-lobo\/#breadcrumb"},"inLanguage":"es","potentialAction":[{"@type":"ReadAction","target":["https:\/\/fuentesfidedignas.com.mx\/index.php\/2023\/05\/23\/con-insultos-y-contacto-fisico-sube-de-tono-el-pleito-entre-gene-bojorquez-y-pedro-lobo\/"]}]},{"@type":"ImageObject","inLanguage":"es","@id":"https:\/\/fuentesfidedignas.com.mx\/index.php\/2023\/05\/23\/con-insultos-y-contacto-fisico-sube-de-tono-el-pleito-entre-gene-bojorquez-y-pedro-lobo\/#primaryimage","url":"https:\/\/fuentesfidedignas.com.mx\/wp-content\/uploads\/2023\/05\/enfrentamiento-lobo-y-gene.jpg","contentUrl":"https:\/\/fuentesfidedignas.com.mx\/wp-content\/uploads\/2023\/05\/enfrentamiento-lobo-y-gene.jpg","width":600,"height":336},{"@type":"BreadcrumbList","@id":"https:\/\/fuentesfidedignas.com.mx\/index.php\/2023\/05\/23\/con-insultos-y-contacto-fisico-sube-de-tono-el-pleito-entre-gene-bojorquez-y-pedro-lobo\/#breadcrumb","itemListElement":[{"@type":"ListItem","position":1,"name":"Inicio","item":"https:\/\/fuentesfidedignas.com.mx\/"},{"@type":"ListItem","position":2,"name":"\u00a1Con insultos y contacto f\u00edsico! Sube de tono el pleito entre Gene Boj\u00f3rquez y Pedro Lobo"}]},{"@type":"WebSite","@id":"https:\/\/fuentesfidedignas.com.mx\/#website","url":"https:\/\/fuentesfidedignas.com.mx\/","name":"Fuentes Fidedignas","description":"Otro sitio realizado con WordPress","publisher":{"@id":"https:\/\/fuentesfidedignas.com.mx\/#organization"},"potentialAction":[{"@type":"SearchAction","target":{"@type":"EntryPoint","urlTemplate":"https:\/\/fuentesfidedignas.com.mx\/?s={search_term_string}"},"query-input":{"@type":"PropertyValueSpecification","valueRequired":true,"valueName":"search_term_string"}}],"inLanguage":"es"},{"@type":"Organization","@id":"https:\/\/fuentesfidedignas.com.mx\/#organization","name":"Fuentes Fidedignas","url":"https:\/\/fuentesfidedignas.com.mx\/","logo":{"@type":"ImageObject","inLanguage":"es","@id":"https:\/\/fuentesfidedignas.com.mx\/#\/schema\/logo\/image\/","url":"https:\/\/fuentesfidedignas.com.mx\/wp-content\/uploads\/2021\/04\/logo-retina.png","contentUrl":"https:\/\/fuentesfidedignas.com.mx\/wp-content\/uploads\/2021\/04\/logo-retina.png","width":280,"height":51,"caption":"Fuentes Fidedignas"},"image":{"@id":"https:\/\/fuentesfidedignas.com.mx\/#\/schema\/logo\/image\/"},"sameAs":["https:\/\/www.facebook.com\/Fuentes-Fidedignas-368234489921644","https:\/\/x.com\/fidedignas"]},{"@type":"Person","@id":"https:\/\/fuentesfidedignas.com.mx\/#\/schema\/person\/2c10028b4a30078c05a056a215342ab9","name":"Marissa Palafox","image":{"@type":"ImageObject","inLanguage":"es","@id":"https:\/\/secure.gravatar.com\/avatar\/20a43bdb2f2db10f20b22d4e98b96eb027faf98f7f76d29854dc5fab46d1cf71?s=96&d=mm&r=g","url":"https:\/\/secure.gravatar.com\/avatar\/20a43bdb2f2db10f20b22d4e98b96eb027faf98f7f76d29854dc5fab46d1cf71?s=96&d=mm&r=g","contentUrl":"https:\/\/secure.gravatar.com\/avatar\/20a43bdb2f2db10f20b22d4e98b96eb027faf98f7f76d29854dc5fab46d1cf71?s=96&d=mm&r=g","caption":"Marissa Palafox"},"url":"https:\/\/fuentesfidedignas.com.mx\/index.php\/author\/marissa\/"}]}},"_links":{"self":[{"href":"https:\/\/fuentesfidedignas.com.mx\/index.php\/wp-json\/wp\/v2\/posts\/47950","targetHints":{"allow":["GET"]}}],"collection":[{"href":"https:\/\/fuentesfidedignas.com.mx\/index.php\/wp-json\/wp\/v2\/posts"}],"about":[{"href":"https:\/\/fuentesfidedignas.com.mx\/index.php\/wp-json\/wp\/v2\/types\/post"}],"author":[{"embeddable":true,"href":"https:\/\/fuentesfidedignas.com.mx\/index.php\/wp-json\/wp\/v2\/users\/11"}],"replies":[{"embeddable":true,"href":"https:\/\/fuentesfidedignas.com.mx\/index.php\/wp-json\/wp\/v2\/comments?post=47950"}],"version-history":[{"count":2,"href":"https:\/\/fuentesfidedignas.com.mx\/index.php\/wp-json\/wp\/v2\/posts\/47950\/revisions"}],"predecessor-version":[{"id":47953,"href":"https:\/\/fuentesfidedignas.com.mx\/index.php\/wp-json\/wp\/v2\/posts\/47950\/revisions\/47953"}],"wp:featuredmedia":[{"embeddable":true,"href":"https:\/\/fuentesfidedignas.com.mx\/index.php\/wp-json\/wp\/v2\/media\/47951"}],"wp:attachment":[{"href":"https:\/\/fuentesfidedignas.com.mx\/index.php\/wp-json\/wp\/v2\/media?parent=47950"}],"wp:term":[{"taxonomy":"category","embeddable":true,"href":"https:\/\/fuentesfidedignas.com.mx\/index.php\/wp-json\/wp\/v2\/categories?post=47950"},{"taxonomy":"post_tag","embeddable":true,"href":"https:\/\/fuentesfidedignas.com.mx\/index.php\/wp-json\/wp\/v2\/tags?post=47950"}],"curies":[{"name":"wp","href":"https:\/\/api.w.org\/{rel}","templated":true}]}}