{"id":47875,"date":"2023-05-22T16:32:04","date_gmt":"2023-05-22T22:32:04","guid":{"rendered":"https:\/\/fuentesfidedignas.com.mx\/?p=47875"},"modified":"2023-05-22T16:37:20","modified_gmt":"2023-05-22T22:37:20","slug":"invalida-corte-decreto-amlo-sobre-obras-prioritarias-como-seguridad-nacional","status":"publish","type":"post","link":"https:\/\/fuentesfidedignas.com.mx\/index.php\/2023\/05\/22\/invalida-corte-decreto-amlo-sobre-obras-prioritarias-como-seguridad-nacional\/","title":{"rendered":"Invalida Corte decreto de AMLO sobre obras prioritarias como seguridad nacional"},"content":{"rendered":"\n<p><em><strong>La Suprema Corte invalid\u00f3 la totalidad del decreto presidencial que declaraba las obras prioritarias del Gobierno como de seguridad nacional<\/strong><\/em><\/p>\n\n\n\n<p>Ciudad de M\u00e9xico.- La&nbsp;<strong>Suprema Corte de Justicia de la Naci\u00f3n<\/strong>&nbsp;(<a href=\"https:\/\/www.scjn.gob.mx\/\" target=\"_blank\" rel=\"noreferrer noopener\"><strong>SCJN<\/strong><\/a>) declar\u00f3 la&nbsp;<strong>invalidez<\/strong>&nbsp;total del&nbsp;<strong>decreto<\/strong>&nbsp;firmado por el presidente&nbsp;<strong>Andr\u00e9s Manuel L\u00f3pez Obrador<\/strong>&nbsp;que declaraba todas las&nbsp;<strong>obras prioritarias<\/strong>&nbsp;como de&nbsp;<strong>seguridad nacional e inter\u00e9s p\u00fablico<\/strong>.<\/p>\n\n\n\n<p>En sesi\u00f3n p\u00fablica este lunes, la Suprema Corte invalid\u00f3 el tambi\u00e9n denominado&nbsp;<em>decretazo<\/em>&nbsp;de L\u00f3pez Obrador por seis votos contra cinco.<\/p>\n\n\n\n<p>Se determin\u00f3 que la invalidez tiene efectos generales y no solo los de competencia del Instituto Nacional de Transparencia, Acceso a la Informaci\u00f3n y Protecci\u00f3n de Datos (INAI).<\/p>\n\n\n\n<p>Los ministros<strong>&nbsp;Norma Pi\u00f1a<\/strong>,&nbsp;<strong>Juan Luis Alc\u00e1ntara, Margarita R\u00edos Farjat, Javier Laynez, Luis Mar\u00eda Aguilar<\/strong>&nbsp;y&nbsp;<strong>Alberto P\u00e9rez Day\u00e1n<\/strong>&nbsp;votaron a favor de la invalidez total del decretazo, por lo que ninguna dependencia podr\u00e1 invocarlo.<\/p>\n\n\n\n<p><a href=\"https:\/\/lopezdoriga.com\/nacional\/invalida-corte-decreto-amlo-obras-prioritarias-seguridad-nacional\/\" target=\"_blank\" rel=\"noreferrer noopener\">El pasado 18 de mayo<\/a>, la SCJN declar\u00f3 inconstitucional el decreto del presidente L\u00f3pez Obrador, que declaraba sus obras prioritarias como de \u201cseguridad nacional\u201d, reservaba informaci\u00f3n e imped\u00eda cualquier obstrucci\u00f3n legal para frenarlas.<\/p>\n\n\n\n<p>La resoluci\u00f3n, que se aprob\u00f3 por una mayor\u00eda de ocho ministros de 11, devino de una controversia constitucional del Instituto Nacional de Transparencia, Acceso a la Informaci\u00f3n y Protecci\u00f3n de Datos Personales (Inai).<\/p>\n\n\n\n<p>Con este fallo, se quita el blindaje contra amparos y solicitudes de informaci\u00f3n que hab\u00eda emitido el mandatario mexicano en noviembre de 2021 para sus mega proyectos definidos como \u201cprioritarios y estrat\u00e9gicos\u201d.<\/p>\n\n\n\n<p>Entre ellos est\u00e1n los m\u00e1s pol\u00e9micos, como el Tren Maya y la Refiner\u00eda de Dos Bocas, en el sureste mexicano, y el Aeropuerto Internacional Felipe \u00c1ngeles para la capital del pa\u00eds.<\/p>\n\n\n\n<p>El decreto presidencial, firmado por L\u00f3pez Obrador, sosten\u00eda que su publicaci\u00f3n permit\u00eda continuar \u201ccon la ruta encaminada a impulsar y consolidar los proyectos que llevar\u00e1n como Naci\u00f3n a lograr el crecimiento econ\u00f3mico y, con ello, lograr el bienestar social\u201d.<\/p>\n\n\n\n<p>El ministro ponente de este proyecto, Juan Luis Gonz\u00e1lez, determin\u00f3 que este decreto es inconstitucional, ya que obstaculiza e inhibe derechos de los mexicanos como el acceso a la informaci\u00f3n.<\/p>\n\n\n\n<p>A\u00f1adi\u00f3 que la norma impulsada por el presidente mexicano fue amplia y ambigua, permit\u00eda la reserva de informaci\u00f3n por presuntamente comprometer la seguridad nacional, y dejaba de lado la supervisi\u00f3n del correcto gasto de recursos p\u00fablicos por la ciudadan\u00eda<\/p>\n","protected":false},"excerpt":{"rendered":"<p>La Suprema Corte invalid\u00f3 la totalidad del decreto presidencial que declaraba las obras prioritarias del Gobierno como de seguridad nacional Ciudad de M\u00e9xico.- La&nbsp;Suprema Corte de Justicia de la Naci\u00f3n&nbsp;(SCJN) declar\u00f3 la&nbsp;invalidez&nbsp;total del&nbsp;decreto&nbsp;firmado por el presidente&nbsp;Andr\u00e9s Manuel L\u00f3pez Obrador&nbsp;que declaraba todas las&nbsp;obras prioritarias&nbsp;como de&nbsp;seguridad nacional e inter\u00e9s p\u00fablico. En sesi\u00f3n p\u00fablica este lunes, la Suprema [&hellip;]<\/p>\n","protected":false},"author":47,"featured_media":47877,"comment_status":"open","ping_status":"open","sticky":false,"template":"","format":"standard","meta":{"tdm_status":"","tdm_grid_status":"","footnotes":""},"categories":[39],"tags":[],"class_list":{"0":"post-47875","1":"post","2":"type-post","3":"status-publish","4":"format-standard","5":"has-post-thumbnail","7":"category-noticias-nacionales"},"yoast_head":"<!-- This site is optimized with the Yoast SEO plugin v27.5 - https:\/\/yoast.com\/product\/yoast-seo-wordpress\/ -->\n<title>Invalida Corte decreto de AMLO sobre obras prioritarias como seguridad nacional - Fuentes Fidedignas<\/title>\n<meta name=\"robots\" content=\"index, follow, max-snippet:-1, max-image-preview:large, max-video-preview:-1\" \/>\n<link rel=\"canonical\" href=\"https:\/\/fuentesfidedignas.com.mx\/index.php\/2023\/05\/22\/invalida-corte-decreto-amlo-sobre-obras-prioritarias-como-seguridad-nacional\/\" \/>\n<meta property=\"og:locale\" content=\"es_MX\" \/>\n<meta property=\"og:type\" content=\"article\" \/>\n<meta property=\"og:title\" content=\"Invalida Corte decreto de AMLO sobre obras prioritarias como seguridad nacional - Fuentes Fidedignas\" \/>\n<meta property=\"og:description\" content=\"La Suprema Corte invalid\u00f3 la totalidad del decreto presidencial que declaraba las obras prioritarias del Gobierno como de seguridad nacional Ciudad de M\u00e9xico.- La&nbsp;Suprema Corte de Justicia de la Naci\u00f3n&nbsp;(SCJN) declar\u00f3 la&nbsp;invalidez&nbsp;total del&nbsp;decreto&nbsp;firmado por el presidente&nbsp;Andr\u00e9s Manuel L\u00f3pez Obrador&nbsp;que declaraba todas las&nbsp;obras prioritarias&nbsp;como de&nbsp;seguridad nacional e inter\u00e9s p\u00fablico. En sesi\u00f3n p\u00fablica este lunes, la Suprema [&hellip;]\" \/>\n<meta property=\"og:url\" content=\"https:\/\/fuentesfidedignas.com.mx\/index.php\/2023\/05\/22\/invalida-corte-decreto-amlo-sobre-obras-prioritarias-como-seguridad-nacional\/\" \/>\n<meta property=\"og:site_name\" content=\"Fuentes Fidedignas\" \/>\n<meta property=\"article:publisher\" content=\"https:\/\/www.facebook.com\/Fuentes-Fidedignas-368234489921644\" \/>\n<meta property=\"article:published_time\" content=\"2023-05-22T22:32:04+00:00\" \/>\n<meta property=\"article:modified_time\" content=\"2023-05-22T22:37:20+00:00\" \/>\n<meta property=\"og:image\" content=\"https:\/\/fuentesfidedignas.com.mx\/wp-content\/uploads\/2023\/05\/tramo-4-tren-maya.jpg\" \/>\n\t<meta property=\"og:image:width\" content=\"768\" \/>\n\t<meta property=\"og:image:height\" content=\"512\" \/>\n\t<meta property=\"og:image:type\" content=\"image\/jpeg\" \/>\n<meta name=\"author\" content=\"L\u00f3pez D\u00f3riga\" \/>\n<meta name=\"twitter:card\" content=\"summary_large_image\" \/>\n<meta name=\"twitter:creator\" content=\"@fidedignas\" \/>\n<meta name=\"twitter:site\" content=\"@fidedignas\" \/>\n<meta name=\"twitter:label1\" content=\"Escrito por\" \/>\n\t<meta name=\"twitter:data1\" content=\"L\u00f3pez D\u00f3riga\" \/>\n\t<meta name=\"twitter:label2\" content=\"Tiempo de lectura\" \/>\n\t<meta name=\"twitter:data2\" content=\"2 minutos\" \/>\n<script type=\"application\/ld+json\" class=\"yoast-schema-graph\">{\"@context\":\"https:\\\/\\\/schema.org\",\"@graph\":[{\"@type\":\"Article\",\"@id\":\"https:\\\/\\\/fuentesfidedignas.com.mx\\\/index.php\\\/2023\\\/05\\\/22\\\/invalida-corte-decreto-amlo-sobre-obras-prioritarias-como-seguridad-nacional\\\/#article\",\"isPartOf\":{\"@id\":\"https:\\\/\\\/fuentesfidedignas.com.mx\\\/index.php\\\/2023\\\/05\\\/22\\\/invalida-corte-decreto-amlo-sobre-obras-prioritarias-como-seguridad-nacional\\\/\"},\"author\":{\"name\":\"L\u00f3pez D\u00f3riga\",\"@id\":\"https:\\\/\\\/fuentesfidedignas.com.mx\\\/#\\\/schema\\\/person\\\/67d852f0557c8509146a4b9ddebd543a\"},\"headline\":\"Invalida Corte decreto de AMLO sobre obras prioritarias como seguridad nacional\",\"datePublished\":\"2023-05-22T22:32:04+00:00\",\"dateModified\":\"2023-05-22T22:37:20+00:00\",\"mainEntityOfPage\":{\"@id\":\"https:\\\/\\\/fuentesfidedignas.com.mx\\\/index.php\\\/2023\\\/05\\\/22\\\/invalida-corte-decreto-amlo-sobre-obras-prioritarias-como-seguridad-nacional\\\/\"},\"wordCount\":456,\"commentCount\":0,\"publisher\":{\"@id\":\"https:\\\/\\\/fuentesfidedignas.com.mx\\\/#organization\"},\"image\":{\"@id\":\"https:\\\/\\\/fuentesfidedignas.com.mx\\\/index.php\\\/2023\\\/05\\\/22\\\/invalida-corte-decreto-amlo-sobre-obras-prioritarias-como-seguridad-nacional\\\/#primaryimage\"},\"thumbnailUrl\":\"https:\\\/\\\/fuentesfidedignas.com.mx\\\/wp-content\\\/uploads\\\/2023\\\/05\\\/tramo-4-tren-maya.jpg\",\"articleSection\":[\"NOTICIAS NACIONALES\"],\"inLanguage\":\"es\",\"potentialAction\":[{\"@type\":\"CommentAction\",\"name\":\"Comment\",\"target\":[\"https:\\\/\\\/fuentesfidedignas.com.mx\\\/index.php\\\/2023\\\/05\\\/22\\\/invalida-corte-decreto-amlo-sobre-obras-prioritarias-como-seguridad-nacional\\\/#respond\"]}]},{\"@type\":\"WebPage\",\"@id\":\"https:\\\/\\\/fuentesfidedignas.com.mx\\\/index.php\\\/2023\\\/05\\\/22\\\/invalida-corte-decreto-amlo-sobre-obras-prioritarias-como-seguridad-nacional\\\/\",\"url\":\"https:\\\/\\\/fuentesfidedignas.com.mx\\\/index.php\\\/2023\\\/05\\\/22\\\/invalida-corte-decreto-amlo-sobre-obras-prioritarias-como-seguridad-nacional\\\/\",\"name\":\"Invalida Corte decreto de AMLO sobre obras prioritarias como seguridad nacional - Fuentes Fidedignas\",\"isPartOf\":{\"@id\":\"https:\\\/\\\/fuentesfidedignas.com.mx\\\/#website\"},\"primaryImageOfPage\":{\"@id\":\"https:\\\/\\\/fuentesfidedignas.com.mx\\\/index.php\\\/2023\\\/05\\\/22\\\/invalida-corte-decreto-amlo-sobre-obras-prioritarias-como-seguridad-nacional\\\/#primaryimage\"},\"image\":{\"@id\":\"https:\\\/\\\/fuentesfidedignas.com.mx\\\/index.php\\\/2023\\\/05\\\/22\\\/invalida-corte-decreto-amlo-sobre-obras-prioritarias-como-seguridad-nacional\\\/#primaryimage\"},\"thumbnailUrl\":\"https:\\\/\\\/fuentesfidedignas.com.mx\\\/wp-content\\\/uploads\\\/2023\\\/05\\\/tramo-4-tren-maya.jpg\",\"datePublished\":\"2023-05-22T22:32:04+00:00\",\"dateModified\":\"2023-05-22T22:37:20+00:00\",\"breadcrumb\":{\"@id\":\"https:\\\/\\\/fuentesfidedignas.com.mx\\\/index.php\\\/2023\\\/05\\\/22\\\/invalida-corte-decreto-amlo-sobre-obras-prioritarias-como-seguridad-nacional\\\/#breadcrumb\"},\"inLanguage\":\"es\",\"potentialAction\":[{\"@type\":\"ReadAction\",\"target\":[\"https:\\\/\\\/fuentesfidedignas.com.mx\\\/index.php\\\/2023\\\/05\\\/22\\\/invalida-corte-decreto-amlo-sobre-obras-prioritarias-como-seguridad-nacional\\\/\"]}]},{\"@type\":\"ImageObject\",\"inLanguage\":\"es\",\"@id\":\"https:\\\/\\\/fuentesfidedignas.com.mx\\\/index.php\\\/2023\\\/05\\\/22\\\/invalida-corte-decreto-amlo-sobre-obras-prioritarias-como-seguridad-nacional\\\/#primaryimage\",\"url\":\"https:\\\/\\\/fuentesfidedignas.com.mx\\\/wp-content\\\/uploads\\\/2023\\\/05\\\/tramo-4-tren-maya.jpg\",\"contentUrl\":\"https:\\\/\\\/fuentesfidedignas.com.mx\\\/wp-content\\\/uploads\\\/2023\\\/05\\\/tramo-4-tren-maya.jpg\",\"width\":768,\"height\":512},{\"@type\":\"BreadcrumbList\",\"@id\":\"https:\\\/\\\/fuentesfidedignas.com.mx\\\/index.php\\\/2023\\\/05\\\/22\\\/invalida-corte-decreto-amlo-sobre-obras-prioritarias-como-seguridad-nacional\\\/#breadcrumb\",\"itemListElement\":[{\"@type\":\"ListItem\",\"position\":1,\"name\":\"Inicio\",\"item\":\"https:\\\/\\\/fuentesfidedignas.com.mx\\\/\"},{\"@type\":\"ListItem\",\"position\":2,\"name\":\"Invalida Corte decreto de AMLO sobre obras prioritarias como seguridad nacional\"}]},{\"@type\":\"WebSite\",\"@id\":\"https:\\\/\\\/fuentesfidedignas.com.mx\\\/#website\",\"url\":\"https:\\\/\\\/fuentesfidedignas.com.mx\\\/\",\"name\":\"Fuentes Fidedignas\",\"description\":\"Otro sitio realizado con WordPress\",\"publisher\":{\"@id\":\"https:\\\/\\\/fuentesfidedignas.com.mx\\\/#organization\"},\"potentialAction\":[{\"@type\":\"SearchAction\",\"target\":{\"@type\":\"EntryPoint\",\"urlTemplate\":\"https:\\\/\\\/fuentesfidedignas.com.mx\\\/?s={search_term_string}\"},\"query-input\":{\"@type\":\"PropertyValueSpecification\",\"valueRequired\":true,\"valueName\":\"search_term_string\"}}],\"inLanguage\":\"es\"},{\"@type\":\"Organization\",\"@id\":\"https:\\\/\\\/fuentesfidedignas.com.mx\\\/#organization\",\"name\":\"Fuentes Fidedignas\",\"url\":\"https:\\\/\\\/fuentesfidedignas.com.mx\\\/\",\"logo\":{\"@type\":\"ImageObject\",\"inLanguage\":\"es\",\"@id\":\"https:\\\/\\\/fuentesfidedignas.com.mx\\\/#\\\/schema\\\/logo\\\/image\\\/\",\"url\":\"https:\\\/\\\/fuentesfidedignas.com.mx\\\/wp-content\\\/uploads\\\/2021\\\/04\\\/logo-retina.png\",\"contentUrl\":\"https:\\\/\\\/fuentesfidedignas.com.mx\\\/wp-content\\\/uploads\\\/2021\\\/04\\\/logo-retina.png\",\"width\":280,\"height\":51,\"caption\":\"Fuentes Fidedignas\"},\"image\":{\"@id\":\"https:\\\/\\\/fuentesfidedignas.com.mx\\\/#\\\/schema\\\/logo\\\/image\\\/\"},\"sameAs\":[\"https:\\\/\\\/www.facebook.com\\\/Fuentes-Fidedignas-368234489921644\",\"https:\\\/\\\/x.com\\\/fidedignas\"]},{\"@type\":\"Person\",\"@id\":\"https:\\\/\\\/fuentesfidedignas.com.mx\\\/#\\\/schema\\\/person\\\/67d852f0557c8509146a4b9ddebd543a\",\"name\":\"L\u00f3pez D\u00f3riga\",\"image\":{\"@type\":\"ImageObject\",\"inLanguage\":\"es\",\"@id\":\"https:\\\/\\\/secure.gravatar.com\\\/avatar\\\/e525b06574ca18b33cded59dfe5778d6c823b9513154eff47da551b0551bdd1e?s=96&d=mm&r=g\",\"url\":\"https:\\\/\\\/secure.gravatar.com\\\/avatar\\\/e525b06574ca18b33cded59dfe5778d6c823b9513154eff47da551b0551bdd1e?s=96&d=mm&r=g\",\"contentUrl\":\"https:\\\/\\\/secure.gravatar.com\\\/avatar\\\/e525b06574ca18b33cded59dfe5778d6c823b9513154eff47da551b0551bdd1e?s=96&d=mm&r=g\",\"caption\":\"L\u00f3pez D\u00f3riga\"},\"url\":\"https:\\\/\\\/fuentesfidedignas.com.mx\\\/index.php\\\/author\\\/doriga\\\/\"}]}<\/script>\n<!-- \/ Yoast SEO plugin. -->","yoast_head_json":{"title":"Invalida Corte decreto de AMLO sobre obras prioritarias como seguridad nacional - Fuentes Fidedignas","robots":{"index":"index","follow":"follow","max-snippet":"max-snippet:-1","max-image-preview":"max-image-preview:large","max-video-preview":"max-video-preview:-1"},"canonical":"https:\/\/fuentesfidedignas.com.mx\/index.php\/2023\/05\/22\/invalida-corte-decreto-amlo-sobre-obras-prioritarias-como-seguridad-nacional\/","og_locale":"es_MX","og_type":"article","og_title":"Invalida Corte decreto de AMLO sobre obras prioritarias como seguridad nacional - Fuentes Fidedignas","og_description":"La Suprema Corte invalid\u00f3 la totalidad del decreto presidencial que declaraba las obras prioritarias del Gobierno como de seguridad nacional Ciudad de M\u00e9xico.- La&nbsp;Suprema Corte de Justicia de la Naci\u00f3n&nbsp;(SCJN) declar\u00f3 la&nbsp;invalidez&nbsp;total del&nbsp;decreto&nbsp;firmado por el presidente&nbsp;Andr\u00e9s Manuel L\u00f3pez Obrador&nbsp;que declaraba todas las&nbsp;obras prioritarias&nbsp;como de&nbsp;seguridad nacional e inter\u00e9s p\u00fablico. En sesi\u00f3n p\u00fablica este lunes, la Suprema [&hellip;]","og_url":"https:\/\/fuentesfidedignas.com.mx\/index.php\/2023\/05\/22\/invalida-corte-decreto-amlo-sobre-obras-prioritarias-como-seguridad-nacional\/","og_site_name":"Fuentes Fidedignas","article_publisher":"https:\/\/www.facebook.com\/Fuentes-Fidedignas-368234489921644","article_published_time":"2023-05-22T22:32:04+00:00","article_modified_time":"2023-05-22T22:37:20+00:00","og_image":[{"width":768,"height":512,"url":"https:\/\/fuentesfidedignas.com.mx\/wp-content\/uploads\/2023\/05\/tramo-4-tren-maya.jpg","type":"image\/jpeg"}],"author":"L\u00f3pez D\u00f3riga","twitter_card":"summary_large_image","twitter_creator":"@fidedignas","twitter_site":"@fidedignas","twitter_misc":{"Escrito por":"L\u00f3pez D\u00f3riga","Tiempo de lectura":"2 minutos"},"schema":{"@context":"https:\/\/schema.org","@graph":[{"@type":"Article","@id":"https:\/\/fuentesfidedignas.com.mx\/index.php\/2023\/05\/22\/invalida-corte-decreto-amlo-sobre-obras-prioritarias-como-seguridad-nacional\/#article","isPartOf":{"@id":"https:\/\/fuentesfidedignas.com.mx\/index.php\/2023\/05\/22\/invalida-corte-decreto-amlo-sobre-obras-prioritarias-como-seguridad-nacional\/"},"author":{"name":"L\u00f3pez D\u00f3riga","@id":"https:\/\/fuentesfidedignas.com.mx\/#\/schema\/person\/67d852f0557c8509146a4b9ddebd543a"},"headline":"Invalida Corte decreto de AMLO sobre obras prioritarias como seguridad nacional","datePublished":"2023-05-22T22:32:04+00:00","dateModified":"2023-05-22T22:37:20+00:00","mainEntityOfPage":{"@id":"https:\/\/fuentesfidedignas.com.mx\/index.php\/2023\/05\/22\/invalida-corte-decreto-amlo-sobre-obras-prioritarias-como-seguridad-nacional\/"},"wordCount":456,"commentCount":0,"publisher":{"@id":"https:\/\/fuentesfidedignas.com.mx\/#organization"},"image":{"@id":"https:\/\/fuentesfidedignas.com.mx\/index.php\/2023\/05\/22\/invalida-corte-decreto-amlo-sobre-obras-prioritarias-como-seguridad-nacional\/#primaryimage"},"thumbnailUrl":"https:\/\/fuentesfidedignas.com.mx\/wp-content\/uploads\/2023\/05\/tramo-4-tren-maya.jpg","articleSection":["NOTICIAS NACIONALES"],"inLanguage":"es","potentialAction":[{"@type":"CommentAction","name":"Comment","target":["https:\/\/fuentesfidedignas.com.mx\/index.php\/2023\/05\/22\/invalida-corte-decreto-amlo-sobre-obras-prioritarias-como-seguridad-nacional\/#respond"]}]},{"@type":"WebPage","@id":"https:\/\/fuentesfidedignas.com.mx\/index.php\/2023\/05\/22\/invalida-corte-decreto-amlo-sobre-obras-prioritarias-como-seguridad-nacional\/","url":"https:\/\/fuentesfidedignas.com.mx\/index.php\/2023\/05\/22\/invalida-corte-decreto-amlo-sobre-obras-prioritarias-como-seguridad-nacional\/","name":"Invalida Corte decreto de AMLO sobre obras prioritarias como seguridad nacional - Fuentes Fidedignas","isPartOf":{"@id":"https:\/\/fuentesfidedignas.com.mx\/#website"},"primaryImageOfPage":{"@id":"https:\/\/fuentesfidedignas.com.mx\/index.php\/2023\/05\/22\/invalida-corte-decreto-amlo-sobre-obras-prioritarias-como-seguridad-nacional\/#primaryimage"},"image":{"@id":"https:\/\/fuentesfidedignas.com.mx\/index.php\/2023\/05\/22\/invalida-corte-decreto-amlo-sobre-obras-prioritarias-como-seguridad-nacional\/#primaryimage"},"thumbnailUrl":"https:\/\/fuentesfidedignas.com.mx\/wp-content\/uploads\/2023\/05\/tramo-4-tren-maya.jpg","datePublished":"2023-05-22T22:32:04+00:00","dateModified":"2023-05-22T22:37:20+00:00","breadcrumb":{"@id":"https:\/\/fuentesfidedignas.com.mx\/index.php\/2023\/05\/22\/invalida-corte-decreto-amlo-sobre-obras-prioritarias-como-seguridad-nacional\/#breadcrumb"},"inLanguage":"es","potentialAction":[{"@type":"ReadAction","target":["https:\/\/fuentesfidedignas.com.mx\/index.php\/2023\/05\/22\/invalida-corte-decreto-amlo-sobre-obras-prioritarias-como-seguridad-nacional\/"]}]},{"@type":"ImageObject","inLanguage":"es","@id":"https:\/\/fuentesfidedignas.com.mx\/index.php\/2023\/05\/22\/invalida-corte-decreto-amlo-sobre-obras-prioritarias-como-seguridad-nacional\/#primaryimage","url":"https:\/\/fuentesfidedignas.com.mx\/wp-content\/uploads\/2023\/05\/tramo-4-tren-maya.jpg","contentUrl":"https:\/\/fuentesfidedignas.com.mx\/wp-content\/uploads\/2023\/05\/tramo-4-tren-maya.jpg","width":768,"height":512},{"@type":"BreadcrumbList","@id":"https:\/\/fuentesfidedignas.com.mx\/index.php\/2023\/05\/22\/invalida-corte-decreto-amlo-sobre-obras-prioritarias-como-seguridad-nacional\/#breadcrumb","itemListElement":[{"@type":"ListItem","position":1,"name":"Inicio","item":"https:\/\/fuentesfidedignas.com.mx\/"},{"@type":"ListItem","position":2,"name":"Invalida Corte decreto de AMLO sobre obras prioritarias como seguridad nacional"}]},{"@type":"WebSite","@id":"https:\/\/fuentesfidedignas.com.mx\/#website","url":"https:\/\/fuentesfidedignas.com.mx\/","name":"Fuentes Fidedignas","description":"Otro sitio realizado con WordPress","publisher":{"@id":"https:\/\/fuentesfidedignas.com.mx\/#organization"},"potentialAction":[{"@type":"SearchAction","target":{"@type":"EntryPoint","urlTemplate":"https:\/\/fuentesfidedignas.com.mx\/?s={search_term_string}"},"query-input":{"@type":"PropertyValueSpecification","valueRequired":true,"valueName":"search_term_string"}}],"inLanguage":"es"},{"@type":"Organization","@id":"https:\/\/fuentesfidedignas.com.mx\/#organization","name":"Fuentes Fidedignas","url":"https:\/\/fuentesfidedignas.com.mx\/","logo":{"@type":"ImageObject","inLanguage":"es","@id":"https:\/\/fuentesfidedignas.com.mx\/#\/schema\/logo\/image\/","url":"https:\/\/fuentesfidedignas.com.mx\/wp-content\/uploads\/2021\/04\/logo-retina.png","contentUrl":"https:\/\/fuentesfidedignas.com.mx\/wp-content\/uploads\/2021\/04\/logo-retina.png","width":280,"height":51,"caption":"Fuentes Fidedignas"},"image":{"@id":"https:\/\/fuentesfidedignas.com.mx\/#\/schema\/logo\/image\/"},"sameAs":["https:\/\/www.facebook.com\/Fuentes-Fidedignas-368234489921644","https:\/\/x.com\/fidedignas"]},{"@type":"Person","@id":"https:\/\/fuentesfidedignas.com.mx\/#\/schema\/person\/67d852f0557c8509146a4b9ddebd543a","name":"L\u00f3pez D\u00f3riga","image":{"@type":"ImageObject","inLanguage":"es","@id":"https:\/\/secure.gravatar.com\/avatar\/e525b06574ca18b33cded59dfe5778d6c823b9513154eff47da551b0551bdd1e?s=96&d=mm&r=g","url":"https:\/\/secure.gravatar.com\/avatar\/e525b06574ca18b33cded59dfe5778d6c823b9513154eff47da551b0551bdd1e?s=96&d=mm&r=g","contentUrl":"https:\/\/secure.gravatar.com\/avatar\/e525b06574ca18b33cded59dfe5778d6c823b9513154eff47da551b0551bdd1e?s=96&d=mm&r=g","caption":"L\u00f3pez D\u00f3riga"},"url":"https:\/\/fuentesfidedignas.com.mx\/index.php\/author\/doriga\/"}]}},"_links":{"self":[{"href":"https:\/\/fuentesfidedignas.com.mx\/index.php\/wp-json\/wp\/v2\/posts\/47875","targetHints":{"allow":["GET"]}}],"collection":[{"href":"https:\/\/fuentesfidedignas.com.mx\/index.php\/wp-json\/wp\/v2\/posts"}],"about":[{"href":"https:\/\/fuentesfidedignas.com.mx\/index.php\/wp-json\/wp\/v2\/types\/post"}],"author":[{"embeddable":true,"href":"https:\/\/fuentesfidedignas.com.mx\/index.php\/wp-json\/wp\/v2\/users\/47"}],"replies":[{"embeddable":true,"href":"https:\/\/fuentesfidedignas.com.mx\/index.php\/wp-json\/wp\/v2\/comments?post=47875"}],"version-history":[{"count":2,"href":"https:\/\/fuentesfidedignas.com.mx\/index.php\/wp-json\/wp\/v2\/posts\/47875\/revisions"}],"predecessor-version":[{"id":47878,"href":"https:\/\/fuentesfidedignas.com.mx\/index.php\/wp-json\/wp\/v2\/posts\/47875\/revisions\/47878"}],"wp:featuredmedia":[{"embeddable":true,"href":"https:\/\/fuentesfidedignas.com.mx\/index.php\/wp-json\/wp\/v2\/media\/47877"}],"wp:attachment":[{"href":"https:\/\/fuentesfidedignas.com.mx\/index.php\/wp-json\/wp\/v2\/media?parent=47875"}],"wp:term":[{"taxonomy":"category","embeddable":true,"href":"https:\/\/fuentesfidedignas.com.mx\/index.php\/wp-json\/wp\/v2\/categories?post=47875"},{"taxonomy":"post_tag","embeddable":true,"href":"https:\/\/fuentesfidedignas.com.mx\/index.php\/wp-json\/wp\/v2\/tags?post=47875"}],"curies":[{"name":"wp","href":"https:\/\/api.w.org\/{rel}","templated":true}]}}