{"id":47184,"date":"2023-05-14T12:55:52","date_gmt":"2023-05-14T18:55:52","guid":{"rendered":"https:\/\/fuentesfidedignas.com.mx\/?p=47184"},"modified":"2023-05-14T19:10:32","modified_gmt":"2023-05-15T01:10:32","slug":"avion-presidencial-despega-rumbo-a-tayikistan-para-finalizar-su-venta","status":"publish","type":"post","link":"https:\/\/fuentesfidedignas.com.mx\/index.php\/2023\/05\/14\/avion-presidencial-despega-rumbo-a-tayikistan-para-finalizar-su-venta\/","title":{"rendered":"Avi\u00f3n presidencial despega rumbo a Tayikist\u00e1n para finalizar su venta"},"content":{"rendered":"\n<p><strong><em>El avi\u00f3n presidencial ser\u00e1 formalmente entregado al Gobierno de Tayikist\u00e1n tras su venta por mil 685 millones de pesos<\/em><\/strong><\/p>\n\n\n\n<p>Ciudad de M\u00e9xico.- El avi\u00f3n presidencial conocido como TP-01 despeg\u00f3 hacia Dushanbe para ser entregado al Gobierno de Tayikist\u00e1n y as\u00ed finalizar su venta.<\/p>\n\n\n\n<p><blockquote class=\"twitter-tweet\"><p lang=\"es\" dir=\"ltr\">\u00a1El avi\u00f3n, el Avi\u00f3n! <br><br>El Boeing 787, anteriormente conocido como TP01, exavi\u00f3n presidencial del Gobierno de M\u00e9xico, se encuentra en ruta hac\u00eda Dushanbe, donde ser\u00e1 entregado a su nuevo due\u00f1o, el Gobierno de Tayikist\u00e1n <a href=\"https:\/\/t.co\/DuRMXpXClt\">pic.twitter.com\/DuRMXpXClt<\/a><\/p>\u2014 Joaqu\u00edn L\u00f3pez-D\u00f3riga (@lopezdoriga) <a href=\"https:\/\/twitter.com\/lopezdoriga\/status\/1657813338229710848?ref_src=twsrc%5Etfw\">May 14, 2023<\/a><\/blockquote> <script async=\"\" src=\"https:\/\/platform.twitter.com\/widgets.js\" charset=\"utf-8\"><\/script><\/p>\n\n\n\n<p>El Boeing 787 fue vendido por mil 658 millones 684 mil 400 pesos, de conformidad con un aval\u00fao oficial.<\/p>\n\n\n\n<p>La venta del avi\u00f3n presidencial, una de las grandes promesas del presidente Andr\u00e9s Manuel L\u00f3pez Obrador, se concret\u00f3 en su quinto a\u00f1o de gobierno.<\/p>\n\n\n\n<p>El dinero, asegura el mandatario mexicano, se invertir\u00e1 en dos hospitales: uno en Tlapa, Guerrero, y otro en Tuxtepec, Oaxaca.<\/p>\n\n\n\n<p>La aeronave despeg\u00f3 del Aeropuerto Internacional de la Ciudad de M\u00e9xico (AICM) el pasado 28 de abril rumbo a San Bernardino, California, donde hasta este s\u00e1bado fue reacondicionada su imagen.<\/p>\n\n\n\n<p>Ahora luce franjas de color rojo, blanco y verde con una corona acompa\u00f1ada de siete estrellas como escudo.<\/p>\n\n\n\n<blockquote class=\"twitter-tweet\"><p lang=\"en\" dir=\"ltr\">Getting ready to unwrap and see what&#39;s inside. They said it will be ready to fly in an hour. \ud83e\udd14 <a href=\"https:\/\/t.co\/apAVs5o7lL\">pic.twitter.com\/apAVs5o7lL<\/a><\/p>&mdash; Bob Allen (@OMD_SkyDog) <a href=\"https:\/\/twitter.com\/OMD_SkyDog\/status\/1657466599262261248?ref_src=twsrc%5Etfw\">May 13, 2023<\/a><\/blockquote> <script async src=\"https:\/\/platform.twitter.com\/widgets.js\" charset=\"utf-8\"><\/script>\n","protected":false},"excerpt":{"rendered":"<p>El avi\u00f3n presidencial ser\u00e1 formalmente entregado al Gobierno de Tayikist\u00e1n tras su venta por mil 685 millones de pesos Ciudad de M\u00e9xico.- El avi\u00f3n presidencial conocido como TP-01 despeg\u00f3 hacia Dushanbe para ser entregado al Gobierno de Tayikist\u00e1n y as\u00ed finalizar su venta. \u00a1El avi\u00f3n, el Avi\u00f3n! El Boeing 787, anteriormente conocido como TP01, exavi\u00f3n [&hellip;]<\/p>\n","protected":false},"author":47,"featured_media":21226,"comment_status":"open","ping_status":"open","sticky":false,"template":"","format":"standard","meta":{"tdm_status":"","tdm_grid_status":"","footnotes":""},"categories":[39],"tags":[],"class_list":{"0":"post-47184","1":"post","2":"type-post","3":"status-publish","4":"format-standard","5":"has-post-thumbnail","7":"category-noticias-nacionales"},"yoast_head":"<!-- This site is optimized with the Yoast SEO plugin v27.5 - https:\/\/yoast.com\/product\/yoast-seo-wordpress\/ -->\n<title>Avi\u00f3n presidencial despega rumbo a Tayikist\u00e1n para finalizar su venta - Fuentes Fidedignas<\/title>\n<meta name=\"robots\" content=\"index, follow, max-snippet:-1, max-image-preview:large, max-video-preview:-1\" \/>\n<link rel=\"canonical\" href=\"https:\/\/fuentesfidedignas.com.mx\/index.php\/2023\/05\/14\/avion-presidencial-despega-rumbo-a-tayikistan-para-finalizar-su-venta\/\" \/>\n<meta property=\"og:locale\" content=\"es_MX\" \/>\n<meta property=\"og:type\" content=\"article\" \/>\n<meta property=\"og:title\" content=\"Avi\u00f3n presidencial despega rumbo a Tayikist\u00e1n para finalizar su venta - Fuentes Fidedignas\" \/>\n<meta property=\"og:description\" content=\"El avi\u00f3n presidencial ser\u00e1 formalmente entregado al Gobierno de Tayikist\u00e1n tras su venta por mil 685 millones de pesos Ciudad de M\u00e9xico.- El avi\u00f3n presidencial conocido como TP-01 despeg\u00f3 hacia Dushanbe para ser entregado al Gobierno de Tayikist\u00e1n y as\u00ed finalizar su venta. \u00a1El avi\u00f3n, el Avi\u00f3n! El Boeing 787, anteriormente conocido como TP01, exavi\u00f3n [&hellip;]\" \/>\n<meta property=\"og:url\" content=\"https:\/\/fuentesfidedignas.com.mx\/index.php\/2023\/05\/14\/avion-presidencial-despega-rumbo-a-tayikistan-para-finalizar-su-venta\/\" \/>\n<meta property=\"og:site_name\" content=\"Fuentes Fidedignas\" \/>\n<meta property=\"article:publisher\" content=\"https:\/\/www.facebook.com\/Fuentes-Fidedignas-368234489921644\" \/>\n<meta property=\"article:published_time\" content=\"2023-05-14T18:55:52+00:00\" \/>\n<meta property=\"article:modified_time\" content=\"2023-05-15T01:10:32+00:00\" \/>\n<meta property=\"og:image\" content=\"https:\/\/fuentesfidedignas.com.mx\/wp-content\/uploads\/2022\/01\/avion-presidencial-mexico-640x360-1.jpg\" \/>\n\t<meta property=\"og:image:width\" content=\"640\" \/>\n\t<meta property=\"og:image:height\" content=\"360\" \/>\n\t<meta property=\"og:image:type\" content=\"image\/jpeg\" \/>\n<meta name=\"author\" content=\"L\u00f3pez D\u00f3riga\" \/>\n<meta name=\"twitter:card\" content=\"summary_large_image\" \/>\n<meta name=\"twitter:creator\" content=\"@fidedignas\" \/>\n<meta name=\"twitter:site\" content=\"@fidedignas\" \/>\n<meta name=\"twitter:label1\" content=\"Escrito por\" \/>\n\t<meta name=\"twitter:data1\" content=\"L\u00f3pez D\u00f3riga\" \/>\n\t<meta name=\"twitter:label2\" content=\"Tiempo de lectura\" \/>\n\t<meta name=\"twitter:data2\" content=\"2 minutos\" \/>\n<script type=\"application\/ld+json\" class=\"yoast-schema-graph\">{\"@context\":\"https:\\\/\\\/schema.org\",\"@graph\":[{\"@type\":\"Article\",\"@id\":\"https:\\\/\\\/fuentesfidedignas.com.mx\\\/index.php\\\/2023\\\/05\\\/14\\\/avion-presidencial-despega-rumbo-a-tayikistan-para-finalizar-su-venta\\\/#article\",\"isPartOf\":{\"@id\":\"https:\\\/\\\/fuentesfidedignas.com.mx\\\/index.php\\\/2023\\\/05\\\/14\\\/avion-presidencial-despega-rumbo-a-tayikistan-para-finalizar-su-venta\\\/\"},\"author\":{\"name\":\"L\u00f3pez D\u00f3riga\",\"@id\":\"https:\\\/\\\/fuentesfidedignas.com.mx\\\/#\\\/schema\\\/person\\\/67d852f0557c8509146a4b9ddebd543a\"},\"headline\":\"Avi\u00f3n presidencial despega rumbo a Tayikist\u00e1n para finalizar su venta\",\"datePublished\":\"2023-05-14T18:55:52+00:00\",\"dateModified\":\"2023-05-15T01:10:32+00:00\",\"mainEntityOfPage\":{\"@id\":\"https:\\\/\\\/fuentesfidedignas.com.mx\\\/index.php\\\/2023\\\/05\\\/14\\\/avion-presidencial-despega-rumbo-a-tayikistan-para-finalizar-su-venta\\\/\"},\"wordCount\":257,\"commentCount\":0,\"publisher\":{\"@id\":\"https:\\\/\\\/fuentesfidedignas.com.mx\\\/#organization\"},\"image\":{\"@id\":\"https:\\\/\\\/fuentesfidedignas.com.mx\\\/index.php\\\/2023\\\/05\\\/14\\\/avion-presidencial-despega-rumbo-a-tayikistan-para-finalizar-su-venta\\\/#primaryimage\"},\"thumbnailUrl\":\"https:\\\/\\\/fuentesfidedignas.com.mx\\\/wp-content\\\/uploads\\\/2022\\\/01\\\/avion-presidencial-mexico-640x360-1.jpg\",\"articleSection\":[\"NOTICIAS NACIONALES\"],\"inLanguage\":\"es\",\"potentialAction\":[{\"@type\":\"CommentAction\",\"name\":\"Comment\",\"target\":[\"https:\\\/\\\/fuentesfidedignas.com.mx\\\/index.php\\\/2023\\\/05\\\/14\\\/avion-presidencial-despega-rumbo-a-tayikistan-para-finalizar-su-venta\\\/#respond\"]}]},{\"@type\":\"WebPage\",\"@id\":\"https:\\\/\\\/fuentesfidedignas.com.mx\\\/index.php\\\/2023\\\/05\\\/14\\\/avion-presidencial-despega-rumbo-a-tayikistan-para-finalizar-su-venta\\\/\",\"url\":\"https:\\\/\\\/fuentesfidedignas.com.mx\\\/index.php\\\/2023\\\/05\\\/14\\\/avion-presidencial-despega-rumbo-a-tayikistan-para-finalizar-su-venta\\\/\",\"name\":\"Avi\u00f3n presidencial despega rumbo a Tayikist\u00e1n para finalizar su venta - Fuentes Fidedignas\",\"isPartOf\":{\"@id\":\"https:\\\/\\\/fuentesfidedignas.com.mx\\\/#website\"},\"primaryImageOfPage\":{\"@id\":\"https:\\\/\\\/fuentesfidedignas.com.mx\\\/index.php\\\/2023\\\/05\\\/14\\\/avion-presidencial-despega-rumbo-a-tayikistan-para-finalizar-su-venta\\\/#primaryimage\"},\"image\":{\"@id\":\"https:\\\/\\\/fuentesfidedignas.com.mx\\\/index.php\\\/2023\\\/05\\\/14\\\/avion-presidencial-despega-rumbo-a-tayikistan-para-finalizar-su-venta\\\/#primaryimage\"},\"thumbnailUrl\":\"https:\\\/\\\/fuentesfidedignas.com.mx\\\/wp-content\\\/uploads\\\/2022\\\/01\\\/avion-presidencial-mexico-640x360-1.jpg\",\"datePublished\":\"2023-05-14T18:55:52+00:00\",\"dateModified\":\"2023-05-15T01:10:32+00:00\",\"breadcrumb\":{\"@id\":\"https:\\\/\\\/fuentesfidedignas.com.mx\\\/index.php\\\/2023\\\/05\\\/14\\\/avion-presidencial-despega-rumbo-a-tayikistan-para-finalizar-su-venta\\\/#breadcrumb\"},\"inLanguage\":\"es\",\"potentialAction\":[{\"@type\":\"ReadAction\",\"target\":[\"https:\\\/\\\/fuentesfidedignas.com.mx\\\/index.php\\\/2023\\\/05\\\/14\\\/avion-presidencial-despega-rumbo-a-tayikistan-para-finalizar-su-venta\\\/\"]}]},{\"@type\":\"ImageObject\",\"inLanguage\":\"es\",\"@id\":\"https:\\\/\\\/fuentesfidedignas.com.mx\\\/index.php\\\/2023\\\/05\\\/14\\\/avion-presidencial-despega-rumbo-a-tayikistan-para-finalizar-su-venta\\\/#primaryimage\",\"url\":\"https:\\\/\\\/fuentesfidedignas.com.mx\\\/wp-content\\\/uploads\\\/2022\\\/01\\\/avion-presidencial-mexico-640x360-1.jpg\",\"contentUrl\":\"https:\\\/\\\/fuentesfidedignas.com.mx\\\/wp-content\\\/uploads\\\/2022\\\/01\\\/avion-presidencial-mexico-640x360-1.jpg\",\"width\":640,\"height\":360},{\"@type\":\"BreadcrumbList\",\"@id\":\"https:\\\/\\\/fuentesfidedignas.com.mx\\\/index.php\\\/2023\\\/05\\\/14\\\/avion-presidencial-despega-rumbo-a-tayikistan-para-finalizar-su-venta\\\/#breadcrumb\",\"itemListElement\":[{\"@type\":\"ListItem\",\"position\":1,\"name\":\"Inicio\",\"item\":\"https:\\\/\\\/fuentesfidedignas.com.mx\\\/\"},{\"@type\":\"ListItem\",\"position\":2,\"name\":\"Avi\u00f3n presidencial despega rumbo a Tayikist\u00e1n para finalizar su venta\"}]},{\"@type\":\"WebSite\",\"@id\":\"https:\\\/\\\/fuentesfidedignas.com.mx\\\/#website\",\"url\":\"https:\\\/\\\/fuentesfidedignas.com.mx\\\/\",\"name\":\"Fuentes Fidedignas\",\"description\":\"Otro sitio realizado con WordPress\",\"publisher\":{\"@id\":\"https:\\\/\\\/fuentesfidedignas.com.mx\\\/#organization\"},\"potentialAction\":[{\"@type\":\"SearchAction\",\"target\":{\"@type\":\"EntryPoint\",\"urlTemplate\":\"https:\\\/\\\/fuentesfidedignas.com.mx\\\/?s={search_term_string}\"},\"query-input\":{\"@type\":\"PropertyValueSpecification\",\"valueRequired\":true,\"valueName\":\"search_term_string\"}}],\"inLanguage\":\"es\"},{\"@type\":\"Organization\",\"@id\":\"https:\\\/\\\/fuentesfidedignas.com.mx\\\/#organization\",\"name\":\"Fuentes Fidedignas\",\"url\":\"https:\\\/\\\/fuentesfidedignas.com.mx\\\/\",\"logo\":{\"@type\":\"ImageObject\",\"inLanguage\":\"es\",\"@id\":\"https:\\\/\\\/fuentesfidedignas.com.mx\\\/#\\\/schema\\\/logo\\\/image\\\/\",\"url\":\"https:\\\/\\\/fuentesfidedignas.com.mx\\\/wp-content\\\/uploads\\\/2021\\\/04\\\/logo-retina.png\",\"contentUrl\":\"https:\\\/\\\/fuentesfidedignas.com.mx\\\/wp-content\\\/uploads\\\/2021\\\/04\\\/logo-retina.png\",\"width\":280,\"height\":51,\"caption\":\"Fuentes Fidedignas\"},\"image\":{\"@id\":\"https:\\\/\\\/fuentesfidedignas.com.mx\\\/#\\\/schema\\\/logo\\\/image\\\/\"},\"sameAs\":[\"https:\\\/\\\/www.facebook.com\\\/Fuentes-Fidedignas-368234489921644\",\"https:\\\/\\\/x.com\\\/fidedignas\"]},{\"@type\":\"Person\",\"@id\":\"https:\\\/\\\/fuentesfidedignas.com.mx\\\/#\\\/schema\\\/person\\\/67d852f0557c8509146a4b9ddebd543a\",\"name\":\"L\u00f3pez D\u00f3riga\",\"image\":{\"@type\":\"ImageObject\",\"inLanguage\":\"es\",\"@id\":\"https:\\\/\\\/secure.gravatar.com\\\/avatar\\\/e525b06574ca18b33cded59dfe5778d6c823b9513154eff47da551b0551bdd1e?s=96&d=mm&r=g\",\"url\":\"https:\\\/\\\/secure.gravatar.com\\\/avatar\\\/e525b06574ca18b33cded59dfe5778d6c823b9513154eff47da551b0551bdd1e?s=96&d=mm&r=g\",\"contentUrl\":\"https:\\\/\\\/secure.gravatar.com\\\/avatar\\\/e525b06574ca18b33cded59dfe5778d6c823b9513154eff47da551b0551bdd1e?s=96&d=mm&r=g\",\"caption\":\"L\u00f3pez D\u00f3riga\"},\"url\":\"https:\\\/\\\/fuentesfidedignas.com.mx\\\/index.php\\\/author\\\/doriga\\\/\"}]}<\/script>\n<!-- \/ Yoast SEO plugin. -->","yoast_head_json":{"title":"Avi\u00f3n presidencial despega rumbo a Tayikist\u00e1n para finalizar su venta - Fuentes Fidedignas","robots":{"index":"index","follow":"follow","max-snippet":"max-snippet:-1","max-image-preview":"max-image-preview:large","max-video-preview":"max-video-preview:-1"},"canonical":"https:\/\/fuentesfidedignas.com.mx\/index.php\/2023\/05\/14\/avion-presidencial-despega-rumbo-a-tayikistan-para-finalizar-su-venta\/","og_locale":"es_MX","og_type":"article","og_title":"Avi\u00f3n presidencial despega rumbo a Tayikist\u00e1n para finalizar su venta - Fuentes Fidedignas","og_description":"El avi\u00f3n presidencial ser\u00e1 formalmente entregado al Gobierno de Tayikist\u00e1n tras su venta por mil 685 millones de pesos Ciudad de M\u00e9xico.- El avi\u00f3n presidencial conocido como TP-01 despeg\u00f3 hacia Dushanbe para ser entregado al Gobierno de Tayikist\u00e1n y as\u00ed finalizar su venta. \u00a1El avi\u00f3n, el Avi\u00f3n! El Boeing 787, anteriormente conocido como TP01, exavi\u00f3n [&hellip;]","og_url":"https:\/\/fuentesfidedignas.com.mx\/index.php\/2023\/05\/14\/avion-presidencial-despega-rumbo-a-tayikistan-para-finalizar-su-venta\/","og_site_name":"Fuentes Fidedignas","article_publisher":"https:\/\/www.facebook.com\/Fuentes-Fidedignas-368234489921644","article_published_time":"2023-05-14T18:55:52+00:00","article_modified_time":"2023-05-15T01:10:32+00:00","og_image":[{"width":640,"height":360,"url":"https:\/\/fuentesfidedignas.com.mx\/wp-content\/uploads\/2022\/01\/avion-presidencial-mexico-640x360-1.jpg","type":"image\/jpeg"}],"author":"L\u00f3pez D\u00f3riga","twitter_card":"summary_large_image","twitter_creator":"@fidedignas","twitter_site":"@fidedignas","twitter_misc":{"Escrito por":"L\u00f3pez D\u00f3riga","Tiempo de lectura":"2 minutos"},"schema":{"@context":"https:\/\/schema.org","@graph":[{"@type":"Article","@id":"https:\/\/fuentesfidedignas.com.mx\/index.php\/2023\/05\/14\/avion-presidencial-despega-rumbo-a-tayikistan-para-finalizar-su-venta\/#article","isPartOf":{"@id":"https:\/\/fuentesfidedignas.com.mx\/index.php\/2023\/05\/14\/avion-presidencial-despega-rumbo-a-tayikistan-para-finalizar-su-venta\/"},"author":{"name":"L\u00f3pez D\u00f3riga","@id":"https:\/\/fuentesfidedignas.com.mx\/#\/schema\/person\/67d852f0557c8509146a4b9ddebd543a"},"headline":"Avi\u00f3n presidencial despega rumbo a Tayikist\u00e1n para finalizar su venta","datePublished":"2023-05-14T18:55:52+00:00","dateModified":"2023-05-15T01:10:32+00:00","mainEntityOfPage":{"@id":"https:\/\/fuentesfidedignas.com.mx\/index.php\/2023\/05\/14\/avion-presidencial-despega-rumbo-a-tayikistan-para-finalizar-su-venta\/"},"wordCount":257,"commentCount":0,"publisher":{"@id":"https:\/\/fuentesfidedignas.com.mx\/#organization"},"image":{"@id":"https:\/\/fuentesfidedignas.com.mx\/index.php\/2023\/05\/14\/avion-presidencial-despega-rumbo-a-tayikistan-para-finalizar-su-venta\/#primaryimage"},"thumbnailUrl":"https:\/\/fuentesfidedignas.com.mx\/wp-content\/uploads\/2022\/01\/avion-presidencial-mexico-640x360-1.jpg","articleSection":["NOTICIAS NACIONALES"],"inLanguage":"es","potentialAction":[{"@type":"CommentAction","name":"Comment","target":["https:\/\/fuentesfidedignas.com.mx\/index.php\/2023\/05\/14\/avion-presidencial-despega-rumbo-a-tayikistan-para-finalizar-su-venta\/#respond"]}]},{"@type":"WebPage","@id":"https:\/\/fuentesfidedignas.com.mx\/index.php\/2023\/05\/14\/avion-presidencial-despega-rumbo-a-tayikistan-para-finalizar-su-venta\/","url":"https:\/\/fuentesfidedignas.com.mx\/index.php\/2023\/05\/14\/avion-presidencial-despega-rumbo-a-tayikistan-para-finalizar-su-venta\/","name":"Avi\u00f3n presidencial despega rumbo a Tayikist\u00e1n para finalizar su venta - Fuentes Fidedignas","isPartOf":{"@id":"https:\/\/fuentesfidedignas.com.mx\/#website"},"primaryImageOfPage":{"@id":"https:\/\/fuentesfidedignas.com.mx\/index.php\/2023\/05\/14\/avion-presidencial-despega-rumbo-a-tayikistan-para-finalizar-su-venta\/#primaryimage"},"image":{"@id":"https:\/\/fuentesfidedignas.com.mx\/index.php\/2023\/05\/14\/avion-presidencial-despega-rumbo-a-tayikistan-para-finalizar-su-venta\/#primaryimage"},"thumbnailUrl":"https:\/\/fuentesfidedignas.com.mx\/wp-content\/uploads\/2022\/01\/avion-presidencial-mexico-640x360-1.jpg","datePublished":"2023-05-14T18:55:52+00:00","dateModified":"2023-05-15T01:10:32+00:00","breadcrumb":{"@id":"https:\/\/fuentesfidedignas.com.mx\/index.php\/2023\/05\/14\/avion-presidencial-despega-rumbo-a-tayikistan-para-finalizar-su-venta\/#breadcrumb"},"inLanguage":"es","potentialAction":[{"@type":"ReadAction","target":["https:\/\/fuentesfidedignas.com.mx\/index.php\/2023\/05\/14\/avion-presidencial-despega-rumbo-a-tayikistan-para-finalizar-su-venta\/"]}]},{"@type":"ImageObject","inLanguage":"es","@id":"https:\/\/fuentesfidedignas.com.mx\/index.php\/2023\/05\/14\/avion-presidencial-despega-rumbo-a-tayikistan-para-finalizar-su-venta\/#primaryimage","url":"https:\/\/fuentesfidedignas.com.mx\/wp-content\/uploads\/2022\/01\/avion-presidencial-mexico-640x360-1.jpg","contentUrl":"https:\/\/fuentesfidedignas.com.mx\/wp-content\/uploads\/2022\/01\/avion-presidencial-mexico-640x360-1.jpg","width":640,"height":360},{"@type":"BreadcrumbList","@id":"https:\/\/fuentesfidedignas.com.mx\/index.php\/2023\/05\/14\/avion-presidencial-despega-rumbo-a-tayikistan-para-finalizar-su-venta\/#breadcrumb","itemListElement":[{"@type":"ListItem","position":1,"name":"Inicio","item":"https:\/\/fuentesfidedignas.com.mx\/"},{"@type":"ListItem","position":2,"name":"Avi\u00f3n presidencial despega rumbo a Tayikist\u00e1n para finalizar su venta"}]},{"@type":"WebSite","@id":"https:\/\/fuentesfidedignas.com.mx\/#website","url":"https:\/\/fuentesfidedignas.com.mx\/","name":"Fuentes Fidedignas","description":"Otro sitio realizado con WordPress","publisher":{"@id":"https:\/\/fuentesfidedignas.com.mx\/#organization"},"potentialAction":[{"@type":"SearchAction","target":{"@type":"EntryPoint","urlTemplate":"https:\/\/fuentesfidedignas.com.mx\/?s={search_term_string}"},"query-input":{"@type":"PropertyValueSpecification","valueRequired":true,"valueName":"search_term_string"}}],"inLanguage":"es"},{"@type":"Organization","@id":"https:\/\/fuentesfidedignas.com.mx\/#organization","name":"Fuentes Fidedignas","url":"https:\/\/fuentesfidedignas.com.mx\/","logo":{"@type":"ImageObject","inLanguage":"es","@id":"https:\/\/fuentesfidedignas.com.mx\/#\/schema\/logo\/image\/","url":"https:\/\/fuentesfidedignas.com.mx\/wp-content\/uploads\/2021\/04\/logo-retina.png","contentUrl":"https:\/\/fuentesfidedignas.com.mx\/wp-content\/uploads\/2021\/04\/logo-retina.png","width":280,"height":51,"caption":"Fuentes Fidedignas"},"image":{"@id":"https:\/\/fuentesfidedignas.com.mx\/#\/schema\/logo\/image\/"},"sameAs":["https:\/\/www.facebook.com\/Fuentes-Fidedignas-368234489921644","https:\/\/x.com\/fidedignas"]},{"@type":"Person","@id":"https:\/\/fuentesfidedignas.com.mx\/#\/schema\/person\/67d852f0557c8509146a4b9ddebd543a","name":"L\u00f3pez D\u00f3riga","image":{"@type":"ImageObject","inLanguage":"es","@id":"https:\/\/secure.gravatar.com\/avatar\/e525b06574ca18b33cded59dfe5778d6c823b9513154eff47da551b0551bdd1e?s=96&d=mm&r=g","url":"https:\/\/secure.gravatar.com\/avatar\/e525b06574ca18b33cded59dfe5778d6c823b9513154eff47da551b0551bdd1e?s=96&d=mm&r=g","contentUrl":"https:\/\/secure.gravatar.com\/avatar\/e525b06574ca18b33cded59dfe5778d6c823b9513154eff47da551b0551bdd1e?s=96&d=mm&r=g","caption":"L\u00f3pez D\u00f3riga"},"url":"https:\/\/fuentesfidedignas.com.mx\/index.php\/author\/doriga\/"}]}},"_links":{"self":[{"href":"https:\/\/fuentesfidedignas.com.mx\/index.php\/wp-json\/wp\/v2\/posts\/47184","targetHints":{"allow":["GET"]}}],"collection":[{"href":"https:\/\/fuentesfidedignas.com.mx\/index.php\/wp-json\/wp\/v2\/posts"}],"about":[{"href":"https:\/\/fuentesfidedignas.com.mx\/index.php\/wp-json\/wp\/v2\/types\/post"}],"author":[{"embeddable":true,"href":"https:\/\/fuentesfidedignas.com.mx\/index.php\/wp-json\/wp\/v2\/users\/47"}],"replies":[{"embeddable":true,"href":"https:\/\/fuentesfidedignas.com.mx\/index.php\/wp-json\/wp\/v2\/comments?post=47184"}],"version-history":[{"count":2,"href":"https:\/\/fuentesfidedignas.com.mx\/index.php\/wp-json\/wp\/v2\/posts\/47184\/revisions"}],"predecessor-version":[{"id":47229,"href":"https:\/\/fuentesfidedignas.com.mx\/index.php\/wp-json\/wp\/v2\/posts\/47184\/revisions\/47229"}],"wp:featuredmedia":[{"embeddable":true,"href":"https:\/\/fuentesfidedignas.com.mx\/index.php\/wp-json\/wp\/v2\/media\/21226"}],"wp:attachment":[{"href":"https:\/\/fuentesfidedignas.com.mx\/index.php\/wp-json\/wp\/v2\/media?parent=47184"}],"wp:term":[{"taxonomy":"category","embeddable":true,"href":"https:\/\/fuentesfidedignas.com.mx\/index.php\/wp-json\/wp\/v2\/categories?post=47184"},{"taxonomy":"post_tag","embeddable":true,"href":"https:\/\/fuentesfidedignas.com.mx\/index.php\/wp-json\/wp\/v2\/tags?post=47184"}],"curies":[{"name":"wp","href":"https:\/\/api.w.org\/{rel}","templated":true}]}}