{"id":47120,"date":"2023-05-13T14:11:17","date_gmt":"2023-05-13T20:11:17","guid":{"rendered":"https:\/\/fuentesfidedignas.com.mx\/?p=47120"},"modified":"2023-05-13T15:57:27","modified_gmt":"2023-05-13T21:57:27","slug":"voy-a-salir-limpio-el-que-nada-debe-nada-teme-asegura-cuen","status":"publish","type":"post","link":"https:\/\/fuentesfidedignas.com.mx\/index.php\/2023\/05\/13\/voy-a-salir-limpio-el-que-nada-debe-nada-teme-asegura-cuen\/","title":{"rendered":"&#8220;Voy a salir limpio, el que nada debe nada teme&#8221;, asegura Cu\u00e9n"},"content":{"rendered":"\n<p><strong><em> \u201cSiempre me han atacado de manera injusta, yo pr\u00e1cticamente he sido una v\u00edctima\u201d, afirm\u00f3 el presidente del PAS<\/em><\/strong><\/p>\n\n\n\n<p>Culiac\u00e1n, Sin.- Estoy tranquilo y seguro de que saldr\u00e9 limpio a pesar de las arbitrariedades que se est\u00e1n cometiendo en mi contra y de mi familia, porque &#8220;el que nada debe nada teme&#8221;, asegur\u00f3 H\u00e9ctor Melesio Cu\u00e9n Ojeda.<\/p>\n\n\n\n<p>El presidente del Partido Sinaloense (PAS) quiso ser prudente al ser cuestionado sobre la investigaci\u00f3n que se est\u00e1 realizando sobre el procedimiento de sus bienes y enriquecimiento, as\u00ed como el de integrantes de su familia. <\/p>\n\n\n\n<p>&#8220;<strong>Siempre he salido adelante, la verdad es injusto lo que pasa cuando meten a la familia tambi\u00e9n; sin embargo, dicen que en pol\u00edtica as\u00ed es, bueno yo estoy aguantando esta situaci\u00f3n y lo que s\u00ed puedo decir es que nosotros, no debemos nada, y el que nada debe nada teme. Y un servidor ya sali\u00f3 limpi\u00f3 cuando trataron de hacerme lo mismo en el pasado<\/strong>&#8220;, afirm\u00f3. <\/p>\n\n\n\n<p>Se\u00f1al\u00f3 que se le ataca con este tipo de acusaciones al acercarse los procesos electorales donde podr\u00eda participar. \u201cSiempre me han atacado de manera injusta, yo pr\u00e1cticamente he sido una v\u00edctima\u201d, afirm\u00f3 el presidente del PAS.<\/p>\n\n\n\n<iframe loading=\"lazy\" src=\"https:\/\/www.facebook.com\/plugins\/video.php?height=314&#038;href=https%3A%2F%2Fwww.facebook.com%2F368234489921644%2Fvideos%2F180557304574832%2F&#038;show_text=false&#038;width=560&#038;t=0\" width=\"560\" height=\"314\" style=\"border:none;overflow:hidden\" scrolling=\"no\" frameborder=\"0\" allowfullscreen=\"true\" allow=\"autoplay; clipboard-write; encrypted-media; picture-in-picture; web-share\" allowFullScreen=\"true\"><\/iframe>\n\n\n\n<p>Cu\u00e9n Ojeda asegur\u00f3 que recurri\u00f3 al amparo porque es su derecho ciudadano y ha observado arbitrariedades en su contra, tanto del poder Ejecutivo como el Legislativo, por lo que no descartar\u00eda lo mismo del Poder Judicial, mismo que est\u00e1 llevando a cabo la investigaci\u00f3n. <\/p>\n","protected":false},"excerpt":{"rendered":"<p>\u201cSiempre me han atacado de manera injusta, yo pr\u00e1cticamente he sido una v\u00edctima\u201d, afirm\u00f3 el presidente del PAS Culiac\u00e1n, Sin.- Estoy tranquilo y seguro de que saldr\u00e9 limpio a pesar de las arbitrariedades que se est\u00e1n cometiendo en mi contra y de mi familia, porque &#8220;el que nada debe nada teme&#8221;, asegur\u00f3 H\u00e9ctor Melesio Cu\u00e9n [&hellip;]<\/p>\n","protected":false},"author":11,"featured_media":47124,"comment_status":"open","ping_status":"open","sticky":false,"template":"","format":"standard","meta":{"tdm_status":"","tdm_grid_status":"","footnotes":""},"categories":[37],"tags":[],"class_list":{"0":"post-47120","1":"post","2":"type-post","3":"status-publish","4":"format-standard","5":"has-post-thumbnail","7":"category-nota-principal"},"yoast_head":"<!-- This site is optimized with the Yoast SEO plugin v27.5 - https:\/\/yoast.com\/product\/yoast-seo-wordpress\/ -->\n<title>&quot;Voy a salir limpio, el que nada debe nada teme&quot;, asegura Cu\u00e9n - Fuentes Fidedignas<\/title>\n<meta name=\"robots\" content=\"index, follow, max-snippet:-1, max-image-preview:large, max-video-preview:-1\" \/>\n<link rel=\"canonical\" href=\"https:\/\/fuentesfidedignas.com.mx\/index.php\/2023\/05\/13\/voy-a-salir-limpio-el-que-nada-debe-nada-teme-asegura-cuen\/\" \/>\n<meta property=\"og:locale\" content=\"es_MX\" \/>\n<meta property=\"og:type\" content=\"article\" \/>\n<meta property=\"og:title\" content=\"&quot;Voy a salir limpio, el que nada debe nada teme&quot;, asegura Cu\u00e9n - Fuentes Fidedignas\" \/>\n<meta property=\"og:description\" content=\"\u201cSiempre me han atacado de manera injusta, yo pr\u00e1cticamente he sido una v\u00edctima\u201d, afirm\u00f3 el presidente del PAS Culiac\u00e1n, Sin.- Estoy tranquilo y seguro de que saldr\u00e9 limpio a pesar de las arbitrariedades que se est\u00e1n cometiendo en mi contra y de mi familia, porque &#8220;el que nada debe nada teme&#8221;, asegur\u00f3 H\u00e9ctor Melesio Cu\u00e9n [&hellip;]\" \/>\n<meta property=\"og:url\" content=\"https:\/\/fuentesfidedignas.com.mx\/index.php\/2023\/05\/13\/voy-a-salir-limpio-el-que-nada-debe-nada-teme-asegura-cuen\/\" \/>\n<meta property=\"og:site_name\" content=\"Fuentes Fidedignas\" \/>\n<meta property=\"article:publisher\" content=\"https:\/\/www.facebook.com\/Fuentes-Fidedignas-368234489921644\" \/>\n<meta property=\"article:published_time\" content=\"2023-05-13T20:11:17+00:00\" \/>\n<meta property=\"article:modified_time\" content=\"2023-05-13T21:57:27+00:00\" \/>\n<meta property=\"og:image\" content=\"https:\/\/fuentesfidedignas.com.mx\/wp-content\/uploads\/2023\/05\/IMG-20230513-WA0019.jpg\" \/>\n\t<meta property=\"og:image:width\" content=\"614\" \/>\n\t<meta property=\"og:image:height\" content=\"491\" \/>\n\t<meta property=\"og:image:type\" content=\"image\/jpeg\" \/>\n<meta name=\"author\" content=\"Marissa Palafox\" \/>\n<meta name=\"twitter:card\" content=\"summary_large_image\" \/>\n<meta name=\"twitter:creator\" content=\"@fidedignas\" \/>\n<meta name=\"twitter:site\" content=\"@fidedignas\" \/>\n<meta name=\"twitter:label1\" content=\"Escrito por\" \/>\n\t<meta name=\"twitter:data1\" content=\"Marissa Palafox\" \/>\n\t<meta name=\"twitter:label2\" content=\"Tiempo de lectura\" \/>\n\t<meta name=\"twitter:data2\" content=\"2 minutos\" \/>\n<script type=\"application\/ld+json\" class=\"yoast-schema-graph\">{\"@context\":\"https:\\\/\\\/schema.org\",\"@graph\":[{\"@type\":\"Article\",\"@id\":\"https:\\\/\\\/fuentesfidedignas.com.mx\\\/index.php\\\/2023\\\/05\\\/13\\\/voy-a-salir-limpio-el-que-nada-debe-nada-teme-asegura-cuen\\\/#article\",\"isPartOf\":{\"@id\":\"https:\\\/\\\/fuentesfidedignas.com.mx\\\/index.php\\\/2023\\\/05\\\/13\\\/voy-a-salir-limpio-el-que-nada-debe-nada-teme-asegura-cuen\\\/\"},\"author\":{\"name\":\"Marissa Palafox\",\"@id\":\"https:\\\/\\\/fuentesfidedignas.com.mx\\\/#\\\/schema\\\/person\\\/2c10028b4a30078c05a056a215342ab9\"},\"headline\":\"&#8220;Voy a salir limpio, el que nada debe nada teme&#8221;, asegura Cu\u00e9n\",\"datePublished\":\"2023-05-13T20:11:17+00:00\",\"dateModified\":\"2023-05-13T21:57:27+00:00\",\"mainEntityOfPage\":{\"@id\":\"https:\\\/\\\/fuentesfidedignas.com.mx\\\/index.php\\\/2023\\\/05\\\/13\\\/voy-a-salir-limpio-el-que-nada-debe-nada-teme-asegura-cuen\\\/\"},\"wordCount\":268,\"commentCount\":0,\"publisher\":{\"@id\":\"https:\\\/\\\/fuentesfidedignas.com.mx\\\/#organization\"},\"image\":{\"@id\":\"https:\\\/\\\/fuentesfidedignas.com.mx\\\/index.php\\\/2023\\\/05\\\/13\\\/voy-a-salir-limpio-el-que-nada-debe-nada-teme-asegura-cuen\\\/#primaryimage\"},\"thumbnailUrl\":\"https:\\\/\\\/fuentesfidedignas.com.mx\\\/wp-content\\\/uploads\\\/2023\\\/05\\\/IMG-20230513-WA0019.jpg\",\"articleSection\":[\"NOTA PRINCIPAL\"],\"inLanguage\":\"es\",\"potentialAction\":[{\"@type\":\"CommentAction\",\"name\":\"Comment\",\"target\":[\"https:\\\/\\\/fuentesfidedignas.com.mx\\\/index.php\\\/2023\\\/05\\\/13\\\/voy-a-salir-limpio-el-que-nada-debe-nada-teme-asegura-cuen\\\/#respond\"]}]},{\"@type\":\"WebPage\",\"@id\":\"https:\\\/\\\/fuentesfidedignas.com.mx\\\/index.php\\\/2023\\\/05\\\/13\\\/voy-a-salir-limpio-el-que-nada-debe-nada-teme-asegura-cuen\\\/\",\"url\":\"https:\\\/\\\/fuentesfidedignas.com.mx\\\/index.php\\\/2023\\\/05\\\/13\\\/voy-a-salir-limpio-el-que-nada-debe-nada-teme-asegura-cuen\\\/\",\"name\":\"\\\"Voy a salir limpio, el que nada debe nada teme\\\", asegura Cu\u00e9n - Fuentes Fidedignas\",\"isPartOf\":{\"@id\":\"https:\\\/\\\/fuentesfidedignas.com.mx\\\/#website\"},\"primaryImageOfPage\":{\"@id\":\"https:\\\/\\\/fuentesfidedignas.com.mx\\\/index.php\\\/2023\\\/05\\\/13\\\/voy-a-salir-limpio-el-que-nada-debe-nada-teme-asegura-cuen\\\/#primaryimage\"},\"image\":{\"@id\":\"https:\\\/\\\/fuentesfidedignas.com.mx\\\/index.php\\\/2023\\\/05\\\/13\\\/voy-a-salir-limpio-el-que-nada-debe-nada-teme-asegura-cuen\\\/#primaryimage\"},\"thumbnailUrl\":\"https:\\\/\\\/fuentesfidedignas.com.mx\\\/wp-content\\\/uploads\\\/2023\\\/05\\\/IMG-20230513-WA0019.jpg\",\"datePublished\":\"2023-05-13T20:11:17+00:00\",\"dateModified\":\"2023-05-13T21:57:27+00:00\",\"breadcrumb\":{\"@id\":\"https:\\\/\\\/fuentesfidedignas.com.mx\\\/index.php\\\/2023\\\/05\\\/13\\\/voy-a-salir-limpio-el-que-nada-debe-nada-teme-asegura-cuen\\\/#breadcrumb\"},\"inLanguage\":\"es\",\"potentialAction\":[{\"@type\":\"ReadAction\",\"target\":[\"https:\\\/\\\/fuentesfidedignas.com.mx\\\/index.php\\\/2023\\\/05\\\/13\\\/voy-a-salir-limpio-el-que-nada-debe-nada-teme-asegura-cuen\\\/\"]}]},{\"@type\":\"ImageObject\",\"inLanguage\":\"es\",\"@id\":\"https:\\\/\\\/fuentesfidedignas.com.mx\\\/index.php\\\/2023\\\/05\\\/13\\\/voy-a-salir-limpio-el-que-nada-debe-nada-teme-asegura-cuen\\\/#primaryimage\",\"url\":\"https:\\\/\\\/fuentesfidedignas.com.mx\\\/wp-content\\\/uploads\\\/2023\\\/05\\\/IMG-20230513-WA0019.jpg\",\"contentUrl\":\"https:\\\/\\\/fuentesfidedignas.com.mx\\\/wp-content\\\/uploads\\\/2023\\\/05\\\/IMG-20230513-WA0019.jpg\",\"width\":614,\"height\":491},{\"@type\":\"BreadcrumbList\",\"@id\":\"https:\\\/\\\/fuentesfidedignas.com.mx\\\/index.php\\\/2023\\\/05\\\/13\\\/voy-a-salir-limpio-el-que-nada-debe-nada-teme-asegura-cuen\\\/#breadcrumb\",\"itemListElement\":[{\"@type\":\"ListItem\",\"position\":1,\"name\":\"Inicio\",\"item\":\"https:\\\/\\\/fuentesfidedignas.com.mx\\\/\"},{\"@type\":\"ListItem\",\"position\":2,\"name\":\"&#8220;Voy a salir limpio, el que nada debe nada teme&#8221;, asegura Cu\u00e9n\"}]},{\"@type\":\"WebSite\",\"@id\":\"https:\\\/\\\/fuentesfidedignas.com.mx\\\/#website\",\"url\":\"https:\\\/\\\/fuentesfidedignas.com.mx\\\/\",\"name\":\"Fuentes Fidedignas\",\"description\":\"Otro sitio realizado con WordPress\",\"publisher\":{\"@id\":\"https:\\\/\\\/fuentesfidedignas.com.mx\\\/#organization\"},\"potentialAction\":[{\"@type\":\"SearchAction\",\"target\":{\"@type\":\"EntryPoint\",\"urlTemplate\":\"https:\\\/\\\/fuentesfidedignas.com.mx\\\/?s={search_term_string}\"},\"query-input\":{\"@type\":\"PropertyValueSpecification\",\"valueRequired\":true,\"valueName\":\"search_term_string\"}}],\"inLanguage\":\"es\"},{\"@type\":\"Organization\",\"@id\":\"https:\\\/\\\/fuentesfidedignas.com.mx\\\/#organization\",\"name\":\"Fuentes Fidedignas\",\"url\":\"https:\\\/\\\/fuentesfidedignas.com.mx\\\/\",\"logo\":{\"@type\":\"ImageObject\",\"inLanguage\":\"es\",\"@id\":\"https:\\\/\\\/fuentesfidedignas.com.mx\\\/#\\\/schema\\\/logo\\\/image\\\/\",\"url\":\"https:\\\/\\\/fuentesfidedignas.com.mx\\\/wp-content\\\/uploads\\\/2021\\\/04\\\/logo-retina.png\",\"contentUrl\":\"https:\\\/\\\/fuentesfidedignas.com.mx\\\/wp-content\\\/uploads\\\/2021\\\/04\\\/logo-retina.png\",\"width\":280,\"height\":51,\"caption\":\"Fuentes Fidedignas\"},\"image\":{\"@id\":\"https:\\\/\\\/fuentesfidedignas.com.mx\\\/#\\\/schema\\\/logo\\\/image\\\/\"},\"sameAs\":[\"https:\\\/\\\/www.facebook.com\\\/Fuentes-Fidedignas-368234489921644\",\"https:\\\/\\\/x.com\\\/fidedignas\"]},{\"@type\":\"Person\",\"@id\":\"https:\\\/\\\/fuentesfidedignas.com.mx\\\/#\\\/schema\\\/person\\\/2c10028b4a30078c05a056a215342ab9\",\"name\":\"Marissa Palafox\",\"image\":{\"@type\":\"ImageObject\",\"inLanguage\":\"es\",\"@id\":\"https:\\\/\\\/secure.gravatar.com\\\/avatar\\\/20a43bdb2f2db10f20b22d4e98b96eb027faf98f7f76d29854dc5fab46d1cf71?s=96&d=mm&r=g\",\"url\":\"https:\\\/\\\/secure.gravatar.com\\\/avatar\\\/20a43bdb2f2db10f20b22d4e98b96eb027faf98f7f76d29854dc5fab46d1cf71?s=96&d=mm&r=g\",\"contentUrl\":\"https:\\\/\\\/secure.gravatar.com\\\/avatar\\\/20a43bdb2f2db10f20b22d4e98b96eb027faf98f7f76d29854dc5fab46d1cf71?s=96&d=mm&r=g\",\"caption\":\"Marissa Palafox\"},\"url\":\"https:\\\/\\\/fuentesfidedignas.com.mx\\\/index.php\\\/author\\\/marissa\\\/\"}]}<\/script>\n<!-- \/ Yoast SEO plugin. -->","yoast_head_json":{"title":"\"Voy a salir limpio, el que nada debe nada teme\", asegura Cu\u00e9n - Fuentes Fidedignas","robots":{"index":"index","follow":"follow","max-snippet":"max-snippet:-1","max-image-preview":"max-image-preview:large","max-video-preview":"max-video-preview:-1"},"canonical":"https:\/\/fuentesfidedignas.com.mx\/index.php\/2023\/05\/13\/voy-a-salir-limpio-el-que-nada-debe-nada-teme-asegura-cuen\/","og_locale":"es_MX","og_type":"article","og_title":"\"Voy a salir limpio, el que nada debe nada teme\", asegura Cu\u00e9n - Fuentes Fidedignas","og_description":"\u201cSiempre me han atacado de manera injusta, yo pr\u00e1cticamente he sido una v\u00edctima\u201d, afirm\u00f3 el presidente del PAS Culiac\u00e1n, Sin.- Estoy tranquilo y seguro de que saldr\u00e9 limpio a pesar de las arbitrariedades que se est\u00e1n cometiendo en mi contra y de mi familia, porque &#8220;el que nada debe nada teme&#8221;, asegur\u00f3 H\u00e9ctor Melesio Cu\u00e9n [&hellip;]","og_url":"https:\/\/fuentesfidedignas.com.mx\/index.php\/2023\/05\/13\/voy-a-salir-limpio-el-que-nada-debe-nada-teme-asegura-cuen\/","og_site_name":"Fuentes Fidedignas","article_publisher":"https:\/\/www.facebook.com\/Fuentes-Fidedignas-368234489921644","article_published_time":"2023-05-13T20:11:17+00:00","article_modified_time":"2023-05-13T21:57:27+00:00","og_image":[{"width":614,"height":491,"url":"https:\/\/fuentesfidedignas.com.mx\/wp-content\/uploads\/2023\/05\/IMG-20230513-WA0019.jpg","type":"image\/jpeg"}],"author":"Marissa Palafox","twitter_card":"summary_large_image","twitter_creator":"@fidedignas","twitter_site":"@fidedignas","twitter_misc":{"Escrito por":"Marissa Palafox","Tiempo de lectura":"2 minutos"},"schema":{"@context":"https:\/\/schema.org","@graph":[{"@type":"Article","@id":"https:\/\/fuentesfidedignas.com.mx\/index.php\/2023\/05\/13\/voy-a-salir-limpio-el-que-nada-debe-nada-teme-asegura-cuen\/#article","isPartOf":{"@id":"https:\/\/fuentesfidedignas.com.mx\/index.php\/2023\/05\/13\/voy-a-salir-limpio-el-que-nada-debe-nada-teme-asegura-cuen\/"},"author":{"name":"Marissa Palafox","@id":"https:\/\/fuentesfidedignas.com.mx\/#\/schema\/person\/2c10028b4a30078c05a056a215342ab9"},"headline":"&#8220;Voy a salir limpio, el que nada debe nada teme&#8221;, asegura Cu\u00e9n","datePublished":"2023-05-13T20:11:17+00:00","dateModified":"2023-05-13T21:57:27+00:00","mainEntityOfPage":{"@id":"https:\/\/fuentesfidedignas.com.mx\/index.php\/2023\/05\/13\/voy-a-salir-limpio-el-que-nada-debe-nada-teme-asegura-cuen\/"},"wordCount":268,"commentCount":0,"publisher":{"@id":"https:\/\/fuentesfidedignas.com.mx\/#organization"},"image":{"@id":"https:\/\/fuentesfidedignas.com.mx\/index.php\/2023\/05\/13\/voy-a-salir-limpio-el-que-nada-debe-nada-teme-asegura-cuen\/#primaryimage"},"thumbnailUrl":"https:\/\/fuentesfidedignas.com.mx\/wp-content\/uploads\/2023\/05\/IMG-20230513-WA0019.jpg","articleSection":["NOTA PRINCIPAL"],"inLanguage":"es","potentialAction":[{"@type":"CommentAction","name":"Comment","target":["https:\/\/fuentesfidedignas.com.mx\/index.php\/2023\/05\/13\/voy-a-salir-limpio-el-que-nada-debe-nada-teme-asegura-cuen\/#respond"]}]},{"@type":"WebPage","@id":"https:\/\/fuentesfidedignas.com.mx\/index.php\/2023\/05\/13\/voy-a-salir-limpio-el-que-nada-debe-nada-teme-asegura-cuen\/","url":"https:\/\/fuentesfidedignas.com.mx\/index.php\/2023\/05\/13\/voy-a-salir-limpio-el-que-nada-debe-nada-teme-asegura-cuen\/","name":"\"Voy a salir limpio, el que nada debe nada teme\", asegura Cu\u00e9n - Fuentes Fidedignas","isPartOf":{"@id":"https:\/\/fuentesfidedignas.com.mx\/#website"},"primaryImageOfPage":{"@id":"https:\/\/fuentesfidedignas.com.mx\/index.php\/2023\/05\/13\/voy-a-salir-limpio-el-que-nada-debe-nada-teme-asegura-cuen\/#primaryimage"},"image":{"@id":"https:\/\/fuentesfidedignas.com.mx\/index.php\/2023\/05\/13\/voy-a-salir-limpio-el-que-nada-debe-nada-teme-asegura-cuen\/#primaryimage"},"thumbnailUrl":"https:\/\/fuentesfidedignas.com.mx\/wp-content\/uploads\/2023\/05\/IMG-20230513-WA0019.jpg","datePublished":"2023-05-13T20:11:17+00:00","dateModified":"2023-05-13T21:57:27+00:00","breadcrumb":{"@id":"https:\/\/fuentesfidedignas.com.mx\/index.php\/2023\/05\/13\/voy-a-salir-limpio-el-que-nada-debe-nada-teme-asegura-cuen\/#breadcrumb"},"inLanguage":"es","potentialAction":[{"@type":"ReadAction","target":["https:\/\/fuentesfidedignas.com.mx\/index.php\/2023\/05\/13\/voy-a-salir-limpio-el-que-nada-debe-nada-teme-asegura-cuen\/"]}]},{"@type":"ImageObject","inLanguage":"es","@id":"https:\/\/fuentesfidedignas.com.mx\/index.php\/2023\/05\/13\/voy-a-salir-limpio-el-que-nada-debe-nada-teme-asegura-cuen\/#primaryimage","url":"https:\/\/fuentesfidedignas.com.mx\/wp-content\/uploads\/2023\/05\/IMG-20230513-WA0019.jpg","contentUrl":"https:\/\/fuentesfidedignas.com.mx\/wp-content\/uploads\/2023\/05\/IMG-20230513-WA0019.jpg","width":614,"height":491},{"@type":"BreadcrumbList","@id":"https:\/\/fuentesfidedignas.com.mx\/index.php\/2023\/05\/13\/voy-a-salir-limpio-el-que-nada-debe-nada-teme-asegura-cuen\/#breadcrumb","itemListElement":[{"@type":"ListItem","position":1,"name":"Inicio","item":"https:\/\/fuentesfidedignas.com.mx\/"},{"@type":"ListItem","position":2,"name":"&#8220;Voy a salir limpio, el que nada debe nada teme&#8221;, asegura Cu\u00e9n"}]},{"@type":"WebSite","@id":"https:\/\/fuentesfidedignas.com.mx\/#website","url":"https:\/\/fuentesfidedignas.com.mx\/","name":"Fuentes Fidedignas","description":"Otro sitio realizado con WordPress","publisher":{"@id":"https:\/\/fuentesfidedignas.com.mx\/#organization"},"potentialAction":[{"@type":"SearchAction","target":{"@type":"EntryPoint","urlTemplate":"https:\/\/fuentesfidedignas.com.mx\/?s={search_term_string}"},"query-input":{"@type":"PropertyValueSpecification","valueRequired":true,"valueName":"search_term_string"}}],"inLanguage":"es"},{"@type":"Organization","@id":"https:\/\/fuentesfidedignas.com.mx\/#organization","name":"Fuentes Fidedignas","url":"https:\/\/fuentesfidedignas.com.mx\/","logo":{"@type":"ImageObject","inLanguage":"es","@id":"https:\/\/fuentesfidedignas.com.mx\/#\/schema\/logo\/image\/","url":"https:\/\/fuentesfidedignas.com.mx\/wp-content\/uploads\/2021\/04\/logo-retina.png","contentUrl":"https:\/\/fuentesfidedignas.com.mx\/wp-content\/uploads\/2021\/04\/logo-retina.png","width":280,"height":51,"caption":"Fuentes Fidedignas"},"image":{"@id":"https:\/\/fuentesfidedignas.com.mx\/#\/schema\/logo\/image\/"},"sameAs":["https:\/\/www.facebook.com\/Fuentes-Fidedignas-368234489921644","https:\/\/x.com\/fidedignas"]},{"@type":"Person","@id":"https:\/\/fuentesfidedignas.com.mx\/#\/schema\/person\/2c10028b4a30078c05a056a215342ab9","name":"Marissa Palafox","image":{"@type":"ImageObject","inLanguage":"es","@id":"https:\/\/secure.gravatar.com\/avatar\/20a43bdb2f2db10f20b22d4e98b96eb027faf98f7f76d29854dc5fab46d1cf71?s=96&d=mm&r=g","url":"https:\/\/secure.gravatar.com\/avatar\/20a43bdb2f2db10f20b22d4e98b96eb027faf98f7f76d29854dc5fab46d1cf71?s=96&d=mm&r=g","contentUrl":"https:\/\/secure.gravatar.com\/avatar\/20a43bdb2f2db10f20b22d4e98b96eb027faf98f7f76d29854dc5fab46d1cf71?s=96&d=mm&r=g","caption":"Marissa Palafox"},"url":"https:\/\/fuentesfidedignas.com.mx\/index.php\/author\/marissa\/"}]}},"_links":{"self":[{"href":"https:\/\/fuentesfidedignas.com.mx\/index.php\/wp-json\/wp\/v2\/posts\/47120","targetHints":{"allow":["GET"]}}],"collection":[{"href":"https:\/\/fuentesfidedignas.com.mx\/index.php\/wp-json\/wp\/v2\/posts"}],"about":[{"href":"https:\/\/fuentesfidedignas.com.mx\/index.php\/wp-json\/wp\/v2\/types\/post"}],"author":[{"embeddable":true,"href":"https:\/\/fuentesfidedignas.com.mx\/index.php\/wp-json\/wp\/v2\/users\/11"}],"replies":[{"embeddable":true,"href":"https:\/\/fuentesfidedignas.com.mx\/index.php\/wp-json\/wp\/v2\/comments?post=47120"}],"version-history":[{"count":8,"href":"https:\/\/fuentesfidedignas.com.mx\/index.php\/wp-json\/wp\/v2\/posts\/47120\/revisions"}],"predecessor-version":[{"id":47169,"href":"https:\/\/fuentesfidedignas.com.mx\/index.php\/wp-json\/wp\/v2\/posts\/47120\/revisions\/47169"}],"wp:featuredmedia":[{"embeddable":true,"href":"https:\/\/fuentesfidedignas.com.mx\/index.php\/wp-json\/wp\/v2\/media\/47124"}],"wp:attachment":[{"href":"https:\/\/fuentesfidedignas.com.mx\/index.php\/wp-json\/wp\/v2\/media?parent=47120"}],"wp:term":[{"taxonomy":"category","embeddable":true,"href":"https:\/\/fuentesfidedignas.com.mx\/index.php\/wp-json\/wp\/v2\/categories?post=47120"},{"taxonomy":"post_tag","embeddable":true,"href":"https:\/\/fuentesfidedignas.com.mx\/index.php\/wp-json\/wp\/v2\/tags?post=47120"}],"curies":[{"name":"wp","href":"https:\/\/api.w.org\/{rel}","templated":true}]}}