{"id":4696,"date":"2021-06-10T08:24:43","date_gmt":"2021-06-10T15:24:43","guid":{"rendered":"https:\/\/fuentesfidedignas.com.mx\/?p=4696"},"modified":"2021-06-10T08:24:44","modified_gmt":"2021-06-10T15:24:44","slug":"sinaloa-potencia-economica-en-la-agricultura","status":"publish","type":"post","link":"https:\/\/fuentesfidedignas.com.mx\/index.php\/2021\/06\/10\/sinaloa-potencia-economica-en-la-agricultura\/","title":{"rendered":"Sinaloa potencia econ\u00f3mica en la agricultura"},"content":{"rendered":"\n<p><strong><em>Participa la Secretar\u00eda de Econom\u00eda de Sinaloa en \u201cInfoagro Exhibition M\u00e9xico 2021\u201d, una muestra de la industria auxiliar agr\u00edcola<\/em><\/strong><\/p>\n\n\n\n<p>Mazatl\u00e1n Sin.- Con la finalidad de impulsar y acercar a las Mipymes con grandes compradores a nivel nacional e internacional la Secretar\u00eda de Econom\u00eda participa en Infoagro Exhibition M\u00e9xico 2021 a trav\u00e9s del Corredor Mipyme y el \u00e1rea de Encuentros de Negocios B2B.<\/p>\n\n\n\n<p>El corredor Mipyme es un pabell\u00f3n de 23 micro, peque\u00f1as y medianas empresas de todo el estado, d\u00f3nde tendr\u00e1n oportunidad de ofertar sus productos, incrementar sus canales de ventas, crear alianzas y posicionar su marca, mientras que en el \u00e1rea de encuentros de negocios B2B se llevar\u00e1n a cabo de manera presencial y\/o sesiones virtuales, es un espacio para identificar oportunidades de comercializaci\u00f3n para productos y servicios, de esta forma se acercar\u00e1 a los productores y empresas locales con las empresas nacionales e internacionales interesadas en la oferta de productos y servicios de Sinaloa.<\/p>\n\n\n\n<p>En esta Infoagro Exhibition M\u00e9xico 2021 participan compradores internacionales de Francia, Holanda, Espa\u00f1a, Jap\u00f3n y Estados Unidos y compradores nacionales, m\u00e1s de 50 proveedores de MiPymes sinaloenses y m\u00e1s de 15 productores participantes.<\/p>\n\n\n\n<p>En su mensaje el Secretario de Econom\u00eda, Javier Liz\u00e1rraga Mercado dijo que Sinaloa cuenta con una agricultura potente que representa un poco m\u00e1s del 10 % del PIB, y tiene el 13 % en el sector primario.<\/p>\n\n\n\n<p>\u201cSeguimos siendo un estado eminentemente primario, muy potente y poderoso donde nos hemos llevado los primeros lugares en muchos conceptos, el granero de M\u00e9xico, la mayor producci\u00f3n pesquera y el sector agropecuario exportador m\u00e1s importante, porque casi el 60 % de los productos c\u00e1rnicos que hoy se exportan desde este pa\u00eds son o provienen de empresas sinaloenses\u201d, destac\u00f3.<\/p>\n\n\n\n<p>Sin embargo, dijo, Sinaloa sigue representando el 2,2 % del producto interno bruto nacional por lo que la apuesta es hacia la industrializaci\u00f3n, por lo que de tal forma es que la agroindustria ha sido importante en los \u00faltimos a\u00f1os y se ha desarrollado de manera importante dado que representa un componente importante del PIB industrial.<\/p>\n\n\n\n<p>El Secretario de Econom\u00eda de Sinaloa inform\u00f3 que en medio de la pandemia el a\u00f1o pasado Sinaloa registr\u00f3 3 mil 993 millones de d\u00f3lares en exportaciones.<\/p>\n\n\n\n<p>\u201cSi se suman el rengl\u00f3n de la agroindustria al sector agr\u00edcola, pesquero y pecuario de Sinaloa, las exportaciones fueron del 78 % en estos sectores, esto habla de la potencia de Sinaloa en la agricultura\u201d, mencion\u00f3.<\/p>\n\n\n\n<p>En esta Infoagro Exhibition M\u00e9xico 2021 el visitante profesional encontrar\u00e1 productos y servicios ofrecidos por las empresas m\u00e1s potentes del sector a nivel mundial y pertenecientes a todos los subsectores de la agricultura y de la industria auxiliar, como la nutrici\u00f3n y la sanidad vegetal, soluciones de riego inteligente, maquinaria agr\u00edcola, productos especialmente formulados para agricultura ecol\u00f3gica y los proyectos m\u00e1s innovadores del mercado, concebidos por empresas del Smart &amp; Startup Agro.<\/p>\n","protected":false},"excerpt":{"rendered":"<p>Participa la Secretar\u00eda de Econom\u00eda de Sinaloa en \u201cInfoagro Exhibition M\u00e9xico 2021\u201d, una muestra de la industria auxiliar agr\u00edcola Mazatl\u00e1n Sin.- Con la finalidad de impulsar y acercar a las Mipymes con grandes compradores a nivel nacional e internacional la Secretar\u00eda de Econom\u00eda participa en Infoagro Exhibition M\u00e9xico 2021 a trav\u00e9s del Corredor Mipyme y [&hellip;]<\/p>\n","protected":false},"author":4,"featured_media":4697,"comment_status":"open","ping_status":"open","sticky":false,"template":"","format":"standard","meta":{"tdm_status":"","tdm_grid_status":"","footnotes":""},"categories":[37],"tags":[728,730,729,49],"class_list":{"0":"post-4696","1":"post","2":"type-post","3":"status-publish","4":"format-standard","5":"has-post-thumbnail","7":"category-nota-principal","8":"tag-agricultura","9":"tag-infoagro-exhibition-mexico-2021","10":"tag-mipymes","11":"tag-sinaloa"},"yoast_head":"<!-- This site is optimized with the Yoast SEO plugin v27.4 - https:\/\/yoast.com\/product\/yoast-seo-wordpress\/ -->\n<title>Sinaloa potencia econ\u00f3mica en la agricultura - Fuentes Fidedignas<\/title>\n<meta name=\"robots\" content=\"index, follow, max-snippet:-1, max-image-preview:large, max-video-preview:-1\" \/>\n<link rel=\"canonical\" href=\"https:\/\/fuentesfidedignas.com.mx\/index.php\/2021\/06\/10\/sinaloa-potencia-economica-en-la-agricultura\/\" \/>\n<meta property=\"og:locale\" content=\"es_MX\" \/>\n<meta property=\"og:type\" content=\"article\" \/>\n<meta property=\"og:title\" content=\"Sinaloa potencia econ\u00f3mica en la agricultura - Fuentes Fidedignas\" \/>\n<meta property=\"og:description\" content=\"Participa la Secretar\u00eda de Econom\u00eda de Sinaloa en \u201cInfoagro Exhibition M\u00e9xico 2021\u201d, una muestra de la industria auxiliar agr\u00edcola Mazatl\u00e1n Sin.- Con la finalidad de impulsar y acercar a las Mipymes con grandes compradores a nivel nacional e internacional la Secretar\u00eda de Econom\u00eda participa en Infoagro Exhibition M\u00e9xico 2021 a trav\u00e9s del Corredor Mipyme y [&hellip;]\" \/>\n<meta property=\"og:url\" content=\"https:\/\/fuentesfidedignas.com.mx\/index.php\/2021\/06\/10\/sinaloa-potencia-economica-en-la-agricultura\/\" \/>\n<meta property=\"og:site_name\" content=\"Fuentes Fidedignas\" \/>\n<meta property=\"article:publisher\" content=\"https:\/\/www.facebook.com\/Fuentes-Fidedignas-368234489921644\" \/>\n<meta property=\"article:published_time\" content=\"2021-06-10T15:24:43+00:00\" \/>\n<meta property=\"article:modified_time\" content=\"2021-06-10T15:24:44+00:00\" \/>\n<meta property=\"og:image\" content=\"https:\/\/fuentesfidedignas.com.mx\/wp-content\/uploads\/2021\/06\/cb5116ab-d21c-4f32-b321-16af3875d05b.jpg\" \/>\n\t<meta property=\"og:image:width\" content=\"1600\" \/>\n\t<meta property=\"og:image:height\" content=\"1200\" \/>\n\t<meta property=\"og:image:type\" content=\"image\/jpeg\" \/>\n<meta name=\"author\" content=\"Redacci\u00f3n\" \/>\n<meta name=\"twitter:card\" content=\"summary_large_image\" \/>\n<meta name=\"twitter:creator\" content=\"@fidedignas\" \/>\n<meta name=\"twitter:site\" content=\"@fidedignas\" \/>\n<meta name=\"twitter:label1\" content=\"Escrito por\" \/>\n\t<meta name=\"twitter:data1\" content=\"Redacci\u00f3n\" \/>\n\t<meta name=\"twitter:label2\" content=\"Tiempo de lectura\" \/>\n\t<meta name=\"twitter:data2\" content=\"3 minutos\" \/>\n<script type=\"application\/ld+json\" class=\"yoast-schema-graph\">{\"@context\":\"https:\\\/\\\/schema.org\",\"@graph\":[{\"@type\":\"Article\",\"@id\":\"https:\\\/\\\/fuentesfidedignas.com.mx\\\/index.php\\\/2021\\\/06\\\/10\\\/sinaloa-potencia-economica-en-la-agricultura\\\/#article\",\"isPartOf\":{\"@id\":\"https:\\\/\\\/fuentesfidedignas.com.mx\\\/index.php\\\/2021\\\/06\\\/10\\\/sinaloa-potencia-economica-en-la-agricultura\\\/\"},\"author\":{\"name\":\"Redacci\u00f3n\",\"@id\":\"https:\\\/\\\/fuentesfidedignas.com.mx\\\/#\\\/schema\\\/person\\\/331be9283d37198e2acd5750279085b0\"},\"headline\":\"Sinaloa potencia econ\u00f3mica en la agricultura\",\"datePublished\":\"2021-06-10T15:24:43+00:00\",\"dateModified\":\"2021-06-10T15:24:44+00:00\",\"mainEntityOfPage\":{\"@id\":\"https:\\\/\\\/fuentesfidedignas.com.mx\\\/index.php\\\/2021\\\/06\\\/10\\\/sinaloa-potencia-economica-en-la-agricultura\\\/\"},\"wordCount\":507,\"commentCount\":0,\"publisher\":{\"@id\":\"https:\\\/\\\/fuentesfidedignas.com.mx\\\/#organization\"},\"image\":{\"@id\":\"https:\\\/\\\/fuentesfidedignas.com.mx\\\/index.php\\\/2021\\\/06\\\/10\\\/sinaloa-potencia-economica-en-la-agricultura\\\/#primaryimage\"},\"thumbnailUrl\":\"https:\\\/\\\/fuentesfidedignas.com.mx\\\/wp-content\\\/uploads\\\/2021\\\/06\\\/cb5116ab-d21c-4f32-b321-16af3875d05b.jpg\",\"keywords\":[\"Agricultura\",\"Infoagro Exhibition M\u00e9xico 2021\",\"Mipymes\",\"sinaloa\"],\"articleSection\":[\"NOTA PRINCIPAL\"],\"inLanguage\":\"es\",\"potentialAction\":[{\"@type\":\"CommentAction\",\"name\":\"Comment\",\"target\":[\"https:\\\/\\\/fuentesfidedignas.com.mx\\\/index.php\\\/2021\\\/06\\\/10\\\/sinaloa-potencia-economica-en-la-agricultura\\\/#respond\"]}]},{\"@type\":\"WebPage\",\"@id\":\"https:\\\/\\\/fuentesfidedignas.com.mx\\\/index.php\\\/2021\\\/06\\\/10\\\/sinaloa-potencia-economica-en-la-agricultura\\\/\",\"url\":\"https:\\\/\\\/fuentesfidedignas.com.mx\\\/index.php\\\/2021\\\/06\\\/10\\\/sinaloa-potencia-economica-en-la-agricultura\\\/\",\"name\":\"Sinaloa potencia econ\u00f3mica en la agricultura - Fuentes Fidedignas\",\"isPartOf\":{\"@id\":\"https:\\\/\\\/fuentesfidedignas.com.mx\\\/#website\"},\"primaryImageOfPage\":{\"@id\":\"https:\\\/\\\/fuentesfidedignas.com.mx\\\/index.php\\\/2021\\\/06\\\/10\\\/sinaloa-potencia-economica-en-la-agricultura\\\/#primaryimage\"},\"image\":{\"@id\":\"https:\\\/\\\/fuentesfidedignas.com.mx\\\/index.php\\\/2021\\\/06\\\/10\\\/sinaloa-potencia-economica-en-la-agricultura\\\/#primaryimage\"},\"thumbnailUrl\":\"https:\\\/\\\/fuentesfidedignas.com.mx\\\/wp-content\\\/uploads\\\/2021\\\/06\\\/cb5116ab-d21c-4f32-b321-16af3875d05b.jpg\",\"datePublished\":\"2021-06-10T15:24:43+00:00\",\"dateModified\":\"2021-06-10T15:24:44+00:00\",\"breadcrumb\":{\"@id\":\"https:\\\/\\\/fuentesfidedignas.com.mx\\\/index.php\\\/2021\\\/06\\\/10\\\/sinaloa-potencia-economica-en-la-agricultura\\\/#breadcrumb\"},\"inLanguage\":\"es\",\"potentialAction\":[{\"@type\":\"ReadAction\",\"target\":[\"https:\\\/\\\/fuentesfidedignas.com.mx\\\/index.php\\\/2021\\\/06\\\/10\\\/sinaloa-potencia-economica-en-la-agricultura\\\/\"]}]},{\"@type\":\"ImageObject\",\"inLanguage\":\"es\",\"@id\":\"https:\\\/\\\/fuentesfidedignas.com.mx\\\/index.php\\\/2021\\\/06\\\/10\\\/sinaloa-potencia-economica-en-la-agricultura\\\/#primaryimage\",\"url\":\"https:\\\/\\\/fuentesfidedignas.com.mx\\\/wp-content\\\/uploads\\\/2021\\\/06\\\/cb5116ab-d21c-4f32-b321-16af3875d05b.jpg\",\"contentUrl\":\"https:\\\/\\\/fuentesfidedignas.com.mx\\\/wp-content\\\/uploads\\\/2021\\\/06\\\/cb5116ab-d21c-4f32-b321-16af3875d05b.jpg\",\"width\":1600,\"height\":1200},{\"@type\":\"BreadcrumbList\",\"@id\":\"https:\\\/\\\/fuentesfidedignas.com.mx\\\/index.php\\\/2021\\\/06\\\/10\\\/sinaloa-potencia-economica-en-la-agricultura\\\/#breadcrumb\",\"itemListElement\":[{\"@type\":\"ListItem\",\"position\":1,\"name\":\"Inicio\",\"item\":\"https:\\\/\\\/fuentesfidedignas.com.mx\\\/\"},{\"@type\":\"ListItem\",\"position\":2,\"name\":\"Sinaloa potencia econ\u00f3mica en la agricultura\"}]},{\"@type\":\"WebSite\",\"@id\":\"https:\\\/\\\/fuentesfidedignas.com.mx\\\/#website\",\"url\":\"https:\\\/\\\/fuentesfidedignas.com.mx\\\/\",\"name\":\"Fuentes Fidedignas\",\"description\":\"Otro sitio realizado con WordPress\",\"publisher\":{\"@id\":\"https:\\\/\\\/fuentesfidedignas.com.mx\\\/#organization\"},\"potentialAction\":[{\"@type\":\"SearchAction\",\"target\":{\"@type\":\"EntryPoint\",\"urlTemplate\":\"https:\\\/\\\/fuentesfidedignas.com.mx\\\/?s={search_term_string}\"},\"query-input\":{\"@type\":\"PropertyValueSpecification\",\"valueRequired\":true,\"valueName\":\"search_term_string\"}}],\"inLanguage\":\"es\"},{\"@type\":\"Organization\",\"@id\":\"https:\\\/\\\/fuentesfidedignas.com.mx\\\/#organization\",\"name\":\"Fuentes Fidedignas\",\"url\":\"https:\\\/\\\/fuentesfidedignas.com.mx\\\/\",\"logo\":{\"@type\":\"ImageObject\",\"inLanguage\":\"es\",\"@id\":\"https:\\\/\\\/fuentesfidedignas.com.mx\\\/#\\\/schema\\\/logo\\\/image\\\/\",\"url\":\"https:\\\/\\\/fuentesfidedignas.com.mx\\\/wp-content\\\/uploads\\\/2021\\\/04\\\/logo-retina.png\",\"contentUrl\":\"https:\\\/\\\/fuentesfidedignas.com.mx\\\/wp-content\\\/uploads\\\/2021\\\/04\\\/logo-retina.png\",\"width\":280,\"height\":51,\"caption\":\"Fuentes Fidedignas\"},\"image\":{\"@id\":\"https:\\\/\\\/fuentesfidedignas.com.mx\\\/#\\\/schema\\\/logo\\\/image\\\/\"},\"sameAs\":[\"https:\\\/\\\/www.facebook.com\\\/Fuentes-Fidedignas-368234489921644\",\"https:\\\/\\\/x.com\\\/fidedignas\"]},{\"@type\":\"Person\",\"@id\":\"https:\\\/\\\/fuentesfidedignas.com.mx\\\/#\\\/schema\\\/person\\\/331be9283d37198e2acd5750279085b0\",\"name\":\"Redacci\u00f3n\",\"image\":{\"@type\":\"ImageObject\",\"inLanguage\":\"es\",\"@id\":\"https:\\\/\\\/secure.gravatar.com\\\/avatar\\\/f6d8782c11d12b2d4ad3fbb6931aeab5309937a4d6cd2fc9cfaa28a6396a5aec?s=96&d=mm&r=g\",\"url\":\"https:\\\/\\\/secure.gravatar.com\\\/avatar\\\/f6d8782c11d12b2d4ad3fbb6931aeab5309937a4d6cd2fc9cfaa28a6396a5aec?s=96&d=mm&r=g\",\"contentUrl\":\"https:\\\/\\\/secure.gravatar.com\\\/avatar\\\/f6d8782c11d12b2d4ad3fbb6931aeab5309937a4d6cd2fc9cfaa28a6396a5aec?s=96&d=mm&r=g\",\"caption\":\"Redacci\u00f3n\"},\"url\":\"https:\\\/\\\/fuentesfidedignas.com.mx\\\/index.php\\\/author\\\/redaccion\\\/\"}]}<\/script>\n<!-- \/ Yoast SEO plugin. -->","yoast_head_json":{"title":"Sinaloa potencia econ\u00f3mica en la agricultura - Fuentes Fidedignas","robots":{"index":"index","follow":"follow","max-snippet":"max-snippet:-1","max-image-preview":"max-image-preview:large","max-video-preview":"max-video-preview:-1"},"canonical":"https:\/\/fuentesfidedignas.com.mx\/index.php\/2021\/06\/10\/sinaloa-potencia-economica-en-la-agricultura\/","og_locale":"es_MX","og_type":"article","og_title":"Sinaloa potencia econ\u00f3mica en la agricultura - Fuentes Fidedignas","og_description":"Participa la Secretar\u00eda de Econom\u00eda de Sinaloa en \u201cInfoagro Exhibition M\u00e9xico 2021\u201d, una muestra de la industria auxiliar agr\u00edcola Mazatl\u00e1n Sin.- Con la finalidad de impulsar y acercar a las Mipymes con grandes compradores a nivel nacional e internacional la Secretar\u00eda de Econom\u00eda participa en Infoagro Exhibition M\u00e9xico 2021 a trav\u00e9s del Corredor Mipyme y [&hellip;]","og_url":"https:\/\/fuentesfidedignas.com.mx\/index.php\/2021\/06\/10\/sinaloa-potencia-economica-en-la-agricultura\/","og_site_name":"Fuentes Fidedignas","article_publisher":"https:\/\/www.facebook.com\/Fuentes-Fidedignas-368234489921644","article_published_time":"2021-06-10T15:24:43+00:00","article_modified_time":"2021-06-10T15:24:44+00:00","og_image":[{"width":1600,"height":1200,"url":"https:\/\/fuentesfidedignas.com.mx\/wp-content\/uploads\/2021\/06\/cb5116ab-d21c-4f32-b321-16af3875d05b.jpg","type":"image\/jpeg"}],"author":"Redacci\u00f3n","twitter_card":"summary_large_image","twitter_creator":"@fidedignas","twitter_site":"@fidedignas","twitter_misc":{"Escrito por":"Redacci\u00f3n","Tiempo de lectura":"3 minutos"},"schema":{"@context":"https:\/\/schema.org","@graph":[{"@type":"Article","@id":"https:\/\/fuentesfidedignas.com.mx\/index.php\/2021\/06\/10\/sinaloa-potencia-economica-en-la-agricultura\/#article","isPartOf":{"@id":"https:\/\/fuentesfidedignas.com.mx\/index.php\/2021\/06\/10\/sinaloa-potencia-economica-en-la-agricultura\/"},"author":{"name":"Redacci\u00f3n","@id":"https:\/\/fuentesfidedignas.com.mx\/#\/schema\/person\/331be9283d37198e2acd5750279085b0"},"headline":"Sinaloa potencia econ\u00f3mica en la agricultura","datePublished":"2021-06-10T15:24:43+00:00","dateModified":"2021-06-10T15:24:44+00:00","mainEntityOfPage":{"@id":"https:\/\/fuentesfidedignas.com.mx\/index.php\/2021\/06\/10\/sinaloa-potencia-economica-en-la-agricultura\/"},"wordCount":507,"commentCount":0,"publisher":{"@id":"https:\/\/fuentesfidedignas.com.mx\/#organization"},"image":{"@id":"https:\/\/fuentesfidedignas.com.mx\/index.php\/2021\/06\/10\/sinaloa-potencia-economica-en-la-agricultura\/#primaryimage"},"thumbnailUrl":"https:\/\/fuentesfidedignas.com.mx\/wp-content\/uploads\/2021\/06\/cb5116ab-d21c-4f32-b321-16af3875d05b.jpg","keywords":["Agricultura","Infoagro Exhibition M\u00e9xico 2021","Mipymes","sinaloa"],"articleSection":["NOTA PRINCIPAL"],"inLanguage":"es","potentialAction":[{"@type":"CommentAction","name":"Comment","target":["https:\/\/fuentesfidedignas.com.mx\/index.php\/2021\/06\/10\/sinaloa-potencia-economica-en-la-agricultura\/#respond"]}]},{"@type":"WebPage","@id":"https:\/\/fuentesfidedignas.com.mx\/index.php\/2021\/06\/10\/sinaloa-potencia-economica-en-la-agricultura\/","url":"https:\/\/fuentesfidedignas.com.mx\/index.php\/2021\/06\/10\/sinaloa-potencia-economica-en-la-agricultura\/","name":"Sinaloa potencia econ\u00f3mica en la agricultura - Fuentes Fidedignas","isPartOf":{"@id":"https:\/\/fuentesfidedignas.com.mx\/#website"},"primaryImageOfPage":{"@id":"https:\/\/fuentesfidedignas.com.mx\/index.php\/2021\/06\/10\/sinaloa-potencia-economica-en-la-agricultura\/#primaryimage"},"image":{"@id":"https:\/\/fuentesfidedignas.com.mx\/index.php\/2021\/06\/10\/sinaloa-potencia-economica-en-la-agricultura\/#primaryimage"},"thumbnailUrl":"https:\/\/fuentesfidedignas.com.mx\/wp-content\/uploads\/2021\/06\/cb5116ab-d21c-4f32-b321-16af3875d05b.jpg","datePublished":"2021-06-10T15:24:43+00:00","dateModified":"2021-06-10T15:24:44+00:00","breadcrumb":{"@id":"https:\/\/fuentesfidedignas.com.mx\/index.php\/2021\/06\/10\/sinaloa-potencia-economica-en-la-agricultura\/#breadcrumb"},"inLanguage":"es","potentialAction":[{"@type":"ReadAction","target":["https:\/\/fuentesfidedignas.com.mx\/index.php\/2021\/06\/10\/sinaloa-potencia-economica-en-la-agricultura\/"]}]},{"@type":"ImageObject","inLanguage":"es","@id":"https:\/\/fuentesfidedignas.com.mx\/index.php\/2021\/06\/10\/sinaloa-potencia-economica-en-la-agricultura\/#primaryimage","url":"https:\/\/fuentesfidedignas.com.mx\/wp-content\/uploads\/2021\/06\/cb5116ab-d21c-4f32-b321-16af3875d05b.jpg","contentUrl":"https:\/\/fuentesfidedignas.com.mx\/wp-content\/uploads\/2021\/06\/cb5116ab-d21c-4f32-b321-16af3875d05b.jpg","width":1600,"height":1200},{"@type":"BreadcrumbList","@id":"https:\/\/fuentesfidedignas.com.mx\/index.php\/2021\/06\/10\/sinaloa-potencia-economica-en-la-agricultura\/#breadcrumb","itemListElement":[{"@type":"ListItem","position":1,"name":"Inicio","item":"https:\/\/fuentesfidedignas.com.mx\/"},{"@type":"ListItem","position":2,"name":"Sinaloa potencia econ\u00f3mica en la agricultura"}]},{"@type":"WebSite","@id":"https:\/\/fuentesfidedignas.com.mx\/#website","url":"https:\/\/fuentesfidedignas.com.mx\/","name":"Fuentes Fidedignas","description":"Otro sitio realizado con WordPress","publisher":{"@id":"https:\/\/fuentesfidedignas.com.mx\/#organization"},"potentialAction":[{"@type":"SearchAction","target":{"@type":"EntryPoint","urlTemplate":"https:\/\/fuentesfidedignas.com.mx\/?s={search_term_string}"},"query-input":{"@type":"PropertyValueSpecification","valueRequired":true,"valueName":"search_term_string"}}],"inLanguage":"es"},{"@type":"Organization","@id":"https:\/\/fuentesfidedignas.com.mx\/#organization","name":"Fuentes Fidedignas","url":"https:\/\/fuentesfidedignas.com.mx\/","logo":{"@type":"ImageObject","inLanguage":"es","@id":"https:\/\/fuentesfidedignas.com.mx\/#\/schema\/logo\/image\/","url":"https:\/\/fuentesfidedignas.com.mx\/wp-content\/uploads\/2021\/04\/logo-retina.png","contentUrl":"https:\/\/fuentesfidedignas.com.mx\/wp-content\/uploads\/2021\/04\/logo-retina.png","width":280,"height":51,"caption":"Fuentes Fidedignas"},"image":{"@id":"https:\/\/fuentesfidedignas.com.mx\/#\/schema\/logo\/image\/"},"sameAs":["https:\/\/www.facebook.com\/Fuentes-Fidedignas-368234489921644","https:\/\/x.com\/fidedignas"]},{"@type":"Person","@id":"https:\/\/fuentesfidedignas.com.mx\/#\/schema\/person\/331be9283d37198e2acd5750279085b0","name":"Redacci\u00f3n","image":{"@type":"ImageObject","inLanguage":"es","@id":"https:\/\/secure.gravatar.com\/avatar\/f6d8782c11d12b2d4ad3fbb6931aeab5309937a4d6cd2fc9cfaa28a6396a5aec?s=96&d=mm&r=g","url":"https:\/\/secure.gravatar.com\/avatar\/f6d8782c11d12b2d4ad3fbb6931aeab5309937a4d6cd2fc9cfaa28a6396a5aec?s=96&d=mm&r=g","contentUrl":"https:\/\/secure.gravatar.com\/avatar\/f6d8782c11d12b2d4ad3fbb6931aeab5309937a4d6cd2fc9cfaa28a6396a5aec?s=96&d=mm&r=g","caption":"Redacci\u00f3n"},"url":"https:\/\/fuentesfidedignas.com.mx\/index.php\/author\/redaccion\/"}]}},"_links":{"self":[{"href":"https:\/\/fuentesfidedignas.com.mx\/index.php\/wp-json\/wp\/v2\/posts\/4696","targetHints":{"allow":["GET"]}}],"collection":[{"href":"https:\/\/fuentesfidedignas.com.mx\/index.php\/wp-json\/wp\/v2\/posts"}],"about":[{"href":"https:\/\/fuentesfidedignas.com.mx\/index.php\/wp-json\/wp\/v2\/types\/post"}],"author":[{"embeddable":true,"href":"https:\/\/fuentesfidedignas.com.mx\/index.php\/wp-json\/wp\/v2\/users\/4"}],"replies":[{"embeddable":true,"href":"https:\/\/fuentesfidedignas.com.mx\/index.php\/wp-json\/wp\/v2\/comments?post=4696"}],"version-history":[{"count":1,"href":"https:\/\/fuentesfidedignas.com.mx\/index.php\/wp-json\/wp\/v2\/posts\/4696\/revisions"}],"predecessor-version":[{"id":4698,"href":"https:\/\/fuentesfidedignas.com.mx\/index.php\/wp-json\/wp\/v2\/posts\/4696\/revisions\/4698"}],"wp:featuredmedia":[{"embeddable":true,"href":"https:\/\/fuentesfidedignas.com.mx\/index.php\/wp-json\/wp\/v2\/media\/4697"}],"wp:attachment":[{"href":"https:\/\/fuentesfidedignas.com.mx\/index.php\/wp-json\/wp\/v2\/media?parent=4696"}],"wp:term":[{"taxonomy":"category","embeddable":true,"href":"https:\/\/fuentesfidedignas.com.mx\/index.php\/wp-json\/wp\/v2\/categories?post=4696"},{"taxonomy":"post_tag","embeddable":true,"href":"https:\/\/fuentesfidedignas.com.mx\/index.php\/wp-json\/wp\/v2\/tags?post=4696"}],"curies":[{"name":"wp","href":"https:\/\/api.w.org\/{rel}","templated":true}]}}