{"id":4664,"date":"2021-06-09T17:10:05","date_gmt":"2021-06-10T00:10:05","guid":{"rendered":"https:\/\/fuentesfidedignas.com.mx\/?p=4664"},"modified":"2021-06-09T17:10:07","modified_gmt":"2021-06-10T00:10:07","slug":"todo-mi-apoyo-moral-y-politico-para-gildardo-leyva-ruben-rocha","status":"publish","type":"post","link":"https:\/\/fuentesfidedignas.com.mx\/index.php\/2021\/06\/09\/todo-mi-apoyo-moral-y-politico-para-gildardo-leyva-ruben-rocha\/","title":{"rendered":"Todo mi apoyo moral y pol\u00edtico para Gildardo Leyva: Rub\u00e9n Rocha"},"content":{"rendered":"\n<p><strong><em>Asegur\u00f3 que conf\u00eda en la democracia y que en unas cuantas horas, Gildardo Leyva ser\u00e1 el pr\u00f3ximo presidente municipal electo de El Fuerte<\/em><\/strong><\/p>\n\n\n\n<p>El Fuerte, Sin. &#8211; Todo mi apoyo moral y pol\u00edtico para Gildardo Leyva, pues encabeza el conteo de la elecci\u00f3n por la. Presidencia Municipal de El Fuerte, afirm\u00f3 el gobernador electo Rub\u00e9n Rocha Moya.<\/p>\n\n\n\n<p>Arrib\u00f3 en punto de las 16:00 horas a las instalaciones de Comit\u00e9 Municipal del Instituto Electoral del Estado de Sinaloa (IEES) en El Fuerte para refrendar su apoyo al candidato morenista en el conteo de votos.<\/p>\n\n\n\n<p>Rub\u00e9n Rocha asegur\u00f3 que conf\u00eda en la democracia y que en unas cuantas horas, Gildardo Leyva ser\u00e1 el pr\u00f3ximo presidente municipal electo de El Fuerte.<\/p>\n\n\n\n<p>Cabe destacar que en los resultados del conteo r\u00e1pido, el candidato de Morena termin\u00f3 al frente, pero ser\u00e1 hoy despu\u00e9s de un reconteo de votos de 83 casillas que se podr\u00eda definir al ganador y por cu\u00e1nta ventaja ser\u00eda.<\/p>\n\n\n\n<p>Con actas en mano, moenistas aseguran que su triunfo es irreversible por m\u00e1s de 1500 votos, mismos que estallaron en j\u00fabilo al recibir a los virtuales ganadores.<\/p>\n","protected":false},"excerpt":{"rendered":"<p>Asegur\u00f3 que conf\u00eda en la democracia y que en unas cuantas horas, Gildardo Leyva ser\u00e1 el pr\u00f3ximo presidente municipal electo de El Fuerte El Fuerte, Sin. &#8211; Todo mi apoyo moral y pol\u00edtico para Gildardo Leyva, pues encabeza el conteo de la elecci\u00f3n por la. Presidencia Municipal de El Fuerte, afirm\u00f3 el gobernador electo Rub\u00e9n [&hellip;]<\/p>\n","protected":false},"author":4,"featured_media":4665,"comment_status":"open","ping_status":"open","sticky":false,"template":"","format":"standard","meta":{"tdm_status":"","tdm_grid_status":"","footnotes":""},"categories":[38],"tags":[],"class_list":{"0":"post-4664","1":"post","2":"type-post","3":"status-publish","4":"format-standard","5":"has-post-thumbnail","7":"category-noticias-locales"},"yoast_head":"<!-- This site is optimized with the Yoast SEO plugin v27.5 - https:\/\/yoast.com\/product\/yoast-seo-wordpress\/ -->\n<title>Todo mi apoyo moral y pol\u00edtico para Gildardo Leyva: Rub\u00e9n Rocha - Fuentes Fidedignas<\/title>\n<meta name=\"robots\" content=\"index, follow, max-snippet:-1, max-image-preview:large, max-video-preview:-1\" \/>\n<link rel=\"canonical\" href=\"https:\/\/fuentesfidedignas.com.mx\/index.php\/2021\/06\/09\/todo-mi-apoyo-moral-y-politico-para-gildardo-leyva-ruben-rocha\/\" \/>\n<meta property=\"og:locale\" content=\"es_MX\" \/>\n<meta property=\"og:type\" content=\"article\" \/>\n<meta property=\"og:title\" content=\"Todo mi apoyo moral y pol\u00edtico para Gildardo Leyva: Rub\u00e9n Rocha - Fuentes Fidedignas\" \/>\n<meta property=\"og:description\" content=\"Asegur\u00f3 que conf\u00eda en la democracia y que en unas cuantas horas, Gildardo Leyva ser\u00e1 el pr\u00f3ximo presidente municipal electo de El Fuerte El Fuerte, Sin. &#8211; Todo mi apoyo moral y pol\u00edtico para Gildardo Leyva, pues encabeza el conteo de la elecci\u00f3n por la. Presidencia Municipal de El Fuerte, afirm\u00f3 el gobernador electo Rub\u00e9n [&hellip;]\" \/>\n<meta property=\"og:url\" content=\"https:\/\/fuentesfidedignas.com.mx\/index.php\/2021\/06\/09\/todo-mi-apoyo-moral-y-politico-para-gildardo-leyva-ruben-rocha\/\" \/>\n<meta property=\"og:site_name\" content=\"Fuentes Fidedignas\" \/>\n<meta property=\"article:publisher\" content=\"https:\/\/www.facebook.com\/Fuentes-Fidedignas-368234489921644\" \/>\n<meta property=\"article:published_time\" content=\"2021-06-10T00:10:05+00:00\" \/>\n<meta property=\"article:modified_time\" content=\"2021-06-10T00:10:07+00:00\" \/>\n<meta property=\"og:image\" content=\"https:\/\/fuentesfidedignas.com.mx\/wp-content\/uploads\/2021\/06\/IMG_20210609_180615.jpg\" \/>\n\t<meta property=\"og:image:width\" content=\"1211\" \/>\n\t<meta property=\"og:image:height\" content=\"888\" \/>\n\t<meta property=\"og:image:type\" content=\"image\/jpeg\" \/>\n<meta name=\"author\" content=\"Redacci\u00f3n\" \/>\n<meta name=\"twitter:card\" content=\"summary_large_image\" \/>\n<meta name=\"twitter:creator\" content=\"@fidedignas\" \/>\n<meta name=\"twitter:site\" content=\"@fidedignas\" \/>\n<meta name=\"twitter:label1\" content=\"Escrito por\" \/>\n\t<meta name=\"twitter:data1\" content=\"Redacci\u00f3n\" \/>\n\t<meta name=\"twitter:label2\" content=\"Tiempo de lectura\" \/>\n\t<meta name=\"twitter:data2\" content=\"1 minuto\" \/>\n<script type=\"application\/ld+json\" class=\"yoast-schema-graph\">{\"@context\":\"https:\\\/\\\/schema.org\",\"@graph\":[{\"@type\":\"Article\",\"@id\":\"https:\\\/\\\/fuentesfidedignas.com.mx\\\/index.php\\\/2021\\\/06\\\/09\\\/todo-mi-apoyo-moral-y-politico-para-gildardo-leyva-ruben-rocha\\\/#article\",\"isPartOf\":{\"@id\":\"https:\\\/\\\/fuentesfidedignas.com.mx\\\/index.php\\\/2021\\\/06\\\/09\\\/todo-mi-apoyo-moral-y-politico-para-gildardo-leyva-ruben-rocha\\\/\"},\"author\":{\"name\":\"Redacci\u00f3n\",\"@id\":\"https:\\\/\\\/fuentesfidedignas.com.mx\\\/#\\\/schema\\\/person\\\/331be9283d37198e2acd5750279085b0\"},\"headline\":\"Todo mi apoyo moral y pol\u00edtico para Gildardo Leyva: Rub\u00e9n Rocha\",\"datePublished\":\"2021-06-10T00:10:05+00:00\",\"dateModified\":\"2021-06-10T00:10:07+00:00\",\"mainEntityOfPage\":{\"@id\":\"https:\\\/\\\/fuentesfidedignas.com.mx\\\/index.php\\\/2021\\\/06\\\/09\\\/todo-mi-apoyo-moral-y-politico-para-gildardo-leyva-ruben-rocha\\\/\"},\"wordCount\":209,\"commentCount\":0,\"publisher\":{\"@id\":\"https:\\\/\\\/fuentesfidedignas.com.mx\\\/#organization\"},\"image\":{\"@id\":\"https:\\\/\\\/fuentesfidedignas.com.mx\\\/index.php\\\/2021\\\/06\\\/09\\\/todo-mi-apoyo-moral-y-politico-para-gildardo-leyva-ruben-rocha\\\/#primaryimage\"},\"thumbnailUrl\":\"https:\\\/\\\/fuentesfidedignas.com.mx\\\/wp-content\\\/uploads\\\/2021\\\/06\\\/IMG_20210609_180615.jpg\",\"articleSection\":[\"NOTICIAS LOCALES\"],\"inLanguage\":\"es\",\"potentialAction\":[{\"@type\":\"CommentAction\",\"name\":\"Comment\",\"target\":[\"https:\\\/\\\/fuentesfidedignas.com.mx\\\/index.php\\\/2021\\\/06\\\/09\\\/todo-mi-apoyo-moral-y-politico-para-gildardo-leyva-ruben-rocha\\\/#respond\"]}]},{\"@type\":\"WebPage\",\"@id\":\"https:\\\/\\\/fuentesfidedignas.com.mx\\\/index.php\\\/2021\\\/06\\\/09\\\/todo-mi-apoyo-moral-y-politico-para-gildardo-leyva-ruben-rocha\\\/\",\"url\":\"https:\\\/\\\/fuentesfidedignas.com.mx\\\/index.php\\\/2021\\\/06\\\/09\\\/todo-mi-apoyo-moral-y-politico-para-gildardo-leyva-ruben-rocha\\\/\",\"name\":\"Todo mi apoyo moral y pol\u00edtico para Gildardo Leyva: Rub\u00e9n Rocha - Fuentes Fidedignas\",\"isPartOf\":{\"@id\":\"https:\\\/\\\/fuentesfidedignas.com.mx\\\/#website\"},\"primaryImageOfPage\":{\"@id\":\"https:\\\/\\\/fuentesfidedignas.com.mx\\\/index.php\\\/2021\\\/06\\\/09\\\/todo-mi-apoyo-moral-y-politico-para-gildardo-leyva-ruben-rocha\\\/#primaryimage\"},\"image\":{\"@id\":\"https:\\\/\\\/fuentesfidedignas.com.mx\\\/index.php\\\/2021\\\/06\\\/09\\\/todo-mi-apoyo-moral-y-politico-para-gildardo-leyva-ruben-rocha\\\/#primaryimage\"},\"thumbnailUrl\":\"https:\\\/\\\/fuentesfidedignas.com.mx\\\/wp-content\\\/uploads\\\/2021\\\/06\\\/IMG_20210609_180615.jpg\",\"datePublished\":\"2021-06-10T00:10:05+00:00\",\"dateModified\":\"2021-06-10T00:10:07+00:00\",\"breadcrumb\":{\"@id\":\"https:\\\/\\\/fuentesfidedignas.com.mx\\\/index.php\\\/2021\\\/06\\\/09\\\/todo-mi-apoyo-moral-y-politico-para-gildardo-leyva-ruben-rocha\\\/#breadcrumb\"},\"inLanguage\":\"es\",\"potentialAction\":[{\"@type\":\"ReadAction\",\"target\":[\"https:\\\/\\\/fuentesfidedignas.com.mx\\\/index.php\\\/2021\\\/06\\\/09\\\/todo-mi-apoyo-moral-y-politico-para-gildardo-leyva-ruben-rocha\\\/\"]}]},{\"@type\":\"ImageObject\",\"inLanguage\":\"es\",\"@id\":\"https:\\\/\\\/fuentesfidedignas.com.mx\\\/index.php\\\/2021\\\/06\\\/09\\\/todo-mi-apoyo-moral-y-politico-para-gildardo-leyva-ruben-rocha\\\/#primaryimage\",\"url\":\"https:\\\/\\\/fuentesfidedignas.com.mx\\\/wp-content\\\/uploads\\\/2021\\\/06\\\/IMG_20210609_180615.jpg\",\"contentUrl\":\"https:\\\/\\\/fuentesfidedignas.com.mx\\\/wp-content\\\/uploads\\\/2021\\\/06\\\/IMG_20210609_180615.jpg\",\"width\":1211,\"height\":888},{\"@type\":\"BreadcrumbList\",\"@id\":\"https:\\\/\\\/fuentesfidedignas.com.mx\\\/index.php\\\/2021\\\/06\\\/09\\\/todo-mi-apoyo-moral-y-politico-para-gildardo-leyva-ruben-rocha\\\/#breadcrumb\",\"itemListElement\":[{\"@type\":\"ListItem\",\"position\":1,\"name\":\"Inicio\",\"item\":\"https:\\\/\\\/fuentesfidedignas.com.mx\\\/\"},{\"@type\":\"ListItem\",\"position\":2,\"name\":\"Todo mi apoyo moral y pol\u00edtico para Gildardo Leyva: Rub\u00e9n Rocha\"}]},{\"@type\":\"WebSite\",\"@id\":\"https:\\\/\\\/fuentesfidedignas.com.mx\\\/#website\",\"url\":\"https:\\\/\\\/fuentesfidedignas.com.mx\\\/\",\"name\":\"Fuentes Fidedignas\",\"description\":\"Otro sitio realizado con WordPress\",\"publisher\":{\"@id\":\"https:\\\/\\\/fuentesfidedignas.com.mx\\\/#organization\"},\"potentialAction\":[{\"@type\":\"SearchAction\",\"target\":{\"@type\":\"EntryPoint\",\"urlTemplate\":\"https:\\\/\\\/fuentesfidedignas.com.mx\\\/?s={search_term_string}\"},\"query-input\":{\"@type\":\"PropertyValueSpecification\",\"valueRequired\":true,\"valueName\":\"search_term_string\"}}],\"inLanguage\":\"es\"},{\"@type\":\"Organization\",\"@id\":\"https:\\\/\\\/fuentesfidedignas.com.mx\\\/#organization\",\"name\":\"Fuentes Fidedignas\",\"url\":\"https:\\\/\\\/fuentesfidedignas.com.mx\\\/\",\"logo\":{\"@type\":\"ImageObject\",\"inLanguage\":\"es\",\"@id\":\"https:\\\/\\\/fuentesfidedignas.com.mx\\\/#\\\/schema\\\/logo\\\/image\\\/\",\"url\":\"https:\\\/\\\/fuentesfidedignas.com.mx\\\/wp-content\\\/uploads\\\/2021\\\/04\\\/logo-retina.png\",\"contentUrl\":\"https:\\\/\\\/fuentesfidedignas.com.mx\\\/wp-content\\\/uploads\\\/2021\\\/04\\\/logo-retina.png\",\"width\":280,\"height\":51,\"caption\":\"Fuentes Fidedignas\"},\"image\":{\"@id\":\"https:\\\/\\\/fuentesfidedignas.com.mx\\\/#\\\/schema\\\/logo\\\/image\\\/\"},\"sameAs\":[\"https:\\\/\\\/www.facebook.com\\\/Fuentes-Fidedignas-368234489921644\",\"https:\\\/\\\/x.com\\\/fidedignas\"]},{\"@type\":\"Person\",\"@id\":\"https:\\\/\\\/fuentesfidedignas.com.mx\\\/#\\\/schema\\\/person\\\/331be9283d37198e2acd5750279085b0\",\"name\":\"Redacci\u00f3n\",\"image\":{\"@type\":\"ImageObject\",\"inLanguage\":\"es\",\"@id\":\"https:\\\/\\\/secure.gravatar.com\\\/avatar\\\/f6d8782c11d12b2d4ad3fbb6931aeab5309937a4d6cd2fc9cfaa28a6396a5aec?s=96&d=mm&r=g\",\"url\":\"https:\\\/\\\/secure.gravatar.com\\\/avatar\\\/f6d8782c11d12b2d4ad3fbb6931aeab5309937a4d6cd2fc9cfaa28a6396a5aec?s=96&d=mm&r=g\",\"contentUrl\":\"https:\\\/\\\/secure.gravatar.com\\\/avatar\\\/f6d8782c11d12b2d4ad3fbb6931aeab5309937a4d6cd2fc9cfaa28a6396a5aec?s=96&d=mm&r=g\",\"caption\":\"Redacci\u00f3n\"},\"url\":\"https:\\\/\\\/fuentesfidedignas.com.mx\\\/index.php\\\/author\\\/redaccion\\\/\"}]}<\/script>\n<!-- \/ Yoast SEO plugin. -->","yoast_head_json":{"title":"Todo mi apoyo moral y pol\u00edtico para Gildardo Leyva: Rub\u00e9n Rocha - Fuentes Fidedignas","robots":{"index":"index","follow":"follow","max-snippet":"max-snippet:-1","max-image-preview":"max-image-preview:large","max-video-preview":"max-video-preview:-1"},"canonical":"https:\/\/fuentesfidedignas.com.mx\/index.php\/2021\/06\/09\/todo-mi-apoyo-moral-y-politico-para-gildardo-leyva-ruben-rocha\/","og_locale":"es_MX","og_type":"article","og_title":"Todo mi apoyo moral y pol\u00edtico para Gildardo Leyva: Rub\u00e9n Rocha - Fuentes Fidedignas","og_description":"Asegur\u00f3 que conf\u00eda en la democracia y que en unas cuantas horas, Gildardo Leyva ser\u00e1 el pr\u00f3ximo presidente municipal electo de El Fuerte El Fuerte, Sin. &#8211; Todo mi apoyo moral y pol\u00edtico para Gildardo Leyva, pues encabeza el conteo de la elecci\u00f3n por la. Presidencia Municipal de El Fuerte, afirm\u00f3 el gobernador electo Rub\u00e9n [&hellip;]","og_url":"https:\/\/fuentesfidedignas.com.mx\/index.php\/2021\/06\/09\/todo-mi-apoyo-moral-y-politico-para-gildardo-leyva-ruben-rocha\/","og_site_name":"Fuentes Fidedignas","article_publisher":"https:\/\/www.facebook.com\/Fuentes-Fidedignas-368234489921644","article_published_time":"2021-06-10T00:10:05+00:00","article_modified_time":"2021-06-10T00:10:07+00:00","og_image":[{"width":1211,"height":888,"url":"https:\/\/fuentesfidedignas.com.mx\/wp-content\/uploads\/2021\/06\/IMG_20210609_180615.jpg","type":"image\/jpeg"}],"author":"Redacci\u00f3n","twitter_card":"summary_large_image","twitter_creator":"@fidedignas","twitter_site":"@fidedignas","twitter_misc":{"Escrito por":"Redacci\u00f3n","Tiempo de lectura":"1 minuto"},"schema":{"@context":"https:\/\/schema.org","@graph":[{"@type":"Article","@id":"https:\/\/fuentesfidedignas.com.mx\/index.php\/2021\/06\/09\/todo-mi-apoyo-moral-y-politico-para-gildardo-leyva-ruben-rocha\/#article","isPartOf":{"@id":"https:\/\/fuentesfidedignas.com.mx\/index.php\/2021\/06\/09\/todo-mi-apoyo-moral-y-politico-para-gildardo-leyva-ruben-rocha\/"},"author":{"name":"Redacci\u00f3n","@id":"https:\/\/fuentesfidedignas.com.mx\/#\/schema\/person\/331be9283d37198e2acd5750279085b0"},"headline":"Todo mi apoyo moral y pol\u00edtico para Gildardo Leyva: Rub\u00e9n Rocha","datePublished":"2021-06-10T00:10:05+00:00","dateModified":"2021-06-10T00:10:07+00:00","mainEntityOfPage":{"@id":"https:\/\/fuentesfidedignas.com.mx\/index.php\/2021\/06\/09\/todo-mi-apoyo-moral-y-politico-para-gildardo-leyva-ruben-rocha\/"},"wordCount":209,"commentCount":0,"publisher":{"@id":"https:\/\/fuentesfidedignas.com.mx\/#organization"},"image":{"@id":"https:\/\/fuentesfidedignas.com.mx\/index.php\/2021\/06\/09\/todo-mi-apoyo-moral-y-politico-para-gildardo-leyva-ruben-rocha\/#primaryimage"},"thumbnailUrl":"https:\/\/fuentesfidedignas.com.mx\/wp-content\/uploads\/2021\/06\/IMG_20210609_180615.jpg","articleSection":["NOTICIAS LOCALES"],"inLanguage":"es","potentialAction":[{"@type":"CommentAction","name":"Comment","target":["https:\/\/fuentesfidedignas.com.mx\/index.php\/2021\/06\/09\/todo-mi-apoyo-moral-y-politico-para-gildardo-leyva-ruben-rocha\/#respond"]}]},{"@type":"WebPage","@id":"https:\/\/fuentesfidedignas.com.mx\/index.php\/2021\/06\/09\/todo-mi-apoyo-moral-y-politico-para-gildardo-leyva-ruben-rocha\/","url":"https:\/\/fuentesfidedignas.com.mx\/index.php\/2021\/06\/09\/todo-mi-apoyo-moral-y-politico-para-gildardo-leyva-ruben-rocha\/","name":"Todo mi apoyo moral y pol\u00edtico para Gildardo Leyva: Rub\u00e9n Rocha - Fuentes Fidedignas","isPartOf":{"@id":"https:\/\/fuentesfidedignas.com.mx\/#website"},"primaryImageOfPage":{"@id":"https:\/\/fuentesfidedignas.com.mx\/index.php\/2021\/06\/09\/todo-mi-apoyo-moral-y-politico-para-gildardo-leyva-ruben-rocha\/#primaryimage"},"image":{"@id":"https:\/\/fuentesfidedignas.com.mx\/index.php\/2021\/06\/09\/todo-mi-apoyo-moral-y-politico-para-gildardo-leyva-ruben-rocha\/#primaryimage"},"thumbnailUrl":"https:\/\/fuentesfidedignas.com.mx\/wp-content\/uploads\/2021\/06\/IMG_20210609_180615.jpg","datePublished":"2021-06-10T00:10:05+00:00","dateModified":"2021-06-10T00:10:07+00:00","breadcrumb":{"@id":"https:\/\/fuentesfidedignas.com.mx\/index.php\/2021\/06\/09\/todo-mi-apoyo-moral-y-politico-para-gildardo-leyva-ruben-rocha\/#breadcrumb"},"inLanguage":"es","potentialAction":[{"@type":"ReadAction","target":["https:\/\/fuentesfidedignas.com.mx\/index.php\/2021\/06\/09\/todo-mi-apoyo-moral-y-politico-para-gildardo-leyva-ruben-rocha\/"]}]},{"@type":"ImageObject","inLanguage":"es","@id":"https:\/\/fuentesfidedignas.com.mx\/index.php\/2021\/06\/09\/todo-mi-apoyo-moral-y-politico-para-gildardo-leyva-ruben-rocha\/#primaryimage","url":"https:\/\/fuentesfidedignas.com.mx\/wp-content\/uploads\/2021\/06\/IMG_20210609_180615.jpg","contentUrl":"https:\/\/fuentesfidedignas.com.mx\/wp-content\/uploads\/2021\/06\/IMG_20210609_180615.jpg","width":1211,"height":888},{"@type":"BreadcrumbList","@id":"https:\/\/fuentesfidedignas.com.mx\/index.php\/2021\/06\/09\/todo-mi-apoyo-moral-y-politico-para-gildardo-leyva-ruben-rocha\/#breadcrumb","itemListElement":[{"@type":"ListItem","position":1,"name":"Inicio","item":"https:\/\/fuentesfidedignas.com.mx\/"},{"@type":"ListItem","position":2,"name":"Todo mi apoyo moral y pol\u00edtico para Gildardo Leyva: Rub\u00e9n Rocha"}]},{"@type":"WebSite","@id":"https:\/\/fuentesfidedignas.com.mx\/#website","url":"https:\/\/fuentesfidedignas.com.mx\/","name":"Fuentes Fidedignas","description":"Otro sitio realizado con WordPress","publisher":{"@id":"https:\/\/fuentesfidedignas.com.mx\/#organization"},"potentialAction":[{"@type":"SearchAction","target":{"@type":"EntryPoint","urlTemplate":"https:\/\/fuentesfidedignas.com.mx\/?s={search_term_string}"},"query-input":{"@type":"PropertyValueSpecification","valueRequired":true,"valueName":"search_term_string"}}],"inLanguage":"es"},{"@type":"Organization","@id":"https:\/\/fuentesfidedignas.com.mx\/#organization","name":"Fuentes Fidedignas","url":"https:\/\/fuentesfidedignas.com.mx\/","logo":{"@type":"ImageObject","inLanguage":"es","@id":"https:\/\/fuentesfidedignas.com.mx\/#\/schema\/logo\/image\/","url":"https:\/\/fuentesfidedignas.com.mx\/wp-content\/uploads\/2021\/04\/logo-retina.png","contentUrl":"https:\/\/fuentesfidedignas.com.mx\/wp-content\/uploads\/2021\/04\/logo-retina.png","width":280,"height":51,"caption":"Fuentes Fidedignas"},"image":{"@id":"https:\/\/fuentesfidedignas.com.mx\/#\/schema\/logo\/image\/"},"sameAs":["https:\/\/www.facebook.com\/Fuentes-Fidedignas-368234489921644","https:\/\/x.com\/fidedignas"]},{"@type":"Person","@id":"https:\/\/fuentesfidedignas.com.mx\/#\/schema\/person\/331be9283d37198e2acd5750279085b0","name":"Redacci\u00f3n","image":{"@type":"ImageObject","inLanguage":"es","@id":"https:\/\/secure.gravatar.com\/avatar\/f6d8782c11d12b2d4ad3fbb6931aeab5309937a4d6cd2fc9cfaa28a6396a5aec?s=96&d=mm&r=g","url":"https:\/\/secure.gravatar.com\/avatar\/f6d8782c11d12b2d4ad3fbb6931aeab5309937a4d6cd2fc9cfaa28a6396a5aec?s=96&d=mm&r=g","contentUrl":"https:\/\/secure.gravatar.com\/avatar\/f6d8782c11d12b2d4ad3fbb6931aeab5309937a4d6cd2fc9cfaa28a6396a5aec?s=96&d=mm&r=g","caption":"Redacci\u00f3n"},"url":"https:\/\/fuentesfidedignas.com.mx\/index.php\/author\/redaccion\/"}]}},"_links":{"self":[{"href":"https:\/\/fuentesfidedignas.com.mx\/index.php\/wp-json\/wp\/v2\/posts\/4664","targetHints":{"allow":["GET"]}}],"collection":[{"href":"https:\/\/fuentesfidedignas.com.mx\/index.php\/wp-json\/wp\/v2\/posts"}],"about":[{"href":"https:\/\/fuentesfidedignas.com.mx\/index.php\/wp-json\/wp\/v2\/types\/post"}],"author":[{"embeddable":true,"href":"https:\/\/fuentesfidedignas.com.mx\/index.php\/wp-json\/wp\/v2\/users\/4"}],"replies":[{"embeddable":true,"href":"https:\/\/fuentesfidedignas.com.mx\/index.php\/wp-json\/wp\/v2\/comments?post=4664"}],"version-history":[{"count":1,"href":"https:\/\/fuentesfidedignas.com.mx\/index.php\/wp-json\/wp\/v2\/posts\/4664\/revisions"}],"predecessor-version":[{"id":4666,"href":"https:\/\/fuentesfidedignas.com.mx\/index.php\/wp-json\/wp\/v2\/posts\/4664\/revisions\/4666"}],"wp:featuredmedia":[{"embeddable":true,"href":"https:\/\/fuentesfidedignas.com.mx\/index.php\/wp-json\/wp\/v2\/media\/4665"}],"wp:attachment":[{"href":"https:\/\/fuentesfidedignas.com.mx\/index.php\/wp-json\/wp\/v2\/media?parent=4664"}],"wp:term":[{"taxonomy":"category","embeddable":true,"href":"https:\/\/fuentesfidedignas.com.mx\/index.php\/wp-json\/wp\/v2\/categories?post=4664"},{"taxonomy":"post_tag","embeddable":true,"href":"https:\/\/fuentesfidedignas.com.mx\/index.php\/wp-json\/wp\/v2\/tags?post=4664"}],"curies":[{"name":"wp","href":"https:\/\/api.w.org\/{rel}","templated":true}]}}