{"id":46311,"date":"2023-05-03T15:24:58","date_gmt":"2023-05-03T21:24:58","guid":{"rendered":"https:\/\/fuentesfidedignas.com.mx\/?p=46311"},"modified":"2023-05-03T15:24:59","modified_gmt":"2023-05-03T21:24:59","slug":"mortifica-a-rocha-que-no-haya-justicia-para-luis-enrique-ramirez","status":"publish","type":"post","link":"https:\/\/fuentesfidedignas.com.mx\/index.php\/2023\/05\/03\/mortifica-a-rocha-que-no-haya-justicia-para-luis-enrique-ramirez\/","title":{"rendered":"Mortifica a Rocha que no haya justicia para Luis Enrique Ram\u00edrez"},"content":{"rendered":"\n<p><strong><em>El gobernador de Sinaloa lament\u00f3 que a\u00fan no se haya detenido a los responsables de asesinar al periodista<\/em><\/strong><\/p>\n\n\n\n<p>Culiac\u00e1n, Sin.- Mortifica y preocupa al gobernador Rub\u00e9n Rocha Moya el hecho de que ni ofreciendo una recompensa se haya detenido a los responsables del homicidio del periodista Luis Enrique Ram\u00edrez, esto a casi un a\u00f1o de su asesinato. <\/p>\n\n\n\n<p>Lament\u00f3 que pese a que se ofreci\u00f3 una recompensa para lograr detener a los responsables intelectual y material, los cuales ya se  tienen identificados, no los han detenido. <\/p>\n\n\n\n<p><em>\u201c<\/em><strong>No hemos podido agarrarlos, yo s\u00e9 que por ah\u00ed andan no se a qu\u00e9 se atienen ni qui\u00e9n los cuida. Lamentablemente no ha sido posible, ha habido intentos fallidos<\/strong><em>\u201d, <\/em>indic\u00f3 el mandatario estatal.<\/p>\n\n\n\n<p>&nbsp;Una mujer ya fue procesada por el Poder Judicial, por su participaci\u00f3n en el crimen del comunicador que fue asesinado el 5 de mayo de 2022, en la capital de Sinaloa.<\/p>\n\n\n\n<p>En tanto, hay al menos otros dos hombres implicados, los cuales se encuentran pr\u00f3fugas de la justicia ya que cuentan con \u00f3rdenes de aprehensi\u00f3n por ser se\u00f1alados como los autores materiales e intelectuales. Mismos que son buscados por la&nbsp;<strong>Fiscal\u00eda General del Estado,&nbsp;<\/strong>con la oferta de una recompensa de hasta un mill\u00f3n de pesos por cada uno de ellos a qui\u00e9n d\u00e9 informaci\u00f3n que pueda ayudar a detenerlos.<\/p>\n\n\n\n<figure class=\"wp-block-image\"><a href=\"https:\/\/fuentesfidedignas.com.mx\/wp-content\/uploads\/2023\/05\/recom.png\"><img decoding=\"async\" width=\"988\" height=\"787\" src=\"https:\/\/fuentesfidedignas.com.mx\/wp-content\/uploads\/2023\/05\/recom.png\" alt=\"\" class=\"wp-image-46178\"\/><\/a><\/figure>\n","protected":false},"excerpt":{"rendered":"<p>El gobernador de Sinaloa lament\u00f3 que a\u00fan no se haya detenido a los responsables de asesinar al periodista Culiac\u00e1n, Sin.- Mortifica y preocupa al gobernador Rub\u00e9n Rocha Moya el hecho de que ni ofreciendo una recompensa se haya detenido a los responsables del homicidio del periodista Luis Enrique Ram\u00edrez, esto a casi un a\u00f1o de [&hellip;]<\/p>\n","protected":false},"author":11,"featured_media":46312,"comment_status":"open","ping_status":"open","sticky":false,"template":"","format":"standard","meta":{"tdm_status":"","tdm_grid_status":"","footnotes":""},"categories":[37],"tags":[],"class_list":{"0":"post-46311","1":"post","2":"type-post","3":"status-publish","4":"format-standard","5":"has-post-thumbnail","7":"category-nota-principal"},"yoast_head":"<!-- This site is optimized with the Yoast SEO plugin v27.5 - https:\/\/yoast.com\/product\/yoast-seo-wordpress\/ -->\n<title>Mortifica a Rocha que no haya justicia para Luis Enrique Ram\u00edrez - Fuentes Fidedignas<\/title>\n<meta name=\"robots\" content=\"index, follow, max-snippet:-1, max-image-preview:large, max-video-preview:-1\" \/>\n<link rel=\"canonical\" href=\"https:\/\/fuentesfidedignas.com.mx\/index.php\/2023\/05\/03\/mortifica-a-rocha-que-no-haya-justicia-para-luis-enrique-ramirez\/\" \/>\n<meta property=\"og:locale\" content=\"es_MX\" \/>\n<meta property=\"og:type\" content=\"article\" \/>\n<meta property=\"og:title\" content=\"Mortifica a Rocha que no haya justicia para Luis Enrique Ram\u00edrez - Fuentes Fidedignas\" \/>\n<meta property=\"og:description\" content=\"El gobernador de Sinaloa lament\u00f3 que a\u00fan no se haya detenido a los responsables de asesinar al periodista Culiac\u00e1n, Sin.- Mortifica y preocupa al gobernador Rub\u00e9n Rocha Moya el hecho de que ni ofreciendo una recompensa se haya detenido a los responsables del homicidio del periodista Luis Enrique Ram\u00edrez, esto a casi un a\u00f1o de [&hellip;]\" \/>\n<meta property=\"og:url\" content=\"https:\/\/fuentesfidedignas.com.mx\/index.php\/2023\/05\/03\/mortifica-a-rocha-que-no-haya-justicia-para-luis-enrique-ramirez\/\" \/>\n<meta property=\"og:site_name\" content=\"Fuentes Fidedignas\" \/>\n<meta property=\"article:publisher\" content=\"https:\/\/www.facebook.com\/Fuentes-Fidedignas-368234489921644\" \/>\n<meta property=\"article:published_time\" content=\"2023-05-03T21:24:58+00:00\" \/>\n<meta property=\"article:modified_time\" content=\"2023-05-03T21:24:59+00:00\" \/>\n<meta property=\"og:image\" content=\"https:\/\/fuentesfidedignas.com.mx\/wp-content\/uploads\/2023\/05\/luis-ff.jpg\" \/>\n\t<meta property=\"og:image:width\" content=\"1280\" \/>\n\t<meta property=\"og:image:height\" content=\"876\" \/>\n\t<meta property=\"og:image:type\" content=\"image\/jpeg\" \/>\n<meta name=\"author\" content=\"Marissa Palafox\" \/>\n<meta name=\"twitter:card\" content=\"summary_large_image\" \/>\n<meta name=\"twitter:creator\" content=\"@fidedignas\" \/>\n<meta name=\"twitter:site\" content=\"@fidedignas\" \/>\n<meta name=\"twitter:label1\" content=\"Escrito por\" \/>\n\t<meta name=\"twitter:data1\" content=\"Marissa Palafox\" \/>\n\t<meta name=\"twitter:label2\" content=\"Tiempo de lectura\" \/>\n\t<meta name=\"twitter:data2\" content=\"2 minutos\" \/>\n<script type=\"application\/ld+json\" class=\"yoast-schema-graph\">{\"@context\":\"https:\\\/\\\/schema.org\",\"@graph\":[{\"@type\":\"Article\",\"@id\":\"https:\\\/\\\/fuentesfidedignas.com.mx\\\/index.php\\\/2023\\\/05\\\/03\\\/mortifica-a-rocha-que-no-haya-justicia-para-luis-enrique-ramirez\\\/#article\",\"isPartOf\":{\"@id\":\"https:\\\/\\\/fuentesfidedignas.com.mx\\\/index.php\\\/2023\\\/05\\\/03\\\/mortifica-a-rocha-que-no-haya-justicia-para-luis-enrique-ramirez\\\/\"},\"author\":{\"name\":\"Marissa Palafox\",\"@id\":\"https:\\\/\\\/fuentesfidedignas.com.mx\\\/#\\\/schema\\\/person\\\/2c10028b4a30078c05a056a215342ab9\"},\"headline\":\"Mortifica a Rocha que no haya justicia para Luis Enrique Ram\u00edrez\",\"datePublished\":\"2023-05-03T21:24:58+00:00\",\"dateModified\":\"2023-05-03T21:24:59+00:00\",\"mainEntityOfPage\":{\"@id\":\"https:\\\/\\\/fuentesfidedignas.com.mx\\\/index.php\\\/2023\\\/05\\\/03\\\/mortifica-a-rocha-que-no-haya-justicia-para-luis-enrique-ramirez\\\/\"},\"wordCount\":246,\"commentCount\":0,\"publisher\":{\"@id\":\"https:\\\/\\\/fuentesfidedignas.com.mx\\\/#organization\"},\"image\":{\"@id\":\"https:\\\/\\\/fuentesfidedignas.com.mx\\\/index.php\\\/2023\\\/05\\\/03\\\/mortifica-a-rocha-que-no-haya-justicia-para-luis-enrique-ramirez\\\/#primaryimage\"},\"thumbnailUrl\":\"https:\\\/\\\/fuentesfidedignas.com.mx\\\/wp-content\\\/uploads\\\/2023\\\/05\\\/luis-ff.jpg\",\"articleSection\":[\"NOTA PRINCIPAL\"],\"inLanguage\":\"es\",\"potentialAction\":[{\"@type\":\"CommentAction\",\"name\":\"Comment\",\"target\":[\"https:\\\/\\\/fuentesfidedignas.com.mx\\\/index.php\\\/2023\\\/05\\\/03\\\/mortifica-a-rocha-que-no-haya-justicia-para-luis-enrique-ramirez\\\/#respond\"]}]},{\"@type\":\"WebPage\",\"@id\":\"https:\\\/\\\/fuentesfidedignas.com.mx\\\/index.php\\\/2023\\\/05\\\/03\\\/mortifica-a-rocha-que-no-haya-justicia-para-luis-enrique-ramirez\\\/\",\"url\":\"https:\\\/\\\/fuentesfidedignas.com.mx\\\/index.php\\\/2023\\\/05\\\/03\\\/mortifica-a-rocha-que-no-haya-justicia-para-luis-enrique-ramirez\\\/\",\"name\":\"Mortifica a Rocha que no haya justicia para Luis Enrique Ram\u00edrez - Fuentes Fidedignas\",\"isPartOf\":{\"@id\":\"https:\\\/\\\/fuentesfidedignas.com.mx\\\/#website\"},\"primaryImageOfPage\":{\"@id\":\"https:\\\/\\\/fuentesfidedignas.com.mx\\\/index.php\\\/2023\\\/05\\\/03\\\/mortifica-a-rocha-que-no-haya-justicia-para-luis-enrique-ramirez\\\/#primaryimage\"},\"image\":{\"@id\":\"https:\\\/\\\/fuentesfidedignas.com.mx\\\/index.php\\\/2023\\\/05\\\/03\\\/mortifica-a-rocha-que-no-haya-justicia-para-luis-enrique-ramirez\\\/#primaryimage\"},\"thumbnailUrl\":\"https:\\\/\\\/fuentesfidedignas.com.mx\\\/wp-content\\\/uploads\\\/2023\\\/05\\\/luis-ff.jpg\",\"datePublished\":\"2023-05-03T21:24:58+00:00\",\"dateModified\":\"2023-05-03T21:24:59+00:00\",\"breadcrumb\":{\"@id\":\"https:\\\/\\\/fuentesfidedignas.com.mx\\\/index.php\\\/2023\\\/05\\\/03\\\/mortifica-a-rocha-que-no-haya-justicia-para-luis-enrique-ramirez\\\/#breadcrumb\"},\"inLanguage\":\"es\",\"potentialAction\":[{\"@type\":\"ReadAction\",\"target\":[\"https:\\\/\\\/fuentesfidedignas.com.mx\\\/index.php\\\/2023\\\/05\\\/03\\\/mortifica-a-rocha-que-no-haya-justicia-para-luis-enrique-ramirez\\\/\"]}]},{\"@type\":\"ImageObject\",\"inLanguage\":\"es\",\"@id\":\"https:\\\/\\\/fuentesfidedignas.com.mx\\\/index.php\\\/2023\\\/05\\\/03\\\/mortifica-a-rocha-que-no-haya-justicia-para-luis-enrique-ramirez\\\/#primaryimage\",\"url\":\"https:\\\/\\\/fuentesfidedignas.com.mx\\\/wp-content\\\/uploads\\\/2023\\\/05\\\/luis-ff.jpg\",\"contentUrl\":\"https:\\\/\\\/fuentesfidedignas.com.mx\\\/wp-content\\\/uploads\\\/2023\\\/05\\\/luis-ff.jpg\",\"width\":1280,\"height\":876},{\"@type\":\"BreadcrumbList\",\"@id\":\"https:\\\/\\\/fuentesfidedignas.com.mx\\\/index.php\\\/2023\\\/05\\\/03\\\/mortifica-a-rocha-que-no-haya-justicia-para-luis-enrique-ramirez\\\/#breadcrumb\",\"itemListElement\":[{\"@type\":\"ListItem\",\"position\":1,\"name\":\"Inicio\",\"item\":\"https:\\\/\\\/fuentesfidedignas.com.mx\\\/\"},{\"@type\":\"ListItem\",\"position\":2,\"name\":\"Mortifica a Rocha que no haya justicia para Luis Enrique Ram\u00edrez\"}]},{\"@type\":\"WebSite\",\"@id\":\"https:\\\/\\\/fuentesfidedignas.com.mx\\\/#website\",\"url\":\"https:\\\/\\\/fuentesfidedignas.com.mx\\\/\",\"name\":\"Fuentes Fidedignas\",\"description\":\"Otro sitio realizado con WordPress\",\"publisher\":{\"@id\":\"https:\\\/\\\/fuentesfidedignas.com.mx\\\/#organization\"},\"potentialAction\":[{\"@type\":\"SearchAction\",\"target\":{\"@type\":\"EntryPoint\",\"urlTemplate\":\"https:\\\/\\\/fuentesfidedignas.com.mx\\\/?s={search_term_string}\"},\"query-input\":{\"@type\":\"PropertyValueSpecification\",\"valueRequired\":true,\"valueName\":\"search_term_string\"}}],\"inLanguage\":\"es\"},{\"@type\":\"Organization\",\"@id\":\"https:\\\/\\\/fuentesfidedignas.com.mx\\\/#organization\",\"name\":\"Fuentes Fidedignas\",\"url\":\"https:\\\/\\\/fuentesfidedignas.com.mx\\\/\",\"logo\":{\"@type\":\"ImageObject\",\"inLanguage\":\"es\",\"@id\":\"https:\\\/\\\/fuentesfidedignas.com.mx\\\/#\\\/schema\\\/logo\\\/image\\\/\",\"url\":\"https:\\\/\\\/fuentesfidedignas.com.mx\\\/wp-content\\\/uploads\\\/2021\\\/04\\\/logo-retina.png\",\"contentUrl\":\"https:\\\/\\\/fuentesfidedignas.com.mx\\\/wp-content\\\/uploads\\\/2021\\\/04\\\/logo-retina.png\",\"width\":280,\"height\":51,\"caption\":\"Fuentes Fidedignas\"},\"image\":{\"@id\":\"https:\\\/\\\/fuentesfidedignas.com.mx\\\/#\\\/schema\\\/logo\\\/image\\\/\"},\"sameAs\":[\"https:\\\/\\\/www.facebook.com\\\/Fuentes-Fidedignas-368234489921644\",\"https:\\\/\\\/x.com\\\/fidedignas\"]},{\"@type\":\"Person\",\"@id\":\"https:\\\/\\\/fuentesfidedignas.com.mx\\\/#\\\/schema\\\/person\\\/2c10028b4a30078c05a056a215342ab9\",\"name\":\"Marissa Palafox\",\"image\":{\"@type\":\"ImageObject\",\"inLanguage\":\"es\",\"@id\":\"https:\\\/\\\/secure.gravatar.com\\\/avatar\\\/20a43bdb2f2db10f20b22d4e98b96eb027faf98f7f76d29854dc5fab46d1cf71?s=96&d=mm&r=g\",\"url\":\"https:\\\/\\\/secure.gravatar.com\\\/avatar\\\/20a43bdb2f2db10f20b22d4e98b96eb027faf98f7f76d29854dc5fab46d1cf71?s=96&d=mm&r=g\",\"contentUrl\":\"https:\\\/\\\/secure.gravatar.com\\\/avatar\\\/20a43bdb2f2db10f20b22d4e98b96eb027faf98f7f76d29854dc5fab46d1cf71?s=96&d=mm&r=g\",\"caption\":\"Marissa Palafox\"},\"url\":\"https:\\\/\\\/fuentesfidedignas.com.mx\\\/index.php\\\/author\\\/marissa\\\/\"}]}<\/script>\n<!-- \/ Yoast SEO plugin. -->","yoast_head_json":{"title":"Mortifica a Rocha que no haya justicia para Luis Enrique Ram\u00edrez - Fuentes Fidedignas","robots":{"index":"index","follow":"follow","max-snippet":"max-snippet:-1","max-image-preview":"max-image-preview:large","max-video-preview":"max-video-preview:-1"},"canonical":"https:\/\/fuentesfidedignas.com.mx\/index.php\/2023\/05\/03\/mortifica-a-rocha-que-no-haya-justicia-para-luis-enrique-ramirez\/","og_locale":"es_MX","og_type":"article","og_title":"Mortifica a Rocha que no haya justicia para Luis Enrique Ram\u00edrez - Fuentes Fidedignas","og_description":"El gobernador de Sinaloa lament\u00f3 que a\u00fan no se haya detenido a los responsables de asesinar al periodista Culiac\u00e1n, Sin.- Mortifica y preocupa al gobernador Rub\u00e9n Rocha Moya el hecho de que ni ofreciendo una recompensa se haya detenido a los responsables del homicidio del periodista Luis Enrique Ram\u00edrez, esto a casi un a\u00f1o de [&hellip;]","og_url":"https:\/\/fuentesfidedignas.com.mx\/index.php\/2023\/05\/03\/mortifica-a-rocha-que-no-haya-justicia-para-luis-enrique-ramirez\/","og_site_name":"Fuentes Fidedignas","article_publisher":"https:\/\/www.facebook.com\/Fuentes-Fidedignas-368234489921644","article_published_time":"2023-05-03T21:24:58+00:00","article_modified_time":"2023-05-03T21:24:59+00:00","og_image":[{"width":1280,"height":876,"url":"https:\/\/fuentesfidedignas.com.mx\/wp-content\/uploads\/2023\/05\/luis-ff.jpg","type":"image\/jpeg"}],"author":"Marissa Palafox","twitter_card":"summary_large_image","twitter_creator":"@fidedignas","twitter_site":"@fidedignas","twitter_misc":{"Escrito por":"Marissa Palafox","Tiempo de lectura":"2 minutos"},"schema":{"@context":"https:\/\/schema.org","@graph":[{"@type":"Article","@id":"https:\/\/fuentesfidedignas.com.mx\/index.php\/2023\/05\/03\/mortifica-a-rocha-que-no-haya-justicia-para-luis-enrique-ramirez\/#article","isPartOf":{"@id":"https:\/\/fuentesfidedignas.com.mx\/index.php\/2023\/05\/03\/mortifica-a-rocha-que-no-haya-justicia-para-luis-enrique-ramirez\/"},"author":{"name":"Marissa Palafox","@id":"https:\/\/fuentesfidedignas.com.mx\/#\/schema\/person\/2c10028b4a30078c05a056a215342ab9"},"headline":"Mortifica a Rocha que no haya justicia para Luis Enrique Ram\u00edrez","datePublished":"2023-05-03T21:24:58+00:00","dateModified":"2023-05-03T21:24:59+00:00","mainEntityOfPage":{"@id":"https:\/\/fuentesfidedignas.com.mx\/index.php\/2023\/05\/03\/mortifica-a-rocha-que-no-haya-justicia-para-luis-enrique-ramirez\/"},"wordCount":246,"commentCount":0,"publisher":{"@id":"https:\/\/fuentesfidedignas.com.mx\/#organization"},"image":{"@id":"https:\/\/fuentesfidedignas.com.mx\/index.php\/2023\/05\/03\/mortifica-a-rocha-que-no-haya-justicia-para-luis-enrique-ramirez\/#primaryimage"},"thumbnailUrl":"https:\/\/fuentesfidedignas.com.mx\/wp-content\/uploads\/2023\/05\/luis-ff.jpg","articleSection":["NOTA PRINCIPAL"],"inLanguage":"es","potentialAction":[{"@type":"CommentAction","name":"Comment","target":["https:\/\/fuentesfidedignas.com.mx\/index.php\/2023\/05\/03\/mortifica-a-rocha-que-no-haya-justicia-para-luis-enrique-ramirez\/#respond"]}]},{"@type":"WebPage","@id":"https:\/\/fuentesfidedignas.com.mx\/index.php\/2023\/05\/03\/mortifica-a-rocha-que-no-haya-justicia-para-luis-enrique-ramirez\/","url":"https:\/\/fuentesfidedignas.com.mx\/index.php\/2023\/05\/03\/mortifica-a-rocha-que-no-haya-justicia-para-luis-enrique-ramirez\/","name":"Mortifica a Rocha que no haya justicia para Luis Enrique Ram\u00edrez - Fuentes Fidedignas","isPartOf":{"@id":"https:\/\/fuentesfidedignas.com.mx\/#website"},"primaryImageOfPage":{"@id":"https:\/\/fuentesfidedignas.com.mx\/index.php\/2023\/05\/03\/mortifica-a-rocha-que-no-haya-justicia-para-luis-enrique-ramirez\/#primaryimage"},"image":{"@id":"https:\/\/fuentesfidedignas.com.mx\/index.php\/2023\/05\/03\/mortifica-a-rocha-que-no-haya-justicia-para-luis-enrique-ramirez\/#primaryimage"},"thumbnailUrl":"https:\/\/fuentesfidedignas.com.mx\/wp-content\/uploads\/2023\/05\/luis-ff.jpg","datePublished":"2023-05-03T21:24:58+00:00","dateModified":"2023-05-03T21:24:59+00:00","breadcrumb":{"@id":"https:\/\/fuentesfidedignas.com.mx\/index.php\/2023\/05\/03\/mortifica-a-rocha-que-no-haya-justicia-para-luis-enrique-ramirez\/#breadcrumb"},"inLanguage":"es","potentialAction":[{"@type":"ReadAction","target":["https:\/\/fuentesfidedignas.com.mx\/index.php\/2023\/05\/03\/mortifica-a-rocha-que-no-haya-justicia-para-luis-enrique-ramirez\/"]}]},{"@type":"ImageObject","inLanguage":"es","@id":"https:\/\/fuentesfidedignas.com.mx\/index.php\/2023\/05\/03\/mortifica-a-rocha-que-no-haya-justicia-para-luis-enrique-ramirez\/#primaryimage","url":"https:\/\/fuentesfidedignas.com.mx\/wp-content\/uploads\/2023\/05\/luis-ff.jpg","contentUrl":"https:\/\/fuentesfidedignas.com.mx\/wp-content\/uploads\/2023\/05\/luis-ff.jpg","width":1280,"height":876},{"@type":"BreadcrumbList","@id":"https:\/\/fuentesfidedignas.com.mx\/index.php\/2023\/05\/03\/mortifica-a-rocha-que-no-haya-justicia-para-luis-enrique-ramirez\/#breadcrumb","itemListElement":[{"@type":"ListItem","position":1,"name":"Inicio","item":"https:\/\/fuentesfidedignas.com.mx\/"},{"@type":"ListItem","position":2,"name":"Mortifica a Rocha que no haya justicia para Luis Enrique Ram\u00edrez"}]},{"@type":"WebSite","@id":"https:\/\/fuentesfidedignas.com.mx\/#website","url":"https:\/\/fuentesfidedignas.com.mx\/","name":"Fuentes Fidedignas","description":"Otro sitio realizado con WordPress","publisher":{"@id":"https:\/\/fuentesfidedignas.com.mx\/#organization"},"potentialAction":[{"@type":"SearchAction","target":{"@type":"EntryPoint","urlTemplate":"https:\/\/fuentesfidedignas.com.mx\/?s={search_term_string}"},"query-input":{"@type":"PropertyValueSpecification","valueRequired":true,"valueName":"search_term_string"}}],"inLanguage":"es"},{"@type":"Organization","@id":"https:\/\/fuentesfidedignas.com.mx\/#organization","name":"Fuentes Fidedignas","url":"https:\/\/fuentesfidedignas.com.mx\/","logo":{"@type":"ImageObject","inLanguage":"es","@id":"https:\/\/fuentesfidedignas.com.mx\/#\/schema\/logo\/image\/","url":"https:\/\/fuentesfidedignas.com.mx\/wp-content\/uploads\/2021\/04\/logo-retina.png","contentUrl":"https:\/\/fuentesfidedignas.com.mx\/wp-content\/uploads\/2021\/04\/logo-retina.png","width":280,"height":51,"caption":"Fuentes Fidedignas"},"image":{"@id":"https:\/\/fuentesfidedignas.com.mx\/#\/schema\/logo\/image\/"},"sameAs":["https:\/\/www.facebook.com\/Fuentes-Fidedignas-368234489921644","https:\/\/x.com\/fidedignas"]},{"@type":"Person","@id":"https:\/\/fuentesfidedignas.com.mx\/#\/schema\/person\/2c10028b4a30078c05a056a215342ab9","name":"Marissa Palafox","image":{"@type":"ImageObject","inLanguage":"es","@id":"https:\/\/secure.gravatar.com\/avatar\/20a43bdb2f2db10f20b22d4e98b96eb027faf98f7f76d29854dc5fab46d1cf71?s=96&d=mm&r=g","url":"https:\/\/secure.gravatar.com\/avatar\/20a43bdb2f2db10f20b22d4e98b96eb027faf98f7f76d29854dc5fab46d1cf71?s=96&d=mm&r=g","contentUrl":"https:\/\/secure.gravatar.com\/avatar\/20a43bdb2f2db10f20b22d4e98b96eb027faf98f7f76d29854dc5fab46d1cf71?s=96&d=mm&r=g","caption":"Marissa Palafox"},"url":"https:\/\/fuentesfidedignas.com.mx\/index.php\/author\/marissa\/"}]}},"_links":{"self":[{"href":"https:\/\/fuentesfidedignas.com.mx\/index.php\/wp-json\/wp\/v2\/posts\/46311","targetHints":{"allow":["GET"]}}],"collection":[{"href":"https:\/\/fuentesfidedignas.com.mx\/index.php\/wp-json\/wp\/v2\/posts"}],"about":[{"href":"https:\/\/fuentesfidedignas.com.mx\/index.php\/wp-json\/wp\/v2\/types\/post"}],"author":[{"embeddable":true,"href":"https:\/\/fuentesfidedignas.com.mx\/index.php\/wp-json\/wp\/v2\/users\/11"}],"replies":[{"embeddable":true,"href":"https:\/\/fuentesfidedignas.com.mx\/index.php\/wp-json\/wp\/v2\/comments?post=46311"}],"version-history":[{"count":1,"href":"https:\/\/fuentesfidedignas.com.mx\/index.php\/wp-json\/wp\/v2\/posts\/46311\/revisions"}],"predecessor-version":[{"id":46313,"href":"https:\/\/fuentesfidedignas.com.mx\/index.php\/wp-json\/wp\/v2\/posts\/46311\/revisions\/46313"}],"wp:featuredmedia":[{"embeddable":true,"href":"https:\/\/fuentesfidedignas.com.mx\/index.php\/wp-json\/wp\/v2\/media\/46312"}],"wp:attachment":[{"href":"https:\/\/fuentesfidedignas.com.mx\/index.php\/wp-json\/wp\/v2\/media?parent=46311"}],"wp:term":[{"taxonomy":"category","embeddable":true,"href":"https:\/\/fuentesfidedignas.com.mx\/index.php\/wp-json\/wp\/v2\/categories?post=46311"},{"taxonomy":"post_tag","embeddable":true,"href":"https:\/\/fuentesfidedignas.com.mx\/index.php\/wp-json\/wp\/v2\/tags?post=46311"}],"curies":[{"name":"wp","href":"https:\/\/api.w.org\/{rel}","templated":true}]}}