{"id":4631,"date":"2021-06-09T07:59:47","date_gmt":"2021-06-09T14:59:47","guid":{"rendered":"https:\/\/fuentesfidedignas.com.mx\/?p=4631"},"modified":"2021-06-09T07:59:48","modified_gmt":"2021-06-09T14:59:48","slug":"amlo-insiste-en-mirar-al-pri-para-lograr-mayoria-calificada-en-san-lazaro","status":"publish","type":"post","link":"https:\/\/fuentesfidedignas.com.mx\/index.php\/2021\/06\/09\/amlo-insiste-en-mirar-al-pri-para-lograr-mayoria-calificada-en-san-lazaro\/","title":{"rendered":"AMLO insiste en mirar al PRI para lograr mayor\u00eda calificada en San L\u00e1zaro"},"content":{"rendered":"\n<p><strong><em>El presidente reiter\u00f3 que buscar\u00e1n a otros partidos para una mayor\u00eda calificada, aunque hacen falta &#8216;muy poquitas&#8217; reformas constitucionales.<\/em><\/strong><\/p>\n\n\n\n<p>Ciudad de M\u00e9xico.- El presidente Andr\u00e9s Manuel L\u00f3pez Obrador reafirm\u00f3 que buscar\u00e1n negociar en la C\u00e1mara de Diputados para alcanzar la mayor\u00eda calificada en la aprobaci\u00f3n de reformas constitucionales que se requieran para apuntalar su proyecto de transformaci\u00f3n.<\/p>\n\n\n\n<p>Al destacar la mayor\u00eda de legisladores que alcanz\u00f3 Morena en la C\u00e1mara de Diputados, el mandatario indic\u00f3 que buscar\u00eda al PRI o a otros partidos para impulsar diversas reformas constitucionales cuando se necesiten.<\/p>\n\n\n\n<p>En su conferencia diaria en Palacio Nacional, L\u00f3pez Obrador refiri\u00f3 que Morena alcanz\u00f3 acuerdos en la actual Legislatura y puso como ejemplo los pactos con el tricolor para consolidar los apoyos del bienestar a nivel constitucional.<\/p>\n\n\n\n<p>\u201cNosotros, sin tener mayor\u00eda calificada en esta Legislatura, logramos llevar a cabo reformas constitucionales porque hicimos acuerdos. Por ejemplo, se acord\u00f3 con el PRI en esta Legislatura la reforma al art\u00edculo cuarto de la Constituci\u00f3n para que las pensiones a los adultos mayores se llevaran a rango constitucional\u201d, se\u00f1al\u00f3 L\u00f3pez Obrador.<\/p>\n\n\n\n<p>Pese a esto, el jefe del Ejecutivo afirm\u00f3 que su partido no estar\u00e1 buscando siempre la mayor\u00eda calificada, ya que las reformas de la Cuarta Transformaci\u00f3n han sido aprobadas en su mayor\u00eda.<\/p>\n\n\n\n<p>\u201cNosotros no vamos a estar siempre buscando tener mayor\u00eda calificada, s\u00f3lo en reformas constitucionales, muy poquitas, porque ya las fundamentales ya las hicimos. Por ejemplo, la creaci\u00f3n de la Guardia Nacional fue un\u00e1nime y no s\u00f3lo eso, adem\u00e1s de eso se requiere tener la mayor\u00eda en las Legislaturas locales\u201d, expuso.<\/p>\n\n\n\n<p>Ayer, Alejandro Moreno, dirigente nacional del PRI, afirm\u00f3 que estar\u00e1 abierto al di\u00e1logo con el gobierno del presidente L\u00f3pez Obrador siempre y cuando sea por el inter\u00e9s p\u00fablico y sin acuerdos en \u201clo oscurito\u201d.<\/p>\n","protected":false},"excerpt":{"rendered":"<p>El presidente reiter\u00f3 que buscar\u00e1n a otros partidos para una mayor\u00eda calificada, aunque hacen falta &#8216;muy poquitas&#8217; reformas constitucionales. Ciudad de M\u00e9xico.- El presidente Andr\u00e9s Manuel L\u00f3pez Obrador reafirm\u00f3 que buscar\u00e1n negociar en la C\u00e1mara de Diputados para alcanzar la mayor\u00eda calificada en la aprobaci\u00f3n de reformas constitucionales que se requieran para apuntalar su proyecto [&hellip;]<\/p>\n","protected":false},"author":5,"featured_media":4632,"comment_status":"open","ping_status":"open","sticky":false,"template":"","format":"standard","meta":{"tdm_status":"","tdm_grid_status":"","footnotes":""},"categories":[39],"tags":[247,297,682,212],"class_list":{"0":"post-4631","1":"post","2":"type-post","3":"status-publish","4":"format-standard","5":"has-post-thumbnail","7":"category-noticias-nacionales","8":"tag-amlo","9":"tag-andres-manuel-lopez-obrador","10":"tag-camara-de-diputados","11":"tag-pri"},"yoast_head":"<!-- This site is optimized with the Yoast SEO plugin v27.5 - https:\/\/yoast.com\/product\/yoast-seo-wordpress\/ -->\n<title>AMLO insiste en mirar al PRI para lograr mayor\u00eda calificada en San L\u00e1zaro - Fuentes Fidedignas<\/title>\n<meta name=\"robots\" content=\"index, follow, max-snippet:-1, max-image-preview:large, max-video-preview:-1\" \/>\n<link rel=\"canonical\" href=\"https:\/\/fuentesfidedignas.com.mx\/index.php\/2021\/06\/09\/amlo-insiste-en-mirar-al-pri-para-lograr-mayoria-calificada-en-san-lazaro\/\" \/>\n<meta property=\"og:locale\" content=\"es_MX\" \/>\n<meta property=\"og:type\" content=\"article\" \/>\n<meta property=\"og:title\" content=\"AMLO insiste en mirar al PRI para lograr mayor\u00eda calificada en San L\u00e1zaro - Fuentes Fidedignas\" \/>\n<meta property=\"og:description\" content=\"El presidente reiter\u00f3 que buscar\u00e1n a otros partidos para una mayor\u00eda calificada, aunque hacen falta &#8216;muy poquitas&#8217; reformas constitucionales. Ciudad de M\u00e9xico.- El presidente Andr\u00e9s Manuel L\u00f3pez Obrador reafirm\u00f3 que buscar\u00e1n negociar en la C\u00e1mara de Diputados para alcanzar la mayor\u00eda calificada en la aprobaci\u00f3n de reformas constitucionales que se requieran para apuntalar su proyecto [&hellip;]\" \/>\n<meta property=\"og:url\" content=\"https:\/\/fuentesfidedignas.com.mx\/index.php\/2021\/06\/09\/amlo-insiste-en-mirar-al-pri-para-lograr-mayoria-calificada-en-san-lazaro\/\" \/>\n<meta property=\"og:site_name\" content=\"Fuentes Fidedignas\" \/>\n<meta property=\"article:publisher\" content=\"https:\/\/www.facebook.com\/Fuentes-Fidedignas-368234489921644\" \/>\n<meta property=\"article:published_time\" content=\"2021-06-09T14:59:47+00:00\" \/>\n<meta property=\"article:modified_time\" content=\"2021-06-09T14:59:48+00:00\" \/>\n<meta property=\"og:image\" content=\"https:\/\/fuentesfidedignas.com.mx\/wp-content\/uploads\/2021\/06\/amlo-mayoria-640x360-1.jpg\" \/>\n\t<meta property=\"og:image:width\" content=\"640\" \/>\n\t<meta property=\"og:image:height\" content=\"360\" \/>\n\t<meta property=\"og:image:type\" content=\"image\/jpeg\" \/>\n<meta name=\"author\" content=\"Forbes\" \/>\n<meta name=\"twitter:card\" content=\"summary_large_image\" \/>\n<meta name=\"twitter:creator\" content=\"@fidedignas\" \/>\n<meta name=\"twitter:site\" content=\"@fidedignas\" \/>\n<meta name=\"twitter:label1\" content=\"Escrito por\" \/>\n\t<meta name=\"twitter:data1\" content=\"Forbes\" \/>\n\t<meta name=\"twitter:label2\" content=\"Tiempo de lectura\" \/>\n\t<meta name=\"twitter:data2\" content=\"2 minutos\" \/>\n<script type=\"application\/ld+json\" class=\"yoast-schema-graph\">{\"@context\":\"https:\\\/\\\/schema.org\",\"@graph\":[{\"@type\":\"Article\",\"@id\":\"https:\\\/\\\/fuentesfidedignas.com.mx\\\/index.php\\\/2021\\\/06\\\/09\\\/amlo-insiste-en-mirar-al-pri-para-lograr-mayoria-calificada-en-san-lazaro\\\/#article\",\"isPartOf\":{\"@id\":\"https:\\\/\\\/fuentesfidedignas.com.mx\\\/index.php\\\/2021\\\/06\\\/09\\\/amlo-insiste-en-mirar-al-pri-para-lograr-mayoria-calificada-en-san-lazaro\\\/\"},\"author\":{\"name\":\"Forbes\",\"@id\":\"https:\\\/\\\/fuentesfidedignas.com.mx\\\/#\\\/schema\\\/person\\\/5623d53fe2e579d825b1679734abcc44\"},\"headline\":\"AMLO insiste en mirar al PRI para lograr mayor\u00eda calificada en San L\u00e1zaro\",\"datePublished\":\"2021-06-09T14:59:47+00:00\",\"dateModified\":\"2021-06-09T14:59:48+00:00\",\"mainEntityOfPage\":{\"@id\":\"https:\\\/\\\/fuentesfidedignas.com.mx\\\/index.php\\\/2021\\\/06\\\/09\\\/amlo-insiste-en-mirar-al-pri-para-lograr-mayoria-calificada-en-san-lazaro\\\/\"},\"wordCount\":342,\"commentCount\":0,\"publisher\":{\"@id\":\"https:\\\/\\\/fuentesfidedignas.com.mx\\\/#organization\"},\"image\":{\"@id\":\"https:\\\/\\\/fuentesfidedignas.com.mx\\\/index.php\\\/2021\\\/06\\\/09\\\/amlo-insiste-en-mirar-al-pri-para-lograr-mayoria-calificada-en-san-lazaro\\\/#primaryimage\"},\"thumbnailUrl\":\"https:\\\/\\\/fuentesfidedignas.com.mx\\\/wp-content\\\/uploads\\\/2021\\\/06\\\/amlo-mayoria-640x360-1.jpg\",\"keywords\":[\"AMLO\",\"Andr\u00e9s Manuel L\u00f3pez Obrador\",\"C\u00e1mara de Diputados\",\"PRI\"],\"articleSection\":[\"NOTICIAS NACIONALES\"],\"inLanguage\":\"es\",\"potentialAction\":[{\"@type\":\"CommentAction\",\"name\":\"Comment\",\"target\":[\"https:\\\/\\\/fuentesfidedignas.com.mx\\\/index.php\\\/2021\\\/06\\\/09\\\/amlo-insiste-en-mirar-al-pri-para-lograr-mayoria-calificada-en-san-lazaro\\\/#respond\"]}]},{\"@type\":\"WebPage\",\"@id\":\"https:\\\/\\\/fuentesfidedignas.com.mx\\\/index.php\\\/2021\\\/06\\\/09\\\/amlo-insiste-en-mirar-al-pri-para-lograr-mayoria-calificada-en-san-lazaro\\\/\",\"url\":\"https:\\\/\\\/fuentesfidedignas.com.mx\\\/index.php\\\/2021\\\/06\\\/09\\\/amlo-insiste-en-mirar-al-pri-para-lograr-mayoria-calificada-en-san-lazaro\\\/\",\"name\":\"AMLO insiste en mirar al PRI para lograr mayor\u00eda calificada en San L\u00e1zaro - Fuentes Fidedignas\",\"isPartOf\":{\"@id\":\"https:\\\/\\\/fuentesfidedignas.com.mx\\\/#website\"},\"primaryImageOfPage\":{\"@id\":\"https:\\\/\\\/fuentesfidedignas.com.mx\\\/index.php\\\/2021\\\/06\\\/09\\\/amlo-insiste-en-mirar-al-pri-para-lograr-mayoria-calificada-en-san-lazaro\\\/#primaryimage\"},\"image\":{\"@id\":\"https:\\\/\\\/fuentesfidedignas.com.mx\\\/index.php\\\/2021\\\/06\\\/09\\\/amlo-insiste-en-mirar-al-pri-para-lograr-mayoria-calificada-en-san-lazaro\\\/#primaryimage\"},\"thumbnailUrl\":\"https:\\\/\\\/fuentesfidedignas.com.mx\\\/wp-content\\\/uploads\\\/2021\\\/06\\\/amlo-mayoria-640x360-1.jpg\",\"datePublished\":\"2021-06-09T14:59:47+00:00\",\"dateModified\":\"2021-06-09T14:59:48+00:00\",\"breadcrumb\":{\"@id\":\"https:\\\/\\\/fuentesfidedignas.com.mx\\\/index.php\\\/2021\\\/06\\\/09\\\/amlo-insiste-en-mirar-al-pri-para-lograr-mayoria-calificada-en-san-lazaro\\\/#breadcrumb\"},\"inLanguage\":\"es\",\"potentialAction\":[{\"@type\":\"ReadAction\",\"target\":[\"https:\\\/\\\/fuentesfidedignas.com.mx\\\/index.php\\\/2021\\\/06\\\/09\\\/amlo-insiste-en-mirar-al-pri-para-lograr-mayoria-calificada-en-san-lazaro\\\/\"]}]},{\"@type\":\"ImageObject\",\"inLanguage\":\"es\",\"@id\":\"https:\\\/\\\/fuentesfidedignas.com.mx\\\/index.php\\\/2021\\\/06\\\/09\\\/amlo-insiste-en-mirar-al-pri-para-lograr-mayoria-calificada-en-san-lazaro\\\/#primaryimage\",\"url\":\"https:\\\/\\\/fuentesfidedignas.com.mx\\\/wp-content\\\/uploads\\\/2021\\\/06\\\/amlo-mayoria-640x360-1.jpg\",\"contentUrl\":\"https:\\\/\\\/fuentesfidedignas.com.mx\\\/wp-content\\\/uploads\\\/2021\\\/06\\\/amlo-mayoria-640x360-1.jpg\",\"width\":640,\"height\":360},{\"@type\":\"BreadcrumbList\",\"@id\":\"https:\\\/\\\/fuentesfidedignas.com.mx\\\/index.php\\\/2021\\\/06\\\/09\\\/amlo-insiste-en-mirar-al-pri-para-lograr-mayoria-calificada-en-san-lazaro\\\/#breadcrumb\",\"itemListElement\":[{\"@type\":\"ListItem\",\"position\":1,\"name\":\"Inicio\",\"item\":\"https:\\\/\\\/fuentesfidedignas.com.mx\\\/\"},{\"@type\":\"ListItem\",\"position\":2,\"name\":\"AMLO insiste en mirar al PRI para lograr mayor\u00eda calificada en San L\u00e1zaro\"}]},{\"@type\":\"WebSite\",\"@id\":\"https:\\\/\\\/fuentesfidedignas.com.mx\\\/#website\",\"url\":\"https:\\\/\\\/fuentesfidedignas.com.mx\\\/\",\"name\":\"Fuentes Fidedignas\",\"description\":\"Otro sitio realizado con WordPress\",\"publisher\":{\"@id\":\"https:\\\/\\\/fuentesfidedignas.com.mx\\\/#organization\"},\"potentialAction\":[{\"@type\":\"SearchAction\",\"target\":{\"@type\":\"EntryPoint\",\"urlTemplate\":\"https:\\\/\\\/fuentesfidedignas.com.mx\\\/?s={search_term_string}\"},\"query-input\":{\"@type\":\"PropertyValueSpecification\",\"valueRequired\":true,\"valueName\":\"search_term_string\"}}],\"inLanguage\":\"es\"},{\"@type\":\"Organization\",\"@id\":\"https:\\\/\\\/fuentesfidedignas.com.mx\\\/#organization\",\"name\":\"Fuentes Fidedignas\",\"url\":\"https:\\\/\\\/fuentesfidedignas.com.mx\\\/\",\"logo\":{\"@type\":\"ImageObject\",\"inLanguage\":\"es\",\"@id\":\"https:\\\/\\\/fuentesfidedignas.com.mx\\\/#\\\/schema\\\/logo\\\/image\\\/\",\"url\":\"https:\\\/\\\/fuentesfidedignas.com.mx\\\/wp-content\\\/uploads\\\/2021\\\/04\\\/logo-retina.png\",\"contentUrl\":\"https:\\\/\\\/fuentesfidedignas.com.mx\\\/wp-content\\\/uploads\\\/2021\\\/04\\\/logo-retina.png\",\"width\":280,\"height\":51,\"caption\":\"Fuentes Fidedignas\"},\"image\":{\"@id\":\"https:\\\/\\\/fuentesfidedignas.com.mx\\\/#\\\/schema\\\/logo\\\/image\\\/\"},\"sameAs\":[\"https:\\\/\\\/www.facebook.com\\\/Fuentes-Fidedignas-368234489921644\",\"https:\\\/\\\/x.com\\\/fidedignas\"]},{\"@type\":\"Person\",\"@id\":\"https:\\\/\\\/fuentesfidedignas.com.mx\\\/#\\\/schema\\\/person\\\/5623d53fe2e579d825b1679734abcc44\",\"name\":\"Forbes\",\"image\":{\"@type\":\"ImageObject\",\"inLanguage\":\"es\",\"@id\":\"https:\\\/\\\/secure.gravatar.com\\\/avatar\\\/87ce3dd4e41e60c22a79c758614f01a6bc2469255fc936ec7b15efb9bb5cb66f?s=96&d=mm&r=g\",\"url\":\"https:\\\/\\\/secure.gravatar.com\\\/avatar\\\/87ce3dd4e41e60c22a79c758614f01a6bc2469255fc936ec7b15efb9bb5cb66f?s=96&d=mm&r=g\",\"contentUrl\":\"https:\\\/\\\/secure.gravatar.com\\\/avatar\\\/87ce3dd4e41e60c22a79c758614f01a6bc2469255fc936ec7b15efb9bb5cb66f?s=96&d=mm&r=g\",\"caption\":\"Forbes\"},\"url\":\"https:\\\/\\\/fuentesfidedignas.com.mx\\\/index.php\\\/author\\\/forbes\\\/\"}]}<\/script>\n<!-- \/ Yoast SEO plugin. -->","yoast_head_json":{"title":"AMLO insiste en mirar al PRI para lograr mayor\u00eda calificada en San L\u00e1zaro - Fuentes Fidedignas","robots":{"index":"index","follow":"follow","max-snippet":"max-snippet:-1","max-image-preview":"max-image-preview:large","max-video-preview":"max-video-preview:-1"},"canonical":"https:\/\/fuentesfidedignas.com.mx\/index.php\/2021\/06\/09\/amlo-insiste-en-mirar-al-pri-para-lograr-mayoria-calificada-en-san-lazaro\/","og_locale":"es_MX","og_type":"article","og_title":"AMLO insiste en mirar al PRI para lograr mayor\u00eda calificada en San L\u00e1zaro - Fuentes Fidedignas","og_description":"El presidente reiter\u00f3 que buscar\u00e1n a otros partidos para una mayor\u00eda calificada, aunque hacen falta &#8216;muy poquitas&#8217; reformas constitucionales. Ciudad de M\u00e9xico.- El presidente Andr\u00e9s Manuel L\u00f3pez Obrador reafirm\u00f3 que buscar\u00e1n negociar en la C\u00e1mara de Diputados para alcanzar la mayor\u00eda calificada en la aprobaci\u00f3n de reformas constitucionales que se requieran para apuntalar su proyecto [&hellip;]","og_url":"https:\/\/fuentesfidedignas.com.mx\/index.php\/2021\/06\/09\/amlo-insiste-en-mirar-al-pri-para-lograr-mayoria-calificada-en-san-lazaro\/","og_site_name":"Fuentes Fidedignas","article_publisher":"https:\/\/www.facebook.com\/Fuentes-Fidedignas-368234489921644","article_published_time":"2021-06-09T14:59:47+00:00","article_modified_time":"2021-06-09T14:59:48+00:00","og_image":[{"width":640,"height":360,"url":"https:\/\/fuentesfidedignas.com.mx\/wp-content\/uploads\/2021\/06\/amlo-mayoria-640x360-1.jpg","type":"image\/jpeg"}],"author":"Forbes","twitter_card":"summary_large_image","twitter_creator":"@fidedignas","twitter_site":"@fidedignas","twitter_misc":{"Escrito por":"Forbes","Tiempo de lectura":"2 minutos"},"schema":{"@context":"https:\/\/schema.org","@graph":[{"@type":"Article","@id":"https:\/\/fuentesfidedignas.com.mx\/index.php\/2021\/06\/09\/amlo-insiste-en-mirar-al-pri-para-lograr-mayoria-calificada-en-san-lazaro\/#article","isPartOf":{"@id":"https:\/\/fuentesfidedignas.com.mx\/index.php\/2021\/06\/09\/amlo-insiste-en-mirar-al-pri-para-lograr-mayoria-calificada-en-san-lazaro\/"},"author":{"name":"Forbes","@id":"https:\/\/fuentesfidedignas.com.mx\/#\/schema\/person\/5623d53fe2e579d825b1679734abcc44"},"headline":"AMLO insiste en mirar al PRI para lograr mayor\u00eda calificada en San L\u00e1zaro","datePublished":"2021-06-09T14:59:47+00:00","dateModified":"2021-06-09T14:59:48+00:00","mainEntityOfPage":{"@id":"https:\/\/fuentesfidedignas.com.mx\/index.php\/2021\/06\/09\/amlo-insiste-en-mirar-al-pri-para-lograr-mayoria-calificada-en-san-lazaro\/"},"wordCount":342,"commentCount":0,"publisher":{"@id":"https:\/\/fuentesfidedignas.com.mx\/#organization"},"image":{"@id":"https:\/\/fuentesfidedignas.com.mx\/index.php\/2021\/06\/09\/amlo-insiste-en-mirar-al-pri-para-lograr-mayoria-calificada-en-san-lazaro\/#primaryimage"},"thumbnailUrl":"https:\/\/fuentesfidedignas.com.mx\/wp-content\/uploads\/2021\/06\/amlo-mayoria-640x360-1.jpg","keywords":["AMLO","Andr\u00e9s Manuel L\u00f3pez Obrador","C\u00e1mara de Diputados","PRI"],"articleSection":["NOTICIAS NACIONALES"],"inLanguage":"es","potentialAction":[{"@type":"CommentAction","name":"Comment","target":["https:\/\/fuentesfidedignas.com.mx\/index.php\/2021\/06\/09\/amlo-insiste-en-mirar-al-pri-para-lograr-mayoria-calificada-en-san-lazaro\/#respond"]}]},{"@type":"WebPage","@id":"https:\/\/fuentesfidedignas.com.mx\/index.php\/2021\/06\/09\/amlo-insiste-en-mirar-al-pri-para-lograr-mayoria-calificada-en-san-lazaro\/","url":"https:\/\/fuentesfidedignas.com.mx\/index.php\/2021\/06\/09\/amlo-insiste-en-mirar-al-pri-para-lograr-mayoria-calificada-en-san-lazaro\/","name":"AMLO insiste en mirar al PRI para lograr mayor\u00eda calificada en San L\u00e1zaro - Fuentes Fidedignas","isPartOf":{"@id":"https:\/\/fuentesfidedignas.com.mx\/#website"},"primaryImageOfPage":{"@id":"https:\/\/fuentesfidedignas.com.mx\/index.php\/2021\/06\/09\/amlo-insiste-en-mirar-al-pri-para-lograr-mayoria-calificada-en-san-lazaro\/#primaryimage"},"image":{"@id":"https:\/\/fuentesfidedignas.com.mx\/index.php\/2021\/06\/09\/amlo-insiste-en-mirar-al-pri-para-lograr-mayoria-calificada-en-san-lazaro\/#primaryimage"},"thumbnailUrl":"https:\/\/fuentesfidedignas.com.mx\/wp-content\/uploads\/2021\/06\/amlo-mayoria-640x360-1.jpg","datePublished":"2021-06-09T14:59:47+00:00","dateModified":"2021-06-09T14:59:48+00:00","breadcrumb":{"@id":"https:\/\/fuentesfidedignas.com.mx\/index.php\/2021\/06\/09\/amlo-insiste-en-mirar-al-pri-para-lograr-mayoria-calificada-en-san-lazaro\/#breadcrumb"},"inLanguage":"es","potentialAction":[{"@type":"ReadAction","target":["https:\/\/fuentesfidedignas.com.mx\/index.php\/2021\/06\/09\/amlo-insiste-en-mirar-al-pri-para-lograr-mayoria-calificada-en-san-lazaro\/"]}]},{"@type":"ImageObject","inLanguage":"es","@id":"https:\/\/fuentesfidedignas.com.mx\/index.php\/2021\/06\/09\/amlo-insiste-en-mirar-al-pri-para-lograr-mayoria-calificada-en-san-lazaro\/#primaryimage","url":"https:\/\/fuentesfidedignas.com.mx\/wp-content\/uploads\/2021\/06\/amlo-mayoria-640x360-1.jpg","contentUrl":"https:\/\/fuentesfidedignas.com.mx\/wp-content\/uploads\/2021\/06\/amlo-mayoria-640x360-1.jpg","width":640,"height":360},{"@type":"BreadcrumbList","@id":"https:\/\/fuentesfidedignas.com.mx\/index.php\/2021\/06\/09\/amlo-insiste-en-mirar-al-pri-para-lograr-mayoria-calificada-en-san-lazaro\/#breadcrumb","itemListElement":[{"@type":"ListItem","position":1,"name":"Inicio","item":"https:\/\/fuentesfidedignas.com.mx\/"},{"@type":"ListItem","position":2,"name":"AMLO insiste en mirar al PRI para lograr mayor\u00eda calificada en San L\u00e1zaro"}]},{"@type":"WebSite","@id":"https:\/\/fuentesfidedignas.com.mx\/#website","url":"https:\/\/fuentesfidedignas.com.mx\/","name":"Fuentes Fidedignas","description":"Otro sitio realizado con WordPress","publisher":{"@id":"https:\/\/fuentesfidedignas.com.mx\/#organization"},"potentialAction":[{"@type":"SearchAction","target":{"@type":"EntryPoint","urlTemplate":"https:\/\/fuentesfidedignas.com.mx\/?s={search_term_string}"},"query-input":{"@type":"PropertyValueSpecification","valueRequired":true,"valueName":"search_term_string"}}],"inLanguage":"es"},{"@type":"Organization","@id":"https:\/\/fuentesfidedignas.com.mx\/#organization","name":"Fuentes Fidedignas","url":"https:\/\/fuentesfidedignas.com.mx\/","logo":{"@type":"ImageObject","inLanguage":"es","@id":"https:\/\/fuentesfidedignas.com.mx\/#\/schema\/logo\/image\/","url":"https:\/\/fuentesfidedignas.com.mx\/wp-content\/uploads\/2021\/04\/logo-retina.png","contentUrl":"https:\/\/fuentesfidedignas.com.mx\/wp-content\/uploads\/2021\/04\/logo-retina.png","width":280,"height":51,"caption":"Fuentes Fidedignas"},"image":{"@id":"https:\/\/fuentesfidedignas.com.mx\/#\/schema\/logo\/image\/"},"sameAs":["https:\/\/www.facebook.com\/Fuentes-Fidedignas-368234489921644","https:\/\/x.com\/fidedignas"]},{"@type":"Person","@id":"https:\/\/fuentesfidedignas.com.mx\/#\/schema\/person\/5623d53fe2e579d825b1679734abcc44","name":"Forbes","image":{"@type":"ImageObject","inLanguage":"es","@id":"https:\/\/secure.gravatar.com\/avatar\/87ce3dd4e41e60c22a79c758614f01a6bc2469255fc936ec7b15efb9bb5cb66f?s=96&d=mm&r=g","url":"https:\/\/secure.gravatar.com\/avatar\/87ce3dd4e41e60c22a79c758614f01a6bc2469255fc936ec7b15efb9bb5cb66f?s=96&d=mm&r=g","contentUrl":"https:\/\/secure.gravatar.com\/avatar\/87ce3dd4e41e60c22a79c758614f01a6bc2469255fc936ec7b15efb9bb5cb66f?s=96&d=mm&r=g","caption":"Forbes"},"url":"https:\/\/fuentesfidedignas.com.mx\/index.php\/author\/forbes\/"}]}},"_links":{"self":[{"href":"https:\/\/fuentesfidedignas.com.mx\/index.php\/wp-json\/wp\/v2\/posts\/4631","targetHints":{"allow":["GET"]}}],"collection":[{"href":"https:\/\/fuentesfidedignas.com.mx\/index.php\/wp-json\/wp\/v2\/posts"}],"about":[{"href":"https:\/\/fuentesfidedignas.com.mx\/index.php\/wp-json\/wp\/v2\/types\/post"}],"author":[{"embeddable":true,"href":"https:\/\/fuentesfidedignas.com.mx\/index.php\/wp-json\/wp\/v2\/users\/5"}],"replies":[{"embeddable":true,"href":"https:\/\/fuentesfidedignas.com.mx\/index.php\/wp-json\/wp\/v2\/comments?post=4631"}],"version-history":[{"count":1,"href":"https:\/\/fuentesfidedignas.com.mx\/index.php\/wp-json\/wp\/v2\/posts\/4631\/revisions"}],"predecessor-version":[{"id":4633,"href":"https:\/\/fuentesfidedignas.com.mx\/index.php\/wp-json\/wp\/v2\/posts\/4631\/revisions\/4633"}],"wp:featuredmedia":[{"embeddable":true,"href":"https:\/\/fuentesfidedignas.com.mx\/index.php\/wp-json\/wp\/v2\/media\/4632"}],"wp:attachment":[{"href":"https:\/\/fuentesfidedignas.com.mx\/index.php\/wp-json\/wp\/v2\/media?parent=4631"}],"wp:term":[{"taxonomy":"category","embeddable":true,"href":"https:\/\/fuentesfidedignas.com.mx\/index.php\/wp-json\/wp\/v2\/categories?post=4631"},{"taxonomy":"post_tag","embeddable":true,"href":"https:\/\/fuentesfidedignas.com.mx\/index.php\/wp-json\/wp\/v2\/tags?post=4631"}],"curies":[{"name":"wp","href":"https:\/\/api.w.org\/{rel}","templated":true}]}}