{"id":4628,"date":"2021-06-09T07:38:45","date_gmt":"2021-06-09T14:38:45","guid":{"rendered":"https:\/\/fuentesfidedignas.com.mx\/?p=4628"},"modified":"2021-06-09T07:38:47","modified_gmt":"2021-06-09T14:38:47","slug":"en-breve-gobierno-de-sinaloa-emitira-convocatoria-del-programa-de-uniformes-y-utiles-escolares","status":"publish","type":"post","link":"https:\/\/fuentesfidedignas.com.mx\/index.php\/2021\/06\/09\/en-breve-gobierno-de-sinaloa-emitira-convocatoria-del-programa-de-uniformes-y-utiles-escolares\/","title":{"rendered":"En breve Gobierno de Sinaloa emitir\u00e1 convocatoria del programa de Uniformes y \u00datiles Escolares"},"content":{"rendered":"\n<p><strong><em>M\u00e1s de 500 mil alumnos y alumnas de escuelas p\u00fablicas de nivel b\u00e1sico ser\u00e1n beneficiados con dos uniformes y un paquete de \u00fatiles escolares.<\/em><\/strong><\/p>\n\n\n\n<p>Culiac\u00e1n, Sin.- El Gobierno de Sinaloa a trav\u00e9s de la Secretar\u00eda de Econom\u00eda hace un atento llamado a proveedores interesados en participar en el programa de Uniformes y \u00datiles Escolares para que est\u00e9n listos ante la proximidad de la emisi\u00f3n de la convocatoria de dicho programa que beneficia a miles de familias sinaloenses.<\/p>\n\n\n\n<p>El Secretario de Econom\u00eda de Sinaloa, Javier Liz\u00e1rraga&nbsp; Mercado, inform\u00f3 que para el pr\u00f3ximo ciclo escolar 2021-2022 m\u00e1s de 500 mil alumnos y alumnas de escuelas p\u00fablicas de nivel b\u00e1sico que comprenden preescolar, primaria y secundaria ser\u00e1n beneficiarios de dos uniformes y un paquete de \u00fatiles escolares.<\/p>\n\n\n\n<p>\u201cEsta ser\u00e1 la quinta edici\u00f3n del programa durante la gesti\u00f3n del gobernador Quirino Ordaz Coppel en el cual ha invertido m\u00e1s de mil millones de pesos en beneficio de las familias sinaloenses\u201d, destac\u00f3 el funcionario.<\/p>\n\n\n\n<p>El funcionario del gobierno de Sinaloa confirm\u00f3 que textileros y\/o textileras tendr\u00e1n asegurado el anticipo para que puedan comprar los insumos necesarios para la confecci\u00f3n de los uniformes.<\/p>\n\n\n\n<p>\u201cReiterarles adem\u00e1s la invitaci\u00f3n a los proveedores de uniformes y \u00fatiles escolares a que se preparen con la documentaci\u00f3n necesaria y as\u00ed puedan participar en este noble programa\u201d, subray\u00f3.<\/p>\n\n\n\n<p>Para mayor informaci\u00f3n del programa pueden consultar&nbsp;<a href=\"http:\/\/www.uniformes.sinaloa.gob.mx\/\" target=\"_blank\" rel=\"noreferrer noopener\">www.uniformes.sinaloa.gob.mx<\/a>,&nbsp;<a href=\"http:\/\/www.utiles.sinaloa.gob.mx\/\" target=\"_blank\" rel=\"noreferrer noopener\">www.utiles.sinaloa.gob.mx<\/a>&nbsp;o llamar al 7 58 52 00 extesi\u00f3n<\/p>\n","protected":false},"excerpt":{"rendered":"<p>M\u00e1s de 500 mil alumnos y alumnas de escuelas p\u00fablicas de nivel b\u00e1sico ser\u00e1n beneficiados con dos uniformes y un paquete de \u00fatiles escolares. Culiac\u00e1n, Sin.- El Gobierno de Sinaloa a trav\u00e9s de la Secretar\u00eda de Econom\u00eda hace un atento llamado a proveedores interesados en participar en el programa de Uniformes y \u00datiles Escolares para [&hellip;]<\/p>\n","protected":false},"author":4,"featured_media":4629,"comment_status":"open","ping_status":"open","sticky":false,"template":"","format":"standard","meta":{"tdm_status":"","tdm_grid_status":"","footnotes":""},"categories":[37],"tags":[713,714,49,715],"class_list":{"0":"post-4628","1":"post","2":"type-post","3":"status-publish","4":"format-standard","5":"has-post-thumbnail","7":"category-nota-principal","8":"tag-gobierno-del-estado-de-sinaloa","9":"tag-secretaria-de-economia","10":"tag-sinaloa","11":"tag-uniformes-y-utiles-escolares"},"yoast_head":"<!-- This site is optimized with the Yoast SEO plugin v27.5 - https:\/\/yoast.com\/product\/yoast-seo-wordpress\/ -->\n<title>En breve Gobierno de Sinaloa emitir\u00e1 convocatoria del programa de Uniformes y \u00datiles Escolares - Fuentes Fidedignas<\/title>\n<meta name=\"robots\" content=\"index, follow, max-snippet:-1, max-image-preview:large, max-video-preview:-1\" \/>\n<link rel=\"canonical\" href=\"https:\/\/fuentesfidedignas.com.mx\/index.php\/2021\/06\/09\/en-breve-gobierno-de-sinaloa-emitira-convocatoria-del-programa-de-uniformes-y-utiles-escolares\/\" \/>\n<meta property=\"og:locale\" content=\"es_MX\" \/>\n<meta property=\"og:type\" content=\"article\" \/>\n<meta property=\"og:title\" content=\"En breve Gobierno de Sinaloa emitir\u00e1 convocatoria del programa de Uniformes y \u00datiles Escolares - Fuentes Fidedignas\" \/>\n<meta property=\"og:description\" content=\"M\u00e1s de 500 mil alumnos y alumnas de escuelas p\u00fablicas de nivel b\u00e1sico ser\u00e1n beneficiados con dos uniformes y un paquete de \u00fatiles escolares. Culiac\u00e1n, Sin.- El Gobierno de Sinaloa a trav\u00e9s de la Secretar\u00eda de Econom\u00eda hace un atento llamado a proveedores interesados en participar en el programa de Uniformes y \u00datiles Escolares para [&hellip;]\" \/>\n<meta property=\"og:url\" content=\"https:\/\/fuentesfidedignas.com.mx\/index.php\/2021\/06\/09\/en-breve-gobierno-de-sinaloa-emitira-convocatoria-del-programa-de-uniformes-y-utiles-escolares\/\" \/>\n<meta property=\"og:site_name\" content=\"Fuentes Fidedignas\" \/>\n<meta property=\"article:publisher\" content=\"https:\/\/www.facebook.com\/Fuentes-Fidedignas-368234489921644\" \/>\n<meta property=\"article:published_time\" content=\"2021-06-09T14:38:45+00:00\" \/>\n<meta property=\"article:modified_time\" content=\"2021-06-09T14:38:47+00:00\" \/>\n<meta property=\"og:image\" content=\"https:\/\/fuentesfidedignas.com.mx\/wp-content\/uploads\/2021\/06\/2ff18bf5-c8d2-4b71-9a07-727e5b1a9e35.jpg\" \/>\n\t<meta property=\"og:image:width\" content=\"1280\" \/>\n\t<meta property=\"og:image:height\" content=\"853\" \/>\n\t<meta property=\"og:image:type\" content=\"image\/jpeg\" \/>\n<meta name=\"author\" content=\"Redacci\u00f3n\" \/>\n<meta name=\"twitter:card\" content=\"summary_large_image\" \/>\n<meta name=\"twitter:creator\" content=\"@fidedignas\" \/>\n<meta name=\"twitter:site\" content=\"@fidedignas\" \/>\n<meta name=\"twitter:label1\" content=\"Escrito por\" \/>\n\t<meta name=\"twitter:data1\" content=\"Redacci\u00f3n\" \/>\n\t<meta name=\"twitter:label2\" content=\"Tiempo de lectura\" \/>\n\t<meta name=\"twitter:data2\" content=\"2 minutos\" \/>\n<script type=\"application\/ld+json\" class=\"yoast-schema-graph\">{\"@context\":\"https:\\\/\\\/schema.org\",\"@graph\":[{\"@type\":\"Article\",\"@id\":\"https:\\\/\\\/fuentesfidedignas.com.mx\\\/index.php\\\/2021\\\/06\\\/09\\\/en-breve-gobierno-de-sinaloa-emitira-convocatoria-del-programa-de-uniformes-y-utiles-escolares\\\/#article\",\"isPartOf\":{\"@id\":\"https:\\\/\\\/fuentesfidedignas.com.mx\\\/index.php\\\/2021\\\/06\\\/09\\\/en-breve-gobierno-de-sinaloa-emitira-convocatoria-del-programa-de-uniformes-y-utiles-escolares\\\/\"},\"author\":{\"name\":\"Redacci\u00f3n\",\"@id\":\"https:\\\/\\\/fuentesfidedignas.com.mx\\\/#\\\/schema\\\/person\\\/331be9283d37198e2acd5750279085b0\"},\"headline\":\"En breve Gobierno de Sinaloa emitir\u00e1 convocatoria del programa de Uniformes y \u00datiles Escolares\",\"datePublished\":\"2021-06-09T14:38:45+00:00\",\"dateModified\":\"2021-06-09T14:38:47+00:00\",\"mainEntityOfPage\":{\"@id\":\"https:\\\/\\\/fuentesfidedignas.com.mx\\\/index.php\\\/2021\\\/06\\\/09\\\/en-breve-gobierno-de-sinaloa-emitira-convocatoria-del-programa-de-uniformes-y-utiles-escolares\\\/\"},\"wordCount\":282,\"commentCount\":0,\"publisher\":{\"@id\":\"https:\\\/\\\/fuentesfidedignas.com.mx\\\/#organization\"},\"image\":{\"@id\":\"https:\\\/\\\/fuentesfidedignas.com.mx\\\/index.php\\\/2021\\\/06\\\/09\\\/en-breve-gobierno-de-sinaloa-emitira-convocatoria-del-programa-de-uniformes-y-utiles-escolares\\\/#primaryimage\"},\"thumbnailUrl\":\"https:\\\/\\\/fuentesfidedignas.com.mx\\\/wp-content\\\/uploads\\\/2021\\\/06\\\/2ff18bf5-c8d2-4b71-9a07-727e5b1a9e35.jpg\",\"keywords\":[\"Gobierno del Estado de Sinaloa\",\"Secretar\u00eda de Econom\u00eda\",\"sinaloa\",\"Uniformes y \u00datiles Escolares\"],\"articleSection\":[\"NOTA PRINCIPAL\"],\"inLanguage\":\"es\",\"potentialAction\":[{\"@type\":\"CommentAction\",\"name\":\"Comment\",\"target\":[\"https:\\\/\\\/fuentesfidedignas.com.mx\\\/index.php\\\/2021\\\/06\\\/09\\\/en-breve-gobierno-de-sinaloa-emitira-convocatoria-del-programa-de-uniformes-y-utiles-escolares\\\/#respond\"]}]},{\"@type\":\"WebPage\",\"@id\":\"https:\\\/\\\/fuentesfidedignas.com.mx\\\/index.php\\\/2021\\\/06\\\/09\\\/en-breve-gobierno-de-sinaloa-emitira-convocatoria-del-programa-de-uniformes-y-utiles-escolares\\\/\",\"url\":\"https:\\\/\\\/fuentesfidedignas.com.mx\\\/index.php\\\/2021\\\/06\\\/09\\\/en-breve-gobierno-de-sinaloa-emitira-convocatoria-del-programa-de-uniformes-y-utiles-escolares\\\/\",\"name\":\"En breve Gobierno de Sinaloa emitir\u00e1 convocatoria del programa de Uniformes y \u00datiles Escolares - Fuentes Fidedignas\",\"isPartOf\":{\"@id\":\"https:\\\/\\\/fuentesfidedignas.com.mx\\\/#website\"},\"primaryImageOfPage\":{\"@id\":\"https:\\\/\\\/fuentesfidedignas.com.mx\\\/index.php\\\/2021\\\/06\\\/09\\\/en-breve-gobierno-de-sinaloa-emitira-convocatoria-del-programa-de-uniformes-y-utiles-escolares\\\/#primaryimage\"},\"image\":{\"@id\":\"https:\\\/\\\/fuentesfidedignas.com.mx\\\/index.php\\\/2021\\\/06\\\/09\\\/en-breve-gobierno-de-sinaloa-emitira-convocatoria-del-programa-de-uniformes-y-utiles-escolares\\\/#primaryimage\"},\"thumbnailUrl\":\"https:\\\/\\\/fuentesfidedignas.com.mx\\\/wp-content\\\/uploads\\\/2021\\\/06\\\/2ff18bf5-c8d2-4b71-9a07-727e5b1a9e35.jpg\",\"datePublished\":\"2021-06-09T14:38:45+00:00\",\"dateModified\":\"2021-06-09T14:38:47+00:00\",\"breadcrumb\":{\"@id\":\"https:\\\/\\\/fuentesfidedignas.com.mx\\\/index.php\\\/2021\\\/06\\\/09\\\/en-breve-gobierno-de-sinaloa-emitira-convocatoria-del-programa-de-uniformes-y-utiles-escolares\\\/#breadcrumb\"},\"inLanguage\":\"es\",\"potentialAction\":[{\"@type\":\"ReadAction\",\"target\":[\"https:\\\/\\\/fuentesfidedignas.com.mx\\\/index.php\\\/2021\\\/06\\\/09\\\/en-breve-gobierno-de-sinaloa-emitira-convocatoria-del-programa-de-uniformes-y-utiles-escolares\\\/\"]}]},{\"@type\":\"ImageObject\",\"inLanguage\":\"es\",\"@id\":\"https:\\\/\\\/fuentesfidedignas.com.mx\\\/index.php\\\/2021\\\/06\\\/09\\\/en-breve-gobierno-de-sinaloa-emitira-convocatoria-del-programa-de-uniformes-y-utiles-escolares\\\/#primaryimage\",\"url\":\"https:\\\/\\\/fuentesfidedignas.com.mx\\\/wp-content\\\/uploads\\\/2021\\\/06\\\/2ff18bf5-c8d2-4b71-9a07-727e5b1a9e35.jpg\",\"contentUrl\":\"https:\\\/\\\/fuentesfidedignas.com.mx\\\/wp-content\\\/uploads\\\/2021\\\/06\\\/2ff18bf5-c8d2-4b71-9a07-727e5b1a9e35.jpg\",\"width\":1280,\"height\":853},{\"@type\":\"BreadcrumbList\",\"@id\":\"https:\\\/\\\/fuentesfidedignas.com.mx\\\/index.php\\\/2021\\\/06\\\/09\\\/en-breve-gobierno-de-sinaloa-emitira-convocatoria-del-programa-de-uniformes-y-utiles-escolares\\\/#breadcrumb\",\"itemListElement\":[{\"@type\":\"ListItem\",\"position\":1,\"name\":\"Inicio\",\"item\":\"https:\\\/\\\/fuentesfidedignas.com.mx\\\/\"},{\"@type\":\"ListItem\",\"position\":2,\"name\":\"En breve Gobierno de Sinaloa emitir\u00e1 convocatoria del programa de Uniformes y \u00datiles Escolares\"}]},{\"@type\":\"WebSite\",\"@id\":\"https:\\\/\\\/fuentesfidedignas.com.mx\\\/#website\",\"url\":\"https:\\\/\\\/fuentesfidedignas.com.mx\\\/\",\"name\":\"Fuentes Fidedignas\",\"description\":\"Otro sitio realizado con WordPress\",\"publisher\":{\"@id\":\"https:\\\/\\\/fuentesfidedignas.com.mx\\\/#organization\"},\"potentialAction\":[{\"@type\":\"SearchAction\",\"target\":{\"@type\":\"EntryPoint\",\"urlTemplate\":\"https:\\\/\\\/fuentesfidedignas.com.mx\\\/?s={search_term_string}\"},\"query-input\":{\"@type\":\"PropertyValueSpecification\",\"valueRequired\":true,\"valueName\":\"search_term_string\"}}],\"inLanguage\":\"es\"},{\"@type\":\"Organization\",\"@id\":\"https:\\\/\\\/fuentesfidedignas.com.mx\\\/#organization\",\"name\":\"Fuentes Fidedignas\",\"url\":\"https:\\\/\\\/fuentesfidedignas.com.mx\\\/\",\"logo\":{\"@type\":\"ImageObject\",\"inLanguage\":\"es\",\"@id\":\"https:\\\/\\\/fuentesfidedignas.com.mx\\\/#\\\/schema\\\/logo\\\/image\\\/\",\"url\":\"https:\\\/\\\/fuentesfidedignas.com.mx\\\/wp-content\\\/uploads\\\/2021\\\/04\\\/logo-retina.png\",\"contentUrl\":\"https:\\\/\\\/fuentesfidedignas.com.mx\\\/wp-content\\\/uploads\\\/2021\\\/04\\\/logo-retina.png\",\"width\":280,\"height\":51,\"caption\":\"Fuentes Fidedignas\"},\"image\":{\"@id\":\"https:\\\/\\\/fuentesfidedignas.com.mx\\\/#\\\/schema\\\/logo\\\/image\\\/\"},\"sameAs\":[\"https:\\\/\\\/www.facebook.com\\\/Fuentes-Fidedignas-368234489921644\",\"https:\\\/\\\/x.com\\\/fidedignas\"]},{\"@type\":\"Person\",\"@id\":\"https:\\\/\\\/fuentesfidedignas.com.mx\\\/#\\\/schema\\\/person\\\/331be9283d37198e2acd5750279085b0\",\"name\":\"Redacci\u00f3n\",\"image\":{\"@type\":\"ImageObject\",\"inLanguage\":\"es\",\"@id\":\"https:\\\/\\\/secure.gravatar.com\\\/avatar\\\/f6d8782c11d12b2d4ad3fbb6931aeab5309937a4d6cd2fc9cfaa28a6396a5aec?s=96&d=mm&r=g\",\"url\":\"https:\\\/\\\/secure.gravatar.com\\\/avatar\\\/f6d8782c11d12b2d4ad3fbb6931aeab5309937a4d6cd2fc9cfaa28a6396a5aec?s=96&d=mm&r=g\",\"contentUrl\":\"https:\\\/\\\/secure.gravatar.com\\\/avatar\\\/f6d8782c11d12b2d4ad3fbb6931aeab5309937a4d6cd2fc9cfaa28a6396a5aec?s=96&d=mm&r=g\",\"caption\":\"Redacci\u00f3n\"},\"url\":\"https:\\\/\\\/fuentesfidedignas.com.mx\\\/index.php\\\/author\\\/redaccion\\\/\"}]}<\/script>\n<!-- \/ Yoast SEO plugin. -->","yoast_head_json":{"title":"En breve Gobierno de Sinaloa emitir\u00e1 convocatoria del programa de Uniformes y \u00datiles Escolares - Fuentes Fidedignas","robots":{"index":"index","follow":"follow","max-snippet":"max-snippet:-1","max-image-preview":"max-image-preview:large","max-video-preview":"max-video-preview:-1"},"canonical":"https:\/\/fuentesfidedignas.com.mx\/index.php\/2021\/06\/09\/en-breve-gobierno-de-sinaloa-emitira-convocatoria-del-programa-de-uniformes-y-utiles-escolares\/","og_locale":"es_MX","og_type":"article","og_title":"En breve Gobierno de Sinaloa emitir\u00e1 convocatoria del programa de Uniformes y \u00datiles Escolares - Fuentes Fidedignas","og_description":"M\u00e1s de 500 mil alumnos y alumnas de escuelas p\u00fablicas de nivel b\u00e1sico ser\u00e1n beneficiados con dos uniformes y un paquete de \u00fatiles escolares. Culiac\u00e1n, Sin.- El Gobierno de Sinaloa a trav\u00e9s de la Secretar\u00eda de Econom\u00eda hace un atento llamado a proveedores interesados en participar en el programa de Uniformes y \u00datiles Escolares para [&hellip;]","og_url":"https:\/\/fuentesfidedignas.com.mx\/index.php\/2021\/06\/09\/en-breve-gobierno-de-sinaloa-emitira-convocatoria-del-programa-de-uniformes-y-utiles-escolares\/","og_site_name":"Fuentes Fidedignas","article_publisher":"https:\/\/www.facebook.com\/Fuentes-Fidedignas-368234489921644","article_published_time":"2021-06-09T14:38:45+00:00","article_modified_time":"2021-06-09T14:38:47+00:00","og_image":[{"width":1280,"height":853,"url":"https:\/\/fuentesfidedignas.com.mx\/wp-content\/uploads\/2021\/06\/2ff18bf5-c8d2-4b71-9a07-727e5b1a9e35.jpg","type":"image\/jpeg"}],"author":"Redacci\u00f3n","twitter_card":"summary_large_image","twitter_creator":"@fidedignas","twitter_site":"@fidedignas","twitter_misc":{"Escrito por":"Redacci\u00f3n","Tiempo de lectura":"2 minutos"},"schema":{"@context":"https:\/\/schema.org","@graph":[{"@type":"Article","@id":"https:\/\/fuentesfidedignas.com.mx\/index.php\/2021\/06\/09\/en-breve-gobierno-de-sinaloa-emitira-convocatoria-del-programa-de-uniformes-y-utiles-escolares\/#article","isPartOf":{"@id":"https:\/\/fuentesfidedignas.com.mx\/index.php\/2021\/06\/09\/en-breve-gobierno-de-sinaloa-emitira-convocatoria-del-programa-de-uniformes-y-utiles-escolares\/"},"author":{"name":"Redacci\u00f3n","@id":"https:\/\/fuentesfidedignas.com.mx\/#\/schema\/person\/331be9283d37198e2acd5750279085b0"},"headline":"En breve Gobierno de Sinaloa emitir\u00e1 convocatoria del programa de Uniformes y \u00datiles Escolares","datePublished":"2021-06-09T14:38:45+00:00","dateModified":"2021-06-09T14:38:47+00:00","mainEntityOfPage":{"@id":"https:\/\/fuentesfidedignas.com.mx\/index.php\/2021\/06\/09\/en-breve-gobierno-de-sinaloa-emitira-convocatoria-del-programa-de-uniformes-y-utiles-escolares\/"},"wordCount":282,"commentCount":0,"publisher":{"@id":"https:\/\/fuentesfidedignas.com.mx\/#organization"},"image":{"@id":"https:\/\/fuentesfidedignas.com.mx\/index.php\/2021\/06\/09\/en-breve-gobierno-de-sinaloa-emitira-convocatoria-del-programa-de-uniformes-y-utiles-escolares\/#primaryimage"},"thumbnailUrl":"https:\/\/fuentesfidedignas.com.mx\/wp-content\/uploads\/2021\/06\/2ff18bf5-c8d2-4b71-9a07-727e5b1a9e35.jpg","keywords":["Gobierno del Estado de Sinaloa","Secretar\u00eda de Econom\u00eda","sinaloa","Uniformes y \u00datiles Escolares"],"articleSection":["NOTA PRINCIPAL"],"inLanguage":"es","potentialAction":[{"@type":"CommentAction","name":"Comment","target":["https:\/\/fuentesfidedignas.com.mx\/index.php\/2021\/06\/09\/en-breve-gobierno-de-sinaloa-emitira-convocatoria-del-programa-de-uniformes-y-utiles-escolares\/#respond"]}]},{"@type":"WebPage","@id":"https:\/\/fuentesfidedignas.com.mx\/index.php\/2021\/06\/09\/en-breve-gobierno-de-sinaloa-emitira-convocatoria-del-programa-de-uniformes-y-utiles-escolares\/","url":"https:\/\/fuentesfidedignas.com.mx\/index.php\/2021\/06\/09\/en-breve-gobierno-de-sinaloa-emitira-convocatoria-del-programa-de-uniformes-y-utiles-escolares\/","name":"En breve Gobierno de Sinaloa emitir\u00e1 convocatoria del programa de Uniformes y \u00datiles Escolares - Fuentes Fidedignas","isPartOf":{"@id":"https:\/\/fuentesfidedignas.com.mx\/#website"},"primaryImageOfPage":{"@id":"https:\/\/fuentesfidedignas.com.mx\/index.php\/2021\/06\/09\/en-breve-gobierno-de-sinaloa-emitira-convocatoria-del-programa-de-uniformes-y-utiles-escolares\/#primaryimage"},"image":{"@id":"https:\/\/fuentesfidedignas.com.mx\/index.php\/2021\/06\/09\/en-breve-gobierno-de-sinaloa-emitira-convocatoria-del-programa-de-uniformes-y-utiles-escolares\/#primaryimage"},"thumbnailUrl":"https:\/\/fuentesfidedignas.com.mx\/wp-content\/uploads\/2021\/06\/2ff18bf5-c8d2-4b71-9a07-727e5b1a9e35.jpg","datePublished":"2021-06-09T14:38:45+00:00","dateModified":"2021-06-09T14:38:47+00:00","breadcrumb":{"@id":"https:\/\/fuentesfidedignas.com.mx\/index.php\/2021\/06\/09\/en-breve-gobierno-de-sinaloa-emitira-convocatoria-del-programa-de-uniformes-y-utiles-escolares\/#breadcrumb"},"inLanguage":"es","potentialAction":[{"@type":"ReadAction","target":["https:\/\/fuentesfidedignas.com.mx\/index.php\/2021\/06\/09\/en-breve-gobierno-de-sinaloa-emitira-convocatoria-del-programa-de-uniformes-y-utiles-escolares\/"]}]},{"@type":"ImageObject","inLanguage":"es","@id":"https:\/\/fuentesfidedignas.com.mx\/index.php\/2021\/06\/09\/en-breve-gobierno-de-sinaloa-emitira-convocatoria-del-programa-de-uniformes-y-utiles-escolares\/#primaryimage","url":"https:\/\/fuentesfidedignas.com.mx\/wp-content\/uploads\/2021\/06\/2ff18bf5-c8d2-4b71-9a07-727e5b1a9e35.jpg","contentUrl":"https:\/\/fuentesfidedignas.com.mx\/wp-content\/uploads\/2021\/06\/2ff18bf5-c8d2-4b71-9a07-727e5b1a9e35.jpg","width":1280,"height":853},{"@type":"BreadcrumbList","@id":"https:\/\/fuentesfidedignas.com.mx\/index.php\/2021\/06\/09\/en-breve-gobierno-de-sinaloa-emitira-convocatoria-del-programa-de-uniformes-y-utiles-escolares\/#breadcrumb","itemListElement":[{"@type":"ListItem","position":1,"name":"Inicio","item":"https:\/\/fuentesfidedignas.com.mx\/"},{"@type":"ListItem","position":2,"name":"En breve Gobierno de Sinaloa emitir\u00e1 convocatoria del programa de Uniformes y \u00datiles Escolares"}]},{"@type":"WebSite","@id":"https:\/\/fuentesfidedignas.com.mx\/#website","url":"https:\/\/fuentesfidedignas.com.mx\/","name":"Fuentes Fidedignas","description":"Otro sitio realizado con WordPress","publisher":{"@id":"https:\/\/fuentesfidedignas.com.mx\/#organization"},"potentialAction":[{"@type":"SearchAction","target":{"@type":"EntryPoint","urlTemplate":"https:\/\/fuentesfidedignas.com.mx\/?s={search_term_string}"},"query-input":{"@type":"PropertyValueSpecification","valueRequired":true,"valueName":"search_term_string"}}],"inLanguage":"es"},{"@type":"Organization","@id":"https:\/\/fuentesfidedignas.com.mx\/#organization","name":"Fuentes Fidedignas","url":"https:\/\/fuentesfidedignas.com.mx\/","logo":{"@type":"ImageObject","inLanguage":"es","@id":"https:\/\/fuentesfidedignas.com.mx\/#\/schema\/logo\/image\/","url":"https:\/\/fuentesfidedignas.com.mx\/wp-content\/uploads\/2021\/04\/logo-retina.png","contentUrl":"https:\/\/fuentesfidedignas.com.mx\/wp-content\/uploads\/2021\/04\/logo-retina.png","width":280,"height":51,"caption":"Fuentes Fidedignas"},"image":{"@id":"https:\/\/fuentesfidedignas.com.mx\/#\/schema\/logo\/image\/"},"sameAs":["https:\/\/www.facebook.com\/Fuentes-Fidedignas-368234489921644","https:\/\/x.com\/fidedignas"]},{"@type":"Person","@id":"https:\/\/fuentesfidedignas.com.mx\/#\/schema\/person\/331be9283d37198e2acd5750279085b0","name":"Redacci\u00f3n","image":{"@type":"ImageObject","inLanguage":"es","@id":"https:\/\/secure.gravatar.com\/avatar\/f6d8782c11d12b2d4ad3fbb6931aeab5309937a4d6cd2fc9cfaa28a6396a5aec?s=96&d=mm&r=g","url":"https:\/\/secure.gravatar.com\/avatar\/f6d8782c11d12b2d4ad3fbb6931aeab5309937a4d6cd2fc9cfaa28a6396a5aec?s=96&d=mm&r=g","contentUrl":"https:\/\/secure.gravatar.com\/avatar\/f6d8782c11d12b2d4ad3fbb6931aeab5309937a4d6cd2fc9cfaa28a6396a5aec?s=96&d=mm&r=g","caption":"Redacci\u00f3n"},"url":"https:\/\/fuentesfidedignas.com.mx\/index.php\/author\/redaccion\/"}]}},"_links":{"self":[{"href":"https:\/\/fuentesfidedignas.com.mx\/index.php\/wp-json\/wp\/v2\/posts\/4628","targetHints":{"allow":["GET"]}}],"collection":[{"href":"https:\/\/fuentesfidedignas.com.mx\/index.php\/wp-json\/wp\/v2\/posts"}],"about":[{"href":"https:\/\/fuentesfidedignas.com.mx\/index.php\/wp-json\/wp\/v2\/types\/post"}],"author":[{"embeddable":true,"href":"https:\/\/fuentesfidedignas.com.mx\/index.php\/wp-json\/wp\/v2\/users\/4"}],"replies":[{"embeddable":true,"href":"https:\/\/fuentesfidedignas.com.mx\/index.php\/wp-json\/wp\/v2\/comments?post=4628"}],"version-history":[{"count":1,"href":"https:\/\/fuentesfidedignas.com.mx\/index.php\/wp-json\/wp\/v2\/posts\/4628\/revisions"}],"predecessor-version":[{"id":4630,"href":"https:\/\/fuentesfidedignas.com.mx\/index.php\/wp-json\/wp\/v2\/posts\/4628\/revisions\/4630"}],"wp:featuredmedia":[{"embeddable":true,"href":"https:\/\/fuentesfidedignas.com.mx\/index.php\/wp-json\/wp\/v2\/media\/4629"}],"wp:attachment":[{"href":"https:\/\/fuentesfidedignas.com.mx\/index.php\/wp-json\/wp\/v2\/media?parent=4628"}],"wp:term":[{"taxonomy":"category","embeddable":true,"href":"https:\/\/fuentesfidedignas.com.mx\/index.php\/wp-json\/wp\/v2\/categories?post=4628"},{"taxonomy":"post_tag","embeddable":true,"href":"https:\/\/fuentesfidedignas.com.mx\/index.php\/wp-json\/wp\/v2\/tags?post=4628"}],"curies":[{"name":"wp","href":"https:\/\/api.w.org\/{rel}","templated":true}]}}