{"id":46009,"date":"2023-04-29T15:08:04","date_gmt":"2023-04-29T21:08:04","guid":{"rendered":"https:\/\/fuentesfidedignas.com.mx\/?p=46009"},"modified":"2023-04-30T09:46:40","modified_gmt":"2023-04-30T15:46:40","slug":"la-dea-solicitara-la-extradicion-inmediata-de-ovidio-guzman-hijo-de-el-chapo","status":"publish","type":"post","link":"https:\/\/fuentesfidedignas.com.mx\/index.php\/2023\/04\/29\/la-dea-solicitara-la-extradicion-inmediata-de-ovidio-guzman-hijo-de-el-chapo\/","title":{"rendered":"La DEA solicitar\u00e1 la extradici\u00f3n inmediata de Ovidio Guzm\u00e1n, hijo de \u201cEl Chapo\u201d"},"content":{"rendered":"\n<p><strong><em>La directora de la DEA asegur\u00f3 que pedir\u00e1 a M\u00e9xico la extradici\u00f3n inmediata de Ovidio Guzm\u00e1n L\u00f3pez \u201cEl Rat\u00f3n\u201d, as\u00ed como la detenci\u00f3n de otros dos hijos de &#8220;El Chapo&#8221; Guzm\u00e1n.<\/em><\/strong><\/p>\n\n\n\n<p>CIUDAD DE M\u00c9XICO (proceso.com.mx).- La directora de la Administraci\u00f3n de Control de Drogas (DEA, por sus siglas en ingl\u00e9s), Anne Milgram, asegur\u00f3 que pedir\u00e1 a M\u00e9xico la extradici\u00f3n inmediata de Ovidio Guzm\u00e1n L\u00f3pez \u201cEl Rat\u00f3n\u201d, y el arresto de 16 fugitivos integrantes del C\u00e1rtel de Sinaloa, entre los que figuran dos de los hijos de Joaqu\u00edn \u201cEl Chapo\u201d Guzm\u00e1n.<\/p>\n\n\n\n<p>Durante una comparecencia ante el Comit\u00e9 de Asignaciones de la C\u00e1mara de Representantes de Estados Unidos, se\u00f1al\u00f3 que dicha petici\u00f3n ser\u00e1 en el contexto de una operaci\u00f3n para desmantelar la mayor red de tr\u00e1fico de fentanilo hacia Estados Unidos.<\/p>\n\n\n\n<p>\u201cNuestra m\u00e1s alta prioridad es obtener que esos 16 mexicanos que sean tra\u00eddos a Estados Unidos a enfrentar a la justicia en una corte criminal\u201d, explic\u00f3 de acuerdo con el diario Milenio.<\/p>\n\n\n\n<p>Milgram aclar\u00f3 que la detenci\u00f3n del \u201cRat\u00f3n\u201d fue gracias a una investigaci\u00f3n de la DEA.<\/p>\n\n\n\n<p>No qued\u00f3 ah\u00ed, asegur\u00f3 que perseguir\u00e1 la corrupci\u00f3n gubernamental que existe en M\u00e9xico al proteger a traficantes de fentanilo, a pesar de que actualmente enfrenta una investigaci\u00f3n por contratos millonarios irregulares.<\/p>\n\n\n\n<p>Cuestionada sobre si la DEA tiene informaci\u00f3n de que funcionarios del gobierno mexicano est\u00e1n ayudando a los c\u00e1rteles de la droga, Milgram contest\u00f3: \u201cSeguimos las evidencias adonde sea que nos lleven\u201d.<\/p>\n\n\n\n<p>\u201cEstamos hablando de corrupci\u00f3n que estimula el tr\u00e1fico de drogas, en M\u00e9xico y globalmente. As\u00ed que iremos adonde nos lleven las evidencias y los hechos\u201d, acot\u00f3.<\/p>\n","protected":false},"excerpt":{"rendered":"<p>La directora de la DEA asegur\u00f3 que pedir\u00e1 a M\u00e9xico la extradici\u00f3n inmediata de Ovidio Guzm\u00e1n L\u00f3pez \u201cEl Rat\u00f3n\u201d, as\u00ed como la detenci\u00f3n de otros dos hijos de &#8220;El Chapo&#8221; Guzm\u00e1n. CIUDAD DE M\u00c9XICO (proceso.com.mx).- La directora de la Administraci\u00f3n de Control de Drogas (DEA, por sus siglas en ingl\u00e9s), Anne Milgram, asegur\u00f3 que pedir\u00e1 [&hellip;]<\/p>\n","protected":false},"author":50,"featured_media":44553,"comment_status":"open","ping_status":"open","sticky":false,"template":"","format":"standard","meta":{"tdm_status":"","tdm_grid_status":"","footnotes":""},"categories":[37],"tags":[],"class_list":{"0":"post-46009","1":"post","2":"type-post","3":"status-publish","4":"format-standard","5":"has-post-thumbnail","7":"category-nota-principal"},"yoast_head":"<!-- This site is optimized with the Yoast SEO plugin v27.4 - https:\/\/yoast.com\/product\/yoast-seo-wordpress\/ -->\n<title>La DEA solicitar\u00e1 la extradici\u00f3n inmediata de Ovidio Guzm\u00e1n, hijo de \u201cEl Chapo\u201d - Fuentes Fidedignas<\/title>\n<meta name=\"robots\" content=\"index, follow, max-snippet:-1, max-image-preview:large, max-video-preview:-1\" \/>\n<link rel=\"canonical\" href=\"https:\/\/fuentesfidedignas.com.mx\/index.php\/2023\/04\/29\/la-dea-solicitara-la-extradicion-inmediata-de-ovidio-guzman-hijo-de-el-chapo\/\" \/>\n<meta property=\"og:locale\" content=\"es_MX\" \/>\n<meta property=\"og:type\" content=\"article\" \/>\n<meta property=\"og:title\" content=\"La DEA solicitar\u00e1 la extradici\u00f3n inmediata de Ovidio Guzm\u00e1n, hijo de \u201cEl Chapo\u201d - Fuentes Fidedignas\" \/>\n<meta property=\"og:description\" content=\"La directora de la DEA asegur\u00f3 que pedir\u00e1 a M\u00e9xico la extradici\u00f3n inmediata de Ovidio Guzm\u00e1n L\u00f3pez \u201cEl Rat\u00f3n\u201d, as\u00ed como la detenci\u00f3n de otros dos hijos de &#8220;El Chapo&#8221; Guzm\u00e1n. CIUDAD DE M\u00c9XICO (proceso.com.mx).- La directora de la Administraci\u00f3n de Control de Drogas (DEA, por sus siglas en ingl\u00e9s), Anne Milgram, asegur\u00f3 que pedir\u00e1 [&hellip;]\" \/>\n<meta property=\"og:url\" content=\"https:\/\/fuentesfidedignas.com.mx\/index.php\/2023\/04\/29\/la-dea-solicitara-la-extradicion-inmediata-de-ovidio-guzman-hijo-de-el-chapo\/\" \/>\n<meta property=\"og:site_name\" content=\"Fuentes Fidedignas\" \/>\n<meta property=\"article:publisher\" content=\"https:\/\/www.facebook.com\/Fuentes-Fidedignas-368234489921644\" \/>\n<meta property=\"article:published_time\" content=\"2023-04-29T21:08:04+00:00\" \/>\n<meta property=\"article:modified_time\" content=\"2023-04-30T15:46:40+00:00\" \/>\n<meta property=\"og:image\" content=\"https:\/\/fuentesfidedignas.com.mx\/wp-content\/uploads\/2023\/04\/ovidio-guzman-el-raton.jpg\" \/>\n\t<meta property=\"og:image:width\" content=\"1920\" \/>\n\t<meta property=\"og:image:height\" content=\"1280\" \/>\n\t<meta property=\"og:image:type\" content=\"image\/jpeg\" \/>\n<meta name=\"author\" content=\"Proceso\" \/>\n<meta name=\"twitter:card\" content=\"summary_large_image\" \/>\n<meta name=\"twitter:creator\" content=\"@fidedignas\" \/>\n<meta name=\"twitter:site\" content=\"@fidedignas\" \/>\n<meta name=\"twitter:label1\" content=\"Escrito por\" \/>\n\t<meta name=\"twitter:data1\" content=\"Proceso\" \/>\n\t<meta name=\"twitter:label2\" content=\"Tiempo de lectura\" \/>\n\t<meta name=\"twitter:data2\" content=\"2 minutos\" \/>\n<script type=\"application\/ld+json\" class=\"yoast-schema-graph\">{\"@context\":\"https:\\\/\\\/schema.org\",\"@graph\":[{\"@type\":\"Article\",\"@id\":\"https:\\\/\\\/fuentesfidedignas.com.mx\\\/index.php\\\/2023\\\/04\\\/29\\\/la-dea-solicitara-la-extradicion-inmediata-de-ovidio-guzman-hijo-de-el-chapo\\\/#article\",\"isPartOf\":{\"@id\":\"https:\\\/\\\/fuentesfidedignas.com.mx\\\/index.php\\\/2023\\\/04\\\/29\\\/la-dea-solicitara-la-extradicion-inmediata-de-ovidio-guzman-hijo-de-el-chapo\\\/\"},\"author\":{\"name\":\"Proceso\",\"@id\":\"https:\\\/\\\/fuentesfidedignas.com.mx\\\/#\\\/schema\\\/person\\\/eb72247ff123b3ce5e4cadc7f50ae372\"},\"headline\":\"La DEA solicitar\u00e1 la extradici\u00f3n inmediata de Ovidio Guzm\u00e1n, hijo de \u201cEl Chapo\u201d\",\"datePublished\":\"2023-04-29T21:08:04+00:00\",\"dateModified\":\"2023-04-30T15:46:40+00:00\",\"mainEntityOfPage\":{\"@id\":\"https:\\\/\\\/fuentesfidedignas.com.mx\\\/index.php\\\/2023\\\/04\\\/29\\\/la-dea-solicitara-la-extradicion-inmediata-de-ovidio-guzman-hijo-de-el-chapo\\\/\"},\"wordCount\":317,\"commentCount\":0,\"publisher\":{\"@id\":\"https:\\\/\\\/fuentesfidedignas.com.mx\\\/#organization\"},\"image\":{\"@id\":\"https:\\\/\\\/fuentesfidedignas.com.mx\\\/index.php\\\/2023\\\/04\\\/29\\\/la-dea-solicitara-la-extradicion-inmediata-de-ovidio-guzman-hijo-de-el-chapo\\\/#primaryimage\"},\"thumbnailUrl\":\"https:\\\/\\\/fuentesfidedignas.com.mx\\\/wp-content\\\/uploads\\\/2023\\\/04\\\/ovidio-guzman-el-raton.jpg\",\"articleSection\":[\"NOTA PRINCIPAL\"],\"inLanguage\":\"es\",\"potentialAction\":[{\"@type\":\"CommentAction\",\"name\":\"Comment\",\"target\":[\"https:\\\/\\\/fuentesfidedignas.com.mx\\\/index.php\\\/2023\\\/04\\\/29\\\/la-dea-solicitara-la-extradicion-inmediata-de-ovidio-guzman-hijo-de-el-chapo\\\/#respond\"]}]},{\"@type\":\"WebPage\",\"@id\":\"https:\\\/\\\/fuentesfidedignas.com.mx\\\/index.php\\\/2023\\\/04\\\/29\\\/la-dea-solicitara-la-extradicion-inmediata-de-ovidio-guzman-hijo-de-el-chapo\\\/\",\"url\":\"https:\\\/\\\/fuentesfidedignas.com.mx\\\/index.php\\\/2023\\\/04\\\/29\\\/la-dea-solicitara-la-extradicion-inmediata-de-ovidio-guzman-hijo-de-el-chapo\\\/\",\"name\":\"La DEA solicitar\u00e1 la extradici\u00f3n inmediata de Ovidio Guzm\u00e1n, hijo de \u201cEl Chapo\u201d - Fuentes Fidedignas\",\"isPartOf\":{\"@id\":\"https:\\\/\\\/fuentesfidedignas.com.mx\\\/#website\"},\"primaryImageOfPage\":{\"@id\":\"https:\\\/\\\/fuentesfidedignas.com.mx\\\/index.php\\\/2023\\\/04\\\/29\\\/la-dea-solicitara-la-extradicion-inmediata-de-ovidio-guzman-hijo-de-el-chapo\\\/#primaryimage\"},\"image\":{\"@id\":\"https:\\\/\\\/fuentesfidedignas.com.mx\\\/index.php\\\/2023\\\/04\\\/29\\\/la-dea-solicitara-la-extradicion-inmediata-de-ovidio-guzman-hijo-de-el-chapo\\\/#primaryimage\"},\"thumbnailUrl\":\"https:\\\/\\\/fuentesfidedignas.com.mx\\\/wp-content\\\/uploads\\\/2023\\\/04\\\/ovidio-guzman-el-raton.jpg\",\"datePublished\":\"2023-04-29T21:08:04+00:00\",\"dateModified\":\"2023-04-30T15:46:40+00:00\",\"breadcrumb\":{\"@id\":\"https:\\\/\\\/fuentesfidedignas.com.mx\\\/index.php\\\/2023\\\/04\\\/29\\\/la-dea-solicitara-la-extradicion-inmediata-de-ovidio-guzman-hijo-de-el-chapo\\\/#breadcrumb\"},\"inLanguage\":\"es\",\"potentialAction\":[{\"@type\":\"ReadAction\",\"target\":[\"https:\\\/\\\/fuentesfidedignas.com.mx\\\/index.php\\\/2023\\\/04\\\/29\\\/la-dea-solicitara-la-extradicion-inmediata-de-ovidio-guzman-hijo-de-el-chapo\\\/\"]}]},{\"@type\":\"ImageObject\",\"inLanguage\":\"es\",\"@id\":\"https:\\\/\\\/fuentesfidedignas.com.mx\\\/index.php\\\/2023\\\/04\\\/29\\\/la-dea-solicitara-la-extradicion-inmediata-de-ovidio-guzman-hijo-de-el-chapo\\\/#primaryimage\",\"url\":\"https:\\\/\\\/fuentesfidedignas.com.mx\\\/wp-content\\\/uploads\\\/2023\\\/04\\\/ovidio-guzman-el-raton.jpg\",\"contentUrl\":\"https:\\\/\\\/fuentesfidedignas.com.mx\\\/wp-content\\\/uploads\\\/2023\\\/04\\\/ovidio-guzman-el-raton.jpg\",\"width\":1920,\"height\":1280},{\"@type\":\"BreadcrumbList\",\"@id\":\"https:\\\/\\\/fuentesfidedignas.com.mx\\\/index.php\\\/2023\\\/04\\\/29\\\/la-dea-solicitara-la-extradicion-inmediata-de-ovidio-guzman-hijo-de-el-chapo\\\/#breadcrumb\",\"itemListElement\":[{\"@type\":\"ListItem\",\"position\":1,\"name\":\"Inicio\",\"item\":\"https:\\\/\\\/fuentesfidedignas.com.mx\\\/\"},{\"@type\":\"ListItem\",\"position\":2,\"name\":\"La DEA solicitar\u00e1 la extradici\u00f3n inmediata de Ovidio Guzm\u00e1n, hijo de \u201cEl Chapo\u201d\"}]},{\"@type\":\"WebSite\",\"@id\":\"https:\\\/\\\/fuentesfidedignas.com.mx\\\/#website\",\"url\":\"https:\\\/\\\/fuentesfidedignas.com.mx\\\/\",\"name\":\"Fuentes Fidedignas\",\"description\":\"Otro sitio realizado con WordPress\",\"publisher\":{\"@id\":\"https:\\\/\\\/fuentesfidedignas.com.mx\\\/#organization\"},\"potentialAction\":[{\"@type\":\"SearchAction\",\"target\":{\"@type\":\"EntryPoint\",\"urlTemplate\":\"https:\\\/\\\/fuentesfidedignas.com.mx\\\/?s={search_term_string}\"},\"query-input\":{\"@type\":\"PropertyValueSpecification\",\"valueRequired\":true,\"valueName\":\"search_term_string\"}}],\"inLanguage\":\"es\"},{\"@type\":\"Organization\",\"@id\":\"https:\\\/\\\/fuentesfidedignas.com.mx\\\/#organization\",\"name\":\"Fuentes Fidedignas\",\"url\":\"https:\\\/\\\/fuentesfidedignas.com.mx\\\/\",\"logo\":{\"@type\":\"ImageObject\",\"inLanguage\":\"es\",\"@id\":\"https:\\\/\\\/fuentesfidedignas.com.mx\\\/#\\\/schema\\\/logo\\\/image\\\/\",\"url\":\"https:\\\/\\\/fuentesfidedignas.com.mx\\\/wp-content\\\/uploads\\\/2021\\\/04\\\/logo-retina.png\",\"contentUrl\":\"https:\\\/\\\/fuentesfidedignas.com.mx\\\/wp-content\\\/uploads\\\/2021\\\/04\\\/logo-retina.png\",\"width\":280,\"height\":51,\"caption\":\"Fuentes Fidedignas\"},\"image\":{\"@id\":\"https:\\\/\\\/fuentesfidedignas.com.mx\\\/#\\\/schema\\\/logo\\\/image\\\/\"},\"sameAs\":[\"https:\\\/\\\/www.facebook.com\\\/Fuentes-Fidedignas-368234489921644\",\"https:\\\/\\\/x.com\\\/fidedignas\"]},{\"@type\":\"Person\",\"@id\":\"https:\\\/\\\/fuentesfidedignas.com.mx\\\/#\\\/schema\\\/person\\\/eb72247ff123b3ce5e4cadc7f50ae372\",\"name\":\"Proceso\",\"image\":{\"@type\":\"ImageObject\",\"inLanguage\":\"es\",\"@id\":\"https:\\\/\\\/secure.gravatar.com\\\/avatar\\\/0bb01ecb091d50a46122cbe5cc32ffea15a000f83628f1e40458e669d38ff2cd?s=96&d=mm&r=g\",\"url\":\"https:\\\/\\\/secure.gravatar.com\\\/avatar\\\/0bb01ecb091d50a46122cbe5cc32ffea15a000f83628f1e40458e669d38ff2cd?s=96&d=mm&r=g\",\"contentUrl\":\"https:\\\/\\\/secure.gravatar.com\\\/avatar\\\/0bb01ecb091d50a46122cbe5cc32ffea15a000f83628f1e40458e669d38ff2cd?s=96&d=mm&r=g\",\"caption\":\"Proceso\"},\"url\":\"https:\\\/\\\/fuentesfidedignas.com.mx\\\/index.php\\\/author\\\/proceso\\\/\"}]}<\/script>\n<!-- \/ Yoast SEO plugin. -->","yoast_head_json":{"title":"La DEA solicitar\u00e1 la extradici\u00f3n inmediata de Ovidio Guzm\u00e1n, hijo de \u201cEl Chapo\u201d - Fuentes Fidedignas","robots":{"index":"index","follow":"follow","max-snippet":"max-snippet:-1","max-image-preview":"max-image-preview:large","max-video-preview":"max-video-preview:-1"},"canonical":"https:\/\/fuentesfidedignas.com.mx\/index.php\/2023\/04\/29\/la-dea-solicitara-la-extradicion-inmediata-de-ovidio-guzman-hijo-de-el-chapo\/","og_locale":"es_MX","og_type":"article","og_title":"La DEA solicitar\u00e1 la extradici\u00f3n inmediata de Ovidio Guzm\u00e1n, hijo de \u201cEl Chapo\u201d - Fuentes Fidedignas","og_description":"La directora de la DEA asegur\u00f3 que pedir\u00e1 a M\u00e9xico la extradici\u00f3n inmediata de Ovidio Guzm\u00e1n L\u00f3pez \u201cEl Rat\u00f3n\u201d, as\u00ed como la detenci\u00f3n de otros dos hijos de &#8220;El Chapo&#8221; Guzm\u00e1n. CIUDAD DE M\u00c9XICO (proceso.com.mx).- La directora de la Administraci\u00f3n de Control de Drogas (DEA, por sus siglas en ingl\u00e9s), Anne Milgram, asegur\u00f3 que pedir\u00e1 [&hellip;]","og_url":"https:\/\/fuentesfidedignas.com.mx\/index.php\/2023\/04\/29\/la-dea-solicitara-la-extradicion-inmediata-de-ovidio-guzman-hijo-de-el-chapo\/","og_site_name":"Fuentes Fidedignas","article_publisher":"https:\/\/www.facebook.com\/Fuentes-Fidedignas-368234489921644","article_published_time":"2023-04-29T21:08:04+00:00","article_modified_time":"2023-04-30T15:46:40+00:00","og_image":[{"width":1920,"height":1280,"url":"https:\/\/fuentesfidedignas.com.mx\/wp-content\/uploads\/2023\/04\/ovidio-guzman-el-raton.jpg","type":"image\/jpeg"}],"author":"Proceso","twitter_card":"summary_large_image","twitter_creator":"@fidedignas","twitter_site":"@fidedignas","twitter_misc":{"Escrito por":"Proceso","Tiempo de lectura":"2 minutos"},"schema":{"@context":"https:\/\/schema.org","@graph":[{"@type":"Article","@id":"https:\/\/fuentesfidedignas.com.mx\/index.php\/2023\/04\/29\/la-dea-solicitara-la-extradicion-inmediata-de-ovidio-guzman-hijo-de-el-chapo\/#article","isPartOf":{"@id":"https:\/\/fuentesfidedignas.com.mx\/index.php\/2023\/04\/29\/la-dea-solicitara-la-extradicion-inmediata-de-ovidio-guzman-hijo-de-el-chapo\/"},"author":{"name":"Proceso","@id":"https:\/\/fuentesfidedignas.com.mx\/#\/schema\/person\/eb72247ff123b3ce5e4cadc7f50ae372"},"headline":"La DEA solicitar\u00e1 la extradici\u00f3n inmediata de Ovidio Guzm\u00e1n, hijo de \u201cEl Chapo\u201d","datePublished":"2023-04-29T21:08:04+00:00","dateModified":"2023-04-30T15:46:40+00:00","mainEntityOfPage":{"@id":"https:\/\/fuentesfidedignas.com.mx\/index.php\/2023\/04\/29\/la-dea-solicitara-la-extradicion-inmediata-de-ovidio-guzman-hijo-de-el-chapo\/"},"wordCount":317,"commentCount":0,"publisher":{"@id":"https:\/\/fuentesfidedignas.com.mx\/#organization"},"image":{"@id":"https:\/\/fuentesfidedignas.com.mx\/index.php\/2023\/04\/29\/la-dea-solicitara-la-extradicion-inmediata-de-ovidio-guzman-hijo-de-el-chapo\/#primaryimage"},"thumbnailUrl":"https:\/\/fuentesfidedignas.com.mx\/wp-content\/uploads\/2023\/04\/ovidio-guzman-el-raton.jpg","articleSection":["NOTA PRINCIPAL"],"inLanguage":"es","potentialAction":[{"@type":"CommentAction","name":"Comment","target":["https:\/\/fuentesfidedignas.com.mx\/index.php\/2023\/04\/29\/la-dea-solicitara-la-extradicion-inmediata-de-ovidio-guzman-hijo-de-el-chapo\/#respond"]}]},{"@type":"WebPage","@id":"https:\/\/fuentesfidedignas.com.mx\/index.php\/2023\/04\/29\/la-dea-solicitara-la-extradicion-inmediata-de-ovidio-guzman-hijo-de-el-chapo\/","url":"https:\/\/fuentesfidedignas.com.mx\/index.php\/2023\/04\/29\/la-dea-solicitara-la-extradicion-inmediata-de-ovidio-guzman-hijo-de-el-chapo\/","name":"La DEA solicitar\u00e1 la extradici\u00f3n inmediata de Ovidio Guzm\u00e1n, hijo de \u201cEl Chapo\u201d - Fuentes Fidedignas","isPartOf":{"@id":"https:\/\/fuentesfidedignas.com.mx\/#website"},"primaryImageOfPage":{"@id":"https:\/\/fuentesfidedignas.com.mx\/index.php\/2023\/04\/29\/la-dea-solicitara-la-extradicion-inmediata-de-ovidio-guzman-hijo-de-el-chapo\/#primaryimage"},"image":{"@id":"https:\/\/fuentesfidedignas.com.mx\/index.php\/2023\/04\/29\/la-dea-solicitara-la-extradicion-inmediata-de-ovidio-guzman-hijo-de-el-chapo\/#primaryimage"},"thumbnailUrl":"https:\/\/fuentesfidedignas.com.mx\/wp-content\/uploads\/2023\/04\/ovidio-guzman-el-raton.jpg","datePublished":"2023-04-29T21:08:04+00:00","dateModified":"2023-04-30T15:46:40+00:00","breadcrumb":{"@id":"https:\/\/fuentesfidedignas.com.mx\/index.php\/2023\/04\/29\/la-dea-solicitara-la-extradicion-inmediata-de-ovidio-guzman-hijo-de-el-chapo\/#breadcrumb"},"inLanguage":"es","potentialAction":[{"@type":"ReadAction","target":["https:\/\/fuentesfidedignas.com.mx\/index.php\/2023\/04\/29\/la-dea-solicitara-la-extradicion-inmediata-de-ovidio-guzman-hijo-de-el-chapo\/"]}]},{"@type":"ImageObject","inLanguage":"es","@id":"https:\/\/fuentesfidedignas.com.mx\/index.php\/2023\/04\/29\/la-dea-solicitara-la-extradicion-inmediata-de-ovidio-guzman-hijo-de-el-chapo\/#primaryimage","url":"https:\/\/fuentesfidedignas.com.mx\/wp-content\/uploads\/2023\/04\/ovidio-guzman-el-raton.jpg","contentUrl":"https:\/\/fuentesfidedignas.com.mx\/wp-content\/uploads\/2023\/04\/ovidio-guzman-el-raton.jpg","width":1920,"height":1280},{"@type":"BreadcrumbList","@id":"https:\/\/fuentesfidedignas.com.mx\/index.php\/2023\/04\/29\/la-dea-solicitara-la-extradicion-inmediata-de-ovidio-guzman-hijo-de-el-chapo\/#breadcrumb","itemListElement":[{"@type":"ListItem","position":1,"name":"Inicio","item":"https:\/\/fuentesfidedignas.com.mx\/"},{"@type":"ListItem","position":2,"name":"La DEA solicitar\u00e1 la extradici\u00f3n inmediata de Ovidio Guzm\u00e1n, hijo de \u201cEl Chapo\u201d"}]},{"@type":"WebSite","@id":"https:\/\/fuentesfidedignas.com.mx\/#website","url":"https:\/\/fuentesfidedignas.com.mx\/","name":"Fuentes Fidedignas","description":"Otro sitio realizado con WordPress","publisher":{"@id":"https:\/\/fuentesfidedignas.com.mx\/#organization"},"potentialAction":[{"@type":"SearchAction","target":{"@type":"EntryPoint","urlTemplate":"https:\/\/fuentesfidedignas.com.mx\/?s={search_term_string}"},"query-input":{"@type":"PropertyValueSpecification","valueRequired":true,"valueName":"search_term_string"}}],"inLanguage":"es"},{"@type":"Organization","@id":"https:\/\/fuentesfidedignas.com.mx\/#organization","name":"Fuentes Fidedignas","url":"https:\/\/fuentesfidedignas.com.mx\/","logo":{"@type":"ImageObject","inLanguage":"es","@id":"https:\/\/fuentesfidedignas.com.mx\/#\/schema\/logo\/image\/","url":"https:\/\/fuentesfidedignas.com.mx\/wp-content\/uploads\/2021\/04\/logo-retina.png","contentUrl":"https:\/\/fuentesfidedignas.com.mx\/wp-content\/uploads\/2021\/04\/logo-retina.png","width":280,"height":51,"caption":"Fuentes Fidedignas"},"image":{"@id":"https:\/\/fuentesfidedignas.com.mx\/#\/schema\/logo\/image\/"},"sameAs":["https:\/\/www.facebook.com\/Fuentes-Fidedignas-368234489921644","https:\/\/x.com\/fidedignas"]},{"@type":"Person","@id":"https:\/\/fuentesfidedignas.com.mx\/#\/schema\/person\/eb72247ff123b3ce5e4cadc7f50ae372","name":"Proceso","image":{"@type":"ImageObject","inLanguage":"es","@id":"https:\/\/secure.gravatar.com\/avatar\/0bb01ecb091d50a46122cbe5cc32ffea15a000f83628f1e40458e669d38ff2cd?s=96&d=mm&r=g","url":"https:\/\/secure.gravatar.com\/avatar\/0bb01ecb091d50a46122cbe5cc32ffea15a000f83628f1e40458e669d38ff2cd?s=96&d=mm&r=g","contentUrl":"https:\/\/secure.gravatar.com\/avatar\/0bb01ecb091d50a46122cbe5cc32ffea15a000f83628f1e40458e669d38ff2cd?s=96&d=mm&r=g","caption":"Proceso"},"url":"https:\/\/fuentesfidedignas.com.mx\/index.php\/author\/proceso\/"}]}},"_links":{"self":[{"href":"https:\/\/fuentesfidedignas.com.mx\/index.php\/wp-json\/wp\/v2\/posts\/46009","targetHints":{"allow":["GET"]}}],"collection":[{"href":"https:\/\/fuentesfidedignas.com.mx\/index.php\/wp-json\/wp\/v2\/posts"}],"about":[{"href":"https:\/\/fuentesfidedignas.com.mx\/index.php\/wp-json\/wp\/v2\/types\/post"}],"author":[{"embeddable":true,"href":"https:\/\/fuentesfidedignas.com.mx\/index.php\/wp-json\/wp\/v2\/users\/50"}],"replies":[{"embeddable":true,"href":"https:\/\/fuentesfidedignas.com.mx\/index.php\/wp-json\/wp\/v2\/comments?post=46009"}],"version-history":[{"count":1,"href":"https:\/\/fuentesfidedignas.com.mx\/index.php\/wp-json\/wp\/v2\/posts\/46009\/revisions"}],"predecessor-version":[{"id":46010,"href":"https:\/\/fuentesfidedignas.com.mx\/index.php\/wp-json\/wp\/v2\/posts\/46009\/revisions\/46010"}],"wp:featuredmedia":[{"embeddable":true,"href":"https:\/\/fuentesfidedignas.com.mx\/index.php\/wp-json\/wp\/v2\/media\/44553"}],"wp:attachment":[{"href":"https:\/\/fuentesfidedignas.com.mx\/index.php\/wp-json\/wp\/v2\/media?parent=46009"}],"wp:term":[{"taxonomy":"category","embeddable":true,"href":"https:\/\/fuentesfidedignas.com.mx\/index.php\/wp-json\/wp\/v2\/categories?post=46009"},{"taxonomy":"post_tag","embeddable":true,"href":"https:\/\/fuentesfidedignas.com.mx\/index.php\/wp-json\/wp\/v2\/tags?post=46009"}],"curies":[{"name":"wp","href":"https:\/\/api.w.org\/{rel}","templated":true}]}}