{"id":45976,"date":"2023-04-28T18:17:10","date_gmt":"2023-04-29T00:17:10","guid":{"rendered":"https:\/\/fuentesfidedignas.com.mx\/?p=45976"},"modified":"2023-04-28T18:17:12","modified_gmt":"2023-04-29T00:17:12","slug":"senado-sesionara-en-otro-espacio-tras-toma-del-salon-del-pleno","status":"publish","type":"post","link":"https:\/\/fuentesfidedignas.com.mx\/index.php\/2023\/04\/28\/senado-sesionara-en-otro-espacio-tras-toma-del-salon-del-pleno\/","title":{"rendered":"Senado sesionar\u00e1 en otro espacio tras toma del Sal\u00f3n del Pleno"},"content":{"rendered":"\n<p><strong><em>El Senado de la Rep\u00fablica trasladar\u00e1 los trabajos del Pleno a otra sede, al no haber condiciones para laborar en la Sala de Sesiones<\/em><\/strong><\/p>\n\n\n\n<p>Ciudad de M\u00e9xico.- El Senado de la Rep\u00fablica sesionar\u00e1 en otro espacio, al no haber condiciones para trabajar en el Sal\u00f3n de Sesiones, donde legisladores opositores mantienen tomada la tribuna.<\/p>\n\n\n\n<p>As\u00ed lo anunci\u00f3 el presidente de la Mesa Directiva de la C\u00e1mara Alta, el morenista Alejandro Armenta, quien inici\u00f3 una sesi\u00f3n en la propia sala del Pleno y despu\u00e9s decret\u00f3 un receso.<\/p>\n\n\n\n<p>&#8220;Informo a la asamblea que debido a que no se cuentan con las condiciones que permiten seguir trabajando en este sal\u00f3n, trasladaremos los trabajos de la sesi\u00f3n ordinaria a otro espacio f\u00edsico\u201c, expuso.<\/p>\n\n\n\n<blockquote class=\"twitter-tweet\"><p lang=\"es\" dir=\"ltr\">\u25b6\ufe0f La sesi\u00f3n del Senado continuar\u00e1 en otro espacio, as\u00ed lo inform\u00f3 el presidente de la Mesa Directiva, <a href=\"https:\/\/twitter.com\/armentapuebla_?ref_src=twsrc%5Etfw\">@armentapuebla_<\/a>. <a href=\"https:\/\/t.co\/jCjztuqWYP\">pic.twitter.com\/jCjztuqWYP<\/a><\/p>&mdash; Senado de M\u00e9xico (@senadomexicano) <a href=\"https:\/\/twitter.com\/senadomexicano\/status\/1652093277292621826?ref_src=twsrc%5Etfw\">April 28, 2023<\/a><\/blockquote> <script async src=\"https:\/\/platform.twitter.com\/widgets.js\" charset=\"utf-8\"><\/script>\n\n\n\n<p>Desde el jueves, senadores de oposici\u00f3n tomaron la tribuna de la Sala de Sesiones tras el fracaso del nombramiento de un comisionado del Instituto Nacional de Transparencia, Acceso a la Informaci\u00f3n y Protecci\u00f3n de Datos Personales (Inai).<\/p>\n\n\n\n<p>La sesi\u00f3n termin\u00f3 el jueves entre jaloneos, arrebatos, manotazos y golpes, ante la falta de acuerdos.<\/p>\n\n\n\n<p>Entre los asuntos pendientes a legislar por la C\u00e1mara de Senadores est\u00e1 la eliminaci\u00f3n del Instituto de Salud para el Bienestar (Insabi), cesi\u00f3n al Ej\u00e9rcito del Tren Maya, la creaci\u00f3n de una aerol\u00ednea operada por las Fuerzas Armadas, dar los ingresos tur\u00edsticos a militares, la extinci\u00f3n de la Financiera Nacional de Desarrollo Agropecuario, Rural, Forestal y Pesquero, desaparici\u00f3n del Consejo Nacional de Ciencia y Tecnolog\u00eda (Conacyt), entre otras.<\/p>\n","protected":false},"excerpt":{"rendered":"<p>El Senado de la Rep\u00fablica trasladar\u00e1 los trabajos del Pleno a otra sede, al no haber condiciones para laborar en la Sala de Sesiones Ciudad de M\u00e9xico.- El Senado de la Rep\u00fablica sesionar\u00e1 en otro espacio, al no haber condiciones para trabajar en el Sal\u00f3n de Sesiones, donde legisladores opositores mantienen tomada la tribuna. As\u00ed [&hellip;]<\/p>\n","protected":false},"author":47,"featured_media":45977,"comment_status":"open","ping_status":"open","sticky":false,"template":"","format":"standard","meta":{"tdm_status":"","tdm_grid_status":"","footnotes":""},"categories":[39],"tags":[],"class_list":{"0":"post-45976","1":"post","2":"type-post","3":"status-publish","4":"format-standard","5":"has-post-thumbnail","7":"category-noticias-nacionales"},"yoast_head":"<!-- This site is optimized with the Yoast SEO plugin v27.5 - https:\/\/yoast.com\/product\/yoast-seo-wordpress\/ -->\n<title>Senado sesionar\u00e1 en otro espacio tras toma del Sal\u00f3n del Pleno - Fuentes Fidedignas<\/title>\n<meta name=\"robots\" content=\"index, follow, max-snippet:-1, max-image-preview:large, max-video-preview:-1\" \/>\n<link rel=\"canonical\" href=\"https:\/\/fuentesfidedignas.com.mx\/index.php\/2023\/04\/28\/senado-sesionara-en-otro-espacio-tras-toma-del-salon-del-pleno\/\" \/>\n<meta property=\"og:locale\" content=\"es_MX\" \/>\n<meta property=\"og:type\" content=\"article\" \/>\n<meta property=\"og:title\" content=\"Senado sesionar\u00e1 en otro espacio tras toma del Sal\u00f3n del Pleno - Fuentes Fidedignas\" \/>\n<meta property=\"og:description\" content=\"El Senado de la Rep\u00fablica trasladar\u00e1 los trabajos del Pleno a otra sede, al no haber condiciones para laborar en la Sala de Sesiones Ciudad de M\u00e9xico.- El Senado de la Rep\u00fablica sesionar\u00e1 en otro espacio, al no haber condiciones para trabajar en el Sal\u00f3n de Sesiones, donde legisladores opositores mantienen tomada la tribuna. As\u00ed [&hellip;]\" \/>\n<meta property=\"og:url\" content=\"https:\/\/fuentesfidedignas.com.mx\/index.php\/2023\/04\/28\/senado-sesionara-en-otro-espacio-tras-toma-del-salon-del-pleno\/\" \/>\n<meta property=\"og:site_name\" content=\"Fuentes Fidedignas\" \/>\n<meta property=\"article:publisher\" content=\"https:\/\/www.facebook.com\/Fuentes-Fidedignas-368234489921644\" \/>\n<meta property=\"article:published_time\" content=\"2023-04-29T00:17:10+00:00\" \/>\n<meta property=\"article:modified_time\" content=\"2023-04-29T00:17:12+00:00\" \/>\n<meta property=\"og:image\" content=\"https:\/\/fuentesfidedignas.com.mx\/wp-content\/uploads\/2023\/04\/inai.rechazo.senadores.jpg\" \/>\n\t<meta property=\"og:image:width\" content=\"650\" \/>\n\t<meta property=\"og:image:height\" content=\"450\" \/>\n\t<meta property=\"og:image:type\" content=\"image\/jpeg\" \/>\n<meta name=\"author\" content=\"L\u00f3pez D\u00f3riga\" \/>\n<meta name=\"twitter:card\" content=\"summary_large_image\" \/>\n<meta name=\"twitter:creator\" content=\"@fidedignas\" \/>\n<meta name=\"twitter:site\" content=\"@fidedignas\" \/>\n<meta name=\"twitter:label1\" content=\"Escrito por\" \/>\n\t<meta name=\"twitter:data1\" content=\"L\u00f3pez D\u00f3riga\" \/>\n\t<meta name=\"twitter:label2\" content=\"Tiempo de lectura\" \/>\n\t<meta name=\"twitter:data2\" content=\"2 minutos\" \/>\n<script type=\"application\/ld+json\" class=\"yoast-schema-graph\">{\"@context\":\"https:\\\/\\\/schema.org\",\"@graph\":[{\"@type\":\"Article\",\"@id\":\"https:\\\/\\\/fuentesfidedignas.com.mx\\\/index.php\\\/2023\\\/04\\\/28\\\/senado-sesionara-en-otro-espacio-tras-toma-del-salon-del-pleno\\\/#article\",\"isPartOf\":{\"@id\":\"https:\\\/\\\/fuentesfidedignas.com.mx\\\/index.php\\\/2023\\\/04\\\/28\\\/senado-sesionara-en-otro-espacio-tras-toma-del-salon-del-pleno\\\/\"},\"author\":{\"name\":\"L\u00f3pez D\u00f3riga\",\"@id\":\"https:\\\/\\\/fuentesfidedignas.com.mx\\\/#\\\/schema\\\/person\\\/67d852f0557c8509146a4b9ddebd543a\"},\"headline\":\"Senado sesionar\u00e1 en otro espacio tras toma del Sal\u00f3n del Pleno\",\"datePublished\":\"2023-04-29T00:17:10+00:00\",\"dateModified\":\"2023-04-29T00:17:12+00:00\",\"mainEntityOfPage\":{\"@id\":\"https:\\\/\\\/fuentesfidedignas.com.mx\\\/index.php\\\/2023\\\/04\\\/28\\\/senado-sesionara-en-otro-espacio-tras-toma-del-salon-del-pleno\\\/\"},\"wordCount\":307,\"commentCount\":0,\"publisher\":{\"@id\":\"https:\\\/\\\/fuentesfidedignas.com.mx\\\/#organization\"},\"image\":{\"@id\":\"https:\\\/\\\/fuentesfidedignas.com.mx\\\/index.php\\\/2023\\\/04\\\/28\\\/senado-sesionara-en-otro-espacio-tras-toma-del-salon-del-pleno\\\/#primaryimage\"},\"thumbnailUrl\":\"https:\\\/\\\/fuentesfidedignas.com.mx\\\/wp-content\\\/uploads\\\/2023\\\/04\\\/inai.rechazo.senadores.jpg\",\"articleSection\":[\"NOTICIAS NACIONALES\"],\"inLanguage\":\"es\",\"potentialAction\":[{\"@type\":\"CommentAction\",\"name\":\"Comment\",\"target\":[\"https:\\\/\\\/fuentesfidedignas.com.mx\\\/index.php\\\/2023\\\/04\\\/28\\\/senado-sesionara-en-otro-espacio-tras-toma-del-salon-del-pleno\\\/#respond\"]}]},{\"@type\":\"WebPage\",\"@id\":\"https:\\\/\\\/fuentesfidedignas.com.mx\\\/index.php\\\/2023\\\/04\\\/28\\\/senado-sesionara-en-otro-espacio-tras-toma-del-salon-del-pleno\\\/\",\"url\":\"https:\\\/\\\/fuentesfidedignas.com.mx\\\/index.php\\\/2023\\\/04\\\/28\\\/senado-sesionara-en-otro-espacio-tras-toma-del-salon-del-pleno\\\/\",\"name\":\"Senado sesionar\u00e1 en otro espacio tras toma del Sal\u00f3n del Pleno - Fuentes Fidedignas\",\"isPartOf\":{\"@id\":\"https:\\\/\\\/fuentesfidedignas.com.mx\\\/#website\"},\"primaryImageOfPage\":{\"@id\":\"https:\\\/\\\/fuentesfidedignas.com.mx\\\/index.php\\\/2023\\\/04\\\/28\\\/senado-sesionara-en-otro-espacio-tras-toma-del-salon-del-pleno\\\/#primaryimage\"},\"image\":{\"@id\":\"https:\\\/\\\/fuentesfidedignas.com.mx\\\/index.php\\\/2023\\\/04\\\/28\\\/senado-sesionara-en-otro-espacio-tras-toma-del-salon-del-pleno\\\/#primaryimage\"},\"thumbnailUrl\":\"https:\\\/\\\/fuentesfidedignas.com.mx\\\/wp-content\\\/uploads\\\/2023\\\/04\\\/inai.rechazo.senadores.jpg\",\"datePublished\":\"2023-04-29T00:17:10+00:00\",\"dateModified\":\"2023-04-29T00:17:12+00:00\",\"breadcrumb\":{\"@id\":\"https:\\\/\\\/fuentesfidedignas.com.mx\\\/index.php\\\/2023\\\/04\\\/28\\\/senado-sesionara-en-otro-espacio-tras-toma-del-salon-del-pleno\\\/#breadcrumb\"},\"inLanguage\":\"es\",\"potentialAction\":[{\"@type\":\"ReadAction\",\"target\":[\"https:\\\/\\\/fuentesfidedignas.com.mx\\\/index.php\\\/2023\\\/04\\\/28\\\/senado-sesionara-en-otro-espacio-tras-toma-del-salon-del-pleno\\\/\"]}]},{\"@type\":\"ImageObject\",\"inLanguage\":\"es\",\"@id\":\"https:\\\/\\\/fuentesfidedignas.com.mx\\\/index.php\\\/2023\\\/04\\\/28\\\/senado-sesionara-en-otro-espacio-tras-toma-del-salon-del-pleno\\\/#primaryimage\",\"url\":\"https:\\\/\\\/fuentesfidedignas.com.mx\\\/wp-content\\\/uploads\\\/2023\\\/04\\\/inai.rechazo.senadores.jpg\",\"contentUrl\":\"https:\\\/\\\/fuentesfidedignas.com.mx\\\/wp-content\\\/uploads\\\/2023\\\/04\\\/inai.rechazo.senadores.jpg\",\"width\":650,\"height\":450},{\"@type\":\"BreadcrumbList\",\"@id\":\"https:\\\/\\\/fuentesfidedignas.com.mx\\\/index.php\\\/2023\\\/04\\\/28\\\/senado-sesionara-en-otro-espacio-tras-toma-del-salon-del-pleno\\\/#breadcrumb\",\"itemListElement\":[{\"@type\":\"ListItem\",\"position\":1,\"name\":\"Inicio\",\"item\":\"https:\\\/\\\/fuentesfidedignas.com.mx\\\/\"},{\"@type\":\"ListItem\",\"position\":2,\"name\":\"Senado sesionar\u00e1 en otro espacio tras toma del Sal\u00f3n del Pleno\"}]},{\"@type\":\"WebSite\",\"@id\":\"https:\\\/\\\/fuentesfidedignas.com.mx\\\/#website\",\"url\":\"https:\\\/\\\/fuentesfidedignas.com.mx\\\/\",\"name\":\"Fuentes Fidedignas\",\"description\":\"Otro sitio realizado con WordPress\",\"publisher\":{\"@id\":\"https:\\\/\\\/fuentesfidedignas.com.mx\\\/#organization\"},\"potentialAction\":[{\"@type\":\"SearchAction\",\"target\":{\"@type\":\"EntryPoint\",\"urlTemplate\":\"https:\\\/\\\/fuentesfidedignas.com.mx\\\/?s={search_term_string}\"},\"query-input\":{\"@type\":\"PropertyValueSpecification\",\"valueRequired\":true,\"valueName\":\"search_term_string\"}}],\"inLanguage\":\"es\"},{\"@type\":\"Organization\",\"@id\":\"https:\\\/\\\/fuentesfidedignas.com.mx\\\/#organization\",\"name\":\"Fuentes Fidedignas\",\"url\":\"https:\\\/\\\/fuentesfidedignas.com.mx\\\/\",\"logo\":{\"@type\":\"ImageObject\",\"inLanguage\":\"es\",\"@id\":\"https:\\\/\\\/fuentesfidedignas.com.mx\\\/#\\\/schema\\\/logo\\\/image\\\/\",\"url\":\"https:\\\/\\\/fuentesfidedignas.com.mx\\\/wp-content\\\/uploads\\\/2021\\\/04\\\/logo-retina.png\",\"contentUrl\":\"https:\\\/\\\/fuentesfidedignas.com.mx\\\/wp-content\\\/uploads\\\/2021\\\/04\\\/logo-retina.png\",\"width\":280,\"height\":51,\"caption\":\"Fuentes Fidedignas\"},\"image\":{\"@id\":\"https:\\\/\\\/fuentesfidedignas.com.mx\\\/#\\\/schema\\\/logo\\\/image\\\/\"},\"sameAs\":[\"https:\\\/\\\/www.facebook.com\\\/Fuentes-Fidedignas-368234489921644\",\"https:\\\/\\\/x.com\\\/fidedignas\"]},{\"@type\":\"Person\",\"@id\":\"https:\\\/\\\/fuentesfidedignas.com.mx\\\/#\\\/schema\\\/person\\\/67d852f0557c8509146a4b9ddebd543a\",\"name\":\"L\u00f3pez D\u00f3riga\",\"image\":{\"@type\":\"ImageObject\",\"inLanguage\":\"es\",\"@id\":\"https:\\\/\\\/secure.gravatar.com\\\/avatar\\\/e525b06574ca18b33cded59dfe5778d6c823b9513154eff47da551b0551bdd1e?s=96&d=mm&r=g\",\"url\":\"https:\\\/\\\/secure.gravatar.com\\\/avatar\\\/e525b06574ca18b33cded59dfe5778d6c823b9513154eff47da551b0551bdd1e?s=96&d=mm&r=g\",\"contentUrl\":\"https:\\\/\\\/secure.gravatar.com\\\/avatar\\\/e525b06574ca18b33cded59dfe5778d6c823b9513154eff47da551b0551bdd1e?s=96&d=mm&r=g\",\"caption\":\"L\u00f3pez D\u00f3riga\"},\"url\":\"https:\\\/\\\/fuentesfidedignas.com.mx\\\/index.php\\\/author\\\/doriga\\\/\"}]}<\/script>\n<!-- \/ Yoast SEO plugin. -->","yoast_head_json":{"title":"Senado sesionar\u00e1 en otro espacio tras toma del Sal\u00f3n del Pleno - Fuentes Fidedignas","robots":{"index":"index","follow":"follow","max-snippet":"max-snippet:-1","max-image-preview":"max-image-preview:large","max-video-preview":"max-video-preview:-1"},"canonical":"https:\/\/fuentesfidedignas.com.mx\/index.php\/2023\/04\/28\/senado-sesionara-en-otro-espacio-tras-toma-del-salon-del-pleno\/","og_locale":"es_MX","og_type":"article","og_title":"Senado sesionar\u00e1 en otro espacio tras toma del Sal\u00f3n del Pleno - Fuentes Fidedignas","og_description":"El Senado de la Rep\u00fablica trasladar\u00e1 los trabajos del Pleno a otra sede, al no haber condiciones para laborar en la Sala de Sesiones Ciudad de M\u00e9xico.- El Senado de la Rep\u00fablica sesionar\u00e1 en otro espacio, al no haber condiciones para trabajar en el Sal\u00f3n de Sesiones, donde legisladores opositores mantienen tomada la tribuna. As\u00ed [&hellip;]","og_url":"https:\/\/fuentesfidedignas.com.mx\/index.php\/2023\/04\/28\/senado-sesionara-en-otro-espacio-tras-toma-del-salon-del-pleno\/","og_site_name":"Fuentes Fidedignas","article_publisher":"https:\/\/www.facebook.com\/Fuentes-Fidedignas-368234489921644","article_published_time":"2023-04-29T00:17:10+00:00","article_modified_time":"2023-04-29T00:17:12+00:00","og_image":[{"width":650,"height":450,"url":"https:\/\/fuentesfidedignas.com.mx\/wp-content\/uploads\/2023\/04\/inai.rechazo.senadores.jpg","type":"image\/jpeg"}],"author":"L\u00f3pez D\u00f3riga","twitter_card":"summary_large_image","twitter_creator":"@fidedignas","twitter_site":"@fidedignas","twitter_misc":{"Escrito por":"L\u00f3pez D\u00f3riga","Tiempo de lectura":"2 minutos"},"schema":{"@context":"https:\/\/schema.org","@graph":[{"@type":"Article","@id":"https:\/\/fuentesfidedignas.com.mx\/index.php\/2023\/04\/28\/senado-sesionara-en-otro-espacio-tras-toma-del-salon-del-pleno\/#article","isPartOf":{"@id":"https:\/\/fuentesfidedignas.com.mx\/index.php\/2023\/04\/28\/senado-sesionara-en-otro-espacio-tras-toma-del-salon-del-pleno\/"},"author":{"name":"L\u00f3pez D\u00f3riga","@id":"https:\/\/fuentesfidedignas.com.mx\/#\/schema\/person\/67d852f0557c8509146a4b9ddebd543a"},"headline":"Senado sesionar\u00e1 en otro espacio tras toma del Sal\u00f3n del Pleno","datePublished":"2023-04-29T00:17:10+00:00","dateModified":"2023-04-29T00:17:12+00:00","mainEntityOfPage":{"@id":"https:\/\/fuentesfidedignas.com.mx\/index.php\/2023\/04\/28\/senado-sesionara-en-otro-espacio-tras-toma-del-salon-del-pleno\/"},"wordCount":307,"commentCount":0,"publisher":{"@id":"https:\/\/fuentesfidedignas.com.mx\/#organization"},"image":{"@id":"https:\/\/fuentesfidedignas.com.mx\/index.php\/2023\/04\/28\/senado-sesionara-en-otro-espacio-tras-toma-del-salon-del-pleno\/#primaryimage"},"thumbnailUrl":"https:\/\/fuentesfidedignas.com.mx\/wp-content\/uploads\/2023\/04\/inai.rechazo.senadores.jpg","articleSection":["NOTICIAS NACIONALES"],"inLanguage":"es","potentialAction":[{"@type":"CommentAction","name":"Comment","target":["https:\/\/fuentesfidedignas.com.mx\/index.php\/2023\/04\/28\/senado-sesionara-en-otro-espacio-tras-toma-del-salon-del-pleno\/#respond"]}]},{"@type":"WebPage","@id":"https:\/\/fuentesfidedignas.com.mx\/index.php\/2023\/04\/28\/senado-sesionara-en-otro-espacio-tras-toma-del-salon-del-pleno\/","url":"https:\/\/fuentesfidedignas.com.mx\/index.php\/2023\/04\/28\/senado-sesionara-en-otro-espacio-tras-toma-del-salon-del-pleno\/","name":"Senado sesionar\u00e1 en otro espacio tras toma del Sal\u00f3n del Pleno - Fuentes Fidedignas","isPartOf":{"@id":"https:\/\/fuentesfidedignas.com.mx\/#website"},"primaryImageOfPage":{"@id":"https:\/\/fuentesfidedignas.com.mx\/index.php\/2023\/04\/28\/senado-sesionara-en-otro-espacio-tras-toma-del-salon-del-pleno\/#primaryimage"},"image":{"@id":"https:\/\/fuentesfidedignas.com.mx\/index.php\/2023\/04\/28\/senado-sesionara-en-otro-espacio-tras-toma-del-salon-del-pleno\/#primaryimage"},"thumbnailUrl":"https:\/\/fuentesfidedignas.com.mx\/wp-content\/uploads\/2023\/04\/inai.rechazo.senadores.jpg","datePublished":"2023-04-29T00:17:10+00:00","dateModified":"2023-04-29T00:17:12+00:00","breadcrumb":{"@id":"https:\/\/fuentesfidedignas.com.mx\/index.php\/2023\/04\/28\/senado-sesionara-en-otro-espacio-tras-toma-del-salon-del-pleno\/#breadcrumb"},"inLanguage":"es","potentialAction":[{"@type":"ReadAction","target":["https:\/\/fuentesfidedignas.com.mx\/index.php\/2023\/04\/28\/senado-sesionara-en-otro-espacio-tras-toma-del-salon-del-pleno\/"]}]},{"@type":"ImageObject","inLanguage":"es","@id":"https:\/\/fuentesfidedignas.com.mx\/index.php\/2023\/04\/28\/senado-sesionara-en-otro-espacio-tras-toma-del-salon-del-pleno\/#primaryimage","url":"https:\/\/fuentesfidedignas.com.mx\/wp-content\/uploads\/2023\/04\/inai.rechazo.senadores.jpg","contentUrl":"https:\/\/fuentesfidedignas.com.mx\/wp-content\/uploads\/2023\/04\/inai.rechazo.senadores.jpg","width":650,"height":450},{"@type":"BreadcrumbList","@id":"https:\/\/fuentesfidedignas.com.mx\/index.php\/2023\/04\/28\/senado-sesionara-en-otro-espacio-tras-toma-del-salon-del-pleno\/#breadcrumb","itemListElement":[{"@type":"ListItem","position":1,"name":"Inicio","item":"https:\/\/fuentesfidedignas.com.mx\/"},{"@type":"ListItem","position":2,"name":"Senado sesionar\u00e1 en otro espacio tras toma del Sal\u00f3n del Pleno"}]},{"@type":"WebSite","@id":"https:\/\/fuentesfidedignas.com.mx\/#website","url":"https:\/\/fuentesfidedignas.com.mx\/","name":"Fuentes Fidedignas","description":"Otro sitio realizado con WordPress","publisher":{"@id":"https:\/\/fuentesfidedignas.com.mx\/#organization"},"potentialAction":[{"@type":"SearchAction","target":{"@type":"EntryPoint","urlTemplate":"https:\/\/fuentesfidedignas.com.mx\/?s={search_term_string}"},"query-input":{"@type":"PropertyValueSpecification","valueRequired":true,"valueName":"search_term_string"}}],"inLanguage":"es"},{"@type":"Organization","@id":"https:\/\/fuentesfidedignas.com.mx\/#organization","name":"Fuentes Fidedignas","url":"https:\/\/fuentesfidedignas.com.mx\/","logo":{"@type":"ImageObject","inLanguage":"es","@id":"https:\/\/fuentesfidedignas.com.mx\/#\/schema\/logo\/image\/","url":"https:\/\/fuentesfidedignas.com.mx\/wp-content\/uploads\/2021\/04\/logo-retina.png","contentUrl":"https:\/\/fuentesfidedignas.com.mx\/wp-content\/uploads\/2021\/04\/logo-retina.png","width":280,"height":51,"caption":"Fuentes Fidedignas"},"image":{"@id":"https:\/\/fuentesfidedignas.com.mx\/#\/schema\/logo\/image\/"},"sameAs":["https:\/\/www.facebook.com\/Fuentes-Fidedignas-368234489921644","https:\/\/x.com\/fidedignas"]},{"@type":"Person","@id":"https:\/\/fuentesfidedignas.com.mx\/#\/schema\/person\/67d852f0557c8509146a4b9ddebd543a","name":"L\u00f3pez D\u00f3riga","image":{"@type":"ImageObject","inLanguage":"es","@id":"https:\/\/secure.gravatar.com\/avatar\/e525b06574ca18b33cded59dfe5778d6c823b9513154eff47da551b0551bdd1e?s=96&d=mm&r=g","url":"https:\/\/secure.gravatar.com\/avatar\/e525b06574ca18b33cded59dfe5778d6c823b9513154eff47da551b0551bdd1e?s=96&d=mm&r=g","contentUrl":"https:\/\/secure.gravatar.com\/avatar\/e525b06574ca18b33cded59dfe5778d6c823b9513154eff47da551b0551bdd1e?s=96&d=mm&r=g","caption":"L\u00f3pez D\u00f3riga"},"url":"https:\/\/fuentesfidedignas.com.mx\/index.php\/author\/doriga\/"}]}},"_links":{"self":[{"href":"https:\/\/fuentesfidedignas.com.mx\/index.php\/wp-json\/wp\/v2\/posts\/45976","targetHints":{"allow":["GET"]}}],"collection":[{"href":"https:\/\/fuentesfidedignas.com.mx\/index.php\/wp-json\/wp\/v2\/posts"}],"about":[{"href":"https:\/\/fuentesfidedignas.com.mx\/index.php\/wp-json\/wp\/v2\/types\/post"}],"author":[{"embeddable":true,"href":"https:\/\/fuentesfidedignas.com.mx\/index.php\/wp-json\/wp\/v2\/users\/47"}],"replies":[{"embeddable":true,"href":"https:\/\/fuentesfidedignas.com.mx\/index.php\/wp-json\/wp\/v2\/comments?post=45976"}],"version-history":[{"count":1,"href":"https:\/\/fuentesfidedignas.com.mx\/index.php\/wp-json\/wp\/v2\/posts\/45976\/revisions"}],"predecessor-version":[{"id":45978,"href":"https:\/\/fuentesfidedignas.com.mx\/index.php\/wp-json\/wp\/v2\/posts\/45976\/revisions\/45978"}],"wp:featuredmedia":[{"embeddable":true,"href":"https:\/\/fuentesfidedignas.com.mx\/index.php\/wp-json\/wp\/v2\/media\/45977"}],"wp:attachment":[{"href":"https:\/\/fuentesfidedignas.com.mx\/index.php\/wp-json\/wp\/v2\/media?parent=45976"}],"wp:term":[{"taxonomy":"category","embeddable":true,"href":"https:\/\/fuentesfidedignas.com.mx\/index.php\/wp-json\/wp\/v2\/categories?post=45976"},{"taxonomy":"post_tag","embeddable":true,"href":"https:\/\/fuentesfidedignas.com.mx\/index.php\/wp-json\/wp\/v2\/tags?post=45976"}],"curies":[{"name":"wp","href":"https:\/\/api.w.org\/{rel}","templated":true}]}}