{"id":45763,"date":"2023-04-27T13:24:25","date_gmt":"2023-04-27T19:24:25","guid":{"rendered":"https:\/\/fuentesfidedignas.com.mx\/?p=45763"},"modified":"2023-04-27T13:24:26","modified_gmt":"2023-04-27T19:24:26","slug":"espana-afronta-ola-de-calor-no-vista-en-200-anos-temperaturas-se-acercan-a-los-40c","status":"publish","type":"post","link":"https:\/\/fuentesfidedignas.com.mx\/index.php\/2023\/04\/27\/espana-afronta-ola-de-calor-no-vista-en-200-anos-temperaturas-se-acercan-a-los-40c\/","title":{"rendered":"Espa\u00f1a afronta ola de calor no vista en 200 a\u00f1os; temperaturas se acercan a los 40\u00b0C"},"content":{"rendered":"\n<p><strong><em>En Sevilla, donde los abanicos y los parasoles est\u00e1n a pleno rendimiento, quienes trabajan al aire libre ya empiezan a notar los efectos de las altas temperaturas<\/em><\/strong><\/p>\n\n\n\n<p>Espa\u00f1a.- L<strong>a ola de calor excepcionalmente temprana\u00a0<\/strong>que experimenta Espa\u00f1a alcanzar\u00e1 su pico este jueves y viernes, una situaci\u00f3n que preocupa a las autoridades en este pa\u00eds situado en primera l\u00ednea del calentamiento global en Europa.<\/p>\n\n\n\n<p>&#8220;Durante el jueves 27 y el viernes 28 es muy probable que se d\u00e9 el punto \u00e1lgido de este episodio&#8221;, indic\u00f3 la agencia meteorol\u00f3gica estatal (Aemet), que podr\u00eda dejar &#8220;m\u00e1ximas m\u00e1s propias de primeros de julio&#8221; y &#8220;records generalizados para un mes de abril&#8221;.<\/p>\n\n\n\n<p>Hacia las 15:00 hotras, el term\u00f3metro hab\u00eda alcanzado ya los 38.7 \u00b0C en C\u00f3rdoba (sur) y 37.8 \u00b0C en la provincia de Sevilla, seg\u00fan los datos de Aemet, que revis\u00f3 sin embargo sus proyecciones un poco a la baja despu\u00e9s de haber pronosticado a comienzo de la semana que se podr\u00edan alcanzar los 40 grados.<\/p>\n\n\n\n<p>En Sevilla, donde los abanicos y los parasoles est\u00e1n a pleno rendimiento, quienes trabajan al aire libre ya empiezan a notar los efectos de las altas temperaturas.<\/p>\n\n\n\n<p>&#8220;Much\u00edsimo calor, buscando sombras por todos lados y buscando agua por todos lados&#8221;, cuenta Juan Benito, un camarero de 33 a\u00f1os de la capital andaluza.<\/p>\n\n\n\n<p>&#8220;Por su intensidad y por su car\u00e1cter temprano, este episodio encaja en lo que se est\u00e1 observando que provoca el cambio clim\u00e1tico&#8221;, subray\u00f3 este mi\u00e9rcoles Rub\u00e9n del Campo, portavoz de Aemet, quien avanz\u00f3 que es posible que abril de 2023 acabe siendo uno de los&nbsp;<strong>dos meses de abril m\u00e1s c\u00e1lidos de la serie hist\u00f3rica<\/strong>.<\/p>\n\n\n\n<p>En Valencia (este), mientras algunos turistas se alegraban de poder ir a la playa, algunos habitantes mostraban su preocupaci\u00f3n.<\/p>\n\n\n\n<p>&#8220;Lo combato pues siendo lo m\u00e1s ecol\u00f3gico posible&#8221;, explic\u00f3 Ram\u00f3n Cabanyal, de 66 a\u00f1os, sobre su forma de hacer frente a este calor precoz. &#8220;E intentando tambi\u00e9n que la gente que me rodea tenga conciencia que lo que estamos pasando es una cosa que tenemos que frenar&#8221;, agreg\u00f3.<\/p>\n\n\n\n<h2 class=\"wp-block-heading\">Planes adelantados<\/h2>\n\n\n\n<p>En este contexto, las autoridades espa\u00f1olas han tenido que adaptarse, por lo que el Ministerio de Sanidad propuso a las regiones, con m\u00faltiples competencias, que avancen al 15 de mayo la activaci\u00f3n de su plan de calor, fijado normalmente para el 1 de junio.<\/p>\n\n\n\n<p>Estos planes determinan la activaci\u00f3n de diferentes&nbsp;<strong>niveles de riesgo&nbsp;<\/strong>para la poblaci\u00f3n, en particular vulnerable, seg\u00fan las temperaturas.<\/p>\n\n\n\n<p>La de Madrid ya anunci\u00f3 el mi\u00e9rcoles que activar\u00e1 el plan que prev\u00e9 la posibilidad de adaptar los horarios de la escuelas, lo que se hace normalmente a partir del mes de junio.<\/p>\n\n\n\n<p>A consecuencia del\u00a0<strong>cambio clim\u00e1tico<\/strong>, los episodios de temperaturas excepcionalmente elevadas se multiplicaron los \u00faltimos a\u00f1os en Espa\u00f1a, pa\u00eds europeo en primera l\u00ednea con casi el 75% de su territorio en riesgo de desertificaci\u00f3n seg\u00fan la ONU.<\/p>\n\n\n\n<p>El pa\u00eds experiment\u00f3 en 2022 el a\u00f1o m\u00e1s c\u00e1lido de sus registros, en el que encaden\u00f3 varias olas de calor a partir de mayo, de acuerdo con Aemet.<\/p>\n\n\n\n<p>Seg\u00fan un estudio de la Universidad Polit\u00e9cnica de Catalu\u00f1a (UPC) publicado el martes, los d\u00edas al a\u00f1o con temperaturas estivales en Espa\u00f1a pasaron de 90 a 145, entre 1971 y 2022.<\/p>\n\n\n\n<p>Tambi\u00e9n en este periodo, los episodios de olas de calor diurnas se multiplicaron por 7 y las nocturnas por casi 11, mientras que la temperatura aument\u00f3 de media 3.54 \u00b0C en las principales ciudades espa\u00f1olas.<\/p>\n\n\n\n<h2 class=\"wp-block-heading\">Riesgo &#8220;muy alto&#8221; de incendio<\/h2>\n\n\n\n<p>Adem\u00e1s del calor, Espa\u00f1a, que exporta una gran parte de su producci\u00f3n agr\u00edcola al resto de Europa, enfrenta una sequ\u00eda catastr\u00f3fica que preocupa a agricultores y autoridades.<\/p>\n\n\n\n<p>Seg\u00fan el Coag, el principal sindicato de agricultores, el 60% de las tierras agr\u00edcolas espa\u00f1olas est\u00e1n actualmente &#8220;asfixiadas&#8221; por la falta de precipitaciones.<\/p>\n\n\n\n<p>Suelos secos y&nbsp;<strong>temperaturas muy elevadas&nbsp;<\/strong>constituyen un c\u00f3ctel que dispara el&nbsp;<strong>riesgo de incendios<\/strong>.<\/p>\n\n\n\n<p>La mayor parte del territorio fue colocada el jueves en alerta por riesgo &#8220;muy alto&#8221; o &#8220;extremo&#8221; de incendios por la Aemet, mientras que el Ministerio del Interior convoc\u00f3 una reuni\u00f3n de coordinaci\u00f3n excepcional con las regiones sobre este tema para el viernes.<\/p>\n\n\n\n<p>Espa\u00f1a acumula ya un r\u00e9cord de&nbsp;<strong>superficie quemada&nbsp;<\/strong>desde el comienzo del a\u00f1o, con m\u00e1s de 54,000 hect\u00e1reas, frente a las 17,126 hect\u00e1reas del mismo periodo de 2022, que ya hab\u00eda sido un a\u00f1o r\u00e9cord de fuegos, seg\u00fan el Sistema Europeo de Informaci\u00f3n sobre Incendios Forestales (Effis).<\/p>\n\n\n\n<p>El vecino Portugal tambi\u00e9n est\u00e1 afectado por esta ola de calor precoz. Las temperaturas, que son de &#8220;entre 10 a 15 grados Celsius por encima de lo normal&#8221;, podr\u00edan alcanzar los 37 grados el jueves despu\u00e9s de un m\u00e1ximo de 35.4 grados al que se lleg\u00f3 el mi\u00e9rcoles en el sur del pa\u00eds, seg\u00fan el instituto meteorol\u00f3gico nacional.<\/p>\n","protected":false},"excerpt":{"rendered":"<p>En Sevilla, donde los abanicos y los parasoles est\u00e1n a pleno rendimiento, quienes trabajan al aire libre ya empiezan a notar los efectos de las altas temperaturas Espa\u00f1a.- La ola de calor excepcionalmente temprana\u00a0que experimenta Espa\u00f1a alcanzar\u00e1 su pico este jueves y viernes, una situaci\u00f3n que preocupa a las autoridades en este pa\u00eds situado en [&hellip;]<\/p>\n","protected":false},"author":12,"featured_media":45764,"comment_status":"open","ping_status":"open","sticky":false,"template":"","format":"standard","meta":{"tdm_status":"","tdm_grid_status":"","footnotes":""},"categories":[39],"tags":[],"class_list":{"0":"post-45763","1":"post","2":"type-post","3":"status-publish","4":"format-standard","5":"has-post-thumbnail","7":"category-noticias-nacionales"},"yoast_head":"<!-- This site is optimized with the Yoast SEO plugin v27.5 - https:\/\/yoast.com\/product\/yoast-seo-wordpress\/ -->\n<title>Espa\u00f1a afronta ola de calor no vista en 200 a\u00f1os; temperaturas se acercan a los 40\u00b0C - Fuentes Fidedignas<\/title>\n<meta name=\"robots\" content=\"index, follow, max-snippet:-1, max-image-preview:large, max-video-preview:-1\" \/>\n<link rel=\"canonical\" href=\"https:\/\/fuentesfidedignas.com.mx\/index.php\/2023\/04\/27\/espana-afronta-ola-de-calor-no-vista-en-200-anos-temperaturas-se-acercan-a-los-40c\/\" \/>\n<meta property=\"og:locale\" content=\"es_MX\" \/>\n<meta property=\"og:type\" content=\"article\" \/>\n<meta property=\"og:title\" content=\"Espa\u00f1a afronta ola de calor no vista en 200 a\u00f1os; temperaturas se acercan a los 40\u00b0C - Fuentes Fidedignas\" \/>\n<meta property=\"og:description\" content=\"En Sevilla, donde los abanicos y los parasoles est\u00e1n a pleno rendimiento, quienes trabajan al aire libre ya empiezan a notar los efectos de las altas temperaturas Espa\u00f1a.- La ola de calor excepcionalmente temprana\u00a0que experimenta Espa\u00f1a alcanzar\u00e1 su pico este jueves y viernes, una situaci\u00f3n que preocupa a las autoridades en este pa\u00eds situado en [&hellip;]\" \/>\n<meta property=\"og:url\" content=\"https:\/\/fuentesfidedignas.com.mx\/index.php\/2023\/04\/27\/espana-afronta-ola-de-calor-no-vista-en-200-anos-temperaturas-se-acercan-a-los-40c\/\" \/>\n<meta property=\"og:site_name\" content=\"Fuentes Fidedignas\" \/>\n<meta property=\"article:publisher\" content=\"https:\/\/www.facebook.com\/Fuentes-Fidedignas-368234489921644\" \/>\n<meta property=\"article:published_time\" content=\"2023-04-27T19:24:25+00:00\" \/>\n<meta property=\"article:modified_time\" content=\"2023-04-27T19:24:26+00:00\" \/>\n<meta property=\"og:image\" content=\"https:\/\/fuentesfidedignas.com.mx\/wp-content\/uploads\/2023\/04\/espana.jpg\" \/>\n\t<meta property=\"og:image:width\" content=\"800\" \/>\n\t<meta property=\"og:image:height\" content=\"600\" \/>\n\t<meta property=\"og:image:type\" content=\"image\/jpeg\" \/>\n<meta name=\"author\" content=\"AFP\" \/>\n<meta name=\"twitter:card\" content=\"summary_large_image\" \/>\n<meta name=\"twitter:creator\" content=\"@fidedignas\" \/>\n<meta name=\"twitter:site\" content=\"@fidedignas\" \/>\n<meta name=\"twitter:label1\" content=\"Escrito por\" \/>\n\t<meta name=\"twitter:data1\" content=\"AFP\" \/>\n\t<meta name=\"twitter:label2\" content=\"Tiempo de lectura\" \/>\n\t<meta name=\"twitter:data2\" content=\"4 minutos\" \/>\n<script type=\"application\/ld+json\" class=\"yoast-schema-graph\">{\"@context\":\"https:\\\/\\\/schema.org\",\"@graph\":[{\"@type\":\"Article\",\"@id\":\"https:\\\/\\\/fuentesfidedignas.com.mx\\\/index.php\\\/2023\\\/04\\\/27\\\/espana-afronta-ola-de-calor-no-vista-en-200-anos-temperaturas-se-acercan-a-los-40c\\\/#article\",\"isPartOf\":{\"@id\":\"https:\\\/\\\/fuentesfidedignas.com.mx\\\/index.php\\\/2023\\\/04\\\/27\\\/espana-afronta-ola-de-calor-no-vista-en-200-anos-temperaturas-se-acercan-a-los-40c\\\/\"},\"author\":{\"name\":\"AFP\",\"@id\":\"https:\\\/\\\/fuentesfidedignas.com.mx\\\/#\\\/schema\\\/person\\\/1827b38c6cf89e1d6cc7d78ca3fae732\"},\"headline\":\"Espa\u00f1a afronta ola de calor no vista en 200 a\u00f1os; temperaturas se acercan a los 40\u00b0C\",\"datePublished\":\"2023-04-27T19:24:25+00:00\",\"dateModified\":\"2023-04-27T19:24:26+00:00\",\"mainEntityOfPage\":{\"@id\":\"https:\\\/\\\/fuentesfidedignas.com.mx\\\/index.php\\\/2023\\\/04\\\/27\\\/espana-afronta-ola-de-calor-no-vista-en-200-anos-temperaturas-se-acercan-a-los-40c\\\/\"},\"wordCount\":871,\"commentCount\":0,\"publisher\":{\"@id\":\"https:\\\/\\\/fuentesfidedignas.com.mx\\\/#organization\"},\"image\":{\"@id\":\"https:\\\/\\\/fuentesfidedignas.com.mx\\\/index.php\\\/2023\\\/04\\\/27\\\/espana-afronta-ola-de-calor-no-vista-en-200-anos-temperaturas-se-acercan-a-los-40c\\\/#primaryimage\"},\"thumbnailUrl\":\"https:\\\/\\\/fuentesfidedignas.com.mx\\\/wp-content\\\/uploads\\\/2023\\\/04\\\/espana.jpg\",\"articleSection\":[\"NOTICIAS NACIONALES\"],\"inLanguage\":\"es\",\"potentialAction\":[{\"@type\":\"CommentAction\",\"name\":\"Comment\",\"target\":[\"https:\\\/\\\/fuentesfidedignas.com.mx\\\/index.php\\\/2023\\\/04\\\/27\\\/espana-afronta-ola-de-calor-no-vista-en-200-anos-temperaturas-se-acercan-a-los-40c\\\/#respond\"]}]},{\"@type\":\"WebPage\",\"@id\":\"https:\\\/\\\/fuentesfidedignas.com.mx\\\/index.php\\\/2023\\\/04\\\/27\\\/espana-afronta-ola-de-calor-no-vista-en-200-anos-temperaturas-se-acercan-a-los-40c\\\/\",\"url\":\"https:\\\/\\\/fuentesfidedignas.com.mx\\\/index.php\\\/2023\\\/04\\\/27\\\/espana-afronta-ola-de-calor-no-vista-en-200-anos-temperaturas-se-acercan-a-los-40c\\\/\",\"name\":\"Espa\u00f1a afronta ola de calor no vista en 200 a\u00f1os; temperaturas se acercan a los 40\u00b0C - Fuentes Fidedignas\",\"isPartOf\":{\"@id\":\"https:\\\/\\\/fuentesfidedignas.com.mx\\\/#website\"},\"primaryImageOfPage\":{\"@id\":\"https:\\\/\\\/fuentesfidedignas.com.mx\\\/index.php\\\/2023\\\/04\\\/27\\\/espana-afronta-ola-de-calor-no-vista-en-200-anos-temperaturas-se-acercan-a-los-40c\\\/#primaryimage\"},\"image\":{\"@id\":\"https:\\\/\\\/fuentesfidedignas.com.mx\\\/index.php\\\/2023\\\/04\\\/27\\\/espana-afronta-ola-de-calor-no-vista-en-200-anos-temperaturas-se-acercan-a-los-40c\\\/#primaryimage\"},\"thumbnailUrl\":\"https:\\\/\\\/fuentesfidedignas.com.mx\\\/wp-content\\\/uploads\\\/2023\\\/04\\\/espana.jpg\",\"datePublished\":\"2023-04-27T19:24:25+00:00\",\"dateModified\":\"2023-04-27T19:24:26+00:00\",\"breadcrumb\":{\"@id\":\"https:\\\/\\\/fuentesfidedignas.com.mx\\\/index.php\\\/2023\\\/04\\\/27\\\/espana-afronta-ola-de-calor-no-vista-en-200-anos-temperaturas-se-acercan-a-los-40c\\\/#breadcrumb\"},\"inLanguage\":\"es\",\"potentialAction\":[{\"@type\":\"ReadAction\",\"target\":[\"https:\\\/\\\/fuentesfidedignas.com.mx\\\/index.php\\\/2023\\\/04\\\/27\\\/espana-afronta-ola-de-calor-no-vista-en-200-anos-temperaturas-se-acercan-a-los-40c\\\/\"]}]},{\"@type\":\"ImageObject\",\"inLanguage\":\"es\",\"@id\":\"https:\\\/\\\/fuentesfidedignas.com.mx\\\/index.php\\\/2023\\\/04\\\/27\\\/espana-afronta-ola-de-calor-no-vista-en-200-anos-temperaturas-se-acercan-a-los-40c\\\/#primaryimage\",\"url\":\"https:\\\/\\\/fuentesfidedignas.com.mx\\\/wp-content\\\/uploads\\\/2023\\\/04\\\/espana.jpg\",\"contentUrl\":\"https:\\\/\\\/fuentesfidedignas.com.mx\\\/wp-content\\\/uploads\\\/2023\\\/04\\\/espana.jpg\",\"width\":800,\"height\":600},{\"@type\":\"BreadcrumbList\",\"@id\":\"https:\\\/\\\/fuentesfidedignas.com.mx\\\/index.php\\\/2023\\\/04\\\/27\\\/espana-afronta-ola-de-calor-no-vista-en-200-anos-temperaturas-se-acercan-a-los-40c\\\/#breadcrumb\",\"itemListElement\":[{\"@type\":\"ListItem\",\"position\":1,\"name\":\"Inicio\",\"item\":\"https:\\\/\\\/fuentesfidedignas.com.mx\\\/\"},{\"@type\":\"ListItem\",\"position\":2,\"name\":\"Espa\u00f1a afronta ola de calor no vista en 200 a\u00f1os; temperaturas se acercan a los 40\u00b0C\"}]},{\"@type\":\"WebSite\",\"@id\":\"https:\\\/\\\/fuentesfidedignas.com.mx\\\/#website\",\"url\":\"https:\\\/\\\/fuentesfidedignas.com.mx\\\/\",\"name\":\"Fuentes Fidedignas\",\"description\":\"Otro sitio realizado con WordPress\",\"publisher\":{\"@id\":\"https:\\\/\\\/fuentesfidedignas.com.mx\\\/#organization\"},\"potentialAction\":[{\"@type\":\"SearchAction\",\"target\":{\"@type\":\"EntryPoint\",\"urlTemplate\":\"https:\\\/\\\/fuentesfidedignas.com.mx\\\/?s={search_term_string}\"},\"query-input\":{\"@type\":\"PropertyValueSpecification\",\"valueRequired\":true,\"valueName\":\"search_term_string\"}}],\"inLanguage\":\"es\"},{\"@type\":\"Organization\",\"@id\":\"https:\\\/\\\/fuentesfidedignas.com.mx\\\/#organization\",\"name\":\"Fuentes Fidedignas\",\"url\":\"https:\\\/\\\/fuentesfidedignas.com.mx\\\/\",\"logo\":{\"@type\":\"ImageObject\",\"inLanguage\":\"es\",\"@id\":\"https:\\\/\\\/fuentesfidedignas.com.mx\\\/#\\\/schema\\\/logo\\\/image\\\/\",\"url\":\"https:\\\/\\\/fuentesfidedignas.com.mx\\\/wp-content\\\/uploads\\\/2021\\\/04\\\/logo-retina.png\",\"contentUrl\":\"https:\\\/\\\/fuentesfidedignas.com.mx\\\/wp-content\\\/uploads\\\/2021\\\/04\\\/logo-retina.png\",\"width\":280,\"height\":51,\"caption\":\"Fuentes Fidedignas\"},\"image\":{\"@id\":\"https:\\\/\\\/fuentesfidedignas.com.mx\\\/#\\\/schema\\\/logo\\\/image\\\/\"},\"sameAs\":[\"https:\\\/\\\/www.facebook.com\\\/Fuentes-Fidedignas-368234489921644\",\"https:\\\/\\\/x.com\\\/fidedignas\"]},{\"@type\":\"Person\",\"@id\":\"https:\\\/\\\/fuentesfidedignas.com.mx\\\/#\\\/schema\\\/person\\\/1827b38c6cf89e1d6cc7d78ca3fae732\",\"name\":\"AFP\",\"image\":{\"@type\":\"ImageObject\",\"inLanguage\":\"es\",\"@id\":\"https:\\\/\\\/secure.gravatar.com\\\/avatar\\\/236827d2ee9bf15e1ea99e0c1cd1b467cffa55e324d177638d0f8de7950cbae6?s=96&d=mm&r=g\",\"url\":\"https:\\\/\\\/secure.gravatar.com\\\/avatar\\\/236827d2ee9bf15e1ea99e0c1cd1b467cffa55e324d177638d0f8de7950cbae6?s=96&d=mm&r=g\",\"contentUrl\":\"https:\\\/\\\/secure.gravatar.com\\\/avatar\\\/236827d2ee9bf15e1ea99e0c1cd1b467cffa55e324d177638d0f8de7950cbae6?s=96&d=mm&r=g\",\"caption\":\"AFP\"},\"url\":\"https:\\\/\\\/fuentesfidedignas.com.mx\\\/index.php\\\/author\\\/afp\\\/\"}]}<\/script>\n<!-- \/ Yoast SEO plugin. -->","yoast_head_json":{"title":"Espa\u00f1a afronta ola de calor no vista en 200 a\u00f1os; temperaturas se acercan a los 40\u00b0C - Fuentes Fidedignas","robots":{"index":"index","follow":"follow","max-snippet":"max-snippet:-1","max-image-preview":"max-image-preview:large","max-video-preview":"max-video-preview:-1"},"canonical":"https:\/\/fuentesfidedignas.com.mx\/index.php\/2023\/04\/27\/espana-afronta-ola-de-calor-no-vista-en-200-anos-temperaturas-se-acercan-a-los-40c\/","og_locale":"es_MX","og_type":"article","og_title":"Espa\u00f1a afronta ola de calor no vista en 200 a\u00f1os; temperaturas se acercan a los 40\u00b0C - Fuentes Fidedignas","og_description":"En Sevilla, donde los abanicos y los parasoles est\u00e1n a pleno rendimiento, quienes trabajan al aire libre ya empiezan a notar los efectos de las altas temperaturas Espa\u00f1a.- La ola de calor excepcionalmente temprana\u00a0que experimenta Espa\u00f1a alcanzar\u00e1 su pico este jueves y viernes, una situaci\u00f3n que preocupa a las autoridades en este pa\u00eds situado en [&hellip;]","og_url":"https:\/\/fuentesfidedignas.com.mx\/index.php\/2023\/04\/27\/espana-afronta-ola-de-calor-no-vista-en-200-anos-temperaturas-se-acercan-a-los-40c\/","og_site_name":"Fuentes Fidedignas","article_publisher":"https:\/\/www.facebook.com\/Fuentes-Fidedignas-368234489921644","article_published_time":"2023-04-27T19:24:25+00:00","article_modified_time":"2023-04-27T19:24:26+00:00","og_image":[{"width":800,"height":600,"url":"https:\/\/fuentesfidedignas.com.mx\/wp-content\/uploads\/2023\/04\/espana.jpg","type":"image\/jpeg"}],"author":"AFP","twitter_card":"summary_large_image","twitter_creator":"@fidedignas","twitter_site":"@fidedignas","twitter_misc":{"Escrito por":"AFP","Tiempo de lectura":"4 minutos"},"schema":{"@context":"https:\/\/schema.org","@graph":[{"@type":"Article","@id":"https:\/\/fuentesfidedignas.com.mx\/index.php\/2023\/04\/27\/espana-afronta-ola-de-calor-no-vista-en-200-anos-temperaturas-se-acercan-a-los-40c\/#article","isPartOf":{"@id":"https:\/\/fuentesfidedignas.com.mx\/index.php\/2023\/04\/27\/espana-afronta-ola-de-calor-no-vista-en-200-anos-temperaturas-se-acercan-a-los-40c\/"},"author":{"name":"AFP","@id":"https:\/\/fuentesfidedignas.com.mx\/#\/schema\/person\/1827b38c6cf89e1d6cc7d78ca3fae732"},"headline":"Espa\u00f1a afronta ola de calor no vista en 200 a\u00f1os; temperaturas se acercan a los 40\u00b0C","datePublished":"2023-04-27T19:24:25+00:00","dateModified":"2023-04-27T19:24:26+00:00","mainEntityOfPage":{"@id":"https:\/\/fuentesfidedignas.com.mx\/index.php\/2023\/04\/27\/espana-afronta-ola-de-calor-no-vista-en-200-anos-temperaturas-se-acercan-a-los-40c\/"},"wordCount":871,"commentCount":0,"publisher":{"@id":"https:\/\/fuentesfidedignas.com.mx\/#organization"},"image":{"@id":"https:\/\/fuentesfidedignas.com.mx\/index.php\/2023\/04\/27\/espana-afronta-ola-de-calor-no-vista-en-200-anos-temperaturas-se-acercan-a-los-40c\/#primaryimage"},"thumbnailUrl":"https:\/\/fuentesfidedignas.com.mx\/wp-content\/uploads\/2023\/04\/espana.jpg","articleSection":["NOTICIAS NACIONALES"],"inLanguage":"es","potentialAction":[{"@type":"CommentAction","name":"Comment","target":["https:\/\/fuentesfidedignas.com.mx\/index.php\/2023\/04\/27\/espana-afronta-ola-de-calor-no-vista-en-200-anos-temperaturas-se-acercan-a-los-40c\/#respond"]}]},{"@type":"WebPage","@id":"https:\/\/fuentesfidedignas.com.mx\/index.php\/2023\/04\/27\/espana-afronta-ola-de-calor-no-vista-en-200-anos-temperaturas-se-acercan-a-los-40c\/","url":"https:\/\/fuentesfidedignas.com.mx\/index.php\/2023\/04\/27\/espana-afronta-ola-de-calor-no-vista-en-200-anos-temperaturas-se-acercan-a-los-40c\/","name":"Espa\u00f1a afronta ola de calor no vista en 200 a\u00f1os; temperaturas se acercan a los 40\u00b0C - Fuentes Fidedignas","isPartOf":{"@id":"https:\/\/fuentesfidedignas.com.mx\/#website"},"primaryImageOfPage":{"@id":"https:\/\/fuentesfidedignas.com.mx\/index.php\/2023\/04\/27\/espana-afronta-ola-de-calor-no-vista-en-200-anos-temperaturas-se-acercan-a-los-40c\/#primaryimage"},"image":{"@id":"https:\/\/fuentesfidedignas.com.mx\/index.php\/2023\/04\/27\/espana-afronta-ola-de-calor-no-vista-en-200-anos-temperaturas-se-acercan-a-los-40c\/#primaryimage"},"thumbnailUrl":"https:\/\/fuentesfidedignas.com.mx\/wp-content\/uploads\/2023\/04\/espana.jpg","datePublished":"2023-04-27T19:24:25+00:00","dateModified":"2023-04-27T19:24:26+00:00","breadcrumb":{"@id":"https:\/\/fuentesfidedignas.com.mx\/index.php\/2023\/04\/27\/espana-afronta-ola-de-calor-no-vista-en-200-anos-temperaturas-se-acercan-a-los-40c\/#breadcrumb"},"inLanguage":"es","potentialAction":[{"@type":"ReadAction","target":["https:\/\/fuentesfidedignas.com.mx\/index.php\/2023\/04\/27\/espana-afronta-ola-de-calor-no-vista-en-200-anos-temperaturas-se-acercan-a-los-40c\/"]}]},{"@type":"ImageObject","inLanguage":"es","@id":"https:\/\/fuentesfidedignas.com.mx\/index.php\/2023\/04\/27\/espana-afronta-ola-de-calor-no-vista-en-200-anos-temperaturas-se-acercan-a-los-40c\/#primaryimage","url":"https:\/\/fuentesfidedignas.com.mx\/wp-content\/uploads\/2023\/04\/espana.jpg","contentUrl":"https:\/\/fuentesfidedignas.com.mx\/wp-content\/uploads\/2023\/04\/espana.jpg","width":800,"height":600},{"@type":"BreadcrumbList","@id":"https:\/\/fuentesfidedignas.com.mx\/index.php\/2023\/04\/27\/espana-afronta-ola-de-calor-no-vista-en-200-anos-temperaturas-se-acercan-a-los-40c\/#breadcrumb","itemListElement":[{"@type":"ListItem","position":1,"name":"Inicio","item":"https:\/\/fuentesfidedignas.com.mx\/"},{"@type":"ListItem","position":2,"name":"Espa\u00f1a afronta ola de calor no vista en 200 a\u00f1os; temperaturas se acercan a los 40\u00b0C"}]},{"@type":"WebSite","@id":"https:\/\/fuentesfidedignas.com.mx\/#website","url":"https:\/\/fuentesfidedignas.com.mx\/","name":"Fuentes Fidedignas","description":"Otro sitio realizado con WordPress","publisher":{"@id":"https:\/\/fuentesfidedignas.com.mx\/#organization"},"potentialAction":[{"@type":"SearchAction","target":{"@type":"EntryPoint","urlTemplate":"https:\/\/fuentesfidedignas.com.mx\/?s={search_term_string}"},"query-input":{"@type":"PropertyValueSpecification","valueRequired":true,"valueName":"search_term_string"}}],"inLanguage":"es"},{"@type":"Organization","@id":"https:\/\/fuentesfidedignas.com.mx\/#organization","name":"Fuentes Fidedignas","url":"https:\/\/fuentesfidedignas.com.mx\/","logo":{"@type":"ImageObject","inLanguage":"es","@id":"https:\/\/fuentesfidedignas.com.mx\/#\/schema\/logo\/image\/","url":"https:\/\/fuentesfidedignas.com.mx\/wp-content\/uploads\/2021\/04\/logo-retina.png","contentUrl":"https:\/\/fuentesfidedignas.com.mx\/wp-content\/uploads\/2021\/04\/logo-retina.png","width":280,"height":51,"caption":"Fuentes Fidedignas"},"image":{"@id":"https:\/\/fuentesfidedignas.com.mx\/#\/schema\/logo\/image\/"},"sameAs":["https:\/\/www.facebook.com\/Fuentes-Fidedignas-368234489921644","https:\/\/x.com\/fidedignas"]},{"@type":"Person","@id":"https:\/\/fuentesfidedignas.com.mx\/#\/schema\/person\/1827b38c6cf89e1d6cc7d78ca3fae732","name":"AFP","image":{"@type":"ImageObject","inLanguage":"es","@id":"https:\/\/secure.gravatar.com\/avatar\/236827d2ee9bf15e1ea99e0c1cd1b467cffa55e324d177638d0f8de7950cbae6?s=96&d=mm&r=g","url":"https:\/\/secure.gravatar.com\/avatar\/236827d2ee9bf15e1ea99e0c1cd1b467cffa55e324d177638d0f8de7950cbae6?s=96&d=mm&r=g","contentUrl":"https:\/\/secure.gravatar.com\/avatar\/236827d2ee9bf15e1ea99e0c1cd1b467cffa55e324d177638d0f8de7950cbae6?s=96&d=mm&r=g","caption":"AFP"},"url":"https:\/\/fuentesfidedignas.com.mx\/index.php\/author\/afp\/"}]}},"_links":{"self":[{"href":"https:\/\/fuentesfidedignas.com.mx\/index.php\/wp-json\/wp\/v2\/posts\/45763","targetHints":{"allow":["GET"]}}],"collection":[{"href":"https:\/\/fuentesfidedignas.com.mx\/index.php\/wp-json\/wp\/v2\/posts"}],"about":[{"href":"https:\/\/fuentesfidedignas.com.mx\/index.php\/wp-json\/wp\/v2\/types\/post"}],"author":[{"embeddable":true,"href":"https:\/\/fuentesfidedignas.com.mx\/index.php\/wp-json\/wp\/v2\/users\/12"}],"replies":[{"embeddable":true,"href":"https:\/\/fuentesfidedignas.com.mx\/index.php\/wp-json\/wp\/v2\/comments?post=45763"}],"version-history":[{"count":1,"href":"https:\/\/fuentesfidedignas.com.mx\/index.php\/wp-json\/wp\/v2\/posts\/45763\/revisions"}],"predecessor-version":[{"id":45765,"href":"https:\/\/fuentesfidedignas.com.mx\/index.php\/wp-json\/wp\/v2\/posts\/45763\/revisions\/45765"}],"wp:featuredmedia":[{"embeddable":true,"href":"https:\/\/fuentesfidedignas.com.mx\/index.php\/wp-json\/wp\/v2\/media\/45764"}],"wp:attachment":[{"href":"https:\/\/fuentesfidedignas.com.mx\/index.php\/wp-json\/wp\/v2\/media?parent=45763"}],"wp:term":[{"taxonomy":"category","embeddable":true,"href":"https:\/\/fuentesfidedignas.com.mx\/index.php\/wp-json\/wp\/v2\/categories?post=45763"},{"taxonomy":"post_tag","embeddable":true,"href":"https:\/\/fuentesfidedignas.com.mx\/index.php\/wp-json\/wp\/v2\/tags?post=45763"}],"curies":[{"name":"wp","href":"https:\/\/api.w.org\/{rel}","templated":true}]}}