{"id":45737,"date":"2023-04-27T10:26:00","date_gmt":"2023-04-27T16:26:00","guid":{"rendered":"https:\/\/fuentesfidedignas.com.mx\/?p=45737"},"modified":"2023-04-27T10:26:01","modified_gmt":"2023-04-27T16:26:01","slug":"alito-moreno-se-queda-al-frente-del-pri-el-tepjf-avala-reforma-para-que-siga-hasta-2024","status":"publish","type":"post","link":"https:\/\/fuentesfidedignas.com.mx\/index.php\/2023\/04\/27\/alito-moreno-se-queda-al-frente-del-pri-el-tepjf-avala-reforma-para-que-siga-hasta-2024\/","title":{"rendered":"\u201cAlito\u201d Moreno se queda al frente del PRI: El TEPJF avala reforma para que siga hasta 2024"},"content":{"rendered":"\n<p><strong><em>Dirigentes de <strong><em>PAN, Morena, PRI y PT<\/em><\/strong><\/em><\/strong> <strong><em>se han extendido en sus per\u00edodos provocando reclamos internos por falta de democracia partidaria<\/em><\/strong><\/p>\n\n\n\n<p>Ciudad de M\u00e9xico.- La incertidumbre para el dirigente nacional del PRI, Alejandro Moreno C\u00e1rdenas, termin\u00f3. El Tribunal Electoral del Poder Judicial de la Federaci\u00f3n (TEPJF) resolvi\u00f3 hoy que puede prorrogar su per\u00edodo al frente de dicho instituto pol\u00edtico.<\/p>\n\n\n\n<p>De manera similar a la resoluci\u00f3n emitida la semana pasada respecto a su hom\u00f3logo morenista, Mario Delgado, el l\u00edder del tricolor podr\u00e1 permanecer en el cargo hasta que concluya la elecci\u00f3n presidencial de 2024.<\/p>\n\n\n\n<p>En ambos casos, el Instituto Nacional Electoral (INE) hab\u00eda invalidado la prolongaci\u00f3n de sus respectivos per\u00edodos que, una vez recurridos ante la justicia electoral, quedaron como en su origen. Es decir, el tribunal ech\u00f3 abajo las resoluciones del INE.<\/p>\n\n\n\n<p>Alejandro Moreno fue electo para concluir su per\u00edodo en agosto del presente a\u00f1o, sin embargo, en diciembre pasado convoc\u00f3 al Consejo Pol\u00edtico Nacional del PRI y, en una pol\u00e9mica sesi\u00f3n, consigui\u00f3 modificar los estatutos, y con ello, ampliar su estancia en la dirigencia partidista.<\/p>\n\n\n\n<p>De inmediato, los senadores Miguel \u00c1ngel Osorio Chong y Claudia Ruiz Massieu, controvirtieron el asunto llevando a litigio electoral por considerar que se hab\u00edan violados diversas normas, entre estas, la facultad entendida hasta entonces como exclusiva de la Asamblea Nacional para modificar estatutos y no con el solo aval del un consejo pol\u00edtico.<\/p>\n\n\n\n<p>La sentencia votada hoy por la Sala Superior del TEPJF fue aprobada con cinco votos a favor y dos en contra, entre estos, el del presidente Reyes Rodr\u00edguez y el de la magistrada Janine Ot\u00e1lora, quien la semana pasada present\u00f3 el proyecto que pretend\u00eda invalidar la pr\u00f3rroga de Mario Delgado, sin conseguir el voto de sus pares.<\/p>\n\n\n\n<p>Los casos resueltos de manera favorable para Moreno C\u00e1rdenas estaban identificados en los expedientes 20\/2023 y 846\/2023, cuyo magistrado ponente fue Jos\u00e9 Luis Vargas, y valida la reforma estatutaria que no s\u00f3lo extiende el per\u00edodo de su dirigencia, sino que le ampli\u00f3 facultades para designar candidaturas, uno de los temas m\u00e1s candentes al interior del PRI.<\/p>\n\n\n\n<p>Esta semana,&nbsp;<strong>Proceso&nbsp;<\/strong>expuso las condiciones de las dirigencias de todos los partidos pol\u00edticos, entre los que destacan el PAN, Morena, PRI y PT, como los partidos en los que los sus dirigentes se han extendido en sus per\u00edodos provocando reclamos internos por falta de democracia partidaria.<\/p>\n","protected":false},"excerpt":{"rendered":"<p>Dirigentes de PAN, Morena, PRI y PT se han extendido en sus per\u00edodos provocando reclamos internos por falta de democracia partidaria Ciudad de M\u00e9xico.- La incertidumbre para el dirigente nacional del PRI, Alejandro Moreno C\u00e1rdenas, termin\u00f3. El Tribunal Electoral del Poder Judicial de la Federaci\u00f3n (TEPJF) resolvi\u00f3 hoy que puede prorrogar su per\u00edodo al frente [&hellip;]<\/p>\n","protected":false},"author":50,"featured_media":45738,"comment_status":"open","ping_status":"open","sticky":false,"template":"","format":"standard","meta":{"tdm_status":"","tdm_grid_status":"","footnotes":""},"categories":[39],"tags":[],"class_list":{"0":"post-45737","1":"post","2":"type-post","3":"status-publish","4":"format-standard","5":"has-post-thumbnail","7":"category-noticias-nacionales"},"yoast_head":"<!-- This site is optimized with the Yoast SEO plugin v27.4 - https:\/\/yoast.com\/product\/yoast-seo-wordpress\/ -->\n<title>\u201cAlito\u201d Moreno se queda al frente del PRI: El TEPJF avala reforma para que siga hasta 2024 - Fuentes Fidedignas<\/title>\n<meta name=\"robots\" content=\"index, follow, max-snippet:-1, max-image-preview:large, max-video-preview:-1\" \/>\n<link rel=\"canonical\" href=\"https:\/\/fuentesfidedignas.com.mx\/index.php\/2023\/04\/27\/alito-moreno-se-queda-al-frente-del-pri-el-tepjf-avala-reforma-para-que-siga-hasta-2024\/\" \/>\n<meta property=\"og:locale\" content=\"es_MX\" \/>\n<meta property=\"og:type\" content=\"article\" \/>\n<meta property=\"og:title\" content=\"\u201cAlito\u201d Moreno se queda al frente del PRI: El TEPJF avala reforma para que siga hasta 2024 - Fuentes Fidedignas\" \/>\n<meta property=\"og:description\" content=\"Dirigentes de PAN, Morena, PRI y PT se han extendido en sus per\u00edodos provocando reclamos internos por falta de democracia partidaria Ciudad de M\u00e9xico.- La incertidumbre para el dirigente nacional del PRI, Alejandro Moreno C\u00e1rdenas, termin\u00f3. El Tribunal Electoral del Poder Judicial de la Federaci\u00f3n (TEPJF) resolvi\u00f3 hoy que puede prorrogar su per\u00edodo al frente [&hellip;]\" \/>\n<meta property=\"og:url\" content=\"https:\/\/fuentesfidedignas.com.mx\/index.php\/2023\/04\/27\/alito-moreno-se-queda-al-frente-del-pri-el-tepjf-avala-reforma-para-que-siga-hasta-2024\/\" \/>\n<meta property=\"og:site_name\" content=\"Fuentes Fidedignas\" \/>\n<meta property=\"article:publisher\" content=\"https:\/\/www.facebook.com\/Fuentes-Fidedignas-368234489921644\" \/>\n<meta property=\"article:published_time\" content=\"2023-04-27T16:26:00+00:00\" \/>\n<meta property=\"article:modified_time\" content=\"2023-04-27T16:26:01+00:00\" \/>\n<meta property=\"og:image\" content=\"https:\/\/fuentesfidedignas.com.mx\/wp-content\/uploads\/2023\/04\/aliito.jpg\" \/>\n\t<meta property=\"og:image:width\" content=\"612\" \/>\n\t<meta property=\"og:image:height\" content=\"410\" \/>\n\t<meta property=\"og:image:type\" content=\"image\/jpeg\" \/>\n<meta name=\"author\" content=\"Proceso\" \/>\n<meta name=\"twitter:card\" content=\"summary_large_image\" \/>\n<meta name=\"twitter:creator\" content=\"@fidedignas\" \/>\n<meta name=\"twitter:site\" content=\"@fidedignas\" \/>\n<meta name=\"twitter:label1\" content=\"Escrito por\" \/>\n\t<meta name=\"twitter:data1\" content=\"Proceso\" \/>\n\t<meta name=\"twitter:label2\" content=\"Tiempo de lectura\" \/>\n\t<meta name=\"twitter:data2\" content=\"2 minutos\" \/>\n<script type=\"application\/ld+json\" class=\"yoast-schema-graph\">{\"@context\":\"https:\\\/\\\/schema.org\",\"@graph\":[{\"@type\":\"Article\",\"@id\":\"https:\\\/\\\/fuentesfidedignas.com.mx\\\/index.php\\\/2023\\\/04\\\/27\\\/alito-moreno-se-queda-al-frente-del-pri-el-tepjf-avala-reforma-para-que-siga-hasta-2024\\\/#article\",\"isPartOf\":{\"@id\":\"https:\\\/\\\/fuentesfidedignas.com.mx\\\/index.php\\\/2023\\\/04\\\/27\\\/alito-moreno-se-queda-al-frente-del-pri-el-tepjf-avala-reforma-para-que-siga-hasta-2024\\\/\"},\"author\":{\"name\":\"Proceso\",\"@id\":\"https:\\\/\\\/fuentesfidedignas.com.mx\\\/#\\\/schema\\\/person\\\/eb72247ff123b3ce5e4cadc7f50ae372\"},\"headline\":\"\u201cAlito\u201d Moreno se queda al frente del PRI: El TEPJF avala reforma para que siga hasta 2024\",\"datePublished\":\"2023-04-27T16:26:00+00:00\",\"dateModified\":\"2023-04-27T16:26:01+00:00\",\"mainEntityOfPage\":{\"@id\":\"https:\\\/\\\/fuentesfidedignas.com.mx\\\/index.php\\\/2023\\\/04\\\/27\\\/alito-moreno-se-queda-al-frente-del-pri-el-tepjf-avala-reforma-para-que-siga-hasta-2024\\\/\"},\"wordCount\":435,\"commentCount\":0,\"publisher\":{\"@id\":\"https:\\\/\\\/fuentesfidedignas.com.mx\\\/#organization\"},\"image\":{\"@id\":\"https:\\\/\\\/fuentesfidedignas.com.mx\\\/index.php\\\/2023\\\/04\\\/27\\\/alito-moreno-se-queda-al-frente-del-pri-el-tepjf-avala-reforma-para-que-siga-hasta-2024\\\/#primaryimage\"},\"thumbnailUrl\":\"https:\\\/\\\/fuentesfidedignas.com.mx\\\/wp-content\\\/uploads\\\/2023\\\/04\\\/aliito.jpg\",\"articleSection\":[\"NOTICIAS NACIONALES\"],\"inLanguage\":\"es\",\"potentialAction\":[{\"@type\":\"CommentAction\",\"name\":\"Comment\",\"target\":[\"https:\\\/\\\/fuentesfidedignas.com.mx\\\/index.php\\\/2023\\\/04\\\/27\\\/alito-moreno-se-queda-al-frente-del-pri-el-tepjf-avala-reforma-para-que-siga-hasta-2024\\\/#respond\"]}]},{\"@type\":\"WebPage\",\"@id\":\"https:\\\/\\\/fuentesfidedignas.com.mx\\\/index.php\\\/2023\\\/04\\\/27\\\/alito-moreno-se-queda-al-frente-del-pri-el-tepjf-avala-reforma-para-que-siga-hasta-2024\\\/\",\"url\":\"https:\\\/\\\/fuentesfidedignas.com.mx\\\/index.php\\\/2023\\\/04\\\/27\\\/alito-moreno-se-queda-al-frente-del-pri-el-tepjf-avala-reforma-para-que-siga-hasta-2024\\\/\",\"name\":\"\u201cAlito\u201d Moreno se queda al frente del PRI: El TEPJF avala reforma para que siga hasta 2024 - Fuentes Fidedignas\",\"isPartOf\":{\"@id\":\"https:\\\/\\\/fuentesfidedignas.com.mx\\\/#website\"},\"primaryImageOfPage\":{\"@id\":\"https:\\\/\\\/fuentesfidedignas.com.mx\\\/index.php\\\/2023\\\/04\\\/27\\\/alito-moreno-se-queda-al-frente-del-pri-el-tepjf-avala-reforma-para-que-siga-hasta-2024\\\/#primaryimage\"},\"image\":{\"@id\":\"https:\\\/\\\/fuentesfidedignas.com.mx\\\/index.php\\\/2023\\\/04\\\/27\\\/alito-moreno-se-queda-al-frente-del-pri-el-tepjf-avala-reforma-para-que-siga-hasta-2024\\\/#primaryimage\"},\"thumbnailUrl\":\"https:\\\/\\\/fuentesfidedignas.com.mx\\\/wp-content\\\/uploads\\\/2023\\\/04\\\/aliito.jpg\",\"datePublished\":\"2023-04-27T16:26:00+00:00\",\"dateModified\":\"2023-04-27T16:26:01+00:00\",\"breadcrumb\":{\"@id\":\"https:\\\/\\\/fuentesfidedignas.com.mx\\\/index.php\\\/2023\\\/04\\\/27\\\/alito-moreno-se-queda-al-frente-del-pri-el-tepjf-avala-reforma-para-que-siga-hasta-2024\\\/#breadcrumb\"},\"inLanguage\":\"es\",\"potentialAction\":[{\"@type\":\"ReadAction\",\"target\":[\"https:\\\/\\\/fuentesfidedignas.com.mx\\\/index.php\\\/2023\\\/04\\\/27\\\/alito-moreno-se-queda-al-frente-del-pri-el-tepjf-avala-reforma-para-que-siga-hasta-2024\\\/\"]}]},{\"@type\":\"ImageObject\",\"inLanguage\":\"es\",\"@id\":\"https:\\\/\\\/fuentesfidedignas.com.mx\\\/index.php\\\/2023\\\/04\\\/27\\\/alito-moreno-se-queda-al-frente-del-pri-el-tepjf-avala-reforma-para-que-siga-hasta-2024\\\/#primaryimage\",\"url\":\"https:\\\/\\\/fuentesfidedignas.com.mx\\\/wp-content\\\/uploads\\\/2023\\\/04\\\/aliito.jpg\",\"contentUrl\":\"https:\\\/\\\/fuentesfidedignas.com.mx\\\/wp-content\\\/uploads\\\/2023\\\/04\\\/aliito.jpg\",\"width\":612,\"height\":410},{\"@type\":\"BreadcrumbList\",\"@id\":\"https:\\\/\\\/fuentesfidedignas.com.mx\\\/index.php\\\/2023\\\/04\\\/27\\\/alito-moreno-se-queda-al-frente-del-pri-el-tepjf-avala-reforma-para-que-siga-hasta-2024\\\/#breadcrumb\",\"itemListElement\":[{\"@type\":\"ListItem\",\"position\":1,\"name\":\"Inicio\",\"item\":\"https:\\\/\\\/fuentesfidedignas.com.mx\\\/\"},{\"@type\":\"ListItem\",\"position\":2,\"name\":\"\u201cAlito\u201d Moreno se queda al frente del PRI: El TEPJF avala reforma para que siga hasta 2024\"}]},{\"@type\":\"WebSite\",\"@id\":\"https:\\\/\\\/fuentesfidedignas.com.mx\\\/#website\",\"url\":\"https:\\\/\\\/fuentesfidedignas.com.mx\\\/\",\"name\":\"Fuentes Fidedignas\",\"description\":\"Otro sitio realizado con WordPress\",\"publisher\":{\"@id\":\"https:\\\/\\\/fuentesfidedignas.com.mx\\\/#organization\"},\"potentialAction\":[{\"@type\":\"SearchAction\",\"target\":{\"@type\":\"EntryPoint\",\"urlTemplate\":\"https:\\\/\\\/fuentesfidedignas.com.mx\\\/?s={search_term_string}\"},\"query-input\":{\"@type\":\"PropertyValueSpecification\",\"valueRequired\":true,\"valueName\":\"search_term_string\"}}],\"inLanguage\":\"es\"},{\"@type\":\"Organization\",\"@id\":\"https:\\\/\\\/fuentesfidedignas.com.mx\\\/#organization\",\"name\":\"Fuentes Fidedignas\",\"url\":\"https:\\\/\\\/fuentesfidedignas.com.mx\\\/\",\"logo\":{\"@type\":\"ImageObject\",\"inLanguage\":\"es\",\"@id\":\"https:\\\/\\\/fuentesfidedignas.com.mx\\\/#\\\/schema\\\/logo\\\/image\\\/\",\"url\":\"https:\\\/\\\/fuentesfidedignas.com.mx\\\/wp-content\\\/uploads\\\/2021\\\/04\\\/logo-retina.png\",\"contentUrl\":\"https:\\\/\\\/fuentesfidedignas.com.mx\\\/wp-content\\\/uploads\\\/2021\\\/04\\\/logo-retina.png\",\"width\":280,\"height\":51,\"caption\":\"Fuentes Fidedignas\"},\"image\":{\"@id\":\"https:\\\/\\\/fuentesfidedignas.com.mx\\\/#\\\/schema\\\/logo\\\/image\\\/\"},\"sameAs\":[\"https:\\\/\\\/www.facebook.com\\\/Fuentes-Fidedignas-368234489921644\",\"https:\\\/\\\/x.com\\\/fidedignas\"]},{\"@type\":\"Person\",\"@id\":\"https:\\\/\\\/fuentesfidedignas.com.mx\\\/#\\\/schema\\\/person\\\/eb72247ff123b3ce5e4cadc7f50ae372\",\"name\":\"Proceso\",\"image\":{\"@type\":\"ImageObject\",\"inLanguage\":\"es\",\"@id\":\"https:\\\/\\\/secure.gravatar.com\\\/avatar\\\/0bb01ecb091d50a46122cbe5cc32ffea15a000f83628f1e40458e669d38ff2cd?s=96&d=mm&r=g\",\"url\":\"https:\\\/\\\/secure.gravatar.com\\\/avatar\\\/0bb01ecb091d50a46122cbe5cc32ffea15a000f83628f1e40458e669d38ff2cd?s=96&d=mm&r=g\",\"contentUrl\":\"https:\\\/\\\/secure.gravatar.com\\\/avatar\\\/0bb01ecb091d50a46122cbe5cc32ffea15a000f83628f1e40458e669d38ff2cd?s=96&d=mm&r=g\",\"caption\":\"Proceso\"},\"url\":\"https:\\\/\\\/fuentesfidedignas.com.mx\\\/index.php\\\/author\\\/proceso\\\/\"}]}<\/script>\n<!-- \/ Yoast SEO plugin. -->","yoast_head_json":{"title":"\u201cAlito\u201d Moreno se queda al frente del PRI: El TEPJF avala reforma para que siga hasta 2024 - Fuentes Fidedignas","robots":{"index":"index","follow":"follow","max-snippet":"max-snippet:-1","max-image-preview":"max-image-preview:large","max-video-preview":"max-video-preview:-1"},"canonical":"https:\/\/fuentesfidedignas.com.mx\/index.php\/2023\/04\/27\/alito-moreno-se-queda-al-frente-del-pri-el-tepjf-avala-reforma-para-que-siga-hasta-2024\/","og_locale":"es_MX","og_type":"article","og_title":"\u201cAlito\u201d Moreno se queda al frente del PRI: El TEPJF avala reforma para que siga hasta 2024 - Fuentes Fidedignas","og_description":"Dirigentes de PAN, Morena, PRI y PT se han extendido en sus per\u00edodos provocando reclamos internos por falta de democracia partidaria Ciudad de M\u00e9xico.- La incertidumbre para el dirigente nacional del PRI, Alejandro Moreno C\u00e1rdenas, termin\u00f3. El Tribunal Electoral del Poder Judicial de la Federaci\u00f3n (TEPJF) resolvi\u00f3 hoy que puede prorrogar su per\u00edodo al frente [&hellip;]","og_url":"https:\/\/fuentesfidedignas.com.mx\/index.php\/2023\/04\/27\/alito-moreno-se-queda-al-frente-del-pri-el-tepjf-avala-reforma-para-que-siga-hasta-2024\/","og_site_name":"Fuentes Fidedignas","article_publisher":"https:\/\/www.facebook.com\/Fuentes-Fidedignas-368234489921644","article_published_time":"2023-04-27T16:26:00+00:00","article_modified_time":"2023-04-27T16:26:01+00:00","og_image":[{"width":612,"height":410,"url":"https:\/\/fuentesfidedignas.com.mx\/wp-content\/uploads\/2023\/04\/aliito.jpg","type":"image\/jpeg"}],"author":"Proceso","twitter_card":"summary_large_image","twitter_creator":"@fidedignas","twitter_site":"@fidedignas","twitter_misc":{"Escrito por":"Proceso","Tiempo de lectura":"2 minutos"},"schema":{"@context":"https:\/\/schema.org","@graph":[{"@type":"Article","@id":"https:\/\/fuentesfidedignas.com.mx\/index.php\/2023\/04\/27\/alito-moreno-se-queda-al-frente-del-pri-el-tepjf-avala-reforma-para-que-siga-hasta-2024\/#article","isPartOf":{"@id":"https:\/\/fuentesfidedignas.com.mx\/index.php\/2023\/04\/27\/alito-moreno-se-queda-al-frente-del-pri-el-tepjf-avala-reforma-para-que-siga-hasta-2024\/"},"author":{"name":"Proceso","@id":"https:\/\/fuentesfidedignas.com.mx\/#\/schema\/person\/eb72247ff123b3ce5e4cadc7f50ae372"},"headline":"\u201cAlito\u201d Moreno se queda al frente del PRI: El TEPJF avala reforma para que siga hasta 2024","datePublished":"2023-04-27T16:26:00+00:00","dateModified":"2023-04-27T16:26:01+00:00","mainEntityOfPage":{"@id":"https:\/\/fuentesfidedignas.com.mx\/index.php\/2023\/04\/27\/alito-moreno-se-queda-al-frente-del-pri-el-tepjf-avala-reforma-para-que-siga-hasta-2024\/"},"wordCount":435,"commentCount":0,"publisher":{"@id":"https:\/\/fuentesfidedignas.com.mx\/#organization"},"image":{"@id":"https:\/\/fuentesfidedignas.com.mx\/index.php\/2023\/04\/27\/alito-moreno-se-queda-al-frente-del-pri-el-tepjf-avala-reforma-para-que-siga-hasta-2024\/#primaryimage"},"thumbnailUrl":"https:\/\/fuentesfidedignas.com.mx\/wp-content\/uploads\/2023\/04\/aliito.jpg","articleSection":["NOTICIAS NACIONALES"],"inLanguage":"es","potentialAction":[{"@type":"CommentAction","name":"Comment","target":["https:\/\/fuentesfidedignas.com.mx\/index.php\/2023\/04\/27\/alito-moreno-se-queda-al-frente-del-pri-el-tepjf-avala-reforma-para-que-siga-hasta-2024\/#respond"]}]},{"@type":"WebPage","@id":"https:\/\/fuentesfidedignas.com.mx\/index.php\/2023\/04\/27\/alito-moreno-se-queda-al-frente-del-pri-el-tepjf-avala-reforma-para-que-siga-hasta-2024\/","url":"https:\/\/fuentesfidedignas.com.mx\/index.php\/2023\/04\/27\/alito-moreno-se-queda-al-frente-del-pri-el-tepjf-avala-reforma-para-que-siga-hasta-2024\/","name":"\u201cAlito\u201d Moreno se queda al frente del PRI: El TEPJF avala reforma para que siga hasta 2024 - Fuentes Fidedignas","isPartOf":{"@id":"https:\/\/fuentesfidedignas.com.mx\/#website"},"primaryImageOfPage":{"@id":"https:\/\/fuentesfidedignas.com.mx\/index.php\/2023\/04\/27\/alito-moreno-se-queda-al-frente-del-pri-el-tepjf-avala-reforma-para-que-siga-hasta-2024\/#primaryimage"},"image":{"@id":"https:\/\/fuentesfidedignas.com.mx\/index.php\/2023\/04\/27\/alito-moreno-se-queda-al-frente-del-pri-el-tepjf-avala-reforma-para-que-siga-hasta-2024\/#primaryimage"},"thumbnailUrl":"https:\/\/fuentesfidedignas.com.mx\/wp-content\/uploads\/2023\/04\/aliito.jpg","datePublished":"2023-04-27T16:26:00+00:00","dateModified":"2023-04-27T16:26:01+00:00","breadcrumb":{"@id":"https:\/\/fuentesfidedignas.com.mx\/index.php\/2023\/04\/27\/alito-moreno-se-queda-al-frente-del-pri-el-tepjf-avala-reforma-para-que-siga-hasta-2024\/#breadcrumb"},"inLanguage":"es","potentialAction":[{"@type":"ReadAction","target":["https:\/\/fuentesfidedignas.com.mx\/index.php\/2023\/04\/27\/alito-moreno-se-queda-al-frente-del-pri-el-tepjf-avala-reforma-para-que-siga-hasta-2024\/"]}]},{"@type":"ImageObject","inLanguage":"es","@id":"https:\/\/fuentesfidedignas.com.mx\/index.php\/2023\/04\/27\/alito-moreno-se-queda-al-frente-del-pri-el-tepjf-avala-reforma-para-que-siga-hasta-2024\/#primaryimage","url":"https:\/\/fuentesfidedignas.com.mx\/wp-content\/uploads\/2023\/04\/aliito.jpg","contentUrl":"https:\/\/fuentesfidedignas.com.mx\/wp-content\/uploads\/2023\/04\/aliito.jpg","width":612,"height":410},{"@type":"BreadcrumbList","@id":"https:\/\/fuentesfidedignas.com.mx\/index.php\/2023\/04\/27\/alito-moreno-se-queda-al-frente-del-pri-el-tepjf-avala-reforma-para-que-siga-hasta-2024\/#breadcrumb","itemListElement":[{"@type":"ListItem","position":1,"name":"Inicio","item":"https:\/\/fuentesfidedignas.com.mx\/"},{"@type":"ListItem","position":2,"name":"\u201cAlito\u201d Moreno se queda al frente del PRI: El TEPJF avala reforma para que siga hasta 2024"}]},{"@type":"WebSite","@id":"https:\/\/fuentesfidedignas.com.mx\/#website","url":"https:\/\/fuentesfidedignas.com.mx\/","name":"Fuentes Fidedignas","description":"Otro sitio realizado con WordPress","publisher":{"@id":"https:\/\/fuentesfidedignas.com.mx\/#organization"},"potentialAction":[{"@type":"SearchAction","target":{"@type":"EntryPoint","urlTemplate":"https:\/\/fuentesfidedignas.com.mx\/?s={search_term_string}"},"query-input":{"@type":"PropertyValueSpecification","valueRequired":true,"valueName":"search_term_string"}}],"inLanguage":"es"},{"@type":"Organization","@id":"https:\/\/fuentesfidedignas.com.mx\/#organization","name":"Fuentes Fidedignas","url":"https:\/\/fuentesfidedignas.com.mx\/","logo":{"@type":"ImageObject","inLanguage":"es","@id":"https:\/\/fuentesfidedignas.com.mx\/#\/schema\/logo\/image\/","url":"https:\/\/fuentesfidedignas.com.mx\/wp-content\/uploads\/2021\/04\/logo-retina.png","contentUrl":"https:\/\/fuentesfidedignas.com.mx\/wp-content\/uploads\/2021\/04\/logo-retina.png","width":280,"height":51,"caption":"Fuentes Fidedignas"},"image":{"@id":"https:\/\/fuentesfidedignas.com.mx\/#\/schema\/logo\/image\/"},"sameAs":["https:\/\/www.facebook.com\/Fuentes-Fidedignas-368234489921644","https:\/\/x.com\/fidedignas"]},{"@type":"Person","@id":"https:\/\/fuentesfidedignas.com.mx\/#\/schema\/person\/eb72247ff123b3ce5e4cadc7f50ae372","name":"Proceso","image":{"@type":"ImageObject","inLanguage":"es","@id":"https:\/\/secure.gravatar.com\/avatar\/0bb01ecb091d50a46122cbe5cc32ffea15a000f83628f1e40458e669d38ff2cd?s=96&d=mm&r=g","url":"https:\/\/secure.gravatar.com\/avatar\/0bb01ecb091d50a46122cbe5cc32ffea15a000f83628f1e40458e669d38ff2cd?s=96&d=mm&r=g","contentUrl":"https:\/\/secure.gravatar.com\/avatar\/0bb01ecb091d50a46122cbe5cc32ffea15a000f83628f1e40458e669d38ff2cd?s=96&d=mm&r=g","caption":"Proceso"},"url":"https:\/\/fuentesfidedignas.com.mx\/index.php\/author\/proceso\/"}]}},"_links":{"self":[{"href":"https:\/\/fuentesfidedignas.com.mx\/index.php\/wp-json\/wp\/v2\/posts\/45737","targetHints":{"allow":["GET"]}}],"collection":[{"href":"https:\/\/fuentesfidedignas.com.mx\/index.php\/wp-json\/wp\/v2\/posts"}],"about":[{"href":"https:\/\/fuentesfidedignas.com.mx\/index.php\/wp-json\/wp\/v2\/types\/post"}],"author":[{"embeddable":true,"href":"https:\/\/fuentesfidedignas.com.mx\/index.php\/wp-json\/wp\/v2\/users\/50"}],"replies":[{"embeddable":true,"href":"https:\/\/fuentesfidedignas.com.mx\/index.php\/wp-json\/wp\/v2\/comments?post=45737"}],"version-history":[{"count":1,"href":"https:\/\/fuentesfidedignas.com.mx\/index.php\/wp-json\/wp\/v2\/posts\/45737\/revisions"}],"predecessor-version":[{"id":45739,"href":"https:\/\/fuentesfidedignas.com.mx\/index.php\/wp-json\/wp\/v2\/posts\/45737\/revisions\/45739"}],"wp:featuredmedia":[{"embeddable":true,"href":"https:\/\/fuentesfidedignas.com.mx\/index.php\/wp-json\/wp\/v2\/media\/45738"}],"wp:attachment":[{"href":"https:\/\/fuentesfidedignas.com.mx\/index.php\/wp-json\/wp\/v2\/media?parent=45737"}],"wp:term":[{"taxonomy":"category","embeddable":true,"href":"https:\/\/fuentesfidedignas.com.mx\/index.php\/wp-json\/wp\/v2\/categories?post=45737"},{"taxonomy":"post_tag","embeddable":true,"href":"https:\/\/fuentesfidedignas.com.mx\/index.php\/wp-json\/wp\/v2\/tags?post=45737"}],"curies":[{"name":"wp","href":"https:\/\/api.w.org\/{rel}","templated":true}]}}