{"id":45563,"date":"2023-04-25T15:35:00","date_gmt":"2023-04-25T21:35:00","guid":{"rendered":"https:\/\/fuentesfidedignas.com.mx\/?p=45563"},"modified":"2023-04-25T17:46:22","modified_gmt":"2023-04-25T23:46:22","slug":"ya-hubo-audiencia-inicial-por-caso-de-cheques-robados-este-jueves-sera-la-segunda-ricardo-madrid","status":"publish","type":"post","link":"https:\/\/fuentesfidedignas.com.mx\/index.php\/2023\/04\/25\/ya-hubo-audiencia-inicial-por-caso-de-cheques-robados-este-jueves-sera-la-segunda-ricardo-madrid\/","title":{"rendered":"Ya hubo audiencia inicial por caso de cheques robados, este jueves ser\u00e1 la segunda: Ricardo Madrid"},"content":{"rendered":"\n<p><strong><em>El presidente de la Mesa Directiva detall\u00f3 que el proceso legal ha estado avanzando con normalidad<\/em><\/strong> <em><strong>y conforme a Derecho<\/strong><\/em><\/p>\n\n\n\n<p>Culiac\u00e1n, Sin.- La semana pasada se llev\u00f3 a cabo la audiencia inicial en el caso de la denuncia por el extrav\u00edo de cheques dentro del Congreso del Estado, y ser\u00e1 este jueves 27 de abril cuando se realice la segunda, aclar\u00f3 el diputado Ricardo Madrid.<\/p>\n\n\n\n<p>El presidente de la Mesa Directiva detall\u00f3 que el proceso legal ha estado avanzando con normalidad y conforme a Derecho, respetando el debido proceso, contrario a los acusaciones del diputado pasista Gene Boj\u00f3rquez, en las que se\u00f1ala desinter\u00e9s y encubrimiento hacia los responsables.<\/p>\n\n\n\n<p>Asimismo, el legislador del PRI se defendi\u00f3 de los se\u00f1alamientos del diputado del PAS, el cual lo define como &#8220;mandadero&#8221; y &#8220;empleado&#8221; de la Junta de Coordinaci\u00f3n Pol\u00edtica (JUCOPO) y su presidente Feliciano Castro. Asegur\u00f3 que ha hecho lo que le corresponde como presidente de la Mesa Directiva en el caso de los cheques, denunciando y dando seguimiento a los hechos.<\/p>\n\n\n\n<p>&#8220;<strong>No son los cheques, ni lo que yo est\u00e9 haciendo o no haciendo, lo que le preocupa. Hemos visto que hay unas investigaciones que han hecho medios de comunicaci\u00f3n serios, donde por ah\u00ed aparecen sus nombres. Pero lo voy a decir con claridad, yo soy un diputado serio que me dedico a hacer mi trabajo y no me dedico a andar queriendo hacer nota<\/strong>&#8220;, recalc\u00f3 Ricardo Madrid.<\/p>\n\n\n\n<iframe loading=\"lazy\" src=\"https:\/\/www.facebook.com\/plugins\/video.php?height=314&#038;href=https%3A%2F%2Fwww.facebook.com%2F368234489921644%2Fvideos%2F688168013077929%2F&#038;show_text=false&#038;width=560&#038;t=0\" width=\"560\" height=\"314\" style=\"border:none;overflow:hidden\" scrolling=\"no\" frameborder=\"0\" allowfullscreen=\"true\" allow=\"autoplay; clipboard-write; encrypted-media; picture-in-picture; web-share\" allowFullScreen=\"true\"><\/iframe>\n","protected":false},"excerpt":{"rendered":"<p>El presidente de la Mesa Directiva detall\u00f3 que el proceso legal ha estado avanzando con normalidad y conforme a Derecho Culiac\u00e1n, Sin.- La semana pasada se llev\u00f3 a cabo la audiencia inicial en el caso de la denuncia por el extrav\u00edo de cheques dentro del Congreso del Estado, y ser\u00e1 este jueves 27 de abril [&hellip;]<\/p>\n","protected":false},"author":11,"featured_media":45564,"comment_status":"open","ping_status":"open","sticky":false,"template":"","format":"standard","meta":{"tdm_status":"","tdm_grid_status":"","footnotes":""},"categories":[38],"tags":[],"class_list":{"0":"post-45563","1":"post","2":"type-post","3":"status-publish","4":"format-standard","5":"has-post-thumbnail","7":"category-noticias-locales"},"yoast_head":"<!-- This site is optimized with the Yoast SEO plugin v27.5 - https:\/\/yoast.com\/product\/yoast-seo-wordpress\/ -->\n<title>Ya hubo audiencia inicial por caso de cheques robados, este jueves ser\u00e1 la segunda: Ricardo Madrid - Fuentes Fidedignas<\/title>\n<meta name=\"robots\" content=\"index, follow, max-snippet:-1, max-image-preview:large, max-video-preview:-1\" \/>\n<link rel=\"canonical\" href=\"https:\/\/fuentesfidedignas.com.mx\/index.php\/2023\/04\/25\/ya-hubo-audiencia-inicial-por-caso-de-cheques-robados-este-jueves-sera-la-segunda-ricardo-madrid\/\" \/>\n<meta property=\"og:locale\" content=\"es_MX\" \/>\n<meta property=\"og:type\" content=\"article\" \/>\n<meta property=\"og:title\" content=\"Ya hubo audiencia inicial por caso de cheques robados, este jueves ser\u00e1 la segunda: Ricardo Madrid - Fuentes Fidedignas\" \/>\n<meta property=\"og:description\" content=\"El presidente de la Mesa Directiva detall\u00f3 que el proceso legal ha estado avanzando con normalidad y conforme a Derecho Culiac\u00e1n, Sin.- La semana pasada se llev\u00f3 a cabo la audiencia inicial en el caso de la denuncia por el extrav\u00edo de cheques dentro del Congreso del Estado, y ser\u00e1 este jueves 27 de abril [&hellip;]\" \/>\n<meta property=\"og:url\" content=\"https:\/\/fuentesfidedignas.com.mx\/index.php\/2023\/04\/25\/ya-hubo-audiencia-inicial-por-caso-de-cheques-robados-este-jueves-sera-la-segunda-ricardo-madrid\/\" \/>\n<meta property=\"og:site_name\" content=\"Fuentes Fidedignas\" \/>\n<meta property=\"article:publisher\" content=\"https:\/\/www.facebook.com\/Fuentes-Fidedignas-368234489921644\" \/>\n<meta property=\"article:published_time\" content=\"2023-04-25T21:35:00+00:00\" \/>\n<meta property=\"article:modified_time\" content=\"2023-04-25T23:46:22+00:00\" \/>\n<meta property=\"og:image\" content=\"https:\/\/fuentesfidedignas.com.mx\/wp-content\/uploads\/2023\/04\/ricarod-madrid.jpg\" \/>\n\t<meta property=\"og:image:width\" content=\"1280\" \/>\n\t<meta property=\"og:image:height\" content=\"675\" \/>\n\t<meta property=\"og:image:type\" content=\"image\/jpeg\" \/>\n<meta name=\"author\" content=\"Marissa Palafox\" \/>\n<meta name=\"twitter:card\" content=\"summary_large_image\" \/>\n<meta name=\"twitter:creator\" content=\"@fidedignas\" \/>\n<meta name=\"twitter:site\" content=\"@fidedignas\" \/>\n<meta name=\"twitter:label1\" content=\"Escrito por\" \/>\n\t<meta name=\"twitter:data1\" content=\"Marissa Palafox\" \/>\n\t<meta name=\"twitter:label2\" content=\"Tiempo de lectura\" \/>\n\t<meta name=\"twitter:data2\" content=\"2 minutos\" \/>\n<script type=\"application\/ld+json\" class=\"yoast-schema-graph\">{\"@context\":\"https:\\\/\\\/schema.org\",\"@graph\":[{\"@type\":\"Article\",\"@id\":\"https:\\\/\\\/fuentesfidedignas.com.mx\\\/index.php\\\/2023\\\/04\\\/25\\\/ya-hubo-audiencia-inicial-por-caso-de-cheques-robados-este-jueves-sera-la-segunda-ricardo-madrid\\\/#article\",\"isPartOf\":{\"@id\":\"https:\\\/\\\/fuentesfidedignas.com.mx\\\/index.php\\\/2023\\\/04\\\/25\\\/ya-hubo-audiencia-inicial-por-caso-de-cheques-robados-este-jueves-sera-la-segunda-ricardo-madrid\\\/\"},\"author\":{\"name\":\"Marissa Palafox\",\"@id\":\"https:\\\/\\\/fuentesfidedignas.com.mx\\\/#\\\/schema\\\/person\\\/2c10028b4a30078c05a056a215342ab9\"},\"headline\":\"Ya hubo audiencia inicial por caso de cheques robados, este jueves ser\u00e1 la segunda: Ricardo Madrid\",\"datePublished\":\"2023-04-25T21:35:00+00:00\",\"dateModified\":\"2023-04-25T23:46:22+00:00\",\"mainEntityOfPage\":{\"@id\":\"https:\\\/\\\/fuentesfidedignas.com.mx\\\/index.php\\\/2023\\\/04\\\/25\\\/ya-hubo-audiencia-inicial-por-caso-de-cheques-robados-este-jueves-sera-la-segunda-ricardo-madrid\\\/\"},\"wordCount\":261,\"commentCount\":0,\"publisher\":{\"@id\":\"https:\\\/\\\/fuentesfidedignas.com.mx\\\/#organization\"},\"image\":{\"@id\":\"https:\\\/\\\/fuentesfidedignas.com.mx\\\/index.php\\\/2023\\\/04\\\/25\\\/ya-hubo-audiencia-inicial-por-caso-de-cheques-robados-este-jueves-sera-la-segunda-ricardo-madrid\\\/#primaryimage\"},\"thumbnailUrl\":\"https:\\\/\\\/fuentesfidedignas.com.mx\\\/wp-content\\\/uploads\\\/2023\\\/04\\\/ricarod-madrid.jpg\",\"articleSection\":[\"NOTICIAS LOCALES\"],\"inLanguage\":\"es\",\"potentialAction\":[{\"@type\":\"CommentAction\",\"name\":\"Comment\",\"target\":[\"https:\\\/\\\/fuentesfidedignas.com.mx\\\/index.php\\\/2023\\\/04\\\/25\\\/ya-hubo-audiencia-inicial-por-caso-de-cheques-robados-este-jueves-sera-la-segunda-ricardo-madrid\\\/#respond\"]}]},{\"@type\":\"WebPage\",\"@id\":\"https:\\\/\\\/fuentesfidedignas.com.mx\\\/index.php\\\/2023\\\/04\\\/25\\\/ya-hubo-audiencia-inicial-por-caso-de-cheques-robados-este-jueves-sera-la-segunda-ricardo-madrid\\\/\",\"url\":\"https:\\\/\\\/fuentesfidedignas.com.mx\\\/index.php\\\/2023\\\/04\\\/25\\\/ya-hubo-audiencia-inicial-por-caso-de-cheques-robados-este-jueves-sera-la-segunda-ricardo-madrid\\\/\",\"name\":\"Ya hubo audiencia inicial por caso de cheques robados, este jueves ser\u00e1 la segunda: Ricardo Madrid - Fuentes Fidedignas\",\"isPartOf\":{\"@id\":\"https:\\\/\\\/fuentesfidedignas.com.mx\\\/#website\"},\"primaryImageOfPage\":{\"@id\":\"https:\\\/\\\/fuentesfidedignas.com.mx\\\/index.php\\\/2023\\\/04\\\/25\\\/ya-hubo-audiencia-inicial-por-caso-de-cheques-robados-este-jueves-sera-la-segunda-ricardo-madrid\\\/#primaryimage\"},\"image\":{\"@id\":\"https:\\\/\\\/fuentesfidedignas.com.mx\\\/index.php\\\/2023\\\/04\\\/25\\\/ya-hubo-audiencia-inicial-por-caso-de-cheques-robados-este-jueves-sera-la-segunda-ricardo-madrid\\\/#primaryimage\"},\"thumbnailUrl\":\"https:\\\/\\\/fuentesfidedignas.com.mx\\\/wp-content\\\/uploads\\\/2023\\\/04\\\/ricarod-madrid.jpg\",\"datePublished\":\"2023-04-25T21:35:00+00:00\",\"dateModified\":\"2023-04-25T23:46:22+00:00\",\"breadcrumb\":{\"@id\":\"https:\\\/\\\/fuentesfidedignas.com.mx\\\/index.php\\\/2023\\\/04\\\/25\\\/ya-hubo-audiencia-inicial-por-caso-de-cheques-robados-este-jueves-sera-la-segunda-ricardo-madrid\\\/#breadcrumb\"},\"inLanguage\":\"es\",\"potentialAction\":[{\"@type\":\"ReadAction\",\"target\":[\"https:\\\/\\\/fuentesfidedignas.com.mx\\\/index.php\\\/2023\\\/04\\\/25\\\/ya-hubo-audiencia-inicial-por-caso-de-cheques-robados-este-jueves-sera-la-segunda-ricardo-madrid\\\/\"]}]},{\"@type\":\"ImageObject\",\"inLanguage\":\"es\",\"@id\":\"https:\\\/\\\/fuentesfidedignas.com.mx\\\/index.php\\\/2023\\\/04\\\/25\\\/ya-hubo-audiencia-inicial-por-caso-de-cheques-robados-este-jueves-sera-la-segunda-ricardo-madrid\\\/#primaryimage\",\"url\":\"https:\\\/\\\/fuentesfidedignas.com.mx\\\/wp-content\\\/uploads\\\/2023\\\/04\\\/ricarod-madrid.jpg\",\"contentUrl\":\"https:\\\/\\\/fuentesfidedignas.com.mx\\\/wp-content\\\/uploads\\\/2023\\\/04\\\/ricarod-madrid.jpg\",\"width\":1280,\"height\":675},{\"@type\":\"BreadcrumbList\",\"@id\":\"https:\\\/\\\/fuentesfidedignas.com.mx\\\/index.php\\\/2023\\\/04\\\/25\\\/ya-hubo-audiencia-inicial-por-caso-de-cheques-robados-este-jueves-sera-la-segunda-ricardo-madrid\\\/#breadcrumb\",\"itemListElement\":[{\"@type\":\"ListItem\",\"position\":1,\"name\":\"Inicio\",\"item\":\"https:\\\/\\\/fuentesfidedignas.com.mx\\\/\"},{\"@type\":\"ListItem\",\"position\":2,\"name\":\"Ya hubo audiencia inicial por caso de cheques robados, este jueves ser\u00e1 la segunda: Ricardo Madrid\"}]},{\"@type\":\"WebSite\",\"@id\":\"https:\\\/\\\/fuentesfidedignas.com.mx\\\/#website\",\"url\":\"https:\\\/\\\/fuentesfidedignas.com.mx\\\/\",\"name\":\"Fuentes Fidedignas\",\"description\":\"Otro sitio realizado con WordPress\",\"publisher\":{\"@id\":\"https:\\\/\\\/fuentesfidedignas.com.mx\\\/#organization\"},\"potentialAction\":[{\"@type\":\"SearchAction\",\"target\":{\"@type\":\"EntryPoint\",\"urlTemplate\":\"https:\\\/\\\/fuentesfidedignas.com.mx\\\/?s={search_term_string}\"},\"query-input\":{\"@type\":\"PropertyValueSpecification\",\"valueRequired\":true,\"valueName\":\"search_term_string\"}}],\"inLanguage\":\"es\"},{\"@type\":\"Organization\",\"@id\":\"https:\\\/\\\/fuentesfidedignas.com.mx\\\/#organization\",\"name\":\"Fuentes Fidedignas\",\"url\":\"https:\\\/\\\/fuentesfidedignas.com.mx\\\/\",\"logo\":{\"@type\":\"ImageObject\",\"inLanguage\":\"es\",\"@id\":\"https:\\\/\\\/fuentesfidedignas.com.mx\\\/#\\\/schema\\\/logo\\\/image\\\/\",\"url\":\"https:\\\/\\\/fuentesfidedignas.com.mx\\\/wp-content\\\/uploads\\\/2021\\\/04\\\/logo-retina.png\",\"contentUrl\":\"https:\\\/\\\/fuentesfidedignas.com.mx\\\/wp-content\\\/uploads\\\/2021\\\/04\\\/logo-retina.png\",\"width\":280,\"height\":51,\"caption\":\"Fuentes Fidedignas\"},\"image\":{\"@id\":\"https:\\\/\\\/fuentesfidedignas.com.mx\\\/#\\\/schema\\\/logo\\\/image\\\/\"},\"sameAs\":[\"https:\\\/\\\/www.facebook.com\\\/Fuentes-Fidedignas-368234489921644\",\"https:\\\/\\\/x.com\\\/fidedignas\"]},{\"@type\":\"Person\",\"@id\":\"https:\\\/\\\/fuentesfidedignas.com.mx\\\/#\\\/schema\\\/person\\\/2c10028b4a30078c05a056a215342ab9\",\"name\":\"Marissa Palafox\",\"image\":{\"@type\":\"ImageObject\",\"inLanguage\":\"es\",\"@id\":\"https:\\\/\\\/secure.gravatar.com\\\/avatar\\\/20a43bdb2f2db10f20b22d4e98b96eb027faf98f7f76d29854dc5fab46d1cf71?s=96&d=mm&r=g\",\"url\":\"https:\\\/\\\/secure.gravatar.com\\\/avatar\\\/20a43bdb2f2db10f20b22d4e98b96eb027faf98f7f76d29854dc5fab46d1cf71?s=96&d=mm&r=g\",\"contentUrl\":\"https:\\\/\\\/secure.gravatar.com\\\/avatar\\\/20a43bdb2f2db10f20b22d4e98b96eb027faf98f7f76d29854dc5fab46d1cf71?s=96&d=mm&r=g\",\"caption\":\"Marissa Palafox\"},\"url\":\"https:\\\/\\\/fuentesfidedignas.com.mx\\\/index.php\\\/author\\\/marissa\\\/\"}]}<\/script>\n<!-- \/ Yoast SEO plugin. -->","yoast_head_json":{"title":"Ya hubo audiencia inicial por caso de cheques robados, este jueves ser\u00e1 la segunda: Ricardo Madrid - Fuentes Fidedignas","robots":{"index":"index","follow":"follow","max-snippet":"max-snippet:-1","max-image-preview":"max-image-preview:large","max-video-preview":"max-video-preview:-1"},"canonical":"https:\/\/fuentesfidedignas.com.mx\/index.php\/2023\/04\/25\/ya-hubo-audiencia-inicial-por-caso-de-cheques-robados-este-jueves-sera-la-segunda-ricardo-madrid\/","og_locale":"es_MX","og_type":"article","og_title":"Ya hubo audiencia inicial por caso de cheques robados, este jueves ser\u00e1 la segunda: Ricardo Madrid - Fuentes Fidedignas","og_description":"El presidente de la Mesa Directiva detall\u00f3 que el proceso legal ha estado avanzando con normalidad y conforme a Derecho Culiac\u00e1n, Sin.- La semana pasada se llev\u00f3 a cabo la audiencia inicial en el caso de la denuncia por el extrav\u00edo de cheques dentro del Congreso del Estado, y ser\u00e1 este jueves 27 de abril [&hellip;]","og_url":"https:\/\/fuentesfidedignas.com.mx\/index.php\/2023\/04\/25\/ya-hubo-audiencia-inicial-por-caso-de-cheques-robados-este-jueves-sera-la-segunda-ricardo-madrid\/","og_site_name":"Fuentes Fidedignas","article_publisher":"https:\/\/www.facebook.com\/Fuentes-Fidedignas-368234489921644","article_published_time":"2023-04-25T21:35:00+00:00","article_modified_time":"2023-04-25T23:46:22+00:00","og_image":[{"width":1280,"height":675,"url":"https:\/\/fuentesfidedignas.com.mx\/wp-content\/uploads\/2023\/04\/ricarod-madrid.jpg","type":"image\/jpeg"}],"author":"Marissa Palafox","twitter_card":"summary_large_image","twitter_creator":"@fidedignas","twitter_site":"@fidedignas","twitter_misc":{"Escrito por":"Marissa Palafox","Tiempo de lectura":"2 minutos"},"schema":{"@context":"https:\/\/schema.org","@graph":[{"@type":"Article","@id":"https:\/\/fuentesfidedignas.com.mx\/index.php\/2023\/04\/25\/ya-hubo-audiencia-inicial-por-caso-de-cheques-robados-este-jueves-sera-la-segunda-ricardo-madrid\/#article","isPartOf":{"@id":"https:\/\/fuentesfidedignas.com.mx\/index.php\/2023\/04\/25\/ya-hubo-audiencia-inicial-por-caso-de-cheques-robados-este-jueves-sera-la-segunda-ricardo-madrid\/"},"author":{"name":"Marissa Palafox","@id":"https:\/\/fuentesfidedignas.com.mx\/#\/schema\/person\/2c10028b4a30078c05a056a215342ab9"},"headline":"Ya hubo audiencia inicial por caso de cheques robados, este jueves ser\u00e1 la segunda: Ricardo Madrid","datePublished":"2023-04-25T21:35:00+00:00","dateModified":"2023-04-25T23:46:22+00:00","mainEntityOfPage":{"@id":"https:\/\/fuentesfidedignas.com.mx\/index.php\/2023\/04\/25\/ya-hubo-audiencia-inicial-por-caso-de-cheques-robados-este-jueves-sera-la-segunda-ricardo-madrid\/"},"wordCount":261,"commentCount":0,"publisher":{"@id":"https:\/\/fuentesfidedignas.com.mx\/#organization"},"image":{"@id":"https:\/\/fuentesfidedignas.com.mx\/index.php\/2023\/04\/25\/ya-hubo-audiencia-inicial-por-caso-de-cheques-robados-este-jueves-sera-la-segunda-ricardo-madrid\/#primaryimage"},"thumbnailUrl":"https:\/\/fuentesfidedignas.com.mx\/wp-content\/uploads\/2023\/04\/ricarod-madrid.jpg","articleSection":["NOTICIAS LOCALES"],"inLanguage":"es","potentialAction":[{"@type":"CommentAction","name":"Comment","target":["https:\/\/fuentesfidedignas.com.mx\/index.php\/2023\/04\/25\/ya-hubo-audiencia-inicial-por-caso-de-cheques-robados-este-jueves-sera-la-segunda-ricardo-madrid\/#respond"]}]},{"@type":"WebPage","@id":"https:\/\/fuentesfidedignas.com.mx\/index.php\/2023\/04\/25\/ya-hubo-audiencia-inicial-por-caso-de-cheques-robados-este-jueves-sera-la-segunda-ricardo-madrid\/","url":"https:\/\/fuentesfidedignas.com.mx\/index.php\/2023\/04\/25\/ya-hubo-audiencia-inicial-por-caso-de-cheques-robados-este-jueves-sera-la-segunda-ricardo-madrid\/","name":"Ya hubo audiencia inicial por caso de cheques robados, este jueves ser\u00e1 la segunda: Ricardo Madrid - Fuentes Fidedignas","isPartOf":{"@id":"https:\/\/fuentesfidedignas.com.mx\/#website"},"primaryImageOfPage":{"@id":"https:\/\/fuentesfidedignas.com.mx\/index.php\/2023\/04\/25\/ya-hubo-audiencia-inicial-por-caso-de-cheques-robados-este-jueves-sera-la-segunda-ricardo-madrid\/#primaryimage"},"image":{"@id":"https:\/\/fuentesfidedignas.com.mx\/index.php\/2023\/04\/25\/ya-hubo-audiencia-inicial-por-caso-de-cheques-robados-este-jueves-sera-la-segunda-ricardo-madrid\/#primaryimage"},"thumbnailUrl":"https:\/\/fuentesfidedignas.com.mx\/wp-content\/uploads\/2023\/04\/ricarod-madrid.jpg","datePublished":"2023-04-25T21:35:00+00:00","dateModified":"2023-04-25T23:46:22+00:00","breadcrumb":{"@id":"https:\/\/fuentesfidedignas.com.mx\/index.php\/2023\/04\/25\/ya-hubo-audiencia-inicial-por-caso-de-cheques-robados-este-jueves-sera-la-segunda-ricardo-madrid\/#breadcrumb"},"inLanguage":"es","potentialAction":[{"@type":"ReadAction","target":["https:\/\/fuentesfidedignas.com.mx\/index.php\/2023\/04\/25\/ya-hubo-audiencia-inicial-por-caso-de-cheques-robados-este-jueves-sera-la-segunda-ricardo-madrid\/"]}]},{"@type":"ImageObject","inLanguage":"es","@id":"https:\/\/fuentesfidedignas.com.mx\/index.php\/2023\/04\/25\/ya-hubo-audiencia-inicial-por-caso-de-cheques-robados-este-jueves-sera-la-segunda-ricardo-madrid\/#primaryimage","url":"https:\/\/fuentesfidedignas.com.mx\/wp-content\/uploads\/2023\/04\/ricarod-madrid.jpg","contentUrl":"https:\/\/fuentesfidedignas.com.mx\/wp-content\/uploads\/2023\/04\/ricarod-madrid.jpg","width":1280,"height":675},{"@type":"BreadcrumbList","@id":"https:\/\/fuentesfidedignas.com.mx\/index.php\/2023\/04\/25\/ya-hubo-audiencia-inicial-por-caso-de-cheques-robados-este-jueves-sera-la-segunda-ricardo-madrid\/#breadcrumb","itemListElement":[{"@type":"ListItem","position":1,"name":"Inicio","item":"https:\/\/fuentesfidedignas.com.mx\/"},{"@type":"ListItem","position":2,"name":"Ya hubo audiencia inicial por caso de cheques robados, este jueves ser\u00e1 la segunda: Ricardo Madrid"}]},{"@type":"WebSite","@id":"https:\/\/fuentesfidedignas.com.mx\/#website","url":"https:\/\/fuentesfidedignas.com.mx\/","name":"Fuentes Fidedignas","description":"Otro sitio realizado con WordPress","publisher":{"@id":"https:\/\/fuentesfidedignas.com.mx\/#organization"},"potentialAction":[{"@type":"SearchAction","target":{"@type":"EntryPoint","urlTemplate":"https:\/\/fuentesfidedignas.com.mx\/?s={search_term_string}"},"query-input":{"@type":"PropertyValueSpecification","valueRequired":true,"valueName":"search_term_string"}}],"inLanguage":"es"},{"@type":"Organization","@id":"https:\/\/fuentesfidedignas.com.mx\/#organization","name":"Fuentes Fidedignas","url":"https:\/\/fuentesfidedignas.com.mx\/","logo":{"@type":"ImageObject","inLanguage":"es","@id":"https:\/\/fuentesfidedignas.com.mx\/#\/schema\/logo\/image\/","url":"https:\/\/fuentesfidedignas.com.mx\/wp-content\/uploads\/2021\/04\/logo-retina.png","contentUrl":"https:\/\/fuentesfidedignas.com.mx\/wp-content\/uploads\/2021\/04\/logo-retina.png","width":280,"height":51,"caption":"Fuentes Fidedignas"},"image":{"@id":"https:\/\/fuentesfidedignas.com.mx\/#\/schema\/logo\/image\/"},"sameAs":["https:\/\/www.facebook.com\/Fuentes-Fidedignas-368234489921644","https:\/\/x.com\/fidedignas"]},{"@type":"Person","@id":"https:\/\/fuentesfidedignas.com.mx\/#\/schema\/person\/2c10028b4a30078c05a056a215342ab9","name":"Marissa Palafox","image":{"@type":"ImageObject","inLanguage":"es","@id":"https:\/\/secure.gravatar.com\/avatar\/20a43bdb2f2db10f20b22d4e98b96eb027faf98f7f76d29854dc5fab46d1cf71?s=96&d=mm&r=g","url":"https:\/\/secure.gravatar.com\/avatar\/20a43bdb2f2db10f20b22d4e98b96eb027faf98f7f76d29854dc5fab46d1cf71?s=96&d=mm&r=g","contentUrl":"https:\/\/secure.gravatar.com\/avatar\/20a43bdb2f2db10f20b22d4e98b96eb027faf98f7f76d29854dc5fab46d1cf71?s=96&d=mm&r=g","caption":"Marissa Palafox"},"url":"https:\/\/fuentesfidedignas.com.mx\/index.php\/author\/marissa\/"}]}},"_links":{"self":[{"href":"https:\/\/fuentesfidedignas.com.mx\/index.php\/wp-json\/wp\/v2\/posts\/45563","targetHints":{"allow":["GET"]}}],"collection":[{"href":"https:\/\/fuentesfidedignas.com.mx\/index.php\/wp-json\/wp\/v2\/posts"}],"about":[{"href":"https:\/\/fuentesfidedignas.com.mx\/index.php\/wp-json\/wp\/v2\/types\/post"}],"author":[{"embeddable":true,"href":"https:\/\/fuentesfidedignas.com.mx\/index.php\/wp-json\/wp\/v2\/users\/11"}],"replies":[{"embeddable":true,"href":"https:\/\/fuentesfidedignas.com.mx\/index.php\/wp-json\/wp\/v2\/comments?post=45563"}],"version-history":[{"count":2,"href":"https:\/\/fuentesfidedignas.com.mx\/index.php\/wp-json\/wp\/v2\/posts\/45563\/revisions"}],"predecessor-version":[{"id":45566,"href":"https:\/\/fuentesfidedignas.com.mx\/index.php\/wp-json\/wp\/v2\/posts\/45563\/revisions\/45566"}],"wp:featuredmedia":[{"embeddable":true,"href":"https:\/\/fuentesfidedignas.com.mx\/index.php\/wp-json\/wp\/v2\/media\/45564"}],"wp:attachment":[{"href":"https:\/\/fuentesfidedignas.com.mx\/index.php\/wp-json\/wp\/v2\/media?parent=45563"}],"wp:term":[{"taxonomy":"category","embeddable":true,"href":"https:\/\/fuentesfidedignas.com.mx\/index.php\/wp-json\/wp\/v2\/categories?post=45563"},{"taxonomy":"post_tag","embeddable":true,"href":"https:\/\/fuentesfidedignas.com.mx\/index.php\/wp-json\/wp\/v2\/tags?post=45563"}],"curies":[{"name":"wp","href":"https:\/\/api.w.org\/{rel}","templated":true}]}}