{"id":45557,"date":"2023-04-25T14:06:00","date_gmt":"2023-04-25T20:06:00","guid":{"rendered":"https:\/\/fuentesfidedignas.com.mx\/?p=45557"},"modified":"2023-04-25T16:08:23","modified_gmt":"2023-04-25T22:08:23","slug":"niegan-20-amparos-para-suspension-definitiva-a-la-uas-faltan-definir-otros-78","status":"publish","type":"post","link":"https:\/\/fuentesfidedignas.com.mx\/index.php\/2023\/04\/25\/niegan-20-amparos-para-suspension-definitiva-a-la-uas-faltan-definir-otros-78\/","title":{"rendered":"Niegan 20 amparos para suspensi\u00f3n definitiva a la UAS; faltan definir otros 78"},"content":{"rendered":"\n<p><\/p>\n\n\n\n<p>Culiac\u00e1n, Sin.- Durante la \u00faltima semana se han negado 20 amparos de suspensiones definitivas a la Ley de Educaci\u00f3n Superior del Estado de Sinaloa, promovidos de manera individual por consejeros de la Universidad Aut\u00f3noma de Sinaloa (UAS), as\u00ed lo confirm\u00f3 el presidente de Junta de Coordinaci\u00f3n Pol\u00edtica del Congreso, Feliciano Castro Mel\u00e9ndrez. <\/p>\n\n\n\n<p>En ese sentido, el diputado detall\u00f3 que a\u00fan faltan al menos otras 78 resoluciones, a un total de 98 recursos legales interpuestos por parte de los universitarios.<\/p>\n\n\n\n<iframe loading=\"lazy\" src=\"https:\/\/www.facebook.com\/plugins\/video.php?height=314&#038;href=https%3A%2F%2Fwww.facebook.com%2F368234489921644%2Fvideos%2F894130735225947%2F&#038;show_text=false&#038;width=560&#038;t=0\" width=\"560\" height=\"314\" style=\"border:none;overflow:hidden\" scrolling=\"no\" frameborder=\"0\" allowfullscreen=\"true\" allow=\"autoplay; clipboard-write; encrypted-media; picture-in-picture; web-share\" allowFullScreen=\"true\"><\/iframe>\n\n\n\n<p>Por su parte, el Director de Asuntos Jur\u00eddicos del Congreso, Donato Vega, afirm\u00f3 que con estas resoluciones el Juzgado Primero da la raz\u00f3n al Poder Legislativo en el entendido de que no se est\u00e1 afectando a la UAS. Por lo que con estas 20 resoluciones negativas, el Poder Judicial ya podr\u00eda dar una resoluci\u00f3n de fondo que favorezca al Congreso sobre la constitucionalidad de la Ley de Educaci\u00f3n Superior. <\/p>\n\n\n\n<p>&#8220;<strong>Lleva su tiempo que emitan una sentencia con respecto a los 98 amparos en lo individual. Es decir, en cada uno recaer\u00e1 una sentencia, nada m\u00e1s que dentro de los amparos hay procesos internos<\/strong>\u201d, indic\u00f3 el abogado.<\/p>\n","protected":false},"excerpt":{"rendered":"<p>Culiac\u00e1n, Sin.- Durante la \u00faltima semana se han negado 20 amparos de suspensiones definitivas a la Ley de Educaci\u00f3n Superior del Estado de Sinaloa, promovidos de manera individual por consejeros de la Universidad Aut\u00f3noma de Sinaloa (UAS), as\u00ed lo confirm\u00f3 el presidente de Junta de Coordinaci\u00f3n Pol\u00edtica del Congreso, Feliciano Castro Mel\u00e9ndrez. En ese sentido, [&hellip;]<\/p>\n","protected":false},"author":11,"featured_media":45558,"comment_status":"open","ping_status":"open","sticky":false,"template":"","format":"standard","meta":{"tdm_status":"","tdm_grid_status":"","footnotes":""},"categories":[37],"tags":[],"class_list":{"0":"post-45557","1":"post","2":"type-post","3":"status-publish","4":"format-standard","5":"has-post-thumbnail","7":"category-nota-principal"},"yoast_head":"<!-- This site is optimized with the Yoast SEO plugin v27.5 - https:\/\/yoast.com\/product\/yoast-seo-wordpress\/ -->\n<title>Niegan 20 amparos para suspensi\u00f3n definitiva a la UAS; faltan definir otros 78 - Fuentes Fidedignas<\/title>\n<meta name=\"robots\" content=\"index, follow, max-snippet:-1, max-image-preview:large, max-video-preview:-1\" \/>\n<link rel=\"canonical\" href=\"https:\/\/fuentesfidedignas.com.mx\/index.php\/2023\/04\/25\/niegan-20-amparos-para-suspension-definitiva-a-la-uas-faltan-definir-otros-78\/\" \/>\n<meta property=\"og:locale\" content=\"es_MX\" \/>\n<meta property=\"og:type\" content=\"article\" \/>\n<meta property=\"og:title\" content=\"Niegan 20 amparos para suspensi\u00f3n definitiva a la UAS; faltan definir otros 78 - Fuentes Fidedignas\" \/>\n<meta property=\"og:description\" content=\"Culiac\u00e1n, Sin.- Durante la \u00faltima semana se han negado 20 amparos de suspensiones definitivas a la Ley de Educaci\u00f3n Superior del Estado de Sinaloa, promovidos de manera individual por consejeros de la Universidad Aut\u00f3noma de Sinaloa (UAS), as\u00ed lo confirm\u00f3 el presidente de Junta de Coordinaci\u00f3n Pol\u00edtica del Congreso, Feliciano Castro Mel\u00e9ndrez. En ese sentido, [&hellip;]\" \/>\n<meta property=\"og:url\" content=\"https:\/\/fuentesfidedignas.com.mx\/index.php\/2023\/04\/25\/niegan-20-amparos-para-suspension-definitiva-a-la-uas-faltan-definir-otros-78\/\" \/>\n<meta property=\"og:site_name\" content=\"Fuentes Fidedignas\" \/>\n<meta property=\"article:publisher\" content=\"https:\/\/www.facebook.com\/Fuentes-Fidedignas-368234489921644\" \/>\n<meta property=\"article:published_time\" content=\"2023-04-25T20:06:00+00:00\" \/>\n<meta property=\"article:modified_time\" content=\"2023-04-25T22:08:23+00:00\" \/>\n<meta property=\"og:image\" content=\"https:\/\/fuentesfidedignas.com.mx\/wp-content\/uploads\/2023\/04\/resoluciones-uas.jpg\" \/>\n\t<meta property=\"og:image:width\" content=\"1280\" \/>\n\t<meta property=\"og:image:height\" content=\"751\" \/>\n\t<meta property=\"og:image:type\" content=\"image\/jpeg\" \/>\n<meta name=\"author\" content=\"Marissa Palafox\" \/>\n<meta name=\"twitter:card\" content=\"summary_large_image\" \/>\n<meta name=\"twitter:creator\" content=\"@fidedignas\" \/>\n<meta name=\"twitter:site\" content=\"@fidedignas\" \/>\n<meta name=\"twitter:label1\" content=\"Escrito por\" \/>\n\t<meta name=\"twitter:data1\" content=\"Marissa Palafox\" \/>\n\t<meta name=\"twitter:label2\" content=\"Tiempo de lectura\" \/>\n\t<meta name=\"twitter:data2\" content=\"1 minuto\" \/>\n<script type=\"application\/ld+json\" class=\"yoast-schema-graph\">{\"@context\":\"https:\\\/\\\/schema.org\",\"@graph\":[{\"@type\":\"Article\",\"@id\":\"https:\\\/\\\/fuentesfidedignas.com.mx\\\/index.php\\\/2023\\\/04\\\/25\\\/niegan-20-amparos-para-suspension-definitiva-a-la-uas-faltan-definir-otros-78\\\/#article\",\"isPartOf\":{\"@id\":\"https:\\\/\\\/fuentesfidedignas.com.mx\\\/index.php\\\/2023\\\/04\\\/25\\\/niegan-20-amparos-para-suspension-definitiva-a-la-uas-faltan-definir-otros-78\\\/\"},\"author\":{\"name\":\"Marissa Palafox\",\"@id\":\"https:\\\/\\\/fuentesfidedignas.com.mx\\\/#\\\/schema\\\/person\\\/2c10028b4a30078c05a056a215342ab9\"},\"headline\":\"Niegan 20 amparos para suspensi\u00f3n definitiva a la UAS; faltan definir otros 78\",\"datePublished\":\"2023-04-25T20:06:00+00:00\",\"dateModified\":\"2023-04-25T22:08:23+00:00\",\"mainEntityOfPage\":{\"@id\":\"https:\\\/\\\/fuentesfidedignas.com.mx\\\/index.php\\\/2023\\\/04\\\/25\\\/niegan-20-amparos-para-suspension-definitiva-a-la-uas-faltan-definir-otros-78\\\/\"},\"wordCount\":206,\"commentCount\":0,\"publisher\":{\"@id\":\"https:\\\/\\\/fuentesfidedignas.com.mx\\\/#organization\"},\"image\":{\"@id\":\"https:\\\/\\\/fuentesfidedignas.com.mx\\\/index.php\\\/2023\\\/04\\\/25\\\/niegan-20-amparos-para-suspension-definitiva-a-la-uas-faltan-definir-otros-78\\\/#primaryimage\"},\"thumbnailUrl\":\"https:\\\/\\\/fuentesfidedignas.com.mx\\\/wp-content\\\/uploads\\\/2023\\\/04\\\/resoluciones-uas.jpg\",\"articleSection\":[\"NOTA PRINCIPAL\"],\"inLanguage\":\"es\",\"potentialAction\":[{\"@type\":\"CommentAction\",\"name\":\"Comment\",\"target\":[\"https:\\\/\\\/fuentesfidedignas.com.mx\\\/index.php\\\/2023\\\/04\\\/25\\\/niegan-20-amparos-para-suspension-definitiva-a-la-uas-faltan-definir-otros-78\\\/#respond\"]}]},{\"@type\":\"WebPage\",\"@id\":\"https:\\\/\\\/fuentesfidedignas.com.mx\\\/index.php\\\/2023\\\/04\\\/25\\\/niegan-20-amparos-para-suspension-definitiva-a-la-uas-faltan-definir-otros-78\\\/\",\"url\":\"https:\\\/\\\/fuentesfidedignas.com.mx\\\/index.php\\\/2023\\\/04\\\/25\\\/niegan-20-amparos-para-suspension-definitiva-a-la-uas-faltan-definir-otros-78\\\/\",\"name\":\"Niegan 20 amparos para suspensi\u00f3n definitiva a la UAS; faltan definir otros 78 - Fuentes Fidedignas\",\"isPartOf\":{\"@id\":\"https:\\\/\\\/fuentesfidedignas.com.mx\\\/#website\"},\"primaryImageOfPage\":{\"@id\":\"https:\\\/\\\/fuentesfidedignas.com.mx\\\/index.php\\\/2023\\\/04\\\/25\\\/niegan-20-amparos-para-suspension-definitiva-a-la-uas-faltan-definir-otros-78\\\/#primaryimage\"},\"image\":{\"@id\":\"https:\\\/\\\/fuentesfidedignas.com.mx\\\/index.php\\\/2023\\\/04\\\/25\\\/niegan-20-amparos-para-suspension-definitiva-a-la-uas-faltan-definir-otros-78\\\/#primaryimage\"},\"thumbnailUrl\":\"https:\\\/\\\/fuentesfidedignas.com.mx\\\/wp-content\\\/uploads\\\/2023\\\/04\\\/resoluciones-uas.jpg\",\"datePublished\":\"2023-04-25T20:06:00+00:00\",\"dateModified\":\"2023-04-25T22:08:23+00:00\",\"breadcrumb\":{\"@id\":\"https:\\\/\\\/fuentesfidedignas.com.mx\\\/index.php\\\/2023\\\/04\\\/25\\\/niegan-20-amparos-para-suspension-definitiva-a-la-uas-faltan-definir-otros-78\\\/#breadcrumb\"},\"inLanguage\":\"es\",\"potentialAction\":[{\"@type\":\"ReadAction\",\"target\":[\"https:\\\/\\\/fuentesfidedignas.com.mx\\\/index.php\\\/2023\\\/04\\\/25\\\/niegan-20-amparos-para-suspension-definitiva-a-la-uas-faltan-definir-otros-78\\\/\"]}]},{\"@type\":\"ImageObject\",\"inLanguage\":\"es\",\"@id\":\"https:\\\/\\\/fuentesfidedignas.com.mx\\\/index.php\\\/2023\\\/04\\\/25\\\/niegan-20-amparos-para-suspension-definitiva-a-la-uas-faltan-definir-otros-78\\\/#primaryimage\",\"url\":\"https:\\\/\\\/fuentesfidedignas.com.mx\\\/wp-content\\\/uploads\\\/2023\\\/04\\\/resoluciones-uas.jpg\",\"contentUrl\":\"https:\\\/\\\/fuentesfidedignas.com.mx\\\/wp-content\\\/uploads\\\/2023\\\/04\\\/resoluciones-uas.jpg\",\"width\":1280,\"height\":751},{\"@type\":\"BreadcrumbList\",\"@id\":\"https:\\\/\\\/fuentesfidedignas.com.mx\\\/index.php\\\/2023\\\/04\\\/25\\\/niegan-20-amparos-para-suspension-definitiva-a-la-uas-faltan-definir-otros-78\\\/#breadcrumb\",\"itemListElement\":[{\"@type\":\"ListItem\",\"position\":1,\"name\":\"Inicio\",\"item\":\"https:\\\/\\\/fuentesfidedignas.com.mx\\\/\"},{\"@type\":\"ListItem\",\"position\":2,\"name\":\"Niegan 20 amparos para suspensi\u00f3n definitiva a la UAS; faltan definir otros 78\"}]},{\"@type\":\"WebSite\",\"@id\":\"https:\\\/\\\/fuentesfidedignas.com.mx\\\/#website\",\"url\":\"https:\\\/\\\/fuentesfidedignas.com.mx\\\/\",\"name\":\"Fuentes Fidedignas\",\"description\":\"Otro sitio realizado con WordPress\",\"publisher\":{\"@id\":\"https:\\\/\\\/fuentesfidedignas.com.mx\\\/#organization\"},\"potentialAction\":[{\"@type\":\"SearchAction\",\"target\":{\"@type\":\"EntryPoint\",\"urlTemplate\":\"https:\\\/\\\/fuentesfidedignas.com.mx\\\/?s={search_term_string}\"},\"query-input\":{\"@type\":\"PropertyValueSpecification\",\"valueRequired\":true,\"valueName\":\"search_term_string\"}}],\"inLanguage\":\"es\"},{\"@type\":\"Organization\",\"@id\":\"https:\\\/\\\/fuentesfidedignas.com.mx\\\/#organization\",\"name\":\"Fuentes Fidedignas\",\"url\":\"https:\\\/\\\/fuentesfidedignas.com.mx\\\/\",\"logo\":{\"@type\":\"ImageObject\",\"inLanguage\":\"es\",\"@id\":\"https:\\\/\\\/fuentesfidedignas.com.mx\\\/#\\\/schema\\\/logo\\\/image\\\/\",\"url\":\"https:\\\/\\\/fuentesfidedignas.com.mx\\\/wp-content\\\/uploads\\\/2021\\\/04\\\/logo-retina.png\",\"contentUrl\":\"https:\\\/\\\/fuentesfidedignas.com.mx\\\/wp-content\\\/uploads\\\/2021\\\/04\\\/logo-retina.png\",\"width\":280,\"height\":51,\"caption\":\"Fuentes Fidedignas\"},\"image\":{\"@id\":\"https:\\\/\\\/fuentesfidedignas.com.mx\\\/#\\\/schema\\\/logo\\\/image\\\/\"},\"sameAs\":[\"https:\\\/\\\/www.facebook.com\\\/Fuentes-Fidedignas-368234489921644\",\"https:\\\/\\\/x.com\\\/fidedignas\"]},{\"@type\":\"Person\",\"@id\":\"https:\\\/\\\/fuentesfidedignas.com.mx\\\/#\\\/schema\\\/person\\\/2c10028b4a30078c05a056a215342ab9\",\"name\":\"Marissa Palafox\",\"image\":{\"@type\":\"ImageObject\",\"inLanguage\":\"es\",\"@id\":\"https:\\\/\\\/secure.gravatar.com\\\/avatar\\\/20a43bdb2f2db10f20b22d4e98b96eb027faf98f7f76d29854dc5fab46d1cf71?s=96&d=mm&r=g\",\"url\":\"https:\\\/\\\/secure.gravatar.com\\\/avatar\\\/20a43bdb2f2db10f20b22d4e98b96eb027faf98f7f76d29854dc5fab46d1cf71?s=96&d=mm&r=g\",\"contentUrl\":\"https:\\\/\\\/secure.gravatar.com\\\/avatar\\\/20a43bdb2f2db10f20b22d4e98b96eb027faf98f7f76d29854dc5fab46d1cf71?s=96&d=mm&r=g\",\"caption\":\"Marissa Palafox\"},\"url\":\"https:\\\/\\\/fuentesfidedignas.com.mx\\\/index.php\\\/author\\\/marissa\\\/\"}]}<\/script>\n<!-- \/ Yoast SEO plugin. -->","yoast_head_json":{"title":"Niegan 20 amparos para suspensi\u00f3n definitiva a la UAS; faltan definir otros 78 - Fuentes Fidedignas","robots":{"index":"index","follow":"follow","max-snippet":"max-snippet:-1","max-image-preview":"max-image-preview:large","max-video-preview":"max-video-preview:-1"},"canonical":"https:\/\/fuentesfidedignas.com.mx\/index.php\/2023\/04\/25\/niegan-20-amparos-para-suspension-definitiva-a-la-uas-faltan-definir-otros-78\/","og_locale":"es_MX","og_type":"article","og_title":"Niegan 20 amparos para suspensi\u00f3n definitiva a la UAS; faltan definir otros 78 - Fuentes Fidedignas","og_description":"Culiac\u00e1n, Sin.- Durante la \u00faltima semana se han negado 20 amparos de suspensiones definitivas a la Ley de Educaci\u00f3n Superior del Estado de Sinaloa, promovidos de manera individual por consejeros de la Universidad Aut\u00f3noma de Sinaloa (UAS), as\u00ed lo confirm\u00f3 el presidente de Junta de Coordinaci\u00f3n Pol\u00edtica del Congreso, Feliciano Castro Mel\u00e9ndrez. En ese sentido, [&hellip;]","og_url":"https:\/\/fuentesfidedignas.com.mx\/index.php\/2023\/04\/25\/niegan-20-amparos-para-suspension-definitiva-a-la-uas-faltan-definir-otros-78\/","og_site_name":"Fuentes Fidedignas","article_publisher":"https:\/\/www.facebook.com\/Fuentes-Fidedignas-368234489921644","article_published_time":"2023-04-25T20:06:00+00:00","article_modified_time":"2023-04-25T22:08:23+00:00","og_image":[{"width":1280,"height":751,"url":"https:\/\/fuentesfidedignas.com.mx\/wp-content\/uploads\/2023\/04\/resoluciones-uas.jpg","type":"image\/jpeg"}],"author":"Marissa Palafox","twitter_card":"summary_large_image","twitter_creator":"@fidedignas","twitter_site":"@fidedignas","twitter_misc":{"Escrito por":"Marissa Palafox","Tiempo de lectura":"1 minuto"},"schema":{"@context":"https:\/\/schema.org","@graph":[{"@type":"Article","@id":"https:\/\/fuentesfidedignas.com.mx\/index.php\/2023\/04\/25\/niegan-20-amparos-para-suspension-definitiva-a-la-uas-faltan-definir-otros-78\/#article","isPartOf":{"@id":"https:\/\/fuentesfidedignas.com.mx\/index.php\/2023\/04\/25\/niegan-20-amparos-para-suspension-definitiva-a-la-uas-faltan-definir-otros-78\/"},"author":{"name":"Marissa Palafox","@id":"https:\/\/fuentesfidedignas.com.mx\/#\/schema\/person\/2c10028b4a30078c05a056a215342ab9"},"headline":"Niegan 20 amparos para suspensi\u00f3n definitiva a la UAS; faltan definir otros 78","datePublished":"2023-04-25T20:06:00+00:00","dateModified":"2023-04-25T22:08:23+00:00","mainEntityOfPage":{"@id":"https:\/\/fuentesfidedignas.com.mx\/index.php\/2023\/04\/25\/niegan-20-amparos-para-suspension-definitiva-a-la-uas-faltan-definir-otros-78\/"},"wordCount":206,"commentCount":0,"publisher":{"@id":"https:\/\/fuentesfidedignas.com.mx\/#organization"},"image":{"@id":"https:\/\/fuentesfidedignas.com.mx\/index.php\/2023\/04\/25\/niegan-20-amparos-para-suspension-definitiva-a-la-uas-faltan-definir-otros-78\/#primaryimage"},"thumbnailUrl":"https:\/\/fuentesfidedignas.com.mx\/wp-content\/uploads\/2023\/04\/resoluciones-uas.jpg","articleSection":["NOTA PRINCIPAL"],"inLanguage":"es","potentialAction":[{"@type":"CommentAction","name":"Comment","target":["https:\/\/fuentesfidedignas.com.mx\/index.php\/2023\/04\/25\/niegan-20-amparos-para-suspension-definitiva-a-la-uas-faltan-definir-otros-78\/#respond"]}]},{"@type":"WebPage","@id":"https:\/\/fuentesfidedignas.com.mx\/index.php\/2023\/04\/25\/niegan-20-amparos-para-suspension-definitiva-a-la-uas-faltan-definir-otros-78\/","url":"https:\/\/fuentesfidedignas.com.mx\/index.php\/2023\/04\/25\/niegan-20-amparos-para-suspension-definitiva-a-la-uas-faltan-definir-otros-78\/","name":"Niegan 20 amparos para suspensi\u00f3n definitiva a la UAS; faltan definir otros 78 - Fuentes Fidedignas","isPartOf":{"@id":"https:\/\/fuentesfidedignas.com.mx\/#website"},"primaryImageOfPage":{"@id":"https:\/\/fuentesfidedignas.com.mx\/index.php\/2023\/04\/25\/niegan-20-amparos-para-suspension-definitiva-a-la-uas-faltan-definir-otros-78\/#primaryimage"},"image":{"@id":"https:\/\/fuentesfidedignas.com.mx\/index.php\/2023\/04\/25\/niegan-20-amparos-para-suspension-definitiva-a-la-uas-faltan-definir-otros-78\/#primaryimage"},"thumbnailUrl":"https:\/\/fuentesfidedignas.com.mx\/wp-content\/uploads\/2023\/04\/resoluciones-uas.jpg","datePublished":"2023-04-25T20:06:00+00:00","dateModified":"2023-04-25T22:08:23+00:00","breadcrumb":{"@id":"https:\/\/fuentesfidedignas.com.mx\/index.php\/2023\/04\/25\/niegan-20-amparos-para-suspension-definitiva-a-la-uas-faltan-definir-otros-78\/#breadcrumb"},"inLanguage":"es","potentialAction":[{"@type":"ReadAction","target":["https:\/\/fuentesfidedignas.com.mx\/index.php\/2023\/04\/25\/niegan-20-amparos-para-suspension-definitiva-a-la-uas-faltan-definir-otros-78\/"]}]},{"@type":"ImageObject","inLanguage":"es","@id":"https:\/\/fuentesfidedignas.com.mx\/index.php\/2023\/04\/25\/niegan-20-amparos-para-suspension-definitiva-a-la-uas-faltan-definir-otros-78\/#primaryimage","url":"https:\/\/fuentesfidedignas.com.mx\/wp-content\/uploads\/2023\/04\/resoluciones-uas.jpg","contentUrl":"https:\/\/fuentesfidedignas.com.mx\/wp-content\/uploads\/2023\/04\/resoluciones-uas.jpg","width":1280,"height":751},{"@type":"BreadcrumbList","@id":"https:\/\/fuentesfidedignas.com.mx\/index.php\/2023\/04\/25\/niegan-20-amparos-para-suspension-definitiva-a-la-uas-faltan-definir-otros-78\/#breadcrumb","itemListElement":[{"@type":"ListItem","position":1,"name":"Inicio","item":"https:\/\/fuentesfidedignas.com.mx\/"},{"@type":"ListItem","position":2,"name":"Niegan 20 amparos para suspensi\u00f3n definitiva a la UAS; faltan definir otros 78"}]},{"@type":"WebSite","@id":"https:\/\/fuentesfidedignas.com.mx\/#website","url":"https:\/\/fuentesfidedignas.com.mx\/","name":"Fuentes Fidedignas","description":"Otro sitio realizado con WordPress","publisher":{"@id":"https:\/\/fuentesfidedignas.com.mx\/#organization"},"potentialAction":[{"@type":"SearchAction","target":{"@type":"EntryPoint","urlTemplate":"https:\/\/fuentesfidedignas.com.mx\/?s={search_term_string}"},"query-input":{"@type":"PropertyValueSpecification","valueRequired":true,"valueName":"search_term_string"}}],"inLanguage":"es"},{"@type":"Organization","@id":"https:\/\/fuentesfidedignas.com.mx\/#organization","name":"Fuentes Fidedignas","url":"https:\/\/fuentesfidedignas.com.mx\/","logo":{"@type":"ImageObject","inLanguage":"es","@id":"https:\/\/fuentesfidedignas.com.mx\/#\/schema\/logo\/image\/","url":"https:\/\/fuentesfidedignas.com.mx\/wp-content\/uploads\/2021\/04\/logo-retina.png","contentUrl":"https:\/\/fuentesfidedignas.com.mx\/wp-content\/uploads\/2021\/04\/logo-retina.png","width":280,"height":51,"caption":"Fuentes Fidedignas"},"image":{"@id":"https:\/\/fuentesfidedignas.com.mx\/#\/schema\/logo\/image\/"},"sameAs":["https:\/\/www.facebook.com\/Fuentes-Fidedignas-368234489921644","https:\/\/x.com\/fidedignas"]},{"@type":"Person","@id":"https:\/\/fuentesfidedignas.com.mx\/#\/schema\/person\/2c10028b4a30078c05a056a215342ab9","name":"Marissa Palafox","image":{"@type":"ImageObject","inLanguage":"es","@id":"https:\/\/secure.gravatar.com\/avatar\/20a43bdb2f2db10f20b22d4e98b96eb027faf98f7f76d29854dc5fab46d1cf71?s=96&d=mm&r=g","url":"https:\/\/secure.gravatar.com\/avatar\/20a43bdb2f2db10f20b22d4e98b96eb027faf98f7f76d29854dc5fab46d1cf71?s=96&d=mm&r=g","contentUrl":"https:\/\/secure.gravatar.com\/avatar\/20a43bdb2f2db10f20b22d4e98b96eb027faf98f7f76d29854dc5fab46d1cf71?s=96&d=mm&r=g","caption":"Marissa Palafox"},"url":"https:\/\/fuentesfidedignas.com.mx\/index.php\/author\/marissa\/"}]}},"_links":{"self":[{"href":"https:\/\/fuentesfidedignas.com.mx\/index.php\/wp-json\/wp\/v2\/posts\/45557","targetHints":{"allow":["GET"]}}],"collection":[{"href":"https:\/\/fuentesfidedignas.com.mx\/index.php\/wp-json\/wp\/v2\/posts"}],"about":[{"href":"https:\/\/fuentesfidedignas.com.mx\/index.php\/wp-json\/wp\/v2\/types\/post"}],"author":[{"embeddable":true,"href":"https:\/\/fuentesfidedignas.com.mx\/index.php\/wp-json\/wp\/v2\/users\/11"}],"replies":[{"embeddable":true,"href":"https:\/\/fuentesfidedignas.com.mx\/index.php\/wp-json\/wp\/v2\/comments?post=45557"}],"version-history":[{"count":3,"href":"https:\/\/fuentesfidedignas.com.mx\/index.php\/wp-json\/wp\/v2\/posts\/45557\/revisions"}],"predecessor-version":[{"id":45562,"href":"https:\/\/fuentesfidedignas.com.mx\/index.php\/wp-json\/wp\/v2\/posts\/45557\/revisions\/45562"}],"wp:featuredmedia":[{"embeddable":true,"href":"https:\/\/fuentesfidedignas.com.mx\/index.php\/wp-json\/wp\/v2\/media\/45558"}],"wp:attachment":[{"href":"https:\/\/fuentesfidedignas.com.mx\/index.php\/wp-json\/wp\/v2\/media?parent=45557"}],"wp:term":[{"taxonomy":"category","embeddable":true,"href":"https:\/\/fuentesfidedignas.com.mx\/index.php\/wp-json\/wp\/v2\/categories?post=45557"},{"taxonomy":"post_tag","embeddable":true,"href":"https:\/\/fuentesfidedignas.com.mx\/index.php\/wp-json\/wp\/v2\/tags?post=45557"}],"curies":[{"name":"wp","href":"https:\/\/api.w.org\/{rel}","templated":true}]}}