{"id":45454,"date":"2023-04-24T12:17:49","date_gmt":"2023-04-24T18:17:49","guid":{"rendered":"https:\/\/fuentesfidedignas.com.mx\/?p=45454"},"modified":"2023-04-24T12:17:50","modified_gmt":"2023-04-24T18:17:50","slug":"rescatan-a-los-primeros-mexicanos-por-conflicto-en-sudan","status":"publish","type":"post","link":"https:\/\/fuentesfidedignas.com.mx\/index.php\/2023\/04\/24\/rescatan-a-los-primeros-mexicanos-por-conflicto-en-sudan\/","title":{"rendered":"Rescatan a los primeros mexicanos por conflicto en Sud\u00e1n"},"content":{"rendered":"\n<p><strong><em>La Secretar\u00eda de Relaciones Exteriores dijo tener contacto con nueve connacionales que deseaban salir del pa\u00eds ante el conflicto armado<\/em><\/strong><\/p>\n\n\n\n<p>Espa\u00f1a.- En medio del conflicto b\u00e9lico que hay en<strong>\u00a0Sud\u00e1n\u00a0<\/strong>a causa del enfrentamiento del Ej\u00e9rcito con el grupo paramilitar \u201cFuerzas de Apoyo R\u00e1pido\u201d (RSF), el titular de la\u00a0<strong>Secretar\u00eda de Relaciones Exteriores<\/strong>\u00a0(SRE) \u2014<strong>Marcelo Ebrard<\/strong>\u00a0Casaub\u00f3n\u2014 confirm\u00f3 que las autoridades mexicanas ya trabajan para rescatar a los mexicanos varados en Sud\u00e1n.<\/p>\n\n\n\n<p>Hasta el momento, cinco de los nueve connacionales atrapados en el pa\u00eds africano ya fueron evacuados luego de que el l\u00edder del Ej\u00e9rcito de Sud\u00e1n anunci\u00f3 que se har\u00eda una breve \u201ctregua\u201d para que naciones como Estados Unidos, Gran Breta\u00f1a, Francia, entre otras m\u00e1s realicen la evacuaci\u00f3n de sus ciudadanos, a partir del 22 de abril.<\/p>\n\n\n\n<p>Luego de que Karol Ar\u00e1mbula, quien se desempe\u00f1a en la Misi\u00f3n de Integraci\u00f3n de Naciones Unidas para la Asistencia de Sud\u00e1n (UNITAMS, por sus siglas en ingl\u00e9s) de M\u00e9xico pidi\u00f3 ayuda a trav\u00e9s de Twitter al secretario de Relaciones Exteriores para evacuar Sud\u00e1n, junto con los otros connacionales varados en el pa\u00eds africano, Marcelo Ebrard atendi\u00f3 la solicitud y se puso en contacto con su hom\u00f3logo espa\u00f1ol, Jos\u00e9 Manuel Albares Bueno.<\/p>\n\n\n\n<p>A trav\u00e9s de redes sociales, el canciller confirm\u00f3 que cinco mexicanos ya tomaron un vuelo para salir del pa\u00eds en conflicto; el rescate se dio gracias al apoyo de Espa\u00f1a y su departamento de Asuntos Exteriores y de Cooperaci\u00f3n del Gobierno de Espa\u00f1a.<\/p>\n\n\n\n<p>Los cinco mexicanos rescatados tomaron un vuelo para salir de Sud\u00e1n la tarde de este domingo 23 de abril y as\u00ed ser repatriados a M\u00e9xico. De acuerdo con el pol\u00edtico mexicano,<strong>&nbsp;el vuelo fue organizado por Espa\u00f1a<\/strong>&nbsp;para rescatar a sus ciudadanos, adem\u00e1s de que otros dos familiares salieron del pa\u00eds africano.<\/p>\n\n\n\n<p>Por otra parte, una mexicana m\u00e1s saldr\u00e1 del pa\u00eds africano el lunes 24 de abril con la ayuda de la ONU, seg\u00fan precis\u00f3 el canciller.<\/p>\n\n\n\n<p><img decoding=\"async\" alt=\"Marcelo Ebrard confirm\u00f3 el rescate de 5 mexicanos de Sud\u00e1n (Twitter\/ @m_ebrard)\" height=\"357\" width=\"663\" class=\"\" src=\"https:\/\/cloudfront-us-east-1.images.arcpublishing.com\/infobae\/5Q4CQKERJ5FR3FJ7IHJMHIMD2A.jpg\" srcset=\"https:\/\/www.infobae.com\/new-resizer\/Op4S3HFN530Ytyz6jNZGqdauFzc=\/420x236\/filters:format(webp):quality(85)\/cloudfront-us-east-1.images.arcpublishing.com\/infobae\/5Q4CQKERJ5FR3FJ7IHJMHIMD2A.jpg 420w,https:\/\/www.infobae.com\/new-resizer\/YarVdFwpWVKGpk8XFgq4Rsh72ns=\/768x432\/filters:format(webp):quality(85)\/cloudfront-us-east-1.images.arcpublishing.com\/infobae\/5Q4CQKERJ5FR3FJ7IHJMHIMD2A.jpg 768w,https:\/\/www.infobae.com\/new-resizer\/rgFCkpPqFQXIEYxiGdl4wcYIKpc=\/992x558\/filters:format(webp):quality(85)\/cloudfront-us-east-1.images.arcpublishing.com\/infobae\/5Q4CQKERJ5FR3FJ7IHJMHIMD2A.jpg 992w,https:\/\/www.infobae.com\/new-resizer\/-nr3I7ppCnUCVwdi_tzQ5DYkwXg=\/1200x675\/filters:format(webp):quality(85)\/cloudfront-us-east-1.images.arcpublishing.com\/infobae\/5Q4CQKERJ5FR3FJ7IHJMHIMD2A.jpg 1200w,https:\/\/www.infobae.com\/new-resizer\/tm2LQqiDZYhVe6Ox-jqTaNnGwPc=\/1440x810\/filters:format(webp):quality(85)\/cloudfront-us-east-1.images.arcpublishing.com\/infobae\/5Q4CQKERJ5FR3FJ7IHJMHIMD2A.jpg 1440w\">Marcelo Ebrard confirm\u00f3 el rescate de 5 mexicanos de Sud\u00e1n (Twitter\/ @m_ebrard)<\/p>\n\n\n\n<p>Hasta el momento se desconoce qu\u00e9 d\u00eda arribar\u00e1n los mexicanos provenientes de Sud\u00e1n, ya que el titular de la SRE se limit\u00f3 a decir que ya fue atendida la petici\u00f3n de los mexicanos que estaban atrapados en Sud\u00e1n por el bloqueo del aeropuerto y las rutas terrestres.<\/p>\n\n\n\n<p>As\u00ed lo dio a conocer Marcelo Ebrard en su cuenta oficial de Twitter:<\/p>\n\n\n\n<p>\u201c<em>Les informo que 5 mexicanos y dos familiares han abordado sanos y salvos el vuelo organizado por Espa\u00f1a para evacuar sus connacionales de Sud\u00e1n. Nuestra gratitud al Canciller<strong>\u00a0Jos\u00e9 Manuel Albares Bueno<\/strong>\u00a0por su apoyo. Otra mexicana ser\u00e1 evacuada el d\u00eda de ma\u00f1ana con apoyo de la ONU<\/em>\u201d.<\/p>\n\n\n\n<p>Fue a trav\u00e9s de un bolet\u00edn de prensa que la Secretar\u00eda de Relaciones Exteriores confirm\u00f3 que eran nueve las personas atrapadas en el conflicto b\u00e9lico, entre ellas estar\u00edan algunos menores de edad. Sin embargo, la dependencia no revel\u00f3 la identidad de los mexicanos que radicaban en Sud\u00e1n cuando estall\u00f3 la guerra entre el Ej\u00e9rcito y el RSF.<\/p>\n\n\n\n<p><img decoding=\"async\" alt=\"Se dio una tregua de 72 horas para que las personas pudieran evacuar Sud\u00e1n en medio del conflicto b\u00e9lico (Reuters\/ via REUTERS)\" height=\"942\" width=\"1676\" class=\"\" src=\"https:\/\/cloudfront-us-east-1.images.arcpublishing.com\/infobae\/N4CUNW3HSWH2DEKXWJAZLL3ZDM.jpg\" srcset=\"https:\/\/www.infobae.com\/new-resizer\/BC8o0oqW0TABpxSpKCJMdpvOhdo=\/420x236\/filters:format(webp):quality(85)\/cloudfront-us-east-1.images.arcpublishing.com\/infobae\/N4CUNW3HSWH2DEKXWJAZLL3ZDM.jpg 420w,https:\/\/www.infobae.com\/new-resizer\/QEdloR_uN8Aw0nLCNqGw42NUuAI=\/768x432\/filters:format(webp):quality(85)\/cloudfront-us-east-1.images.arcpublishing.com\/infobae\/N4CUNW3HSWH2DEKXWJAZLL3ZDM.jpg 768w,https:\/\/www.infobae.com\/new-resizer\/_j2rj_JWH_wBPJujwMFO0oOdN9o=\/992x558\/filters:format(webp):quality(85)\/cloudfront-us-east-1.images.arcpublishing.com\/infobae\/N4CUNW3HSWH2DEKXWJAZLL3ZDM.jpg 992w,https:\/\/www.infobae.com\/new-resizer\/h4BVV0efQPx4X-cLc7spGMq0Ij4=\/1200x675\/filters:format(webp):quality(85)\/cloudfront-us-east-1.images.arcpublishing.com\/infobae\/N4CUNW3HSWH2DEKXWJAZLL3ZDM.jpg 1200w,https:\/\/www.infobae.com\/new-resizer\/4j5KWcydmSoi6h-MNeL8pVrUj-o=\/1440x810\/filters:format(webp):quality(85)\/cloudfront-us-east-1.images.arcpublishing.com\/infobae\/N4CUNW3HSWH2DEKXWJAZLL3ZDM.jpg 1440w\">Se dio una tregua de 72 horas para que las personas pudieran evacuar Sud\u00e1n en medio del conflicto b\u00e9lico (Reuters\/ via REUTERS)<\/p>\n\n\n\n<p>Asegur\u00f3 que gracias a una comunicaci\u00f3n constante con la Embajada de Egipto se pudo conocer la situaci\u00f3n en la que se encuentran los mexicanos atrapados en la zona de conflicto.<\/p>\n\n\n\n<p>\u201cLa Secretar\u00eda de Relaciones Exteriores, por medio de su Embajada en Egipto \u2014concurrente ante Sud\u00e1n\u2014, ha estado en contacto permanente con las nueve personas mexicanas que se tiene conocimiento se encuentran en Sud\u00e1n\u201d, detall\u00f3 la secretar\u00eda.<\/p>\n\n\n\n<p>Luego de que hace unos d\u00edas estall\u00f3 el conflicto entre las fuerzas armadas sudanesas \u2014lideradas por Abdel Fattah al-Burhan\u2014 y un grupo de paramilitares de la RSF comandadas por Mohamed Hamdan Dafalo \u2014conocido como Hemedti\u2014 para pelearse el poder del pa\u00eds tras derrocar la dictadura de Omar al-Bashir, la cual acab\u00f3 en 2019 y dur\u00f3 30 a\u00f1os en el poder, se dio una tregua de 72 horas para que los pa\u00edses pudieran evacuar a sus nacionales.<\/p>\n","protected":false},"excerpt":{"rendered":"<p>La Secretar\u00eda de Relaciones Exteriores dijo tener contacto con nueve connacionales que deseaban salir del pa\u00eds ante el conflicto armado Espa\u00f1a.- En medio del conflicto b\u00e9lico que hay en\u00a0Sud\u00e1n\u00a0a causa del enfrentamiento del Ej\u00e9rcito con el grupo paramilitar \u201cFuerzas de Apoyo R\u00e1pido\u201d (RSF), el titular de la\u00a0Secretar\u00eda de Relaciones Exteriores\u00a0(SRE) \u2014Marcelo Ebrard\u00a0Casaub\u00f3n\u2014 confirm\u00f3 que las [&hellip;]<\/p>\n","protected":false},"author":41,"featured_media":45455,"comment_status":"open","ping_status":"open","sticky":false,"template":"","format":"standard","meta":{"tdm_status":"","tdm_grid_status":"","footnotes":""},"categories":[39],"tags":[],"class_list":{"0":"post-45454","1":"post","2":"type-post","3":"status-publish","4":"format-standard","5":"has-post-thumbnail","7":"category-noticias-nacionales"},"yoast_head":"<!-- This site is optimized with the Yoast SEO plugin v27.5 - https:\/\/yoast.com\/product\/yoast-seo-wordpress\/ -->\n<title>Rescatan a los primeros mexicanos por conflicto en Sud\u00e1n - Fuentes Fidedignas<\/title>\n<meta name=\"robots\" content=\"index, follow, max-snippet:-1, max-image-preview:large, max-video-preview:-1\" \/>\n<link rel=\"canonical\" href=\"https:\/\/fuentesfidedignas.com.mx\/index.php\/2023\/04\/24\/rescatan-a-los-primeros-mexicanos-por-conflicto-en-sudan\/\" \/>\n<meta property=\"og:locale\" content=\"es_MX\" \/>\n<meta property=\"og:type\" content=\"article\" \/>\n<meta property=\"og:title\" content=\"Rescatan a los primeros mexicanos por conflicto en Sud\u00e1n - Fuentes Fidedignas\" \/>\n<meta property=\"og:description\" content=\"La Secretar\u00eda de Relaciones Exteriores dijo tener contacto con nueve connacionales que deseaban salir del pa\u00eds ante el conflicto armado Espa\u00f1a.- En medio del conflicto b\u00e9lico que hay en\u00a0Sud\u00e1n\u00a0a causa del enfrentamiento del Ej\u00e9rcito con el grupo paramilitar \u201cFuerzas de Apoyo R\u00e1pido\u201d (RSF), el titular de la\u00a0Secretar\u00eda de Relaciones Exteriores\u00a0(SRE) \u2014Marcelo Ebrard\u00a0Casaub\u00f3n\u2014 confirm\u00f3 que las [&hellip;]\" \/>\n<meta property=\"og:url\" content=\"https:\/\/fuentesfidedignas.com.mx\/index.php\/2023\/04\/24\/rescatan-a-los-primeros-mexicanos-por-conflicto-en-sudan\/\" \/>\n<meta property=\"og:site_name\" content=\"Fuentes Fidedignas\" \/>\n<meta property=\"article:publisher\" content=\"https:\/\/www.facebook.com\/Fuentes-Fidedignas-368234489921644\" \/>\n<meta property=\"article:published_time\" content=\"2023-04-24T18:17:49+00:00\" \/>\n<meta property=\"article:modified_time\" content=\"2023-04-24T18:17:50+00:00\" \/>\n<meta property=\"og:image\" content=\"https:\/\/fuentesfidedignas.com.mx\/wp-content\/uploads\/2023\/04\/mexicanos.jpg\" \/>\n\t<meta property=\"og:image:width\" content=\"640\" \/>\n\t<meta property=\"og:image:height\" content=\"360\" \/>\n\t<meta property=\"og:image:type\" content=\"image\/jpeg\" \/>\n<meta name=\"author\" content=\"Infobae\" \/>\n<meta name=\"twitter:card\" content=\"summary_large_image\" \/>\n<meta name=\"twitter:creator\" content=\"@fidedignas\" \/>\n<meta name=\"twitter:site\" content=\"@fidedignas\" \/>\n<meta name=\"twitter:label1\" content=\"Escrito por\" \/>\n\t<meta name=\"twitter:data1\" content=\"Infobae\" \/>\n\t<meta name=\"twitter:label2\" content=\"Tiempo de lectura\" \/>\n\t<meta name=\"twitter:data2\" content=\"4 minutos\" \/>\n<script type=\"application\/ld+json\" class=\"yoast-schema-graph\">{\"@context\":\"https:\\\/\\\/schema.org\",\"@graph\":[{\"@type\":\"Article\",\"@id\":\"https:\\\/\\\/fuentesfidedignas.com.mx\\\/index.php\\\/2023\\\/04\\\/24\\\/rescatan-a-los-primeros-mexicanos-por-conflicto-en-sudan\\\/#article\",\"isPartOf\":{\"@id\":\"https:\\\/\\\/fuentesfidedignas.com.mx\\\/index.php\\\/2023\\\/04\\\/24\\\/rescatan-a-los-primeros-mexicanos-por-conflicto-en-sudan\\\/\"},\"author\":{\"name\":\"Infobae\",\"@id\":\"https:\\\/\\\/fuentesfidedignas.com.mx\\\/#\\\/schema\\\/person\\\/8575896a7c1067d352f6c1cd6582c389\"},\"headline\":\"Rescatan a los primeros mexicanos por conflicto en Sud\u00e1n\",\"datePublished\":\"2023-04-24T18:17:49+00:00\",\"dateModified\":\"2023-04-24T18:17:50+00:00\",\"mainEntityOfPage\":{\"@id\":\"https:\\\/\\\/fuentesfidedignas.com.mx\\\/index.php\\\/2023\\\/04\\\/24\\\/rescatan-a-los-primeros-mexicanos-por-conflicto-en-sudan\\\/\"},\"wordCount\":738,\"commentCount\":0,\"publisher\":{\"@id\":\"https:\\\/\\\/fuentesfidedignas.com.mx\\\/#organization\"},\"image\":{\"@id\":\"https:\\\/\\\/fuentesfidedignas.com.mx\\\/index.php\\\/2023\\\/04\\\/24\\\/rescatan-a-los-primeros-mexicanos-por-conflicto-en-sudan\\\/#primaryimage\"},\"thumbnailUrl\":\"https:\\\/\\\/fuentesfidedignas.com.mx\\\/wp-content\\\/uploads\\\/2023\\\/04\\\/mexicanos.jpg\",\"articleSection\":[\"NOTICIAS NACIONALES\"],\"inLanguage\":\"es\",\"potentialAction\":[{\"@type\":\"CommentAction\",\"name\":\"Comment\",\"target\":[\"https:\\\/\\\/fuentesfidedignas.com.mx\\\/index.php\\\/2023\\\/04\\\/24\\\/rescatan-a-los-primeros-mexicanos-por-conflicto-en-sudan\\\/#respond\"]}]},{\"@type\":\"WebPage\",\"@id\":\"https:\\\/\\\/fuentesfidedignas.com.mx\\\/index.php\\\/2023\\\/04\\\/24\\\/rescatan-a-los-primeros-mexicanos-por-conflicto-en-sudan\\\/\",\"url\":\"https:\\\/\\\/fuentesfidedignas.com.mx\\\/index.php\\\/2023\\\/04\\\/24\\\/rescatan-a-los-primeros-mexicanos-por-conflicto-en-sudan\\\/\",\"name\":\"Rescatan a los primeros mexicanos por conflicto en Sud\u00e1n - Fuentes Fidedignas\",\"isPartOf\":{\"@id\":\"https:\\\/\\\/fuentesfidedignas.com.mx\\\/#website\"},\"primaryImageOfPage\":{\"@id\":\"https:\\\/\\\/fuentesfidedignas.com.mx\\\/index.php\\\/2023\\\/04\\\/24\\\/rescatan-a-los-primeros-mexicanos-por-conflicto-en-sudan\\\/#primaryimage\"},\"image\":{\"@id\":\"https:\\\/\\\/fuentesfidedignas.com.mx\\\/index.php\\\/2023\\\/04\\\/24\\\/rescatan-a-los-primeros-mexicanos-por-conflicto-en-sudan\\\/#primaryimage\"},\"thumbnailUrl\":\"https:\\\/\\\/fuentesfidedignas.com.mx\\\/wp-content\\\/uploads\\\/2023\\\/04\\\/mexicanos.jpg\",\"datePublished\":\"2023-04-24T18:17:49+00:00\",\"dateModified\":\"2023-04-24T18:17:50+00:00\",\"breadcrumb\":{\"@id\":\"https:\\\/\\\/fuentesfidedignas.com.mx\\\/index.php\\\/2023\\\/04\\\/24\\\/rescatan-a-los-primeros-mexicanos-por-conflicto-en-sudan\\\/#breadcrumb\"},\"inLanguage\":\"es\",\"potentialAction\":[{\"@type\":\"ReadAction\",\"target\":[\"https:\\\/\\\/fuentesfidedignas.com.mx\\\/index.php\\\/2023\\\/04\\\/24\\\/rescatan-a-los-primeros-mexicanos-por-conflicto-en-sudan\\\/\"]}]},{\"@type\":\"ImageObject\",\"inLanguage\":\"es\",\"@id\":\"https:\\\/\\\/fuentesfidedignas.com.mx\\\/index.php\\\/2023\\\/04\\\/24\\\/rescatan-a-los-primeros-mexicanos-por-conflicto-en-sudan\\\/#primaryimage\",\"url\":\"https:\\\/\\\/fuentesfidedignas.com.mx\\\/wp-content\\\/uploads\\\/2023\\\/04\\\/mexicanos.jpg\",\"contentUrl\":\"https:\\\/\\\/fuentesfidedignas.com.mx\\\/wp-content\\\/uploads\\\/2023\\\/04\\\/mexicanos.jpg\",\"width\":640,\"height\":360},{\"@type\":\"BreadcrumbList\",\"@id\":\"https:\\\/\\\/fuentesfidedignas.com.mx\\\/index.php\\\/2023\\\/04\\\/24\\\/rescatan-a-los-primeros-mexicanos-por-conflicto-en-sudan\\\/#breadcrumb\",\"itemListElement\":[{\"@type\":\"ListItem\",\"position\":1,\"name\":\"Inicio\",\"item\":\"https:\\\/\\\/fuentesfidedignas.com.mx\\\/\"},{\"@type\":\"ListItem\",\"position\":2,\"name\":\"Rescatan a los primeros mexicanos por conflicto en Sud\u00e1n\"}]},{\"@type\":\"WebSite\",\"@id\":\"https:\\\/\\\/fuentesfidedignas.com.mx\\\/#website\",\"url\":\"https:\\\/\\\/fuentesfidedignas.com.mx\\\/\",\"name\":\"Fuentes Fidedignas\",\"description\":\"Otro sitio realizado con WordPress\",\"publisher\":{\"@id\":\"https:\\\/\\\/fuentesfidedignas.com.mx\\\/#organization\"},\"potentialAction\":[{\"@type\":\"SearchAction\",\"target\":{\"@type\":\"EntryPoint\",\"urlTemplate\":\"https:\\\/\\\/fuentesfidedignas.com.mx\\\/?s={search_term_string}\"},\"query-input\":{\"@type\":\"PropertyValueSpecification\",\"valueRequired\":true,\"valueName\":\"search_term_string\"}}],\"inLanguage\":\"es\"},{\"@type\":\"Organization\",\"@id\":\"https:\\\/\\\/fuentesfidedignas.com.mx\\\/#organization\",\"name\":\"Fuentes Fidedignas\",\"url\":\"https:\\\/\\\/fuentesfidedignas.com.mx\\\/\",\"logo\":{\"@type\":\"ImageObject\",\"inLanguage\":\"es\",\"@id\":\"https:\\\/\\\/fuentesfidedignas.com.mx\\\/#\\\/schema\\\/logo\\\/image\\\/\",\"url\":\"https:\\\/\\\/fuentesfidedignas.com.mx\\\/wp-content\\\/uploads\\\/2021\\\/04\\\/logo-retina.png\",\"contentUrl\":\"https:\\\/\\\/fuentesfidedignas.com.mx\\\/wp-content\\\/uploads\\\/2021\\\/04\\\/logo-retina.png\",\"width\":280,\"height\":51,\"caption\":\"Fuentes Fidedignas\"},\"image\":{\"@id\":\"https:\\\/\\\/fuentesfidedignas.com.mx\\\/#\\\/schema\\\/logo\\\/image\\\/\"},\"sameAs\":[\"https:\\\/\\\/www.facebook.com\\\/Fuentes-Fidedignas-368234489921644\",\"https:\\\/\\\/x.com\\\/fidedignas\"]},{\"@type\":\"Person\",\"@id\":\"https:\\\/\\\/fuentesfidedignas.com.mx\\\/#\\\/schema\\\/person\\\/8575896a7c1067d352f6c1cd6582c389\",\"name\":\"Infobae\",\"image\":{\"@type\":\"ImageObject\",\"inLanguage\":\"es\",\"@id\":\"https:\\\/\\\/secure.gravatar.com\\\/avatar\\\/e4ec95706f8d1670343f6526fdcec45474bab17475a851434a64ca12b5acba1c?s=96&d=mm&r=g\",\"url\":\"https:\\\/\\\/secure.gravatar.com\\\/avatar\\\/e4ec95706f8d1670343f6526fdcec45474bab17475a851434a64ca12b5acba1c?s=96&d=mm&r=g\",\"contentUrl\":\"https:\\\/\\\/secure.gravatar.com\\\/avatar\\\/e4ec95706f8d1670343f6526fdcec45474bab17475a851434a64ca12b5acba1c?s=96&d=mm&r=g\",\"caption\":\"Infobae\"},\"url\":\"https:\\\/\\\/fuentesfidedignas.com.mx\\\/index.php\\\/author\\\/infobae\\\/\"}]}<\/script>\n<!-- \/ Yoast SEO plugin. -->","yoast_head_json":{"title":"Rescatan a los primeros mexicanos por conflicto en Sud\u00e1n - Fuentes Fidedignas","robots":{"index":"index","follow":"follow","max-snippet":"max-snippet:-1","max-image-preview":"max-image-preview:large","max-video-preview":"max-video-preview:-1"},"canonical":"https:\/\/fuentesfidedignas.com.mx\/index.php\/2023\/04\/24\/rescatan-a-los-primeros-mexicanos-por-conflicto-en-sudan\/","og_locale":"es_MX","og_type":"article","og_title":"Rescatan a los primeros mexicanos por conflicto en Sud\u00e1n - Fuentes Fidedignas","og_description":"La Secretar\u00eda de Relaciones Exteriores dijo tener contacto con nueve connacionales que deseaban salir del pa\u00eds ante el conflicto armado Espa\u00f1a.- En medio del conflicto b\u00e9lico que hay en\u00a0Sud\u00e1n\u00a0a causa del enfrentamiento del Ej\u00e9rcito con el grupo paramilitar \u201cFuerzas de Apoyo R\u00e1pido\u201d (RSF), el titular de la\u00a0Secretar\u00eda de Relaciones Exteriores\u00a0(SRE) \u2014Marcelo Ebrard\u00a0Casaub\u00f3n\u2014 confirm\u00f3 que las [&hellip;]","og_url":"https:\/\/fuentesfidedignas.com.mx\/index.php\/2023\/04\/24\/rescatan-a-los-primeros-mexicanos-por-conflicto-en-sudan\/","og_site_name":"Fuentes Fidedignas","article_publisher":"https:\/\/www.facebook.com\/Fuentes-Fidedignas-368234489921644","article_published_time":"2023-04-24T18:17:49+00:00","article_modified_time":"2023-04-24T18:17:50+00:00","og_image":[{"width":640,"height":360,"url":"https:\/\/fuentesfidedignas.com.mx\/wp-content\/uploads\/2023\/04\/mexicanos.jpg","type":"image\/jpeg"}],"author":"Infobae","twitter_card":"summary_large_image","twitter_creator":"@fidedignas","twitter_site":"@fidedignas","twitter_misc":{"Escrito por":"Infobae","Tiempo de lectura":"4 minutos"},"schema":{"@context":"https:\/\/schema.org","@graph":[{"@type":"Article","@id":"https:\/\/fuentesfidedignas.com.mx\/index.php\/2023\/04\/24\/rescatan-a-los-primeros-mexicanos-por-conflicto-en-sudan\/#article","isPartOf":{"@id":"https:\/\/fuentesfidedignas.com.mx\/index.php\/2023\/04\/24\/rescatan-a-los-primeros-mexicanos-por-conflicto-en-sudan\/"},"author":{"name":"Infobae","@id":"https:\/\/fuentesfidedignas.com.mx\/#\/schema\/person\/8575896a7c1067d352f6c1cd6582c389"},"headline":"Rescatan a los primeros mexicanos por conflicto en Sud\u00e1n","datePublished":"2023-04-24T18:17:49+00:00","dateModified":"2023-04-24T18:17:50+00:00","mainEntityOfPage":{"@id":"https:\/\/fuentesfidedignas.com.mx\/index.php\/2023\/04\/24\/rescatan-a-los-primeros-mexicanos-por-conflicto-en-sudan\/"},"wordCount":738,"commentCount":0,"publisher":{"@id":"https:\/\/fuentesfidedignas.com.mx\/#organization"},"image":{"@id":"https:\/\/fuentesfidedignas.com.mx\/index.php\/2023\/04\/24\/rescatan-a-los-primeros-mexicanos-por-conflicto-en-sudan\/#primaryimage"},"thumbnailUrl":"https:\/\/fuentesfidedignas.com.mx\/wp-content\/uploads\/2023\/04\/mexicanos.jpg","articleSection":["NOTICIAS NACIONALES"],"inLanguage":"es","potentialAction":[{"@type":"CommentAction","name":"Comment","target":["https:\/\/fuentesfidedignas.com.mx\/index.php\/2023\/04\/24\/rescatan-a-los-primeros-mexicanos-por-conflicto-en-sudan\/#respond"]}]},{"@type":"WebPage","@id":"https:\/\/fuentesfidedignas.com.mx\/index.php\/2023\/04\/24\/rescatan-a-los-primeros-mexicanos-por-conflicto-en-sudan\/","url":"https:\/\/fuentesfidedignas.com.mx\/index.php\/2023\/04\/24\/rescatan-a-los-primeros-mexicanos-por-conflicto-en-sudan\/","name":"Rescatan a los primeros mexicanos por conflicto en Sud\u00e1n - Fuentes Fidedignas","isPartOf":{"@id":"https:\/\/fuentesfidedignas.com.mx\/#website"},"primaryImageOfPage":{"@id":"https:\/\/fuentesfidedignas.com.mx\/index.php\/2023\/04\/24\/rescatan-a-los-primeros-mexicanos-por-conflicto-en-sudan\/#primaryimage"},"image":{"@id":"https:\/\/fuentesfidedignas.com.mx\/index.php\/2023\/04\/24\/rescatan-a-los-primeros-mexicanos-por-conflicto-en-sudan\/#primaryimage"},"thumbnailUrl":"https:\/\/fuentesfidedignas.com.mx\/wp-content\/uploads\/2023\/04\/mexicanos.jpg","datePublished":"2023-04-24T18:17:49+00:00","dateModified":"2023-04-24T18:17:50+00:00","breadcrumb":{"@id":"https:\/\/fuentesfidedignas.com.mx\/index.php\/2023\/04\/24\/rescatan-a-los-primeros-mexicanos-por-conflicto-en-sudan\/#breadcrumb"},"inLanguage":"es","potentialAction":[{"@type":"ReadAction","target":["https:\/\/fuentesfidedignas.com.mx\/index.php\/2023\/04\/24\/rescatan-a-los-primeros-mexicanos-por-conflicto-en-sudan\/"]}]},{"@type":"ImageObject","inLanguage":"es","@id":"https:\/\/fuentesfidedignas.com.mx\/index.php\/2023\/04\/24\/rescatan-a-los-primeros-mexicanos-por-conflicto-en-sudan\/#primaryimage","url":"https:\/\/fuentesfidedignas.com.mx\/wp-content\/uploads\/2023\/04\/mexicanos.jpg","contentUrl":"https:\/\/fuentesfidedignas.com.mx\/wp-content\/uploads\/2023\/04\/mexicanos.jpg","width":640,"height":360},{"@type":"BreadcrumbList","@id":"https:\/\/fuentesfidedignas.com.mx\/index.php\/2023\/04\/24\/rescatan-a-los-primeros-mexicanos-por-conflicto-en-sudan\/#breadcrumb","itemListElement":[{"@type":"ListItem","position":1,"name":"Inicio","item":"https:\/\/fuentesfidedignas.com.mx\/"},{"@type":"ListItem","position":2,"name":"Rescatan a los primeros mexicanos por conflicto en Sud\u00e1n"}]},{"@type":"WebSite","@id":"https:\/\/fuentesfidedignas.com.mx\/#website","url":"https:\/\/fuentesfidedignas.com.mx\/","name":"Fuentes Fidedignas","description":"Otro sitio realizado con WordPress","publisher":{"@id":"https:\/\/fuentesfidedignas.com.mx\/#organization"},"potentialAction":[{"@type":"SearchAction","target":{"@type":"EntryPoint","urlTemplate":"https:\/\/fuentesfidedignas.com.mx\/?s={search_term_string}"},"query-input":{"@type":"PropertyValueSpecification","valueRequired":true,"valueName":"search_term_string"}}],"inLanguage":"es"},{"@type":"Organization","@id":"https:\/\/fuentesfidedignas.com.mx\/#organization","name":"Fuentes Fidedignas","url":"https:\/\/fuentesfidedignas.com.mx\/","logo":{"@type":"ImageObject","inLanguage":"es","@id":"https:\/\/fuentesfidedignas.com.mx\/#\/schema\/logo\/image\/","url":"https:\/\/fuentesfidedignas.com.mx\/wp-content\/uploads\/2021\/04\/logo-retina.png","contentUrl":"https:\/\/fuentesfidedignas.com.mx\/wp-content\/uploads\/2021\/04\/logo-retina.png","width":280,"height":51,"caption":"Fuentes Fidedignas"},"image":{"@id":"https:\/\/fuentesfidedignas.com.mx\/#\/schema\/logo\/image\/"},"sameAs":["https:\/\/www.facebook.com\/Fuentes-Fidedignas-368234489921644","https:\/\/x.com\/fidedignas"]},{"@type":"Person","@id":"https:\/\/fuentesfidedignas.com.mx\/#\/schema\/person\/8575896a7c1067d352f6c1cd6582c389","name":"Infobae","image":{"@type":"ImageObject","inLanguage":"es","@id":"https:\/\/secure.gravatar.com\/avatar\/e4ec95706f8d1670343f6526fdcec45474bab17475a851434a64ca12b5acba1c?s=96&d=mm&r=g","url":"https:\/\/secure.gravatar.com\/avatar\/e4ec95706f8d1670343f6526fdcec45474bab17475a851434a64ca12b5acba1c?s=96&d=mm&r=g","contentUrl":"https:\/\/secure.gravatar.com\/avatar\/e4ec95706f8d1670343f6526fdcec45474bab17475a851434a64ca12b5acba1c?s=96&d=mm&r=g","caption":"Infobae"},"url":"https:\/\/fuentesfidedignas.com.mx\/index.php\/author\/infobae\/"}]}},"_links":{"self":[{"href":"https:\/\/fuentesfidedignas.com.mx\/index.php\/wp-json\/wp\/v2\/posts\/45454","targetHints":{"allow":["GET"]}}],"collection":[{"href":"https:\/\/fuentesfidedignas.com.mx\/index.php\/wp-json\/wp\/v2\/posts"}],"about":[{"href":"https:\/\/fuentesfidedignas.com.mx\/index.php\/wp-json\/wp\/v2\/types\/post"}],"author":[{"embeddable":true,"href":"https:\/\/fuentesfidedignas.com.mx\/index.php\/wp-json\/wp\/v2\/users\/41"}],"replies":[{"embeddable":true,"href":"https:\/\/fuentesfidedignas.com.mx\/index.php\/wp-json\/wp\/v2\/comments?post=45454"}],"version-history":[{"count":1,"href":"https:\/\/fuentesfidedignas.com.mx\/index.php\/wp-json\/wp\/v2\/posts\/45454\/revisions"}],"predecessor-version":[{"id":45456,"href":"https:\/\/fuentesfidedignas.com.mx\/index.php\/wp-json\/wp\/v2\/posts\/45454\/revisions\/45456"}],"wp:featuredmedia":[{"embeddable":true,"href":"https:\/\/fuentesfidedignas.com.mx\/index.php\/wp-json\/wp\/v2\/media\/45455"}],"wp:attachment":[{"href":"https:\/\/fuentesfidedignas.com.mx\/index.php\/wp-json\/wp\/v2\/media?parent=45454"}],"wp:term":[{"taxonomy":"category","embeddable":true,"href":"https:\/\/fuentesfidedignas.com.mx\/index.php\/wp-json\/wp\/v2\/categories?post=45454"},{"taxonomy":"post_tag","embeddable":true,"href":"https:\/\/fuentesfidedignas.com.mx\/index.php\/wp-json\/wp\/v2\/tags?post=45454"}],"curies":[{"name":"wp","href":"https:\/\/api.w.org\/{rel}","templated":true}]}}