{"id":45448,"date":"2023-04-24T11:32:34","date_gmt":"2023-04-24T17:32:34","guid":{"rendered":"https:\/\/fuentesfidedignas.com.mx\/?p=45448"},"modified":"2023-04-24T11:32:34","modified_gmt":"2023-04-24T17:32:34","slug":"adan-augusto-lopez-niega-desvanecimiento-e-infarto-de-amlo-eso-quisieran","status":"publish","type":"post","link":"https:\/\/fuentesfidedignas.com.mx\/index.php\/2023\/04\/24\/adan-augusto-lopez-niega-desvanecimiento-e-infarto-de-amlo-eso-quisieran\/","title":{"rendered":"Ad\u00e1n Augusto L\u00f3pez niega desvanecimiento e infarto de AMLO: &#8220;eso quisieran&#8221;"},"content":{"rendered":"\n<p>El secretario fue enf\u00e1tico en torno al tema del preinfarto: \u201cNo hay nada de eso, eso quisieran pero goza de cabal salud est\u00e1 al 100 por ciento en cuanto a su salud cardiaca\u201d y afirm\u00f3 que el resto se trata de especulaciones<\/p>\n\n\n\n<p>Las versiones de que el presidente Andr\u00e9s Manuel L\u00f3pez Obrador sufri\u00f3 un desvanecimiento por preinfarto es producto de malquerencias, \u201ceso quisieran, pero goza de cabal salud\u201d, afirm\u00f3 el secretario de Gobernaci\u00f3n, Ad\u00e1n Augusto L\u00f3pez.<\/p>\n\n\n\n<p>Tambi\u00e9n neg\u00f3 que hubiera un traslado \u00a0de emergencia pues lleg\u00f3 al Aeropuerto Internacional de la Ciudad de M\u00e9xico (AICM) alrededor de las 15:00 horas y afirm\u00f3 que se le aplican pruebas de covid-19 \u201ccon cierta regularidad\u201d, misma que por los malestares que tuvo, se la aplic\u00f3 y el resultado lo supo hasta que lleg\u00f3 a la capital del pa\u00eds, a las 16:00 horas. \u00a0<\/p>\n\n\n\n<blockquote class=\"wp-block-quote is-layout-flow wp-block-quote-is-layout-flow\">\n<p>\u201cDe manera normal, su regreso estaba originalmente previsto para las &nbsp;16:30 horas; encarg\u00f3 y por la sugerencia m\u00e9dica de que esper\u00e1ramos el resultado del an\u00e1lisis dej\u00f3 a cargo del secretario de Marina y de Comunicaciones y el director general de Fonatur que se llevar\u00e1 a cabo la \u00faltima evaluaci\u00f3n del tren maya que era en M\u00e9rida y tom\u00f3 la decisi\u00f3n de adelantar una hora su regreso\u201d.<\/p>\n<\/blockquote>\n\n\n\n<p>En suplencia del mandatario federal en la conferencia de Palacio Nacional, indic\u00f3 que la informaci\u00f3n de medios locales que se\u00f1alaron un supuesto desmayo, L\u00f3pez Hern\u00e1ndez afirm\u00f3: \u201cEs una absoluta mentira, no ser\u00e1 la primera vez ni la \u00faltima. Ya relat\u00e9 c\u00f3mo sucedieron los hechos\u201d.<\/p>\n\n\n\n<p>El secretario fue enf\u00e1tico en torno al tema del preinfarto: \u201cNo hay nada de eso, eso quisieran pero goza de cabal salud est\u00e1 al 100 por ciento en cuanto a su salud cardiaca\u201d y afirm\u00f3 que el resto se trata de especulaciones.&nbsp;<\/p>\n\n\n\n<p>L\u00f3pez Hern\u00e1ndez expuso que el presidente est\u00e1 en recuperaci\u00f3n dentro de Palacio Nacional y que entre los s\u00edntomas que mencion\u00f3 est\u00e1 que se le escuchaba \u201cmormado\u201d.&nbsp;<\/p>\n\n\n\n<p>\u201cEl s\u00e1bado en la noche, domingo en la ma\u00f1ana tenia s\u00edntomas de un resfriado, como se hace cotidianamente, se procedi\u00f3 a practicarle prueba de covid y de Influenza. &nbsp;<\/p>\n\n\n\n<p>\u201cNo hubo ning\u00fan traslado de emergencia y no hubo ning\u00fan &nbsp;desvanecimiento como algunos han pretendido hacer creer. Lo que s\u00ed, instruy\u00f3 a que las reuniones de evaluaci\u00f3n del \u00faltimo tramo del tren maya se llevaran a cabo y por sugerencia de los m\u00e9dicos y ante la eventualidad pudiese ser covid se decidi\u00f3 que iniciara un proceso de aislamiento y se traslad\u00f3 a la Ciudad de M\u00e9xico\u201d, dijo.<\/p>\n\n\n\n<p>El presidente est\u00e1 atendido y monitoreando de manera permanente y, dijo, \u201ccon toda franqueza\u201d, se tendr\u00e1n los medicamentos necesarios estar\u00e1n a disposici\u00f3n del presidente, pero al no tener toda la informaci\u00f3n sobre la salud del mandatario, este martes de dar\u00e1 m\u00e1s informaci\u00f3n.&nbsp;<\/p>\n\n\n\n<p>Quienes se encargan de atender al mandatario son especialistas en salud p\u00fablica, algunos m\u00e9dicos que eval\u00faan la salud y destac\u00f3 que \u201cla salud del presidente vale la pena remarcarlo est\u00e1 al 100% a ustedes les consta la agenda que tiene L\u00f3pez Obrador que es de lunes a domingo los 365 d\u00edas del a\u00f1o\u201d.&nbsp;<\/p>\n\n\n\n<p>Indic\u00f3 que no todos los que estuvieron cerca del presidente se han hecho la prueba de covid pero hoy mismo la aplicar\u00edan y no dir\u00e1n qui\u00e9nes se la aplicaron hasta tener resultados.&nbsp;<\/p>\n\n\n\n<blockquote class=\"wp-block-quote is-layout-flow wp-block-quote-is-layout-flow\">\n<p>\u201cNunca me dijo que se sent\u00eda mal, me dijo que hab\u00eda resultado positivo a covid y que iba a informar de ello a los mexicanos a trav\u00e9s de un tuit y que en todos caso me iba a encargar la reuniones de seguridad, las conferencias de prensa y algunos asuntos que eran impostergables\u201d, agreg\u00f3.<\/p>\n<\/blockquote>\n","protected":false},"excerpt":{"rendered":"<p>El secretario fue enf\u00e1tico en torno al tema del preinfarto: \u201cNo hay nada de eso, eso quisieran pero goza de cabal salud est\u00e1 al 100 por ciento en cuanto a su salud cardiaca\u201d y afirm\u00f3 que el resto se trata de especulaciones Las versiones de que el presidente Andr\u00e9s Manuel L\u00f3pez Obrador sufri\u00f3 un desvanecimiento [&hellip;]<\/p>\n","protected":false},"author":50,"featured_media":45449,"comment_status":"open","ping_status":"open","sticky":false,"template":"","format":"standard","meta":{"tdm_status":"","tdm_grid_status":"","footnotes":""},"categories":[39],"tags":[],"class_list":{"0":"post-45448","1":"post","2":"type-post","3":"status-publish","4":"format-standard","5":"has-post-thumbnail","7":"category-noticias-nacionales"},"yoast_head":"<!-- This site is optimized with the Yoast SEO plugin v27.4 - https:\/\/yoast.com\/product\/yoast-seo-wordpress\/ -->\n<title>Ad\u00e1n Augusto L\u00f3pez niega desvanecimiento e infarto de AMLO: &quot;eso quisieran&quot; - Fuentes Fidedignas<\/title>\n<meta name=\"robots\" content=\"index, follow, max-snippet:-1, max-image-preview:large, max-video-preview:-1\" \/>\n<link rel=\"canonical\" href=\"https:\/\/fuentesfidedignas.com.mx\/index.php\/2023\/04\/24\/adan-augusto-lopez-niega-desvanecimiento-e-infarto-de-amlo-eso-quisieran\/\" \/>\n<meta property=\"og:locale\" content=\"es_MX\" \/>\n<meta property=\"og:type\" content=\"article\" \/>\n<meta property=\"og:title\" content=\"Ad\u00e1n Augusto L\u00f3pez niega desvanecimiento e infarto de AMLO: &quot;eso quisieran&quot; - Fuentes Fidedignas\" \/>\n<meta property=\"og:description\" content=\"El secretario fue enf\u00e1tico en torno al tema del preinfarto: \u201cNo hay nada de eso, eso quisieran pero goza de cabal salud est\u00e1 al 100 por ciento en cuanto a su salud cardiaca\u201d y afirm\u00f3 que el resto se trata de especulaciones Las versiones de que el presidente Andr\u00e9s Manuel L\u00f3pez Obrador sufri\u00f3 un desvanecimiento [&hellip;]\" \/>\n<meta property=\"og:url\" content=\"https:\/\/fuentesfidedignas.com.mx\/index.php\/2023\/04\/24\/adan-augusto-lopez-niega-desvanecimiento-e-infarto-de-amlo-eso-quisieran\/\" \/>\n<meta property=\"og:site_name\" content=\"Fuentes Fidedignas\" \/>\n<meta property=\"article:publisher\" content=\"https:\/\/www.facebook.com\/Fuentes-Fidedignas-368234489921644\" \/>\n<meta property=\"article:published_time\" content=\"2023-04-24T17:32:34+00:00\" \/>\n<meta property=\"og:image\" content=\"https:\/\/fuentesfidedignas.com.mx\/wp-content\/uploads\/2023\/04\/ad.jpeg\" \/>\n\t<meta property=\"og:image:width\" content=\"425\" \/>\n\t<meta property=\"og:image:height\" content=\"230\" \/>\n\t<meta property=\"og:image:type\" content=\"image\/jpeg\" \/>\n<meta name=\"author\" content=\"Proceso\" \/>\n<meta name=\"twitter:card\" content=\"summary_large_image\" \/>\n<meta name=\"twitter:creator\" content=\"@fidedignas\" \/>\n<meta name=\"twitter:site\" content=\"@fidedignas\" \/>\n<meta name=\"twitter:label1\" content=\"Escrito por\" \/>\n\t<meta name=\"twitter:data1\" content=\"Proceso\" \/>\n\t<meta name=\"twitter:label2\" content=\"Tiempo de lectura\" \/>\n\t<meta name=\"twitter:data2\" content=\"3 minutos\" \/>\n<script type=\"application\/ld+json\" class=\"yoast-schema-graph\">{\"@context\":\"https:\\\/\\\/schema.org\",\"@graph\":[{\"@type\":\"Article\",\"@id\":\"https:\\\/\\\/fuentesfidedignas.com.mx\\\/index.php\\\/2023\\\/04\\\/24\\\/adan-augusto-lopez-niega-desvanecimiento-e-infarto-de-amlo-eso-quisieran\\\/#article\",\"isPartOf\":{\"@id\":\"https:\\\/\\\/fuentesfidedignas.com.mx\\\/index.php\\\/2023\\\/04\\\/24\\\/adan-augusto-lopez-niega-desvanecimiento-e-infarto-de-amlo-eso-quisieran\\\/\"},\"author\":{\"name\":\"Proceso\",\"@id\":\"https:\\\/\\\/fuentesfidedignas.com.mx\\\/#\\\/schema\\\/person\\\/eb72247ff123b3ce5e4cadc7f50ae372\"},\"headline\":\"Ad\u00e1n Augusto L\u00f3pez niega desvanecimiento e infarto de AMLO: &#8220;eso quisieran&#8221;\",\"datePublished\":\"2023-04-24T17:32:34+00:00\",\"mainEntityOfPage\":{\"@id\":\"https:\\\/\\\/fuentesfidedignas.com.mx\\\/index.php\\\/2023\\\/04\\\/24\\\/adan-augusto-lopez-niega-desvanecimiento-e-infarto-de-amlo-eso-quisieran\\\/\"},\"wordCount\":658,\"commentCount\":0,\"publisher\":{\"@id\":\"https:\\\/\\\/fuentesfidedignas.com.mx\\\/#organization\"},\"image\":{\"@id\":\"https:\\\/\\\/fuentesfidedignas.com.mx\\\/index.php\\\/2023\\\/04\\\/24\\\/adan-augusto-lopez-niega-desvanecimiento-e-infarto-de-amlo-eso-quisieran\\\/#primaryimage\"},\"thumbnailUrl\":\"https:\\\/\\\/fuentesfidedignas.com.mx\\\/wp-content\\\/uploads\\\/2023\\\/04\\\/ad.jpeg\",\"articleSection\":[\"NOTICIAS NACIONALES\"],\"inLanguage\":\"es\",\"potentialAction\":[{\"@type\":\"CommentAction\",\"name\":\"Comment\",\"target\":[\"https:\\\/\\\/fuentesfidedignas.com.mx\\\/index.php\\\/2023\\\/04\\\/24\\\/adan-augusto-lopez-niega-desvanecimiento-e-infarto-de-amlo-eso-quisieran\\\/#respond\"]}]},{\"@type\":\"WebPage\",\"@id\":\"https:\\\/\\\/fuentesfidedignas.com.mx\\\/index.php\\\/2023\\\/04\\\/24\\\/adan-augusto-lopez-niega-desvanecimiento-e-infarto-de-amlo-eso-quisieran\\\/\",\"url\":\"https:\\\/\\\/fuentesfidedignas.com.mx\\\/index.php\\\/2023\\\/04\\\/24\\\/adan-augusto-lopez-niega-desvanecimiento-e-infarto-de-amlo-eso-quisieran\\\/\",\"name\":\"Ad\u00e1n Augusto L\u00f3pez niega desvanecimiento e infarto de AMLO: \\\"eso quisieran\\\" - Fuentes Fidedignas\",\"isPartOf\":{\"@id\":\"https:\\\/\\\/fuentesfidedignas.com.mx\\\/#website\"},\"primaryImageOfPage\":{\"@id\":\"https:\\\/\\\/fuentesfidedignas.com.mx\\\/index.php\\\/2023\\\/04\\\/24\\\/adan-augusto-lopez-niega-desvanecimiento-e-infarto-de-amlo-eso-quisieran\\\/#primaryimage\"},\"image\":{\"@id\":\"https:\\\/\\\/fuentesfidedignas.com.mx\\\/index.php\\\/2023\\\/04\\\/24\\\/adan-augusto-lopez-niega-desvanecimiento-e-infarto-de-amlo-eso-quisieran\\\/#primaryimage\"},\"thumbnailUrl\":\"https:\\\/\\\/fuentesfidedignas.com.mx\\\/wp-content\\\/uploads\\\/2023\\\/04\\\/ad.jpeg\",\"datePublished\":\"2023-04-24T17:32:34+00:00\",\"breadcrumb\":{\"@id\":\"https:\\\/\\\/fuentesfidedignas.com.mx\\\/index.php\\\/2023\\\/04\\\/24\\\/adan-augusto-lopez-niega-desvanecimiento-e-infarto-de-amlo-eso-quisieran\\\/#breadcrumb\"},\"inLanguage\":\"es\",\"potentialAction\":[{\"@type\":\"ReadAction\",\"target\":[\"https:\\\/\\\/fuentesfidedignas.com.mx\\\/index.php\\\/2023\\\/04\\\/24\\\/adan-augusto-lopez-niega-desvanecimiento-e-infarto-de-amlo-eso-quisieran\\\/\"]}]},{\"@type\":\"ImageObject\",\"inLanguage\":\"es\",\"@id\":\"https:\\\/\\\/fuentesfidedignas.com.mx\\\/index.php\\\/2023\\\/04\\\/24\\\/adan-augusto-lopez-niega-desvanecimiento-e-infarto-de-amlo-eso-quisieran\\\/#primaryimage\",\"url\":\"https:\\\/\\\/fuentesfidedignas.com.mx\\\/wp-content\\\/uploads\\\/2023\\\/04\\\/ad.jpeg\",\"contentUrl\":\"https:\\\/\\\/fuentesfidedignas.com.mx\\\/wp-content\\\/uploads\\\/2023\\\/04\\\/ad.jpeg\",\"width\":425,\"height\":230},{\"@type\":\"BreadcrumbList\",\"@id\":\"https:\\\/\\\/fuentesfidedignas.com.mx\\\/index.php\\\/2023\\\/04\\\/24\\\/adan-augusto-lopez-niega-desvanecimiento-e-infarto-de-amlo-eso-quisieran\\\/#breadcrumb\",\"itemListElement\":[{\"@type\":\"ListItem\",\"position\":1,\"name\":\"Inicio\",\"item\":\"https:\\\/\\\/fuentesfidedignas.com.mx\\\/\"},{\"@type\":\"ListItem\",\"position\":2,\"name\":\"Ad\u00e1n Augusto L\u00f3pez niega desvanecimiento e infarto de AMLO: &#8220;eso quisieran&#8221;\"}]},{\"@type\":\"WebSite\",\"@id\":\"https:\\\/\\\/fuentesfidedignas.com.mx\\\/#website\",\"url\":\"https:\\\/\\\/fuentesfidedignas.com.mx\\\/\",\"name\":\"Fuentes Fidedignas\",\"description\":\"Otro sitio realizado con WordPress\",\"publisher\":{\"@id\":\"https:\\\/\\\/fuentesfidedignas.com.mx\\\/#organization\"},\"potentialAction\":[{\"@type\":\"SearchAction\",\"target\":{\"@type\":\"EntryPoint\",\"urlTemplate\":\"https:\\\/\\\/fuentesfidedignas.com.mx\\\/?s={search_term_string}\"},\"query-input\":{\"@type\":\"PropertyValueSpecification\",\"valueRequired\":true,\"valueName\":\"search_term_string\"}}],\"inLanguage\":\"es\"},{\"@type\":\"Organization\",\"@id\":\"https:\\\/\\\/fuentesfidedignas.com.mx\\\/#organization\",\"name\":\"Fuentes Fidedignas\",\"url\":\"https:\\\/\\\/fuentesfidedignas.com.mx\\\/\",\"logo\":{\"@type\":\"ImageObject\",\"inLanguage\":\"es\",\"@id\":\"https:\\\/\\\/fuentesfidedignas.com.mx\\\/#\\\/schema\\\/logo\\\/image\\\/\",\"url\":\"https:\\\/\\\/fuentesfidedignas.com.mx\\\/wp-content\\\/uploads\\\/2021\\\/04\\\/logo-retina.png\",\"contentUrl\":\"https:\\\/\\\/fuentesfidedignas.com.mx\\\/wp-content\\\/uploads\\\/2021\\\/04\\\/logo-retina.png\",\"width\":280,\"height\":51,\"caption\":\"Fuentes Fidedignas\"},\"image\":{\"@id\":\"https:\\\/\\\/fuentesfidedignas.com.mx\\\/#\\\/schema\\\/logo\\\/image\\\/\"},\"sameAs\":[\"https:\\\/\\\/www.facebook.com\\\/Fuentes-Fidedignas-368234489921644\",\"https:\\\/\\\/x.com\\\/fidedignas\"]},{\"@type\":\"Person\",\"@id\":\"https:\\\/\\\/fuentesfidedignas.com.mx\\\/#\\\/schema\\\/person\\\/eb72247ff123b3ce5e4cadc7f50ae372\",\"name\":\"Proceso\",\"image\":{\"@type\":\"ImageObject\",\"inLanguage\":\"es\",\"@id\":\"https:\\\/\\\/secure.gravatar.com\\\/avatar\\\/0bb01ecb091d50a46122cbe5cc32ffea15a000f83628f1e40458e669d38ff2cd?s=96&d=mm&r=g\",\"url\":\"https:\\\/\\\/secure.gravatar.com\\\/avatar\\\/0bb01ecb091d50a46122cbe5cc32ffea15a000f83628f1e40458e669d38ff2cd?s=96&d=mm&r=g\",\"contentUrl\":\"https:\\\/\\\/secure.gravatar.com\\\/avatar\\\/0bb01ecb091d50a46122cbe5cc32ffea15a000f83628f1e40458e669d38ff2cd?s=96&d=mm&r=g\",\"caption\":\"Proceso\"},\"url\":\"https:\\\/\\\/fuentesfidedignas.com.mx\\\/index.php\\\/author\\\/proceso\\\/\"}]}<\/script>\n<!-- \/ Yoast SEO plugin. -->","yoast_head_json":{"title":"Ad\u00e1n Augusto L\u00f3pez niega desvanecimiento e infarto de AMLO: \"eso quisieran\" - Fuentes Fidedignas","robots":{"index":"index","follow":"follow","max-snippet":"max-snippet:-1","max-image-preview":"max-image-preview:large","max-video-preview":"max-video-preview:-1"},"canonical":"https:\/\/fuentesfidedignas.com.mx\/index.php\/2023\/04\/24\/adan-augusto-lopez-niega-desvanecimiento-e-infarto-de-amlo-eso-quisieran\/","og_locale":"es_MX","og_type":"article","og_title":"Ad\u00e1n Augusto L\u00f3pez niega desvanecimiento e infarto de AMLO: \"eso quisieran\" - Fuentes Fidedignas","og_description":"El secretario fue enf\u00e1tico en torno al tema del preinfarto: \u201cNo hay nada de eso, eso quisieran pero goza de cabal salud est\u00e1 al 100 por ciento en cuanto a su salud cardiaca\u201d y afirm\u00f3 que el resto se trata de especulaciones Las versiones de que el presidente Andr\u00e9s Manuel L\u00f3pez Obrador sufri\u00f3 un desvanecimiento [&hellip;]","og_url":"https:\/\/fuentesfidedignas.com.mx\/index.php\/2023\/04\/24\/adan-augusto-lopez-niega-desvanecimiento-e-infarto-de-amlo-eso-quisieran\/","og_site_name":"Fuentes Fidedignas","article_publisher":"https:\/\/www.facebook.com\/Fuentes-Fidedignas-368234489921644","article_published_time":"2023-04-24T17:32:34+00:00","og_image":[{"width":425,"height":230,"url":"https:\/\/fuentesfidedignas.com.mx\/wp-content\/uploads\/2023\/04\/ad.jpeg","type":"image\/jpeg"}],"author":"Proceso","twitter_card":"summary_large_image","twitter_creator":"@fidedignas","twitter_site":"@fidedignas","twitter_misc":{"Escrito por":"Proceso","Tiempo de lectura":"3 minutos"},"schema":{"@context":"https:\/\/schema.org","@graph":[{"@type":"Article","@id":"https:\/\/fuentesfidedignas.com.mx\/index.php\/2023\/04\/24\/adan-augusto-lopez-niega-desvanecimiento-e-infarto-de-amlo-eso-quisieran\/#article","isPartOf":{"@id":"https:\/\/fuentesfidedignas.com.mx\/index.php\/2023\/04\/24\/adan-augusto-lopez-niega-desvanecimiento-e-infarto-de-amlo-eso-quisieran\/"},"author":{"name":"Proceso","@id":"https:\/\/fuentesfidedignas.com.mx\/#\/schema\/person\/eb72247ff123b3ce5e4cadc7f50ae372"},"headline":"Ad\u00e1n Augusto L\u00f3pez niega desvanecimiento e infarto de AMLO: &#8220;eso quisieran&#8221;","datePublished":"2023-04-24T17:32:34+00:00","mainEntityOfPage":{"@id":"https:\/\/fuentesfidedignas.com.mx\/index.php\/2023\/04\/24\/adan-augusto-lopez-niega-desvanecimiento-e-infarto-de-amlo-eso-quisieran\/"},"wordCount":658,"commentCount":0,"publisher":{"@id":"https:\/\/fuentesfidedignas.com.mx\/#organization"},"image":{"@id":"https:\/\/fuentesfidedignas.com.mx\/index.php\/2023\/04\/24\/adan-augusto-lopez-niega-desvanecimiento-e-infarto-de-amlo-eso-quisieran\/#primaryimage"},"thumbnailUrl":"https:\/\/fuentesfidedignas.com.mx\/wp-content\/uploads\/2023\/04\/ad.jpeg","articleSection":["NOTICIAS NACIONALES"],"inLanguage":"es","potentialAction":[{"@type":"CommentAction","name":"Comment","target":["https:\/\/fuentesfidedignas.com.mx\/index.php\/2023\/04\/24\/adan-augusto-lopez-niega-desvanecimiento-e-infarto-de-amlo-eso-quisieran\/#respond"]}]},{"@type":"WebPage","@id":"https:\/\/fuentesfidedignas.com.mx\/index.php\/2023\/04\/24\/adan-augusto-lopez-niega-desvanecimiento-e-infarto-de-amlo-eso-quisieran\/","url":"https:\/\/fuentesfidedignas.com.mx\/index.php\/2023\/04\/24\/adan-augusto-lopez-niega-desvanecimiento-e-infarto-de-amlo-eso-quisieran\/","name":"Ad\u00e1n Augusto L\u00f3pez niega desvanecimiento e infarto de AMLO: \"eso quisieran\" - Fuentes Fidedignas","isPartOf":{"@id":"https:\/\/fuentesfidedignas.com.mx\/#website"},"primaryImageOfPage":{"@id":"https:\/\/fuentesfidedignas.com.mx\/index.php\/2023\/04\/24\/adan-augusto-lopez-niega-desvanecimiento-e-infarto-de-amlo-eso-quisieran\/#primaryimage"},"image":{"@id":"https:\/\/fuentesfidedignas.com.mx\/index.php\/2023\/04\/24\/adan-augusto-lopez-niega-desvanecimiento-e-infarto-de-amlo-eso-quisieran\/#primaryimage"},"thumbnailUrl":"https:\/\/fuentesfidedignas.com.mx\/wp-content\/uploads\/2023\/04\/ad.jpeg","datePublished":"2023-04-24T17:32:34+00:00","breadcrumb":{"@id":"https:\/\/fuentesfidedignas.com.mx\/index.php\/2023\/04\/24\/adan-augusto-lopez-niega-desvanecimiento-e-infarto-de-amlo-eso-quisieran\/#breadcrumb"},"inLanguage":"es","potentialAction":[{"@type":"ReadAction","target":["https:\/\/fuentesfidedignas.com.mx\/index.php\/2023\/04\/24\/adan-augusto-lopez-niega-desvanecimiento-e-infarto-de-amlo-eso-quisieran\/"]}]},{"@type":"ImageObject","inLanguage":"es","@id":"https:\/\/fuentesfidedignas.com.mx\/index.php\/2023\/04\/24\/adan-augusto-lopez-niega-desvanecimiento-e-infarto-de-amlo-eso-quisieran\/#primaryimage","url":"https:\/\/fuentesfidedignas.com.mx\/wp-content\/uploads\/2023\/04\/ad.jpeg","contentUrl":"https:\/\/fuentesfidedignas.com.mx\/wp-content\/uploads\/2023\/04\/ad.jpeg","width":425,"height":230},{"@type":"BreadcrumbList","@id":"https:\/\/fuentesfidedignas.com.mx\/index.php\/2023\/04\/24\/adan-augusto-lopez-niega-desvanecimiento-e-infarto-de-amlo-eso-quisieran\/#breadcrumb","itemListElement":[{"@type":"ListItem","position":1,"name":"Inicio","item":"https:\/\/fuentesfidedignas.com.mx\/"},{"@type":"ListItem","position":2,"name":"Ad\u00e1n Augusto L\u00f3pez niega desvanecimiento e infarto de AMLO: &#8220;eso quisieran&#8221;"}]},{"@type":"WebSite","@id":"https:\/\/fuentesfidedignas.com.mx\/#website","url":"https:\/\/fuentesfidedignas.com.mx\/","name":"Fuentes Fidedignas","description":"Otro sitio realizado con WordPress","publisher":{"@id":"https:\/\/fuentesfidedignas.com.mx\/#organization"},"potentialAction":[{"@type":"SearchAction","target":{"@type":"EntryPoint","urlTemplate":"https:\/\/fuentesfidedignas.com.mx\/?s={search_term_string}"},"query-input":{"@type":"PropertyValueSpecification","valueRequired":true,"valueName":"search_term_string"}}],"inLanguage":"es"},{"@type":"Organization","@id":"https:\/\/fuentesfidedignas.com.mx\/#organization","name":"Fuentes Fidedignas","url":"https:\/\/fuentesfidedignas.com.mx\/","logo":{"@type":"ImageObject","inLanguage":"es","@id":"https:\/\/fuentesfidedignas.com.mx\/#\/schema\/logo\/image\/","url":"https:\/\/fuentesfidedignas.com.mx\/wp-content\/uploads\/2021\/04\/logo-retina.png","contentUrl":"https:\/\/fuentesfidedignas.com.mx\/wp-content\/uploads\/2021\/04\/logo-retina.png","width":280,"height":51,"caption":"Fuentes Fidedignas"},"image":{"@id":"https:\/\/fuentesfidedignas.com.mx\/#\/schema\/logo\/image\/"},"sameAs":["https:\/\/www.facebook.com\/Fuentes-Fidedignas-368234489921644","https:\/\/x.com\/fidedignas"]},{"@type":"Person","@id":"https:\/\/fuentesfidedignas.com.mx\/#\/schema\/person\/eb72247ff123b3ce5e4cadc7f50ae372","name":"Proceso","image":{"@type":"ImageObject","inLanguage":"es","@id":"https:\/\/secure.gravatar.com\/avatar\/0bb01ecb091d50a46122cbe5cc32ffea15a000f83628f1e40458e669d38ff2cd?s=96&d=mm&r=g","url":"https:\/\/secure.gravatar.com\/avatar\/0bb01ecb091d50a46122cbe5cc32ffea15a000f83628f1e40458e669d38ff2cd?s=96&d=mm&r=g","contentUrl":"https:\/\/secure.gravatar.com\/avatar\/0bb01ecb091d50a46122cbe5cc32ffea15a000f83628f1e40458e669d38ff2cd?s=96&d=mm&r=g","caption":"Proceso"},"url":"https:\/\/fuentesfidedignas.com.mx\/index.php\/author\/proceso\/"}]}},"_links":{"self":[{"href":"https:\/\/fuentesfidedignas.com.mx\/index.php\/wp-json\/wp\/v2\/posts\/45448","targetHints":{"allow":["GET"]}}],"collection":[{"href":"https:\/\/fuentesfidedignas.com.mx\/index.php\/wp-json\/wp\/v2\/posts"}],"about":[{"href":"https:\/\/fuentesfidedignas.com.mx\/index.php\/wp-json\/wp\/v2\/types\/post"}],"author":[{"embeddable":true,"href":"https:\/\/fuentesfidedignas.com.mx\/index.php\/wp-json\/wp\/v2\/users\/50"}],"replies":[{"embeddable":true,"href":"https:\/\/fuentesfidedignas.com.mx\/index.php\/wp-json\/wp\/v2\/comments?post=45448"}],"version-history":[{"count":1,"href":"https:\/\/fuentesfidedignas.com.mx\/index.php\/wp-json\/wp\/v2\/posts\/45448\/revisions"}],"predecessor-version":[{"id":45450,"href":"https:\/\/fuentesfidedignas.com.mx\/index.php\/wp-json\/wp\/v2\/posts\/45448\/revisions\/45450"}],"wp:featuredmedia":[{"embeddable":true,"href":"https:\/\/fuentesfidedignas.com.mx\/index.php\/wp-json\/wp\/v2\/media\/45449"}],"wp:attachment":[{"href":"https:\/\/fuentesfidedignas.com.mx\/index.php\/wp-json\/wp\/v2\/media?parent=45448"}],"wp:term":[{"taxonomy":"category","embeddable":true,"href":"https:\/\/fuentesfidedignas.com.mx\/index.php\/wp-json\/wp\/v2\/categories?post=45448"},{"taxonomy":"post_tag","embeddable":true,"href":"https:\/\/fuentesfidedignas.com.mx\/index.php\/wp-json\/wp\/v2\/tags?post=45448"}],"curies":[{"name":"wp","href":"https:\/\/api.w.org\/{rel}","templated":true}]}}