{"id":45334,"date":"2023-04-22T12:32:27","date_gmt":"2023-04-22T18:32:27","guid":{"rendered":"https:\/\/fuentesfidedignas.com.mx\/?p=45334"},"modified":"2023-04-22T12:33:56","modified_gmt":"2023-04-22T18:33:56","slug":"dia-mundial-de-la-tierra-cual-es-el-estado-de-salud-del-planeta","status":"publish","type":"post","link":"https:\/\/fuentesfidedignas.com.mx\/index.php\/2023\/04\/22\/dia-mundial-de-la-tierra-cual-es-el-estado-de-salud-del-planeta\/","title":{"rendered":"D\u00eda Mundial de la Tierra: \u00bfcu\u00e1l es el estado de salud del planeta?"},"content":{"rendered":"\n<p><strong><em>Ve cu\u00e1les son las afectaciones que sufre el mundo a prop\u00f3sito del D\u00eda de la Tierra 2023 que se celebra este 22 de abril de 2023.<\/em><\/strong><\/p>\n\n\n\n<p>Ciudad de M\u00e9xico.- Un informe realizado por la organizaci\u00f3n internacional, World Wildlife Fund (WWF), dedicada a la conservaci\u00f3n de la naturaleza, dio a conocer cu\u00e1l es el estado de salud del planeta Tierra hasta 2022. Ve cu\u00e1les son las afectaciones que sufre el mundo a prop\u00f3sito del D\u00eda de la Tierra 2023 que se celebra este 22 de abril de 2023.<\/p>\n\n\n\n<p>De acuerdo con Marco Lambertini, director general de la WWF, \u201clas repercusiones de la emergencia clim\u00e1tica y de la p\u00e9rdida de naturaleza mundial ya se est\u00e1n sintiendo: desplazamientos y muertes provocadas por los fen\u00f3menos meteorol\u00f3gicos extremos cada vez m\u00e1s frecuentes, aumento de la inseguridad alimentaria, agotamiento de los suelos, falta de acceso al agua dulce o aumento de la expansi\u00f3n de enfermedades zoon\u00f3ticas, s\u00f3lo por citar algunas. Dichas repercusiones afectan a todas las personas, pero, muy especialmente y de manera desproporcionada, a las m\u00e1s empobrecidas y marginadas\u201d.<\/p>\n\n\n\n<h2 class=\"wp-block-heading\"><strong>\u00c9ste es el estado de salud de la Tierra<\/strong><\/h2>\n\n\n\n<p><strong>Biodiversidad<\/strong><br>Seg\u00fan el \u00cdndice Planeta Vivo (LPI), hasta 2022 las poblaciones de mam\u00edferos, aves, peces, reptiles y anfibios disminuyeron un promedio del 69 % en las 32 mil poblaciones de vida salvaje controladas desde 1970.<\/p>\n\n\n\n<p>Siendo Am\u00e9rica Latina la zona m\u00e1s afectada por la p\u00e9rdida de biodiversidad, seguida de \u00c1frica, Asia, Norteam\u00e9ria y Europa.<\/p>\n\n\n\n<p><strong>Deforestaci\u00f3n<br><\/strong>Cada a\u00f1o se pierden 10 millones de hect\u00e1reas de bosques, lo que equivale a una superficie del tama\u00f1o de Portugal. La deforestaci\u00f3n genera emisiones de carbono y conduce a climas locales m\u00e1s c\u00e1lidos y secos, incrementando la cantidad de sequ\u00edas y de incendios y, dependiendo de su magnitud, reduciendo las precipitaciones y modificando los patrones globales de precipitaciones.<\/p>\n\n\n\n<p>Esto es importante porque los bosques almacenan m\u00e1s carbono que todas las reservas explotables de petr\u00f3leo, gas y carb\u00f3n del planeta. Adem\u00e1s, entre 2001 y 2019 absorbieron 7,6 gigatoneladas de CO2 de la atm\u00f3sfera al a\u00f1o 5, es decir, el 18 % de las emisiones de carbono generadas por la humanidad.<\/p>\n\n\n\n<p><strong>Agua dulce<\/strong><br>En cuanto al abasto de agua dulce para consumo humano, la WWF se\u00f1ala que, las poblaciones de agua dulce han disminuido un promedio del 83 % desde 1970, siendo este porcentaje el m\u00e1s alto de los recursos perdidos.<\/p>\n\n\n\n<p><strong>Oc\u00e9anos<\/strong><br>La mayor parte de la destrucci\u00f3n en los oc\u00e9anos se debe a los ciclones, que se vuelven m\u00e1s potentes y frecuentes a medida que aumentan las temperaturas. Otros da\u00f1os se producen en forma de \u201cblanqueamiento del coral\u201d.<\/p>\n\n\n\n<p>Otras amenazas provienen de la extracci\u00f3n de petr\u00f3leo, la construcci\u00f3n de puertos, el dragado, la navegaci\u00f3n y, por supuesto, la pesca. Las trampas para peces, las redes y otros desechos da\u00f1an gravemente los arrecifes de coral, y la sobrepesca de ciertas especies tambi\u00e9n tiene un gran impacto.<\/p>\n\n\n\n<p><strong>Suelo<\/strong><br>El uso de fertilizantes nitrogenados en la agricultura envenena la tierra y los mares. Adem\u00e1s, la sobreexplotaci\u00f3n de la tierra y el cambio en el uso de tierra son factores que debilitan la salud del planeta Tierra.<\/p>\n\n\n\n<p><strong>Fen\u00f3menos meteorol\u00f3gicos<\/strong><br>Los fen\u00f3menos meteorol\u00f3gicos son cada vez m\u00e1s intensos y por tanto causan da\u00f1os mucho mayores en las poblaciones, debido al aumento de la temperatura de la Tierra, producto del cambio clim\u00e1tico.<\/p>\n\n\n\n<p><strong>Sobreexplotaci\u00f3n y huella ecol\u00f3gica<\/strong><br>Seg\u00fan la organizaci\u00f3n, el valor de la huella ecol\u00f3gica registra que la humanidad est\u00e1 sobreexplotando el planeta al menos al 75 %, lo cual equivale a vivir en 1,75 planetas Tierra. Sin embargo, tal exceso est\u00e1 deteriorando gravemente la salud del planeta y, con ello, las propias perspectivas de futuro de la humanidad.<\/p>\n\n\n\n<p><strong>\u00bfPor qu\u00e9 es importante tener un planeta sano?<\/strong><br>De acuerdo con la WWF, la importancia de tener un planeta sano radica en que esa es la \u00fanica manera en que las personas pueden prosperar. Pues los seres humanos dependen \u201cde la naturaleza para comer, obtener agua, disfrutar de un aire fresco, producir energ\u00eda, tener salud y mucho m\u00e1s\u201d.<\/p>\n","protected":false},"excerpt":{"rendered":"<p>Ve cu\u00e1les son las afectaciones que sufre el mundo a prop\u00f3sito del D\u00eda de la Tierra 2023 que se celebra este 22 de abril de 2023. Ciudad de M\u00e9xico.- Un informe realizado por la organizaci\u00f3n internacional, World Wildlife Fund (WWF), dedicada a la conservaci\u00f3n de la naturaleza, dio a conocer cu\u00e1l es el estado de [&hellip;]<\/p>\n","protected":false},"author":39,"featured_media":45335,"comment_status":"open","ping_status":"open","sticky":false,"template":"","format":"standard","meta":{"tdm_status":"","tdm_grid_status":"","footnotes":""},"categories":[37],"tags":[],"class_list":{"0":"post-45334","1":"post","2":"type-post","3":"status-publish","4":"format-standard","5":"has-post-thumbnail","7":"category-nota-principal"},"yoast_head":"<!-- This site is optimized with the Yoast SEO plugin v27.4 - https:\/\/yoast.com\/product\/yoast-seo-wordpress\/ -->\n<title>D\u00eda Mundial de la Tierra: \u00bfcu\u00e1l es el estado de salud del planeta? - Fuentes Fidedignas<\/title>\n<meta name=\"robots\" content=\"index, follow, max-snippet:-1, max-image-preview:large, max-video-preview:-1\" \/>\n<link rel=\"canonical\" href=\"https:\/\/fuentesfidedignas.com.mx\/index.php\/2023\/04\/22\/dia-mundial-de-la-tierra-cual-es-el-estado-de-salud-del-planeta\/\" \/>\n<meta property=\"og:locale\" content=\"es_MX\" \/>\n<meta property=\"og:type\" content=\"article\" \/>\n<meta property=\"og:title\" content=\"D\u00eda Mundial de la Tierra: \u00bfcu\u00e1l es el estado de salud del planeta? - Fuentes Fidedignas\" \/>\n<meta property=\"og:description\" content=\"Ve cu\u00e1les son las afectaciones que sufre el mundo a prop\u00f3sito del D\u00eda de la Tierra 2023 que se celebra este 22 de abril de 2023. Ciudad de M\u00e9xico.- Un informe realizado por la organizaci\u00f3n internacional, World Wildlife Fund (WWF), dedicada a la conservaci\u00f3n de la naturaleza, dio a conocer cu\u00e1l es el estado de [&hellip;]\" \/>\n<meta property=\"og:url\" content=\"https:\/\/fuentesfidedignas.com.mx\/index.php\/2023\/04\/22\/dia-mundial-de-la-tierra-cual-es-el-estado-de-salud-del-planeta\/\" \/>\n<meta property=\"og:site_name\" content=\"Fuentes Fidedignas\" \/>\n<meta property=\"article:publisher\" content=\"https:\/\/www.facebook.com\/Fuentes-Fidedignas-368234489921644\" \/>\n<meta property=\"article:published_time\" content=\"2023-04-22T18:32:27+00:00\" \/>\n<meta property=\"article:modified_time\" content=\"2023-04-22T18:33:56+00:00\" \/>\n<meta property=\"og:image\" content=\"https:\/\/fuentesfidedignas.com.mx\/wp-content\/uploads\/2023\/04\/dia-tierra-153750.jpg\" \/>\n\t<meta property=\"og:image:width\" content=\"1200\" \/>\n\t<meta property=\"og:image:height\" content=\"675\" \/>\n\t<meta property=\"og:image:type\" content=\"image\/jpeg\" \/>\n<meta name=\"author\" content=\"El Universal\" \/>\n<meta name=\"twitter:card\" content=\"summary_large_image\" \/>\n<meta name=\"twitter:creator\" content=\"@fidedignas\" \/>\n<meta name=\"twitter:site\" content=\"@fidedignas\" \/>\n<meta name=\"twitter:label1\" content=\"Escrito por\" \/>\n\t<meta name=\"twitter:data1\" content=\"El Universal\" \/>\n\t<meta name=\"twitter:label2\" content=\"Tiempo de lectura\" \/>\n\t<meta name=\"twitter:data2\" content=\"4 minutos\" \/>\n<script type=\"application\/ld+json\" class=\"yoast-schema-graph\">{\"@context\":\"https:\\\/\\\/schema.org\",\"@graph\":[{\"@type\":\"Article\",\"@id\":\"https:\\\/\\\/fuentesfidedignas.com.mx\\\/index.php\\\/2023\\\/04\\\/22\\\/dia-mundial-de-la-tierra-cual-es-el-estado-de-salud-del-planeta\\\/#article\",\"isPartOf\":{\"@id\":\"https:\\\/\\\/fuentesfidedignas.com.mx\\\/index.php\\\/2023\\\/04\\\/22\\\/dia-mundial-de-la-tierra-cual-es-el-estado-de-salud-del-planeta\\\/\"},\"author\":{\"name\":\"El Universal\",\"@id\":\"https:\\\/\\\/fuentesfidedignas.com.mx\\\/#\\\/schema\\\/person\\\/fee3882e65fd0510d292c43a346d35d7\"},\"headline\":\"D\u00eda Mundial de la Tierra: \u00bfcu\u00e1l es el estado de salud del planeta?\",\"datePublished\":\"2023-04-22T18:32:27+00:00\",\"dateModified\":\"2023-04-22T18:33:56+00:00\",\"mainEntityOfPage\":{\"@id\":\"https:\\\/\\\/fuentesfidedignas.com.mx\\\/index.php\\\/2023\\\/04\\\/22\\\/dia-mundial-de-la-tierra-cual-es-el-estado-de-salud-del-planeta\\\/\"},\"wordCount\":718,\"commentCount\":0,\"publisher\":{\"@id\":\"https:\\\/\\\/fuentesfidedignas.com.mx\\\/#organization\"},\"image\":{\"@id\":\"https:\\\/\\\/fuentesfidedignas.com.mx\\\/index.php\\\/2023\\\/04\\\/22\\\/dia-mundial-de-la-tierra-cual-es-el-estado-de-salud-del-planeta\\\/#primaryimage\"},\"thumbnailUrl\":\"https:\\\/\\\/fuentesfidedignas.com.mx\\\/wp-content\\\/uploads\\\/2023\\\/04\\\/dia-tierra-153750.jpg\",\"articleSection\":[\"NOTA PRINCIPAL\"],\"inLanguage\":\"es\",\"potentialAction\":[{\"@type\":\"CommentAction\",\"name\":\"Comment\",\"target\":[\"https:\\\/\\\/fuentesfidedignas.com.mx\\\/index.php\\\/2023\\\/04\\\/22\\\/dia-mundial-de-la-tierra-cual-es-el-estado-de-salud-del-planeta\\\/#respond\"]}]},{\"@type\":\"WebPage\",\"@id\":\"https:\\\/\\\/fuentesfidedignas.com.mx\\\/index.php\\\/2023\\\/04\\\/22\\\/dia-mundial-de-la-tierra-cual-es-el-estado-de-salud-del-planeta\\\/\",\"url\":\"https:\\\/\\\/fuentesfidedignas.com.mx\\\/index.php\\\/2023\\\/04\\\/22\\\/dia-mundial-de-la-tierra-cual-es-el-estado-de-salud-del-planeta\\\/\",\"name\":\"D\u00eda Mundial de la Tierra: \u00bfcu\u00e1l es el estado de salud del planeta? - Fuentes Fidedignas\",\"isPartOf\":{\"@id\":\"https:\\\/\\\/fuentesfidedignas.com.mx\\\/#website\"},\"primaryImageOfPage\":{\"@id\":\"https:\\\/\\\/fuentesfidedignas.com.mx\\\/index.php\\\/2023\\\/04\\\/22\\\/dia-mundial-de-la-tierra-cual-es-el-estado-de-salud-del-planeta\\\/#primaryimage\"},\"image\":{\"@id\":\"https:\\\/\\\/fuentesfidedignas.com.mx\\\/index.php\\\/2023\\\/04\\\/22\\\/dia-mundial-de-la-tierra-cual-es-el-estado-de-salud-del-planeta\\\/#primaryimage\"},\"thumbnailUrl\":\"https:\\\/\\\/fuentesfidedignas.com.mx\\\/wp-content\\\/uploads\\\/2023\\\/04\\\/dia-tierra-153750.jpg\",\"datePublished\":\"2023-04-22T18:32:27+00:00\",\"dateModified\":\"2023-04-22T18:33:56+00:00\",\"breadcrumb\":{\"@id\":\"https:\\\/\\\/fuentesfidedignas.com.mx\\\/index.php\\\/2023\\\/04\\\/22\\\/dia-mundial-de-la-tierra-cual-es-el-estado-de-salud-del-planeta\\\/#breadcrumb\"},\"inLanguage\":\"es\",\"potentialAction\":[{\"@type\":\"ReadAction\",\"target\":[\"https:\\\/\\\/fuentesfidedignas.com.mx\\\/index.php\\\/2023\\\/04\\\/22\\\/dia-mundial-de-la-tierra-cual-es-el-estado-de-salud-del-planeta\\\/\"]}]},{\"@type\":\"ImageObject\",\"inLanguage\":\"es\",\"@id\":\"https:\\\/\\\/fuentesfidedignas.com.mx\\\/index.php\\\/2023\\\/04\\\/22\\\/dia-mundial-de-la-tierra-cual-es-el-estado-de-salud-del-planeta\\\/#primaryimage\",\"url\":\"https:\\\/\\\/fuentesfidedignas.com.mx\\\/wp-content\\\/uploads\\\/2023\\\/04\\\/dia-tierra-153750.jpg\",\"contentUrl\":\"https:\\\/\\\/fuentesfidedignas.com.mx\\\/wp-content\\\/uploads\\\/2023\\\/04\\\/dia-tierra-153750.jpg\",\"width\":1200,\"height\":675},{\"@type\":\"BreadcrumbList\",\"@id\":\"https:\\\/\\\/fuentesfidedignas.com.mx\\\/index.php\\\/2023\\\/04\\\/22\\\/dia-mundial-de-la-tierra-cual-es-el-estado-de-salud-del-planeta\\\/#breadcrumb\",\"itemListElement\":[{\"@type\":\"ListItem\",\"position\":1,\"name\":\"Inicio\",\"item\":\"https:\\\/\\\/fuentesfidedignas.com.mx\\\/\"},{\"@type\":\"ListItem\",\"position\":2,\"name\":\"D\u00eda Mundial de la Tierra: \u00bfcu\u00e1l es el estado de salud del planeta?\"}]},{\"@type\":\"WebSite\",\"@id\":\"https:\\\/\\\/fuentesfidedignas.com.mx\\\/#website\",\"url\":\"https:\\\/\\\/fuentesfidedignas.com.mx\\\/\",\"name\":\"Fuentes Fidedignas\",\"description\":\"Otro sitio realizado con WordPress\",\"publisher\":{\"@id\":\"https:\\\/\\\/fuentesfidedignas.com.mx\\\/#organization\"},\"potentialAction\":[{\"@type\":\"SearchAction\",\"target\":{\"@type\":\"EntryPoint\",\"urlTemplate\":\"https:\\\/\\\/fuentesfidedignas.com.mx\\\/?s={search_term_string}\"},\"query-input\":{\"@type\":\"PropertyValueSpecification\",\"valueRequired\":true,\"valueName\":\"search_term_string\"}}],\"inLanguage\":\"es\"},{\"@type\":\"Organization\",\"@id\":\"https:\\\/\\\/fuentesfidedignas.com.mx\\\/#organization\",\"name\":\"Fuentes Fidedignas\",\"url\":\"https:\\\/\\\/fuentesfidedignas.com.mx\\\/\",\"logo\":{\"@type\":\"ImageObject\",\"inLanguage\":\"es\",\"@id\":\"https:\\\/\\\/fuentesfidedignas.com.mx\\\/#\\\/schema\\\/logo\\\/image\\\/\",\"url\":\"https:\\\/\\\/fuentesfidedignas.com.mx\\\/wp-content\\\/uploads\\\/2021\\\/04\\\/logo-retina.png\",\"contentUrl\":\"https:\\\/\\\/fuentesfidedignas.com.mx\\\/wp-content\\\/uploads\\\/2021\\\/04\\\/logo-retina.png\",\"width\":280,\"height\":51,\"caption\":\"Fuentes Fidedignas\"},\"image\":{\"@id\":\"https:\\\/\\\/fuentesfidedignas.com.mx\\\/#\\\/schema\\\/logo\\\/image\\\/\"},\"sameAs\":[\"https:\\\/\\\/www.facebook.com\\\/Fuentes-Fidedignas-368234489921644\",\"https:\\\/\\\/x.com\\\/fidedignas\"]},{\"@type\":\"Person\",\"@id\":\"https:\\\/\\\/fuentesfidedignas.com.mx\\\/#\\\/schema\\\/person\\\/fee3882e65fd0510d292c43a346d35d7\",\"name\":\"El Universal\",\"image\":{\"@type\":\"ImageObject\",\"inLanguage\":\"es\",\"@id\":\"https:\\\/\\\/secure.gravatar.com\\\/avatar\\\/1ebc94d82b6c3c081781f73e5b76a0d0c1ac7bf8e57426f18802246eeaa2747c?s=96&d=mm&r=g\",\"url\":\"https:\\\/\\\/secure.gravatar.com\\\/avatar\\\/1ebc94d82b6c3c081781f73e5b76a0d0c1ac7bf8e57426f18802246eeaa2747c?s=96&d=mm&r=g\",\"contentUrl\":\"https:\\\/\\\/secure.gravatar.com\\\/avatar\\\/1ebc94d82b6c3c081781f73e5b76a0d0c1ac7bf8e57426f18802246eeaa2747c?s=96&d=mm&r=g\",\"caption\":\"El Universal\"},\"url\":\"https:\\\/\\\/fuentesfidedignas.com.mx\\\/index.php\\\/author\\\/el-universal\\\/\"}]}<\/script>\n<!-- \/ Yoast SEO plugin. -->","yoast_head_json":{"title":"D\u00eda Mundial de la Tierra: \u00bfcu\u00e1l es el estado de salud del planeta? - Fuentes Fidedignas","robots":{"index":"index","follow":"follow","max-snippet":"max-snippet:-1","max-image-preview":"max-image-preview:large","max-video-preview":"max-video-preview:-1"},"canonical":"https:\/\/fuentesfidedignas.com.mx\/index.php\/2023\/04\/22\/dia-mundial-de-la-tierra-cual-es-el-estado-de-salud-del-planeta\/","og_locale":"es_MX","og_type":"article","og_title":"D\u00eda Mundial de la Tierra: \u00bfcu\u00e1l es el estado de salud del planeta? - Fuentes Fidedignas","og_description":"Ve cu\u00e1les son las afectaciones que sufre el mundo a prop\u00f3sito del D\u00eda de la Tierra 2023 que se celebra este 22 de abril de 2023. Ciudad de M\u00e9xico.- Un informe realizado por la organizaci\u00f3n internacional, World Wildlife Fund (WWF), dedicada a la conservaci\u00f3n de la naturaleza, dio a conocer cu\u00e1l es el estado de [&hellip;]","og_url":"https:\/\/fuentesfidedignas.com.mx\/index.php\/2023\/04\/22\/dia-mundial-de-la-tierra-cual-es-el-estado-de-salud-del-planeta\/","og_site_name":"Fuentes Fidedignas","article_publisher":"https:\/\/www.facebook.com\/Fuentes-Fidedignas-368234489921644","article_published_time":"2023-04-22T18:32:27+00:00","article_modified_time":"2023-04-22T18:33:56+00:00","og_image":[{"width":1200,"height":675,"url":"https:\/\/fuentesfidedignas.com.mx\/wp-content\/uploads\/2023\/04\/dia-tierra-153750.jpg","type":"image\/jpeg"}],"author":"El Universal","twitter_card":"summary_large_image","twitter_creator":"@fidedignas","twitter_site":"@fidedignas","twitter_misc":{"Escrito por":"El Universal","Tiempo de lectura":"4 minutos"},"schema":{"@context":"https:\/\/schema.org","@graph":[{"@type":"Article","@id":"https:\/\/fuentesfidedignas.com.mx\/index.php\/2023\/04\/22\/dia-mundial-de-la-tierra-cual-es-el-estado-de-salud-del-planeta\/#article","isPartOf":{"@id":"https:\/\/fuentesfidedignas.com.mx\/index.php\/2023\/04\/22\/dia-mundial-de-la-tierra-cual-es-el-estado-de-salud-del-planeta\/"},"author":{"name":"El Universal","@id":"https:\/\/fuentesfidedignas.com.mx\/#\/schema\/person\/fee3882e65fd0510d292c43a346d35d7"},"headline":"D\u00eda Mundial de la Tierra: \u00bfcu\u00e1l es el estado de salud del planeta?","datePublished":"2023-04-22T18:32:27+00:00","dateModified":"2023-04-22T18:33:56+00:00","mainEntityOfPage":{"@id":"https:\/\/fuentesfidedignas.com.mx\/index.php\/2023\/04\/22\/dia-mundial-de-la-tierra-cual-es-el-estado-de-salud-del-planeta\/"},"wordCount":718,"commentCount":0,"publisher":{"@id":"https:\/\/fuentesfidedignas.com.mx\/#organization"},"image":{"@id":"https:\/\/fuentesfidedignas.com.mx\/index.php\/2023\/04\/22\/dia-mundial-de-la-tierra-cual-es-el-estado-de-salud-del-planeta\/#primaryimage"},"thumbnailUrl":"https:\/\/fuentesfidedignas.com.mx\/wp-content\/uploads\/2023\/04\/dia-tierra-153750.jpg","articleSection":["NOTA PRINCIPAL"],"inLanguage":"es","potentialAction":[{"@type":"CommentAction","name":"Comment","target":["https:\/\/fuentesfidedignas.com.mx\/index.php\/2023\/04\/22\/dia-mundial-de-la-tierra-cual-es-el-estado-de-salud-del-planeta\/#respond"]}]},{"@type":"WebPage","@id":"https:\/\/fuentesfidedignas.com.mx\/index.php\/2023\/04\/22\/dia-mundial-de-la-tierra-cual-es-el-estado-de-salud-del-planeta\/","url":"https:\/\/fuentesfidedignas.com.mx\/index.php\/2023\/04\/22\/dia-mundial-de-la-tierra-cual-es-el-estado-de-salud-del-planeta\/","name":"D\u00eda Mundial de la Tierra: \u00bfcu\u00e1l es el estado de salud del planeta? - Fuentes Fidedignas","isPartOf":{"@id":"https:\/\/fuentesfidedignas.com.mx\/#website"},"primaryImageOfPage":{"@id":"https:\/\/fuentesfidedignas.com.mx\/index.php\/2023\/04\/22\/dia-mundial-de-la-tierra-cual-es-el-estado-de-salud-del-planeta\/#primaryimage"},"image":{"@id":"https:\/\/fuentesfidedignas.com.mx\/index.php\/2023\/04\/22\/dia-mundial-de-la-tierra-cual-es-el-estado-de-salud-del-planeta\/#primaryimage"},"thumbnailUrl":"https:\/\/fuentesfidedignas.com.mx\/wp-content\/uploads\/2023\/04\/dia-tierra-153750.jpg","datePublished":"2023-04-22T18:32:27+00:00","dateModified":"2023-04-22T18:33:56+00:00","breadcrumb":{"@id":"https:\/\/fuentesfidedignas.com.mx\/index.php\/2023\/04\/22\/dia-mundial-de-la-tierra-cual-es-el-estado-de-salud-del-planeta\/#breadcrumb"},"inLanguage":"es","potentialAction":[{"@type":"ReadAction","target":["https:\/\/fuentesfidedignas.com.mx\/index.php\/2023\/04\/22\/dia-mundial-de-la-tierra-cual-es-el-estado-de-salud-del-planeta\/"]}]},{"@type":"ImageObject","inLanguage":"es","@id":"https:\/\/fuentesfidedignas.com.mx\/index.php\/2023\/04\/22\/dia-mundial-de-la-tierra-cual-es-el-estado-de-salud-del-planeta\/#primaryimage","url":"https:\/\/fuentesfidedignas.com.mx\/wp-content\/uploads\/2023\/04\/dia-tierra-153750.jpg","contentUrl":"https:\/\/fuentesfidedignas.com.mx\/wp-content\/uploads\/2023\/04\/dia-tierra-153750.jpg","width":1200,"height":675},{"@type":"BreadcrumbList","@id":"https:\/\/fuentesfidedignas.com.mx\/index.php\/2023\/04\/22\/dia-mundial-de-la-tierra-cual-es-el-estado-de-salud-del-planeta\/#breadcrumb","itemListElement":[{"@type":"ListItem","position":1,"name":"Inicio","item":"https:\/\/fuentesfidedignas.com.mx\/"},{"@type":"ListItem","position":2,"name":"D\u00eda Mundial de la Tierra: \u00bfcu\u00e1l es el estado de salud del planeta?"}]},{"@type":"WebSite","@id":"https:\/\/fuentesfidedignas.com.mx\/#website","url":"https:\/\/fuentesfidedignas.com.mx\/","name":"Fuentes Fidedignas","description":"Otro sitio realizado con WordPress","publisher":{"@id":"https:\/\/fuentesfidedignas.com.mx\/#organization"},"potentialAction":[{"@type":"SearchAction","target":{"@type":"EntryPoint","urlTemplate":"https:\/\/fuentesfidedignas.com.mx\/?s={search_term_string}"},"query-input":{"@type":"PropertyValueSpecification","valueRequired":true,"valueName":"search_term_string"}}],"inLanguage":"es"},{"@type":"Organization","@id":"https:\/\/fuentesfidedignas.com.mx\/#organization","name":"Fuentes Fidedignas","url":"https:\/\/fuentesfidedignas.com.mx\/","logo":{"@type":"ImageObject","inLanguage":"es","@id":"https:\/\/fuentesfidedignas.com.mx\/#\/schema\/logo\/image\/","url":"https:\/\/fuentesfidedignas.com.mx\/wp-content\/uploads\/2021\/04\/logo-retina.png","contentUrl":"https:\/\/fuentesfidedignas.com.mx\/wp-content\/uploads\/2021\/04\/logo-retina.png","width":280,"height":51,"caption":"Fuentes Fidedignas"},"image":{"@id":"https:\/\/fuentesfidedignas.com.mx\/#\/schema\/logo\/image\/"},"sameAs":["https:\/\/www.facebook.com\/Fuentes-Fidedignas-368234489921644","https:\/\/x.com\/fidedignas"]},{"@type":"Person","@id":"https:\/\/fuentesfidedignas.com.mx\/#\/schema\/person\/fee3882e65fd0510d292c43a346d35d7","name":"El Universal","image":{"@type":"ImageObject","inLanguage":"es","@id":"https:\/\/secure.gravatar.com\/avatar\/1ebc94d82b6c3c081781f73e5b76a0d0c1ac7bf8e57426f18802246eeaa2747c?s=96&d=mm&r=g","url":"https:\/\/secure.gravatar.com\/avatar\/1ebc94d82b6c3c081781f73e5b76a0d0c1ac7bf8e57426f18802246eeaa2747c?s=96&d=mm&r=g","contentUrl":"https:\/\/secure.gravatar.com\/avatar\/1ebc94d82b6c3c081781f73e5b76a0d0c1ac7bf8e57426f18802246eeaa2747c?s=96&d=mm&r=g","caption":"El Universal"},"url":"https:\/\/fuentesfidedignas.com.mx\/index.php\/author\/el-universal\/"}]}},"_links":{"self":[{"href":"https:\/\/fuentesfidedignas.com.mx\/index.php\/wp-json\/wp\/v2\/posts\/45334","targetHints":{"allow":["GET"]}}],"collection":[{"href":"https:\/\/fuentesfidedignas.com.mx\/index.php\/wp-json\/wp\/v2\/posts"}],"about":[{"href":"https:\/\/fuentesfidedignas.com.mx\/index.php\/wp-json\/wp\/v2\/types\/post"}],"author":[{"embeddable":true,"href":"https:\/\/fuentesfidedignas.com.mx\/index.php\/wp-json\/wp\/v2\/users\/39"}],"replies":[{"embeddable":true,"href":"https:\/\/fuentesfidedignas.com.mx\/index.php\/wp-json\/wp\/v2\/comments?post=45334"}],"version-history":[{"count":2,"href":"https:\/\/fuentesfidedignas.com.mx\/index.php\/wp-json\/wp\/v2\/posts\/45334\/revisions"}],"predecessor-version":[{"id":45338,"href":"https:\/\/fuentesfidedignas.com.mx\/index.php\/wp-json\/wp\/v2\/posts\/45334\/revisions\/45338"}],"wp:featuredmedia":[{"embeddable":true,"href":"https:\/\/fuentesfidedignas.com.mx\/index.php\/wp-json\/wp\/v2\/media\/45335"}],"wp:attachment":[{"href":"https:\/\/fuentesfidedignas.com.mx\/index.php\/wp-json\/wp\/v2\/media?parent=45334"}],"wp:term":[{"taxonomy":"category","embeddable":true,"href":"https:\/\/fuentesfidedignas.com.mx\/index.php\/wp-json\/wp\/v2\/categories?post=45334"},{"taxonomy":"post_tag","embeddable":true,"href":"https:\/\/fuentesfidedignas.com.mx\/index.php\/wp-json\/wp\/v2\/tags?post=45334"}],"curies":[{"name":"wp","href":"https:\/\/api.w.org\/{rel}","templated":true}]}}