{"id":45331,"date":"2023-04-22T11:57:42","date_gmt":"2023-04-22T17:57:42","guid":{"rendered":"https:\/\/fuentesfidedignas.com.mx\/?p=45331"},"modified":"2023-04-22T11:57:44","modified_gmt":"2023-04-22T17:57:44","slug":"yolanda-andrade-fue-hospitalizada-tras-crisis-de-salud","status":"publish","type":"post","link":"https:\/\/fuentesfidedignas.com.mx\/index.php\/2023\/04\/22\/yolanda-andrade-fue-hospitalizada-tras-crisis-de-salud\/","title":{"rendered":"Yolanda Andrade fue hospitalizada tras crisis de salud"},"content":{"rendered":"\n<p><strong><em>La presentadora de \u201cMontse &amp; Joe\u201d comparti\u00f3 que \u201cvio la luz\u201d en los \u00faltimos d\u00edas debido a la gravedad de su estado<\/em><\/strong><\/p>\n\n\n\n<p>Ciudad de M\u00e9xico.- La noche del 20 de abril,<strong>\u00a0Yolanda Andrade<\/strong>\u00a0comparti\u00f3 con sus seguidores de\u00a0<em>Instagram\u00a0<\/em>que fue\u00a0<strong>hospitalizada\u00a0<\/strong>d\u00edas atr\u00e1s y recientemente lograron estabilizarla.<\/p>\n\n\n\n<p>Desde inicios de la semana, durante la emisi\u00f3n de&nbsp;<em>Montse &amp; Joe<\/em>,&nbsp;<strong>Montserrat Oliver<\/strong>&nbsp;coment\u00f3 que ese d\u00eda su compa\u00f1era no se hab\u00eda presentado a las grabaciones del programa porque estaba mal de salud, por lo que le dijeron que era preferible que visitara a un m\u00e9dico.<\/p>\n\n\n\n<p>\u201c<strong>Joe se sinti\u00f3 mal<\/strong>, me avis\u00f3 ahorita, entes de venir a\u00a0<em>Montse &amp; Joe,<\/em>\u00a0que se sinti\u00f3 muy mal y que no pod\u00eda venir y preferimos que obviamente se atendiera, fuera a ver al m\u00e9dico para que se sienta mejor y que pueda estar muy pronto con nosotros\u201d, dijo Oliver.<\/p>\n\n\n\n<p><img decoding=\"async\" alt=\"Con esta publicaci\u00f3n, la presentadora confirm\u00f3 que est\u00e1 bien, recuper\u00e1ndose desde el hospital (Captura de pantalla\/Instagram)\" height=\"615\" width=\"745\" class=\"\" src=\"https:\/\/cloudfront-us-east-1.images.arcpublishing.com\/infobae\/2Z3AQWPDKFB3XJVAUXUKHVFGIQ.JPG\" srcset=\"https:\/\/www.infobae.com\/new-resizer\/WT3gs-gAJJLzb_6nr8ab8_t_v3Y=\/992x850\/filters:format(webp):quality(85)\/cloudfront-us-east-1.images.arcpublishing.com\/infobae\/2Z3AQWPDKFB3XJVAUXUKHVFGIQ.JPG 992w\">Con esta publicaci\u00f3n, la presentadora confirm\u00f3 que est\u00e1 bien, recuper\u00e1ndose desde el hospital (Captura de pantalla\/Instagram)<\/p>\n\n\n\n<p>En esa emisi\u00f3n, Luz Mar\u00eda Zetina fue quien la reemplaz\u00f3 y no ahondaron m\u00e1s en los problemas de salud de su compa\u00f1era.<\/p>\n\n\n\n<p>La presentadora no hab\u00eda utilizado sus redes sociales hasta la noche del 20 de abril, cuando comparti\u00f3 que tuvo una crisis de salud grave, inclusive mencion\u00f3 que\u00a0<strong>\u201cvio la luz\u201d<\/strong>\u00a0y pas\u00f3 por muchos momentos dif\u00edciles.<\/p>\n\n\n\n<p>\u201cEn este momento de reflexi\u00f3n, acepto y valoro cada momento. Y<strong>&nbsp;los milagros existen<\/strong>. Vi la luz y me regres\u00e9. Todav\u00eda hay m\u00e1s por vivir. Gracias a todos\u201d<\/p>\n\n\n\n<p><img decoding=\"async\" height=\"388\" width=\"462\" srcset=\"https:\/\/www.infobae.com\/new-resizer\/16CwSu-nOAryg_JEb99FEYikpM0=\/992x850\/filters:format(webp):quality(85)\/cloudfront-us-east-1.images.arcpublishing.com\/infobae\/XP7ZHNQMHRGPZGQBS5R4BRSHSQ.JPG 992w\" class=\"\" src=\"https:\/\/cloudfront-us-east-1.images.arcpublishing.com\/infobae\/XP7ZHNQMHRGPZGQBS5R4BRSHSQ.JPG\" alt=\"La presentadora posiblemente se ausentar\u00e1 de &quot;Montse &amp; Joe&quot; ya que tendr\u00e1 que seguir asistiendo a revisiones (Instagram\/@montseyjoetv)\"><\/p>\n\n\n\n<p>La presentadora posiblemente se ausentar\u00e1 de &#8220;Montse &amp; Joe&#8221; ya que tendr\u00e1 que seguir asistiendo a revisiones (Instagram\/@montseyjoetv)<\/p>\n\n\n\n<p>En los videos y fotograf\u00edas que comparti\u00f3 desde el hospital, agradeci\u00f3 a su hermana,&nbsp;<strong>Maril\u00e9<\/strong>, quien la acompa\u00f1\u00f3 durante estos d\u00edas, as\u00ed como a las enfermeras, enfermeros y m\u00e9dicos que la atendieron.<\/p>\n\n\n\n<p>\u201cMi cuerpo y alma agradecido por el evento que me pas\u00f3 de salud. Gracias&nbsp;<a href=\"https:\/\/www.instagram.com\/marilemx\/\">@marilemx<\/a>&nbsp;Sin ti nada. Y Obviamente a todos los m\u00e9dicos, enfermeras, camilleros que me atendieron\u201d, escribi\u00f3.<\/p>\n\n\n\n<p>Te puede interesar:<strong>\u201cAhora s\u00ed soy un pap\u00e1\u201d: as\u00ed anunci\u00f3 Christian Nodal la noticia de que \u00e9l y Cazzu esperan a su primer hijo<\/strong><\/p>\n\n\n\n<p>En su cuenta de&nbsp;<em>Twitter<\/em>, comparti\u00f3 que espera pronto&nbsp;<strong>regresar&nbsp;<\/strong>a las grabaciones de<em>&nbsp;Montse &amp; Joe<\/em>, pero no mencion\u00f3 si ya fue dada de alta.<\/p>\n\n\n\n<p><img decoding=\"async\" alt=\"Maril\u00e9 comparti\u00f3 que ella tambi\u00e9n se qued\u00f3 en el hospital con su hermana (Instagram\/@marilemx)\" height=\"1346\" width=\"1080\" class=\"\" src=\"https:\/\/cloudfront-us-east-1.images.arcpublishing.com\/infobae\/7OY3DUAPKFEB7DA5X7IJKOJLYQ.jpg\" srcset=\"https:\/\/www.infobae.com\/new-resizer\/tnC2Q--0jHm3ww75uazKgBz6WCY=\/420x560\/filters:format(webp):quality(85)\/cloudfront-us-east-1.images.arcpublishing.com\/infobae\/7OY3DUAPKFEB7DA5X7IJKOJLYQ.jpg 420w,https:\/\/www.infobae.com\/new-resizer\/W-cJM6W1j67HpNo-AfcHKMQ5pmw=\/768x1024\/filters:format(webp):quality(85)\/cloudfront-us-east-1.images.arcpublishing.com\/infobae\/7OY3DUAPKFEB7DA5X7IJKOJLYQ.jpg 768w,https:\/\/www.infobae.com\/new-resizer\/0w8mQqXvyzuWgkk25nmG1qNVQWk=\/992x1323\/filters:format(webp):quality(85)\/cloudfront-us-east-1.images.arcpublishing.com\/infobae\/7OY3DUAPKFEB7DA5X7IJKOJLYQ.jpg 992w,https:\/\/www.infobae.com\/new-resizer\/f-LHkSidy9DOS_2pDZpYTvLHffM=\/1200x1600\/filters:format(webp):quality(85)\/cloudfront-us-east-1.images.arcpublishing.com\/infobae\/7OY3DUAPKFEB7DA5X7IJKOJLYQ.jpg 1200w\">Maril\u00e9 comparti\u00f3 que ella tambi\u00e9n se qued\u00f3 en el hospital con su hermana (Instagram\/@marilemx)<\/p>\n\n\n\n<p>Algunos de los famosos que reaccionaron a su estado de salud, celebraron que finalmente haya podido retomar sus redes sociales y se encuentre mejor.<\/p>\n\n\n\n<p>Uno de los comentarios en la publicaci\u00f3n fue de Oliver, \u201cBendito sea Dios que ya est\u00e1s bien! Tas\u201d, escribi\u00f3 la presentadora. Tambi\u00e9n&nbsp;<strong>Erik Rub\u00edn<\/strong>, Lorena Meritano, Maca Carriedo, Jessica Maldonado y<strong>&nbsp;Luz Elena Gonz\u00e1lez<\/strong>&nbsp;reaccionaron, dese\u00e1ndole que mejore.<\/p>\n\n\n\n<p>Aunque Yolanda aparentemente saldr\u00e1 del hospital este viernes, 21 de abril, no dijo qu\u00e9 fue lo que le sucedi\u00f3 para tener que ser internada.<\/p>\n\n\n\n<p><img decoding=\"async\" alt=\"Foto: Instagram\/@yolandaamor\" height=\"1080\" width=\"1080\" class=\"\" src=\"https:\/\/cloudfront-us-east-1.images.arcpublishing.com\/infobae\/NFDPTBKZJ5CZ7I6YBLOQGIWGYQ.jpg\" srcset=\"https:\/\/www.infobae.com\/new-resizer\/sjj0PCDxrmUiqFcD5jYkGyxvkEo=\/420x420\/filters:format(webp):quality(85)\/cloudfront-us-east-1.images.arcpublishing.com\/infobae\/NFDPTBKZJ5CZ7I6YBLOQGIWGYQ.jpg 420w,https:\/\/www.infobae.com\/new-resizer\/t9AFSX1oketkHuWsnPRhyZE1xcU=\/768x768\/filters:format(webp):quality(85)\/cloudfront-us-east-1.images.arcpublishing.com\/infobae\/NFDPTBKZJ5CZ7I6YBLOQGIWGYQ.jpg 768w,https:\/\/www.infobae.com\/new-resizer\/ryNBxuiBgDN00NY7sr2_OArvwxE=\/992x992\/filters:format(webp):quality(85)\/cloudfront-us-east-1.images.arcpublishing.com\/infobae\/NFDPTBKZJ5CZ7I6YBLOQGIWGYQ.jpg 992w,https:\/\/www.infobae.com\/new-resizer\/MU63nf_hxo6uU5ZoJkhhof3N9eQ=\/1200x1200\/filters:format(webp):quality(85)\/cloudfront-us-east-1.images.arcpublishing.com\/infobae\/NFDPTBKZJ5CZ7I6YBLOQGIWGYQ.jpg 1200w,https:\/\/www.infobae.com\/new-resizer\/iwO8N0YqcbB0J-B-IVh520Oafx0=\/1440x1440\/filters:format(webp):quality(85)\/cloudfront-us-east-1.images.arcpublishing.com\/infobae\/NFDPTBKZJ5CZ7I6YBLOQGIWGYQ.jpg 1440w\">Foto: Instagram\/@yolandaamor<\/p>\n\n\n\n<p>Seg\u00fan informaron Jorge Carbajal y<em>&nbsp;El Filip<\/em>&nbsp;-ambos cercanos a Andrade- en&nbsp;<em>En Sock<\/em>, desde d\u00edas atr\u00e1s la presentadora present\u00f3&nbsp;<strong>v\u00f3mito&nbsp;<\/strong>y&nbsp;<strong>diarrea&nbsp;<\/strong>a un nivel preocupante y de un momento a otro, sin tener antes s\u00edntomas.<\/p>\n\n\n\n<p>Carbajal relat\u00f3 que Yolanda por horas estuvo con v\u00f3mito, por lo que se debilit\u00f3. Su hermana fue la primera en intentar ayudarla, pero no tuvo \u00e9xito.<\/p>\n\n\n\n<p>Ya que no lograron controlarla desde casa, la llevaron de emergencia a un hospital, ah\u00ed la mantuvieron por d\u00edas. Durante este tiempo, realizaron varios estudios, principalmente buscando algo en el est\u00f3mago, pero en todos obtuvieron&nbsp;<strong>buenos resultados<\/strong>.<\/p>\n\n\n\n<p>Recientemente, antes de que Yolanda fuera internada, festej\u00f3 el cumplea\u00f1os de su compa\u00f1era.<\/p>\n\n\n\n<p>Tambi\u00e9n la atendieron debido a la&nbsp;<strong>deshidrataci\u00f3n&nbsp;<\/strong>que sufri\u00f3 por no ir consultar a un m\u00e9dico desde que comenzaron los s\u00edntomas.<\/p>\n\n\n\n<p>Hasta hoy, Yolanda no sabr\u00eda qu\u00e9 es lo que le est\u00e1 provocando este malestar y tendr\u00e1 que volver al nosocomio para que le realicen otros estudios de laboratorio.<\/p>\n\n\n\n<p>Esta es la primera vez que la actriz afronta problemas de salud graves, pues las veces que hab\u00eda llegado a ser hospitalizada eran por procedimientos a los que ella se someti\u00f3.<\/p>\n\n\n\n<p>Antes de tener que ser hospitalizada por su crisis de salud, Andrade celebr\u00f3 el cumplea\u00f1os de su exnovia y compa\u00f1era de trabajo Montserrat Oliver.<\/p>\n","protected":false},"excerpt":{"rendered":"<p>La presentadora de \u201cMontse &amp; Joe\u201d comparti\u00f3 que \u201cvio la luz\u201d en los \u00faltimos d\u00edas debido a la gravedad de su estado Ciudad de M\u00e9xico.- La noche del 20 de abril,\u00a0Yolanda Andrade\u00a0comparti\u00f3 con sus seguidores de\u00a0Instagram\u00a0que fue\u00a0hospitalizada\u00a0d\u00edas atr\u00e1s y recientemente lograron estabilizarla. Desde inicios de la semana, durante la emisi\u00f3n de&nbsp;Montse &amp; Joe,&nbsp;Montserrat Oliver&nbsp;coment\u00f3 que [&hellip;]<\/p>\n","protected":false},"author":41,"featured_media":45332,"comment_status":"open","ping_status":"open","sticky":false,"template":"","format":"standard","meta":{"tdm_status":"","tdm_grid_status":"","footnotes":""},"categories":[39],"tags":[],"class_list":{"0":"post-45331","1":"post","2":"type-post","3":"status-publish","4":"format-standard","5":"has-post-thumbnail","7":"category-noticias-nacionales"},"yoast_head":"<!-- This site is optimized with the Yoast SEO plugin v27.5 - https:\/\/yoast.com\/product\/yoast-seo-wordpress\/ -->\n<title>Yolanda Andrade fue hospitalizada tras crisis de salud - Fuentes Fidedignas<\/title>\n<meta name=\"robots\" content=\"index, follow, max-snippet:-1, max-image-preview:large, max-video-preview:-1\" \/>\n<link rel=\"canonical\" href=\"https:\/\/fuentesfidedignas.com.mx\/index.php\/2023\/04\/22\/yolanda-andrade-fue-hospitalizada-tras-crisis-de-salud\/\" \/>\n<meta property=\"og:locale\" content=\"es_MX\" \/>\n<meta property=\"og:type\" content=\"article\" \/>\n<meta property=\"og:title\" content=\"Yolanda Andrade fue hospitalizada tras crisis de salud - Fuentes Fidedignas\" \/>\n<meta property=\"og:description\" content=\"La presentadora de \u201cMontse &amp; Joe\u201d comparti\u00f3 que \u201cvio la luz\u201d en los \u00faltimos d\u00edas debido a la gravedad de su estado Ciudad de M\u00e9xico.- La noche del 20 de abril,\u00a0Yolanda Andrade\u00a0comparti\u00f3 con sus seguidores de\u00a0Instagram\u00a0que fue\u00a0hospitalizada\u00a0d\u00edas atr\u00e1s y recientemente lograron estabilizarla. Desde inicios de la semana, durante la emisi\u00f3n de&nbsp;Montse &amp; Joe,&nbsp;Montserrat Oliver&nbsp;coment\u00f3 que [&hellip;]\" \/>\n<meta property=\"og:url\" content=\"https:\/\/fuentesfidedignas.com.mx\/index.php\/2023\/04\/22\/yolanda-andrade-fue-hospitalizada-tras-crisis-de-salud\/\" \/>\n<meta property=\"og:site_name\" content=\"Fuentes Fidedignas\" \/>\n<meta property=\"article:publisher\" content=\"https:\/\/www.facebook.com\/Fuentes-Fidedignas-368234489921644\" \/>\n<meta property=\"article:published_time\" content=\"2023-04-22T17:57:42+00:00\" \/>\n<meta property=\"article:modified_time\" content=\"2023-04-22T17:57:44+00:00\" \/>\n<meta property=\"og:image\" content=\"https:\/\/fuentesfidedignas.com.mx\/wp-content\/uploads\/2023\/04\/yolanda-andrade-compartio-video-hospital.jpg\" \/>\n\t<meta property=\"og:image:width\" content=\"1200\" \/>\n\t<meta property=\"og:image:height\" content=\"747\" \/>\n\t<meta property=\"og:image:type\" content=\"image\/jpeg\" \/>\n<meta name=\"author\" content=\"Infobae\" \/>\n<meta name=\"twitter:card\" content=\"summary_large_image\" \/>\n<meta name=\"twitter:creator\" content=\"@fidedignas\" \/>\n<meta name=\"twitter:site\" content=\"@fidedignas\" \/>\n<meta name=\"twitter:label1\" content=\"Escrito por\" \/>\n\t<meta name=\"twitter:data1\" content=\"Infobae\" \/>\n\t<meta name=\"twitter:label2\" content=\"Tiempo de lectura\" \/>\n\t<meta name=\"twitter:data2\" content=\"4 minutos\" \/>\n<script type=\"application\/ld+json\" class=\"yoast-schema-graph\">{\"@context\":\"https:\\\/\\\/schema.org\",\"@graph\":[{\"@type\":\"Article\",\"@id\":\"https:\\\/\\\/fuentesfidedignas.com.mx\\\/index.php\\\/2023\\\/04\\\/22\\\/yolanda-andrade-fue-hospitalizada-tras-crisis-de-salud\\\/#article\",\"isPartOf\":{\"@id\":\"https:\\\/\\\/fuentesfidedignas.com.mx\\\/index.php\\\/2023\\\/04\\\/22\\\/yolanda-andrade-fue-hospitalizada-tras-crisis-de-salud\\\/\"},\"author\":{\"name\":\"Infobae\",\"@id\":\"https:\\\/\\\/fuentesfidedignas.com.mx\\\/#\\\/schema\\\/person\\\/8575896a7c1067d352f6c1cd6582c389\"},\"headline\":\"Yolanda Andrade fue hospitalizada tras crisis de salud\",\"datePublished\":\"2023-04-22T17:57:42+00:00\",\"dateModified\":\"2023-04-22T17:57:44+00:00\",\"mainEntityOfPage\":{\"@id\":\"https:\\\/\\\/fuentesfidedignas.com.mx\\\/index.php\\\/2023\\\/04\\\/22\\\/yolanda-andrade-fue-hospitalizada-tras-crisis-de-salud\\\/\"},\"wordCount\":781,\"commentCount\":0,\"publisher\":{\"@id\":\"https:\\\/\\\/fuentesfidedignas.com.mx\\\/#organization\"},\"image\":{\"@id\":\"https:\\\/\\\/fuentesfidedignas.com.mx\\\/index.php\\\/2023\\\/04\\\/22\\\/yolanda-andrade-fue-hospitalizada-tras-crisis-de-salud\\\/#primaryimage\"},\"thumbnailUrl\":\"https:\\\/\\\/fuentesfidedignas.com.mx\\\/wp-content\\\/uploads\\\/2023\\\/04\\\/yolanda-andrade-compartio-video-hospital.jpg\",\"articleSection\":[\"NOTICIAS NACIONALES\"],\"inLanguage\":\"es\",\"potentialAction\":[{\"@type\":\"CommentAction\",\"name\":\"Comment\",\"target\":[\"https:\\\/\\\/fuentesfidedignas.com.mx\\\/index.php\\\/2023\\\/04\\\/22\\\/yolanda-andrade-fue-hospitalizada-tras-crisis-de-salud\\\/#respond\"]}]},{\"@type\":\"WebPage\",\"@id\":\"https:\\\/\\\/fuentesfidedignas.com.mx\\\/index.php\\\/2023\\\/04\\\/22\\\/yolanda-andrade-fue-hospitalizada-tras-crisis-de-salud\\\/\",\"url\":\"https:\\\/\\\/fuentesfidedignas.com.mx\\\/index.php\\\/2023\\\/04\\\/22\\\/yolanda-andrade-fue-hospitalizada-tras-crisis-de-salud\\\/\",\"name\":\"Yolanda Andrade fue hospitalizada tras crisis de salud - Fuentes Fidedignas\",\"isPartOf\":{\"@id\":\"https:\\\/\\\/fuentesfidedignas.com.mx\\\/#website\"},\"primaryImageOfPage\":{\"@id\":\"https:\\\/\\\/fuentesfidedignas.com.mx\\\/index.php\\\/2023\\\/04\\\/22\\\/yolanda-andrade-fue-hospitalizada-tras-crisis-de-salud\\\/#primaryimage\"},\"image\":{\"@id\":\"https:\\\/\\\/fuentesfidedignas.com.mx\\\/index.php\\\/2023\\\/04\\\/22\\\/yolanda-andrade-fue-hospitalizada-tras-crisis-de-salud\\\/#primaryimage\"},\"thumbnailUrl\":\"https:\\\/\\\/fuentesfidedignas.com.mx\\\/wp-content\\\/uploads\\\/2023\\\/04\\\/yolanda-andrade-compartio-video-hospital.jpg\",\"datePublished\":\"2023-04-22T17:57:42+00:00\",\"dateModified\":\"2023-04-22T17:57:44+00:00\",\"breadcrumb\":{\"@id\":\"https:\\\/\\\/fuentesfidedignas.com.mx\\\/index.php\\\/2023\\\/04\\\/22\\\/yolanda-andrade-fue-hospitalizada-tras-crisis-de-salud\\\/#breadcrumb\"},\"inLanguage\":\"es\",\"potentialAction\":[{\"@type\":\"ReadAction\",\"target\":[\"https:\\\/\\\/fuentesfidedignas.com.mx\\\/index.php\\\/2023\\\/04\\\/22\\\/yolanda-andrade-fue-hospitalizada-tras-crisis-de-salud\\\/\"]}]},{\"@type\":\"ImageObject\",\"inLanguage\":\"es\",\"@id\":\"https:\\\/\\\/fuentesfidedignas.com.mx\\\/index.php\\\/2023\\\/04\\\/22\\\/yolanda-andrade-fue-hospitalizada-tras-crisis-de-salud\\\/#primaryimage\",\"url\":\"https:\\\/\\\/fuentesfidedignas.com.mx\\\/wp-content\\\/uploads\\\/2023\\\/04\\\/yolanda-andrade-compartio-video-hospital.jpg\",\"contentUrl\":\"https:\\\/\\\/fuentesfidedignas.com.mx\\\/wp-content\\\/uploads\\\/2023\\\/04\\\/yolanda-andrade-compartio-video-hospital.jpg\",\"width\":1200,\"height\":747},{\"@type\":\"BreadcrumbList\",\"@id\":\"https:\\\/\\\/fuentesfidedignas.com.mx\\\/index.php\\\/2023\\\/04\\\/22\\\/yolanda-andrade-fue-hospitalizada-tras-crisis-de-salud\\\/#breadcrumb\",\"itemListElement\":[{\"@type\":\"ListItem\",\"position\":1,\"name\":\"Inicio\",\"item\":\"https:\\\/\\\/fuentesfidedignas.com.mx\\\/\"},{\"@type\":\"ListItem\",\"position\":2,\"name\":\"Yolanda Andrade fue hospitalizada tras crisis de salud\"}]},{\"@type\":\"WebSite\",\"@id\":\"https:\\\/\\\/fuentesfidedignas.com.mx\\\/#website\",\"url\":\"https:\\\/\\\/fuentesfidedignas.com.mx\\\/\",\"name\":\"Fuentes Fidedignas\",\"description\":\"Otro sitio realizado con WordPress\",\"publisher\":{\"@id\":\"https:\\\/\\\/fuentesfidedignas.com.mx\\\/#organization\"},\"potentialAction\":[{\"@type\":\"SearchAction\",\"target\":{\"@type\":\"EntryPoint\",\"urlTemplate\":\"https:\\\/\\\/fuentesfidedignas.com.mx\\\/?s={search_term_string}\"},\"query-input\":{\"@type\":\"PropertyValueSpecification\",\"valueRequired\":true,\"valueName\":\"search_term_string\"}}],\"inLanguage\":\"es\"},{\"@type\":\"Organization\",\"@id\":\"https:\\\/\\\/fuentesfidedignas.com.mx\\\/#organization\",\"name\":\"Fuentes Fidedignas\",\"url\":\"https:\\\/\\\/fuentesfidedignas.com.mx\\\/\",\"logo\":{\"@type\":\"ImageObject\",\"inLanguage\":\"es\",\"@id\":\"https:\\\/\\\/fuentesfidedignas.com.mx\\\/#\\\/schema\\\/logo\\\/image\\\/\",\"url\":\"https:\\\/\\\/fuentesfidedignas.com.mx\\\/wp-content\\\/uploads\\\/2021\\\/04\\\/logo-retina.png\",\"contentUrl\":\"https:\\\/\\\/fuentesfidedignas.com.mx\\\/wp-content\\\/uploads\\\/2021\\\/04\\\/logo-retina.png\",\"width\":280,\"height\":51,\"caption\":\"Fuentes Fidedignas\"},\"image\":{\"@id\":\"https:\\\/\\\/fuentesfidedignas.com.mx\\\/#\\\/schema\\\/logo\\\/image\\\/\"},\"sameAs\":[\"https:\\\/\\\/www.facebook.com\\\/Fuentes-Fidedignas-368234489921644\",\"https:\\\/\\\/x.com\\\/fidedignas\"]},{\"@type\":\"Person\",\"@id\":\"https:\\\/\\\/fuentesfidedignas.com.mx\\\/#\\\/schema\\\/person\\\/8575896a7c1067d352f6c1cd6582c389\",\"name\":\"Infobae\",\"image\":{\"@type\":\"ImageObject\",\"inLanguage\":\"es\",\"@id\":\"https:\\\/\\\/secure.gravatar.com\\\/avatar\\\/e4ec95706f8d1670343f6526fdcec45474bab17475a851434a64ca12b5acba1c?s=96&d=mm&r=g\",\"url\":\"https:\\\/\\\/secure.gravatar.com\\\/avatar\\\/e4ec95706f8d1670343f6526fdcec45474bab17475a851434a64ca12b5acba1c?s=96&d=mm&r=g\",\"contentUrl\":\"https:\\\/\\\/secure.gravatar.com\\\/avatar\\\/e4ec95706f8d1670343f6526fdcec45474bab17475a851434a64ca12b5acba1c?s=96&d=mm&r=g\",\"caption\":\"Infobae\"},\"url\":\"https:\\\/\\\/fuentesfidedignas.com.mx\\\/index.php\\\/author\\\/infobae\\\/\"}]}<\/script>\n<!-- \/ Yoast SEO plugin. -->","yoast_head_json":{"title":"Yolanda Andrade fue hospitalizada tras crisis de salud - Fuentes Fidedignas","robots":{"index":"index","follow":"follow","max-snippet":"max-snippet:-1","max-image-preview":"max-image-preview:large","max-video-preview":"max-video-preview:-1"},"canonical":"https:\/\/fuentesfidedignas.com.mx\/index.php\/2023\/04\/22\/yolanda-andrade-fue-hospitalizada-tras-crisis-de-salud\/","og_locale":"es_MX","og_type":"article","og_title":"Yolanda Andrade fue hospitalizada tras crisis de salud - Fuentes Fidedignas","og_description":"La presentadora de \u201cMontse &amp; Joe\u201d comparti\u00f3 que \u201cvio la luz\u201d en los \u00faltimos d\u00edas debido a la gravedad de su estado Ciudad de M\u00e9xico.- La noche del 20 de abril,\u00a0Yolanda Andrade\u00a0comparti\u00f3 con sus seguidores de\u00a0Instagram\u00a0que fue\u00a0hospitalizada\u00a0d\u00edas atr\u00e1s y recientemente lograron estabilizarla. Desde inicios de la semana, durante la emisi\u00f3n de&nbsp;Montse &amp; Joe,&nbsp;Montserrat Oliver&nbsp;coment\u00f3 que [&hellip;]","og_url":"https:\/\/fuentesfidedignas.com.mx\/index.php\/2023\/04\/22\/yolanda-andrade-fue-hospitalizada-tras-crisis-de-salud\/","og_site_name":"Fuentes Fidedignas","article_publisher":"https:\/\/www.facebook.com\/Fuentes-Fidedignas-368234489921644","article_published_time":"2023-04-22T17:57:42+00:00","article_modified_time":"2023-04-22T17:57:44+00:00","og_image":[{"width":1200,"height":747,"url":"https:\/\/fuentesfidedignas.com.mx\/wp-content\/uploads\/2023\/04\/yolanda-andrade-compartio-video-hospital.jpg","type":"image\/jpeg"}],"author":"Infobae","twitter_card":"summary_large_image","twitter_creator":"@fidedignas","twitter_site":"@fidedignas","twitter_misc":{"Escrito por":"Infobae","Tiempo de lectura":"4 minutos"},"schema":{"@context":"https:\/\/schema.org","@graph":[{"@type":"Article","@id":"https:\/\/fuentesfidedignas.com.mx\/index.php\/2023\/04\/22\/yolanda-andrade-fue-hospitalizada-tras-crisis-de-salud\/#article","isPartOf":{"@id":"https:\/\/fuentesfidedignas.com.mx\/index.php\/2023\/04\/22\/yolanda-andrade-fue-hospitalizada-tras-crisis-de-salud\/"},"author":{"name":"Infobae","@id":"https:\/\/fuentesfidedignas.com.mx\/#\/schema\/person\/8575896a7c1067d352f6c1cd6582c389"},"headline":"Yolanda Andrade fue hospitalizada tras crisis de salud","datePublished":"2023-04-22T17:57:42+00:00","dateModified":"2023-04-22T17:57:44+00:00","mainEntityOfPage":{"@id":"https:\/\/fuentesfidedignas.com.mx\/index.php\/2023\/04\/22\/yolanda-andrade-fue-hospitalizada-tras-crisis-de-salud\/"},"wordCount":781,"commentCount":0,"publisher":{"@id":"https:\/\/fuentesfidedignas.com.mx\/#organization"},"image":{"@id":"https:\/\/fuentesfidedignas.com.mx\/index.php\/2023\/04\/22\/yolanda-andrade-fue-hospitalizada-tras-crisis-de-salud\/#primaryimage"},"thumbnailUrl":"https:\/\/fuentesfidedignas.com.mx\/wp-content\/uploads\/2023\/04\/yolanda-andrade-compartio-video-hospital.jpg","articleSection":["NOTICIAS NACIONALES"],"inLanguage":"es","potentialAction":[{"@type":"CommentAction","name":"Comment","target":["https:\/\/fuentesfidedignas.com.mx\/index.php\/2023\/04\/22\/yolanda-andrade-fue-hospitalizada-tras-crisis-de-salud\/#respond"]}]},{"@type":"WebPage","@id":"https:\/\/fuentesfidedignas.com.mx\/index.php\/2023\/04\/22\/yolanda-andrade-fue-hospitalizada-tras-crisis-de-salud\/","url":"https:\/\/fuentesfidedignas.com.mx\/index.php\/2023\/04\/22\/yolanda-andrade-fue-hospitalizada-tras-crisis-de-salud\/","name":"Yolanda Andrade fue hospitalizada tras crisis de salud - Fuentes Fidedignas","isPartOf":{"@id":"https:\/\/fuentesfidedignas.com.mx\/#website"},"primaryImageOfPage":{"@id":"https:\/\/fuentesfidedignas.com.mx\/index.php\/2023\/04\/22\/yolanda-andrade-fue-hospitalizada-tras-crisis-de-salud\/#primaryimage"},"image":{"@id":"https:\/\/fuentesfidedignas.com.mx\/index.php\/2023\/04\/22\/yolanda-andrade-fue-hospitalizada-tras-crisis-de-salud\/#primaryimage"},"thumbnailUrl":"https:\/\/fuentesfidedignas.com.mx\/wp-content\/uploads\/2023\/04\/yolanda-andrade-compartio-video-hospital.jpg","datePublished":"2023-04-22T17:57:42+00:00","dateModified":"2023-04-22T17:57:44+00:00","breadcrumb":{"@id":"https:\/\/fuentesfidedignas.com.mx\/index.php\/2023\/04\/22\/yolanda-andrade-fue-hospitalizada-tras-crisis-de-salud\/#breadcrumb"},"inLanguage":"es","potentialAction":[{"@type":"ReadAction","target":["https:\/\/fuentesfidedignas.com.mx\/index.php\/2023\/04\/22\/yolanda-andrade-fue-hospitalizada-tras-crisis-de-salud\/"]}]},{"@type":"ImageObject","inLanguage":"es","@id":"https:\/\/fuentesfidedignas.com.mx\/index.php\/2023\/04\/22\/yolanda-andrade-fue-hospitalizada-tras-crisis-de-salud\/#primaryimage","url":"https:\/\/fuentesfidedignas.com.mx\/wp-content\/uploads\/2023\/04\/yolanda-andrade-compartio-video-hospital.jpg","contentUrl":"https:\/\/fuentesfidedignas.com.mx\/wp-content\/uploads\/2023\/04\/yolanda-andrade-compartio-video-hospital.jpg","width":1200,"height":747},{"@type":"BreadcrumbList","@id":"https:\/\/fuentesfidedignas.com.mx\/index.php\/2023\/04\/22\/yolanda-andrade-fue-hospitalizada-tras-crisis-de-salud\/#breadcrumb","itemListElement":[{"@type":"ListItem","position":1,"name":"Inicio","item":"https:\/\/fuentesfidedignas.com.mx\/"},{"@type":"ListItem","position":2,"name":"Yolanda Andrade fue hospitalizada tras crisis de salud"}]},{"@type":"WebSite","@id":"https:\/\/fuentesfidedignas.com.mx\/#website","url":"https:\/\/fuentesfidedignas.com.mx\/","name":"Fuentes Fidedignas","description":"Otro sitio realizado con WordPress","publisher":{"@id":"https:\/\/fuentesfidedignas.com.mx\/#organization"},"potentialAction":[{"@type":"SearchAction","target":{"@type":"EntryPoint","urlTemplate":"https:\/\/fuentesfidedignas.com.mx\/?s={search_term_string}"},"query-input":{"@type":"PropertyValueSpecification","valueRequired":true,"valueName":"search_term_string"}}],"inLanguage":"es"},{"@type":"Organization","@id":"https:\/\/fuentesfidedignas.com.mx\/#organization","name":"Fuentes Fidedignas","url":"https:\/\/fuentesfidedignas.com.mx\/","logo":{"@type":"ImageObject","inLanguage":"es","@id":"https:\/\/fuentesfidedignas.com.mx\/#\/schema\/logo\/image\/","url":"https:\/\/fuentesfidedignas.com.mx\/wp-content\/uploads\/2021\/04\/logo-retina.png","contentUrl":"https:\/\/fuentesfidedignas.com.mx\/wp-content\/uploads\/2021\/04\/logo-retina.png","width":280,"height":51,"caption":"Fuentes Fidedignas"},"image":{"@id":"https:\/\/fuentesfidedignas.com.mx\/#\/schema\/logo\/image\/"},"sameAs":["https:\/\/www.facebook.com\/Fuentes-Fidedignas-368234489921644","https:\/\/x.com\/fidedignas"]},{"@type":"Person","@id":"https:\/\/fuentesfidedignas.com.mx\/#\/schema\/person\/8575896a7c1067d352f6c1cd6582c389","name":"Infobae","image":{"@type":"ImageObject","inLanguage":"es","@id":"https:\/\/secure.gravatar.com\/avatar\/e4ec95706f8d1670343f6526fdcec45474bab17475a851434a64ca12b5acba1c?s=96&d=mm&r=g","url":"https:\/\/secure.gravatar.com\/avatar\/e4ec95706f8d1670343f6526fdcec45474bab17475a851434a64ca12b5acba1c?s=96&d=mm&r=g","contentUrl":"https:\/\/secure.gravatar.com\/avatar\/e4ec95706f8d1670343f6526fdcec45474bab17475a851434a64ca12b5acba1c?s=96&d=mm&r=g","caption":"Infobae"},"url":"https:\/\/fuentesfidedignas.com.mx\/index.php\/author\/infobae\/"}]}},"_links":{"self":[{"href":"https:\/\/fuentesfidedignas.com.mx\/index.php\/wp-json\/wp\/v2\/posts\/45331","targetHints":{"allow":["GET"]}}],"collection":[{"href":"https:\/\/fuentesfidedignas.com.mx\/index.php\/wp-json\/wp\/v2\/posts"}],"about":[{"href":"https:\/\/fuentesfidedignas.com.mx\/index.php\/wp-json\/wp\/v2\/types\/post"}],"author":[{"embeddable":true,"href":"https:\/\/fuentesfidedignas.com.mx\/index.php\/wp-json\/wp\/v2\/users\/41"}],"replies":[{"embeddable":true,"href":"https:\/\/fuentesfidedignas.com.mx\/index.php\/wp-json\/wp\/v2\/comments?post=45331"}],"version-history":[{"count":1,"href":"https:\/\/fuentesfidedignas.com.mx\/index.php\/wp-json\/wp\/v2\/posts\/45331\/revisions"}],"predecessor-version":[{"id":45333,"href":"https:\/\/fuentesfidedignas.com.mx\/index.php\/wp-json\/wp\/v2\/posts\/45331\/revisions\/45333"}],"wp:featuredmedia":[{"embeddable":true,"href":"https:\/\/fuentesfidedignas.com.mx\/index.php\/wp-json\/wp\/v2\/media\/45332"}],"wp:attachment":[{"href":"https:\/\/fuentesfidedignas.com.mx\/index.php\/wp-json\/wp\/v2\/media?parent=45331"}],"wp:term":[{"taxonomy":"category","embeddable":true,"href":"https:\/\/fuentesfidedignas.com.mx\/index.php\/wp-json\/wp\/v2\/categories?post=45331"},{"taxonomy":"post_tag","embeddable":true,"href":"https:\/\/fuentesfidedignas.com.mx\/index.php\/wp-json\/wp\/v2\/tags?post=45331"}],"curies":[{"name":"wp","href":"https:\/\/api.w.org\/{rel}","templated":true}]}}