{"id":45221,"date":"2023-04-21T10:55:00","date_gmt":"2023-04-21T16:55:00","guid":{"rendered":"https:\/\/fuentesfidedignas.com.mx\/?p=45221"},"modified":"2023-04-21T13:57:57","modified_gmt":"2023-04-21T19:57:57","slug":"amlo-remato-el-avion-presidencial-con-70-de-descuento-a-una-dictadura-loret","status":"publish","type":"post","link":"https:\/\/fuentesfidedignas.com.mx\/index.php\/2023\/04\/21\/amlo-remato-el-avion-presidencial-con-70-de-descuento-a-una-dictadura-loret\/","title":{"rendered":"AMLO remat\u00f3 el avi\u00f3n presidencial con 70% de descuento a una dictadura: Loret"},"content":{"rendered":"\n<p><em><strong>En 2021 la ONU valu\u00f3 en 117 millones de d\u00f3lares al avi\u00f3n presidencial de M\u00e9xico, quien finalmente lo vendi\u00f3 a Tayikist\u00e1n con una rebaja adicional de 25 millones<\/strong><\/em><\/p>\n\n\n\n<p>Ciudad de M\u00e9xico.- Luego que el gobierno de Andr\u00e9s Manuel L\u00f3pez Obrador anunci\u00f3 la venta del avi\u00f3n presidencial TP-01, Jos\u00e9 Mar\u00eda Morelos y Pav\u00f3n al r\u00e9gimen de\u00a0<strong>Tayikist\u00e1n\u00a0<\/strong>en 92 millones de d\u00f3lares, el periodista Carlos Loret de Mola acus\u00f3 que el l\u00edder de la 4T en realidad remat\u00f3 la aeronave con un descuento cercano al 70%, pues el valor original que pag\u00f3 M\u00e9xico a la empresa Boeing fue de m\u00e1s de 220 millones.<\/p>\n\n\n\n<p>\u201cAMLO no vendi\u00f3 el avi\u00f3n presidencial&#8230; \u00a1lo remat\u00f3! Le hizo un 70% de descuento a una dictadura de cuarta para que se lo quedara. Lo estamos exhibiendo ahorita en Latinus\u201d, dijo la noche de este jueves el periodista yucateco luego que se anunci\u00f3 el acuerdo con la naci\u00f3n del bloque ex sovi\u00e9tico.<\/p>\n\n\n\n<p>El comunicador recalc\u00f3 que a esos 220 millones de d\u00f3lares, m\u00e1s intereses, que pag\u00f3 M\u00e9xico a Boeing, se le deben sumar la millonaria cantidad que cost\u00f3 el mantenimiento mientras este estuvo casi cinco a\u00f1os en tierra.<\/p>\n\n\n\n<p>\u201cEs una p\u00e9rdida millonaria disfrazada de triunfo\u201d dijo Loret de Mola, quien se\u00f1al\u00f3 que el presidente L\u00f3pez Obrador se conform\u00f3 solo con una fracci\u00f3n del costo real en el mercado, pues el inter\u00e9s del mandatario era presumir la venta y cumplir con ello una de sus promesas de campa\u00f1a m\u00e1s famosas en 2018.<\/p>\n\n\n\n<figure class=\"wp-block-image\"><img decoding=\"async\" src=\"https:\/\/cloudfront-us-east-1.images.arcpublishing.com\/infobae\/LAN74G5LGVEFBAFR3HCRYWGMCE.jpg\" alt=\"infobae\"\/><\/figure>\n\n\n\n<p>En 2021, la administraci\u00f3n federal de la Cuarta Transformaci\u00f3n solicit\u00f3 ayuda a la Organizaci\u00f3n de las Naciones Unidas (ONU) para vender el avi\u00f3n B787 Dreamliner, la cual lo valu\u00f3 en 117 millones de d\u00f3lares.<\/p>\n\n\n\n<p>Dos a\u00f1os despu\u00e9s, L\u00f3pez Obrador anunci\u00f3 la venta a un gobierno de Asia central por la cifra de 92 mdd, es decir 25 millones menos al precio en que lo valu\u00f3 la ONU.<\/p>\n\n\n\n<p>Este 20 de abril por la tarde, el mandatario federal anunci\u00f3 a a trav\u00e9s de sus redes sociales que su administraci\u00f3n cerr\u00f3 el trato para desprenderse del avi\u00f3n presidencial que durante tantos a\u00f1os critic\u00f3 debido a que este fue solicitado a la empresa Boeing durante el sexenio de Felipe Calder\u00f3n, aunque este fue entregado ya bajo el gobierno de Enrique Pe\u00f1a Nieto.<\/p>\n\n\n\n<p>\u201cInformo al pueblo de M\u00e9xico que hoy se celebr\u00f3 el contrato de compra-venta del avi\u00f3n presidencial. El gobierno de Tayikist\u00e1n deposit\u00f3 mil 658 millones 684 mil 400 pesos (unos 92 mdd), de conformidad con el aval\u00fao oficial, a la cuenta del Instituto para Devolver al Pueblo lo Robado.<\/p>\n\n\n\n<p>Por su parte, Jorge Mendoza S\u00e1nchez, director general de Banobras, explic\u00f3 que el precio de casi 92 millones de d\u00f3lares \u201ccumple con el aval\u00fao que realiz\u00f3 el Instituto de Administraci\u00f3n y Aval\u00faos de Bienes Nacionales\u201d.<\/p>\n\n\n\n<p>Adem\u00e1s, el funcionario federal detall\u00f3 que otros ahorros a ra\u00edz de esta venta se refiere a \u201c332 millones de pesos de intereses que le ten\u00eda que pagar el gobierno federal a Banobras. Con este monto ya se liquida el arrendamiento\u201d.<\/p>\n\n\n\n<p>El presidente L\u00f3pez Obrador asegur\u00f3 que los recursos por esta acuerdo con&nbsp;<strong>Tayikist\u00e1n&nbsp;<\/strong>se emplear\u00e1n para la construcci\u00f3n de dos centros hospitalarios en el sureste del pa\u00eds.<\/p>\n\n\n\n<p>\u201cEste dinero se invertir\u00e1 en dos hospitales, en Tlapa, Guerrero y en Tuxtepec, Oaxaca, que ser\u00e1n construidos por los ingenieros militares e inaugurados antes de terminar nuestro mandato\u201d, dijo el pol\u00edtico tabasque\u00f1o.<\/p>\n","protected":false},"excerpt":{"rendered":"<p>En 2021 la ONU valu\u00f3 en 117 millones de d\u00f3lares al avi\u00f3n presidencial de M\u00e9xico, quien finalmente lo vendi\u00f3 a Tayikist\u00e1n con una rebaja adicional de 25 millones Ciudad de M\u00e9xico.- Luego que el gobierno de Andr\u00e9s Manuel L\u00f3pez Obrador anunci\u00f3 la venta del avi\u00f3n presidencial TP-01, Jos\u00e9 Mar\u00eda Morelos y Pav\u00f3n al r\u00e9gimen de\u00a0Tayikist\u00e1n\u00a0en [&hellip;]<\/p>\n","protected":false},"author":41,"featured_media":45222,"comment_status":"open","ping_status":"open","sticky":false,"template":"","format":"standard","meta":{"tdm_status":"","tdm_grid_status":"","footnotes":""},"categories":[39],"tags":[],"class_list":{"0":"post-45221","1":"post","2":"type-post","3":"status-publish","4":"format-standard","5":"has-post-thumbnail","7":"category-noticias-nacionales"},"yoast_head":"<!-- This site is optimized with the Yoast SEO plugin v27.5 - https:\/\/yoast.com\/product\/yoast-seo-wordpress\/ -->\n<title>AMLO remat\u00f3 el avi\u00f3n presidencial con 70% de descuento a una dictadura: Loret - Fuentes Fidedignas<\/title>\n<meta name=\"robots\" content=\"index, follow, max-snippet:-1, max-image-preview:large, max-video-preview:-1\" \/>\n<link rel=\"canonical\" href=\"https:\/\/fuentesfidedignas.com.mx\/index.php\/2023\/04\/21\/amlo-remato-el-avion-presidencial-con-70-de-descuento-a-una-dictadura-loret\/\" \/>\n<meta property=\"og:locale\" content=\"es_MX\" \/>\n<meta property=\"og:type\" content=\"article\" \/>\n<meta property=\"og:title\" content=\"AMLO remat\u00f3 el avi\u00f3n presidencial con 70% de descuento a una dictadura: Loret - Fuentes Fidedignas\" \/>\n<meta property=\"og:description\" content=\"En 2021 la ONU valu\u00f3 en 117 millones de d\u00f3lares al avi\u00f3n presidencial de M\u00e9xico, quien finalmente lo vendi\u00f3 a Tayikist\u00e1n con una rebaja adicional de 25 millones Ciudad de M\u00e9xico.- Luego que el gobierno de Andr\u00e9s Manuel L\u00f3pez Obrador anunci\u00f3 la venta del avi\u00f3n presidencial TP-01, Jos\u00e9 Mar\u00eda Morelos y Pav\u00f3n al r\u00e9gimen de\u00a0Tayikist\u00e1n\u00a0en [&hellip;]\" \/>\n<meta property=\"og:url\" content=\"https:\/\/fuentesfidedignas.com.mx\/index.php\/2023\/04\/21\/amlo-remato-el-avion-presidencial-con-70-de-descuento-a-una-dictadura-loret\/\" \/>\n<meta property=\"og:site_name\" content=\"Fuentes Fidedignas\" \/>\n<meta property=\"article:publisher\" content=\"https:\/\/www.facebook.com\/Fuentes-Fidedignas-368234489921644\" \/>\n<meta property=\"article:published_time\" content=\"2023-04-21T16:55:00+00:00\" \/>\n<meta property=\"article:modified_time\" content=\"2023-04-21T19:57:57+00:00\" \/>\n<meta property=\"og:image\" content=\"https:\/\/fuentesfidedignas.com.mx\/wp-content\/uploads\/2023\/04\/amlo-avion.jpg\" \/>\n\t<meta property=\"og:image:width\" content=\"1024\" \/>\n\t<meta property=\"og:image:height\" content=\"683\" \/>\n\t<meta property=\"og:image:type\" content=\"image\/jpeg\" \/>\n<meta name=\"author\" content=\"Infobae\" \/>\n<meta name=\"twitter:card\" content=\"summary_large_image\" \/>\n<meta name=\"twitter:creator\" content=\"@fidedignas\" \/>\n<meta name=\"twitter:site\" content=\"@fidedignas\" \/>\n<meta name=\"twitter:label1\" content=\"Escrito por\" \/>\n\t<meta name=\"twitter:data1\" content=\"Infobae\" \/>\n\t<meta name=\"twitter:label2\" content=\"Tiempo de lectura\" \/>\n\t<meta name=\"twitter:data2\" content=\"3 minutos\" \/>\n<script type=\"application\/ld+json\" class=\"yoast-schema-graph\">{\"@context\":\"https:\\\/\\\/schema.org\",\"@graph\":[{\"@type\":\"Article\",\"@id\":\"https:\\\/\\\/fuentesfidedignas.com.mx\\\/index.php\\\/2023\\\/04\\\/21\\\/amlo-remato-el-avion-presidencial-con-70-de-descuento-a-una-dictadura-loret\\\/#article\",\"isPartOf\":{\"@id\":\"https:\\\/\\\/fuentesfidedignas.com.mx\\\/index.php\\\/2023\\\/04\\\/21\\\/amlo-remato-el-avion-presidencial-con-70-de-descuento-a-una-dictadura-loret\\\/\"},\"author\":{\"name\":\"Infobae\",\"@id\":\"https:\\\/\\\/fuentesfidedignas.com.mx\\\/#\\\/schema\\\/person\\\/8575896a7c1067d352f6c1cd6582c389\"},\"headline\":\"AMLO remat\u00f3 el avi\u00f3n presidencial con 70% de descuento a una dictadura: Loret\",\"datePublished\":\"2023-04-21T16:55:00+00:00\",\"dateModified\":\"2023-04-21T19:57:57+00:00\",\"mainEntityOfPage\":{\"@id\":\"https:\\\/\\\/fuentesfidedignas.com.mx\\\/index.php\\\/2023\\\/04\\\/21\\\/amlo-remato-el-avion-presidencial-con-70-de-descuento-a-una-dictadura-loret\\\/\"},\"wordCount\":614,\"commentCount\":0,\"publisher\":{\"@id\":\"https:\\\/\\\/fuentesfidedignas.com.mx\\\/#organization\"},\"image\":{\"@id\":\"https:\\\/\\\/fuentesfidedignas.com.mx\\\/index.php\\\/2023\\\/04\\\/21\\\/amlo-remato-el-avion-presidencial-con-70-de-descuento-a-una-dictadura-loret\\\/#primaryimage\"},\"thumbnailUrl\":\"https:\\\/\\\/fuentesfidedignas.com.mx\\\/wp-content\\\/uploads\\\/2023\\\/04\\\/amlo-avion.jpg\",\"articleSection\":[\"NOTICIAS NACIONALES\"],\"inLanguage\":\"es\",\"potentialAction\":[{\"@type\":\"CommentAction\",\"name\":\"Comment\",\"target\":[\"https:\\\/\\\/fuentesfidedignas.com.mx\\\/index.php\\\/2023\\\/04\\\/21\\\/amlo-remato-el-avion-presidencial-con-70-de-descuento-a-una-dictadura-loret\\\/#respond\"]}]},{\"@type\":\"WebPage\",\"@id\":\"https:\\\/\\\/fuentesfidedignas.com.mx\\\/index.php\\\/2023\\\/04\\\/21\\\/amlo-remato-el-avion-presidencial-con-70-de-descuento-a-una-dictadura-loret\\\/\",\"url\":\"https:\\\/\\\/fuentesfidedignas.com.mx\\\/index.php\\\/2023\\\/04\\\/21\\\/amlo-remato-el-avion-presidencial-con-70-de-descuento-a-una-dictadura-loret\\\/\",\"name\":\"AMLO remat\u00f3 el avi\u00f3n presidencial con 70% de descuento a una dictadura: Loret - Fuentes Fidedignas\",\"isPartOf\":{\"@id\":\"https:\\\/\\\/fuentesfidedignas.com.mx\\\/#website\"},\"primaryImageOfPage\":{\"@id\":\"https:\\\/\\\/fuentesfidedignas.com.mx\\\/index.php\\\/2023\\\/04\\\/21\\\/amlo-remato-el-avion-presidencial-con-70-de-descuento-a-una-dictadura-loret\\\/#primaryimage\"},\"image\":{\"@id\":\"https:\\\/\\\/fuentesfidedignas.com.mx\\\/index.php\\\/2023\\\/04\\\/21\\\/amlo-remato-el-avion-presidencial-con-70-de-descuento-a-una-dictadura-loret\\\/#primaryimage\"},\"thumbnailUrl\":\"https:\\\/\\\/fuentesfidedignas.com.mx\\\/wp-content\\\/uploads\\\/2023\\\/04\\\/amlo-avion.jpg\",\"datePublished\":\"2023-04-21T16:55:00+00:00\",\"dateModified\":\"2023-04-21T19:57:57+00:00\",\"breadcrumb\":{\"@id\":\"https:\\\/\\\/fuentesfidedignas.com.mx\\\/index.php\\\/2023\\\/04\\\/21\\\/amlo-remato-el-avion-presidencial-con-70-de-descuento-a-una-dictadura-loret\\\/#breadcrumb\"},\"inLanguage\":\"es\",\"potentialAction\":[{\"@type\":\"ReadAction\",\"target\":[\"https:\\\/\\\/fuentesfidedignas.com.mx\\\/index.php\\\/2023\\\/04\\\/21\\\/amlo-remato-el-avion-presidencial-con-70-de-descuento-a-una-dictadura-loret\\\/\"]}]},{\"@type\":\"ImageObject\",\"inLanguage\":\"es\",\"@id\":\"https:\\\/\\\/fuentesfidedignas.com.mx\\\/index.php\\\/2023\\\/04\\\/21\\\/amlo-remato-el-avion-presidencial-con-70-de-descuento-a-una-dictadura-loret\\\/#primaryimage\",\"url\":\"https:\\\/\\\/fuentesfidedignas.com.mx\\\/wp-content\\\/uploads\\\/2023\\\/04\\\/amlo-avion.jpg\",\"contentUrl\":\"https:\\\/\\\/fuentesfidedignas.com.mx\\\/wp-content\\\/uploads\\\/2023\\\/04\\\/amlo-avion.jpg\",\"width\":1024,\"height\":683},{\"@type\":\"BreadcrumbList\",\"@id\":\"https:\\\/\\\/fuentesfidedignas.com.mx\\\/index.php\\\/2023\\\/04\\\/21\\\/amlo-remato-el-avion-presidencial-con-70-de-descuento-a-una-dictadura-loret\\\/#breadcrumb\",\"itemListElement\":[{\"@type\":\"ListItem\",\"position\":1,\"name\":\"Inicio\",\"item\":\"https:\\\/\\\/fuentesfidedignas.com.mx\\\/\"},{\"@type\":\"ListItem\",\"position\":2,\"name\":\"AMLO remat\u00f3 el avi\u00f3n presidencial con 70% de descuento a una dictadura: Loret\"}]},{\"@type\":\"WebSite\",\"@id\":\"https:\\\/\\\/fuentesfidedignas.com.mx\\\/#website\",\"url\":\"https:\\\/\\\/fuentesfidedignas.com.mx\\\/\",\"name\":\"Fuentes Fidedignas\",\"description\":\"Otro sitio realizado con WordPress\",\"publisher\":{\"@id\":\"https:\\\/\\\/fuentesfidedignas.com.mx\\\/#organization\"},\"potentialAction\":[{\"@type\":\"SearchAction\",\"target\":{\"@type\":\"EntryPoint\",\"urlTemplate\":\"https:\\\/\\\/fuentesfidedignas.com.mx\\\/?s={search_term_string}\"},\"query-input\":{\"@type\":\"PropertyValueSpecification\",\"valueRequired\":true,\"valueName\":\"search_term_string\"}}],\"inLanguage\":\"es\"},{\"@type\":\"Organization\",\"@id\":\"https:\\\/\\\/fuentesfidedignas.com.mx\\\/#organization\",\"name\":\"Fuentes Fidedignas\",\"url\":\"https:\\\/\\\/fuentesfidedignas.com.mx\\\/\",\"logo\":{\"@type\":\"ImageObject\",\"inLanguage\":\"es\",\"@id\":\"https:\\\/\\\/fuentesfidedignas.com.mx\\\/#\\\/schema\\\/logo\\\/image\\\/\",\"url\":\"https:\\\/\\\/fuentesfidedignas.com.mx\\\/wp-content\\\/uploads\\\/2021\\\/04\\\/logo-retina.png\",\"contentUrl\":\"https:\\\/\\\/fuentesfidedignas.com.mx\\\/wp-content\\\/uploads\\\/2021\\\/04\\\/logo-retina.png\",\"width\":280,\"height\":51,\"caption\":\"Fuentes Fidedignas\"},\"image\":{\"@id\":\"https:\\\/\\\/fuentesfidedignas.com.mx\\\/#\\\/schema\\\/logo\\\/image\\\/\"},\"sameAs\":[\"https:\\\/\\\/www.facebook.com\\\/Fuentes-Fidedignas-368234489921644\",\"https:\\\/\\\/x.com\\\/fidedignas\"]},{\"@type\":\"Person\",\"@id\":\"https:\\\/\\\/fuentesfidedignas.com.mx\\\/#\\\/schema\\\/person\\\/8575896a7c1067d352f6c1cd6582c389\",\"name\":\"Infobae\",\"image\":{\"@type\":\"ImageObject\",\"inLanguage\":\"es\",\"@id\":\"https:\\\/\\\/secure.gravatar.com\\\/avatar\\\/e4ec95706f8d1670343f6526fdcec45474bab17475a851434a64ca12b5acba1c?s=96&d=mm&r=g\",\"url\":\"https:\\\/\\\/secure.gravatar.com\\\/avatar\\\/e4ec95706f8d1670343f6526fdcec45474bab17475a851434a64ca12b5acba1c?s=96&d=mm&r=g\",\"contentUrl\":\"https:\\\/\\\/secure.gravatar.com\\\/avatar\\\/e4ec95706f8d1670343f6526fdcec45474bab17475a851434a64ca12b5acba1c?s=96&d=mm&r=g\",\"caption\":\"Infobae\"},\"url\":\"https:\\\/\\\/fuentesfidedignas.com.mx\\\/index.php\\\/author\\\/infobae\\\/\"}]}<\/script>\n<!-- \/ Yoast SEO plugin. -->","yoast_head_json":{"title":"AMLO remat\u00f3 el avi\u00f3n presidencial con 70% de descuento a una dictadura: Loret - Fuentes Fidedignas","robots":{"index":"index","follow":"follow","max-snippet":"max-snippet:-1","max-image-preview":"max-image-preview:large","max-video-preview":"max-video-preview:-1"},"canonical":"https:\/\/fuentesfidedignas.com.mx\/index.php\/2023\/04\/21\/amlo-remato-el-avion-presidencial-con-70-de-descuento-a-una-dictadura-loret\/","og_locale":"es_MX","og_type":"article","og_title":"AMLO remat\u00f3 el avi\u00f3n presidencial con 70% de descuento a una dictadura: Loret - Fuentes Fidedignas","og_description":"En 2021 la ONU valu\u00f3 en 117 millones de d\u00f3lares al avi\u00f3n presidencial de M\u00e9xico, quien finalmente lo vendi\u00f3 a Tayikist\u00e1n con una rebaja adicional de 25 millones Ciudad de M\u00e9xico.- Luego que el gobierno de Andr\u00e9s Manuel L\u00f3pez Obrador anunci\u00f3 la venta del avi\u00f3n presidencial TP-01, Jos\u00e9 Mar\u00eda Morelos y Pav\u00f3n al r\u00e9gimen de\u00a0Tayikist\u00e1n\u00a0en [&hellip;]","og_url":"https:\/\/fuentesfidedignas.com.mx\/index.php\/2023\/04\/21\/amlo-remato-el-avion-presidencial-con-70-de-descuento-a-una-dictadura-loret\/","og_site_name":"Fuentes Fidedignas","article_publisher":"https:\/\/www.facebook.com\/Fuentes-Fidedignas-368234489921644","article_published_time":"2023-04-21T16:55:00+00:00","article_modified_time":"2023-04-21T19:57:57+00:00","og_image":[{"width":1024,"height":683,"url":"https:\/\/fuentesfidedignas.com.mx\/wp-content\/uploads\/2023\/04\/amlo-avion.jpg","type":"image\/jpeg"}],"author":"Infobae","twitter_card":"summary_large_image","twitter_creator":"@fidedignas","twitter_site":"@fidedignas","twitter_misc":{"Escrito por":"Infobae","Tiempo de lectura":"3 minutos"},"schema":{"@context":"https:\/\/schema.org","@graph":[{"@type":"Article","@id":"https:\/\/fuentesfidedignas.com.mx\/index.php\/2023\/04\/21\/amlo-remato-el-avion-presidencial-con-70-de-descuento-a-una-dictadura-loret\/#article","isPartOf":{"@id":"https:\/\/fuentesfidedignas.com.mx\/index.php\/2023\/04\/21\/amlo-remato-el-avion-presidencial-con-70-de-descuento-a-una-dictadura-loret\/"},"author":{"name":"Infobae","@id":"https:\/\/fuentesfidedignas.com.mx\/#\/schema\/person\/8575896a7c1067d352f6c1cd6582c389"},"headline":"AMLO remat\u00f3 el avi\u00f3n presidencial con 70% de descuento a una dictadura: Loret","datePublished":"2023-04-21T16:55:00+00:00","dateModified":"2023-04-21T19:57:57+00:00","mainEntityOfPage":{"@id":"https:\/\/fuentesfidedignas.com.mx\/index.php\/2023\/04\/21\/amlo-remato-el-avion-presidencial-con-70-de-descuento-a-una-dictadura-loret\/"},"wordCount":614,"commentCount":0,"publisher":{"@id":"https:\/\/fuentesfidedignas.com.mx\/#organization"},"image":{"@id":"https:\/\/fuentesfidedignas.com.mx\/index.php\/2023\/04\/21\/amlo-remato-el-avion-presidencial-con-70-de-descuento-a-una-dictadura-loret\/#primaryimage"},"thumbnailUrl":"https:\/\/fuentesfidedignas.com.mx\/wp-content\/uploads\/2023\/04\/amlo-avion.jpg","articleSection":["NOTICIAS NACIONALES"],"inLanguage":"es","potentialAction":[{"@type":"CommentAction","name":"Comment","target":["https:\/\/fuentesfidedignas.com.mx\/index.php\/2023\/04\/21\/amlo-remato-el-avion-presidencial-con-70-de-descuento-a-una-dictadura-loret\/#respond"]}]},{"@type":"WebPage","@id":"https:\/\/fuentesfidedignas.com.mx\/index.php\/2023\/04\/21\/amlo-remato-el-avion-presidencial-con-70-de-descuento-a-una-dictadura-loret\/","url":"https:\/\/fuentesfidedignas.com.mx\/index.php\/2023\/04\/21\/amlo-remato-el-avion-presidencial-con-70-de-descuento-a-una-dictadura-loret\/","name":"AMLO remat\u00f3 el avi\u00f3n presidencial con 70% de descuento a una dictadura: Loret - Fuentes Fidedignas","isPartOf":{"@id":"https:\/\/fuentesfidedignas.com.mx\/#website"},"primaryImageOfPage":{"@id":"https:\/\/fuentesfidedignas.com.mx\/index.php\/2023\/04\/21\/amlo-remato-el-avion-presidencial-con-70-de-descuento-a-una-dictadura-loret\/#primaryimage"},"image":{"@id":"https:\/\/fuentesfidedignas.com.mx\/index.php\/2023\/04\/21\/amlo-remato-el-avion-presidencial-con-70-de-descuento-a-una-dictadura-loret\/#primaryimage"},"thumbnailUrl":"https:\/\/fuentesfidedignas.com.mx\/wp-content\/uploads\/2023\/04\/amlo-avion.jpg","datePublished":"2023-04-21T16:55:00+00:00","dateModified":"2023-04-21T19:57:57+00:00","breadcrumb":{"@id":"https:\/\/fuentesfidedignas.com.mx\/index.php\/2023\/04\/21\/amlo-remato-el-avion-presidencial-con-70-de-descuento-a-una-dictadura-loret\/#breadcrumb"},"inLanguage":"es","potentialAction":[{"@type":"ReadAction","target":["https:\/\/fuentesfidedignas.com.mx\/index.php\/2023\/04\/21\/amlo-remato-el-avion-presidencial-con-70-de-descuento-a-una-dictadura-loret\/"]}]},{"@type":"ImageObject","inLanguage":"es","@id":"https:\/\/fuentesfidedignas.com.mx\/index.php\/2023\/04\/21\/amlo-remato-el-avion-presidencial-con-70-de-descuento-a-una-dictadura-loret\/#primaryimage","url":"https:\/\/fuentesfidedignas.com.mx\/wp-content\/uploads\/2023\/04\/amlo-avion.jpg","contentUrl":"https:\/\/fuentesfidedignas.com.mx\/wp-content\/uploads\/2023\/04\/amlo-avion.jpg","width":1024,"height":683},{"@type":"BreadcrumbList","@id":"https:\/\/fuentesfidedignas.com.mx\/index.php\/2023\/04\/21\/amlo-remato-el-avion-presidencial-con-70-de-descuento-a-una-dictadura-loret\/#breadcrumb","itemListElement":[{"@type":"ListItem","position":1,"name":"Inicio","item":"https:\/\/fuentesfidedignas.com.mx\/"},{"@type":"ListItem","position":2,"name":"AMLO remat\u00f3 el avi\u00f3n presidencial con 70% de descuento a una dictadura: Loret"}]},{"@type":"WebSite","@id":"https:\/\/fuentesfidedignas.com.mx\/#website","url":"https:\/\/fuentesfidedignas.com.mx\/","name":"Fuentes Fidedignas","description":"Otro sitio realizado con WordPress","publisher":{"@id":"https:\/\/fuentesfidedignas.com.mx\/#organization"},"potentialAction":[{"@type":"SearchAction","target":{"@type":"EntryPoint","urlTemplate":"https:\/\/fuentesfidedignas.com.mx\/?s={search_term_string}"},"query-input":{"@type":"PropertyValueSpecification","valueRequired":true,"valueName":"search_term_string"}}],"inLanguage":"es"},{"@type":"Organization","@id":"https:\/\/fuentesfidedignas.com.mx\/#organization","name":"Fuentes Fidedignas","url":"https:\/\/fuentesfidedignas.com.mx\/","logo":{"@type":"ImageObject","inLanguage":"es","@id":"https:\/\/fuentesfidedignas.com.mx\/#\/schema\/logo\/image\/","url":"https:\/\/fuentesfidedignas.com.mx\/wp-content\/uploads\/2021\/04\/logo-retina.png","contentUrl":"https:\/\/fuentesfidedignas.com.mx\/wp-content\/uploads\/2021\/04\/logo-retina.png","width":280,"height":51,"caption":"Fuentes Fidedignas"},"image":{"@id":"https:\/\/fuentesfidedignas.com.mx\/#\/schema\/logo\/image\/"},"sameAs":["https:\/\/www.facebook.com\/Fuentes-Fidedignas-368234489921644","https:\/\/x.com\/fidedignas"]},{"@type":"Person","@id":"https:\/\/fuentesfidedignas.com.mx\/#\/schema\/person\/8575896a7c1067d352f6c1cd6582c389","name":"Infobae","image":{"@type":"ImageObject","inLanguage":"es","@id":"https:\/\/secure.gravatar.com\/avatar\/e4ec95706f8d1670343f6526fdcec45474bab17475a851434a64ca12b5acba1c?s=96&d=mm&r=g","url":"https:\/\/secure.gravatar.com\/avatar\/e4ec95706f8d1670343f6526fdcec45474bab17475a851434a64ca12b5acba1c?s=96&d=mm&r=g","contentUrl":"https:\/\/secure.gravatar.com\/avatar\/e4ec95706f8d1670343f6526fdcec45474bab17475a851434a64ca12b5acba1c?s=96&d=mm&r=g","caption":"Infobae"},"url":"https:\/\/fuentesfidedignas.com.mx\/index.php\/author\/infobae\/"}]}},"_links":{"self":[{"href":"https:\/\/fuentesfidedignas.com.mx\/index.php\/wp-json\/wp\/v2\/posts\/45221","targetHints":{"allow":["GET"]}}],"collection":[{"href":"https:\/\/fuentesfidedignas.com.mx\/index.php\/wp-json\/wp\/v2\/posts"}],"about":[{"href":"https:\/\/fuentesfidedignas.com.mx\/index.php\/wp-json\/wp\/v2\/types\/post"}],"author":[{"embeddable":true,"href":"https:\/\/fuentesfidedignas.com.mx\/index.php\/wp-json\/wp\/v2\/users\/41"}],"replies":[{"embeddable":true,"href":"https:\/\/fuentesfidedignas.com.mx\/index.php\/wp-json\/wp\/v2\/comments?post=45221"}],"version-history":[{"count":1,"href":"https:\/\/fuentesfidedignas.com.mx\/index.php\/wp-json\/wp\/v2\/posts\/45221\/revisions"}],"predecessor-version":[{"id":45223,"href":"https:\/\/fuentesfidedignas.com.mx\/index.php\/wp-json\/wp\/v2\/posts\/45221\/revisions\/45223"}],"wp:featuredmedia":[{"embeddable":true,"href":"https:\/\/fuentesfidedignas.com.mx\/index.php\/wp-json\/wp\/v2\/media\/45222"}],"wp:attachment":[{"href":"https:\/\/fuentesfidedignas.com.mx\/index.php\/wp-json\/wp\/v2\/media?parent=45221"}],"wp:term":[{"taxonomy":"category","embeddable":true,"href":"https:\/\/fuentesfidedignas.com.mx\/index.php\/wp-json\/wp\/v2\/categories?post=45221"},{"taxonomy":"post_tag","embeddable":true,"href":"https:\/\/fuentesfidedignas.com.mx\/index.php\/wp-json\/wp\/v2\/tags?post=45221"}],"curies":[{"name":"wp","href":"https:\/\/api.w.org\/{rel}","templated":true}]}}