{"id":45180,"date":"2023-04-20T19:05:05","date_gmt":"2023-04-21T01:05:05","guid":{"rendered":"https:\/\/fuentesfidedignas.com.mx\/?p=45180"},"modified":"2023-04-20T19:20:46","modified_gmt":"2023-04-21T01:20:46","slug":"asesinan-en-plaza-comercial-de-la-ciudad-de-mexico-a-presunto-integrante-del-cartel-de-los-arellano-felix","status":"publish","type":"post","link":"https:\/\/fuentesfidedignas.com.mx\/index.php\/2023\/04\/20\/asesinan-en-plaza-comercial-de-la-ciudad-de-mexico-a-presunto-integrante-del-cartel-de-los-arellano-felix\/","title":{"rendered":"Asesinan en plaza comercial a presunto integrante del c\u00e1rtel de los Arellano F\u00e9lix"},"content":{"rendered":"\n<p><strong><em>Garc\u00eda Harfuch a\u00f1adi\u00f3 que la v\u00edctima &#8220;contaba con una orden de aprehensi\u00f3n en Oklahoma por tr\u00e1fico de drogas; cuenta con flujos migratorios frecuentes a Panam\u00e1, Cali, Colombia y San Diego, California&#8221;.<\/em><\/strong><\/p>\n\n\n\n<p>Ciudad de M\u00e9xico.- El hombre que fue ejecutado esta tarde en una cafeter\u00eda en Plaza Carso presuntamente estaba vinculado con la delincuencia organizada en el norte del pa\u00eds, asegur\u00f3 el secretario de Seguridad Ciudadana (SSC), Omar Garc\u00eda Harfuch.<\/p>\n\n\n\n<p>Luego del homicidio ocurrido en el establecimiento ubicado en la alcald\u00eda Miguel Hidalgo, inform\u00f3 en su cuenta de Twitter:<\/p>\n\n\n\n<p>\u201cAl interior de una plaza comercial en @AlcaldiaMHmx, una persona fue atacada de manera directa y perdi\u00f3 la vida, de acuerdo con los primeros resultados de la investigaci\u00f3n, se trata presuntamente de una persona vinculada a la delincuencia organizada en el Norte del pa\u00eds\u201d.<\/p>\n\n\n\n<p>El jefe de la polic\u00eda capitalina agreg\u00f3 que el sujeto de 42 a\u00f1os \u2014identificado como Julio C\u00e9sar Soto Meza- contaba con una orden de aprehensi\u00f3n en Oklahoma, Estados Unidos, por tr\u00e1fico de drogas; tambi\u00e9n le hallaron flujos migratorios frecuentes a Panam\u00e1, Cali, Colombia y San Diego, California.<\/p>\n\n\n\n<blockquote class=\"twitter-tweet\"><p lang=\"es\" dir=\"ltr\">Informo que la persona de 42 a\u00f1os que perdi\u00f3 la vida en una plaza en <a href=\"https:\/\/twitter.com\/AlcaldiaMHmx?ref_src=twsrc%5Etfw\">@AlcaldiaMHmx<\/a>, contaba con una orden de aprehensi\u00f3n en Oklahoma por tr\u00e1fico de drogas; cuenta con flujos migratorios frecuentes a Panam\u00e1, Cali, Colombia y San Diego, California. Seguiremos informando<\/p>&mdash; Omar Garcia Harfuch (@OHarfuch) <a href=\"https:\/\/twitter.com\/OHarfuch\/status\/1649199781108146176?ref_src=twsrc%5Etfw\">April 20, 2023<\/a><\/blockquote> <script async src=\"https:\/\/platform.twitter.com\/widgets.js\" charset=\"utf-8\"><\/script>\n\n\n\n<p>El periodista Carlos Jim\u00e9nez asegura que el sujeto era originario de Tijuana, pertenec\u00eda al C\u00e1rtel de Los Arellano F\u00e9lix y que ten\u00eda antecedentes penales.<\/p>\n\n\n\n<blockquote class=\"twitter-tweet\"><p lang=\"es\" dir=\"ltr\">(1\/2) Este es Julio C\u00e9sar Soto Meza, el hombre que fue asesinado hoy en Plaza Carso. Tambi\u00e9n se identifica como C\u00e9sar Meza Soto, integrante del C\u00e1rtel Arellano F\u00e9lix, con operaci\u00f3n en la colonia Los Pinos en Tijuana; en 2013 lo detuvieron por delitos contra la salud\u2026 <a href=\"https:\/\/t.co\/mszd9W91h3\">pic.twitter.com\/mszd9W91h3<\/a><\/p>&mdash; Salvador Garc\u00eda Soto (@SGarciaSoto) <a href=\"https:\/\/twitter.com\/SGarciaSoto\/status\/1649199970241617920?ref_src=twsrc%5Etfw\">April 20, 2023<\/a><\/blockquote> <script async src=\"https:\/\/platform.twitter.com\/widgets.js\" charset=\"utf-8\"><\/script>\n\n\n\n<p>Tras el hecho, la Fiscal\u00eda General de Justicia de la CDMX inici\u00f3 una investigaci\u00f3n sobre el homicidio, seg\u00fan inform\u00f3 en su cuenta de Twitter:<\/p>\n\n\n\n<p>\u201cIniciamos una investigaci\u00f3n luego de la muerte de una persona, ocurrida en una plaza ubicada en la alcald\u00eda Miguel Hidalgo. Personal ministerial, peritos, @PDI_FGJCDMX y c\u00e9lulas de atenci\u00f3n a v\u00edctimas ya se encuentran en el lugar\u201d.<\/p>\n","protected":false},"excerpt":{"rendered":"<p>Garc\u00eda Harfuch a\u00f1adi\u00f3 que la v\u00edctima &#8220;contaba con una orden de aprehensi\u00f3n en Oklahoma por tr\u00e1fico de drogas; cuenta con flujos migratorios frecuentes a Panam\u00e1, Cali, Colombia y San Diego, California&#8221;. Ciudad de M\u00e9xico.- El hombre que fue ejecutado esta tarde en una cafeter\u00eda en Plaza Carso presuntamente estaba vinculado con la delincuencia organizada en [&hellip;]<\/p>\n","protected":false},"author":50,"featured_media":45181,"comment_status":"open","ping_status":"open","sticky":false,"template":"","format":"standard","meta":{"tdm_status":"","tdm_grid_status":"","footnotes":""},"categories":[39],"tags":[],"class_list":{"0":"post-45180","1":"post","2":"type-post","3":"status-publish","4":"format-standard","5":"has-post-thumbnail","7":"category-noticias-nacionales"},"yoast_head":"<!-- This site is optimized with the Yoast SEO plugin v27.4 - https:\/\/yoast.com\/product\/yoast-seo-wordpress\/ -->\n<title>Asesinan en plaza comercial a presunto integrante del c\u00e1rtel de los Arellano F\u00e9lix - Fuentes Fidedignas<\/title>\n<meta name=\"robots\" content=\"index, follow, max-snippet:-1, max-image-preview:large, max-video-preview:-1\" \/>\n<link rel=\"canonical\" href=\"https:\/\/fuentesfidedignas.com.mx\/index.php\/2023\/04\/20\/asesinan-en-plaza-comercial-de-la-ciudad-de-mexico-a-presunto-integrante-del-cartel-de-los-arellano-felix\/\" \/>\n<meta property=\"og:locale\" content=\"es_MX\" \/>\n<meta property=\"og:type\" content=\"article\" \/>\n<meta property=\"og:title\" content=\"Asesinan en plaza comercial a presunto integrante del c\u00e1rtel de los Arellano F\u00e9lix - Fuentes Fidedignas\" \/>\n<meta property=\"og:description\" content=\"Garc\u00eda Harfuch a\u00f1adi\u00f3 que la v\u00edctima &#8220;contaba con una orden de aprehensi\u00f3n en Oklahoma por tr\u00e1fico de drogas; cuenta con flujos migratorios frecuentes a Panam\u00e1, Cali, Colombia y San Diego, California&#8221;. Ciudad de M\u00e9xico.- El hombre que fue ejecutado esta tarde en una cafeter\u00eda en Plaza Carso presuntamente estaba vinculado con la delincuencia organizada en [&hellip;]\" \/>\n<meta property=\"og:url\" content=\"https:\/\/fuentesfidedignas.com.mx\/index.php\/2023\/04\/20\/asesinan-en-plaza-comercial-de-la-ciudad-de-mexico-a-presunto-integrante-del-cartel-de-los-arellano-felix\/\" \/>\n<meta property=\"og:site_name\" content=\"Fuentes Fidedignas\" \/>\n<meta property=\"article:publisher\" content=\"https:\/\/www.facebook.com\/Fuentes-Fidedignas-368234489921644\" \/>\n<meta property=\"article:published_time\" content=\"2023-04-21T01:05:05+00:00\" \/>\n<meta property=\"article:modified_time\" content=\"2023-04-21T01:20:46+00:00\" \/>\n<meta property=\"og:image\" content=\"https:\/\/fuentesfidedignas.com.mx\/wp-content\/uploads\/2023\/04\/PLAZA_CORSO.jpg\" \/>\n\t<meta property=\"og:image:width\" content=\"1130\" \/>\n\t<meta property=\"og:image:height\" content=\"826\" \/>\n\t<meta property=\"og:image:type\" content=\"image\/jpeg\" \/>\n<meta name=\"author\" content=\"Proceso\" \/>\n<meta name=\"twitter:card\" content=\"summary_large_image\" \/>\n<meta name=\"twitter:creator\" content=\"@fidedignas\" \/>\n<meta name=\"twitter:site\" content=\"@fidedignas\" \/>\n<meta name=\"twitter:label1\" content=\"Escrito por\" \/>\n\t<meta name=\"twitter:data1\" content=\"Proceso\" \/>\n\t<meta name=\"twitter:label2\" content=\"Tiempo de lectura\" \/>\n\t<meta name=\"twitter:data2\" content=\"2 minutos\" \/>\n<script type=\"application\/ld+json\" class=\"yoast-schema-graph\">{\"@context\":\"https:\\\/\\\/schema.org\",\"@graph\":[{\"@type\":\"Article\",\"@id\":\"https:\\\/\\\/fuentesfidedignas.com.mx\\\/index.php\\\/2023\\\/04\\\/20\\\/asesinan-en-plaza-comercial-de-la-ciudad-de-mexico-a-presunto-integrante-del-cartel-de-los-arellano-felix\\\/#article\",\"isPartOf\":{\"@id\":\"https:\\\/\\\/fuentesfidedignas.com.mx\\\/index.php\\\/2023\\\/04\\\/20\\\/asesinan-en-plaza-comercial-de-la-ciudad-de-mexico-a-presunto-integrante-del-cartel-de-los-arellano-felix\\\/\"},\"author\":{\"name\":\"Proceso\",\"@id\":\"https:\\\/\\\/fuentesfidedignas.com.mx\\\/#\\\/schema\\\/person\\\/eb72247ff123b3ce5e4cadc7f50ae372\"},\"headline\":\"Asesinan en plaza comercial a presunto integrante del c\u00e1rtel de los Arellano F\u00e9lix\",\"datePublished\":\"2023-04-21T01:05:05+00:00\",\"dateModified\":\"2023-04-21T01:20:46+00:00\",\"mainEntityOfPage\":{\"@id\":\"https:\\\/\\\/fuentesfidedignas.com.mx\\\/index.php\\\/2023\\\/04\\\/20\\\/asesinan-en-plaza-comercial-de-la-ciudad-de-mexico-a-presunto-integrante-del-cartel-de-los-arellano-felix\\\/\"},\"wordCount\":424,\"commentCount\":0,\"publisher\":{\"@id\":\"https:\\\/\\\/fuentesfidedignas.com.mx\\\/#organization\"},\"image\":{\"@id\":\"https:\\\/\\\/fuentesfidedignas.com.mx\\\/index.php\\\/2023\\\/04\\\/20\\\/asesinan-en-plaza-comercial-de-la-ciudad-de-mexico-a-presunto-integrante-del-cartel-de-los-arellano-felix\\\/#primaryimage\"},\"thumbnailUrl\":\"https:\\\/\\\/fuentesfidedignas.com.mx\\\/wp-content\\\/uploads\\\/2023\\\/04\\\/PLAZA_CORSO.jpg\",\"articleSection\":[\"NOTICIAS NACIONALES\"],\"inLanguage\":\"es\",\"potentialAction\":[{\"@type\":\"CommentAction\",\"name\":\"Comment\",\"target\":[\"https:\\\/\\\/fuentesfidedignas.com.mx\\\/index.php\\\/2023\\\/04\\\/20\\\/asesinan-en-plaza-comercial-de-la-ciudad-de-mexico-a-presunto-integrante-del-cartel-de-los-arellano-felix\\\/#respond\"]}]},{\"@type\":\"WebPage\",\"@id\":\"https:\\\/\\\/fuentesfidedignas.com.mx\\\/index.php\\\/2023\\\/04\\\/20\\\/asesinan-en-plaza-comercial-de-la-ciudad-de-mexico-a-presunto-integrante-del-cartel-de-los-arellano-felix\\\/\",\"url\":\"https:\\\/\\\/fuentesfidedignas.com.mx\\\/index.php\\\/2023\\\/04\\\/20\\\/asesinan-en-plaza-comercial-de-la-ciudad-de-mexico-a-presunto-integrante-del-cartel-de-los-arellano-felix\\\/\",\"name\":\"Asesinan en plaza comercial a presunto integrante del c\u00e1rtel de los Arellano F\u00e9lix - Fuentes Fidedignas\",\"isPartOf\":{\"@id\":\"https:\\\/\\\/fuentesfidedignas.com.mx\\\/#website\"},\"primaryImageOfPage\":{\"@id\":\"https:\\\/\\\/fuentesfidedignas.com.mx\\\/index.php\\\/2023\\\/04\\\/20\\\/asesinan-en-plaza-comercial-de-la-ciudad-de-mexico-a-presunto-integrante-del-cartel-de-los-arellano-felix\\\/#primaryimage\"},\"image\":{\"@id\":\"https:\\\/\\\/fuentesfidedignas.com.mx\\\/index.php\\\/2023\\\/04\\\/20\\\/asesinan-en-plaza-comercial-de-la-ciudad-de-mexico-a-presunto-integrante-del-cartel-de-los-arellano-felix\\\/#primaryimage\"},\"thumbnailUrl\":\"https:\\\/\\\/fuentesfidedignas.com.mx\\\/wp-content\\\/uploads\\\/2023\\\/04\\\/PLAZA_CORSO.jpg\",\"datePublished\":\"2023-04-21T01:05:05+00:00\",\"dateModified\":\"2023-04-21T01:20:46+00:00\",\"breadcrumb\":{\"@id\":\"https:\\\/\\\/fuentesfidedignas.com.mx\\\/index.php\\\/2023\\\/04\\\/20\\\/asesinan-en-plaza-comercial-de-la-ciudad-de-mexico-a-presunto-integrante-del-cartel-de-los-arellano-felix\\\/#breadcrumb\"},\"inLanguage\":\"es\",\"potentialAction\":[{\"@type\":\"ReadAction\",\"target\":[\"https:\\\/\\\/fuentesfidedignas.com.mx\\\/index.php\\\/2023\\\/04\\\/20\\\/asesinan-en-plaza-comercial-de-la-ciudad-de-mexico-a-presunto-integrante-del-cartel-de-los-arellano-felix\\\/\"]}]},{\"@type\":\"ImageObject\",\"inLanguage\":\"es\",\"@id\":\"https:\\\/\\\/fuentesfidedignas.com.mx\\\/index.php\\\/2023\\\/04\\\/20\\\/asesinan-en-plaza-comercial-de-la-ciudad-de-mexico-a-presunto-integrante-del-cartel-de-los-arellano-felix\\\/#primaryimage\",\"url\":\"https:\\\/\\\/fuentesfidedignas.com.mx\\\/wp-content\\\/uploads\\\/2023\\\/04\\\/PLAZA_CORSO.jpg\",\"contentUrl\":\"https:\\\/\\\/fuentesfidedignas.com.mx\\\/wp-content\\\/uploads\\\/2023\\\/04\\\/PLAZA_CORSO.jpg\",\"width\":1130,\"height\":826},{\"@type\":\"BreadcrumbList\",\"@id\":\"https:\\\/\\\/fuentesfidedignas.com.mx\\\/index.php\\\/2023\\\/04\\\/20\\\/asesinan-en-plaza-comercial-de-la-ciudad-de-mexico-a-presunto-integrante-del-cartel-de-los-arellano-felix\\\/#breadcrumb\",\"itemListElement\":[{\"@type\":\"ListItem\",\"position\":1,\"name\":\"Inicio\",\"item\":\"https:\\\/\\\/fuentesfidedignas.com.mx\\\/\"},{\"@type\":\"ListItem\",\"position\":2,\"name\":\"Asesinan en plaza comercial a presunto integrante del c\u00e1rtel de los Arellano F\u00e9lix\"}]},{\"@type\":\"WebSite\",\"@id\":\"https:\\\/\\\/fuentesfidedignas.com.mx\\\/#website\",\"url\":\"https:\\\/\\\/fuentesfidedignas.com.mx\\\/\",\"name\":\"Fuentes Fidedignas\",\"description\":\"Otro sitio realizado con WordPress\",\"publisher\":{\"@id\":\"https:\\\/\\\/fuentesfidedignas.com.mx\\\/#organization\"},\"potentialAction\":[{\"@type\":\"SearchAction\",\"target\":{\"@type\":\"EntryPoint\",\"urlTemplate\":\"https:\\\/\\\/fuentesfidedignas.com.mx\\\/?s={search_term_string}\"},\"query-input\":{\"@type\":\"PropertyValueSpecification\",\"valueRequired\":true,\"valueName\":\"search_term_string\"}}],\"inLanguage\":\"es\"},{\"@type\":\"Organization\",\"@id\":\"https:\\\/\\\/fuentesfidedignas.com.mx\\\/#organization\",\"name\":\"Fuentes Fidedignas\",\"url\":\"https:\\\/\\\/fuentesfidedignas.com.mx\\\/\",\"logo\":{\"@type\":\"ImageObject\",\"inLanguage\":\"es\",\"@id\":\"https:\\\/\\\/fuentesfidedignas.com.mx\\\/#\\\/schema\\\/logo\\\/image\\\/\",\"url\":\"https:\\\/\\\/fuentesfidedignas.com.mx\\\/wp-content\\\/uploads\\\/2021\\\/04\\\/logo-retina.png\",\"contentUrl\":\"https:\\\/\\\/fuentesfidedignas.com.mx\\\/wp-content\\\/uploads\\\/2021\\\/04\\\/logo-retina.png\",\"width\":280,\"height\":51,\"caption\":\"Fuentes Fidedignas\"},\"image\":{\"@id\":\"https:\\\/\\\/fuentesfidedignas.com.mx\\\/#\\\/schema\\\/logo\\\/image\\\/\"},\"sameAs\":[\"https:\\\/\\\/www.facebook.com\\\/Fuentes-Fidedignas-368234489921644\",\"https:\\\/\\\/x.com\\\/fidedignas\"]},{\"@type\":\"Person\",\"@id\":\"https:\\\/\\\/fuentesfidedignas.com.mx\\\/#\\\/schema\\\/person\\\/eb72247ff123b3ce5e4cadc7f50ae372\",\"name\":\"Proceso\",\"image\":{\"@type\":\"ImageObject\",\"inLanguage\":\"es\",\"@id\":\"https:\\\/\\\/secure.gravatar.com\\\/avatar\\\/0bb01ecb091d50a46122cbe5cc32ffea15a000f83628f1e40458e669d38ff2cd?s=96&d=mm&r=g\",\"url\":\"https:\\\/\\\/secure.gravatar.com\\\/avatar\\\/0bb01ecb091d50a46122cbe5cc32ffea15a000f83628f1e40458e669d38ff2cd?s=96&d=mm&r=g\",\"contentUrl\":\"https:\\\/\\\/secure.gravatar.com\\\/avatar\\\/0bb01ecb091d50a46122cbe5cc32ffea15a000f83628f1e40458e669d38ff2cd?s=96&d=mm&r=g\",\"caption\":\"Proceso\"},\"url\":\"https:\\\/\\\/fuentesfidedignas.com.mx\\\/index.php\\\/author\\\/proceso\\\/\"}]}<\/script>\n<!-- \/ Yoast SEO plugin. -->","yoast_head_json":{"title":"Asesinan en plaza comercial a presunto integrante del c\u00e1rtel de los Arellano F\u00e9lix - Fuentes Fidedignas","robots":{"index":"index","follow":"follow","max-snippet":"max-snippet:-1","max-image-preview":"max-image-preview:large","max-video-preview":"max-video-preview:-1"},"canonical":"https:\/\/fuentesfidedignas.com.mx\/index.php\/2023\/04\/20\/asesinan-en-plaza-comercial-de-la-ciudad-de-mexico-a-presunto-integrante-del-cartel-de-los-arellano-felix\/","og_locale":"es_MX","og_type":"article","og_title":"Asesinan en plaza comercial a presunto integrante del c\u00e1rtel de los Arellano F\u00e9lix - Fuentes Fidedignas","og_description":"Garc\u00eda Harfuch a\u00f1adi\u00f3 que la v\u00edctima &#8220;contaba con una orden de aprehensi\u00f3n en Oklahoma por tr\u00e1fico de drogas; cuenta con flujos migratorios frecuentes a Panam\u00e1, Cali, Colombia y San Diego, California&#8221;. Ciudad de M\u00e9xico.- El hombre que fue ejecutado esta tarde en una cafeter\u00eda en Plaza Carso presuntamente estaba vinculado con la delincuencia organizada en [&hellip;]","og_url":"https:\/\/fuentesfidedignas.com.mx\/index.php\/2023\/04\/20\/asesinan-en-plaza-comercial-de-la-ciudad-de-mexico-a-presunto-integrante-del-cartel-de-los-arellano-felix\/","og_site_name":"Fuentes Fidedignas","article_publisher":"https:\/\/www.facebook.com\/Fuentes-Fidedignas-368234489921644","article_published_time":"2023-04-21T01:05:05+00:00","article_modified_time":"2023-04-21T01:20:46+00:00","og_image":[{"width":1130,"height":826,"url":"https:\/\/fuentesfidedignas.com.mx\/wp-content\/uploads\/2023\/04\/PLAZA_CORSO.jpg","type":"image\/jpeg"}],"author":"Proceso","twitter_card":"summary_large_image","twitter_creator":"@fidedignas","twitter_site":"@fidedignas","twitter_misc":{"Escrito por":"Proceso","Tiempo de lectura":"2 minutos"},"schema":{"@context":"https:\/\/schema.org","@graph":[{"@type":"Article","@id":"https:\/\/fuentesfidedignas.com.mx\/index.php\/2023\/04\/20\/asesinan-en-plaza-comercial-de-la-ciudad-de-mexico-a-presunto-integrante-del-cartel-de-los-arellano-felix\/#article","isPartOf":{"@id":"https:\/\/fuentesfidedignas.com.mx\/index.php\/2023\/04\/20\/asesinan-en-plaza-comercial-de-la-ciudad-de-mexico-a-presunto-integrante-del-cartel-de-los-arellano-felix\/"},"author":{"name":"Proceso","@id":"https:\/\/fuentesfidedignas.com.mx\/#\/schema\/person\/eb72247ff123b3ce5e4cadc7f50ae372"},"headline":"Asesinan en plaza comercial a presunto integrante del c\u00e1rtel de los Arellano F\u00e9lix","datePublished":"2023-04-21T01:05:05+00:00","dateModified":"2023-04-21T01:20:46+00:00","mainEntityOfPage":{"@id":"https:\/\/fuentesfidedignas.com.mx\/index.php\/2023\/04\/20\/asesinan-en-plaza-comercial-de-la-ciudad-de-mexico-a-presunto-integrante-del-cartel-de-los-arellano-felix\/"},"wordCount":424,"commentCount":0,"publisher":{"@id":"https:\/\/fuentesfidedignas.com.mx\/#organization"},"image":{"@id":"https:\/\/fuentesfidedignas.com.mx\/index.php\/2023\/04\/20\/asesinan-en-plaza-comercial-de-la-ciudad-de-mexico-a-presunto-integrante-del-cartel-de-los-arellano-felix\/#primaryimage"},"thumbnailUrl":"https:\/\/fuentesfidedignas.com.mx\/wp-content\/uploads\/2023\/04\/PLAZA_CORSO.jpg","articleSection":["NOTICIAS NACIONALES"],"inLanguage":"es","potentialAction":[{"@type":"CommentAction","name":"Comment","target":["https:\/\/fuentesfidedignas.com.mx\/index.php\/2023\/04\/20\/asesinan-en-plaza-comercial-de-la-ciudad-de-mexico-a-presunto-integrante-del-cartel-de-los-arellano-felix\/#respond"]}]},{"@type":"WebPage","@id":"https:\/\/fuentesfidedignas.com.mx\/index.php\/2023\/04\/20\/asesinan-en-plaza-comercial-de-la-ciudad-de-mexico-a-presunto-integrante-del-cartel-de-los-arellano-felix\/","url":"https:\/\/fuentesfidedignas.com.mx\/index.php\/2023\/04\/20\/asesinan-en-plaza-comercial-de-la-ciudad-de-mexico-a-presunto-integrante-del-cartel-de-los-arellano-felix\/","name":"Asesinan en plaza comercial a presunto integrante del c\u00e1rtel de los Arellano F\u00e9lix - Fuentes Fidedignas","isPartOf":{"@id":"https:\/\/fuentesfidedignas.com.mx\/#website"},"primaryImageOfPage":{"@id":"https:\/\/fuentesfidedignas.com.mx\/index.php\/2023\/04\/20\/asesinan-en-plaza-comercial-de-la-ciudad-de-mexico-a-presunto-integrante-del-cartel-de-los-arellano-felix\/#primaryimage"},"image":{"@id":"https:\/\/fuentesfidedignas.com.mx\/index.php\/2023\/04\/20\/asesinan-en-plaza-comercial-de-la-ciudad-de-mexico-a-presunto-integrante-del-cartel-de-los-arellano-felix\/#primaryimage"},"thumbnailUrl":"https:\/\/fuentesfidedignas.com.mx\/wp-content\/uploads\/2023\/04\/PLAZA_CORSO.jpg","datePublished":"2023-04-21T01:05:05+00:00","dateModified":"2023-04-21T01:20:46+00:00","breadcrumb":{"@id":"https:\/\/fuentesfidedignas.com.mx\/index.php\/2023\/04\/20\/asesinan-en-plaza-comercial-de-la-ciudad-de-mexico-a-presunto-integrante-del-cartel-de-los-arellano-felix\/#breadcrumb"},"inLanguage":"es","potentialAction":[{"@type":"ReadAction","target":["https:\/\/fuentesfidedignas.com.mx\/index.php\/2023\/04\/20\/asesinan-en-plaza-comercial-de-la-ciudad-de-mexico-a-presunto-integrante-del-cartel-de-los-arellano-felix\/"]}]},{"@type":"ImageObject","inLanguage":"es","@id":"https:\/\/fuentesfidedignas.com.mx\/index.php\/2023\/04\/20\/asesinan-en-plaza-comercial-de-la-ciudad-de-mexico-a-presunto-integrante-del-cartel-de-los-arellano-felix\/#primaryimage","url":"https:\/\/fuentesfidedignas.com.mx\/wp-content\/uploads\/2023\/04\/PLAZA_CORSO.jpg","contentUrl":"https:\/\/fuentesfidedignas.com.mx\/wp-content\/uploads\/2023\/04\/PLAZA_CORSO.jpg","width":1130,"height":826},{"@type":"BreadcrumbList","@id":"https:\/\/fuentesfidedignas.com.mx\/index.php\/2023\/04\/20\/asesinan-en-plaza-comercial-de-la-ciudad-de-mexico-a-presunto-integrante-del-cartel-de-los-arellano-felix\/#breadcrumb","itemListElement":[{"@type":"ListItem","position":1,"name":"Inicio","item":"https:\/\/fuentesfidedignas.com.mx\/"},{"@type":"ListItem","position":2,"name":"Asesinan en plaza comercial a presunto integrante del c\u00e1rtel de los Arellano F\u00e9lix"}]},{"@type":"WebSite","@id":"https:\/\/fuentesfidedignas.com.mx\/#website","url":"https:\/\/fuentesfidedignas.com.mx\/","name":"Fuentes Fidedignas","description":"Otro sitio realizado con WordPress","publisher":{"@id":"https:\/\/fuentesfidedignas.com.mx\/#organization"},"potentialAction":[{"@type":"SearchAction","target":{"@type":"EntryPoint","urlTemplate":"https:\/\/fuentesfidedignas.com.mx\/?s={search_term_string}"},"query-input":{"@type":"PropertyValueSpecification","valueRequired":true,"valueName":"search_term_string"}}],"inLanguage":"es"},{"@type":"Organization","@id":"https:\/\/fuentesfidedignas.com.mx\/#organization","name":"Fuentes Fidedignas","url":"https:\/\/fuentesfidedignas.com.mx\/","logo":{"@type":"ImageObject","inLanguage":"es","@id":"https:\/\/fuentesfidedignas.com.mx\/#\/schema\/logo\/image\/","url":"https:\/\/fuentesfidedignas.com.mx\/wp-content\/uploads\/2021\/04\/logo-retina.png","contentUrl":"https:\/\/fuentesfidedignas.com.mx\/wp-content\/uploads\/2021\/04\/logo-retina.png","width":280,"height":51,"caption":"Fuentes Fidedignas"},"image":{"@id":"https:\/\/fuentesfidedignas.com.mx\/#\/schema\/logo\/image\/"},"sameAs":["https:\/\/www.facebook.com\/Fuentes-Fidedignas-368234489921644","https:\/\/x.com\/fidedignas"]},{"@type":"Person","@id":"https:\/\/fuentesfidedignas.com.mx\/#\/schema\/person\/eb72247ff123b3ce5e4cadc7f50ae372","name":"Proceso","image":{"@type":"ImageObject","inLanguage":"es","@id":"https:\/\/secure.gravatar.com\/avatar\/0bb01ecb091d50a46122cbe5cc32ffea15a000f83628f1e40458e669d38ff2cd?s=96&d=mm&r=g","url":"https:\/\/secure.gravatar.com\/avatar\/0bb01ecb091d50a46122cbe5cc32ffea15a000f83628f1e40458e669d38ff2cd?s=96&d=mm&r=g","contentUrl":"https:\/\/secure.gravatar.com\/avatar\/0bb01ecb091d50a46122cbe5cc32ffea15a000f83628f1e40458e669d38ff2cd?s=96&d=mm&r=g","caption":"Proceso"},"url":"https:\/\/fuentesfidedignas.com.mx\/index.php\/author\/proceso\/"}]}},"_links":{"self":[{"href":"https:\/\/fuentesfidedignas.com.mx\/index.php\/wp-json\/wp\/v2\/posts\/45180","targetHints":{"allow":["GET"]}}],"collection":[{"href":"https:\/\/fuentesfidedignas.com.mx\/index.php\/wp-json\/wp\/v2\/posts"}],"about":[{"href":"https:\/\/fuentesfidedignas.com.mx\/index.php\/wp-json\/wp\/v2\/types\/post"}],"author":[{"embeddable":true,"href":"https:\/\/fuentesfidedignas.com.mx\/index.php\/wp-json\/wp\/v2\/users\/50"}],"replies":[{"embeddable":true,"href":"https:\/\/fuentesfidedignas.com.mx\/index.php\/wp-json\/wp\/v2\/comments?post=45180"}],"version-history":[{"count":2,"href":"https:\/\/fuentesfidedignas.com.mx\/index.php\/wp-json\/wp\/v2\/posts\/45180\/revisions"}],"predecessor-version":[{"id":45189,"href":"https:\/\/fuentesfidedignas.com.mx\/index.php\/wp-json\/wp\/v2\/posts\/45180\/revisions\/45189"}],"wp:featuredmedia":[{"embeddable":true,"href":"https:\/\/fuentesfidedignas.com.mx\/index.php\/wp-json\/wp\/v2\/media\/45181"}],"wp:attachment":[{"href":"https:\/\/fuentesfidedignas.com.mx\/index.php\/wp-json\/wp\/v2\/media?parent=45180"}],"wp:term":[{"taxonomy":"category","embeddable":true,"href":"https:\/\/fuentesfidedignas.com.mx\/index.php\/wp-json\/wp\/v2\/categories?post=45180"},{"taxonomy":"post_tag","embeddable":true,"href":"https:\/\/fuentesfidedignas.com.mx\/index.php\/wp-json\/wp\/v2\/tags?post=45180"}],"curies":[{"name":"wp","href":"https:\/\/api.w.org\/{rel}","templated":true}]}}