{"id":45135,"date":"2023-04-20T14:49:17","date_gmt":"2023-04-20T20:49:17","guid":{"rendered":"https:\/\/fuentesfidedignas.com.mx\/?p=45135"},"modified":"2023-04-20T17:08:31","modified_gmt":"2023-04-20T23:08:31","slug":"feliciano-castro-denigra-congreso-usando-tribuna-para-hablar-mal-de-la-uas-acusan","status":"publish","type":"post","link":"https:\/\/fuentesfidedignas.com.mx\/index.php\/2023\/04\/20\/feliciano-castro-denigra-congreso-usando-tribuna-para-hablar-mal-de-la-uas-acusan\/","title":{"rendered":"Feliciano Castro denigra al Congreso usando la tribuna para atacar a la UAS, acusan"},"content":{"rendered":"\n<p><strong><em> \u201cEst\u00e1 utilizando el Congreso como un arma de persecuci\u00f3n pol\u00edtica contra los que no est\u00e1n con \u00e9l\u201d, expres\u00f3 Gene Boj\u00f3rquez<\/em><\/strong><\/p>\n\n\n\n<p>Culiac\u00e1n, Sin.- El diputado Feliciano Castro Mel\u00e9ndrez denigra al Congreso del Estado usando sus atribuciones como presidente de la Junta de Coordinaci\u00f3n Pol\u00edtica (Jucopo), haciendo uso de la tribuna en un sesi\u00f3n solemne para atacar pol\u00edticamente a la Universidad Aut\u00f3noma de Sinaloa (UAS).<\/p>\n\n\n\n<p>Lo anterior, en opini\u00f3n del legislador Gene Ren\u00e9 Boj\u00f3rquez Ruiz, referente al discurso del legislador de Morena sobre la universidad durante la sesi\u00f3n solemne del Parlamento Juvenil 7 de Abril. <\/p>\n\n\n\n<p> \u201c<strong>Est\u00e1 utilizando el Congreso como un arma de persecuci\u00f3n pol\u00edtica contra los que no est\u00e1n con \u00e9l, el presidente de la Jucopo muestra que utilizar\u00e1 cualquier espacio para mandar mensajes pol\u00edticos a los sectores en el estado; da verg\u00fcenza que utilice estos espacios para beneficio de su grupo mayoritario<\/strong>\u201d, expres\u00f3 el representante del Partido Sinaloense.<\/p>\n\n\n\n<p>\u201c<strong>Ya basta de que utilice este Congreso en un af\u00e1n de persecuci\u00f3n pol\u00edtica, este tipo de actitudes no corresponden a los diputados, no estamos de acuerdo con la participaci\u00f3n del presidente de la Jucopo, no estamos de acuerdo como est\u00e1 actuando<\/strong>\u201d, a\u00f1adi\u00f3.<\/p>\n\n\n\n<iframe loading=\"lazy\" src=\"https:\/\/www.facebook.com\/plugins\/video.php?height=314&#038;href=https%3A%2F%2Fwww.facebook.com%2F368234489921644%2Fvideos%2F242985304966462%2F&#038;show_text=false&#038;width=560&#038;t=0\" width=\"560\" height=\"314\" style=\"border:none;overflow:hidden\" scrolling=\"no\" frameborder=\"0\" allowfullscreen=\"true\" allow=\"autoplay; clipboard-write; encrypted-media; picture-in-picture; web-share\" allowFullScreen=\"true\"><\/iframe>\n\n\n\n<p>Cabe destacar que el diputado pasista abandon\u00f3 el Plene durante el discurso, en muestra de su descontento por el uso de la palabra del presidente de la Jucopo.<\/p>\n","protected":false},"excerpt":{"rendered":"<p>\u201cEst\u00e1 utilizando el Congreso como un arma de persecuci\u00f3n pol\u00edtica contra los que no est\u00e1n con \u00e9l\u201d, expres\u00f3 Gene Boj\u00f3rquez Culiac\u00e1n, Sin.- El diputado Feliciano Castro Mel\u00e9ndrez denigra al Congreso del Estado usando sus atribuciones como presidente de la Junta de Coordinaci\u00f3n Pol\u00edtica (Jucopo), haciendo uso de la tribuna en un sesi\u00f3n solemne para atacar [&hellip;]<\/p>\n","protected":false},"author":11,"featured_media":45139,"comment_status":"open","ping_status":"open","sticky":false,"template":"","format":"standard","meta":{"tdm_status":"","tdm_grid_status":"","footnotes":""},"categories":[37],"tags":[],"class_list":{"0":"post-45135","1":"post","2":"type-post","3":"status-publish","4":"format-standard","5":"has-post-thumbnail","7":"category-nota-principal"},"yoast_head":"<!-- This site is optimized with the Yoast SEO plugin v27.5 - https:\/\/yoast.com\/product\/yoast-seo-wordpress\/ -->\n<title>Feliciano Castro denigra al Congreso usando la tribuna para atacar a la UAS, acusan - Fuentes Fidedignas<\/title>\n<meta name=\"robots\" content=\"index, follow, max-snippet:-1, max-image-preview:large, max-video-preview:-1\" \/>\n<link rel=\"canonical\" href=\"https:\/\/fuentesfidedignas.com.mx\/index.php\/2023\/04\/20\/feliciano-castro-denigra-congreso-usando-tribuna-para-hablar-mal-de-la-uas-acusan\/\" \/>\n<meta property=\"og:locale\" content=\"es_MX\" \/>\n<meta property=\"og:type\" content=\"article\" \/>\n<meta property=\"og:title\" content=\"Feliciano Castro denigra al Congreso usando la tribuna para atacar a la UAS, acusan - Fuentes Fidedignas\" \/>\n<meta property=\"og:description\" content=\"\u201cEst\u00e1 utilizando el Congreso como un arma de persecuci\u00f3n pol\u00edtica contra los que no est\u00e1n con \u00e9l\u201d, expres\u00f3 Gene Boj\u00f3rquez Culiac\u00e1n, Sin.- El diputado Feliciano Castro Mel\u00e9ndrez denigra al Congreso del Estado usando sus atribuciones como presidente de la Junta de Coordinaci\u00f3n Pol\u00edtica (Jucopo), haciendo uso de la tribuna en un sesi\u00f3n solemne para atacar [&hellip;]\" \/>\n<meta property=\"og:url\" content=\"https:\/\/fuentesfidedignas.com.mx\/index.php\/2023\/04\/20\/feliciano-castro-denigra-congreso-usando-tribuna-para-hablar-mal-de-la-uas-acusan\/\" \/>\n<meta property=\"og:site_name\" content=\"Fuentes Fidedignas\" \/>\n<meta property=\"article:publisher\" content=\"https:\/\/www.facebook.com\/Fuentes-Fidedignas-368234489921644\" \/>\n<meta property=\"article:published_time\" content=\"2023-04-20T20:49:17+00:00\" \/>\n<meta property=\"article:modified_time\" content=\"2023-04-20T23:08:31+00:00\" \/>\n<meta property=\"og:image\" content=\"https:\/\/fuentesfidedignas.com.mx\/wp-content\/uploads\/2023\/04\/feliciano-uas.jpg\" \/>\n\t<meta property=\"og:image:width\" content=\"1024\" \/>\n\t<meta property=\"og:image:height\" content=\"684\" \/>\n\t<meta property=\"og:image:type\" content=\"image\/jpeg\" \/>\n<meta name=\"author\" content=\"Marissa Palafox\" \/>\n<meta name=\"twitter:card\" content=\"summary_large_image\" \/>\n<meta name=\"twitter:creator\" content=\"@fidedignas\" \/>\n<meta name=\"twitter:site\" content=\"@fidedignas\" \/>\n<meta name=\"twitter:label1\" content=\"Escrito por\" \/>\n\t<meta name=\"twitter:data1\" content=\"Marissa Palafox\" \/>\n\t<meta name=\"twitter:label2\" content=\"Tiempo de lectura\" \/>\n\t<meta name=\"twitter:data2\" content=\"1 minuto\" \/>\n<script type=\"application\/ld+json\" class=\"yoast-schema-graph\">{\"@context\":\"https:\\\/\\\/schema.org\",\"@graph\":[{\"@type\":\"Article\",\"@id\":\"https:\\\/\\\/fuentesfidedignas.com.mx\\\/index.php\\\/2023\\\/04\\\/20\\\/feliciano-castro-denigra-congreso-usando-tribuna-para-hablar-mal-de-la-uas-acusan\\\/#article\",\"isPartOf\":{\"@id\":\"https:\\\/\\\/fuentesfidedignas.com.mx\\\/index.php\\\/2023\\\/04\\\/20\\\/feliciano-castro-denigra-congreso-usando-tribuna-para-hablar-mal-de-la-uas-acusan\\\/\"},\"author\":{\"name\":\"Marissa Palafox\",\"@id\":\"https:\\\/\\\/fuentesfidedignas.com.mx\\\/#\\\/schema\\\/person\\\/2c10028b4a30078c05a056a215342ab9\"},\"headline\":\"Feliciano Castro denigra al Congreso usando la tribuna para atacar a la UAS, acusan\",\"datePublished\":\"2023-04-20T20:49:17+00:00\",\"dateModified\":\"2023-04-20T23:08:31+00:00\",\"mainEntityOfPage\":{\"@id\":\"https:\\\/\\\/fuentesfidedignas.com.mx\\\/index.php\\\/2023\\\/04\\\/20\\\/feliciano-castro-denigra-congreso-usando-tribuna-para-hablar-mal-de-la-uas-acusan\\\/\"},\"wordCount\":256,\"commentCount\":0,\"publisher\":{\"@id\":\"https:\\\/\\\/fuentesfidedignas.com.mx\\\/#organization\"},\"image\":{\"@id\":\"https:\\\/\\\/fuentesfidedignas.com.mx\\\/index.php\\\/2023\\\/04\\\/20\\\/feliciano-castro-denigra-congreso-usando-tribuna-para-hablar-mal-de-la-uas-acusan\\\/#primaryimage\"},\"thumbnailUrl\":\"https:\\\/\\\/fuentesfidedignas.com.mx\\\/wp-content\\\/uploads\\\/2023\\\/04\\\/feliciano-uas.jpg\",\"articleSection\":[\"NOTA PRINCIPAL\"],\"inLanguage\":\"es\",\"potentialAction\":[{\"@type\":\"CommentAction\",\"name\":\"Comment\",\"target\":[\"https:\\\/\\\/fuentesfidedignas.com.mx\\\/index.php\\\/2023\\\/04\\\/20\\\/feliciano-castro-denigra-congreso-usando-tribuna-para-hablar-mal-de-la-uas-acusan\\\/#respond\"]}]},{\"@type\":\"WebPage\",\"@id\":\"https:\\\/\\\/fuentesfidedignas.com.mx\\\/index.php\\\/2023\\\/04\\\/20\\\/feliciano-castro-denigra-congreso-usando-tribuna-para-hablar-mal-de-la-uas-acusan\\\/\",\"url\":\"https:\\\/\\\/fuentesfidedignas.com.mx\\\/index.php\\\/2023\\\/04\\\/20\\\/feliciano-castro-denigra-congreso-usando-tribuna-para-hablar-mal-de-la-uas-acusan\\\/\",\"name\":\"Feliciano Castro denigra al Congreso usando la tribuna para atacar a la UAS, acusan - Fuentes Fidedignas\",\"isPartOf\":{\"@id\":\"https:\\\/\\\/fuentesfidedignas.com.mx\\\/#website\"},\"primaryImageOfPage\":{\"@id\":\"https:\\\/\\\/fuentesfidedignas.com.mx\\\/index.php\\\/2023\\\/04\\\/20\\\/feliciano-castro-denigra-congreso-usando-tribuna-para-hablar-mal-de-la-uas-acusan\\\/#primaryimage\"},\"image\":{\"@id\":\"https:\\\/\\\/fuentesfidedignas.com.mx\\\/index.php\\\/2023\\\/04\\\/20\\\/feliciano-castro-denigra-congreso-usando-tribuna-para-hablar-mal-de-la-uas-acusan\\\/#primaryimage\"},\"thumbnailUrl\":\"https:\\\/\\\/fuentesfidedignas.com.mx\\\/wp-content\\\/uploads\\\/2023\\\/04\\\/feliciano-uas.jpg\",\"datePublished\":\"2023-04-20T20:49:17+00:00\",\"dateModified\":\"2023-04-20T23:08:31+00:00\",\"breadcrumb\":{\"@id\":\"https:\\\/\\\/fuentesfidedignas.com.mx\\\/index.php\\\/2023\\\/04\\\/20\\\/feliciano-castro-denigra-congreso-usando-tribuna-para-hablar-mal-de-la-uas-acusan\\\/#breadcrumb\"},\"inLanguage\":\"es\",\"potentialAction\":[{\"@type\":\"ReadAction\",\"target\":[\"https:\\\/\\\/fuentesfidedignas.com.mx\\\/index.php\\\/2023\\\/04\\\/20\\\/feliciano-castro-denigra-congreso-usando-tribuna-para-hablar-mal-de-la-uas-acusan\\\/\"]}]},{\"@type\":\"ImageObject\",\"inLanguage\":\"es\",\"@id\":\"https:\\\/\\\/fuentesfidedignas.com.mx\\\/index.php\\\/2023\\\/04\\\/20\\\/feliciano-castro-denigra-congreso-usando-tribuna-para-hablar-mal-de-la-uas-acusan\\\/#primaryimage\",\"url\":\"https:\\\/\\\/fuentesfidedignas.com.mx\\\/wp-content\\\/uploads\\\/2023\\\/04\\\/feliciano-uas.jpg\",\"contentUrl\":\"https:\\\/\\\/fuentesfidedignas.com.mx\\\/wp-content\\\/uploads\\\/2023\\\/04\\\/feliciano-uas.jpg\",\"width\":1024,\"height\":684},{\"@type\":\"BreadcrumbList\",\"@id\":\"https:\\\/\\\/fuentesfidedignas.com.mx\\\/index.php\\\/2023\\\/04\\\/20\\\/feliciano-castro-denigra-congreso-usando-tribuna-para-hablar-mal-de-la-uas-acusan\\\/#breadcrumb\",\"itemListElement\":[{\"@type\":\"ListItem\",\"position\":1,\"name\":\"Inicio\",\"item\":\"https:\\\/\\\/fuentesfidedignas.com.mx\\\/\"},{\"@type\":\"ListItem\",\"position\":2,\"name\":\"Feliciano Castro denigra al Congreso usando la tribuna para atacar a la UAS, acusan\"}]},{\"@type\":\"WebSite\",\"@id\":\"https:\\\/\\\/fuentesfidedignas.com.mx\\\/#website\",\"url\":\"https:\\\/\\\/fuentesfidedignas.com.mx\\\/\",\"name\":\"Fuentes Fidedignas\",\"description\":\"Otro sitio realizado con WordPress\",\"publisher\":{\"@id\":\"https:\\\/\\\/fuentesfidedignas.com.mx\\\/#organization\"},\"potentialAction\":[{\"@type\":\"SearchAction\",\"target\":{\"@type\":\"EntryPoint\",\"urlTemplate\":\"https:\\\/\\\/fuentesfidedignas.com.mx\\\/?s={search_term_string}\"},\"query-input\":{\"@type\":\"PropertyValueSpecification\",\"valueRequired\":true,\"valueName\":\"search_term_string\"}}],\"inLanguage\":\"es\"},{\"@type\":\"Organization\",\"@id\":\"https:\\\/\\\/fuentesfidedignas.com.mx\\\/#organization\",\"name\":\"Fuentes Fidedignas\",\"url\":\"https:\\\/\\\/fuentesfidedignas.com.mx\\\/\",\"logo\":{\"@type\":\"ImageObject\",\"inLanguage\":\"es\",\"@id\":\"https:\\\/\\\/fuentesfidedignas.com.mx\\\/#\\\/schema\\\/logo\\\/image\\\/\",\"url\":\"https:\\\/\\\/fuentesfidedignas.com.mx\\\/wp-content\\\/uploads\\\/2021\\\/04\\\/logo-retina.png\",\"contentUrl\":\"https:\\\/\\\/fuentesfidedignas.com.mx\\\/wp-content\\\/uploads\\\/2021\\\/04\\\/logo-retina.png\",\"width\":280,\"height\":51,\"caption\":\"Fuentes Fidedignas\"},\"image\":{\"@id\":\"https:\\\/\\\/fuentesfidedignas.com.mx\\\/#\\\/schema\\\/logo\\\/image\\\/\"},\"sameAs\":[\"https:\\\/\\\/www.facebook.com\\\/Fuentes-Fidedignas-368234489921644\",\"https:\\\/\\\/x.com\\\/fidedignas\"]},{\"@type\":\"Person\",\"@id\":\"https:\\\/\\\/fuentesfidedignas.com.mx\\\/#\\\/schema\\\/person\\\/2c10028b4a30078c05a056a215342ab9\",\"name\":\"Marissa Palafox\",\"image\":{\"@type\":\"ImageObject\",\"inLanguage\":\"es\",\"@id\":\"https:\\\/\\\/secure.gravatar.com\\\/avatar\\\/20a43bdb2f2db10f20b22d4e98b96eb027faf98f7f76d29854dc5fab46d1cf71?s=96&d=mm&r=g\",\"url\":\"https:\\\/\\\/secure.gravatar.com\\\/avatar\\\/20a43bdb2f2db10f20b22d4e98b96eb027faf98f7f76d29854dc5fab46d1cf71?s=96&d=mm&r=g\",\"contentUrl\":\"https:\\\/\\\/secure.gravatar.com\\\/avatar\\\/20a43bdb2f2db10f20b22d4e98b96eb027faf98f7f76d29854dc5fab46d1cf71?s=96&d=mm&r=g\",\"caption\":\"Marissa Palafox\"},\"url\":\"https:\\\/\\\/fuentesfidedignas.com.mx\\\/index.php\\\/author\\\/marissa\\\/\"}]}<\/script>\n<!-- \/ Yoast SEO plugin. -->","yoast_head_json":{"title":"Feliciano Castro denigra al Congreso usando la tribuna para atacar a la UAS, acusan - Fuentes Fidedignas","robots":{"index":"index","follow":"follow","max-snippet":"max-snippet:-1","max-image-preview":"max-image-preview:large","max-video-preview":"max-video-preview:-1"},"canonical":"https:\/\/fuentesfidedignas.com.mx\/index.php\/2023\/04\/20\/feliciano-castro-denigra-congreso-usando-tribuna-para-hablar-mal-de-la-uas-acusan\/","og_locale":"es_MX","og_type":"article","og_title":"Feliciano Castro denigra al Congreso usando la tribuna para atacar a la UAS, acusan - Fuentes Fidedignas","og_description":"\u201cEst\u00e1 utilizando el Congreso como un arma de persecuci\u00f3n pol\u00edtica contra los que no est\u00e1n con \u00e9l\u201d, expres\u00f3 Gene Boj\u00f3rquez Culiac\u00e1n, Sin.- El diputado Feliciano Castro Mel\u00e9ndrez denigra al Congreso del Estado usando sus atribuciones como presidente de la Junta de Coordinaci\u00f3n Pol\u00edtica (Jucopo), haciendo uso de la tribuna en un sesi\u00f3n solemne para atacar [&hellip;]","og_url":"https:\/\/fuentesfidedignas.com.mx\/index.php\/2023\/04\/20\/feliciano-castro-denigra-congreso-usando-tribuna-para-hablar-mal-de-la-uas-acusan\/","og_site_name":"Fuentes Fidedignas","article_publisher":"https:\/\/www.facebook.com\/Fuentes-Fidedignas-368234489921644","article_published_time":"2023-04-20T20:49:17+00:00","article_modified_time":"2023-04-20T23:08:31+00:00","og_image":[{"width":1024,"height":684,"url":"https:\/\/fuentesfidedignas.com.mx\/wp-content\/uploads\/2023\/04\/feliciano-uas.jpg","type":"image\/jpeg"}],"author":"Marissa Palafox","twitter_card":"summary_large_image","twitter_creator":"@fidedignas","twitter_site":"@fidedignas","twitter_misc":{"Escrito por":"Marissa Palafox","Tiempo de lectura":"1 minuto"},"schema":{"@context":"https:\/\/schema.org","@graph":[{"@type":"Article","@id":"https:\/\/fuentesfidedignas.com.mx\/index.php\/2023\/04\/20\/feliciano-castro-denigra-congreso-usando-tribuna-para-hablar-mal-de-la-uas-acusan\/#article","isPartOf":{"@id":"https:\/\/fuentesfidedignas.com.mx\/index.php\/2023\/04\/20\/feliciano-castro-denigra-congreso-usando-tribuna-para-hablar-mal-de-la-uas-acusan\/"},"author":{"name":"Marissa Palafox","@id":"https:\/\/fuentesfidedignas.com.mx\/#\/schema\/person\/2c10028b4a30078c05a056a215342ab9"},"headline":"Feliciano Castro denigra al Congreso usando la tribuna para atacar a la UAS, acusan","datePublished":"2023-04-20T20:49:17+00:00","dateModified":"2023-04-20T23:08:31+00:00","mainEntityOfPage":{"@id":"https:\/\/fuentesfidedignas.com.mx\/index.php\/2023\/04\/20\/feliciano-castro-denigra-congreso-usando-tribuna-para-hablar-mal-de-la-uas-acusan\/"},"wordCount":256,"commentCount":0,"publisher":{"@id":"https:\/\/fuentesfidedignas.com.mx\/#organization"},"image":{"@id":"https:\/\/fuentesfidedignas.com.mx\/index.php\/2023\/04\/20\/feliciano-castro-denigra-congreso-usando-tribuna-para-hablar-mal-de-la-uas-acusan\/#primaryimage"},"thumbnailUrl":"https:\/\/fuentesfidedignas.com.mx\/wp-content\/uploads\/2023\/04\/feliciano-uas.jpg","articleSection":["NOTA PRINCIPAL"],"inLanguage":"es","potentialAction":[{"@type":"CommentAction","name":"Comment","target":["https:\/\/fuentesfidedignas.com.mx\/index.php\/2023\/04\/20\/feliciano-castro-denigra-congreso-usando-tribuna-para-hablar-mal-de-la-uas-acusan\/#respond"]}]},{"@type":"WebPage","@id":"https:\/\/fuentesfidedignas.com.mx\/index.php\/2023\/04\/20\/feliciano-castro-denigra-congreso-usando-tribuna-para-hablar-mal-de-la-uas-acusan\/","url":"https:\/\/fuentesfidedignas.com.mx\/index.php\/2023\/04\/20\/feliciano-castro-denigra-congreso-usando-tribuna-para-hablar-mal-de-la-uas-acusan\/","name":"Feliciano Castro denigra al Congreso usando la tribuna para atacar a la UAS, acusan - Fuentes Fidedignas","isPartOf":{"@id":"https:\/\/fuentesfidedignas.com.mx\/#website"},"primaryImageOfPage":{"@id":"https:\/\/fuentesfidedignas.com.mx\/index.php\/2023\/04\/20\/feliciano-castro-denigra-congreso-usando-tribuna-para-hablar-mal-de-la-uas-acusan\/#primaryimage"},"image":{"@id":"https:\/\/fuentesfidedignas.com.mx\/index.php\/2023\/04\/20\/feliciano-castro-denigra-congreso-usando-tribuna-para-hablar-mal-de-la-uas-acusan\/#primaryimage"},"thumbnailUrl":"https:\/\/fuentesfidedignas.com.mx\/wp-content\/uploads\/2023\/04\/feliciano-uas.jpg","datePublished":"2023-04-20T20:49:17+00:00","dateModified":"2023-04-20T23:08:31+00:00","breadcrumb":{"@id":"https:\/\/fuentesfidedignas.com.mx\/index.php\/2023\/04\/20\/feliciano-castro-denigra-congreso-usando-tribuna-para-hablar-mal-de-la-uas-acusan\/#breadcrumb"},"inLanguage":"es","potentialAction":[{"@type":"ReadAction","target":["https:\/\/fuentesfidedignas.com.mx\/index.php\/2023\/04\/20\/feliciano-castro-denigra-congreso-usando-tribuna-para-hablar-mal-de-la-uas-acusan\/"]}]},{"@type":"ImageObject","inLanguage":"es","@id":"https:\/\/fuentesfidedignas.com.mx\/index.php\/2023\/04\/20\/feliciano-castro-denigra-congreso-usando-tribuna-para-hablar-mal-de-la-uas-acusan\/#primaryimage","url":"https:\/\/fuentesfidedignas.com.mx\/wp-content\/uploads\/2023\/04\/feliciano-uas.jpg","contentUrl":"https:\/\/fuentesfidedignas.com.mx\/wp-content\/uploads\/2023\/04\/feliciano-uas.jpg","width":1024,"height":684},{"@type":"BreadcrumbList","@id":"https:\/\/fuentesfidedignas.com.mx\/index.php\/2023\/04\/20\/feliciano-castro-denigra-congreso-usando-tribuna-para-hablar-mal-de-la-uas-acusan\/#breadcrumb","itemListElement":[{"@type":"ListItem","position":1,"name":"Inicio","item":"https:\/\/fuentesfidedignas.com.mx\/"},{"@type":"ListItem","position":2,"name":"Feliciano Castro denigra al Congreso usando la tribuna para atacar a la UAS, acusan"}]},{"@type":"WebSite","@id":"https:\/\/fuentesfidedignas.com.mx\/#website","url":"https:\/\/fuentesfidedignas.com.mx\/","name":"Fuentes Fidedignas","description":"Otro sitio realizado con WordPress","publisher":{"@id":"https:\/\/fuentesfidedignas.com.mx\/#organization"},"potentialAction":[{"@type":"SearchAction","target":{"@type":"EntryPoint","urlTemplate":"https:\/\/fuentesfidedignas.com.mx\/?s={search_term_string}"},"query-input":{"@type":"PropertyValueSpecification","valueRequired":true,"valueName":"search_term_string"}}],"inLanguage":"es"},{"@type":"Organization","@id":"https:\/\/fuentesfidedignas.com.mx\/#organization","name":"Fuentes Fidedignas","url":"https:\/\/fuentesfidedignas.com.mx\/","logo":{"@type":"ImageObject","inLanguage":"es","@id":"https:\/\/fuentesfidedignas.com.mx\/#\/schema\/logo\/image\/","url":"https:\/\/fuentesfidedignas.com.mx\/wp-content\/uploads\/2021\/04\/logo-retina.png","contentUrl":"https:\/\/fuentesfidedignas.com.mx\/wp-content\/uploads\/2021\/04\/logo-retina.png","width":280,"height":51,"caption":"Fuentes Fidedignas"},"image":{"@id":"https:\/\/fuentesfidedignas.com.mx\/#\/schema\/logo\/image\/"},"sameAs":["https:\/\/www.facebook.com\/Fuentes-Fidedignas-368234489921644","https:\/\/x.com\/fidedignas"]},{"@type":"Person","@id":"https:\/\/fuentesfidedignas.com.mx\/#\/schema\/person\/2c10028b4a30078c05a056a215342ab9","name":"Marissa Palafox","image":{"@type":"ImageObject","inLanguage":"es","@id":"https:\/\/secure.gravatar.com\/avatar\/20a43bdb2f2db10f20b22d4e98b96eb027faf98f7f76d29854dc5fab46d1cf71?s=96&d=mm&r=g","url":"https:\/\/secure.gravatar.com\/avatar\/20a43bdb2f2db10f20b22d4e98b96eb027faf98f7f76d29854dc5fab46d1cf71?s=96&d=mm&r=g","contentUrl":"https:\/\/secure.gravatar.com\/avatar\/20a43bdb2f2db10f20b22d4e98b96eb027faf98f7f76d29854dc5fab46d1cf71?s=96&d=mm&r=g","caption":"Marissa Palafox"},"url":"https:\/\/fuentesfidedignas.com.mx\/index.php\/author\/marissa\/"}]}},"_links":{"self":[{"href":"https:\/\/fuentesfidedignas.com.mx\/index.php\/wp-json\/wp\/v2\/posts\/45135","targetHints":{"allow":["GET"]}}],"collection":[{"href":"https:\/\/fuentesfidedignas.com.mx\/index.php\/wp-json\/wp\/v2\/posts"}],"about":[{"href":"https:\/\/fuentesfidedignas.com.mx\/index.php\/wp-json\/wp\/v2\/types\/post"}],"author":[{"embeddable":true,"href":"https:\/\/fuentesfidedignas.com.mx\/index.php\/wp-json\/wp\/v2\/users\/11"}],"replies":[{"embeddable":true,"href":"https:\/\/fuentesfidedignas.com.mx\/index.php\/wp-json\/wp\/v2\/comments?post=45135"}],"version-history":[{"count":4,"href":"https:\/\/fuentesfidedignas.com.mx\/index.php\/wp-json\/wp\/v2\/posts\/45135\/revisions"}],"predecessor-version":[{"id":45151,"href":"https:\/\/fuentesfidedignas.com.mx\/index.php\/wp-json\/wp\/v2\/posts\/45135\/revisions\/45151"}],"wp:featuredmedia":[{"embeddable":true,"href":"https:\/\/fuentesfidedignas.com.mx\/index.php\/wp-json\/wp\/v2\/media\/45139"}],"wp:attachment":[{"href":"https:\/\/fuentesfidedignas.com.mx\/index.php\/wp-json\/wp\/v2\/media?parent=45135"}],"wp:term":[{"taxonomy":"category","embeddable":true,"href":"https:\/\/fuentesfidedignas.com.mx\/index.php\/wp-json\/wp\/v2\/categories?post=45135"},{"taxonomy":"post_tag","embeddable":true,"href":"https:\/\/fuentesfidedignas.com.mx\/index.php\/wp-json\/wp\/v2\/tags?post=45135"}],"curies":[{"name":"wp","href":"https:\/\/api.w.org\/{rel}","templated":true}]}}