{"id":45125,"date":"2023-04-20T14:35:16","date_gmt":"2023-04-20T20:35:16","guid":{"rendered":"https:\/\/fuentesfidedignas.com.mx\/?p=45125"},"modified":"2023-04-20T15:03:52","modified_gmt":"2023-04-20T21:03:52","slug":"hay-dudas-sobre-judicializacion-en-extravio-de-cheques-en-el-congreso-gene","status":"publish","type":"post","link":"https:\/\/fuentesfidedignas.com.mx\/index.php\/2023\/04\/20\/hay-dudas-sobre-judicializacion-en-extravio-de-cheques-en-el-congreso-gene\/","title":{"rendered":"Hay dudas sobre judicializaci\u00f3n en extrav\u00edo de cheques en el Congreso: Gene"},"content":{"rendered":"\n<p><em><strong>\u201cYa sabemos que se tiene en el juzgado, pero no es posible que estos datos y estos nombres est\u00e9n m\u00e1s reservados que los datos de la Sedena\u201d, critic\u00f3 el pasista<\/strong><\/em><\/p>\n\n\n\n<p>Culiac\u00e1n, Sin.- El diputado Gene Ren\u00e9 Boj\u00f3rquez Molina, solicit\u00f3 a la Mesa Directiva y a la Jucopo el n\u00famero de cuadernillo, la causa penal y dem\u00e1s datos que se tienen sobre la denuncia interpuesta por el extrav\u00edo de cheques dentro del Congreso del Estado de Sinaloa.<\/p>\n\n\n\n<p>En ese sentido, el legislador del partido Sinaloense afirm\u00f3 que existen dudas sobre la judicializaci\u00f3n del caso por parte de las autoridades, situaci\u00f3n que fue dada a conocer por Ricardo Madrid, presidente de la Mesa Directiva.<\/p>\n\n\n\n<p> \u201c<strong>Ya sabemos que se tiene en el juzgado, pero no es posible que estos datos y estos nombres est\u00e9n m\u00e1s reservados que los datos de la Sedena<\/strong>\u201d, a\u00f1adi\u00f3 el pasista.<\/p>\n\n\n\n<iframe loading=\"lazy\" src=\"https:\/\/www.facebook.com\/plugins\/video.php?height=314&#038;href=https%3A%2F%2Fwww.facebook.com%2F368234489921644%2Fvideos%2F6785518488143211%2F&#038;show_text=false&#038;width=560&#038;t=0\" width=\"560\" height=\"314\" style=\"border:none;overflow:hidden\" scrolling=\"no\" frameborder=\"0\" allowfullscreen=\"true\" allow=\"autoplay; clipboard-write; encrypted-media; picture-in-picture; web-share\" allowFullScreen=\"true\"><\/iframe>\n\n\n\n<p>Fue a trav\u00e9s de dos oficios, uno dirigido a Ricardo Madrid, como titular de la Mesa Directiva, y otro m\u00e1s a Feliciano Castro, como representante de la Junta de Coordinaci\u00f3n Pol\u00edtica, que el Partido Sinaloense solicita formalmente los datos de la denuncia, y deber\u00e1 recibir respuesta en un m\u00e1ximo de 10 d\u00edas h\u00e1biles.<\/p>\n\n\n\n<figure class=\"wp-block-image size-full\"><img decoding=\"async\" width=\"1005\" height=\"1280\" src=\"https:\/\/fuentesfidedignas.com.mx\/wp-content\/uploads\/2023\/04\/gen-jusi-2.jpg\" alt=\"\" class=\"wp-image-45131\"\/><\/figure>\n","protected":false},"excerpt":{"rendered":"<p>\u201cYa sabemos que se tiene en el juzgado, pero no es posible que estos datos y estos nombres est\u00e9n m\u00e1s reservados que los datos de la Sedena\u201d, critic\u00f3 el pasista Culiac\u00e1n, Sin.- El diputado Gene Ren\u00e9 Boj\u00f3rquez Molina, solicit\u00f3 a la Mesa Directiva y a la Jucopo el n\u00famero de cuadernillo, la causa penal y [&hellip;]<\/p>\n","protected":false},"author":11,"featured_media":45126,"comment_status":"open","ping_status":"open","sticky":false,"template":"","format":"standard","meta":{"tdm_status":"","tdm_grid_status":"","footnotes":""},"categories":[38],"tags":[],"class_list":{"0":"post-45125","1":"post","2":"type-post","3":"status-publish","4":"format-standard","5":"has-post-thumbnail","7":"category-noticias-locales"},"yoast_head":"<!-- This site is optimized with the Yoast SEO plugin v27.5 - https:\/\/yoast.com\/product\/yoast-seo-wordpress\/ -->\n<title>Hay dudas sobre judicializaci\u00f3n en extrav\u00edo de cheques en el Congreso: Gene - Fuentes Fidedignas<\/title>\n<meta name=\"robots\" content=\"index, follow, max-snippet:-1, max-image-preview:large, max-video-preview:-1\" \/>\n<link rel=\"canonical\" href=\"https:\/\/fuentesfidedignas.com.mx\/index.php\/2023\/04\/20\/hay-dudas-sobre-judicializacion-en-extravio-de-cheques-en-el-congreso-gene\/\" \/>\n<meta property=\"og:locale\" content=\"es_MX\" \/>\n<meta property=\"og:type\" content=\"article\" \/>\n<meta property=\"og:title\" content=\"Hay dudas sobre judicializaci\u00f3n en extrav\u00edo de cheques en el Congreso: Gene - Fuentes Fidedignas\" \/>\n<meta property=\"og:description\" content=\"\u201cYa sabemos que se tiene en el juzgado, pero no es posible que estos datos y estos nombres est\u00e9n m\u00e1s reservados que los datos de la Sedena\u201d, critic\u00f3 el pasista Culiac\u00e1n, Sin.- El diputado Gene Ren\u00e9 Boj\u00f3rquez Molina, solicit\u00f3 a la Mesa Directiva y a la Jucopo el n\u00famero de cuadernillo, la causa penal y [&hellip;]\" \/>\n<meta property=\"og:url\" content=\"https:\/\/fuentesfidedignas.com.mx\/index.php\/2023\/04\/20\/hay-dudas-sobre-judicializacion-en-extravio-de-cheques-en-el-congreso-gene\/\" \/>\n<meta property=\"og:site_name\" content=\"Fuentes Fidedignas\" \/>\n<meta property=\"article:publisher\" content=\"https:\/\/www.facebook.com\/Fuentes-Fidedignas-368234489921644\" \/>\n<meta property=\"article:published_time\" content=\"2023-04-20T20:35:16+00:00\" \/>\n<meta property=\"article:modified_time\" content=\"2023-04-20T21:03:52+00:00\" \/>\n<meta property=\"og:image\" content=\"https:\/\/fuentesfidedignas.com.mx\/wp-content\/uploads\/2023\/04\/gene-judi-1.jpg\" \/>\n\t<meta property=\"og:image:width\" content=\"1280\" \/>\n\t<meta property=\"og:image:height\" content=\"744\" \/>\n\t<meta property=\"og:image:type\" content=\"image\/jpeg\" \/>\n<meta name=\"author\" content=\"Marissa Palafox\" \/>\n<meta name=\"twitter:card\" content=\"summary_large_image\" \/>\n<meta name=\"twitter:creator\" content=\"@fidedignas\" \/>\n<meta name=\"twitter:site\" content=\"@fidedignas\" \/>\n<meta name=\"twitter:label1\" content=\"Escrito por\" \/>\n\t<meta name=\"twitter:data1\" content=\"Marissa Palafox\" \/>\n\t<meta name=\"twitter:label2\" content=\"Tiempo de lectura\" \/>\n\t<meta name=\"twitter:data2\" content=\"2 minutos\" \/>\n<script type=\"application\/ld+json\" class=\"yoast-schema-graph\">{\"@context\":\"https:\\\/\\\/schema.org\",\"@graph\":[{\"@type\":\"Article\",\"@id\":\"https:\\\/\\\/fuentesfidedignas.com.mx\\\/index.php\\\/2023\\\/04\\\/20\\\/hay-dudas-sobre-judicializacion-en-extravio-de-cheques-en-el-congreso-gene\\\/#article\",\"isPartOf\":{\"@id\":\"https:\\\/\\\/fuentesfidedignas.com.mx\\\/index.php\\\/2023\\\/04\\\/20\\\/hay-dudas-sobre-judicializacion-en-extravio-de-cheques-en-el-congreso-gene\\\/\"},\"author\":{\"name\":\"Marissa Palafox\",\"@id\":\"https:\\\/\\\/fuentesfidedignas.com.mx\\\/#\\\/schema\\\/person\\\/2c10028b4a30078c05a056a215342ab9\"},\"headline\":\"Hay dudas sobre judicializaci\u00f3n en extrav\u00edo de cheques en el Congreso: Gene\",\"datePublished\":\"2023-04-20T20:35:16+00:00\",\"dateModified\":\"2023-04-20T21:03:52+00:00\",\"mainEntityOfPage\":{\"@id\":\"https:\\\/\\\/fuentesfidedignas.com.mx\\\/index.php\\\/2023\\\/04\\\/20\\\/hay-dudas-sobre-judicializacion-en-extravio-de-cheques-en-el-congreso-gene\\\/\"},\"wordCount\":228,\"commentCount\":0,\"publisher\":{\"@id\":\"https:\\\/\\\/fuentesfidedignas.com.mx\\\/#organization\"},\"image\":{\"@id\":\"https:\\\/\\\/fuentesfidedignas.com.mx\\\/index.php\\\/2023\\\/04\\\/20\\\/hay-dudas-sobre-judicializacion-en-extravio-de-cheques-en-el-congreso-gene\\\/#primaryimage\"},\"thumbnailUrl\":\"https:\\\/\\\/fuentesfidedignas.com.mx\\\/wp-content\\\/uploads\\\/2023\\\/04\\\/gene-judi-1.jpg\",\"articleSection\":[\"NOTICIAS LOCALES\"],\"inLanguage\":\"es\",\"potentialAction\":[{\"@type\":\"CommentAction\",\"name\":\"Comment\",\"target\":[\"https:\\\/\\\/fuentesfidedignas.com.mx\\\/index.php\\\/2023\\\/04\\\/20\\\/hay-dudas-sobre-judicializacion-en-extravio-de-cheques-en-el-congreso-gene\\\/#respond\"]}]},{\"@type\":\"WebPage\",\"@id\":\"https:\\\/\\\/fuentesfidedignas.com.mx\\\/index.php\\\/2023\\\/04\\\/20\\\/hay-dudas-sobre-judicializacion-en-extravio-de-cheques-en-el-congreso-gene\\\/\",\"url\":\"https:\\\/\\\/fuentesfidedignas.com.mx\\\/index.php\\\/2023\\\/04\\\/20\\\/hay-dudas-sobre-judicializacion-en-extravio-de-cheques-en-el-congreso-gene\\\/\",\"name\":\"Hay dudas sobre judicializaci\u00f3n en extrav\u00edo de cheques en el Congreso: Gene - Fuentes Fidedignas\",\"isPartOf\":{\"@id\":\"https:\\\/\\\/fuentesfidedignas.com.mx\\\/#website\"},\"primaryImageOfPage\":{\"@id\":\"https:\\\/\\\/fuentesfidedignas.com.mx\\\/index.php\\\/2023\\\/04\\\/20\\\/hay-dudas-sobre-judicializacion-en-extravio-de-cheques-en-el-congreso-gene\\\/#primaryimage\"},\"image\":{\"@id\":\"https:\\\/\\\/fuentesfidedignas.com.mx\\\/index.php\\\/2023\\\/04\\\/20\\\/hay-dudas-sobre-judicializacion-en-extravio-de-cheques-en-el-congreso-gene\\\/#primaryimage\"},\"thumbnailUrl\":\"https:\\\/\\\/fuentesfidedignas.com.mx\\\/wp-content\\\/uploads\\\/2023\\\/04\\\/gene-judi-1.jpg\",\"datePublished\":\"2023-04-20T20:35:16+00:00\",\"dateModified\":\"2023-04-20T21:03:52+00:00\",\"breadcrumb\":{\"@id\":\"https:\\\/\\\/fuentesfidedignas.com.mx\\\/index.php\\\/2023\\\/04\\\/20\\\/hay-dudas-sobre-judicializacion-en-extravio-de-cheques-en-el-congreso-gene\\\/#breadcrumb\"},\"inLanguage\":\"es\",\"potentialAction\":[{\"@type\":\"ReadAction\",\"target\":[\"https:\\\/\\\/fuentesfidedignas.com.mx\\\/index.php\\\/2023\\\/04\\\/20\\\/hay-dudas-sobre-judicializacion-en-extravio-de-cheques-en-el-congreso-gene\\\/\"]}]},{\"@type\":\"ImageObject\",\"inLanguage\":\"es\",\"@id\":\"https:\\\/\\\/fuentesfidedignas.com.mx\\\/index.php\\\/2023\\\/04\\\/20\\\/hay-dudas-sobre-judicializacion-en-extravio-de-cheques-en-el-congreso-gene\\\/#primaryimage\",\"url\":\"https:\\\/\\\/fuentesfidedignas.com.mx\\\/wp-content\\\/uploads\\\/2023\\\/04\\\/gene-judi-1.jpg\",\"contentUrl\":\"https:\\\/\\\/fuentesfidedignas.com.mx\\\/wp-content\\\/uploads\\\/2023\\\/04\\\/gene-judi-1.jpg\",\"width\":1280,\"height\":744},{\"@type\":\"BreadcrumbList\",\"@id\":\"https:\\\/\\\/fuentesfidedignas.com.mx\\\/index.php\\\/2023\\\/04\\\/20\\\/hay-dudas-sobre-judicializacion-en-extravio-de-cheques-en-el-congreso-gene\\\/#breadcrumb\",\"itemListElement\":[{\"@type\":\"ListItem\",\"position\":1,\"name\":\"Inicio\",\"item\":\"https:\\\/\\\/fuentesfidedignas.com.mx\\\/\"},{\"@type\":\"ListItem\",\"position\":2,\"name\":\"Hay dudas sobre judicializaci\u00f3n en extrav\u00edo de cheques en el Congreso: Gene\"}]},{\"@type\":\"WebSite\",\"@id\":\"https:\\\/\\\/fuentesfidedignas.com.mx\\\/#website\",\"url\":\"https:\\\/\\\/fuentesfidedignas.com.mx\\\/\",\"name\":\"Fuentes Fidedignas\",\"description\":\"Otro sitio realizado con WordPress\",\"publisher\":{\"@id\":\"https:\\\/\\\/fuentesfidedignas.com.mx\\\/#organization\"},\"potentialAction\":[{\"@type\":\"SearchAction\",\"target\":{\"@type\":\"EntryPoint\",\"urlTemplate\":\"https:\\\/\\\/fuentesfidedignas.com.mx\\\/?s={search_term_string}\"},\"query-input\":{\"@type\":\"PropertyValueSpecification\",\"valueRequired\":true,\"valueName\":\"search_term_string\"}}],\"inLanguage\":\"es\"},{\"@type\":\"Organization\",\"@id\":\"https:\\\/\\\/fuentesfidedignas.com.mx\\\/#organization\",\"name\":\"Fuentes Fidedignas\",\"url\":\"https:\\\/\\\/fuentesfidedignas.com.mx\\\/\",\"logo\":{\"@type\":\"ImageObject\",\"inLanguage\":\"es\",\"@id\":\"https:\\\/\\\/fuentesfidedignas.com.mx\\\/#\\\/schema\\\/logo\\\/image\\\/\",\"url\":\"https:\\\/\\\/fuentesfidedignas.com.mx\\\/wp-content\\\/uploads\\\/2021\\\/04\\\/logo-retina.png\",\"contentUrl\":\"https:\\\/\\\/fuentesfidedignas.com.mx\\\/wp-content\\\/uploads\\\/2021\\\/04\\\/logo-retina.png\",\"width\":280,\"height\":51,\"caption\":\"Fuentes Fidedignas\"},\"image\":{\"@id\":\"https:\\\/\\\/fuentesfidedignas.com.mx\\\/#\\\/schema\\\/logo\\\/image\\\/\"},\"sameAs\":[\"https:\\\/\\\/www.facebook.com\\\/Fuentes-Fidedignas-368234489921644\",\"https:\\\/\\\/x.com\\\/fidedignas\"]},{\"@type\":\"Person\",\"@id\":\"https:\\\/\\\/fuentesfidedignas.com.mx\\\/#\\\/schema\\\/person\\\/2c10028b4a30078c05a056a215342ab9\",\"name\":\"Marissa Palafox\",\"image\":{\"@type\":\"ImageObject\",\"inLanguage\":\"es\",\"@id\":\"https:\\\/\\\/secure.gravatar.com\\\/avatar\\\/20a43bdb2f2db10f20b22d4e98b96eb027faf98f7f76d29854dc5fab46d1cf71?s=96&d=mm&r=g\",\"url\":\"https:\\\/\\\/secure.gravatar.com\\\/avatar\\\/20a43bdb2f2db10f20b22d4e98b96eb027faf98f7f76d29854dc5fab46d1cf71?s=96&d=mm&r=g\",\"contentUrl\":\"https:\\\/\\\/secure.gravatar.com\\\/avatar\\\/20a43bdb2f2db10f20b22d4e98b96eb027faf98f7f76d29854dc5fab46d1cf71?s=96&d=mm&r=g\",\"caption\":\"Marissa Palafox\"},\"url\":\"https:\\\/\\\/fuentesfidedignas.com.mx\\\/index.php\\\/author\\\/marissa\\\/\"}]}<\/script>\n<!-- \/ Yoast SEO plugin. -->","yoast_head_json":{"title":"Hay dudas sobre judicializaci\u00f3n en extrav\u00edo de cheques en el Congreso: Gene - Fuentes Fidedignas","robots":{"index":"index","follow":"follow","max-snippet":"max-snippet:-1","max-image-preview":"max-image-preview:large","max-video-preview":"max-video-preview:-1"},"canonical":"https:\/\/fuentesfidedignas.com.mx\/index.php\/2023\/04\/20\/hay-dudas-sobre-judicializacion-en-extravio-de-cheques-en-el-congreso-gene\/","og_locale":"es_MX","og_type":"article","og_title":"Hay dudas sobre judicializaci\u00f3n en extrav\u00edo de cheques en el Congreso: Gene - Fuentes Fidedignas","og_description":"\u201cYa sabemos que se tiene en el juzgado, pero no es posible que estos datos y estos nombres est\u00e9n m\u00e1s reservados que los datos de la Sedena\u201d, critic\u00f3 el pasista Culiac\u00e1n, Sin.- El diputado Gene Ren\u00e9 Boj\u00f3rquez Molina, solicit\u00f3 a la Mesa Directiva y a la Jucopo el n\u00famero de cuadernillo, la causa penal y [&hellip;]","og_url":"https:\/\/fuentesfidedignas.com.mx\/index.php\/2023\/04\/20\/hay-dudas-sobre-judicializacion-en-extravio-de-cheques-en-el-congreso-gene\/","og_site_name":"Fuentes Fidedignas","article_publisher":"https:\/\/www.facebook.com\/Fuentes-Fidedignas-368234489921644","article_published_time":"2023-04-20T20:35:16+00:00","article_modified_time":"2023-04-20T21:03:52+00:00","og_image":[{"width":1280,"height":744,"url":"https:\/\/fuentesfidedignas.com.mx\/wp-content\/uploads\/2023\/04\/gene-judi-1.jpg","type":"image\/jpeg"}],"author":"Marissa Palafox","twitter_card":"summary_large_image","twitter_creator":"@fidedignas","twitter_site":"@fidedignas","twitter_misc":{"Escrito por":"Marissa Palafox","Tiempo de lectura":"2 minutos"},"schema":{"@context":"https:\/\/schema.org","@graph":[{"@type":"Article","@id":"https:\/\/fuentesfidedignas.com.mx\/index.php\/2023\/04\/20\/hay-dudas-sobre-judicializacion-en-extravio-de-cheques-en-el-congreso-gene\/#article","isPartOf":{"@id":"https:\/\/fuentesfidedignas.com.mx\/index.php\/2023\/04\/20\/hay-dudas-sobre-judicializacion-en-extravio-de-cheques-en-el-congreso-gene\/"},"author":{"name":"Marissa Palafox","@id":"https:\/\/fuentesfidedignas.com.mx\/#\/schema\/person\/2c10028b4a30078c05a056a215342ab9"},"headline":"Hay dudas sobre judicializaci\u00f3n en extrav\u00edo de cheques en el Congreso: Gene","datePublished":"2023-04-20T20:35:16+00:00","dateModified":"2023-04-20T21:03:52+00:00","mainEntityOfPage":{"@id":"https:\/\/fuentesfidedignas.com.mx\/index.php\/2023\/04\/20\/hay-dudas-sobre-judicializacion-en-extravio-de-cheques-en-el-congreso-gene\/"},"wordCount":228,"commentCount":0,"publisher":{"@id":"https:\/\/fuentesfidedignas.com.mx\/#organization"},"image":{"@id":"https:\/\/fuentesfidedignas.com.mx\/index.php\/2023\/04\/20\/hay-dudas-sobre-judicializacion-en-extravio-de-cheques-en-el-congreso-gene\/#primaryimage"},"thumbnailUrl":"https:\/\/fuentesfidedignas.com.mx\/wp-content\/uploads\/2023\/04\/gene-judi-1.jpg","articleSection":["NOTICIAS LOCALES"],"inLanguage":"es","potentialAction":[{"@type":"CommentAction","name":"Comment","target":["https:\/\/fuentesfidedignas.com.mx\/index.php\/2023\/04\/20\/hay-dudas-sobre-judicializacion-en-extravio-de-cheques-en-el-congreso-gene\/#respond"]}]},{"@type":"WebPage","@id":"https:\/\/fuentesfidedignas.com.mx\/index.php\/2023\/04\/20\/hay-dudas-sobre-judicializacion-en-extravio-de-cheques-en-el-congreso-gene\/","url":"https:\/\/fuentesfidedignas.com.mx\/index.php\/2023\/04\/20\/hay-dudas-sobre-judicializacion-en-extravio-de-cheques-en-el-congreso-gene\/","name":"Hay dudas sobre judicializaci\u00f3n en extrav\u00edo de cheques en el Congreso: Gene - Fuentes Fidedignas","isPartOf":{"@id":"https:\/\/fuentesfidedignas.com.mx\/#website"},"primaryImageOfPage":{"@id":"https:\/\/fuentesfidedignas.com.mx\/index.php\/2023\/04\/20\/hay-dudas-sobre-judicializacion-en-extravio-de-cheques-en-el-congreso-gene\/#primaryimage"},"image":{"@id":"https:\/\/fuentesfidedignas.com.mx\/index.php\/2023\/04\/20\/hay-dudas-sobre-judicializacion-en-extravio-de-cheques-en-el-congreso-gene\/#primaryimage"},"thumbnailUrl":"https:\/\/fuentesfidedignas.com.mx\/wp-content\/uploads\/2023\/04\/gene-judi-1.jpg","datePublished":"2023-04-20T20:35:16+00:00","dateModified":"2023-04-20T21:03:52+00:00","breadcrumb":{"@id":"https:\/\/fuentesfidedignas.com.mx\/index.php\/2023\/04\/20\/hay-dudas-sobre-judicializacion-en-extravio-de-cheques-en-el-congreso-gene\/#breadcrumb"},"inLanguage":"es","potentialAction":[{"@type":"ReadAction","target":["https:\/\/fuentesfidedignas.com.mx\/index.php\/2023\/04\/20\/hay-dudas-sobre-judicializacion-en-extravio-de-cheques-en-el-congreso-gene\/"]}]},{"@type":"ImageObject","inLanguage":"es","@id":"https:\/\/fuentesfidedignas.com.mx\/index.php\/2023\/04\/20\/hay-dudas-sobre-judicializacion-en-extravio-de-cheques-en-el-congreso-gene\/#primaryimage","url":"https:\/\/fuentesfidedignas.com.mx\/wp-content\/uploads\/2023\/04\/gene-judi-1.jpg","contentUrl":"https:\/\/fuentesfidedignas.com.mx\/wp-content\/uploads\/2023\/04\/gene-judi-1.jpg","width":1280,"height":744},{"@type":"BreadcrumbList","@id":"https:\/\/fuentesfidedignas.com.mx\/index.php\/2023\/04\/20\/hay-dudas-sobre-judicializacion-en-extravio-de-cheques-en-el-congreso-gene\/#breadcrumb","itemListElement":[{"@type":"ListItem","position":1,"name":"Inicio","item":"https:\/\/fuentesfidedignas.com.mx\/"},{"@type":"ListItem","position":2,"name":"Hay dudas sobre judicializaci\u00f3n en extrav\u00edo de cheques en el Congreso: Gene"}]},{"@type":"WebSite","@id":"https:\/\/fuentesfidedignas.com.mx\/#website","url":"https:\/\/fuentesfidedignas.com.mx\/","name":"Fuentes Fidedignas","description":"Otro sitio realizado con WordPress","publisher":{"@id":"https:\/\/fuentesfidedignas.com.mx\/#organization"},"potentialAction":[{"@type":"SearchAction","target":{"@type":"EntryPoint","urlTemplate":"https:\/\/fuentesfidedignas.com.mx\/?s={search_term_string}"},"query-input":{"@type":"PropertyValueSpecification","valueRequired":true,"valueName":"search_term_string"}}],"inLanguage":"es"},{"@type":"Organization","@id":"https:\/\/fuentesfidedignas.com.mx\/#organization","name":"Fuentes Fidedignas","url":"https:\/\/fuentesfidedignas.com.mx\/","logo":{"@type":"ImageObject","inLanguage":"es","@id":"https:\/\/fuentesfidedignas.com.mx\/#\/schema\/logo\/image\/","url":"https:\/\/fuentesfidedignas.com.mx\/wp-content\/uploads\/2021\/04\/logo-retina.png","contentUrl":"https:\/\/fuentesfidedignas.com.mx\/wp-content\/uploads\/2021\/04\/logo-retina.png","width":280,"height":51,"caption":"Fuentes Fidedignas"},"image":{"@id":"https:\/\/fuentesfidedignas.com.mx\/#\/schema\/logo\/image\/"},"sameAs":["https:\/\/www.facebook.com\/Fuentes-Fidedignas-368234489921644","https:\/\/x.com\/fidedignas"]},{"@type":"Person","@id":"https:\/\/fuentesfidedignas.com.mx\/#\/schema\/person\/2c10028b4a30078c05a056a215342ab9","name":"Marissa Palafox","image":{"@type":"ImageObject","inLanguage":"es","@id":"https:\/\/secure.gravatar.com\/avatar\/20a43bdb2f2db10f20b22d4e98b96eb027faf98f7f76d29854dc5fab46d1cf71?s=96&d=mm&r=g","url":"https:\/\/secure.gravatar.com\/avatar\/20a43bdb2f2db10f20b22d4e98b96eb027faf98f7f76d29854dc5fab46d1cf71?s=96&d=mm&r=g","contentUrl":"https:\/\/secure.gravatar.com\/avatar\/20a43bdb2f2db10f20b22d4e98b96eb027faf98f7f76d29854dc5fab46d1cf71?s=96&d=mm&r=g","caption":"Marissa Palafox"},"url":"https:\/\/fuentesfidedignas.com.mx\/index.php\/author\/marissa\/"}]}},"_links":{"self":[{"href":"https:\/\/fuentesfidedignas.com.mx\/index.php\/wp-json\/wp\/v2\/posts\/45125","targetHints":{"allow":["GET"]}}],"collection":[{"href":"https:\/\/fuentesfidedignas.com.mx\/index.php\/wp-json\/wp\/v2\/posts"}],"about":[{"href":"https:\/\/fuentesfidedignas.com.mx\/index.php\/wp-json\/wp\/v2\/types\/post"}],"author":[{"embeddable":true,"href":"https:\/\/fuentesfidedignas.com.mx\/index.php\/wp-json\/wp\/v2\/users\/11"}],"replies":[{"embeddable":true,"href":"https:\/\/fuentesfidedignas.com.mx\/index.php\/wp-json\/wp\/v2\/comments?post=45125"}],"version-history":[{"count":3,"href":"https:\/\/fuentesfidedignas.com.mx\/index.php\/wp-json\/wp\/v2\/posts\/45125\/revisions"}],"predecessor-version":[{"id":45146,"href":"https:\/\/fuentesfidedignas.com.mx\/index.php\/wp-json\/wp\/v2\/posts\/45125\/revisions\/45146"}],"wp:featuredmedia":[{"embeddable":true,"href":"https:\/\/fuentesfidedignas.com.mx\/index.php\/wp-json\/wp\/v2\/media\/45126"}],"wp:attachment":[{"href":"https:\/\/fuentesfidedignas.com.mx\/index.php\/wp-json\/wp\/v2\/media?parent=45125"}],"wp:term":[{"taxonomy":"category","embeddable":true,"href":"https:\/\/fuentesfidedignas.com.mx\/index.php\/wp-json\/wp\/v2\/categories?post=45125"},{"taxonomy":"post_tag","embeddable":true,"href":"https:\/\/fuentesfidedignas.com.mx\/index.php\/wp-json\/wp\/v2\/tags?post=45125"}],"curies":[{"name":"wp","href":"https:\/\/api.w.org\/{rel}","templated":true}]}}