{"id":45014,"date":"2023-04-19T13:34:35","date_gmt":"2023-04-19T19:34:35","guid":{"rendered":"https:\/\/fuentesfidedignas.com.mx\/?p=45014"},"modified":"2023-04-19T13:35:41","modified_gmt":"2023-04-19T19:35:41","slug":"se-suman-diputados-a-exigencia-de-precios-justos-para-el-trigo-y-el-maiz","status":"publish","type":"post","link":"https:\/\/fuentesfidedignas.com.mx\/index.php\/2023\/04\/19\/se-suman-diputados-a-exigencia-de-precios-justos-para-el-trigo-y-el-maiz\/","title":{"rendered":"Se suman diputados a exigencia de precios justos para el trigo y el ma\u00edz"},"content":{"rendered":"\n<p><strong><em>Se unieron para pedir que se otorgue el precio de 7 mil pesos por tonelada de ma\u00edz y 8 mil pesos por tonelada de trigo<\/em><\/strong><\/p>\n\n\n\n<p>Culiac\u00e1n, Sin.- Diputado locales se sumaron a la exigencia de productores sinaloenses para obtener un precio justo de garant\u00eda por tonelada de ma\u00edz y trigo.<\/p>\n\n\n\n<p>Los legisladores mostraron pancartas en sus curules durante la sesi\u00f3n extraordinaria de este mi\u00e9rcoles, mientras se desarrollaba una mega protesta en la entidad para pedir al gobierno federal que se otorgue el precio de 7 mil pesos por tonelada de ma\u00edz y 8 mil pesos por tonelada de trigo.<\/p>\n\n\n\n<p>Los diputados locales que se unieron a la demanda de los productores, son los siguientes:<\/p>\n\n\n\n<p><strong>PARTIDO REVOLUCIONARIO INSTITUCIONAL (PRI)<\/strong><\/p>\n\n\n\n<p>Gloria Himelda F\u00e9lix Niebla<\/p>\n\n\n\n<p>Cinthia Valenzuela Langarica<\/p>\n\n\n\n<p>Sergio Mario Arredondo Salas<\/p>\n\n\n\n<p>Deysi Ayala Valenzuela<\/p>\n\n\n\n<p>Luis Javier de la Rocha<\/p>\n\n\n\n<p><strong>MOVIMIENTO CIUDADADO<\/strong><br>Celia Jauregui<\/p>\n\n\n\n<p><strong>SIN PARTIDO<\/strong><\/p>\n\n\n\n<p>Feliciano Valle Sandoval<\/p>\n\n\n\n<p>Adolfo Beltr\u00e1n Corrales<\/p>\n","protected":false},"excerpt":{"rendered":"<p>Se unieron para pedir que se otorgue el precio de 7 mil pesos por tonelada de ma\u00edz y 8 mil pesos por tonelada de trigo Culiac\u00e1n, Sin.- Diputado locales se sumaron a la exigencia de productores sinaloenses para obtener un precio justo de garant\u00eda por tonelada de ma\u00edz y trigo. Los legisladores mostraron pancartas en [&hellip;]<\/p>\n","protected":false},"author":11,"featured_media":45015,"comment_status":"open","ping_status":"open","sticky":false,"template":"","format":"standard","meta":{"tdm_status":"","tdm_grid_status":"","footnotes":""},"categories":[38],"tags":[],"class_list":{"0":"post-45014","1":"post","2":"type-post","3":"status-publish","4":"format-standard","5":"has-post-thumbnail","7":"category-noticias-locales"},"yoast_head":"<!-- This site is optimized with the Yoast SEO plugin v27.5 - https:\/\/yoast.com\/product\/yoast-seo-wordpress\/ -->\n<title>Se suman diputados a exigencia de precios justos para el trigo y el ma\u00edz - Fuentes Fidedignas<\/title>\n<meta name=\"robots\" content=\"index, follow, max-snippet:-1, max-image-preview:large, max-video-preview:-1\" \/>\n<link rel=\"canonical\" href=\"https:\/\/fuentesfidedignas.com.mx\/index.php\/2023\/04\/19\/se-suman-diputados-a-exigencia-de-precios-justos-para-el-trigo-y-el-maiz\/\" \/>\n<meta property=\"og:locale\" content=\"es_MX\" \/>\n<meta property=\"og:type\" content=\"article\" \/>\n<meta property=\"og:title\" content=\"Se suman diputados a exigencia de precios justos para el trigo y el ma\u00edz - Fuentes Fidedignas\" \/>\n<meta property=\"og:description\" content=\"Se unieron para pedir que se otorgue el precio de 7 mil pesos por tonelada de ma\u00edz y 8 mil pesos por tonelada de trigo Culiac\u00e1n, Sin.- Diputado locales se sumaron a la exigencia de productores sinaloenses para obtener un precio justo de garant\u00eda por tonelada de ma\u00edz y trigo. Los legisladores mostraron pancartas en [&hellip;]\" \/>\n<meta property=\"og:url\" content=\"https:\/\/fuentesfidedignas.com.mx\/index.php\/2023\/04\/19\/se-suman-diputados-a-exigencia-de-precios-justos-para-el-trigo-y-el-maiz\/\" \/>\n<meta property=\"og:site_name\" content=\"Fuentes Fidedignas\" \/>\n<meta property=\"article:publisher\" content=\"https:\/\/www.facebook.com\/Fuentes-Fidedignas-368234489921644\" \/>\n<meta property=\"article:published_time\" content=\"2023-04-19T19:34:35+00:00\" \/>\n<meta property=\"article:modified_time\" content=\"2023-04-19T19:35:41+00:00\" \/>\n<meta property=\"og:image\" content=\"https:\/\/fuentesfidedignas.com.mx\/wp-content\/uploads\/2023\/04\/dip-maiz.jpg\" \/>\n\t<meta property=\"og:image:width\" content=\"1600\" \/>\n\t<meta property=\"og:image:height\" content=\"901\" \/>\n\t<meta property=\"og:image:type\" content=\"image\/jpeg\" \/>\n<meta name=\"author\" content=\"Marissa Palafox\" \/>\n<meta name=\"twitter:card\" content=\"summary_large_image\" \/>\n<meta name=\"twitter:creator\" content=\"@fidedignas\" \/>\n<meta name=\"twitter:site\" content=\"@fidedignas\" \/>\n<meta name=\"twitter:label1\" content=\"Escrito por\" \/>\n\t<meta name=\"twitter:data1\" content=\"Marissa Palafox\" \/>\n\t<meta name=\"twitter:label2\" content=\"Tiempo de lectura\" \/>\n\t<meta name=\"twitter:data2\" content=\"1 minuto\" \/>\n<script type=\"application\/ld+json\" class=\"yoast-schema-graph\">{\"@context\":\"https:\\\/\\\/schema.org\",\"@graph\":[{\"@type\":\"Article\",\"@id\":\"https:\\\/\\\/fuentesfidedignas.com.mx\\\/index.php\\\/2023\\\/04\\\/19\\\/se-suman-diputados-a-exigencia-de-precios-justos-para-el-trigo-y-el-maiz\\\/#article\",\"isPartOf\":{\"@id\":\"https:\\\/\\\/fuentesfidedignas.com.mx\\\/index.php\\\/2023\\\/04\\\/19\\\/se-suman-diputados-a-exigencia-de-precios-justos-para-el-trigo-y-el-maiz\\\/\"},\"author\":{\"name\":\"Marissa Palafox\",\"@id\":\"https:\\\/\\\/fuentesfidedignas.com.mx\\\/#\\\/schema\\\/person\\\/2c10028b4a30078c05a056a215342ab9\"},\"headline\":\"Se suman diputados a exigencia de precios justos para el trigo y el ma\u00edz\",\"datePublished\":\"2023-04-19T19:34:35+00:00\",\"dateModified\":\"2023-04-19T19:35:41+00:00\",\"mainEntityOfPage\":{\"@id\":\"https:\\\/\\\/fuentesfidedignas.com.mx\\\/index.php\\\/2023\\\/04\\\/19\\\/se-suman-diputados-a-exigencia-de-precios-justos-para-el-trigo-y-el-maiz\\\/\"},\"wordCount\":170,\"commentCount\":0,\"publisher\":{\"@id\":\"https:\\\/\\\/fuentesfidedignas.com.mx\\\/#organization\"},\"image\":{\"@id\":\"https:\\\/\\\/fuentesfidedignas.com.mx\\\/index.php\\\/2023\\\/04\\\/19\\\/se-suman-diputados-a-exigencia-de-precios-justos-para-el-trigo-y-el-maiz\\\/#primaryimage\"},\"thumbnailUrl\":\"https:\\\/\\\/fuentesfidedignas.com.mx\\\/wp-content\\\/uploads\\\/2023\\\/04\\\/dip-maiz.jpg\",\"articleSection\":[\"NOTICIAS LOCALES\"],\"inLanguage\":\"es\",\"potentialAction\":[{\"@type\":\"CommentAction\",\"name\":\"Comment\",\"target\":[\"https:\\\/\\\/fuentesfidedignas.com.mx\\\/index.php\\\/2023\\\/04\\\/19\\\/se-suman-diputados-a-exigencia-de-precios-justos-para-el-trigo-y-el-maiz\\\/#respond\"]}]},{\"@type\":\"WebPage\",\"@id\":\"https:\\\/\\\/fuentesfidedignas.com.mx\\\/index.php\\\/2023\\\/04\\\/19\\\/se-suman-diputados-a-exigencia-de-precios-justos-para-el-trigo-y-el-maiz\\\/\",\"url\":\"https:\\\/\\\/fuentesfidedignas.com.mx\\\/index.php\\\/2023\\\/04\\\/19\\\/se-suman-diputados-a-exigencia-de-precios-justos-para-el-trigo-y-el-maiz\\\/\",\"name\":\"Se suman diputados a exigencia de precios justos para el trigo y el ma\u00edz - Fuentes Fidedignas\",\"isPartOf\":{\"@id\":\"https:\\\/\\\/fuentesfidedignas.com.mx\\\/#website\"},\"primaryImageOfPage\":{\"@id\":\"https:\\\/\\\/fuentesfidedignas.com.mx\\\/index.php\\\/2023\\\/04\\\/19\\\/se-suman-diputados-a-exigencia-de-precios-justos-para-el-trigo-y-el-maiz\\\/#primaryimage\"},\"image\":{\"@id\":\"https:\\\/\\\/fuentesfidedignas.com.mx\\\/index.php\\\/2023\\\/04\\\/19\\\/se-suman-diputados-a-exigencia-de-precios-justos-para-el-trigo-y-el-maiz\\\/#primaryimage\"},\"thumbnailUrl\":\"https:\\\/\\\/fuentesfidedignas.com.mx\\\/wp-content\\\/uploads\\\/2023\\\/04\\\/dip-maiz.jpg\",\"datePublished\":\"2023-04-19T19:34:35+00:00\",\"dateModified\":\"2023-04-19T19:35:41+00:00\",\"breadcrumb\":{\"@id\":\"https:\\\/\\\/fuentesfidedignas.com.mx\\\/index.php\\\/2023\\\/04\\\/19\\\/se-suman-diputados-a-exigencia-de-precios-justos-para-el-trigo-y-el-maiz\\\/#breadcrumb\"},\"inLanguage\":\"es\",\"potentialAction\":[{\"@type\":\"ReadAction\",\"target\":[\"https:\\\/\\\/fuentesfidedignas.com.mx\\\/index.php\\\/2023\\\/04\\\/19\\\/se-suman-diputados-a-exigencia-de-precios-justos-para-el-trigo-y-el-maiz\\\/\"]}]},{\"@type\":\"ImageObject\",\"inLanguage\":\"es\",\"@id\":\"https:\\\/\\\/fuentesfidedignas.com.mx\\\/index.php\\\/2023\\\/04\\\/19\\\/se-suman-diputados-a-exigencia-de-precios-justos-para-el-trigo-y-el-maiz\\\/#primaryimage\",\"url\":\"https:\\\/\\\/fuentesfidedignas.com.mx\\\/wp-content\\\/uploads\\\/2023\\\/04\\\/dip-maiz.jpg\",\"contentUrl\":\"https:\\\/\\\/fuentesfidedignas.com.mx\\\/wp-content\\\/uploads\\\/2023\\\/04\\\/dip-maiz.jpg\",\"width\":1600,\"height\":901},{\"@type\":\"BreadcrumbList\",\"@id\":\"https:\\\/\\\/fuentesfidedignas.com.mx\\\/index.php\\\/2023\\\/04\\\/19\\\/se-suman-diputados-a-exigencia-de-precios-justos-para-el-trigo-y-el-maiz\\\/#breadcrumb\",\"itemListElement\":[{\"@type\":\"ListItem\",\"position\":1,\"name\":\"Inicio\",\"item\":\"https:\\\/\\\/fuentesfidedignas.com.mx\\\/\"},{\"@type\":\"ListItem\",\"position\":2,\"name\":\"Se suman diputados a exigencia de precios justos para el trigo y el ma\u00edz\"}]},{\"@type\":\"WebSite\",\"@id\":\"https:\\\/\\\/fuentesfidedignas.com.mx\\\/#website\",\"url\":\"https:\\\/\\\/fuentesfidedignas.com.mx\\\/\",\"name\":\"Fuentes Fidedignas\",\"description\":\"Otro sitio realizado con WordPress\",\"publisher\":{\"@id\":\"https:\\\/\\\/fuentesfidedignas.com.mx\\\/#organization\"},\"potentialAction\":[{\"@type\":\"SearchAction\",\"target\":{\"@type\":\"EntryPoint\",\"urlTemplate\":\"https:\\\/\\\/fuentesfidedignas.com.mx\\\/?s={search_term_string}\"},\"query-input\":{\"@type\":\"PropertyValueSpecification\",\"valueRequired\":true,\"valueName\":\"search_term_string\"}}],\"inLanguage\":\"es\"},{\"@type\":\"Organization\",\"@id\":\"https:\\\/\\\/fuentesfidedignas.com.mx\\\/#organization\",\"name\":\"Fuentes Fidedignas\",\"url\":\"https:\\\/\\\/fuentesfidedignas.com.mx\\\/\",\"logo\":{\"@type\":\"ImageObject\",\"inLanguage\":\"es\",\"@id\":\"https:\\\/\\\/fuentesfidedignas.com.mx\\\/#\\\/schema\\\/logo\\\/image\\\/\",\"url\":\"https:\\\/\\\/fuentesfidedignas.com.mx\\\/wp-content\\\/uploads\\\/2021\\\/04\\\/logo-retina.png\",\"contentUrl\":\"https:\\\/\\\/fuentesfidedignas.com.mx\\\/wp-content\\\/uploads\\\/2021\\\/04\\\/logo-retina.png\",\"width\":280,\"height\":51,\"caption\":\"Fuentes Fidedignas\"},\"image\":{\"@id\":\"https:\\\/\\\/fuentesfidedignas.com.mx\\\/#\\\/schema\\\/logo\\\/image\\\/\"},\"sameAs\":[\"https:\\\/\\\/www.facebook.com\\\/Fuentes-Fidedignas-368234489921644\",\"https:\\\/\\\/x.com\\\/fidedignas\"]},{\"@type\":\"Person\",\"@id\":\"https:\\\/\\\/fuentesfidedignas.com.mx\\\/#\\\/schema\\\/person\\\/2c10028b4a30078c05a056a215342ab9\",\"name\":\"Marissa Palafox\",\"image\":{\"@type\":\"ImageObject\",\"inLanguage\":\"es\",\"@id\":\"https:\\\/\\\/secure.gravatar.com\\\/avatar\\\/20a43bdb2f2db10f20b22d4e98b96eb027faf98f7f76d29854dc5fab46d1cf71?s=96&d=mm&r=g\",\"url\":\"https:\\\/\\\/secure.gravatar.com\\\/avatar\\\/20a43bdb2f2db10f20b22d4e98b96eb027faf98f7f76d29854dc5fab46d1cf71?s=96&d=mm&r=g\",\"contentUrl\":\"https:\\\/\\\/secure.gravatar.com\\\/avatar\\\/20a43bdb2f2db10f20b22d4e98b96eb027faf98f7f76d29854dc5fab46d1cf71?s=96&d=mm&r=g\",\"caption\":\"Marissa Palafox\"},\"url\":\"https:\\\/\\\/fuentesfidedignas.com.mx\\\/index.php\\\/author\\\/marissa\\\/\"}]}<\/script>\n<!-- \/ Yoast SEO plugin. -->","yoast_head_json":{"title":"Se suman diputados a exigencia de precios justos para el trigo y el ma\u00edz - Fuentes Fidedignas","robots":{"index":"index","follow":"follow","max-snippet":"max-snippet:-1","max-image-preview":"max-image-preview:large","max-video-preview":"max-video-preview:-1"},"canonical":"https:\/\/fuentesfidedignas.com.mx\/index.php\/2023\/04\/19\/se-suman-diputados-a-exigencia-de-precios-justos-para-el-trigo-y-el-maiz\/","og_locale":"es_MX","og_type":"article","og_title":"Se suman diputados a exigencia de precios justos para el trigo y el ma\u00edz - Fuentes Fidedignas","og_description":"Se unieron para pedir que se otorgue el precio de 7 mil pesos por tonelada de ma\u00edz y 8 mil pesos por tonelada de trigo Culiac\u00e1n, Sin.- Diputado locales se sumaron a la exigencia de productores sinaloenses para obtener un precio justo de garant\u00eda por tonelada de ma\u00edz y trigo. Los legisladores mostraron pancartas en [&hellip;]","og_url":"https:\/\/fuentesfidedignas.com.mx\/index.php\/2023\/04\/19\/se-suman-diputados-a-exigencia-de-precios-justos-para-el-trigo-y-el-maiz\/","og_site_name":"Fuentes Fidedignas","article_publisher":"https:\/\/www.facebook.com\/Fuentes-Fidedignas-368234489921644","article_published_time":"2023-04-19T19:34:35+00:00","article_modified_time":"2023-04-19T19:35:41+00:00","og_image":[{"width":1600,"height":901,"url":"https:\/\/fuentesfidedignas.com.mx\/wp-content\/uploads\/2023\/04\/dip-maiz.jpg","type":"image\/jpeg"}],"author":"Marissa Palafox","twitter_card":"summary_large_image","twitter_creator":"@fidedignas","twitter_site":"@fidedignas","twitter_misc":{"Escrito por":"Marissa Palafox","Tiempo de lectura":"1 minuto"},"schema":{"@context":"https:\/\/schema.org","@graph":[{"@type":"Article","@id":"https:\/\/fuentesfidedignas.com.mx\/index.php\/2023\/04\/19\/se-suman-diputados-a-exigencia-de-precios-justos-para-el-trigo-y-el-maiz\/#article","isPartOf":{"@id":"https:\/\/fuentesfidedignas.com.mx\/index.php\/2023\/04\/19\/se-suman-diputados-a-exigencia-de-precios-justos-para-el-trigo-y-el-maiz\/"},"author":{"name":"Marissa Palafox","@id":"https:\/\/fuentesfidedignas.com.mx\/#\/schema\/person\/2c10028b4a30078c05a056a215342ab9"},"headline":"Se suman diputados a exigencia de precios justos para el trigo y el ma\u00edz","datePublished":"2023-04-19T19:34:35+00:00","dateModified":"2023-04-19T19:35:41+00:00","mainEntityOfPage":{"@id":"https:\/\/fuentesfidedignas.com.mx\/index.php\/2023\/04\/19\/se-suman-diputados-a-exigencia-de-precios-justos-para-el-trigo-y-el-maiz\/"},"wordCount":170,"commentCount":0,"publisher":{"@id":"https:\/\/fuentesfidedignas.com.mx\/#organization"},"image":{"@id":"https:\/\/fuentesfidedignas.com.mx\/index.php\/2023\/04\/19\/se-suman-diputados-a-exigencia-de-precios-justos-para-el-trigo-y-el-maiz\/#primaryimage"},"thumbnailUrl":"https:\/\/fuentesfidedignas.com.mx\/wp-content\/uploads\/2023\/04\/dip-maiz.jpg","articleSection":["NOTICIAS LOCALES"],"inLanguage":"es","potentialAction":[{"@type":"CommentAction","name":"Comment","target":["https:\/\/fuentesfidedignas.com.mx\/index.php\/2023\/04\/19\/se-suman-diputados-a-exigencia-de-precios-justos-para-el-trigo-y-el-maiz\/#respond"]}]},{"@type":"WebPage","@id":"https:\/\/fuentesfidedignas.com.mx\/index.php\/2023\/04\/19\/se-suman-diputados-a-exigencia-de-precios-justos-para-el-trigo-y-el-maiz\/","url":"https:\/\/fuentesfidedignas.com.mx\/index.php\/2023\/04\/19\/se-suman-diputados-a-exigencia-de-precios-justos-para-el-trigo-y-el-maiz\/","name":"Se suman diputados a exigencia de precios justos para el trigo y el ma\u00edz - Fuentes Fidedignas","isPartOf":{"@id":"https:\/\/fuentesfidedignas.com.mx\/#website"},"primaryImageOfPage":{"@id":"https:\/\/fuentesfidedignas.com.mx\/index.php\/2023\/04\/19\/se-suman-diputados-a-exigencia-de-precios-justos-para-el-trigo-y-el-maiz\/#primaryimage"},"image":{"@id":"https:\/\/fuentesfidedignas.com.mx\/index.php\/2023\/04\/19\/se-suman-diputados-a-exigencia-de-precios-justos-para-el-trigo-y-el-maiz\/#primaryimage"},"thumbnailUrl":"https:\/\/fuentesfidedignas.com.mx\/wp-content\/uploads\/2023\/04\/dip-maiz.jpg","datePublished":"2023-04-19T19:34:35+00:00","dateModified":"2023-04-19T19:35:41+00:00","breadcrumb":{"@id":"https:\/\/fuentesfidedignas.com.mx\/index.php\/2023\/04\/19\/se-suman-diputados-a-exigencia-de-precios-justos-para-el-trigo-y-el-maiz\/#breadcrumb"},"inLanguage":"es","potentialAction":[{"@type":"ReadAction","target":["https:\/\/fuentesfidedignas.com.mx\/index.php\/2023\/04\/19\/se-suman-diputados-a-exigencia-de-precios-justos-para-el-trigo-y-el-maiz\/"]}]},{"@type":"ImageObject","inLanguage":"es","@id":"https:\/\/fuentesfidedignas.com.mx\/index.php\/2023\/04\/19\/se-suman-diputados-a-exigencia-de-precios-justos-para-el-trigo-y-el-maiz\/#primaryimage","url":"https:\/\/fuentesfidedignas.com.mx\/wp-content\/uploads\/2023\/04\/dip-maiz.jpg","contentUrl":"https:\/\/fuentesfidedignas.com.mx\/wp-content\/uploads\/2023\/04\/dip-maiz.jpg","width":1600,"height":901},{"@type":"BreadcrumbList","@id":"https:\/\/fuentesfidedignas.com.mx\/index.php\/2023\/04\/19\/se-suman-diputados-a-exigencia-de-precios-justos-para-el-trigo-y-el-maiz\/#breadcrumb","itemListElement":[{"@type":"ListItem","position":1,"name":"Inicio","item":"https:\/\/fuentesfidedignas.com.mx\/"},{"@type":"ListItem","position":2,"name":"Se suman diputados a exigencia de precios justos para el trigo y el ma\u00edz"}]},{"@type":"WebSite","@id":"https:\/\/fuentesfidedignas.com.mx\/#website","url":"https:\/\/fuentesfidedignas.com.mx\/","name":"Fuentes Fidedignas","description":"Otro sitio realizado con WordPress","publisher":{"@id":"https:\/\/fuentesfidedignas.com.mx\/#organization"},"potentialAction":[{"@type":"SearchAction","target":{"@type":"EntryPoint","urlTemplate":"https:\/\/fuentesfidedignas.com.mx\/?s={search_term_string}"},"query-input":{"@type":"PropertyValueSpecification","valueRequired":true,"valueName":"search_term_string"}}],"inLanguage":"es"},{"@type":"Organization","@id":"https:\/\/fuentesfidedignas.com.mx\/#organization","name":"Fuentes Fidedignas","url":"https:\/\/fuentesfidedignas.com.mx\/","logo":{"@type":"ImageObject","inLanguage":"es","@id":"https:\/\/fuentesfidedignas.com.mx\/#\/schema\/logo\/image\/","url":"https:\/\/fuentesfidedignas.com.mx\/wp-content\/uploads\/2021\/04\/logo-retina.png","contentUrl":"https:\/\/fuentesfidedignas.com.mx\/wp-content\/uploads\/2021\/04\/logo-retina.png","width":280,"height":51,"caption":"Fuentes Fidedignas"},"image":{"@id":"https:\/\/fuentesfidedignas.com.mx\/#\/schema\/logo\/image\/"},"sameAs":["https:\/\/www.facebook.com\/Fuentes-Fidedignas-368234489921644","https:\/\/x.com\/fidedignas"]},{"@type":"Person","@id":"https:\/\/fuentesfidedignas.com.mx\/#\/schema\/person\/2c10028b4a30078c05a056a215342ab9","name":"Marissa Palafox","image":{"@type":"ImageObject","inLanguage":"es","@id":"https:\/\/secure.gravatar.com\/avatar\/20a43bdb2f2db10f20b22d4e98b96eb027faf98f7f76d29854dc5fab46d1cf71?s=96&d=mm&r=g","url":"https:\/\/secure.gravatar.com\/avatar\/20a43bdb2f2db10f20b22d4e98b96eb027faf98f7f76d29854dc5fab46d1cf71?s=96&d=mm&r=g","contentUrl":"https:\/\/secure.gravatar.com\/avatar\/20a43bdb2f2db10f20b22d4e98b96eb027faf98f7f76d29854dc5fab46d1cf71?s=96&d=mm&r=g","caption":"Marissa Palafox"},"url":"https:\/\/fuentesfidedignas.com.mx\/index.php\/author\/marissa\/"}]}},"_links":{"self":[{"href":"https:\/\/fuentesfidedignas.com.mx\/index.php\/wp-json\/wp\/v2\/posts\/45014","targetHints":{"allow":["GET"]}}],"collection":[{"href":"https:\/\/fuentesfidedignas.com.mx\/index.php\/wp-json\/wp\/v2\/posts"}],"about":[{"href":"https:\/\/fuentesfidedignas.com.mx\/index.php\/wp-json\/wp\/v2\/types\/post"}],"author":[{"embeddable":true,"href":"https:\/\/fuentesfidedignas.com.mx\/index.php\/wp-json\/wp\/v2\/users\/11"}],"replies":[{"embeddable":true,"href":"https:\/\/fuentesfidedignas.com.mx\/index.php\/wp-json\/wp\/v2\/comments?post=45014"}],"version-history":[{"count":2,"href":"https:\/\/fuentesfidedignas.com.mx\/index.php\/wp-json\/wp\/v2\/posts\/45014\/revisions"}],"predecessor-version":[{"id":45017,"href":"https:\/\/fuentesfidedignas.com.mx\/index.php\/wp-json\/wp\/v2\/posts\/45014\/revisions\/45017"}],"wp:featuredmedia":[{"embeddable":true,"href":"https:\/\/fuentesfidedignas.com.mx\/index.php\/wp-json\/wp\/v2\/media\/45015"}],"wp:attachment":[{"href":"https:\/\/fuentesfidedignas.com.mx\/index.php\/wp-json\/wp\/v2\/media?parent=45014"}],"wp:term":[{"taxonomy":"category","embeddable":true,"href":"https:\/\/fuentesfidedignas.com.mx\/index.php\/wp-json\/wp\/v2\/categories?post=45014"},{"taxonomy":"post_tag","embeddable":true,"href":"https:\/\/fuentesfidedignas.com.mx\/index.php\/wp-json\/wp\/v2\/tags?post=45014"}],"curies":[{"name":"wp","href":"https:\/\/api.w.org\/{rel}","templated":true}]}}