{"id":44856,"date":"2023-04-18T12:48:21","date_gmt":"2023-04-18T18:48:21","guid":{"rendered":"https:\/\/fuentesfidedignas.com.mx\/?p=44856"},"modified":"2023-04-18T12:52:43","modified_gmt":"2023-04-18T18:52:43","slug":"agarron-en-el-congreso-diputados-se-enfrentan-durante-conferencia-de-prensa","status":"publish","type":"post","link":"https:\/\/fuentesfidedignas.com.mx\/index.php\/2023\/04\/18\/agarron-en-el-congreso-diputados-se-enfrentan-durante-conferencia-de-prensa\/","title":{"rendered":"\u00a1Agarr\u00f3n en el Congreso! Diputados se enfrentan durante conferencia de prensa | Video"},"content":{"rendered":"\n<p><em><strong>El diputado Pedro Lobo inform\u00f3 que el legislador Gene Boj\u00f3rquez se encuentra dentro de las indagatorias de la UIPES<\/strong><\/em> <strong><em>contra<\/em><\/strong><em><strong> la familia Cu\u00e9n<\/strong><\/em><\/p>\n\n\n\n<p>Culiac\u00e1n, Sin.- Los diputados Pedro Villegas Lobo (Morena) y Gene Ren\u00e9 Boj\u00f3rquez Ruiz (Partido Sinaloense), tuvieron un enfrentamiento verbal despu\u00e9s de que ambos declararon antes medios por la investigaci\u00f3n que se realiza por parte de la Unidad de Inteligencia Patrimonial y Econ\u00f3mica en Sinaloa (UIPES) a H\u00e9ctor Melesio Cu\u00e9n Ojeda y su familia.<\/p>\n\n\n\n<p>El diputado morenista asegur\u00f3 que el legislador del PAS se encuentra dentro de las indagatorias, ya que fungi\u00f3 como representante legal de dos negocios del H\u00e9ctor Melesio Cu\u00e9n D\u00edaz (hijo del fundador del Partido Sinaloense). <\/p>\n\n\n\n<p>En ese sentido, Villegas Lobo afirm\u00f3 que dicha investigaci\u00f3n terminar\u00eda en un juicio pol\u00edtico y desafuero contra el Gene Boj\u00f3rquez.<\/p>\n\n\n\n<figure class=\"wp-block-video\"><video height=\"288\" style=\"aspect-ratio: 640 \/ 288;\" width=\"640\" controls src=\"https:\/\/fuentesfidedignas.com.mx\/wp-content\/uploads\/2023\/04\/WhatsApp-Video-2023-04-18-at-12.20.29-PM.mp4\"><\/video><\/figure>\n\n\n\n<p>En tanto, el legislador del PAS indic\u00f3 que &#8220;est\u00e1 limpio&#8221; y no ha realizado acciones fuera de la ley, se\u00f1alando a Cu\u00e9n D\u00edaz como un buen amigo y que &#8220;a los amigos se les ayuda&#8221;. Mientras que el morenista, asever\u00f3, s\u00f3lo quiere llamar la atenci\u00f3n y es un enviado de la Jucopo para hacer golpeteo pol\u00edtico.<\/p>\n\n\n\n<p>Asimismo, Gene Boj\u00f3rquez record\u00f3 los se\u00f1alamientos de un video sexual del Pedro Lobo presuntamente dentro de las instalaciones del \u00e1rea de prensa del Congreso del Estado, situaci\u00f3n que encendi\u00f3 los \u00e1nimos entre ambos diputados.<\/p>\n\n\n\n<iframe loading=\"lazy\" src=\"https:\/\/www.facebook.com\/plugins\/video.php?height=314&#038;href=https%3A%2F%2Fweb.facebook.com%2F368234489921644%2Fvideos%2F607667481235257%2F&#038;show_text=false&#038;width=560&#038;t=0\" width=\"560\" height=\"314\" style=\"border:none;overflow:hidden\" scrolling=\"no\" frameborder=\"0\" allowfullscreen=\"true\" allow=\"autoplay; clipboard-write; encrypted-media; picture-in-picture; web-share\" allowFullScreen=\"true\"><\/iframe>\n","protected":false},"excerpt":{"rendered":"<p>El diputado Pedro Lobo inform\u00f3 que el legislador Gene Boj\u00f3rquez se encuentra dentro de las indagatorias de la UIPES contra la familia Cu\u00e9n Culiac\u00e1n, Sin.- Los diputados Pedro Villegas Lobo (Morena) y Gene Ren\u00e9 Boj\u00f3rquez Ruiz (Partido Sinaloense), tuvieron un enfrentamiento verbal despu\u00e9s de que ambos declararon antes medios por la investigaci\u00f3n que se realiza [&hellip;]<\/p>\n","protected":false},"author":11,"featured_media":44858,"comment_status":"open","ping_status":"open","sticky":false,"template":"","format":"standard","meta":{"tdm_status":"","tdm_grid_status":"","footnotes":""},"categories":[37],"tags":[],"class_list":{"0":"post-44856","1":"post","2":"type-post","3":"status-publish","4":"format-standard","5":"has-post-thumbnail","7":"category-nota-principal"},"yoast_head":"<!-- This site is optimized with the Yoast SEO plugin v27.5 - https:\/\/yoast.com\/product\/yoast-seo-wordpress\/ -->\n<title>\u00a1Agarr\u00f3n en el Congreso! Diputados se enfrentan durante conferencia de prensa | Video - Fuentes Fidedignas<\/title>\n<meta name=\"robots\" content=\"index, follow, max-snippet:-1, max-image-preview:large, max-video-preview:-1\" \/>\n<link rel=\"canonical\" href=\"https:\/\/fuentesfidedignas.com.mx\/index.php\/2023\/04\/18\/agarron-en-el-congreso-diputados-se-enfrentan-durante-conferencia-de-prensa\/\" \/>\n<meta property=\"og:locale\" content=\"es_MX\" \/>\n<meta property=\"og:type\" content=\"article\" \/>\n<meta property=\"og:title\" content=\"\u00a1Agarr\u00f3n en el Congreso! Diputados se enfrentan durante conferencia de prensa | Video - Fuentes Fidedignas\" \/>\n<meta property=\"og:description\" content=\"El diputado Pedro Lobo inform\u00f3 que el legislador Gene Boj\u00f3rquez se encuentra dentro de las indagatorias de la UIPES contra la familia Cu\u00e9n Culiac\u00e1n, Sin.- Los diputados Pedro Villegas Lobo (Morena) y Gene Ren\u00e9 Boj\u00f3rquez Ruiz (Partido Sinaloense), tuvieron un enfrentamiento verbal despu\u00e9s de que ambos declararon antes medios por la investigaci\u00f3n que se realiza [&hellip;]\" \/>\n<meta property=\"og:url\" content=\"https:\/\/fuentesfidedignas.com.mx\/index.php\/2023\/04\/18\/agarron-en-el-congreso-diputados-se-enfrentan-durante-conferencia-de-prensa\/\" \/>\n<meta property=\"og:site_name\" content=\"Fuentes Fidedignas\" \/>\n<meta property=\"article:publisher\" content=\"https:\/\/www.facebook.com\/Fuentes-Fidedignas-368234489921644\" \/>\n<meta property=\"article:published_time\" content=\"2023-04-18T18:48:21+00:00\" \/>\n<meta property=\"article:modified_time\" content=\"2023-04-18T18:52:43+00:00\" \/>\n<meta property=\"og:image\" content=\"https:\/\/fuentesfidedignas.com.mx\/wp-content\/uploads\/2023\/04\/enfrentameinto.jpg\" \/>\n\t<meta property=\"og:image:width\" content=\"1030\" \/>\n\t<meta property=\"og:image:height\" content=\"613\" \/>\n\t<meta property=\"og:image:type\" content=\"image\/jpeg\" \/>\n<meta name=\"author\" content=\"Marissa Palafox\" \/>\n<meta name=\"twitter:card\" content=\"summary_large_image\" \/>\n<meta name=\"twitter:creator\" content=\"@fidedignas\" \/>\n<meta name=\"twitter:site\" content=\"@fidedignas\" \/>\n<meta name=\"twitter:label1\" content=\"Escrito por\" \/>\n\t<meta name=\"twitter:data1\" content=\"Marissa Palafox\" \/>\n\t<meta name=\"twitter:label2\" content=\"Tiempo de lectura\" \/>\n\t<meta name=\"twitter:data2\" content=\"2 minutos\" \/>\n<script type=\"application\/ld+json\" class=\"yoast-schema-graph\">{\"@context\":\"https:\\\/\\\/schema.org\",\"@graph\":[{\"@type\":\"Article\",\"@id\":\"https:\\\/\\\/fuentesfidedignas.com.mx\\\/index.php\\\/2023\\\/04\\\/18\\\/agarron-en-el-congreso-diputados-se-enfrentan-durante-conferencia-de-prensa\\\/#article\",\"isPartOf\":{\"@id\":\"https:\\\/\\\/fuentesfidedignas.com.mx\\\/index.php\\\/2023\\\/04\\\/18\\\/agarron-en-el-congreso-diputados-se-enfrentan-durante-conferencia-de-prensa\\\/\"},\"author\":{\"name\":\"Marissa Palafox\",\"@id\":\"https:\\\/\\\/fuentesfidedignas.com.mx\\\/#\\\/schema\\\/person\\\/2c10028b4a30078c05a056a215342ab9\"},\"headline\":\"\u00a1Agarr\u00f3n en el Congreso! Diputados se enfrentan durante conferencia de prensa | Video\",\"datePublished\":\"2023-04-18T18:48:21+00:00\",\"dateModified\":\"2023-04-18T18:52:43+00:00\",\"mainEntityOfPage\":{\"@id\":\"https:\\\/\\\/fuentesfidedignas.com.mx\\\/index.php\\\/2023\\\/04\\\/18\\\/agarron-en-el-congreso-diputados-se-enfrentan-durante-conferencia-de-prensa\\\/\"},\"wordCount\":260,\"commentCount\":0,\"publisher\":{\"@id\":\"https:\\\/\\\/fuentesfidedignas.com.mx\\\/#organization\"},\"image\":{\"@id\":\"https:\\\/\\\/fuentesfidedignas.com.mx\\\/index.php\\\/2023\\\/04\\\/18\\\/agarron-en-el-congreso-diputados-se-enfrentan-durante-conferencia-de-prensa\\\/#primaryimage\"},\"thumbnailUrl\":\"https:\\\/\\\/fuentesfidedignas.com.mx\\\/wp-content\\\/uploads\\\/2023\\\/04\\\/enfrentameinto.jpg\",\"articleSection\":[\"NOTA PRINCIPAL\"],\"inLanguage\":\"es\",\"potentialAction\":[{\"@type\":\"CommentAction\",\"name\":\"Comment\",\"target\":[\"https:\\\/\\\/fuentesfidedignas.com.mx\\\/index.php\\\/2023\\\/04\\\/18\\\/agarron-en-el-congreso-diputados-se-enfrentan-durante-conferencia-de-prensa\\\/#respond\"]}]},{\"@type\":\"WebPage\",\"@id\":\"https:\\\/\\\/fuentesfidedignas.com.mx\\\/index.php\\\/2023\\\/04\\\/18\\\/agarron-en-el-congreso-diputados-se-enfrentan-durante-conferencia-de-prensa\\\/\",\"url\":\"https:\\\/\\\/fuentesfidedignas.com.mx\\\/index.php\\\/2023\\\/04\\\/18\\\/agarron-en-el-congreso-diputados-se-enfrentan-durante-conferencia-de-prensa\\\/\",\"name\":\"\u00a1Agarr\u00f3n en el Congreso! Diputados se enfrentan durante conferencia de prensa | Video - Fuentes Fidedignas\",\"isPartOf\":{\"@id\":\"https:\\\/\\\/fuentesfidedignas.com.mx\\\/#website\"},\"primaryImageOfPage\":{\"@id\":\"https:\\\/\\\/fuentesfidedignas.com.mx\\\/index.php\\\/2023\\\/04\\\/18\\\/agarron-en-el-congreso-diputados-se-enfrentan-durante-conferencia-de-prensa\\\/#primaryimage\"},\"image\":{\"@id\":\"https:\\\/\\\/fuentesfidedignas.com.mx\\\/index.php\\\/2023\\\/04\\\/18\\\/agarron-en-el-congreso-diputados-se-enfrentan-durante-conferencia-de-prensa\\\/#primaryimage\"},\"thumbnailUrl\":\"https:\\\/\\\/fuentesfidedignas.com.mx\\\/wp-content\\\/uploads\\\/2023\\\/04\\\/enfrentameinto.jpg\",\"datePublished\":\"2023-04-18T18:48:21+00:00\",\"dateModified\":\"2023-04-18T18:52:43+00:00\",\"breadcrumb\":{\"@id\":\"https:\\\/\\\/fuentesfidedignas.com.mx\\\/index.php\\\/2023\\\/04\\\/18\\\/agarron-en-el-congreso-diputados-se-enfrentan-durante-conferencia-de-prensa\\\/#breadcrumb\"},\"inLanguage\":\"es\",\"potentialAction\":[{\"@type\":\"ReadAction\",\"target\":[\"https:\\\/\\\/fuentesfidedignas.com.mx\\\/index.php\\\/2023\\\/04\\\/18\\\/agarron-en-el-congreso-diputados-se-enfrentan-durante-conferencia-de-prensa\\\/\"]}]},{\"@type\":\"ImageObject\",\"inLanguage\":\"es\",\"@id\":\"https:\\\/\\\/fuentesfidedignas.com.mx\\\/index.php\\\/2023\\\/04\\\/18\\\/agarron-en-el-congreso-diputados-se-enfrentan-durante-conferencia-de-prensa\\\/#primaryimage\",\"url\":\"https:\\\/\\\/fuentesfidedignas.com.mx\\\/wp-content\\\/uploads\\\/2023\\\/04\\\/enfrentameinto.jpg\",\"contentUrl\":\"https:\\\/\\\/fuentesfidedignas.com.mx\\\/wp-content\\\/uploads\\\/2023\\\/04\\\/enfrentameinto.jpg\",\"width\":1030,\"height\":613},{\"@type\":\"BreadcrumbList\",\"@id\":\"https:\\\/\\\/fuentesfidedignas.com.mx\\\/index.php\\\/2023\\\/04\\\/18\\\/agarron-en-el-congreso-diputados-se-enfrentan-durante-conferencia-de-prensa\\\/#breadcrumb\",\"itemListElement\":[{\"@type\":\"ListItem\",\"position\":1,\"name\":\"Inicio\",\"item\":\"https:\\\/\\\/fuentesfidedignas.com.mx\\\/\"},{\"@type\":\"ListItem\",\"position\":2,\"name\":\"\u00a1Agarr\u00f3n en el Congreso! Diputados se enfrentan durante conferencia de prensa | Video\"}]},{\"@type\":\"WebSite\",\"@id\":\"https:\\\/\\\/fuentesfidedignas.com.mx\\\/#website\",\"url\":\"https:\\\/\\\/fuentesfidedignas.com.mx\\\/\",\"name\":\"Fuentes Fidedignas\",\"description\":\"Otro sitio realizado con WordPress\",\"publisher\":{\"@id\":\"https:\\\/\\\/fuentesfidedignas.com.mx\\\/#organization\"},\"potentialAction\":[{\"@type\":\"SearchAction\",\"target\":{\"@type\":\"EntryPoint\",\"urlTemplate\":\"https:\\\/\\\/fuentesfidedignas.com.mx\\\/?s={search_term_string}\"},\"query-input\":{\"@type\":\"PropertyValueSpecification\",\"valueRequired\":true,\"valueName\":\"search_term_string\"}}],\"inLanguage\":\"es\"},{\"@type\":\"Organization\",\"@id\":\"https:\\\/\\\/fuentesfidedignas.com.mx\\\/#organization\",\"name\":\"Fuentes Fidedignas\",\"url\":\"https:\\\/\\\/fuentesfidedignas.com.mx\\\/\",\"logo\":{\"@type\":\"ImageObject\",\"inLanguage\":\"es\",\"@id\":\"https:\\\/\\\/fuentesfidedignas.com.mx\\\/#\\\/schema\\\/logo\\\/image\\\/\",\"url\":\"https:\\\/\\\/fuentesfidedignas.com.mx\\\/wp-content\\\/uploads\\\/2021\\\/04\\\/logo-retina.png\",\"contentUrl\":\"https:\\\/\\\/fuentesfidedignas.com.mx\\\/wp-content\\\/uploads\\\/2021\\\/04\\\/logo-retina.png\",\"width\":280,\"height\":51,\"caption\":\"Fuentes Fidedignas\"},\"image\":{\"@id\":\"https:\\\/\\\/fuentesfidedignas.com.mx\\\/#\\\/schema\\\/logo\\\/image\\\/\"},\"sameAs\":[\"https:\\\/\\\/www.facebook.com\\\/Fuentes-Fidedignas-368234489921644\",\"https:\\\/\\\/x.com\\\/fidedignas\"]},{\"@type\":\"Person\",\"@id\":\"https:\\\/\\\/fuentesfidedignas.com.mx\\\/#\\\/schema\\\/person\\\/2c10028b4a30078c05a056a215342ab9\",\"name\":\"Marissa Palafox\",\"image\":{\"@type\":\"ImageObject\",\"inLanguage\":\"es\",\"@id\":\"https:\\\/\\\/secure.gravatar.com\\\/avatar\\\/20a43bdb2f2db10f20b22d4e98b96eb027faf98f7f76d29854dc5fab46d1cf71?s=96&d=mm&r=g\",\"url\":\"https:\\\/\\\/secure.gravatar.com\\\/avatar\\\/20a43bdb2f2db10f20b22d4e98b96eb027faf98f7f76d29854dc5fab46d1cf71?s=96&d=mm&r=g\",\"contentUrl\":\"https:\\\/\\\/secure.gravatar.com\\\/avatar\\\/20a43bdb2f2db10f20b22d4e98b96eb027faf98f7f76d29854dc5fab46d1cf71?s=96&d=mm&r=g\",\"caption\":\"Marissa Palafox\"},\"url\":\"https:\\\/\\\/fuentesfidedignas.com.mx\\\/index.php\\\/author\\\/marissa\\\/\"}]}<\/script>\n<!-- \/ Yoast SEO plugin. -->","yoast_head_json":{"title":"\u00a1Agarr\u00f3n en el Congreso! Diputados se enfrentan durante conferencia de prensa | Video - Fuentes Fidedignas","robots":{"index":"index","follow":"follow","max-snippet":"max-snippet:-1","max-image-preview":"max-image-preview:large","max-video-preview":"max-video-preview:-1"},"canonical":"https:\/\/fuentesfidedignas.com.mx\/index.php\/2023\/04\/18\/agarron-en-el-congreso-diputados-se-enfrentan-durante-conferencia-de-prensa\/","og_locale":"es_MX","og_type":"article","og_title":"\u00a1Agarr\u00f3n en el Congreso! Diputados se enfrentan durante conferencia de prensa | Video - Fuentes Fidedignas","og_description":"El diputado Pedro Lobo inform\u00f3 que el legislador Gene Boj\u00f3rquez se encuentra dentro de las indagatorias de la UIPES contra la familia Cu\u00e9n Culiac\u00e1n, Sin.- Los diputados Pedro Villegas Lobo (Morena) y Gene Ren\u00e9 Boj\u00f3rquez Ruiz (Partido Sinaloense), tuvieron un enfrentamiento verbal despu\u00e9s de que ambos declararon antes medios por la investigaci\u00f3n que se realiza [&hellip;]","og_url":"https:\/\/fuentesfidedignas.com.mx\/index.php\/2023\/04\/18\/agarron-en-el-congreso-diputados-se-enfrentan-durante-conferencia-de-prensa\/","og_site_name":"Fuentes Fidedignas","article_publisher":"https:\/\/www.facebook.com\/Fuentes-Fidedignas-368234489921644","article_published_time":"2023-04-18T18:48:21+00:00","article_modified_time":"2023-04-18T18:52:43+00:00","og_image":[{"width":1030,"height":613,"url":"https:\/\/fuentesfidedignas.com.mx\/wp-content\/uploads\/2023\/04\/enfrentameinto.jpg","type":"image\/jpeg"}],"author":"Marissa Palafox","twitter_card":"summary_large_image","twitter_creator":"@fidedignas","twitter_site":"@fidedignas","twitter_misc":{"Escrito por":"Marissa Palafox","Tiempo de lectura":"2 minutos"},"schema":{"@context":"https:\/\/schema.org","@graph":[{"@type":"Article","@id":"https:\/\/fuentesfidedignas.com.mx\/index.php\/2023\/04\/18\/agarron-en-el-congreso-diputados-se-enfrentan-durante-conferencia-de-prensa\/#article","isPartOf":{"@id":"https:\/\/fuentesfidedignas.com.mx\/index.php\/2023\/04\/18\/agarron-en-el-congreso-diputados-se-enfrentan-durante-conferencia-de-prensa\/"},"author":{"name":"Marissa Palafox","@id":"https:\/\/fuentesfidedignas.com.mx\/#\/schema\/person\/2c10028b4a30078c05a056a215342ab9"},"headline":"\u00a1Agarr\u00f3n en el Congreso! Diputados se enfrentan durante conferencia de prensa | Video","datePublished":"2023-04-18T18:48:21+00:00","dateModified":"2023-04-18T18:52:43+00:00","mainEntityOfPage":{"@id":"https:\/\/fuentesfidedignas.com.mx\/index.php\/2023\/04\/18\/agarron-en-el-congreso-diputados-se-enfrentan-durante-conferencia-de-prensa\/"},"wordCount":260,"commentCount":0,"publisher":{"@id":"https:\/\/fuentesfidedignas.com.mx\/#organization"},"image":{"@id":"https:\/\/fuentesfidedignas.com.mx\/index.php\/2023\/04\/18\/agarron-en-el-congreso-diputados-se-enfrentan-durante-conferencia-de-prensa\/#primaryimage"},"thumbnailUrl":"https:\/\/fuentesfidedignas.com.mx\/wp-content\/uploads\/2023\/04\/enfrentameinto.jpg","articleSection":["NOTA PRINCIPAL"],"inLanguage":"es","potentialAction":[{"@type":"CommentAction","name":"Comment","target":["https:\/\/fuentesfidedignas.com.mx\/index.php\/2023\/04\/18\/agarron-en-el-congreso-diputados-se-enfrentan-durante-conferencia-de-prensa\/#respond"]}]},{"@type":"WebPage","@id":"https:\/\/fuentesfidedignas.com.mx\/index.php\/2023\/04\/18\/agarron-en-el-congreso-diputados-se-enfrentan-durante-conferencia-de-prensa\/","url":"https:\/\/fuentesfidedignas.com.mx\/index.php\/2023\/04\/18\/agarron-en-el-congreso-diputados-se-enfrentan-durante-conferencia-de-prensa\/","name":"\u00a1Agarr\u00f3n en el Congreso! Diputados se enfrentan durante conferencia de prensa | Video - Fuentes Fidedignas","isPartOf":{"@id":"https:\/\/fuentesfidedignas.com.mx\/#website"},"primaryImageOfPage":{"@id":"https:\/\/fuentesfidedignas.com.mx\/index.php\/2023\/04\/18\/agarron-en-el-congreso-diputados-se-enfrentan-durante-conferencia-de-prensa\/#primaryimage"},"image":{"@id":"https:\/\/fuentesfidedignas.com.mx\/index.php\/2023\/04\/18\/agarron-en-el-congreso-diputados-se-enfrentan-durante-conferencia-de-prensa\/#primaryimage"},"thumbnailUrl":"https:\/\/fuentesfidedignas.com.mx\/wp-content\/uploads\/2023\/04\/enfrentameinto.jpg","datePublished":"2023-04-18T18:48:21+00:00","dateModified":"2023-04-18T18:52:43+00:00","breadcrumb":{"@id":"https:\/\/fuentesfidedignas.com.mx\/index.php\/2023\/04\/18\/agarron-en-el-congreso-diputados-se-enfrentan-durante-conferencia-de-prensa\/#breadcrumb"},"inLanguage":"es","potentialAction":[{"@type":"ReadAction","target":["https:\/\/fuentesfidedignas.com.mx\/index.php\/2023\/04\/18\/agarron-en-el-congreso-diputados-se-enfrentan-durante-conferencia-de-prensa\/"]}]},{"@type":"ImageObject","inLanguage":"es","@id":"https:\/\/fuentesfidedignas.com.mx\/index.php\/2023\/04\/18\/agarron-en-el-congreso-diputados-se-enfrentan-durante-conferencia-de-prensa\/#primaryimage","url":"https:\/\/fuentesfidedignas.com.mx\/wp-content\/uploads\/2023\/04\/enfrentameinto.jpg","contentUrl":"https:\/\/fuentesfidedignas.com.mx\/wp-content\/uploads\/2023\/04\/enfrentameinto.jpg","width":1030,"height":613},{"@type":"BreadcrumbList","@id":"https:\/\/fuentesfidedignas.com.mx\/index.php\/2023\/04\/18\/agarron-en-el-congreso-diputados-se-enfrentan-durante-conferencia-de-prensa\/#breadcrumb","itemListElement":[{"@type":"ListItem","position":1,"name":"Inicio","item":"https:\/\/fuentesfidedignas.com.mx\/"},{"@type":"ListItem","position":2,"name":"\u00a1Agarr\u00f3n en el Congreso! Diputados se enfrentan durante conferencia de prensa | Video"}]},{"@type":"WebSite","@id":"https:\/\/fuentesfidedignas.com.mx\/#website","url":"https:\/\/fuentesfidedignas.com.mx\/","name":"Fuentes Fidedignas","description":"Otro sitio realizado con WordPress","publisher":{"@id":"https:\/\/fuentesfidedignas.com.mx\/#organization"},"potentialAction":[{"@type":"SearchAction","target":{"@type":"EntryPoint","urlTemplate":"https:\/\/fuentesfidedignas.com.mx\/?s={search_term_string}"},"query-input":{"@type":"PropertyValueSpecification","valueRequired":true,"valueName":"search_term_string"}}],"inLanguage":"es"},{"@type":"Organization","@id":"https:\/\/fuentesfidedignas.com.mx\/#organization","name":"Fuentes Fidedignas","url":"https:\/\/fuentesfidedignas.com.mx\/","logo":{"@type":"ImageObject","inLanguage":"es","@id":"https:\/\/fuentesfidedignas.com.mx\/#\/schema\/logo\/image\/","url":"https:\/\/fuentesfidedignas.com.mx\/wp-content\/uploads\/2021\/04\/logo-retina.png","contentUrl":"https:\/\/fuentesfidedignas.com.mx\/wp-content\/uploads\/2021\/04\/logo-retina.png","width":280,"height":51,"caption":"Fuentes Fidedignas"},"image":{"@id":"https:\/\/fuentesfidedignas.com.mx\/#\/schema\/logo\/image\/"},"sameAs":["https:\/\/www.facebook.com\/Fuentes-Fidedignas-368234489921644","https:\/\/x.com\/fidedignas"]},{"@type":"Person","@id":"https:\/\/fuentesfidedignas.com.mx\/#\/schema\/person\/2c10028b4a30078c05a056a215342ab9","name":"Marissa Palafox","image":{"@type":"ImageObject","inLanguage":"es","@id":"https:\/\/secure.gravatar.com\/avatar\/20a43bdb2f2db10f20b22d4e98b96eb027faf98f7f76d29854dc5fab46d1cf71?s=96&d=mm&r=g","url":"https:\/\/secure.gravatar.com\/avatar\/20a43bdb2f2db10f20b22d4e98b96eb027faf98f7f76d29854dc5fab46d1cf71?s=96&d=mm&r=g","contentUrl":"https:\/\/secure.gravatar.com\/avatar\/20a43bdb2f2db10f20b22d4e98b96eb027faf98f7f76d29854dc5fab46d1cf71?s=96&d=mm&r=g","caption":"Marissa Palafox"},"url":"https:\/\/fuentesfidedignas.com.mx\/index.php\/author\/marissa\/"}]}},"_links":{"self":[{"href":"https:\/\/fuentesfidedignas.com.mx\/index.php\/wp-json\/wp\/v2\/posts\/44856","targetHints":{"allow":["GET"]}}],"collection":[{"href":"https:\/\/fuentesfidedignas.com.mx\/index.php\/wp-json\/wp\/v2\/posts"}],"about":[{"href":"https:\/\/fuentesfidedignas.com.mx\/index.php\/wp-json\/wp\/v2\/types\/post"}],"author":[{"embeddable":true,"href":"https:\/\/fuentesfidedignas.com.mx\/index.php\/wp-json\/wp\/v2\/users\/11"}],"replies":[{"embeddable":true,"href":"https:\/\/fuentesfidedignas.com.mx\/index.php\/wp-json\/wp\/v2\/comments?post=44856"}],"version-history":[{"count":3,"href":"https:\/\/fuentesfidedignas.com.mx\/index.php\/wp-json\/wp\/v2\/posts\/44856\/revisions"}],"predecessor-version":[{"id":44861,"href":"https:\/\/fuentesfidedignas.com.mx\/index.php\/wp-json\/wp\/v2\/posts\/44856\/revisions\/44861"}],"wp:featuredmedia":[{"embeddable":true,"href":"https:\/\/fuentesfidedignas.com.mx\/index.php\/wp-json\/wp\/v2\/media\/44858"}],"wp:attachment":[{"href":"https:\/\/fuentesfidedignas.com.mx\/index.php\/wp-json\/wp\/v2\/media?parent=44856"}],"wp:term":[{"taxonomy":"category","embeddable":true,"href":"https:\/\/fuentesfidedignas.com.mx\/index.php\/wp-json\/wp\/v2\/categories?post=44856"},{"taxonomy":"post_tag","embeddable":true,"href":"https:\/\/fuentesfidedignas.com.mx\/index.php\/wp-json\/wp\/v2\/tags?post=44856"}],"curies":[{"name":"wp","href":"https:\/\/api.w.org\/{rel}","templated":true}]}}