{"id":44782,"date":"2023-04-17T14:16:32","date_gmt":"2023-04-17T20:16:32","guid":{"rendered":"https:\/\/fuentesfidedignas.com.mx\/?p=44782"},"modified":"2023-04-17T14:16:33","modified_gmt":"2023-04-17T20:16:33","slug":"investigan-a-cuen-y-su-familia-por-enriquecimiento-inexplicable-por-123-mdp-confirma-rocha","status":"publish","type":"post","link":"https:\/\/fuentesfidedignas.com.mx\/index.php\/2023\/04\/17\/investigan-a-cuen-y-su-familia-por-enriquecimiento-inexplicable-por-123-mdp-confirma-rocha\/","title":{"rendered":"Investigan a Cu\u00e9n y su familia por enriquecimiento inexplicable por 123 mdp, confirma Rocha"},"content":{"rendered":"\n<p><strong><em>&#8220;Es un tema que corresponde a las instancias que participan en ello, en este caso es la Fiscal\u00eda, a trav\u00e9s de un \u00f3rgano que es aut\u00f3nomo\u201d, indic\u00f3 el mandatario estatal <\/em><\/strong><\/p>\n\n\n\n<p>Culiac\u00e1n, Sin.- S\u00ed existe una investigaci\u00f3n a la familia Cu\u00e9n por parte de la Unidad de Inteligencia Patrimonial y Econ\u00f3mica en Sinaloa (UIPES), perteneciente a la Fiscal\u00eda General del Estado, confirm\u00f3 el gobernador Rub\u00e9n Rocha Moya.<\/p>\n\n\n\n<p>&#8220;<strong>Es un tema que corresponde a las instancias que participan en ello, en este caso es la Fiscal\u00eda, a trav\u00e9s de un \u00f3rgano que es aut\u00f3nomo<\/strong>\u201d, indic\u00f3 el mandatario estatal durante su conferencia de prensa semanal.<\/p>\n\n\n\n<p>Sin ahondar mucho en el tema, inform\u00f3 que se est\u00e1 investigando la procedencia de un patrimonio de 123 millones de pesos que obtuvo la familia del l\u00edder moral del Partido Sinaloense en los \u00faltimos 13 a\u00f1os.<\/p>\n\n\n\n<p>Asimismo, Rocha asegur\u00f3 que se realiza por parte de un ente aut\u00f3nomo y descart\u00f3 que tenga relaci\u00f3n con un tema pol\u00edtico.<\/p>\n\n\n\n<p>En las investigaciones se analiza el patrimonio del exrector de la UAS, su esposa, hijos y otros familiares, entre los que se encuentran: H\u00e9ctor Melesio Cu\u00e9n Ojeda, Ang\u00e9lica D\u00edaz Qui\u00f1\u00f3nez, H\u00e9ctor Melesio Cu\u00e9n D\u00edaz, Ang\u00e9lica Mar\u00eda Cu\u00e9n D\u00edaz, M\u00f3nica Mar\u00eda Cu\u00e9n D\u00edaz, Mar\u00eda Guadalupe Cu\u00e9n D\u00edaz y Belinda Portugal Dom\u00ednguez.<\/p>\n","protected":false},"excerpt":{"rendered":"<p>&#8220;Es un tema que corresponde a las instancias que participan en ello, en este caso es la Fiscal\u00eda, a trav\u00e9s de un \u00f3rgano que es aut\u00f3nomo\u201d, indic\u00f3 el mandatario estatal Culiac\u00e1n, Sin.- S\u00ed existe una investigaci\u00f3n a la familia Cu\u00e9n por parte de la Unidad de Inteligencia Patrimonial y Econ\u00f3mica en Sinaloa (UIPES), perteneciente a [&hellip;]<\/p>\n","protected":false},"author":11,"featured_media":44783,"comment_status":"open","ping_status":"open","sticky":false,"template":"","format":"standard","meta":{"tdm_status":"","tdm_grid_status":"","footnotes":""},"categories":[37],"tags":[],"class_list":{"0":"post-44782","1":"post","2":"type-post","3":"status-publish","4":"format-standard","5":"has-post-thumbnail","7":"category-nota-principal"},"yoast_head":"<!-- This site is optimized with the Yoast SEO plugin v27.5 - https:\/\/yoast.com\/product\/yoast-seo-wordpress\/ -->\n<title>Investigan a Cu\u00e9n y su familia por enriquecimiento inexplicable por 123 mdp, confirma Rocha - Fuentes Fidedignas<\/title>\n<meta name=\"robots\" content=\"index, follow, max-snippet:-1, max-image-preview:large, max-video-preview:-1\" \/>\n<link rel=\"canonical\" href=\"https:\/\/fuentesfidedignas.com.mx\/index.php\/2023\/04\/17\/investigan-a-cuen-y-su-familia-por-enriquecimiento-inexplicable-por-123-mdp-confirma-rocha\/\" \/>\n<meta property=\"og:locale\" content=\"es_MX\" \/>\n<meta property=\"og:type\" content=\"article\" \/>\n<meta property=\"og:title\" content=\"Investigan a Cu\u00e9n y su familia por enriquecimiento inexplicable por 123 mdp, confirma Rocha - Fuentes Fidedignas\" \/>\n<meta property=\"og:description\" content=\"&#8220;Es un tema que corresponde a las instancias que participan en ello, en este caso es la Fiscal\u00eda, a trav\u00e9s de un \u00f3rgano que es aut\u00f3nomo\u201d, indic\u00f3 el mandatario estatal Culiac\u00e1n, Sin.- S\u00ed existe una investigaci\u00f3n a la familia Cu\u00e9n por parte de la Unidad de Inteligencia Patrimonial y Econ\u00f3mica en Sinaloa (UIPES), perteneciente a [&hellip;]\" \/>\n<meta property=\"og:url\" content=\"https:\/\/fuentesfidedignas.com.mx\/index.php\/2023\/04\/17\/investigan-a-cuen-y-su-familia-por-enriquecimiento-inexplicable-por-123-mdp-confirma-rocha\/\" \/>\n<meta property=\"og:site_name\" content=\"Fuentes Fidedignas\" \/>\n<meta property=\"article:publisher\" content=\"https:\/\/www.facebook.com\/Fuentes-Fidedignas-368234489921644\" \/>\n<meta property=\"article:published_time\" content=\"2023-04-17T20:16:32+00:00\" \/>\n<meta property=\"article:modified_time\" content=\"2023-04-17T20:16:33+00:00\" \/>\n<meta property=\"og:image\" content=\"https:\/\/fuentesfidedignas.com.mx\/wp-content\/uploads\/2023\/04\/ruben-rocha-Hector-Melesio-cuen.jpg\" \/>\n\t<meta property=\"og:image:width\" content=\"1280\" \/>\n\t<meta property=\"og:image:height\" content=\"853\" \/>\n\t<meta property=\"og:image:type\" content=\"image\/jpeg\" \/>\n<meta name=\"author\" content=\"Marissa Palafox\" \/>\n<meta name=\"twitter:card\" content=\"summary_large_image\" \/>\n<meta name=\"twitter:creator\" content=\"@fidedignas\" \/>\n<meta name=\"twitter:site\" content=\"@fidedignas\" \/>\n<meta name=\"twitter:label1\" content=\"Escrito por\" \/>\n\t<meta name=\"twitter:data1\" content=\"Marissa Palafox\" \/>\n\t<meta name=\"twitter:label2\" content=\"Tiempo de lectura\" \/>\n\t<meta name=\"twitter:data2\" content=\"1 minuto\" \/>\n<script type=\"application\/ld+json\" class=\"yoast-schema-graph\">{\"@context\":\"https:\\\/\\\/schema.org\",\"@graph\":[{\"@type\":\"Article\",\"@id\":\"https:\\\/\\\/fuentesfidedignas.com.mx\\\/index.php\\\/2023\\\/04\\\/17\\\/investigan-a-cuen-y-su-familia-por-enriquecimiento-inexplicable-por-123-mdp-confirma-rocha\\\/#article\",\"isPartOf\":{\"@id\":\"https:\\\/\\\/fuentesfidedignas.com.mx\\\/index.php\\\/2023\\\/04\\\/17\\\/investigan-a-cuen-y-su-familia-por-enriquecimiento-inexplicable-por-123-mdp-confirma-rocha\\\/\"},\"author\":{\"name\":\"Marissa Palafox\",\"@id\":\"https:\\\/\\\/fuentesfidedignas.com.mx\\\/#\\\/schema\\\/person\\\/2c10028b4a30078c05a056a215342ab9\"},\"headline\":\"Investigan a Cu\u00e9n y su familia por enriquecimiento inexplicable por 123 mdp, confirma Rocha\",\"datePublished\":\"2023-04-17T20:16:32+00:00\",\"dateModified\":\"2023-04-17T20:16:33+00:00\",\"mainEntityOfPage\":{\"@id\":\"https:\\\/\\\/fuentesfidedignas.com.mx\\\/index.php\\\/2023\\\/04\\\/17\\\/investigan-a-cuen-y-su-familia-por-enriquecimiento-inexplicable-por-123-mdp-confirma-rocha\\\/\"},\"wordCount\":259,\"commentCount\":0,\"publisher\":{\"@id\":\"https:\\\/\\\/fuentesfidedignas.com.mx\\\/#organization\"},\"image\":{\"@id\":\"https:\\\/\\\/fuentesfidedignas.com.mx\\\/index.php\\\/2023\\\/04\\\/17\\\/investigan-a-cuen-y-su-familia-por-enriquecimiento-inexplicable-por-123-mdp-confirma-rocha\\\/#primaryimage\"},\"thumbnailUrl\":\"https:\\\/\\\/fuentesfidedignas.com.mx\\\/wp-content\\\/uploads\\\/2023\\\/04\\\/ruben-rocha-Hector-Melesio-cuen.jpg\",\"articleSection\":[\"NOTA PRINCIPAL\"],\"inLanguage\":\"es\",\"potentialAction\":[{\"@type\":\"CommentAction\",\"name\":\"Comment\",\"target\":[\"https:\\\/\\\/fuentesfidedignas.com.mx\\\/index.php\\\/2023\\\/04\\\/17\\\/investigan-a-cuen-y-su-familia-por-enriquecimiento-inexplicable-por-123-mdp-confirma-rocha\\\/#respond\"]}]},{\"@type\":\"WebPage\",\"@id\":\"https:\\\/\\\/fuentesfidedignas.com.mx\\\/index.php\\\/2023\\\/04\\\/17\\\/investigan-a-cuen-y-su-familia-por-enriquecimiento-inexplicable-por-123-mdp-confirma-rocha\\\/\",\"url\":\"https:\\\/\\\/fuentesfidedignas.com.mx\\\/index.php\\\/2023\\\/04\\\/17\\\/investigan-a-cuen-y-su-familia-por-enriquecimiento-inexplicable-por-123-mdp-confirma-rocha\\\/\",\"name\":\"Investigan a Cu\u00e9n y su familia por enriquecimiento inexplicable por 123 mdp, confirma Rocha - Fuentes Fidedignas\",\"isPartOf\":{\"@id\":\"https:\\\/\\\/fuentesfidedignas.com.mx\\\/#website\"},\"primaryImageOfPage\":{\"@id\":\"https:\\\/\\\/fuentesfidedignas.com.mx\\\/index.php\\\/2023\\\/04\\\/17\\\/investigan-a-cuen-y-su-familia-por-enriquecimiento-inexplicable-por-123-mdp-confirma-rocha\\\/#primaryimage\"},\"image\":{\"@id\":\"https:\\\/\\\/fuentesfidedignas.com.mx\\\/index.php\\\/2023\\\/04\\\/17\\\/investigan-a-cuen-y-su-familia-por-enriquecimiento-inexplicable-por-123-mdp-confirma-rocha\\\/#primaryimage\"},\"thumbnailUrl\":\"https:\\\/\\\/fuentesfidedignas.com.mx\\\/wp-content\\\/uploads\\\/2023\\\/04\\\/ruben-rocha-Hector-Melesio-cuen.jpg\",\"datePublished\":\"2023-04-17T20:16:32+00:00\",\"dateModified\":\"2023-04-17T20:16:33+00:00\",\"breadcrumb\":{\"@id\":\"https:\\\/\\\/fuentesfidedignas.com.mx\\\/index.php\\\/2023\\\/04\\\/17\\\/investigan-a-cuen-y-su-familia-por-enriquecimiento-inexplicable-por-123-mdp-confirma-rocha\\\/#breadcrumb\"},\"inLanguage\":\"es\",\"potentialAction\":[{\"@type\":\"ReadAction\",\"target\":[\"https:\\\/\\\/fuentesfidedignas.com.mx\\\/index.php\\\/2023\\\/04\\\/17\\\/investigan-a-cuen-y-su-familia-por-enriquecimiento-inexplicable-por-123-mdp-confirma-rocha\\\/\"]}]},{\"@type\":\"ImageObject\",\"inLanguage\":\"es\",\"@id\":\"https:\\\/\\\/fuentesfidedignas.com.mx\\\/index.php\\\/2023\\\/04\\\/17\\\/investigan-a-cuen-y-su-familia-por-enriquecimiento-inexplicable-por-123-mdp-confirma-rocha\\\/#primaryimage\",\"url\":\"https:\\\/\\\/fuentesfidedignas.com.mx\\\/wp-content\\\/uploads\\\/2023\\\/04\\\/ruben-rocha-Hector-Melesio-cuen.jpg\",\"contentUrl\":\"https:\\\/\\\/fuentesfidedignas.com.mx\\\/wp-content\\\/uploads\\\/2023\\\/04\\\/ruben-rocha-Hector-Melesio-cuen.jpg\",\"width\":1280,\"height\":853},{\"@type\":\"BreadcrumbList\",\"@id\":\"https:\\\/\\\/fuentesfidedignas.com.mx\\\/index.php\\\/2023\\\/04\\\/17\\\/investigan-a-cuen-y-su-familia-por-enriquecimiento-inexplicable-por-123-mdp-confirma-rocha\\\/#breadcrumb\",\"itemListElement\":[{\"@type\":\"ListItem\",\"position\":1,\"name\":\"Inicio\",\"item\":\"https:\\\/\\\/fuentesfidedignas.com.mx\\\/\"},{\"@type\":\"ListItem\",\"position\":2,\"name\":\"Investigan a Cu\u00e9n y su familia por enriquecimiento inexplicable por 123 mdp, confirma Rocha\"}]},{\"@type\":\"WebSite\",\"@id\":\"https:\\\/\\\/fuentesfidedignas.com.mx\\\/#website\",\"url\":\"https:\\\/\\\/fuentesfidedignas.com.mx\\\/\",\"name\":\"Fuentes Fidedignas\",\"description\":\"Otro sitio realizado con WordPress\",\"publisher\":{\"@id\":\"https:\\\/\\\/fuentesfidedignas.com.mx\\\/#organization\"},\"potentialAction\":[{\"@type\":\"SearchAction\",\"target\":{\"@type\":\"EntryPoint\",\"urlTemplate\":\"https:\\\/\\\/fuentesfidedignas.com.mx\\\/?s={search_term_string}\"},\"query-input\":{\"@type\":\"PropertyValueSpecification\",\"valueRequired\":true,\"valueName\":\"search_term_string\"}}],\"inLanguage\":\"es\"},{\"@type\":\"Organization\",\"@id\":\"https:\\\/\\\/fuentesfidedignas.com.mx\\\/#organization\",\"name\":\"Fuentes Fidedignas\",\"url\":\"https:\\\/\\\/fuentesfidedignas.com.mx\\\/\",\"logo\":{\"@type\":\"ImageObject\",\"inLanguage\":\"es\",\"@id\":\"https:\\\/\\\/fuentesfidedignas.com.mx\\\/#\\\/schema\\\/logo\\\/image\\\/\",\"url\":\"https:\\\/\\\/fuentesfidedignas.com.mx\\\/wp-content\\\/uploads\\\/2021\\\/04\\\/logo-retina.png\",\"contentUrl\":\"https:\\\/\\\/fuentesfidedignas.com.mx\\\/wp-content\\\/uploads\\\/2021\\\/04\\\/logo-retina.png\",\"width\":280,\"height\":51,\"caption\":\"Fuentes Fidedignas\"},\"image\":{\"@id\":\"https:\\\/\\\/fuentesfidedignas.com.mx\\\/#\\\/schema\\\/logo\\\/image\\\/\"},\"sameAs\":[\"https:\\\/\\\/www.facebook.com\\\/Fuentes-Fidedignas-368234489921644\",\"https:\\\/\\\/x.com\\\/fidedignas\"]},{\"@type\":\"Person\",\"@id\":\"https:\\\/\\\/fuentesfidedignas.com.mx\\\/#\\\/schema\\\/person\\\/2c10028b4a30078c05a056a215342ab9\",\"name\":\"Marissa Palafox\",\"image\":{\"@type\":\"ImageObject\",\"inLanguage\":\"es\",\"@id\":\"https:\\\/\\\/secure.gravatar.com\\\/avatar\\\/20a43bdb2f2db10f20b22d4e98b96eb027faf98f7f76d29854dc5fab46d1cf71?s=96&d=mm&r=g\",\"url\":\"https:\\\/\\\/secure.gravatar.com\\\/avatar\\\/20a43bdb2f2db10f20b22d4e98b96eb027faf98f7f76d29854dc5fab46d1cf71?s=96&d=mm&r=g\",\"contentUrl\":\"https:\\\/\\\/secure.gravatar.com\\\/avatar\\\/20a43bdb2f2db10f20b22d4e98b96eb027faf98f7f76d29854dc5fab46d1cf71?s=96&d=mm&r=g\",\"caption\":\"Marissa Palafox\"},\"url\":\"https:\\\/\\\/fuentesfidedignas.com.mx\\\/index.php\\\/author\\\/marissa\\\/\"}]}<\/script>\n<!-- \/ Yoast SEO plugin. -->","yoast_head_json":{"title":"Investigan a Cu\u00e9n y su familia por enriquecimiento inexplicable por 123 mdp, confirma Rocha - Fuentes Fidedignas","robots":{"index":"index","follow":"follow","max-snippet":"max-snippet:-1","max-image-preview":"max-image-preview:large","max-video-preview":"max-video-preview:-1"},"canonical":"https:\/\/fuentesfidedignas.com.mx\/index.php\/2023\/04\/17\/investigan-a-cuen-y-su-familia-por-enriquecimiento-inexplicable-por-123-mdp-confirma-rocha\/","og_locale":"es_MX","og_type":"article","og_title":"Investigan a Cu\u00e9n y su familia por enriquecimiento inexplicable por 123 mdp, confirma Rocha - Fuentes Fidedignas","og_description":"&#8220;Es un tema que corresponde a las instancias que participan en ello, en este caso es la Fiscal\u00eda, a trav\u00e9s de un \u00f3rgano que es aut\u00f3nomo\u201d, indic\u00f3 el mandatario estatal Culiac\u00e1n, Sin.- S\u00ed existe una investigaci\u00f3n a la familia Cu\u00e9n por parte de la Unidad de Inteligencia Patrimonial y Econ\u00f3mica en Sinaloa (UIPES), perteneciente a [&hellip;]","og_url":"https:\/\/fuentesfidedignas.com.mx\/index.php\/2023\/04\/17\/investigan-a-cuen-y-su-familia-por-enriquecimiento-inexplicable-por-123-mdp-confirma-rocha\/","og_site_name":"Fuentes Fidedignas","article_publisher":"https:\/\/www.facebook.com\/Fuentes-Fidedignas-368234489921644","article_published_time":"2023-04-17T20:16:32+00:00","article_modified_time":"2023-04-17T20:16:33+00:00","og_image":[{"width":1280,"height":853,"url":"https:\/\/fuentesfidedignas.com.mx\/wp-content\/uploads\/2023\/04\/ruben-rocha-Hector-Melesio-cuen.jpg","type":"image\/jpeg"}],"author":"Marissa Palafox","twitter_card":"summary_large_image","twitter_creator":"@fidedignas","twitter_site":"@fidedignas","twitter_misc":{"Escrito por":"Marissa Palafox","Tiempo de lectura":"1 minuto"},"schema":{"@context":"https:\/\/schema.org","@graph":[{"@type":"Article","@id":"https:\/\/fuentesfidedignas.com.mx\/index.php\/2023\/04\/17\/investigan-a-cuen-y-su-familia-por-enriquecimiento-inexplicable-por-123-mdp-confirma-rocha\/#article","isPartOf":{"@id":"https:\/\/fuentesfidedignas.com.mx\/index.php\/2023\/04\/17\/investigan-a-cuen-y-su-familia-por-enriquecimiento-inexplicable-por-123-mdp-confirma-rocha\/"},"author":{"name":"Marissa Palafox","@id":"https:\/\/fuentesfidedignas.com.mx\/#\/schema\/person\/2c10028b4a30078c05a056a215342ab9"},"headline":"Investigan a Cu\u00e9n y su familia por enriquecimiento inexplicable por 123 mdp, confirma Rocha","datePublished":"2023-04-17T20:16:32+00:00","dateModified":"2023-04-17T20:16:33+00:00","mainEntityOfPage":{"@id":"https:\/\/fuentesfidedignas.com.mx\/index.php\/2023\/04\/17\/investigan-a-cuen-y-su-familia-por-enriquecimiento-inexplicable-por-123-mdp-confirma-rocha\/"},"wordCount":259,"commentCount":0,"publisher":{"@id":"https:\/\/fuentesfidedignas.com.mx\/#organization"},"image":{"@id":"https:\/\/fuentesfidedignas.com.mx\/index.php\/2023\/04\/17\/investigan-a-cuen-y-su-familia-por-enriquecimiento-inexplicable-por-123-mdp-confirma-rocha\/#primaryimage"},"thumbnailUrl":"https:\/\/fuentesfidedignas.com.mx\/wp-content\/uploads\/2023\/04\/ruben-rocha-Hector-Melesio-cuen.jpg","articleSection":["NOTA PRINCIPAL"],"inLanguage":"es","potentialAction":[{"@type":"CommentAction","name":"Comment","target":["https:\/\/fuentesfidedignas.com.mx\/index.php\/2023\/04\/17\/investigan-a-cuen-y-su-familia-por-enriquecimiento-inexplicable-por-123-mdp-confirma-rocha\/#respond"]}]},{"@type":"WebPage","@id":"https:\/\/fuentesfidedignas.com.mx\/index.php\/2023\/04\/17\/investigan-a-cuen-y-su-familia-por-enriquecimiento-inexplicable-por-123-mdp-confirma-rocha\/","url":"https:\/\/fuentesfidedignas.com.mx\/index.php\/2023\/04\/17\/investigan-a-cuen-y-su-familia-por-enriquecimiento-inexplicable-por-123-mdp-confirma-rocha\/","name":"Investigan a Cu\u00e9n y su familia por enriquecimiento inexplicable por 123 mdp, confirma Rocha - Fuentes Fidedignas","isPartOf":{"@id":"https:\/\/fuentesfidedignas.com.mx\/#website"},"primaryImageOfPage":{"@id":"https:\/\/fuentesfidedignas.com.mx\/index.php\/2023\/04\/17\/investigan-a-cuen-y-su-familia-por-enriquecimiento-inexplicable-por-123-mdp-confirma-rocha\/#primaryimage"},"image":{"@id":"https:\/\/fuentesfidedignas.com.mx\/index.php\/2023\/04\/17\/investigan-a-cuen-y-su-familia-por-enriquecimiento-inexplicable-por-123-mdp-confirma-rocha\/#primaryimage"},"thumbnailUrl":"https:\/\/fuentesfidedignas.com.mx\/wp-content\/uploads\/2023\/04\/ruben-rocha-Hector-Melesio-cuen.jpg","datePublished":"2023-04-17T20:16:32+00:00","dateModified":"2023-04-17T20:16:33+00:00","breadcrumb":{"@id":"https:\/\/fuentesfidedignas.com.mx\/index.php\/2023\/04\/17\/investigan-a-cuen-y-su-familia-por-enriquecimiento-inexplicable-por-123-mdp-confirma-rocha\/#breadcrumb"},"inLanguage":"es","potentialAction":[{"@type":"ReadAction","target":["https:\/\/fuentesfidedignas.com.mx\/index.php\/2023\/04\/17\/investigan-a-cuen-y-su-familia-por-enriquecimiento-inexplicable-por-123-mdp-confirma-rocha\/"]}]},{"@type":"ImageObject","inLanguage":"es","@id":"https:\/\/fuentesfidedignas.com.mx\/index.php\/2023\/04\/17\/investigan-a-cuen-y-su-familia-por-enriquecimiento-inexplicable-por-123-mdp-confirma-rocha\/#primaryimage","url":"https:\/\/fuentesfidedignas.com.mx\/wp-content\/uploads\/2023\/04\/ruben-rocha-Hector-Melesio-cuen.jpg","contentUrl":"https:\/\/fuentesfidedignas.com.mx\/wp-content\/uploads\/2023\/04\/ruben-rocha-Hector-Melesio-cuen.jpg","width":1280,"height":853},{"@type":"BreadcrumbList","@id":"https:\/\/fuentesfidedignas.com.mx\/index.php\/2023\/04\/17\/investigan-a-cuen-y-su-familia-por-enriquecimiento-inexplicable-por-123-mdp-confirma-rocha\/#breadcrumb","itemListElement":[{"@type":"ListItem","position":1,"name":"Inicio","item":"https:\/\/fuentesfidedignas.com.mx\/"},{"@type":"ListItem","position":2,"name":"Investigan a Cu\u00e9n y su familia por enriquecimiento inexplicable por 123 mdp, confirma Rocha"}]},{"@type":"WebSite","@id":"https:\/\/fuentesfidedignas.com.mx\/#website","url":"https:\/\/fuentesfidedignas.com.mx\/","name":"Fuentes Fidedignas","description":"Otro sitio realizado con WordPress","publisher":{"@id":"https:\/\/fuentesfidedignas.com.mx\/#organization"},"potentialAction":[{"@type":"SearchAction","target":{"@type":"EntryPoint","urlTemplate":"https:\/\/fuentesfidedignas.com.mx\/?s={search_term_string}"},"query-input":{"@type":"PropertyValueSpecification","valueRequired":true,"valueName":"search_term_string"}}],"inLanguage":"es"},{"@type":"Organization","@id":"https:\/\/fuentesfidedignas.com.mx\/#organization","name":"Fuentes Fidedignas","url":"https:\/\/fuentesfidedignas.com.mx\/","logo":{"@type":"ImageObject","inLanguage":"es","@id":"https:\/\/fuentesfidedignas.com.mx\/#\/schema\/logo\/image\/","url":"https:\/\/fuentesfidedignas.com.mx\/wp-content\/uploads\/2021\/04\/logo-retina.png","contentUrl":"https:\/\/fuentesfidedignas.com.mx\/wp-content\/uploads\/2021\/04\/logo-retina.png","width":280,"height":51,"caption":"Fuentes Fidedignas"},"image":{"@id":"https:\/\/fuentesfidedignas.com.mx\/#\/schema\/logo\/image\/"},"sameAs":["https:\/\/www.facebook.com\/Fuentes-Fidedignas-368234489921644","https:\/\/x.com\/fidedignas"]},{"@type":"Person","@id":"https:\/\/fuentesfidedignas.com.mx\/#\/schema\/person\/2c10028b4a30078c05a056a215342ab9","name":"Marissa Palafox","image":{"@type":"ImageObject","inLanguage":"es","@id":"https:\/\/secure.gravatar.com\/avatar\/20a43bdb2f2db10f20b22d4e98b96eb027faf98f7f76d29854dc5fab46d1cf71?s=96&d=mm&r=g","url":"https:\/\/secure.gravatar.com\/avatar\/20a43bdb2f2db10f20b22d4e98b96eb027faf98f7f76d29854dc5fab46d1cf71?s=96&d=mm&r=g","contentUrl":"https:\/\/secure.gravatar.com\/avatar\/20a43bdb2f2db10f20b22d4e98b96eb027faf98f7f76d29854dc5fab46d1cf71?s=96&d=mm&r=g","caption":"Marissa Palafox"},"url":"https:\/\/fuentesfidedignas.com.mx\/index.php\/author\/marissa\/"}]}},"_links":{"self":[{"href":"https:\/\/fuentesfidedignas.com.mx\/index.php\/wp-json\/wp\/v2\/posts\/44782","targetHints":{"allow":["GET"]}}],"collection":[{"href":"https:\/\/fuentesfidedignas.com.mx\/index.php\/wp-json\/wp\/v2\/posts"}],"about":[{"href":"https:\/\/fuentesfidedignas.com.mx\/index.php\/wp-json\/wp\/v2\/types\/post"}],"author":[{"embeddable":true,"href":"https:\/\/fuentesfidedignas.com.mx\/index.php\/wp-json\/wp\/v2\/users\/11"}],"replies":[{"embeddable":true,"href":"https:\/\/fuentesfidedignas.com.mx\/index.php\/wp-json\/wp\/v2\/comments?post=44782"}],"version-history":[{"count":1,"href":"https:\/\/fuentesfidedignas.com.mx\/index.php\/wp-json\/wp\/v2\/posts\/44782\/revisions"}],"predecessor-version":[{"id":44784,"href":"https:\/\/fuentesfidedignas.com.mx\/index.php\/wp-json\/wp\/v2\/posts\/44782\/revisions\/44784"}],"wp:featuredmedia":[{"embeddable":true,"href":"https:\/\/fuentesfidedignas.com.mx\/index.php\/wp-json\/wp\/v2\/media\/44783"}],"wp:attachment":[{"href":"https:\/\/fuentesfidedignas.com.mx\/index.php\/wp-json\/wp\/v2\/media?parent=44782"}],"wp:term":[{"taxonomy":"category","embeddable":true,"href":"https:\/\/fuentesfidedignas.com.mx\/index.php\/wp-json\/wp\/v2\/categories?post=44782"},{"taxonomy":"post_tag","embeddable":true,"href":"https:\/\/fuentesfidedignas.com.mx\/index.php\/wp-json\/wp\/v2\/tags?post=44782"}],"curies":[{"name":"wp","href":"https:\/\/api.w.org\/{rel}","templated":true}]}}