{"id":44748,"date":"2023-04-17T10:01:00","date_gmt":"2023-04-17T16:01:00","guid":{"rendered":"https:\/\/fuentesfidedignas.com.mx\/?p=44748"},"modified":"2023-04-17T14:19:55","modified_gmt":"2023-04-17T20:19:55","slug":"detuvieron-en-culiacan-a-operador-logistico-del-cartel-de-sinaloa","status":"publish","type":"post","link":"https:\/\/fuentesfidedignas.com.mx\/index.php\/2023\/04\/17\/detuvieron-en-culiacan-a-operador-logistico-del-cartel-de-sinaloa\/","title":{"rendered":"Detuvieron en Culiac\u00e1n a operador log\u00edstico del C\u00e1rtel de Sinaloa"},"content":{"rendered":"\n<p><br><strong><em>C\u00e9sar \u201cN\u201d es el encargado de los centros de manufactura y trasiego de droga sint\u00e9tica hacia la frontera e interior de los EU<\/em><\/strong><\/p>\n\n\n\n<p>Culiac\u00e1n,  Sin. La&nbsp;<strong>Secretar\u00eda de la Defensa Nacional<\/strong>&nbsp;(Sedena) inform\u00f3 que tras un operativo logr\u00f3 detener en el municipio de Culiac\u00e1n a C\u00e9sar \u201cN\u201d, identificado por ser el operador log\u00edstico del C\u00e1rtel de Sinaloa.<\/p>\n\n\n\n<p>En un comunicado, la&nbsp;<strong>Sedena<\/strong>&nbsp;se\u00f1al\u00f3 que la persona detenida fue identificada como C\u00e9sar \u201cN\u201d, considerado como operador log\u00edstico de los centros de manufactura y trasiego de droga sint\u00e9tica hacia la frontera e interior de los&nbsp;<strong>E<\/strong>stados Unidos, as\u00ed como deconfeccionar esta droga \u201cde un grupo delictivo con incidencia en el estado de<strong>&nbsp;Sinaloa\u201d<\/strong>.<\/p>\n\n\n\n<p>La&nbsp;<strong>Sedena&nbsp;<\/strong>apunt\u00f3 que \u201ccon base en los indicios de el detenido operaba en el municipio de Culiac\u00e1n, Sinaloa, se actualiz\u00f3 la planeaci\u00f3n operativa y se intensificaron los reconocimientos y patrullajes por parte de las autoridades, realiz\u00e1ndose la detenci\u00f3n de C\u00e9sar \u201cN\u201d y de una persona m\u00e1s en flagrancia delictiva\u201d.<\/p>\n\n\n\n<p>Seg\u00fan la dependencia, a cargo de Luis Cresencio Sandoval, a estos narcotraficantes se le aseguraron aproximadamente 2 mil pastillas de droga sint\u00e9tica; 3 armas cortas; 8 cargadores; 112 cartuchos y un veh\u00edculo.<\/p>\n\n\n\n<figure class=\"wp-block-image\"><img decoding=\"async\" src=\"https:\/\/cloudfront-us-east-1.images.arcpublishing.com\/infobae\/ZIBT27U2PREETPJU5TGZHCN5UI.jpeg\" alt=\"A estos narcotraficantes se le aseguraron aproximadamente 2 mil pastillas de droga sint\u00e9tica; 3 armas cortas; 8 cargadores; 112 cartuchos y  un veh\u00edculo. Foto: Sedena\"\/><\/figure>\n\n\n\n<p>\u201cLos detenidos y lo asegurado fueron puestos a disposici\u00f3n de las autoridades competentes, con el objeto de que se realicen las investigaciones, acciones periciales que confirmen el tipo y cantidad de droga, as\u00ed como determinar la situaci\u00f3n jur\u00eddica de los detenidos. Estas acciones se llevaron a cabo con estricto apego al Estado de derecho y con pleno respeto a los derechos humanos\u201d, precis\u00f3 la&nbsp;<strong>Sedena<\/strong>.<\/p>\n\n\n\n<p>El anuncio de esta detenci\u00f3n se dio pocas horas despu\u00e9s de que el&nbsp;<strong>Departamento de Justicia de los Estados Unidos<\/strong>&nbsp;anunciara diferentes acciones penales contra integrantes del&nbsp;<strong>C\u00e1rtel de Sinaloa<\/strong>, incluyendo a los hijos de<strong>&nbsp;Joaqu\u00edn&nbsp;<\/strong><em><strong>El Chapo<\/strong><\/em><strong>&nbsp;Guzm\u00e1n<\/strong>que lideran la facci\u00f3n de&nbsp;<strong>Los Chapitos<\/strong>.<img decoding=\"async\" srcset=\"https:\/\/www.infobae.com\/new-resizer\/EW-LPfnCGS_iq_EW2iTRDKCCWHc=\/420x236\/filters:format(webp):quality(85)\/cloudfront-us-east-1.images.arcpublishing.com\/infobae\/ZS6Q6RQOMRG6NEJWXBNWEZ53OU.png 420w,https:\/\/www.infobae.com\/new-resizer\/xfykK_XTJdCXcDkQMD0dhmm1isQ=\/768x432\/filters:format(webp):quality(85)\/cloudfront-us-east-1.images.arcpublishing.com\/infobae\/ZS6Q6RQOMRG6NEJWXBNWEZ53OU.png 768w,https:\/\/www.infobae.com\/new-resizer\/MV7l1SVlFK3uFe3QEPOCJTnD5LE=\/992x558\/filters:format(webp):quality(85)\/cloudfront-us-east-1.images.arcpublishing.com\/infobae\/ZS6Q6RQOMRG6NEJWXBNWEZ53OU.png 992w,https:\/\/www.infobae.com\/new-resizer\/O0keaDsdqYtU6yc1Cr512_PwDKU=\/1200x675\/filters:format(webp):quality(85)\/cloudfront-us-east-1.images.arcpublishing.com\/infobae\/ZS6Q6RQOMRG6NEJWXBNWEZ53OU.png 1200w,https:\/\/www.infobae.com\/new-resizer\/qd0BR-GepQ6sCbPAi6bz1A5MfDM=\/1440x810\/filters:format(webp):quality(85)\/cloudfront-us-east-1.images.arcpublishing.com\/infobae\/ZS6Q6RQOMRG6NEJWXBNWEZ53OU.png 1440w\" src=\"https:\/\/cloudfront-us-east-1.images.arcpublishing.com\/infobae\/ZS6Q6RQOMRG6NEJWXBNWEZ53OU.png\" alt=\"Recompensa que ofrece la DEA por Los Chapitos.  (DEA)\">Recompensa que ofrece la DEA por Los Chapitos. (DEA)<\/p>\n\n\n\n<p>Las autoridades norteamericanas le atribuyen al&nbsp;<strong>C\u00e1rtel del Pac\u00edfico<\/strong>&nbsp;la&nbsp;<strong>epidemia de fentanilo<\/strong>, por lo que abrieron nuevos cargos penales por tr\u00e1fico y lavado de dinero en el Distrito Sur de Nueva York, Distrito Norte de Illinois y Distrito de Columbia.<\/p>\n\n\n\n<p>\u201cLa crisis del fentanilo en Estados Unidos, impulsada en gran parte por el C\u00e1rtel de Sinaloa, amenaza nuestra salud p\u00fablica, nuestra seguridad p\u00fablica y nuestra seguridad nacional\u201d, coment\u00b4po la fiscal general adjunta Lisa O. Monaco.<\/p>\n\n\n\n<p>Agreg\u00f3 que \u201clas acusaciones env\u00edan un mensaje claro a&nbsp;<strong>Los Chapitos<\/strong>, el Cartel de Sinaloa y las redes criminales de drogas en todo el mundo de que la DEA no se detendr\u00e1 ante nada para proteger la seguridad nacional de los Estados Unidos y la seguridad y la salud del pueblo estadounidense\u201d.<img decoding=\"async\" alt=\"EEUU anuncio medidas contra Los Chapitos y el C\u00e1rtel de Sinaloa. Imagen: Infobae M\u00e9xico\" srcset=\"https:\/\/www.infobae.com\/new-resizer\/ypx4L61syUpvCr_PK0O8rIvs7xE=\/420x236\/filters:format(webp):quality(85)\/cloudfront-us-east-1.images.arcpublishing.com\/infobae\/UV7LFPQAJ5HETLINLPRHS53HAE.jpg 420w,https:\/\/www.infobae.com\/new-resizer\/6eqbb4qiBUHIGk1kes_-tdeG2dg=\/768x432\/filters:format(webp):quality(85)\/cloudfront-us-east-1.images.arcpublishing.com\/infobae\/UV7LFPQAJ5HETLINLPRHS53HAE.jpg 768w,https:\/\/www.infobae.com\/new-resizer\/IQ0F_RSrcpDWO6RNWGOqZa0CKOQ=\/992x558\/filters:format(webp):quality(85)\/cloudfront-us-east-1.images.arcpublishing.com\/infobae\/UV7LFPQAJ5HETLINLPRHS53HAE.jpg 992w,https:\/\/www.infobae.com\/new-resizer\/JJU43yPyxXRM0sZ3tLUpkgjVtVE=\/1200x675\/filters:format(webp):quality(85)\/cloudfront-us-east-1.images.arcpublishing.com\/infobae\/UV7LFPQAJ5HETLINLPRHS53HAE.jpg 1200w,https:\/\/www.infobae.com\/new-resizer\/BWs033GSvALV-MKcD7daVVjJCsA=\/1440x810\/filters:format(webp):quality(85)\/cloudfront-us-east-1.images.arcpublishing.com\/infobae\/UV7LFPQAJ5HETLINLPRHS53HAE.jpg 1440w\" src=\"https:\/\/cloudfront-us-east-1.images.arcpublishing.com\/infobae\/UV7LFPQAJ5HETLINLPRHS53HAE.jpg\">EEUU anuncio medidas contra Los Chapitos y el C\u00e1rtel de Sinaloa. Imagen: Infobae M\u00e9xico<\/p>\n\n\n\n<p>La agencia antidrogas detall\u00f3 que<a href=\"https:\/\/www.infobae.com\/mexico\/2023\/04\/15\/tigres-de-los-chapitos-eran-alimentados-con-sus-enemigos-revelo-la-dea\/\" target=\"_blank\" rel=\"noreferrer noopener\">&nbsp;<strong>Los Chapitos<\/strong><\/a>&nbsp;fueron pioneros en la fabricaci\u00f3n y el tr\u00e1fico de fentanilo a los Estados Unidos durante los \u00faltimos ocho a\u00f1os.<\/p>\n\n\n\n<p>\u201cDurante el \u00faltimo a\u00f1o y medio, la<strong>&nbsp;DEA&nbsp;<\/strong>se infiltr\u00f3 proactivamente en el Cartel de Sinaloa y la red Chapitos, obtuvo un acceso sin precedentes a los niveles m\u00e1s altos de la organizaci\u00f3n y los sigui\u00f3 por todo el mundo\u201d, asegur\u00f3 la agente de la DEA, Anne Milgram.<\/p>\n\n\n\n<p>Las autoridades norteamericanas aumentaron la recompensa por&nbsp;<strong>Jes\u00fas Alfredo&nbsp;<\/strong>e&nbsp;<strong>Iv\u00e1n Archivaldo Guzm\u00e1n Salazar<\/strong>, por quienes ahora se ofrece 10 millones de d\u00f3lares por cada uno: 20 mdd en total.<\/p>\n\n\n\n<p>Desde el 2021, la&nbsp;<strong>DEA<\/strong>&nbsp;ofrec\u00eda una recompensa por 5 millones de d\u00f3lares por cada uno de estos narcotraficantes, luego de identificarlos como miembros de alto rango dentro del&nbsp;<strong>C\u00e1rtel del Pac\u00edfico<\/strong>.<\/p>\n","protected":false},"excerpt":{"rendered":"<p>C\u00e9sar \u201cN\u201d es el encargado de los centros de manufactura y trasiego de droga sint\u00e9tica hacia la frontera e interior de los EU Culiac\u00e1n, Sin. La&nbsp;Secretar\u00eda de la Defensa Nacional&nbsp;(Sedena) inform\u00f3 que tras un operativo logr\u00f3 detener en el municipio de Culiac\u00e1n a C\u00e9sar \u201cN\u201d, identificado por ser el operador log\u00edstico del C\u00e1rtel de Sinaloa. [&hellip;]<\/p>\n","protected":false},"author":41,"featured_media":44750,"comment_status":"open","ping_status":"open","sticky":false,"template":"","format":"standard","meta":{"tdm_status":"","tdm_grid_status":"","footnotes":""},"categories":[38],"tags":[],"class_list":{"0":"post-44748","1":"post","2":"type-post","3":"status-publish","4":"format-standard","5":"has-post-thumbnail","7":"category-noticias-locales"},"yoast_head":"<!-- This site is optimized with the Yoast SEO plugin v27.5 - https:\/\/yoast.com\/product\/yoast-seo-wordpress\/ -->\n<title>Detuvieron en Culiac\u00e1n a operador log\u00edstico del C\u00e1rtel de Sinaloa - Fuentes Fidedignas<\/title>\n<meta name=\"robots\" content=\"index, follow, max-snippet:-1, max-image-preview:large, max-video-preview:-1\" \/>\n<link rel=\"canonical\" href=\"https:\/\/fuentesfidedignas.com.mx\/index.php\/2023\/04\/17\/detuvieron-en-culiacan-a-operador-logistico-del-cartel-de-sinaloa\/\" \/>\n<meta property=\"og:locale\" content=\"es_MX\" \/>\n<meta property=\"og:type\" content=\"article\" \/>\n<meta property=\"og:title\" content=\"Detuvieron en Culiac\u00e1n a operador log\u00edstico del C\u00e1rtel de Sinaloa - Fuentes Fidedignas\" \/>\n<meta property=\"og:description\" content=\"C\u00e9sar \u201cN\u201d es el encargado de los centros de manufactura y trasiego de droga sint\u00e9tica hacia la frontera e interior de los EU Culiac\u00e1n, Sin. La&nbsp;Secretar\u00eda de la Defensa Nacional&nbsp;(Sedena) inform\u00f3 que tras un operativo logr\u00f3 detener en el municipio de Culiac\u00e1n a C\u00e9sar \u201cN\u201d, identificado por ser el operador log\u00edstico del C\u00e1rtel de Sinaloa. [&hellip;]\" \/>\n<meta property=\"og:url\" content=\"https:\/\/fuentesfidedignas.com.mx\/index.php\/2023\/04\/17\/detuvieron-en-culiacan-a-operador-logistico-del-cartel-de-sinaloa\/\" \/>\n<meta property=\"og:site_name\" content=\"Fuentes Fidedignas\" \/>\n<meta property=\"article:publisher\" content=\"https:\/\/www.facebook.com\/Fuentes-Fidedignas-368234489921644\" \/>\n<meta property=\"article:published_time\" content=\"2023-04-17T16:01:00+00:00\" \/>\n<meta property=\"article:modified_time\" content=\"2023-04-17T20:19:55+00:00\" \/>\n<meta property=\"og:image\" content=\"https:\/\/fuentesfidedignas.com.mx\/wp-content\/uploads\/2023\/04\/BAOE7EIXKFFRVLNC2TO6V3DWQI.webp\" \/>\n\t<meta property=\"og:image:width\" content=\"992\" \/>\n\t<meta property=\"og:image:height\" content=\"558\" \/>\n\t<meta property=\"og:image:type\" content=\"image\/webp\" \/>\n<meta name=\"author\" content=\"Infobae\" \/>\n<meta name=\"twitter:card\" content=\"summary_large_image\" \/>\n<meta name=\"twitter:creator\" content=\"@fidedignas\" \/>\n<meta name=\"twitter:site\" content=\"@fidedignas\" \/>\n<meta name=\"twitter:label1\" content=\"Escrito por\" \/>\n\t<meta name=\"twitter:data1\" content=\"Infobae\" \/>\n\t<meta name=\"twitter:label2\" content=\"Tiempo de lectura\" \/>\n\t<meta name=\"twitter:data2\" content=\"4 minutos\" \/>\n<script type=\"application\/ld+json\" class=\"yoast-schema-graph\">{\"@context\":\"https:\\\/\\\/schema.org\",\"@graph\":[{\"@type\":\"Article\",\"@id\":\"https:\\\/\\\/fuentesfidedignas.com.mx\\\/index.php\\\/2023\\\/04\\\/17\\\/detuvieron-en-culiacan-a-operador-logistico-del-cartel-de-sinaloa\\\/#article\",\"isPartOf\":{\"@id\":\"https:\\\/\\\/fuentesfidedignas.com.mx\\\/index.php\\\/2023\\\/04\\\/17\\\/detuvieron-en-culiacan-a-operador-logistico-del-cartel-de-sinaloa\\\/\"},\"author\":{\"name\":\"Infobae\",\"@id\":\"https:\\\/\\\/fuentesfidedignas.com.mx\\\/#\\\/schema\\\/person\\\/8575896a7c1067d352f6c1cd6582c389\"},\"headline\":\"Detuvieron en Culiac\u00e1n a operador log\u00edstico del C\u00e1rtel de Sinaloa\",\"datePublished\":\"2023-04-17T16:01:00+00:00\",\"dateModified\":\"2023-04-17T20:19:55+00:00\",\"mainEntityOfPage\":{\"@id\":\"https:\\\/\\\/fuentesfidedignas.com.mx\\\/index.php\\\/2023\\\/04\\\/17\\\/detuvieron-en-culiacan-a-operador-logistico-del-cartel-de-sinaloa\\\/\"},\"wordCount\":679,\"commentCount\":0,\"publisher\":{\"@id\":\"https:\\\/\\\/fuentesfidedignas.com.mx\\\/#organization\"},\"image\":{\"@id\":\"https:\\\/\\\/fuentesfidedignas.com.mx\\\/index.php\\\/2023\\\/04\\\/17\\\/detuvieron-en-culiacan-a-operador-logistico-del-cartel-de-sinaloa\\\/#primaryimage\"},\"thumbnailUrl\":\"https:\\\/\\\/fuentesfidedignas.com.mx\\\/wp-content\\\/uploads\\\/2023\\\/04\\\/BAOE7EIXKFFRVLNC2TO6V3DWQI.webp\",\"articleSection\":[\"NOTICIAS LOCALES\"],\"inLanguage\":\"es\",\"potentialAction\":[{\"@type\":\"CommentAction\",\"name\":\"Comment\",\"target\":[\"https:\\\/\\\/fuentesfidedignas.com.mx\\\/index.php\\\/2023\\\/04\\\/17\\\/detuvieron-en-culiacan-a-operador-logistico-del-cartel-de-sinaloa\\\/#respond\"]}]},{\"@type\":\"WebPage\",\"@id\":\"https:\\\/\\\/fuentesfidedignas.com.mx\\\/index.php\\\/2023\\\/04\\\/17\\\/detuvieron-en-culiacan-a-operador-logistico-del-cartel-de-sinaloa\\\/\",\"url\":\"https:\\\/\\\/fuentesfidedignas.com.mx\\\/index.php\\\/2023\\\/04\\\/17\\\/detuvieron-en-culiacan-a-operador-logistico-del-cartel-de-sinaloa\\\/\",\"name\":\"Detuvieron en Culiac\u00e1n a operador log\u00edstico del C\u00e1rtel de Sinaloa - Fuentes Fidedignas\",\"isPartOf\":{\"@id\":\"https:\\\/\\\/fuentesfidedignas.com.mx\\\/#website\"},\"primaryImageOfPage\":{\"@id\":\"https:\\\/\\\/fuentesfidedignas.com.mx\\\/index.php\\\/2023\\\/04\\\/17\\\/detuvieron-en-culiacan-a-operador-logistico-del-cartel-de-sinaloa\\\/#primaryimage\"},\"image\":{\"@id\":\"https:\\\/\\\/fuentesfidedignas.com.mx\\\/index.php\\\/2023\\\/04\\\/17\\\/detuvieron-en-culiacan-a-operador-logistico-del-cartel-de-sinaloa\\\/#primaryimage\"},\"thumbnailUrl\":\"https:\\\/\\\/fuentesfidedignas.com.mx\\\/wp-content\\\/uploads\\\/2023\\\/04\\\/BAOE7EIXKFFRVLNC2TO6V3DWQI.webp\",\"datePublished\":\"2023-04-17T16:01:00+00:00\",\"dateModified\":\"2023-04-17T20:19:55+00:00\",\"breadcrumb\":{\"@id\":\"https:\\\/\\\/fuentesfidedignas.com.mx\\\/index.php\\\/2023\\\/04\\\/17\\\/detuvieron-en-culiacan-a-operador-logistico-del-cartel-de-sinaloa\\\/#breadcrumb\"},\"inLanguage\":\"es\",\"potentialAction\":[{\"@type\":\"ReadAction\",\"target\":[\"https:\\\/\\\/fuentesfidedignas.com.mx\\\/index.php\\\/2023\\\/04\\\/17\\\/detuvieron-en-culiacan-a-operador-logistico-del-cartel-de-sinaloa\\\/\"]}]},{\"@type\":\"ImageObject\",\"inLanguage\":\"es\",\"@id\":\"https:\\\/\\\/fuentesfidedignas.com.mx\\\/index.php\\\/2023\\\/04\\\/17\\\/detuvieron-en-culiacan-a-operador-logistico-del-cartel-de-sinaloa\\\/#primaryimage\",\"url\":\"https:\\\/\\\/fuentesfidedignas.com.mx\\\/wp-content\\\/uploads\\\/2023\\\/04\\\/BAOE7EIXKFFRVLNC2TO6V3DWQI.webp\",\"contentUrl\":\"https:\\\/\\\/fuentesfidedignas.com.mx\\\/wp-content\\\/uploads\\\/2023\\\/04\\\/BAOE7EIXKFFRVLNC2TO6V3DWQI.webp\",\"width\":992,\"height\":558},{\"@type\":\"BreadcrumbList\",\"@id\":\"https:\\\/\\\/fuentesfidedignas.com.mx\\\/index.php\\\/2023\\\/04\\\/17\\\/detuvieron-en-culiacan-a-operador-logistico-del-cartel-de-sinaloa\\\/#breadcrumb\",\"itemListElement\":[{\"@type\":\"ListItem\",\"position\":1,\"name\":\"Inicio\",\"item\":\"https:\\\/\\\/fuentesfidedignas.com.mx\\\/\"},{\"@type\":\"ListItem\",\"position\":2,\"name\":\"Detuvieron en Culiac\u00e1n a operador log\u00edstico del C\u00e1rtel de Sinaloa\"}]},{\"@type\":\"WebSite\",\"@id\":\"https:\\\/\\\/fuentesfidedignas.com.mx\\\/#website\",\"url\":\"https:\\\/\\\/fuentesfidedignas.com.mx\\\/\",\"name\":\"Fuentes Fidedignas\",\"description\":\"Otro sitio realizado con WordPress\",\"publisher\":{\"@id\":\"https:\\\/\\\/fuentesfidedignas.com.mx\\\/#organization\"},\"potentialAction\":[{\"@type\":\"SearchAction\",\"target\":{\"@type\":\"EntryPoint\",\"urlTemplate\":\"https:\\\/\\\/fuentesfidedignas.com.mx\\\/?s={search_term_string}\"},\"query-input\":{\"@type\":\"PropertyValueSpecification\",\"valueRequired\":true,\"valueName\":\"search_term_string\"}}],\"inLanguage\":\"es\"},{\"@type\":\"Organization\",\"@id\":\"https:\\\/\\\/fuentesfidedignas.com.mx\\\/#organization\",\"name\":\"Fuentes Fidedignas\",\"url\":\"https:\\\/\\\/fuentesfidedignas.com.mx\\\/\",\"logo\":{\"@type\":\"ImageObject\",\"inLanguage\":\"es\",\"@id\":\"https:\\\/\\\/fuentesfidedignas.com.mx\\\/#\\\/schema\\\/logo\\\/image\\\/\",\"url\":\"https:\\\/\\\/fuentesfidedignas.com.mx\\\/wp-content\\\/uploads\\\/2021\\\/04\\\/logo-retina.png\",\"contentUrl\":\"https:\\\/\\\/fuentesfidedignas.com.mx\\\/wp-content\\\/uploads\\\/2021\\\/04\\\/logo-retina.png\",\"width\":280,\"height\":51,\"caption\":\"Fuentes Fidedignas\"},\"image\":{\"@id\":\"https:\\\/\\\/fuentesfidedignas.com.mx\\\/#\\\/schema\\\/logo\\\/image\\\/\"},\"sameAs\":[\"https:\\\/\\\/www.facebook.com\\\/Fuentes-Fidedignas-368234489921644\",\"https:\\\/\\\/x.com\\\/fidedignas\"]},{\"@type\":\"Person\",\"@id\":\"https:\\\/\\\/fuentesfidedignas.com.mx\\\/#\\\/schema\\\/person\\\/8575896a7c1067d352f6c1cd6582c389\",\"name\":\"Infobae\",\"image\":{\"@type\":\"ImageObject\",\"inLanguage\":\"es\",\"@id\":\"https:\\\/\\\/secure.gravatar.com\\\/avatar\\\/e4ec95706f8d1670343f6526fdcec45474bab17475a851434a64ca12b5acba1c?s=96&d=mm&r=g\",\"url\":\"https:\\\/\\\/secure.gravatar.com\\\/avatar\\\/e4ec95706f8d1670343f6526fdcec45474bab17475a851434a64ca12b5acba1c?s=96&d=mm&r=g\",\"contentUrl\":\"https:\\\/\\\/secure.gravatar.com\\\/avatar\\\/e4ec95706f8d1670343f6526fdcec45474bab17475a851434a64ca12b5acba1c?s=96&d=mm&r=g\",\"caption\":\"Infobae\"},\"url\":\"https:\\\/\\\/fuentesfidedignas.com.mx\\\/index.php\\\/author\\\/infobae\\\/\"}]}<\/script>\n<!-- \/ Yoast SEO plugin. -->","yoast_head_json":{"title":"Detuvieron en Culiac\u00e1n a operador log\u00edstico del C\u00e1rtel de Sinaloa - Fuentes Fidedignas","robots":{"index":"index","follow":"follow","max-snippet":"max-snippet:-1","max-image-preview":"max-image-preview:large","max-video-preview":"max-video-preview:-1"},"canonical":"https:\/\/fuentesfidedignas.com.mx\/index.php\/2023\/04\/17\/detuvieron-en-culiacan-a-operador-logistico-del-cartel-de-sinaloa\/","og_locale":"es_MX","og_type":"article","og_title":"Detuvieron en Culiac\u00e1n a operador log\u00edstico del C\u00e1rtel de Sinaloa - Fuentes Fidedignas","og_description":"C\u00e9sar \u201cN\u201d es el encargado de los centros de manufactura y trasiego de droga sint\u00e9tica hacia la frontera e interior de los EU Culiac\u00e1n, Sin. La&nbsp;Secretar\u00eda de la Defensa Nacional&nbsp;(Sedena) inform\u00f3 que tras un operativo logr\u00f3 detener en el municipio de Culiac\u00e1n a C\u00e9sar \u201cN\u201d, identificado por ser el operador log\u00edstico del C\u00e1rtel de Sinaloa. [&hellip;]","og_url":"https:\/\/fuentesfidedignas.com.mx\/index.php\/2023\/04\/17\/detuvieron-en-culiacan-a-operador-logistico-del-cartel-de-sinaloa\/","og_site_name":"Fuentes Fidedignas","article_publisher":"https:\/\/www.facebook.com\/Fuentes-Fidedignas-368234489921644","article_published_time":"2023-04-17T16:01:00+00:00","article_modified_time":"2023-04-17T20:19:55+00:00","og_image":[{"width":992,"height":558,"url":"https:\/\/fuentesfidedignas.com.mx\/wp-content\/uploads\/2023\/04\/BAOE7EIXKFFRVLNC2TO6V3DWQI.webp","type":"image\/webp"}],"author":"Infobae","twitter_card":"summary_large_image","twitter_creator":"@fidedignas","twitter_site":"@fidedignas","twitter_misc":{"Escrito por":"Infobae","Tiempo de lectura":"4 minutos"},"schema":{"@context":"https:\/\/schema.org","@graph":[{"@type":"Article","@id":"https:\/\/fuentesfidedignas.com.mx\/index.php\/2023\/04\/17\/detuvieron-en-culiacan-a-operador-logistico-del-cartel-de-sinaloa\/#article","isPartOf":{"@id":"https:\/\/fuentesfidedignas.com.mx\/index.php\/2023\/04\/17\/detuvieron-en-culiacan-a-operador-logistico-del-cartel-de-sinaloa\/"},"author":{"name":"Infobae","@id":"https:\/\/fuentesfidedignas.com.mx\/#\/schema\/person\/8575896a7c1067d352f6c1cd6582c389"},"headline":"Detuvieron en Culiac\u00e1n a operador log\u00edstico del C\u00e1rtel de Sinaloa","datePublished":"2023-04-17T16:01:00+00:00","dateModified":"2023-04-17T20:19:55+00:00","mainEntityOfPage":{"@id":"https:\/\/fuentesfidedignas.com.mx\/index.php\/2023\/04\/17\/detuvieron-en-culiacan-a-operador-logistico-del-cartel-de-sinaloa\/"},"wordCount":679,"commentCount":0,"publisher":{"@id":"https:\/\/fuentesfidedignas.com.mx\/#organization"},"image":{"@id":"https:\/\/fuentesfidedignas.com.mx\/index.php\/2023\/04\/17\/detuvieron-en-culiacan-a-operador-logistico-del-cartel-de-sinaloa\/#primaryimage"},"thumbnailUrl":"https:\/\/fuentesfidedignas.com.mx\/wp-content\/uploads\/2023\/04\/BAOE7EIXKFFRVLNC2TO6V3DWQI.webp","articleSection":["NOTICIAS LOCALES"],"inLanguage":"es","potentialAction":[{"@type":"CommentAction","name":"Comment","target":["https:\/\/fuentesfidedignas.com.mx\/index.php\/2023\/04\/17\/detuvieron-en-culiacan-a-operador-logistico-del-cartel-de-sinaloa\/#respond"]}]},{"@type":"WebPage","@id":"https:\/\/fuentesfidedignas.com.mx\/index.php\/2023\/04\/17\/detuvieron-en-culiacan-a-operador-logistico-del-cartel-de-sinaloa\/","url":"https:\/\/fuentesfidedignas.com.mx\/index.php\/2023\/04\/17\/detuvieron-en-culiacan-a-operador-logistico-del-cartel-de-sinaloa\/","name":"Detuvieron en Culiac\u00e1n a operador log\u00edstico del C\u00e1rtel de Sinaloa - Fuentes Fidedignas","isPartOf":{"@id":"https:\/\/fuentesfidedignas.com.mx\/#website"},"primaryImageOfPage":{"@id":"https:\/\/fuentesfidedignas.com.mx\/index.php\/2023\/04\/17\/detuvieron-en-culiacan-a-operador-logistico-del-cartel-de-sinaloa\/#primaryimage"},"image":{"@id":"https:\/\/fuentesfidedignas.com.mx\/index.php\/2023\/04\/17\/detuvieron-en-culiacan-a-operador-logistico-del-cartel-de-sinaloa\/#primaryimage"},"thumbnailUrl":"https:\/\/fuentesfidedignas.com.mx\/wp-content\/uploads\/2023\/04\/BAOE7EIXKFFRVLNC2TO6V3DWQI.webp","datePublished":"2023-04-17T16:01:00+00:00","dateModified":"2023-04-17T20:19:55+00:00","breadcrumb":{"@id":"https:\/\/fuentesfidedignas.com.mx\/index.php\/2023\/04\/17\/detuvieron-en-culiacan-a-operador-logistico-del-cartel-de-sinaloa\/#breadcrumb"},"inLanguage":"es","potentialAction":[{"@type":"ReadAction","target":["https:\/\/fuentesfidedignas.com.mx\/index.php\/2023\/04\/17\/detuvieron-en-culiacan-a-operador-logistico-del-cartel-de-sinaloa\/"]}]},{"@type":"ImageObject","inLanguage":"es","@id":"https:\/\/fuentesfidedignas.com.mx\/index.php\/2023\/04\/17\/detuvieron-en-culiacan-a-operador-logistico-del-cartel-de-sinaloa\/#primaryimage","url":"https:\/\/fuentesfidedignas.com.mx\/wp-content\/uploads\/2023\/04\/BAOE7EIXKFFRVLNC2TO6V3DWQI.webp","contentUrl":"https:\/\/fuentesfidedignas.com.mx\/wp-content\/uploads\/2023\/04\/BAOE7EIXKFFRVLNC2TO6V3DWQI.webp","width":992,"height":558},{"@type":"BreadcrumbList","@id":"https:\/\/fuentesfidedignas.com.mx\/index.php\/2023\/04\/17\/detuvieron-en-culiacan-a-operador-logistico-del-cartel-de-sinaloa\/#breadcrumb","itemListElement":[{"@type":"ListItem","position":1,"name":"Inicio","item":"https:\/\/fuentesfidedignas.com.mx\/"},{"@type":"ListItem","position":2,"name":"Detuvieron en Culiac\u00e1n a operador log\u00edstico del C\u00e1rtel de Sinaloa"}]},{"@type":"WebSite","@id":"https:\/\/fuentesfidedignas.com.mx\/#website","url":"https:\/\/fuentesfidedignas.com.mx\/","name":"Fuentes Fidedignas","description":"Otro sitio realizado con WordPress","publisher":{"@id":"https:\/\/fuentesfidedignas.com.mx\/#organization"},"potentialAction":[{"@type":"SearchAction","target":{"@type":"EntryPoint","urlTemplate":"https:\/\/fuentesfidedignas.com.mx\/?s={search_term_string}"},"query-input":{"@type":"PropertyValueSpecification","valueRequired":true,"valueName":"search_term_string"}}],"inLanguage":"es"},{"@type":"Organization","@id":"https:\/\/fuentesfidedignas.com.mx\/#organization","name":"Fuentes Fidedignas","url":"https:\/\/fuentesfidedignas.com.mx\/","logo":{"@type":"ImageObject","inLanguage":"es","@id":"https:\/\/fuentesfidedignas.com.mx\/#\/schema\/logo\/image\/","url":"https:\/\/fuentesfidedignas.com.mx\/wp-content\/uploads\/2021\/04\/logo-retina.png","contentUrl":"https:\/\/fuentesfidedignas.com.mx\/wp-content\/uploads\/2021\/04\/logo-retina.png","width":280,"height":51,"caption":"Fuentes Fidedignas"},"image":{"@id":"https:\/\/fuentesfidedignas.com.mx\/#\/schema\/logo\/image\/"},"sameAs":["https:\/\/www.facebook.com\/Fuentes-Fidedignas-368234489921644","https:\/\/x.com\/fidedignas"]},{"@type":"Person","@id":"https:\/\/fuentesfidedignas.com.mx\/#\/schema\/person\/8575896a7c1067d352f6c1cd6582c389","name":"Infobae","image":{"@type":"ImageObject","inLanguage":"es","@id":"https:\/\/secure.gravatar.com\/avatar\/e4ec95706f8d1670343f6526fdcec45474bab17475a851434a64ca12b5acba1c?s=96&d=mm&r=g","url":"https:\/\/secure.gravatar.com\/avatar\/e4ec95706f8d1670343f6526fdcec45474bab17475a851434a64ca12b5acba1c?s=96&d=mm&r=g","contentUrl":"https:\/\/secure.gravatar.com\/avatar\/e4ec95706f8d1670343f6526fdcec45474bab17475a851434a64ca12b5acba1c?s=96&d=mm&r=g","caption":"Infobae"},"url":"https:\/\/fuentesfidedignas.com.mx\/index.php\/author\/infobae\/"}]}},"_links":{"self":[{"href":"https:\/\/fuentesfidedignas.com.mx\/index.php\/wp-json\/wp\/v2\/posts\/44748","targetHints":{"allow":["GET"]}}],"collection":[{"href":"https:\/\/fuentesfidedignas.com.mx\/index.php\/wp-json\/wp\/v2\/posts"}],"about":[{"href":"https:\/\/fuentesfidedignas.com.mx\/index.php\/wp-json\/wp\/v2\/types\/post"}],"author":[{"embeddable":true,"href":"https:\/\/fuentesfidedignas.com.mx\/index.php\/wp-json\/wp\/v2\/users\/41"}],"replies":[{"embeddable":true,"href":"https:\/\/fuentesfidedignas.com.mx\/index.php\/wp-json\/wp\/v2\/comments?post=44748"}],"version-history":[{"count":2,"href":"https:\/\/fuentesfidedignas.com.mx\/index.php\/wp-json\/wp\/v2\/posts\/44748\/revisions"}],"predecessor-version":[{"id":44751,"href":"https:\/\/fuentesfidedignas.com.mx\/index.php\/wp-json\/wp\/v2\/posts\/44748\/revisions\/44751"}],"wp:featuredmedia":[{"embeddable":true,"href":"https:\/\/fuentesfidedignas.com.mx\/index.php\/wp-json\/wp\/v2\/media\/44750"}],"wp:attachment":[{"href":"https:\/\/fuentesfidedignas.com.mx\/index.php\/wp-json\/wp\/v2\/media?parent=44748"}],"wp:term":[{"taxonomy":"category","embeddable":true,"href":"https:\/\/fuentesfidedignas.com.mx\/index.php\/wp-json\/wp\/v2\/categories?post=44748"},{"taxonomy":"post_tag","embeddable":true,"href":"https:\/\/fuentesfidedignas.com.mx\/index.php\/wp-json\/wp\/v2\/tags?post=44748"}],"curies":[{"name":"wp","href":"https:\/\/api.w.org\/{rel}","templated":true}]}}