{"id":4474,"date":"2021-06-07T15:26:57","date_gmt":"2021-06-07T22:26:57","guid":{"rendered":"https:\/\/fuentesfidedignas.com.mx\/?p=4474"},"modified":"2021-06-07T15:26:59","modified_gmt":"2021-06-07T22:26:59","slug":"reportan-al-ex-presidente-felipe-calderon-hospitalizado-por-covid-19","status":"publish","type":"post","link":"https:\/\/fuentesfidedignas.com.mx\/index.php\/2021\/06\/07\/reportan-al-ex-presidente-felipe-calderon-hospitalizado-por-covid-19\/","title":{"rendered":"Reportan al ex presidente Felipe Calder\u00f3n hospitalizado por Covid-19"},"content":{"rendered":"\n<p><strong><em>Desde la semana pasada se hab\u00eda reportado el ex mandatario como positivo a la nueva cepa de coronavirus<\/em><\/strong><br><br>Ciudad de M\u00e9xico.- El ex presidente Felipe Calder\u00f3n ingres\u00f3 un hospital de la CDMX por cuadro de COVID-19. A pesar de que se report\u00f3 fuera de peligro, se quedar\u00e1 bajo observaci\u00f3n.<\/p>\n\n\n\n<p>La tarde de este lunes 7 de junio, una nota del peri\u00f3dico El Heraldo de M\u00e9xico report\u00f3 que el ex mandatario nacional ingres\u00f3 al Hospital ABC de Observatorio alrededor de las 13:00 horas (tiempo del Centro de M\u00e9xico) para ser atendido por la nueva cepa de coronavirus; sin embargo, el cuadro sintom\u00e1tico que present\u00f3 el ex militante del Partido Acci\u00f3n Nacional (PAN) no fue catalogado como grave.<\/p>\n\n\n\n<p>Tras el reporte del medio, el ex presidente de M\u00e9xico de 2006 a 2012 sali\u00f3 a aclarar su situaci\u00f3n v\u00eda redes sociales y confirm\u00f3 que es parte del seguimiento a su tratamiento y que se encuentra fuera de peligro.<\/p>\n\n\n\n<p>\u201dDado el COVID que padezco vine al hospital a realizarme estudios y dar seguimiento a mi estado de salud, el cual evoluciona bien, mi oxigenaci\u00f3n es buena, el pron\u00f3stico favorable y mi \u00e1nimo mejor ante los resultados del domingo. Que no nos distraigan de los graves problemas de M\u00e9xico\u201d<br><br>Previo a esto, Felipe Calder\u00f3n ya se encontraba activo en redes y escribi\u00f3 en su cuenta oficial de Twitter que \u201cser\u00eda bueno publicar la comparaci\u00f3n de diputados obtenidos por Morena por s\u00ed mismo y en coalici\u00f3n entre 2018 y 2021 para ilustrar el punto que hace el reportero\u201d, en referencia a la conferencia matutina del lunes cuando un comunicador cuestion\u00f3 a AMLO sobre los resultados que ha entregado el PREP en las elecciones del domingo 6 de junio.<\/p>\n\n\n\n<p>Durante la ma\u00f1anera, le preguntaron a L\u00f3pez Obrador si ve como \u201cuna especie de castigo\u201d el resultado con la posible p\u00e9rdida de curules en la C\u00e1mara de Diputados federal y de alcald\u00edas en la Ciudad de M\u00e9xico. A Lo que el presidente en turno respondi\u00f3, respecto a la C\u00e1mara Baja, que no es una p\u00e9rdida pues puede que, gracias a las alianzas pol\u00edticas, la 4T consiguiera m\u00e1s militantes, aunque no pertenezcan a Morena.<\/p>\n\n\n\n<p>En cuanto a la derrota de Morena y sus aliados en las diversas alcald\u00edas capitalinas, el tabasque\u00f1o neg\u00f3 que eso ocurriera y dijo que esperar\u00e1 a que el Instituto Nacional Electoral (INE) termine el conteo de votos oficial para poder emitir alg\u00fan juicio de valor.<\/p>\n\n\n\n<p>Aunado a esto, media hora antes de que publicara eso contra el presidente de origen tabasque\u00f1o, retuite\u00f3 un video de Margarita Zavala, quien se perfila como futura diputada federal en representaci\u00f3n al Distrito 10, el cual abarca la demarcaci\u00f3n capitalina de Miguel Hidalgo, con la cual desplazar\u00eda a Javier Hidalgo, de Movimiento Regeneraci\u00f3n Nacional (Morena).<\/p>\n\n\n\n<p>Cabe recordar que, el 1 de junio, Felipe Calder\u00f3n se report\u00f3 enfermo de la nueva cepa de coronavirus. Asimismo, explic\u00f3 que el cuadro sintom\u00e1tico que present\u00f3 fue menor, por lo que no parec\u00eda necesario en aquel momento acudir a una instituci\u00f3n m\u00e9dica.<\/p>\n\n\n\n<p>\u201cLes comparto que me hice una prueba COVID y sali\u00f3 positiva. Por fortuna los s\u00edntomas son leves y estoy bien, me encuentro aislado y en reposo. Una disculpa por no poder acompa\u00f1arlos en sus cierres de campa\u00f1a. Hay que ir a votar el domingo y cerrarle el paso al autoritarismo\u201d, refiri\u00f3 en redes sociales.<\/p>\n\n\n\n<p>El d\u00eda de las elecciones, Zavala G\u00f3mez del Campo refiri\u00f3 para los micr\u00f3fonos de Milenio Televisi\u00f3n que el ex presidente se encuentra bien de salud; sin embargo, por la capacidad infecciosa que posee en aquel momento, le result\u00f3 imposible salir a las calles para ejercer su derecho al voto.<\/p>\n\n\n\n<p>\u201c(Felipe Calder\u00f3n se encuentra) bien, no pudo ir a votar, pobre, debe de haber sufrido mucho. Afortunadamente est\u00e1 bien, con los seguimientos normales, lo est\u00e1n revisando, eso tarda un poco, pero con pocos s\u00edntomas\u201d, dijo a la televisora de noticias.<\/p>\n","protected":false},"excerpt":{"rendered":"<p>Desde la semana pasada se hab\u00eda reportado el ex mandatario como positivo a la nueva cepa de coronavirus Ciudad de M\u00e9xico.- El ex presidente Felipe Calder\u00f3n ingres\u00f3 un hospital de la CDMX por cuadro de COVID-19. A pesar de que se report\u00f3 fuera de peligro, se quedar\u00e1 bajo observaci\u00f3n. La tarde de este lunes 7 [&hellip;]<\/p>\n","protected":false},"author":41,"featured_media":4475,"comment_status":"open","ping_status":"open","sticky":false,"template":"","format":"standard","meta":{"tdm_status":"","tdm_grid_status":"","footnotes":""},"categories":[39],"tags":[],"class_list":{"0":"post-4474","1":"post","2":"type-post","3":"status-publish","4":"format-standard","5":"has-post-thumbnail","7":"category-noticias-nacionales"},"yoast_head":"<!-- This site is optimized with the Yoast SEO plugin v27.5 - https:\/\/yoast.com\/product\/yoast-seo-wordpress\/ -->\n<title>Reportan al ex presidente Felipe Calder\u00f3n hospitalizado por Covid-19 - Fuentes Fidedignas<\/title>\n<meta name=\"robots\" content=\"index, follow, max-snippet:-1, max-image-preview:large, max-video-preview:-1\" \/>\n<link rel=\"canonical\" href=\"https:\/\/fuentesfidedignas.com.mx\/index.php\/2021\/06\/07\/reportan-al-ex-presidente-felipe-calderon-hospitalizado-por-covid-19\/\" \/>\n<meta property=\"og:locale\" content=\"es_MX\" \/>\n<meta property=\"og:type\" content=\"article\" \/>\n<meta property=\"og:title\" content=\"Reportan al ex presidente Felipe Calder\u00f3n hospitalizado por Covid-19 - Fuentes Fidedignas\" \/>\n<meta property=\"og:description\" content=\"Desde la semana pasada se hab\u00eda reportado el ex mandatario como positivo a la nueva cepa de coronavirus Ciudad de M\u00e9xico.- El ex presidente Felipe Calder\u00f3n ingres\u00f3 un hospital de la CDMX por cuadro de COVID-19. A pesar de que se report\u00f3 fuera de peligro, se quedar\u00e1 bajo observaci\u00f3n. La tarde de este lunes 7 [&hellip;]\" \/>\n<meta property=\"og:url\" content=\"https:\/\/fuentesfidedignas.com.mx\/index.php\/2021\/06\/07\/reportan-al-ex-presidente-felipe-calderon-hospitalizado-por-covid-19\/\" \/>\n<meta property=\"og:site_name\" content=\"Fuentes Fidedignas\" \/>\n<meta property=\"article:publisher\" content=\"https:\/\/www.facebook.com\/Fuentes-Fidedignas-368234489921644\" \/>\n<meta property=\"article:published_time\" content=\"2021-06-07T22:26:57+00:00\" \/>\n<meta property=\"article:modified_time\" content=\"2021-06-07T22:26:59+00:00\" \/>\n<meta property=\"og:image\" content=\"https:\/\/fuentesfidedignas.com.mx\/wp-content\/uploads\/2021\/06\/Felipe-Calderon-696x398-1.jpg\" \/>\n\t<meta property=\"og:image:width\" content=\"696\" \/>\n\t<meta property=\"og:image:height\" content=\"398\" \/>\n\t<meta property=\"og:image:type\" content=\"image\/jpeg\" \/>\n<meta name=\"author\" content=\"Infobae\" \/>\n<meta name=\"twitter:card\" content=\"summary_large_image\" \/>\n<meta name=\"twitter:creator\" content=\"@fidedignas\" \/>\n<meta name=\"twitter:site\" content=\"@fidedignas\" \/>\n<meta name=\"twitter:label1\" content=\"Escrito por\" \/>\n\t<meta name=\"twitter:data1\" content=\"Infobae\" \/>\n\t<meta name=\"twitter:label2\" content=\"Tiempo de lectura\" \/>\n\t<meta name=\"twitter:data2\" content=\"3 minutos\" \/>\n<script type=\"application\/ld+json\" class=\"yoast-schema-graph\">{\"@context\":\"https:\\\/\\\/schema.org\",\"@graph\":[{\"@type\":\"Article\",\"@id\":\"https:\\\/\\\/fuentesfidedignas.com.mx\\\/index.php\\\/2021\\\/06\\\/07\\\/reportan-al-ex-presidente-felipe-calderon-hospitalizado-por-covid-19\\\/#article\",\"isPartOf\":{\"@id\":\"https:\\\/\\\/fuentesfidedignas.com.mx\\\/index.php\\\/2021\\\/06\\\/07\\\/reportan-al-ex-presidente-felipe-calderon-hospitalizado-por-covid-19\\\/\"},\"author\":{\"name\":\"Infobae\",\"@id\":\"https:\\\/\\\/fuentesfidedignas.com.mx\\\/#\\\/schema\\\/person\\\/8575896a7c1067d352f6c1cd6582c389\"},\"headline\":\"Reportan al ex presidente Felipe Calder\u00f3n hospitalizado por Covid-19\",\"datePublished\":\"2021-06-07T22:26:57+00:00\",\"dateModified\":\"2021-06-07T22:26:59+00:00\",\"mainEntityOfPage\":{\"@id\":\"https:\\\/\\\/fuentesfidedignas.com.mx\\\/index.php\\\/2021\\\/06\\\/07\\\/reportan-al-ex-presidente-felipe-calderon-hospitalizado-por-covid-19\\\/\"},\"wordCount\":694,\"commentCount\":0,\"publisher\":{\"@id\":\"https:\\\/\\\/fuentesfidedignas.com.mx\\\/#organization\"},\"image\":{\"@id\":\"https:\\\/\\\/fuentesfidedignas.com.mx\\\/index.php\\\/2021\\\/06\\\/07\\\/reportan-al-ex-presidente-felipe-calderon-hospitalizado-por-covid-19\\\/#primaryimage\"},\"thumbnailUrl\":\"https:\\\/\\\/fuentesfidedignas.com.mx\\\/wp-content\\\/uploads\\\/2021\\\/06\\\/Felipe-Calderon-696x398-1.jpg\",\"articleSection\":[\"NOTICIAS NACIONALES\"],\"inLanguage\":\"es\",\"potentialAction\":[{\"@type\":\"CommentAction\",\"name\":\"Comment\",\"target\":[\"https:\\\/\\\/fuentesfidedignas.com.mx\\\/index.php\\\/2021\\\/06\\\/07\\\/reportan-al-ex-presidente-felipe-calderon-hospitalizado-por-covid-19\\\/#respond\"]}]},{\"@type\":\"WebPage\",\"@id\":\"https:\\\/\\\/fuentesfidedignas.com.mx\\\/index.php\\\/2021\\\/06\\\/07\\\/reportan-al-ex-presidente-felipe-calderon-hospitalizado-por-covid-19\\\/\",\"url\":\"https:\\\/\\\/fuentesfidedignas.com.mx\\\/index.php\\\/2021\\\/06\\\/07\\\/reportan-al-ex-presidente-felipe-calderon-hospitalizado-por-covid-19\\\/\",\"name\":\"Reportan al ex presidente Felipe Calder\u00f3n hospitalizado por Covid-19 - Fuentes Fidedignas\",\"isPartOf\":{\"@id\":\"https:\\\/\\\/fuentesfidedignas.com.mx\\\/#website\"},\"primaryImageOfPage\":{\"@id\":\"https:\\\/\\\/fuentesfidedignas.com.mx\\\/index.php\\\/2021\\\/06\\\/07\\\/reportan-al-ex-presidente-felipe-calderon-hospitalizado-por-covid-19\\\/#primaryimage\"},\"image\":{\"@id\":\"https:\\\/\\\/fuentesfidedignas.com.mx\\\/index.php\\\/2021\\\/06\\\/07\\\/reportan-al-ex-presidente-felipe-calderon-hospitalizado-por-covid-19\\\/#primaryimage\"},\"thumbnailUrl\":\"https:\\\/\\\/fuentesfidedignas.com.mx\\\/wp-content\\\/uploads\\\/2021\\\/06\\\/Felipe-Calderon-696x398-1.jpg\",\"datePublished\":\"2021-06-07T22:26:57+00:00\",\"dateModified\":\"2021-06-07T22:26:59+00:00\",\"breadcrumb\":{\"@id\":\"https:\\\/\\\/fuentesfidedignas.com.mx\\\/index.php\\\/2021\\\/06\\\/07\\\/reportan-al-ex-presidente-felipe-calderon-hospitalizado-por-covid-19\\\/#breadcrumb\"},\"inLanguage\":\"es\",\"potentialAction\":[{\"@type\":\"ReadAction\",\"target\":[\"https:\\\/\\\/fuentesfidedignas.com.mx\\\/index.php\\\/2021\\\/06\\\/07\\\/reportan-al-ex-presidente-felipe-calderon-hospitalizado-por-covid-19\\\/\"]}]},{\"@type\":\"ImageObject\",\"inLanguage\":\"es\",\"@id\":\"https:\\\/\\\/fuentesfidedignas.com.mx\\\/index.php\\\/2021\\\/06\\\/07\\\/reportan-al-ex-presidente-felipe-calderon-hospitalizado-por-covid-19\\\/#primaryimage\",\"url\":\"https:\\\/\\\/fuentesfidedignas.com.mx\\\/wp-content\\\/uploads\\\/2021\\\/06\\\/Felipe-Calderon-696x398-1.jpg\",\"contentUrl\":\"https:\\\/\\\/fuentesfidedignas.com.mx\\\/wp-content\\\/uploads\\\/2021\\\/06\\\/Felipe-Calderon-696x398-1.jpg\",\"width\":696,\"height\":398},{\"@type\":\"BreadcrumbList\",\"@id\":\"https:\\\/\\\/fuentesfidedignas.com.mx\\\/index.php\\\/2021\\\/06\\\/07\\\/reportan-al-ex-presidente-felipe-calderon-hospitalizado-por-covid-19\\\/#breadcrumb\",\"itemListElement\":[{\"@type\":\"ListItem\",\"position\":1,\"name\":\"Inicio\",\"item\":\"https:\\\/\\\/fuentesfidedignas.com.mx\\\/\"},{\"@type\":\"ListItem\",\"position\":2,\"name\":\"Reportan al ex presidente Felipe Calder\u00f3n hospitalizado por Covid-19\"}]},{\"@type\":\"WebSite\",\"@id\":\"https:\\\/\\\/fuentesfidedignas.com.mx\\\/#website\",\"url\":\"https:\\\/\\\/fuentesfidedignas.com.mx\\\/\",\"name\":\"Fuentes Fidedignas\",\"description\":\"Otro sitio realizado con WordPress\",\"publisher\":{\"@id\":\"https:\\\/\\\/fuentesfidedignas.com.mx\\\/#organization\"},\"potentialAction\":[{\"@type\":\"SearchAction\",\"target\":{\"@type\":\"EntryPoint\",\"urlTemplate\":\"https:\\\/\\\/fuentesfidedignas.com.mx\\\/?s={search_term_string}\"},\"query-input\":{\"@type\":\"PropertyValueSpecification\",\"valueRequired\":true,\"valueName\":\"search_term_string\"}}],\"inLanguage\":\"es\"},{\"@type\":\"Organization\",\"@id\":\"https:\\\/\\\/fuentesfidedignas.com.mx\\\/#organization\",\"name\":\"Fuentes Fidedignas\",\"url\":\"https:\\\/\\\/fuentesfidedignas.com.mx\\\/\",\"logo\":{\"@type\":\"ImageObject\",\"inLanguage\":\"es\",\"@id\":\"https:\\\/\\\/fuentesfidedignas.com.mx\\\/#\\\/schema\\\/logo\\\/image\\\/\",\"url\":\"https:\\\/\\\/fuentesfidedignas.com.mx\\\/wp-content\\\/uploads\\\/2021\\\/04\\\/logo-retina.png\",\"contentUrl\":\"https:\\\/\\\/fuentesfidedignas.com.mx\\\/wp-content\\\/uploads\\\/2021\\\/04\\\/logo-retina.png\",\"width\":280,\"height\":51,\"caption\":\"Fuentes Fidedignas\"},\"image\":{\"@id\":\"https:\\\/\\\/fuentesfidedignas.com.mx\\\/#\\\/schema\\\/logo\\\/image\\\/\"},\"sameAs\":[\"https:\\\/\\\/www.facebook.com\\\/Fuentes-Fidedignas-368234489921644\",\"https:\\\/\\\/x.com\\\/fidedignas\"]},{\"@type\":\"Person\",\"@id\":\"https:\\\/\\\/fuentesfidedignas.com.mx\\\/#\\\/schema\\\/person\\\/8575896a7c1067d352f6c1cd6582c389\",\"name\":\"Infobae\",\"image\":{\"@type\":\"ImageObject\",\"inLanguage\":\"es\",\"@id\":\"https:\\\/\\\/secure.gravatar.com\\\/avatar\\\/e4ec95706f8d1670343f6526fdcec45474bab17475a851434a64ca12b5acba1c?s=96&d=mm&r=g\",\"url\":\"https:\\\/\\\/secure.gravatar.com\\\/avatar\\\/e4ec95706f8d1670343f6526fdcec45474bab17475a851434a64ca12b5acba1c?s=96&d=mm&r=g\",\"contentUrl\":\"https:\\\/\\\/secure.gravatar.com\\\/avatar\\\/e4ec95706f8d1670343f6526fdcec45474bab17475a851434a64ca12b5acba1c?s=96&d=mm&r=g\",\"caption\":\"Infobae\"},\"url\":\"https:\\\/\\\/fuentesfidedignas.com.mx\\\/index.php\\\/author\\\/infobae\\\/\"}]}<\/script>\n<!-- \/ Yoast SEO plugin. -->","yoast_head_json":{"title":"Reportan al ex presidente Felipe Calder\u00f3n hospitalizado por Covid-19 - Fuentes Fidedignas","robots":{"index":"index","follow":"follow","max-snippet":"max-snippet:-1","max-image-preview":"max-image-preview:large","max-video-preview":"max-video-preview:-1"},"canonical":"https:\/\/fuentesfidedignas.com.mx\/index.php\/2021\/06\/07\/reportan-al-ex-presidente-felipe-calderon-hospitalizado-por-covid-19\/","og_locale":"es_MX","og_type":"article","og_title":"Reportan al ex presidente Felipe Calder\u00f3n hospitalizado por Covid-19 - Fuentes Fidedignas","og_description":"Desde la semana pasada se hab\u00eda reportado el ex mandatario como positivo a la nueva cepa de coronavirus Ciudad de M\u00e9xico.- El ex presidente Felipe Calder\u00f3n ingres\u00f3 un hospital de la CDMX por cuadro de COVID-19. A pesar de que se report\u00f3 fuera de peligro, se quedar\u00e1 bajo observaci\u00f3n. La tarde de este lunes 7 [&hellip;]","og_url":"https:\/\/fuentesfidedignas.com.mx\/index.php\/2021\/06\/07\/reportan-al-ex-presidente-felipe-calderon-hospitalizado-por-covid-19\/","og_site_name":"Fuentes Fidedignas","article_publisher":"https:\/\/www.facebook.com\/Fuentes-Fidedignas-368234489921644","article_published_time":"2021-06-07T22:26:57+00:00","article_modified_time":"2021-06-07T22:26:59+00:00","og_image":[{"width":696,"height":398,"url":"https:\/\/fuentesfidedignas.com.mx\/wp-content\/uploads\/2021\/06\/Felipe-Calderon-696x398-1.jpg","type":"image\/jpeg"}],"author":"Infobae","twitter_card":"summary_large_image","twitter_creator":"@fidedignas","twitter_site":"@fidedignas","twitter_misc":{"Escrito por":"Infobae","Tiempo de lectura":"3 minutos"},"schema":{"@context":"https:\/\/schema.org","@graph":[{"@type":"Article","@id":"https:\/\/fuentesfidedignas.com.mx\/index.php\/2021\/06\/07\/reportan-al-ex-presidente-felipe-calderon-hospitalizado-por-covid-19\/#article","isPartOf":{"@id":"https:\/\/fuentesfidedignas.com.mx\/index.php\/2021\/06\/07\/reportan-al-ex-presidente-felipe-calderon-hospitalizado-por-covid-19\/"},"author":{"name":"Infobae","@id":"https:\/\/fuentesfidedignas.com.mx\/#\/schema\/person\/8575896a7c1067d352f6c1cd6582c389"},"headline":"Reportan al ex presidente Felipe Calder\u00f3n hospitalizado por Covid-19","datePublished":"2021-06-07T22:26:57+00:00","dateModified":"2021-06-07T22:26:59+00:00","mainEntityOfPage":{"@id":"https:\/\/fuentesfidedignas.com.mx\/index.php\/2021\/06\/07\/reportan-al-ex-presidente-felipe-calderon-hospitalizado-por-covid-19\/"},"wordCount":694,"commentCount":0,"publisher":{"@id":"https:\/\/fuentesfidedignas.com.mx\/#organization"},"image":{"@id":"https:\/\/fuentesfidedignas.com.mx\/index.php\/2021\/06\/07\/reportan-al-ex-presidente-felipe-calderon-hospitalizado-por-covid-19\/#primaryimage"},"thumbnailUrl":"https:\/\/fuentesfidedignas.com.mx\/wp-content\/uploads\/2021\/06\/Felipe-Calderon-696x398-1.jpg","articleSection":["NOTICIAS NACIONALES"],"inLanguage":"es","potentialAction":[{"@type":"CommentAction","name":"Comment","target":["https:\/\/fuentesfidedignas.com.mx\/index.php\/2021\/06\/07\/reportan-al-ex-presidente-felipe-calderon-hospitalizado-por-covid-19\/#respond"]}]},{"@type":"WebPage","@id":"https:\/\/fuentesfidedignas.com.mx\/index.php\/2021\/06\/07\/reportan-al-ex-presidente-felipe-calderon-hospitalizado-por-covid-19\/","url":"https:\/\/fuentesfidedignas.com.mx\/index.php\/2021\/06\/07\/reportan-al-ex-presidente-felipe-calderon-hospitalizado-por-covid-19\/","name":"Reportan al ex presidente Felipe Calder\u00f3n hospitalizado por Covid-19 - Fuentes Fidedignas","isPartOf":{"@id":"https:\/\/fuentesfidedignas.com.mx\/#website"},"primaryImageOfPage":{"@id":"https:\/\/fuentesfidedignas.com.mx\/index.php\/2021\/06\/07\/reportan-al-ex-presidente-felipe-calderon-hospitalizado-por-covid-19\/#primaryimage"},"image":{"@id":"https:\/\/fuentesfidedignas.com.mx\/index.php\/2021\/06\/07\/reportan-al-ex-presidente-felipe-calderon-hospitalizado-por-covid-19\/#primaryimage"},"thumbnailUrl":"https:\/\/fuentesfidedignas.com.mx\/wp-content\/uploads\/2021\/06\/Felipe-Calderon-696x398-1.jpg","datePublished":"2021-06-07T22:26:57+00:00","dateModified":"2021-06-07T22:26:59+00:00","breadcrumb":{"@id":"https:\/\/fuentesfidedignas.com.mx\/index.php\/2021\/06\/07\/reportan-al-ex-presidente-felipe-calderon-hospitalizado-por-covid-19\/#breadcrumb"},"inLanguage":"es","potentialAction":[{"@type":"ReadAction","target":["https:\/\/fuentesfidedignas.com.mx\/index.php\/2021\/06\/07\/reportan-al-ex-presidente-felipe-calderon-hospitalizado-por-covid-19\/"]}]},{"@type":"ImageObject","inLanguage":"es","@id":"https:\/\/fuentesfidedignas.com.mx\/index.php\/2021\/06\/07\/reportan-al-ex-presidente-felipe-calderon-hospitalizado-por-covid-19\/#primaryimage","url":"https:\/\/fuentesfidedignas.com.mx\/wp-content\/uploads\/2021\/06\/Felipe-Calderon-696x398-1.jpg","contentUrl":"https:\/\/fuentesfidedignas.com.mx\/wp-content\/uploads\/2021\/06\/Felipe-Calderon-696x398-1.jpg","width":696,"height":398},{"@type":"BreadcrumbList","@id":"https:\/\/fuentesfidedignas.com.mx\/index.php\/2021\/06\/07\/reportan-al-ex-presidente-felipe-calderon-hospitalizado-por-covid-19\/#breadcrumb","itemListElement":[{"@type":"ListItem","position":1,"name":"Inicio","item":"https:\/\/fuentesfidedignas.com.mx\/"},{"@type":"ListItem","position":2,"name":"Reportan al ex presidente Felipe Calder\u00f3n hospitalizado por Covid-19"}]},{"@type":"WebSite","@id":"https:\/\/fuentesfidedignas.com.mx\/#website","url":"https:\/\/fuentesfidedignas.com.mx\/","name":"Fuentes Fidedignas","description":"Otro sitio realizado con WordPress","publisher":{"@id":"https:\/\/fuentesfidedignas.com.mx\/#organization"},"potentialAction":[{"@type":"SearchAction","target":{"@type":"EntryPoint","urlTemplate":"https:\/\/fuentesfidedignas.com.mx\/?s={search_term_string}"},"query-input":{"@type":"PropertyValueSpecification","valueRequired":true,"valueName":"search_term_string"}}],"inLanguage":"es"},{"@type":"Organization","@id":"https:\/\/fuentesfidedignas.com.mx\/#organization","name":"Fuentes Fidedignas","url":"https:\/\/fuentesfidedignas.com.mx\/","logo":{"@type":"ImageObject","inLanguage":"es","@id":"https:\/\/fuentesfidedignas.com.mx\/#\/schema\/logo\/image\/","url":"https:\/\/fuentesfidedignas.com.mx\/wp-content\/uploads\/2021\/04\/logo-retina.png","contentUrl":"https:\/\/fuentesfidedignas.com.mx\/wp-content\/uploads\/2021\/04\/logo-retina.png","width":280,"height":51,"caption":"Fuentes Fidedignas"},"image":{"@id":"https:\/\/fuentesfidedignas.com.mx\/#\/schema\/logo\/image\/"},"sameAs":["https:\/\/www.facebook.com\/Fuentes-Fidedignas-368234489921644","https:\/\/x.com\/fidedignas"]},{"@type":"Person","@id":"https:\/\/fuentesfidedignas.com.mx\/#\/schema\/person\/8575896a7c1067d352f6c1cd6582c389","name":"Infobae","image":{"@type":"ImageObject","inLanguage":"es","@id":"https:\/\/secure.gravatar.com\/avatar\/e4ec95706f8d1670343f6526fdcec45474bab17475a851434a64ca12b5acba1c?s=96&d=mm&r=g","url":"https:\/\/secure.gravatar.com\/avatar\/e4ec95706f8d1670343f6526fdcec45474bab17475a851434a64ca12b5acba1c?s=96&d=mm&r=g","contentUrl":"https:\/\/secure.gravatar.com\/avatar\/e4ec95706f8d1670343f6526fdcec45474bab17475a851434a64ca12b5acba1c?s=96&d=mm&r=g","caption":"Infobae"},"url":"https:\/\/fuentesfidedignas.com.mx\/index.php\/author\/infobae\/"}]}},"_links":{"self":[{"href":"https:\/\/fuentesfidedignas.com.mx\/index.php\/wp-json\/wp\/v2\/posts\/4474","targetHints":{"allow":["GET"]}}],"collection":[{"href":"https:\/\/fuentesfidedignas.com.mx\/index.php\/wp-json\/wp\/v2\/posts"}],"about":[{"href":"https:\/\/fuentesfidedignas.com.mx\/index.php\/wp-json\/wp\/v2\/types\/post"}],"author":[{"embeddable":true,"href":"https:\/\/fuentesfidedignas.com.mx\/index.php\/wp-json\/wp\/v2\/users\/41"}],"replies":[{"embeddable":true,"href":"https:\/\/fuentesfidedignas.com.mx\/index.php\/wp-json\/wp\/v2\/comments?post=4474"}],"version-history":[{"count":1,"href":"https:\/\/fuentesfidedignas.com.mx\/index.php\/wp-json\/wp\/v2\/posts\/4474\/revisions"}],"predecessor-version":[{"id":4476,"href":"https:\/\/fuentesfidedignas.com.mx\/index.php\/wp-json\/wp\/v2\/posts\/4474\/revisions\/4476"}],"wp:featuredmedia":[{"embeddable":true,"href":"https:\/\/fuentesfidedignas.com.mx\/index.php\/wp-json\/wp\/v2\/media\/4475"}],"wp:attachment":[{"href":"https:\/\/fuentesfidedignas.com.mx\/index.php\/wp-json\/wp\/v2\/media?parent=4474"}],"wp:term":[{"taxonomy":"category","embeddable":true,"href":"https:\/\/fuentesfidedignas.com.mx\/index.php\/wp-json\/wp\/v2\/categories?post=4474"},{"taxonomy":"post_tag","embeddable":true,"href":"https:\/\/fuentesfidedignas.com.mx\/index.php\/wp-json\/wp\/v2\/tags?post=4474"}],"curies":[{"name":"wp","href":"https:\/\/api.w.org\/{rel}","templated":true}]}}