{"id":44487,"date":"2023-04-13T18:38:21","date_gmt":"2023-04-14T00:38:21","guid":{"rendered":"https:\/\/fuentesfidedignas.com.mx\/?p=44487"},"modified":"2023-04-13T18:38:22","modified_gmt":"2023-04-14T00:38:22","slug":"notimex-sera-liquidada-junto-a-financiera-rural-en-los-proximos-dias-adelanta-monreal","status":"publish","type":"post","link":"https:\/\/fuentesfidedignas.com.mx\/index.php\/2023\/04\/13\/notimex-sera-liquidada-junto-a-financiera-rural-en-los-proximos-dias-adelanta-monreal\/","title":{"rendered":"Notimex ser\u00e1 liquidada junto a Financiera Rural \u201cen los pr\u00f3ximos d\u00edas\u201d, adelanta Monreal"},"content":{"rendered":"\n<p><strong><em>El l\u00edder de los senadores de Morena, Ricardo Monreal, anunci\u00f3 este jueves que ser\u00e1n liquidados Financiera Rural y Notimex<\/em><\/strong><\/p>\n\n\n\n<p>Ciudad de M\u00e9xico.-El l\u00edder de los senadores de Morena, Ricardo Monreal, anunci\u00f3 este jueves que ser\u00e1n liquidados Financiera Rural y la Agencia de Noticias del Estado Mexicano (Notimex).<\/p>\n\n\n\n<p>En un encuentro con periodistas en el Senado, el legislador morenista se\u00f1al\u00f3 que las liquidaciones se har\u00e1n \u201cen los pr\u00f3ximos d\u00edas\u201d, debido a que el proceso para extinguir a los organismos ya est\u00e1 avanzado.<\/p>\n\n\n\n<p>La liquidaci\u00f3n de la agencia de noticias del Estado se da despu\u00e9s de que en febrero se anunci\u00f3 la reactivaci\u00f3n de las mesas de alto nivel para solucionar la huelga en el organismo.<\/p>\n\n\n\n<p>Notimex cumple tres a\u00f1os en huelga, que estall\u00f3 el Sindicato \u00danico de Trabajadores de la agencia (SutNotimex) tras la llegada de Sanjuana Mart\u00ednez como directora general.<\/p>\n\n\n\n<p>El organismo sindical acusa a Mart\u00ednez de haber realizado despidos injustificados, entre otras irregularidades en su gesti\u00f3n.<\/p>\n\n\n\n<p>Este mismo jueves se dio a conocer que el presidente Andr\u00e9s Manuel L\u00f3pez Obrador envi\u00f3 reformas a la C\u00e1mara de Diputados para eliminar a Financiera Nacional de Desarrollo Agropecuario, Rural, Forestal y Pesquero (FND), por considerarlo \u201catrofiado\u201d e \u201cincapaz de impulsar el desarrollo rural\u201d.<\/p>\n","protected":false},"excerpt":{"rendered":"<p>El l\u00edder de los senadores de Morena, Ricardo Monreal, anunci\u00f3 este jueves que ser\u00e1n liquidados Financiera Rural y Notimex Ciudad de M\u00e9xico.-El l\u00edder de los senadores de Morena, Ricardo Monreal, anunci\u00f3 este jueves que ser\u00e1n liquidados Financiera Rural y la Agencia de Noticias del Estado Mexicano (Notimex). En un encuentro con periodistas en el Senado, [&hellip;]<\/p>\n","protected":false},"author":47,"featured_media":44488,"comment_status":"open","ping_status":"open","sticky":false,"template":"","format":"standard","meta":{"tdm_status":"","tdm_grid_status":"","footnotes":""},"categories":[39],"tags":[],"class_list":{"0":"post-44487","1":"post","2":"type-post","3":"status-publish","4":"format-standard","5":"has-post-thumbnail","7":"category-noticias-nacionales"},"yoast_head":"<!-- This site is optimized with the Yoast SEO plugin v27.5 - https:\/\/yoast.com\/product\/yoast-seo-wordpress\/ -->\n<title>Notimex ser\u00e1 liquidada junto a Financiera Rural \u201cen los pr\u00f3ximos d\u00edas\u201d, adelanta Monreal - Fuentes Fidedignas<\/title>\n<meta name=\"robots\" content=\"index, follow, max-snippet:-1, max-image-preview:large, max-video-preview:-1\" \/>\n<link rel=\"canonical\" href=\"https:\/\/fuentesfidedignas.com.mx\/index.php\/2023\/04\/13\/notimex-sera-liquidada-junto-a-financiera-rural-en-los-proximos-dias-adelanta-monreal\/\" \/>\n<meta property=\"og:locale\" content=\"es_MX\" \/>\n<meta property=\"og:type\" content=\"article\" \/>\n<meta property=\"og:title\" content=\"Notimex ser\u00e1 liquidada junto a Financiera Rural \u201cen los pr\u00f3ximos d\u00edas\u201d, adelanta Monreal - Fuentes Fidedignas\" \/>\n<meta property=\"og:description\" content=\"El l\u00edder de los senadores de Morena, Ricardo Monreal, anunci\u00f3 este jueves que ser\u00e1n liquidados Financiera Rural y Notimex Ciudad de M\u00e9xico.-El l\u00edder de los senadores de Morena, Ricardo Monreal, anunci\u00f3 este jueves que ser\u00e1n liquidados Financiera Rural y la Agencia de Noticias del Estado Mexicano (Notimex). En un encuentro con periodistas en el Senado, [&hellip;]\" \/>\n<meta property=\"og:url\" content=\"https:\/\/fuentesfidedignas.com.mx\/index.php\/2023\/04\/13\/notimex-sera-liquidada-junto-a-financiera-rural-en-los-proximos-dias-adelanta-monreal\/\" \/>\n<meta property=\"og:site_name\" content=\"Fuentes Fidedignas\" \/>\n<meta property=\"article:publisher\" content=\"https:\/\/www.facebook.com\/Fuentes-Fidedignas-368234489921644\" \/>\n<meta property=\"article:published_time\" content=\"2023-04-14T00:38:21+00:00\" \/>\n<meta property=\"article:modified_time\" content=\"2023-04-14T00:38:22+00:00\" \/>\n<meta property=\"og:image\" content=\"https:\/\/fuentesfidedignas.com.mx\/wp-content\/uploads\/2023\/04\/NOTIMEx.jpg\" \/>\n\t<meta property=\"og:image:width\" content=\"1518\" \/>\n\t<meta property=\"og:image:height\" content=\"753\" \/>\n\t<meta property=\"og:image:type\" content=\"image\/jpeg\" \/>\n<meta name=\"author\" content=\"L\u00f3pez D\u00f3riga\" \/>\n<meta name=\"twitter:card\" content=\"summary_large_image\" \/>\n<meta name=\"twitter:creator\" content=\"@fidedignas\" \/>\n<meta name=\"twitter:site\" content=\"@fidedignas\" \/>\n<meta name=\"twitter:label1\" content=\"Escrito por\" \/>\n\t<meta name=\"twitter:data1\" content=\"L\u00f3pez D\u00f3riga\" \/>\n\t<meta name=\"twitter:label2\" content=\"Tiempo de lectura\" \/>\n\t<meta name=\"twitter:data2\" content=\"1 minuto\" \/>\n<script type=\"application\/ld+json\" class=\"yoast-schema-graph\">{\"@context\":\"https:\\\/\\\/schema.org\",\"@graph\":[{\"@type\":\"Article\",\"@id\":\"https:\\\/\\\/fuentesfidedignas.com.mx\\\/index.php\\\/2023\\\/04\\\/13\\\/notimex-sera-liquidada-junto-a-financiera-rural-en-los-proximos-dias-adelanta-monreal\\\/#article\",\"isPartOf\":{\"@id\":\"https:\\\/\\\/fuentesfidedignas.com.mx\\\/index.php\\\/2023\\\/04\\\/13\\\/notimex-sera-liquidada-junto-a-financiera-rural-en-los-proximos-dias-adelanta-monreal\\\/\"},\"author\":{\"name\":\"L\u00f3pez D\u00f3riga\",\"@id\":\"https:\\\/\\\/fuentesfidedignas.com.mx\\\/#\\\/schema\\\/person\\\/67d852f0557c8509146a4b9ddebd543a\"},\"headline\":\"Notimex ser\u00e1 liquidada junto a Financiera Rural \u201cen los pr\u00f3ximos d\u00edas\u201d, adelanta Monreal\",\"datePublished\":\"2023-04-14T00:38:21+00:00\",\"dateModified\":\"2023-04-14T00:38:22+00:00\",\"mainEntityOfPage\":{\"@id\":\"https:\\\/\\\/fuentesfidedignas.com.mx\\\/index.php\\\/2023\\\/04\\\/13\\\/notimex-sera-liquidada-junto-a-financiera-rural-en-los-proximos-dias-adelanta-monreal\\\/\"},\"wordCount\":236,\"commentCount\":0,\"publisher\":{\"@id\":\"https:\\\/\\\/fuentesfidedignas.com.mx\\\/#organization\"},\"image\":{\"@id\":\"https:\\\/\\\/fuentesfidedignas.com.mx\\\/index.php\\\/2023\\\/04\\\/13\\\/notimex-sera-liquidada-junto-a-financiera-rural-en-los-proximos-dias-adelanta-monreal\\\/#primaryimage\"},\"thumbnailUrl\":\"https:\\\/\\\/fuentesfidedignas.com.mx\\\/wp-content\\\/uploads\\\/2023\\\/04\\\/NOTIMEx.jpg\",\"articleSection\":[\"NOTICIAS NACIONALES\"],\"inLanguage\":\"es\",\"potentialAction\":[{\"@type\":\"CommentAction\",\"name\":\"Comment\",\"target\":[\"https:\\\/\\\/fuentesfidedignas.com.mx\\\/index.php\\\/2023\\\/04\\\/13\\\/notimex-sera-liquidada-junto-a-financiera-rural-en-los-proximos-dias-adelanta-monreal\\\/#respond\"]}]},{\"@type\":\"WebPage\",\"@id\":\"https:\\\/\\\/fuentesfidedignas.com.mx\\\/index.php\\\/2023\\\/04\\\/13\\\/notimex-sera-liquidada-junto-a-financiera-rural-en-los-proximos-dias-adelanta-monreal\\\/\",\"url\":\"https:\\\/\\\/fuentesfidedignas.com.mx\\\/index.php\\\/2023\\\/04\\\/13\\\/notimex-sera-liquidada-junto-a-financiera-rural-en-los-proximos-dias-adelanta-monreal\\\/\",\"name\":\"Notimex ser\u00e1 liquidada junto a Financiera Rural \u201cen los pr\u00f3ximos d\u00edas\u201d, adelanta Monreal - Fuentes Fidedignas\",\"isPartOf\":{\"@id\":\"https:\\\/\\\/fuentesfidedignas.com.mx\\\/#website\"},\"primaryImageOfPage\":{\"@id\":\"https:\\\/\\\/fuentesfidedignas.com.mx\\\/index.php\\\/2023\\\/04\\\/13\\\/notimex-sera-liquidada-junto-a-financiera-rural-en-los-proximos-dias-adelanta-monreal\\\/#primaryimage\"},\"image\":{\"@id\":\"https:\\\/\\\/fuentesfidedignas.com.mx\\\/index.php\\\/2023\\\/04\\\/13\\\/notimex-sera-liquidada-junto-a-financiera-rural-en-los-proximos-dias-adelanta-monreal\\\/#primaryimage\"},\"thumbnailUrl\":\"https:\\\/\\\/fuentesfidedignas.com.mx\\\/wp-content\\\/uploads\\\/2023\\\/04\\\/NOTIMEx.jpg\",\"datePublished\":\"2023-04-14T00:38:21+00:00\",\"dateModified\":\"2023-04-14T00:38:22+00:00\",\"breadcrumb\":{\"@id\":\"https:\\\/\\\/fuentesfidedignas.com.mx\\\/index.php\\\/2023\\\/04\\\/13\\\/notimex-sera-liquidada-junto-a-financiera-rural-en-los-proximos-dias-adelanta-monreal\\\/#breadcrumb\"},\"inLanguage\":\"es\",\"potentialAction\":[{\"@type\":\"ReadAction\",\"target\":[\"https:\\\/\\\/fuentesfidedignas.com.mx\\\/index.php\\\/2023\\\/04\\\/13\\\/notimex-sera-liquidada-junto-a-financiera-rural-en-los-proximos-dias-adelanta-monreal\\\/\"]}]},{\"@type\":\"ImageObject\",\"inLanguage\":\"es\",\"@id\":\"https:\\\/\\\/fuentesfidedignas.com.mx\\\/index.php\\\/2023\\\/04\\\/13\\\/notimex-sera-liquidada-junto-a-financiera-rural-en-los-proximos-dias-adelanta-monreal\\\/#primaryimage\",\"url\":\"https:\\\/\\\/fuentesfidedignas.com.mx\\\/wp-content\\\/uploads\\\/2023\\\/04\\\/NOTIMEx.jpg\",\"contentUrl\":\"https:\\\/\\\/fuentesfidedignas.com.mx\\\/wp-content\\\/uploads\\\/2023\\\/04\\\/NOTIMEx.jpg\",\"width\":1518,\"height\":753},{\"@type\":\"BreadcrumbList\",\"@id\":\"https:\\\/\\\/fuentesfidedignas.com.mx\\\/index.php\\\/2023\\\/04\\\/13\\\/notimex-sera-liquidada-junto-a-financiera-rural-en-los-proximos-dias-adelanta-monreal\\\/#breadcrumb\",\"itemListElement\":[{\"@type\":\"ListItem\",\"position\":1,\"name\":\"Inicio\",\"item\":\"https:\\\/\\\/fuentesfidedignas.com.mx\\\/\"},{\"@type\":\"ListItem\",\"position\":2,\"name\":\"Notimex ser\u00e1 liquidada junto a Financiera Rural \u201cen los pr\u00f3ximos d\u00edas\u201d, adelanta Monreal\"}]},{\"@type\":\"WebSite\",\"@id\":\"https:\\\/\\\/fuentesfidedignas.com.mx\\\/#website\",\"url\":\"https:\\\/\\\/fuentesfidedignas.com.mx\\\/\",\"name\":\"Fuentes Fidedignas\",\"description\":\"Otro sitio realizado con WordPress\",\"publisher\":{\"@id\":\"https:\\\/\\\/fuentesfidedignas.com.mx\\\/#organization\"},\"potentialAction\":[{\"@type\":\"SearchAction\",\"target\":{\"@type\":\"EntryPoint\",\"urlTemplate\":\"https:\\\/\\\/fuentesfidedignas.com.mx\\\/?s={search_term_string}\"},\"query-input\":{\"@type\":\"PropertyValueSpecification\",\"valueRequired\":true,\"valueName\":\"search_term_string\"}}],\"inLanguage\":\"es\"},{\"@type\":\"Organization\",\"@id\":\"https:\\\/\\\/fuentesfidedignas.com.mx\\\/#organization\",\"name\":\"Fuentes Fidedignas\",\"url\":\"https:\\\/\\\/fuentesfidedignas.com.mx\\\/\",\"logo\":{\"@type\":\"ImageObject\",\"inLanguage\":\"es\",\"@id\":\"https:\\\/\\\/fuentesfidedignas.com.mx\\\/#\\\/schema\\\/logo\\\/image\\\/\",\"url\":\"https:\\\/\\\/fuentesfidedignas.com.mx\\\/wp-content\\\/uploads\\\/2021\\\/04\\\/logo-retina.png\",\"contentUrl\":\"https:\\\/\\\/fuentesfidedignas.com.mx\\\/wp-content\\\/uploads\\\/2021\\\/04\\\/logo-retina.png\",\"width\":280,\"height\":51,\"caption\":\"Fuentes Fidedignas\"},\"image\":{\"@id\":\"https:\\\/\\\/fuentesfidedignas.com.mx\\\/#\\\/schema\\\/logo\\\/image\\\/\"},\"sameAs\":[\"https:\\\/\\\/www.facebook.com\\\/Fuentes-Fidedignas-368234489921644\",\"https:\\\/\\\/x.com\\\/fidedignas\"]},{\"@type\":\"Person\",\"@id\":\"https:\\\/\\\/fuentesfidedignas.com.mx\\\/#\\\/schema\\\/person\\\/67d852f0557c8509146a4b9ddebd543a\",\"name\":\"L\u00f3pez D\u00f3riga\",\"image\":{\"@type\":\"ImageObject\",\"inLanguage\":\"es\",\"@id\":\"https:\\\/\\\/secure.gravatar.com\\\/avatar\\\/e525b06574ca18b33cded59dfe5778d6c823b9513154eff47da551b0551bdd1e?s=96&d=mm&r=g\",\"url\":\"https:\\\/\\\/secure.gravatar.com\\\/avatar\\\/e525b06574ca18b33cded59dfe5778d6c823b9513154eff47da551b0551bdd1e?s=96&d=mm&r=g\",\"contentUrl\":\"https:\\\/\\\/secure.gravatar.com\\\/avatar\\\/e525b06574ca18b33cded59dfe5778d6c823b9513154eff47da551b0551bdd1e?s=96&d=mm&r=g\",\"caption\":\"L\u00f3pez D\u00f3riga\"},\"url\":\"https:\\\/\\\/fuentesfidedignas.com.mx\\\/index.php\\\/author\\\/doriga\\\/\"}]}<\/script>\n<!-- \/ Yoast SEO plugin. -->","yoast_head_json":{"title":"Notimex ser\u00e1 liquidada junto a Financiera Rural \u201cen los pr\u00f3ximos d\u00edas\u201d, adelanta Monreal - Fuentes Fidedignas","robots":{"index":"index","follow":"follow","max-snippet":"max-snippet:-1","max-image-preview":"max-image-preview:large","max-video-preview":"max-video-preview:-1"},"canonical":"https:\/\/fuentesfidedignas.com.mx\/index.php\/2023\/04\/13\/notimex-sera-liquidada-junto-a-financiera-rural-en-los-proximos-dias-adelanta-monreal\/","og_locale":"es_MX","og_type":"article","og_title":"Notimex ser\u00e1 liquidada junto a Financiera Rural \u201cen los pr\u00f3ximos d\u00edas\u201d, adelanta Monreal - Fuentes Fidedignas","og_description":"El l\u00edder de los senadores de Morena, Ricardo Monreal, anunci\u00f3 este jueves que ser\u00e1n liquidados Financiera Rural y Notimex Ciudad de M\u00e9xico.-El l\u00edder de los senadores de Morena, Ricardo Monreal, anunci\u00f3 este jueves que ser\u00e1n liquidados Financiera Rural y la Agencia de Noticias del Estado Mexicano (Notimex). En un encuentro con periodistas en el Senado, [&hellip;]","og_url":"https:\/\/fuentesfidedignas.com.mx\/index.php\/2023\/04\/13\/notimex-sera-liquidada-junto-a-financiera-rural-en-los-proximos-dias-adelanta-monreal\/","og_site_name":"Fuentes Fidedignas","article_publisher":"https:\/\/www.facebook.com\/Fuentes-Fidedignas-368234489921644","article_published_time":"2023-04-14T00:38:21+00:00","article_modified_time":"2023-04-14T00:38:22+00:00","og_image":[{"width":1518,"height":753,"url":"https:\/\/fuentesfidedignas.com.mx\/wp-content\/uploads\/2023\/04\/NOTIMEx.jpg","type":"image\/jpeg"}],"author":"L\u00f3pez D\u00f3riga","twitter_card":"summary_large_image","twitter_creator":"@fidedignas","twitter_site":"@fidedignas","twitter_misc":{"Escrito por":"L\u00f3pez D\u00f3riga","Tiempo de lectura":"1 minuto"},"schema":{"@context":"https:\/\/schema.org","@graph":[{"@type":"Article","@id":"https:\/\/fuentesfidedignas.com.mx\/index.php\/2023\/04\/13\/notimex-sera-liquidada-junto-a-financiera-rural-en-los-proximos-dias-adelanta-monreal\/#article","isPartOf":{"@id":"https:\/\/fuentesfidedignas.com.mx\/index.php\/2023\/04\/13\/notimex-sera-liquidada-junto-a-financiera-rural-en-los-proximos-dias-adelanta-monreal\/"},"author":{"name":"L\u00f3pez D\u00f3riga","@id":"https:\/\/fuentesfidedignas.com.mx\/#\/schema\/person\/67d852f0557c8509146a4b9ddebd543a"},"headline":"Notimex ser\u00e1 liquidada junto a Financiera Rural \u201cen los pr\u00f3ximos d\u00edas\u201d, adelanta Monreal","datePublished":"2023-04-14T00:38:21+00:00","dateModified":"2023-04-14T00:38:22+00:00","mainEntityOfPage":{"@id":"https:\/\/fuentesfidedignas.com.mx\/index.php\/2023\/04\/13\/notimex-sera-liquidada-junto-a-financiera-rural-en-los-proximos-dias-adelanta-monreal\/"},"wordCount":236,"commentCount":0,"publisher":{"@id":"https:\/\/fuentesfidedignas.com.mx\/#organization"},"image":{"@id":"https:\/\/fuentesfidedignas.com.mx\/index.php\/2023\/04\/13\/notimex-sera-liquidada-junto-a-financiera-rural-en-los-proximos-dias-adelanta-monreal\/#primaryimage"},"thumbnailUrl":"https:\/\/fuentesfidedignas.com.mx\/wp-content\/uploads\/2023\/04\/NOTIMEx.jpg","articleSection":["NOTICIAS NACIONALES"],"inLanguage":"es","potentialAction":[{"@type":"CommentAction","name":"Comment","target":["https:\/\/fuentesfidedignas.com.mx\/index.php\/2023\/04\/13\/notimex-sera-liquidada-junto-a-financiera-rural-en-los-proximos-dias-adelanta-monreal\/#respond"]}]},{"@type":"WebPage","@id":"https:\/\/fuentesfidedignas.com.mx\/index.php\/2023\/04\/13\/notimex-sera-liquidada-junto-a-financiera-rural-en-los-proximos-dias-adelanta-monreal\/","url":"https:\/\/fuentesfidedignas.com.mx\/index.php\/2023\/04\/13\/notimex-sera-liquidada-junto-a-financiera-rural-en-los-proximos-dias-adelanta-monreal\/","name":"Notimex ser\u00e1 liquidada junto a Financiera Rural \u201cen los pr\u00f3ximos d\u00edas\u201d, adelanta Monreal - Fuentes Fidedignas","isPartOf":{"@id":"https:\/\/fuentesfidedignas.com.mx\/#website"},"primaryImageOfPage":{"@id":"https:\/\/fuentesfidedignas.com.mx\/index.php\/2023\/04\/13\/notimex-sera-liquidada-junto-a-financiera-rural-en-los-proximos-dias-adelanta-monreal\/#primaryimage"},"image":{"@id":"https:\/\/fuentesfidedignas.com.mx\/index.php\/2023\/04\/13\/notimex-sera-liquidada-junto-a-financiera-rural-en-los-proximos-dias-adelanta-monreal\/#primaryimage"},"thumbnailUrl":"https:\/\/fuentesfidedignas.com.mx\/wp-content\/uploads\/2023\/04\/NOTIMEx.jpg","datePublished":"2023-04-14T00:38:21+00:00","dateModified":"2023-04-14T00:38:22+00:00","breadcrumb":{"@id":"https:\/\/fuentesfidedignas.com.mx\/index.php\/2023\/04\/13\/notimex-sera-liquidada-junto-a-financiera-rural-en-los-proximos-dias-adelanta-monreal\/#breadcrumb"},"inLanguage":"es","potentialAction":[{"@type":"ReadAction","target":["https:\/\/fuentesfidedignas.com.mx\/index.php\/2023\/04\/13\/notimex-sera-liquidada-junto-a-financiera-rural-en-los-proximos-dias-adelanta-monreal\/"]}]},{"@type":"ImageObject","inLanguage":"es","@id":"https:\/\/fuentesfidedignas.com.mx\/index.php\/2023\/04\/13\/notimex-sera-liquidada-junto-a-financiera-rural-en-los-proximos-dias-adelanta-monreal\/#primaryimage","url":"https:\/\/fuentesfidedignas.com.mx\/wp-content\/uploads\/2023\/04\/NOTIMEx.jpg","contentUrl":"https:\/\/fuentesfidedignas.com.mx\/wp-content\/uploads\/2023\/04\/NOTIMEx.jpg","width":1518,"height":753},{"@type":"BreadcrumbList","@id":"https:\/\/fuentesfidedignas.com.mx\/index.php\/2023\/04\/13\/notimex-sera-liquidada-junto-a-financiera-rural-en-los-proximos-dias-adelanta-monreal\/#breadcrumb","itemListElement":[{"@type":"ListItem","position":1,"name":"Inicio","item":"https:\/\/fuentesfidedignas.com.mx\/"},{"@type":"ListItem","position":2,"name":"Notimex ser\u00e1 liquidada junto a Financiera Rural \u201cen los pr\u00f3ximos d\u00edas\u201d, adelanta Monreal"}]},{"@type":"WebSite","@id":"https:\/\/fuentesfidedignas.com.mx\/#website","url":"https:\/\/fuentesfidedignas.com.mx\/","name":"Fuentes Fidedignas","description":"Otro sitio realizado con WordPress","publisher":{"@id":"https:\/\/fuentesfidedignas.com.mx\/#organization"},"potentialAction":[{"@type":"SearchAction","target":{"@type":"EntryPoint","urlTemplate":"https:\/\/fuentesfidedignas.com.mx\/?s={search_term_string}"},"query-input":{"@type":"PropertyValueSpecification","valueRequired":true,"valueName":"search_term_string"}}],"inLanguage":"es"},{"@type":"Organization","@id":"https:\/\/fuentesfidedignas.com.mx\/#organization","name":"Fuentes Fidedignas","url":"https:\/\/fuentesfidedignas.com.mx\/","logo":{"@type":"ImageObject","inLanguage":"es","@id":"https:\/\/fuentesfidedignas.com.mx\/#\/schema\/logo\/image\/","url":"https:\/\/fuentesfidedignas.com.mx\/wp-content\/uploads\/2021\/04\/logo-retina.png","contentUrl":"https:\/\/fuentesfidedignas.com.mx\/wp-content\/uploads\/2021\/04\/logo-retina.png","width":280,"height":51,"caption":"Fuentes Fidedignas"},"image":{"@id":"https:\/\/fuentesfidedignas.com.mx\/#\/schema\/logo\/image\/"},"sameAs":["https:\/\/www.facebook.com\/Fuentes-Fidedignas-368234489921644","https:\/\/x.com\/fidedignas"]},{"@type":"Person","@id":"https:\/\/fuentesfidedignas.com.mx\/#\/schema\/person\/67d852f0557c8509146a4b9ddebd543a","name":"L\u00f3pez D\u00f3riga","image":{"@type":"ImageObject","inLanguage":"es","@id":"https:\/\/secure.gravatar.com\/avatar\/e525b06574ca18b33cded59dfe5778d6c823b9513154eff47da551b0551bdd1e?s=96&d=mm&r=g","url":"https:\/\/secure.gravatar.com\/avatar\/e525b06574ca18b33cded59dfe5778d6c823b9513154eff47da551b0551bdd1e?s=96&d=mm&r=g","contentUrl":"https:\/\/secure.gravatar.com\/avatar\/e525b06574ca18b33cded59dfe5778d6c823b9513154eff47da551b0551bdd1e?s=96&d=mm&r=g","caption":"L\u00f3pez D\u00f3riga"},"url":"https:\/\/fuentesfidedignas.com.mx\/index.php\/author\/doriga\/"}]}},"_links":{"self":[{"href":"https:\/\/fuentesfidedignas.com.mx\/index.php\/wp-json\/wp\/v2\/posts\/44487","targetHints":{"allow":["GET"]}}],"collection":[{"href":"https:\/\/fuentesfidedignas.com.mx\/index.php\/wp-json\/wp\/v2\/posts"}],"about":[{"href":"https:\/\/fuentesfidedignas.com.mx\/index.php\/wp-json\/wp\/v2\/types\/post"}],"author":[{"embeddable":true,"href":"https:\/\/fuentesfidedignas.com.mx\/index.php\/wp-json\/wp\/v2\/users\/47"}],"replies":[{"embeddable":true,"href":"https:\/\/fuentesfidedignas.com.mx\/index.php\/wp-json\/wp\/v2\/comments?post=44487"}],"version-history":[{"count":1,"href":"https:\/\/fuentesfidedignas.com.mx\/index.php\/wp-json\/wp\/v2\/posts\/44487\/revisions"}],"predecessor-version":[{"id":44489,"href":"https:\/\/fuentesfidedignas.com.mx\/index.php\/wp-json\/wp\/v2\/posts\/44487\/revisions\/44489"}],"wp:featuredmedia":[{"embeddable":true,"href":"https:\/\/fuentesfidedignas.com.mx\/index.php\/wp-json\/wp\/v2\/media\/44488"}],"wp:attachment":[{"href":"https:\/\/fuentesfidedignas.com.mx\/index.php\/wp-json\/wp\/v2\/media?parent=44487"}],"wp:term":[{"taxonomy":"category","embeddable":true,"href":"https:\/\/fuentesfidedignas.com.mx\/index.php\/wp-json\/wp\/v2\/categories?post=44487"},{"taxonomy":"post_tag","embeddable":true,"href":"https:\/\/fuentesfidedignas.com.mx\/index.php\/wp-json\/wp\/v2\/tags?post=44487"}],"curies":[{"name":"wp","href":"https:\/\/api.w.org\/{rel}","templated":true}]}}