{"id":44339,"date":"2023-04-12T17:36:02","date_gmt":"2023-04-12T23:36:02","guid":{"rendered":"https:\/\/fuentesfidedignas.com.mx\/?p=44339"},"modified":"2023-04-12T18:03:59","modified_gmt":"2023-04-13T00:03:59","slug":"hay-culebra-en-el-agua-estan-encubriendo-a-administrador-congreso-gene-bojorquez","status":"publish","type":"post","link":"https:\/\/fuentesfidedignas.com.mx\/index.php\/2023\/04\/12\/hay-culebra-en-el-agua-estan-encubriendo-a-administrador-congreso-gene-bojorquez\/","title":{"rendered":"&#8220;Hay culebra en el agua&#8221;, se est\u00e1 encubriendo al administrador del Congreso: Gene Boj\u00f3rquez"},"content":{"rendered":"\n<p><strong><em>El legislador del PAS afirm\u00f3 que tambi\u00e9n han existido problemas con el personal del Palacio Legislativo, mismos que han pedido la salida de Refugio \u00c1lvarez Monta\u00f1o<\/em><\/strong><\/p>\n\n\n\n<p>Culiac\u00e1n, Sin.- En el caso de los cheques cobrados por terceros, se est\u00e1 encubriendo y protegiendo al administrador del Congreso, Refugio \u00c1lvarez Monta\u00f1o. Alguien que ni siquiera cumple con el perfil profesional para ocupar ese cargo, acus\u00f3 el diputado Gene Ren\u00e9 Boj\u00f3quez Ruiz.<\/p>\n\n\n\n<p><em>\u201cPues es un soci\u00f3logo y no tiene nada malo que su t\u00edtulo sea ser soci\u00f3logo, sino que no tiene la capacidad ni jur\u00eddica ni administrativa ni contable como para ejercer ese cargo y eso ha sido algo muy notorio\u201d<\/em>, dijo.<\/p>\n\n\n\n<p>El legislador del PAS afirm\u00f3 que tambi\u00e9n han existido problemas con el personal del Palacio Legislativo, mismos que han pedido la salida de \u00c1lvarez Monta\u00f1o.<\/p>\n\n\n\n<p>&#8220;<em>Este tipo de cuestiones se van a seguir dando y m\u00e1s evidenciando que est\u00e1n protegiendo a gente corrupta. Tenemos a pol\u00edticos manejando la administraci\u00f3n del Congreso, personas que desconocen las leyes, personas que desconocen la contabilidad. Pero al final del d\u00eda es la que est\u00e1 administrando, por eso al final del d\u00eda tenemos problemas tanto con el personal como los problemas administrativos<\/em>&#8220;, concluy\u00f3 el pasista.<\/p>\n\n\n\n<iframe loading=\"lazy\" src=\"https:\/\/www.facebook.com\/plugins\/video.php?height=314&#038;href=https%3A%2F%2Fwww.facebook.com%2F368234489921644%2Fvideos%2F1388478335323694%2F&#038;show_text=false&#038;width=560&#038;t=0\" width=\"560\" height=\"314\" style=\"border:none;overflow:hidden\" scrolling=\"no\" frameborder=\"0\" allowfullscreen=\"true\" allow=\"autoplay; clipboard-write; encrypted-media; picture-in-picture; web-share\" allowFullScreen=\"true\"><\/iframe>\n","protected":false},"excerpt":{"rendered":"<p>El legislador del PAS afirm\u00f3 que tambi\u00e9n han existido problemas con el personal del Palacio Legislativo, mismos que han pedido la salida de Refugio \u00c1lvarez Monta\u00f1o Culiac\u00e1n, Sin.- En el caso de los cheques cobrados por terceros, se est\u00e1 encubriendo y protegiendo al administrador del Congreso, Refugio \u00c1lvarez Monta\u00f1o. Alguien que ni siquiera cumple con [&hellip;]<\/p>\n","protected":false},"author":11,"featured_media":44343,"comment_status":"open","ping_status":"open","sticky":false,"template":"","format":"standard","meta":{"tdm_status":"","tdm_grid_status":"","footnotes":""},"categories":[38],"tags":[],"class_list":{"0":"post-44339","1":"post","2":"type-post","3":"status-publish","4":"format-standard","5":"has-post-thumbnail","7":"category-noticias-locales"},"yoast_head":"<!-- This site is optimized with the Yoast SEO plugin v27.5 - https:\/\/yoast.com\/product\/yoast-seo-wordpress\/ -->\n<title>&quot;Hay culebra en el agua&quot;, se est\u00e1 encubriendo al administrador del Congreso: Gene Boj\u00f3rquez - Fuentes Fidedignas<\/title>\n<meta name=\"robots\" content=\"index, follow, max-snippet:-1, max-image-preview:large, max-video-preview:-1\" \/>\n<link rel=\"canonical\" href=\"https:\/\/fuentesfidedignas.com.mx\/index.php\/2023\/04\/12\/hay-culebra-en-el-agua-estan-encubriendo-a-administrador-congreso-gene-bojorquez\/\" \/>\n<meta property=\"og:locale\" content=\"es_MX\" \/>\n<meta property=\"og:type\" content=\"article\" \/>\n<meta property=\"og:title\" content=\"&quot;Hay culebra en el agua&quot;, se est\u00e1 encubriendo al administrador del Congreso: Gene Boj\u00f3rquez - Fuentes Fidedignas\" \/>\n<meta property=\"og:description\" content=\"El legislador del PAS afirm\u00f3 que tambi\u00e9n han existido problemas con el personal del Palacio Legislativo, mismos que han pedido la salida de Refugio \u00c1lvarez Monta\u00f1o Culiac\u00e1n, Sin.- En el caso de los cheques cobrados por terceros, se est\u00e1 encubriendo y protegiendo al administrador del Congreso, Refugio \u00c1lvarez Monta\u00f1o. Alguien que ni siquiera cumple con [&hellip;]\" \/>\n<meta property=\"og:url\" content=\"https:\/\/fuentesfidedignas.com.mx\/index.php\/2023\/04\/12\/hay-culebra-en-el-agua-estan-encubriendo-a-administrador-congreso-gene-bojorquez\/\" \/>\n<meta property=\"og:site_name\" content=\"Fuentes Fidedignas\" \/>\n<meta property=\"article:publisher\" content=\"https:\/\/www.facebook.com\/Fuentes-Fidedignas-368234489921644\" \/>\n<meta property=\"article:published_time\" content=\"2023-04-12T23:36:02+00:00\" \/>\n<meta property=\"article:modified_time\" content=\"2023-04-13T00:03:59+00:00\" \/>\n<meta property=\"og:image\" content=\"https:\/\/fuentesfidedignas.com.mx\/wp-content\/uploads\/2023\/04\/gene.jpg\" \/>\n\t<meta property=\"og:image:width\" content=\"1280\" \/>\n\t<meta property=\"og:image:height\" content=\"958\" \/>\n\t<meta property=\"og:image:type\" content=\"image\/jpeg\" \/>\n<meta name=\"author\" content=\"Marissa Palafox\" \/>\n<meta name=\"twitter:card\" content=\"summary_large_image\" \/>\n<meta name=\"twitter:creator\" content=\"@fidedignas\" \/>\n<meta name=\"twitter:site\" content=\"@fidedignas\" \/>\n<meta name=\"twitter:label1\" content=\"Escrito por\" \/>\n\t<meta name=\"twitter:data1\" content=\"Marissa Palafox\" \/>\n\t<meta name=\"twitter:label2\" content=\"Tiempo de lectura\" \/>\n\t<meta name=\"twitter:data2\" content=\"1 minuto\" \/>\n<script type=\"application\/ld+json\" class=\"yoast-schema-graph\">{\"@context\":\"https:\\\/\\\/schema.org\",\"@graph\":[{\"@type\":\"Article\",\"@id\":\"https:\\\/\\\/fuentesfidedignas.com.mx\\\/index.php\\\/2023\\\/04\\\/12\\\/hay-culebra-en-el-agua-estan-encubriendo-a-administrador-congreso-gene-bojorquez\\\/#article\",\"isPartOf\":{\"@id\":\"https:\\\/\\\/fuentesfidedignas.com.mx\\\/index.php\\\/2023\\\/04\\\/12\\\/hay-culebra-en-el-agua-estan-encubriendo-a-administrador-congreso-gene-bojorquez\\\/\"},\"author\":{\"name\":\"Marissa Palafox\",\"@id\":\"https:\\\/\\\/fuentesfidedignas.com.mx\\\/#\\\/schema\\\/person\\\/2c10028b4a30078c05a056a215342ab9\"},\"headline\":\"&#8220;Hay culebra en el agua&#8221;, se est\u00e1 encubriendo al administrador del Congreso: Gene Boj\u00f3rquez\",\"datePublished\":\"2023-04-12T23:36:02+00:00\",\"dateModified\":\"2023-04-13T00:03:59+00:00\",\"mainEntityOfPage\":{\"@id\":\"https:\\\/\\\/fuentesfidedignas.com.mx\\\/index.php\\\/2023\\\/04\\\/12\\\/hay-culebra-en-el-agua-estan-encubriendo-a-administrador-congreso-gene-bojorquez\\\/\"},\"wordCount\":232,\"commentCount\":0,\"publisher\":{\"@id\":\"https:\\\/\\\/fuentesfidedignas.com.mx\\\/#organization\"},\"image\":{\"@id\":\"https:\\\/\\\/fuentesfidedignas.com.mx\\\/index.php\\\/2023\\\/04\\\/12\\\/hay-culebra-en-el-agua-estan-encubriendo-a-administrador-congreso-gene-bojorquez\\\/#primaryimage\"},\"thumbnailUrl\":\"https:\\\/\\\/fuentesfidedignas.com.mx\\\/wp-content\\\/uploads\\\/2023\\\/04\\\/gene.jpg\",\"articleSection\":[\"NOTICIAS LOCALES\"],\"inLanguage\":\"es\",\"potentialAction\":[{\"@type\":\"CommentAction\",\"name\":\"Comment\",\"target\":[\"https:\\\/\\\/fuentesfidedignas.com.mx\\\/index.php\\\/2023\\\/04\\\/12\\\/hay-culebra-en-el-agua-estan-encubriendo-a-administrador-congreso-gene-bojorquez\\\/#respond\"]}]},{\"@type\":\"WebPage\",\"@id\":\"https:\\\/\\\/fuentesfidedignas.com.mx\\\/index.php\\\/2023\\\/04\\\/12\\\/hay-culebra-en-el-agua-estan-encubriendo-a-administrador-congreso-gene-bojorquez\\\/\",\"url\":\"https:\\\/\\\/fuentesfidedignas.com.mx\\\/index.php\\\/2023\\\/04\\\/12\\\/hay-culebra-en-el-agua-estan-encubriendo-a-administrador-congreso-gene-bojorquez\\\/\",\"name\":\"\\\"Hay culebra en el agua\\\", se est\u00e1 encubriendo al administrador del Congreso: Gene Boj\u00f3rquez - Fuentes Fidedignas\",\"isPartOf\":{\"@id\":\"https:\\\/\\\/fuentesfidedignas.com.mx\\\/#website\"},\"primaryImageOfPage\":{\"@id\":\"https:\\\/\\\/fuentesfidedignas.com.mx\\\/index.php\\\/2023\\\/04\\\/12\\\/hay-culebra-en-el-agua-estan-encubriendo-a-administrador-congreso-gene-bojorquez\\\/#primaryimage\"},\"image\":{\"@id\":\"https:\\\/\\\/fuentesfidedignas.com.mx\\\/index.php\\\/2023\\\/04\\\/12\\\/hay-culebra-en-el-agua-estan-encubriendo-a-administrador-congreso-gene-bojorquez\\\/#primaryimage\"},\"thumbnailUrl\":\"https:\\\/\\\/fuentesfidedignas.com.mx\\\/wp-content\\\/uploads\\\/2023\\\/04\\\/gene.jpg\",\"datePublished\":\"2023-04-12T23:36:02+00:00\",\"dateModified\":\"2023-04-13T00:03:59+00:00\",\"breadcrumb\":{\"@id\":\"https:\\\/\\\/fuentesfidedignas.com.mx\\\/index.php\\\/2023\\\/04\\\/12\\\/hay-culebra-en-el-agua-estan-encubriendo-a-administrador-congreso-gene-bojorquez\\\/#breadcrumb\"},\"inLanguage\":\"es\",\"potentialAction\":[{\"@type\":\"ReadAction\",\"target\":[\"https:\\\/\\\/fuentesfidedignas.com.mx\\\/index.php\\\/2023\\\/04\\\/12\\\/hay-culebra-en-el-agua-estan-encubriendo-a-administrador-congreso-gene-bojorquez\\\/\"]}]},{\"@type\":\"ImageObject\",\"inLanguage\":\"es\",\"@id\":\"https:\\\/\\\/fuentesfidedignas.com.mx\\\/index.php\\\/2023\\\/04\\\/12\\\/hay-culebra-en-el-agua-estan-encubriendo-a-administrador-congreso-gene-bojorquez\\\/#primaryimage\",\"url\":\"https:\\\/\\\/fuentesfidedignas.com.mx\\\/wp-content\\\/uploads\\\/2023\\\/04\\\/gene.jpg\",\"contentUrl\":\"https:\\\/\\\/fuentesfidedignas.com.mx\\\/wp-content\\\/uploads\\\/2023\\\/04\\\/gene.jpg\",\"width\":1280,\"height\":958},{\"@type\":\"BreadcrumbList\",\"@id\":\"https:\\\/\\\/fuentesfidedignas.com.mx\\\/index.php\\\/2023\\\/04\\\/12\\\/hay-culebra-en-el-agua-estan-encubriendo-a-administrador-congreso-gene-bojorquez\\\/#breadcrumb\",\"itemListElement\":[{\"@type\":\"ListItem\",\"position\":1,\"name\":\"Inicio\",\"item\":\"https:\\\/\\\/fuentesfidedignas.com.mx\\\/\"},{\"@type\":\"ListItem\",\"position\":2,\"name\":\"&#8220;Hay culebra en el agua&#8221;, se est\u00e1 encubriendo al administrador del Congreso: Gene Boj\u00f3rquez\"}]},{\"@type\":\"WebSite\",\"@id\":\"https:\\\/\\\/fuentesfidedignas.com.mx\\\/#website\",\"url\":\"https:\\\/\\\/fuentesfidedignas.com.mx\\\/\",\"name\":\"Fuentes Fidedignas\",\"description\":\"Otro sitio realizado con WordPress\",\"publisher\":{\"@id\":\"https:\\\/\\\/fuentesfidedignas.com.mx\\\/#organization\"},\"potentialAction\":[{\"@type\":\"SearchAction\",\"target\":{\"@type\":\"EntryPoint\",\"urlTemplate\":\"https:\\\/\\\/fuentesfidedignas.com.mx\\\/?s={search_term_string}\"},\"query-input\":{\"@type\":\"PropertyValueSpecification\",\"valueRequired\":true,\"valueName\":\"search_term_string\"}}],\"inLanguage\":\"es\"},{\"@type\":\"Organization\",\"@id\":\"https:\\\/\\\/fuentesfidedignas.com.mx\\\/#organization\",\"name\":\"Fuentes Fidedignas\",\"url\":\"https:\\\/\\\/fuentesfidedignas.com.mx\\\/\",\"logo\":{\"@type\":\"ImageObject\",\"inLanguage\":\"es\",\"@id\":\"https:\\\/\\\/fuentesfidedignas.com.mx\\\/#\\\/schema\\\/logo\\\/image\\\/\",\"url\":\"https:\\\/\\\/fuentesfidedignas.com.mx\\\/wp-content\\\/uploads\\\/2021\\\/04\\\/logo-retina.png\",\"contentUrl\":\"https:\\\/\\\/fuentesfidedignas.com.mx\\\/wp-content\\\/uploads\\\/2021\\\/04\\\/logo-retina.png\",\"width\":280,\"height\":51,\"caption\":\"Fuentes Fidedignas\"},\"image\":{\"@id\":\"https:\\\/\\\/fuentesfidedignas.com.mx\\\/#\\\/schema\\\/logo\\\/image\\\/\"},\"sameAs\":[\"https:\\\/\\\/www.facebook.com\\\/Fuentes-Fidedignas-368234489921644\",\"https:\\\/\\\/x.com\\\/fidedignas\"]},{\"@type\":\"Person\",\"@id\":\"https:\\\/\\\/fuentesfidedignas.com.mx\\\/#\\\/schema\\\/person\\\/2c10028b4a30078c05a056a215342ab9\",\"name\":\"Marissa Palafox\",\"image\":{\"@type\":\"ImageObject\",\"inLanguage\":\"es\",\"@id\":\"https:\\\/\\\/secure.gravatar.com\\\/avatar\\\/20a43bdb2f2db10f20b22d4e98b96eb027faf98f7f76d29854dc5fab46d1cf71?s=96&d=mm&r=g\",\"url\":\"https:\\\/\\\/secure.gravatar.com\\\/avatar\\\/20a43bdb2f2db10f20b22d4e98b96eb027faf98f7f76d29854dc5fab46d1cf71?s=96&d=mm&r=g\",\"contentUrl\":\"https:\\\/\\\/secure.gravatar.com\\\/avatar\\\/20a43bdb2f2db10f20b22d4e98b96eb027faf98f7f76d29854dc5fab46d1cf71?s=96&d=mm&r=g\",\"caption\":\"Marissa Palafox\"},\"url\":\"https:\\\/\\\/fuentesfidedignas.com.mx\\\/index.php\\\/author\\\/marissa\\\/\"}]}<\/script>\n<!-- \/ Yoast SEO plugin. -->","yoast_head_json":{"title":"\"Hay culebra en el agua\", se est\u00e1 encubriendo al administrador del Congreso: Gene Boj\u00f3rquez - Fuentes Fidedignas","robots":{"index":"index","follow":"follow","max-snippet":"max-snippet:-1","max-image-preview":"max-image-preview:large","max-video-preview":"max-video-preview:-1"},"canonical":"https:\/\/fuentesfidedignas.com.mx\/index.php\/2023\/04\/12\/hay-culebra-en-el-agua-estan-encubriendo-a-administrador-congreso-gene-bojorquez\/","og_locale":"es_MX","og_type":"article","og_title":"\"Hay culebra en el agua\", se est\u00e1 encubriendo al administrador del Congreso: Gene Boj\u00f3rquez - Fuentes Fidedignas","og_description":"El legislador del PAS afirm\u00f3 que tambi\u00e9n han existido problemas con el personal del Palacio Legislativo, mismos que han pedido la salida de Refugio \u00c1lvarez Monta\u00f1o Culiac\u00e1n, Sin.- En el caso de los cheques cobrados por terceros, se est\u00e1 encubriendo y protegiendo al administrador del Congreso, Refugio \u00c1lvarez Monta\u00f1o. Alguien que ni siquiera cumple con [&hellip;]","og_url":"https:\/\/fuentesfidedignas.com.mx\/index.php\/2023\/04\/12\/hay-culebra-en-el-agua-estan-encubriendo-a-administrador-congreso-gene-bojorquez\/","og_site_name":"Fuentes Fidedignas","article_publisher":"https:\/\/www.facebook.com\/Fuentes-Fidedignas-368234489921644","article_published_time":"2023-04-12T23:36:02+00:00","article_modified_time":"2023-04-13T00:03:59+00:00","og_image":[{"width":1280,"height":958,"url":"https:\/\/fuentesfidedignas.com.mx\/wp-content\/uploads\/2023\/04\/gene.jpg","type":"image\/jpeg"}],"author":"Marissa Palafox","twitter_card":"summary_large_image","twitter_creator":"@fidedignas","twitter_site":"@fidedignas","twitter_misc":{"Escrito por":"Marissa Palafox","Tiempo de lectura":"1 minuto"},"schema":{"@context":"https:\/\/schema.org","@graph":[{"@type":"Article","@id":"https:\/\/fuentesfidedignas.com.mx\/index.php\/2023\/04\/12\/hay-culebra-en-el-agua-estan-encubriendo-a-administrador-congreso-gene-bojorquez\/#article","isPartOf":{"@id":"https:\/\/fuentesfidedignas.com.mx\/index.php\/2023\/04\/12\/hay-culebra-en-el-agua-estan-encubriendo-a-administrador-congreso-gene-bojorquez\/"},"author":{"name":"Marissa Palafox","@id":"https:\/\/fuentesfidedignas.com.mx\/#\/schema\/person\/2c10028b4a30078c05a056a215342ab9"},"headline":"&#8220;Hay culebra en el agua&#8221;, se est\u00e1 encubriendo al administrador del Congreso: Gene Boj\u00f3rquez","datePublished":"2023-04-12T23:36:02+00:00","dateModified":"2023-04-13T00:03:59+00:00","mainEntityOfPage":{"@id":"https:\/\/fuentesfidedignas.com.mx\/index.php\/2023\/04\/12\/hay-culebra-en-el-agua-estan-encubriendo-a-administrador-congreso-gene-bojorquez\/"},"wordCount":232,"commentCount":0,"publisher":{"@id":"https:\/\/fuentesfidedignas.com.mx\/#organization"},"image":{"@id":"https:\/\/fuentesfidedignas.com.mx\/index.php\/2023\/04\/12\/hay-culebra-en-el-agua-estan-encubriendo-a-administrador-congreso-gene-bojorquez\/#primaryimage"},"thumbnailUrl":"https:\/\/fuentesfidedignas.com.mx\/wp-content\/uploads\/2023\/04\/gene.jpg","articleSection":["NOTICIAS LOCALES"],"inLanguage":"es","potentialAction":[{"@type":"CommentAction","name":"Comment","target":["https:\/\/fuentesfidedignas.com.mx\/index.php\/2023\/04\/12\/hay-culebra-en-el-agua-estan-encubriendo-a-administrador-congreso-gene-bojorquez\/#respond"]}]},{"@type":"WebPage","@id":"https:\/\/fuentesfidedignas.com.mx\/index.php\/2023\/04\/12\/hay-culebra-en-el-agua-estan-encubriendo-a-administrador-congreso-gene-bojorquez\/","url":"https:\/\/fuentesfidedignas.com.mx\/index.php\/2023\/04\/12\/hay-culebra-en-el-agua-estan-encubriendo-a-administrador-congreso-gene-bojorquez\/","name":"\"Hay culebra en el agua\", se est\u00e1 encubriendo al administrador del Congreso: Gene Boj\u00f3rquez - Fuentes Fidedignas","isPartOf":{"@id":"https:\/\/fuentesfidedignas.com.mx\/#website"},"primaryImageOfPage":{"@id":"https:\/\/fuentesfidedignas.com.mx\/index.php\/2023\/04\/12\/hay-culebra-en-el-agua-estan-encubriendo-a-administrador-congreso-gene-bojorquez\/#primaryimage"},"image":{"@id":"https:\/\/fuentesfidedignas.com.mx\/index.php\/2023\/04\/12\/hay-culebra-en-el-agua-estan-encubriendo-a-administrador-congreso-gene-bojorquez\/#primaryimage"},"thumbnailUrl":"https:\/\/fuentesfidedignas.com.mx\/wp-content\/uploads\/2023\/04\/gene.jpg","datePublished":"2023-04-12T23:36:02+00:00","dateModified":"2023-04-13T00:03:59+00:00","breadcrumb":{"@id":"https:\/\/fuentesfidedignas.com.mx\/index.php\/2023\/04\/12\/hay-culebra-en-el-agua-estan-encubriendo-a-administrador-congreso-gene-bojorquez\/#breadcrumb"},"inLanguage":"es","potentialAction":[{"@type":"ReadAction","target":["https:\/\/fuentesfidedignas.com.mx\/index.php\/2023\/04\/12\/hay-culebra-en-el-agua-estan-encubriendo-a-administrador-congreso-gene-bojorquez\/"]}]},{"@type":"ImageObject","inLanguage":"es","@id":"https:\/\/fuentesfidedignas.com.mx\/index.php\/2023\/04\/12\/hay-culebra-en-el-agua-estan-encubriendo-a-administrador-congreso-gene-bojorquez\/#primaryimage","url":"https:\/\/fuentesfidedignas.com.mx\/wp-content\/uploads\/2023\/04\/gene.jpg","contentUrl":"https:\/\/fuentesfidedignas.com.mx\/wp-content\/uploads\/2023\/04\/gene.jpg","width":1280,"height":958},{"@type":"BreadcrumbList","@id":"https:\/\/fuentesfidedignas.com.mx\/index.php\/2023\/04\/12\/hay-culebra-en-el-agua-estan-encubriendo-a-administrador-congreso-gene-bojorquez\/#breadcrumb","itemListElement":[{"@type":"ListItem","position":1,"name":"Inicio","item":"https:\/\/fuentesfidedignas.com.mx\/"},{"@type":"ListItem","position":2,"name":"&#8220;Hay culebra en el agua&#8221;, se est\u00e1 encubriendo al administrador del Congreso: Gene Boj\u00f3rquez"}]},{"@type":"WebSite","@id":"https:\/\/fuentesfidedignas.com.mx\/#website","url":"https:\/\/fuentesfidedignas.com.mx\/","name":"Fuentes Fidedignas","description":"Otro sitio realizado con WordPress","publisher":{"@id":"https:\/\/fuentesfidedignas.com.mx\/#organization"},"potentialAction":[{"@type":"SearchAction","target":{"@type":"EntryPoint","urlTemplate":"https:\/\/fuentesfidedignas.com.mx\/?s={search_term_string}"},"query-input":{"@type":"PropertyValueSpecification","valueRequired":true,"valueName":"search_term_string"}}],"inLanguage":"es"},{"@type":"Organization","@id":"https:\/\/fuentesfidedignas.com.mx\/#organization","name":"Fuentes Fidedignas","url":"https:\/\/fuentesfidedignas.com.mx\/","logo":{"@type":"ImageObject","inLanguage":"es","@id":"https:\/\/fuentesfidedignas.com.mx\/#\/schema\/logo\/image\/","url":"https:\/\/fuentesfidedignas.com.mx\/wp-content\/uploads\/2021\/04\/logo-retina.png","contentUrl":"https:\/\/fuentesfidedignas.com.mx\/wp-content\/uploads\/2021\/04\/logo-retina.png","width":280,"height":51,"caption":"Fuentes Fidedignas"},"image":{"@id":"https:\/\/fuentesfidedignas.com.mx\/#\/schema\/logo\/image\/"},"sameAs":["https:\/\/www.facebook.com\/Fuentes-Fidedignas-368234489921644","https:\/\/x.com\/fidedignas"]},{"@type":"Person","@id":"https:\/\/fuentesfidedignas.com.mx\/#\/schema\/person\/2c10028b4a30078c05a056a215342ab9","name":"Marissa Palafox","image":{"@type":"ImageObject","inLanguage":"es","@id":"https:\/\/secure.gravatar.com\/avatar\/20a43bdb2f2db10f20b22d4e98b96eb027faf98f7f76d29854dc5fab46d1cf71?s=96&d=mm&r=g","url":"https:\/\/secure.gravatar.com\/avatar\/20a43bdb2f2db10f20b22d4e98b96eb027faf98f7f76d29854dc5fab46d1cf71?s=96&d=mm&r=g","contentUrl":"https:\/\/secure.gravatar.com\/avatar\/20a43bdb2f2db10f20b22d4e98b96eb027faf98f7f76d29854dc5fab46d1cf71?s=96&d=mm&r=g","caption":"Marissa Palafox"},"url":"https:\/\/fuentesfidedignas.com.mx\/index.php\/author\/marissa\/"}]}},"_links":{"self":[{"href":"https:\/\/fuentesfidedignas.com.mx\/index.php\/wp-json\/wp\/v2\/posts\/44339","targetHints":{"allow":["GET"]}}],"collection":[{"href":"https:\/\/fuentesfidedignas.com.mx\/index.php\/wp-json\/wp\/v2\/posts"}],"about":[{"href":"https:\/\/fuentesfidedignas.com.mx\/index.php\/wp-json\/wp\/v2\/types\/post"}],"author":[{"embeddable":true,"href":"https:\/\/fuentesfidedignas.com.mx\/index.php\/wp-json\/wp\/v2\/users\/11"}],"replies":[{"embeddable":true,"href":"https:\/\/fuentesfidedignas.com.mx\/index.php\/wp-json\/wp\/v2\/comments?post=44339"}],"version-history":[{"count":3,"href":"https:\/\/fuentesfidedignas.com.mx\/index.php\/wp-json\/wp\/v2\/posts\/44339\/revisions"}],"predecessor-version":[{"id":44349,"href":"https:\/\/fuentesfidedignas.com.mx\/index.php\/wp-json\/wp\/v2\/posts\/44339\/revisions\/44349"}],"wp:featuredmedia":[{"embeddable":true,"href":"https:\/\/fuentesfidedignas.com.mx\/index.php\/wp-json\/wp\/v2\/media\/44343"}],"wp:attachment":[{"href":"https:\/\/fuentesfidedignas.com.mx\/index.php\/wp-json\/wp\/v2\/media?parent=44339"}],"wp:term":[{"taxonomy":"category","embeddable":true,"href":"https:\/\/fuentesfidedignas.com.mx\/index.php\/wp-json\/wp\/v2\/categories?post=44339"},{"taxonomy":"post_tag","embeddable":true,"href":"https:\/\/fuentesfidedignas.com.mx\/index.php\/wp-json\/wp\/v2\/tags?post=44339"}],"curies":[{"name":"wp","href":"https:\/\/api.w.org\/{rel}","templated":true}]}}