{"id":44316,"date":"2023-04-12T15:35:27","date_gmt":"2023-04-12T21:35:27","guid":{"rendered":"https:\/\/fuentesfidedignas.com.mx\/?p=44316"},"modified":"2023-04-12T15:35:50","modified_gmt":"2023-04-12T21:35:50","slug":"que-se-serene-el-rector-todo-esta-en-su-cabeza-feliciano-castro","status":"publish","type":"post","link":"https:\/\/fuentesfidedignas.com.mx\/index.php\/2023\/04\/12\/que-se-serene-el-rector-todo-esta-en-su-cabeza-feliciano-castro\/","title":{"rendered":"Que se serene el Rector, &#8220;todo est\u00e1 en su cabeza&#8221;: Feliciano Castro"},"content":{"rendered":"\n<p><em><strong>&#8220;Es verdaderamente sorprendente esa imaginaci\u00f3n para construir mundos manipulados&#8221;, dijo el legislador morenista ante el reporte de un intento de detenci\u00f3n de Jes\u00fas Madue\u00f1a Molina<\/strong><\/em><\/p>\n\n\n\n<p>Culiac\u00e1n, Sin.- El Rector de la <strong>Universidad Aut\u00f3noma de Sinaloa<\/strong> debe serenarse, porque el supuesto intento de detenci\u00f3n en d\u00edas pasados fue una mentira y &#8220;<em>s\u00f3lo est\u00e1 en su cabeza<\/em>&#8220;, critic\u00f3 el diputado <strong>Feliciano Castro Mel\u00e9ndrez<\/strong>.<\/p>\n\n\n\n<p><em>&#8220;Yo le har\u00eda una reiterada invitaci\u00f3n al Rector de la universidad, a que se serene y que que evite seguir agraviando con mentiras a la comunidad universitaria y a la sociedad sinaloense. Decir que lo iban a detener y que eso lo oblig\u00f3 a buscar un amparo, eso es una mentira&#8221; que se puede comprobar<\/em>&#8220;, critic\u00f3 el presidente de la <strong>Junta de Coordinaci\u00f3n Pol\u00edtica del Congreso.<\/strong><\/p>\n\n\n\n<p>&#8220;<em>Es verdaderamente sorprendente esa imaginaci\u00f3n para construir mundos manipulados. Eso es un agravio a Sinaloa&#8230; es un mundo que s\u00f3lo existe en su cabeza<\/em>&#8220;, a\u00f1adi\u00f3 el legislador morenista.<\/p>\n\n\n\n<p>Feliciano Castro dijo que de tratarse de una mentira el hecho que report\u00f3<strong> Jes\u00fas Madue\u00f1a Molina<\/strong>, sobre el supuesto intento de detenci\u00f3n en el que se involucraron elementos de diversas corporaciones policiacas, podr\u00eda estar cometiendo un delito al falsear informaci\u00f3n ante una autoridad.<\/p>\n\n\n\n<iframe loading=\"lazy\" src=\"https:\/\/www.facebook.com\/plugins\/video.php?height=314&#038;href=https%3A%2F%2Fwww.facebook.com%2F368234489921644%2Fvideos%2F611260217703863%2F&#038;show_text=false&#038;width=560&#038;t=0\" width=\"560\" height=\"314\" style=\"border:none;overflow:hidden\" scrolling=\"no\" frameborder=\"0\" allowfullscreen=\"true\" allow=\"autoplay; clipboard-write; encrypted-media; picture-in-picture; web-share\" allowFullScreen=\"true\"><\/iframe>\n\n\n\n<p><\/p>\n","protected":false},"excerpt":{"rendered":"<p>&#8220;Es verdaderamente sorprendente esa imaginaci\u00f3n para construir mundos manipulados&#8221;, dijo el legislador morenista ante el reporte de un intento de detenci\u00f3n de Jes\u00fas Madue\u00f1a Molina Culiac\u00e1n, Sin.- El Rector de la Universidad Aut\u00f3noma de Sinaloa debe serenarse, porque el supuesto intento de detenci\u00f3n en d\u00edas pasados fue una mentira y &#8220;s\u00f3lo est\u00e1 en su cabeza&#8220;, [&hellip;]<\/p>\n","protected":false},"author":11,"featured_media":44317,"comment_status":"open","ping_status":"open","sticky":false,"template":"","format":"standard","meta":{"tdm_status":"","tdm_grid_status":"","footnotes":""},"categories":[37],"tags":[],"class_list":{"0":"post-44316","1":"post","2":"type-post","3":"status-publish","4":"format-standard","5":"has-post-thumbnail","7":"category-nota-principal"},"yoast_head":"<!-- This site is optimized with the Yoast SEO plugin v27.5 - https:\/\/yoast.com\/product\/yoast-seo-wordpress\/ -->\n<title>Que se serene el Rector, &quot;todo est\u00e1 en su cabeza&quot;: Feliciano Castro - Fuentes Fidedignas<\/title>\n<meta name=\"robots\" content=\"index, follow, max-snippet:-1, max-image-preview:large, max-video-preview:-1\" \/>\n<link rel=\"canonical\" href=\"https:\/\/fuentesfidedignas.com.mx\/index.php\/2023\/04\/12\/que-se-serene-el-rector-todo-esta-en-su-cabeza-feliciano-castro\/\" \/>\n<meta property=\"og:locale\" content=\"es_MX\" \/>\n<meta property=\"og:type\" content=\"article\" \/>\n<meta property=\"og:title\" content=\"Que se serene el Rector, &quot;todo est\u00e1 en su cabeza&quot;: Feliciano Castro - Fuentes Fidedignas\" \/>\n<meta property=\"og:description\" content=\"&#8220;Es verdaderamente sorprendente esa imaginaci\u00f3n para construir mundos manipulados&#8221;, dijo el legislador morenista ante el reporte de un intento de detenci\u00f3n de Jes\u00fas Madue\u00f1a Molina Culiac\u00e1n, Sin.- El Rector de la Universidad Aut\u00f3noma de Sinaloa debe serenarse, porque el supuesto intento de detenci\u00f3n en d\u00edas pasados fue una mentira y &#8220;s\u00f3lo est\u00e1 en su cabeza&#8220;, [&hellip;]\" \/>\n<meta property=\"og:url\" content=\"https:\/\/fuentesfidedignas.com.mx\/index.php\/2023\/04\/12\/que-se-serene-el-rector-todo-esta-en-su-cabeza-feliciano-castro\/\" \/>\n<meta property=\"og:site_name\" content=\"Fuentes Fidedignas\" \/>\n<meta property=\"article:publisher\" content=\"https:\/\/www.facebook.com\/Fuentes-Fidedignas-368234489921644\" \/>\n<meta property=\"article:published_time\" content=\"2023-04-12T21:35:27+00:00\" \/>\n<meta property=\"article:modified_time\" content=\"2023-04-12T21:35:50+00:00\" \/>\n<meta property=\"og:image\" content=\"https:\/\/fuentesfidedignas.com.mx\/wp-content\/uploads\/2023\/04\/mund.jpg\" \/>\n\t<meta property=\"og:image:width\" content=\"1280\" \/>\n\t<meta property=\"og:image:height\" content=\"725\" \/>\n\t<meta property=\"og:image:type\" content=\"image\/jpeg\" \/>\n<meta name=\"author\" content=\"Marissa Palafox\" \/>\n<meta name=\"twitter:card\" content=\"summary_large_image\" \/>\n<meta name=\"twitter:creator\" content=\"@fidedignas\" \/>\n<meta name=\"twitter:site\" content=\"@fidedignas\" \/>\n<meta name=\"twitter:label1\" content=\"Escrito por\" \/>\n\t<meta name=\"twitter:data1\" content=\"Marissa Palafox\" \/>\n\t<meta name=\"twitter:label2\" content=\"Tiempo de lectura\" \/>\n\t<meta name=\"twitter:data2\" content=\"1 minuto\" \/>\n<script type=\"application\/ld+json\" class=\"yoast-schema-graph\">{\"@context\":\"https:\\\/\\\/schema.org\",\"@graph\":[{\"@type\":\"Article\",\"@id\":\"https:\\\/\\\/fuentesfidedignas.com.mx\\\/index.php\\\/2023\\\/04\\\/12\\\/que-se-serene-el-rector-todo-esta-en-su-cabeza-feliciano-castro\\\/#article\",\"isPartOf\":{\"@id\":\"https:\\\/\\\/fuentesfidedignas.com.mx\\\/index.php\\\/2023\\\/04\\\/12\\\/que-se-serene-el-rector-todo-esta-en-su-cabeza-feliciano-castro\\\/\"},\"author\":{\"name\":\"Marissa Palafox\",\"@id\":\"https:\\\/\\\/fuentesfidedignas.com.mx\\\/#\\\/schema\\\/person\\\/2c10028b4a30078c05a056a215342ab9\"},\"headline\":\"Que se serene el Rector, &#8220;todo est\u00e1 en su cabeza&#8221;: Feliciano Castro\",\"datePublished\":\"2023-04-12T21:35:27+00:00\",\"dateModified\":\"2023-04-12T21:35:50+00:00\",\"mainEntityOfPage\":{\"@id\":\"https:\\\/\\\/fuentesfidedignas.com.mx\\\/index.php\\\/2023\\\/04\\\/12\\\/que-se-serene-el-rector-todo-esta-en-su-cabeza-feliciano-castro\\\/\"},\"wordCount\":233,\"commentCount\":0,\"publisher\":{\"@id\":\"https:\\\/\\\/fuentesfidedignas.com.mx\\\/#organization\"},\"image\":{\"@id\":\"https:\\\/\\\/fuentesfidedignas.com.mx\\\/index.php\\\/2023\\\/04\\\/12\\\/que-se-serene-el-rector-todo-esta-en-su-cabeza-feliciano-castro\\\/#primaryimage\"},\"thumbnailUrl\":\"https:\\\/\\\/fuentesfidedignas.com.mx\\\/wp-content\\\/uploads\\\/2023\\\/04\\\/mund.jpg\",\"articleSection\":[\"NOTA PRINCIPAL\"],\"inLanguage\":\"es\",\"potentialAction\":[{\"@type\":\"CommentAction\",\"name\":\"Comment\",\"target\":[\"https:\\\/\\\/fuentesfidedignas.com.mx\\\/index.php\\\/2023\\\/04\\\/12\\\/que-se-serene-el-rector-todo-esta-en-su-cabeza-feliciano-castro\\\/#respond\"]}]},{\"@type\":\"WebPage\",\"@id\":\"https:\\\/\\\/fuentesfidedignas.com.mx\\\/index.php\\\/2023\\\/04\\\/12\\\/que-se-serene-el-rector-todo-esta-en-su-cabeza-feliciano-castro\\\/\",\"url\":\"https:\\\/\\\/fuentesfidedignas.com.mx\\\/index.php\\\/2023\\\/04\\\/12\\\/que-se-serene-el-rector-todo-esta-en-su-cabeza-feliciano-castro\\\/\",\"name\":\"Que se serene el Rector, \\\"todo est\u00e1 en su cabeza\\\": Feliciano Castro - Fuentes Fidedignas\",\"isPartOf\":{\"@id\":\"https:\\\/\\\/fuentesfidedignas.com.mx\\\/#website\"},\"primaryImageOfPage\":{\"@id\":\"https:\\\/\\\/fuentesfidedignas.com.mx\\\/index.php\\\/2023\\\/04\\\/12\\\/que-se-serene-el-rector-todo-esta-en-su-cabeza-feliciano-castro\\\/#primaryimage\"},\"image\":{\"@id\":\"https:\\\/\\\/fuentesfidedignas.com.mx\\\/index.php\\\/2023\\\/04\\\/12\\\/que-se-serene-el-rector-todo-esta-en-su-cabeza-feliciano-castro\\\/#primaryimage\"},\"thumbnailUrl\":\"https:\\\/\\\/fuentesfidedignas.com.mx\\\/wp-content\\\/uploads\\\/2023\\\/04\\\/mund.jpg\",\"datePublished\":\"2023-04-12T21:35:27+00:00\",\"dateModified\":\"2023-04-12T21:35:50+00:00\",\"breadcrumb\":{\"@id\":\"https:\\\/\\\/fuentesfidedignas.com.mx\\\/index.php\\\/2023\\\/04\\\/12\\\/que-se-serene-el-rector-todo-esta-en-su-cabeza-feliciano-castro\\\/#breadcrumb\"},\"inLanguage\":\"es\",\"potentialAction\":[{\"@type\":\"ReadAction\",\"target\":[\"https:\\\/\\\/fuentesfidedignas.com.mx\\\/index.php\\\/2023\\\/04\\\/12\\\/que-se-serene-el-rector-todo-esta-en-su-cabeza-feliciano-castro\\\/\"]}]},{\"@type\":\"ImageObject\",\"inLanguage\":\"es\",\"@id\":\"https:\\\/\\\/fuentesfidedignas.com.mx\\\/index.php\\\/2023\\\/04\\\/12\\\/que-se-serene-el-rector-todo-esta-en-su-cabeza-feliciano-castro\\\/#primaryimage\",\"url\":\"https:\\\/\\\/fuentesfidedignas.com.mx\\\/wp-content\\\/uploads\\\/2023\\\/04\\\/mund.jpg\",\"contentUrl\":\"https:\\\/\\\/fuentesfidedignas.com.mx\\\/wp-content\\\/uploads\\\/2023\\\/04\\\/mund.jpg\",\"width\":1280,\"height\":725},{\"@type\":\"BreadcrumbList\",\"@id\":\"https:\\\/\\\/fuentesfidedignas.com.mx\\\/index.php\\\/2023\\\/04\\\/12\\\/que-se-serene-el-rector-todo-esta-en-su-cabeza-feliciano-castro\\\/#breadcrumb\",\"itemListElement\":[{\"@type\":\"ListItem\",\"position\":1,\"name\":\"Inicio\",\"item\":\"https:\\\/\\\/fuentesfidedignas.com.mx\\\/\"},{\"@type\":\"ListItem\",\"position\":2,\"name\":\"Que se serene el Rector, &#8220;todo est\u00e1 en su cabeza&#8221;: Feliciano Castro\"}]},{\"@type\":\"WebSite\",\"@id\":\"https:\\\/\\\/fuentesfidedignas.com.mx\\\/#website\",\"url\":\"https:\\\/\\\/fuentesfidedignas.com.mx\\\/\",\"name\":\"Fuentes Fidedignas\",\"description\":\"Otro sitio realizado con WordPress\",\"publisher\":{\"@id\":\"https:\\\/\\\/fuentesfidedignas.com.mx\\\/#organization\"},\"potentialAction\":[{\"@type\":\"SearchAction\",\"target\":{\"@type\":\"EntryPoint\",\"urlTemplate\":\"https:\\\/\\\/fuentesfidedignas.com.mx\\\/?s={search_term_string}\"},\"query-input\":{\"@type\":\"PropertyValueSpecification\",\"valueRequired\":true,\"valueName\":\"search_term_string\"}}],\"inLanguage\":\"es\"},{\"@type\":\"Organization\",\"@id\":\"https:\\\/\\\/fuentesfidedignas.com.mx\\\/#organization\",\"name\":\"Fuentes Fidedignas\",\"url\":\"https:\\\/\\\/fuentesfidedignas.com.mx\\\/\",\"logo\":{\"@type\":\"ImageObject\",\"inLanguage\":\"es\",\"@id\":\"https:\\\/\\\/fuentesfidedignas.com.mx\\\/#\\\/schema\\\/logo\\\/image\\\/\",\"url\":\"https:\\\/\\\/fuentesfidedignas.com.mx\\\/wp-content\\\/uploads\\\/2021\\\/04\\\/logo-retina.png\",\"contentUrl\":\"https:\\\/\\\/fuentesfidedignas.com.mx\\\/wp-content\\\/uploads\\\/2021\\\/04\\\/logo-retina.png\",\"width\":280,\"height\":51,\"caption\":\"Fuentes Fidedignas\"},\"image\":{\"@id\":\"https:\\\/\\\/fuentesfidedignas.com.mx\\\/#\\\/schema\\\/logo\\\/image\\\/\"},\"sameAs\":[\"https:\\\/\\\/www.facebook.com\\\/Fuentes-Fidedignas-368234489921644\",\"https:\\\/\\\/x.com\\\/fidedignas\"]},{\"@type\":\"Person\",\"@id\":\"https:\\\/\\\/fuentesfidedignas.com.mx\\\/#\\\/schema\\\/person\\\/2c10028b4a30078c05a056a215342ab9\",\"name\":\"Marissa Palafox\",\"image\":{\"@type\":\"ImageObject\",\"inLanguage\":\"es\",\"@id\":\"https:\\\/\\\/secure.gravatar.com\\\/avatar\\\/20a43bdb2f2db10f20b22d4e98b96eb027faf98f7f76d29854dc5fab46d1cf71?s=96&d=mm&r=g\",\"url\":\"https:\\\/\\\/secure.gravatar.com\\\/avatar\\\/20a43bdb2f2db10f20b22d4e98b96eb027faf98f7f76d29854dc5fab46d1cf71?s=96&d=mm&r=g\",\"contentUrl\":\"https:\\\/\\\/secure.gravatar.com\\\/avatar\\\/20a43bdb2f2db10f20b22d4e98b96eb027faf98f7f76d29854dc5fab46d1cf71?s=96&d=mm&r=g\",\"caption\":\"Marissa Palafox\"},\"url\":\"https:\\\/\\\/fuentesfidedignas.com.mx\\\/index.php\\\/author\\\/marissa\\\/\"}]}<\/script>\n<!-- \/ Yoast SEO plugin. -->","yoast_head_json":{"title":"Que se serene el Rector, \"todo est\u00e1 en su cabeza\": Feliciano Castro - Fuentes Fidedignas","robots":{"index":"index","follow":"follow","max-snippet":"max-snippet:-1","max-image-preview":"max-image-preview:large","max-video-preview":"max-video-preview:-1"},"canonical":"https:\/\/fuentesfidedignas.com.mx\/index.php\/2023\/04\/12\/que-se-serene-el-rector-todo-esta-en-su-cabeza-feliciano-castro\/","og_locale":"es_MX","og_type":"article","og_title":"Que se serene el Rector, \"todo est\u00e1 en su cabeza\": Feliciano Castro - Fuentes Fidedignas","og_description":"&#8220;Es verdaderamente sorprendente esa imaginaci\u00f3n para construir mundos manipulados&#8221;, dijo el legislador morenista ante el reporte de un intento de detenci\u00f3n de Jes\u00fas Madue\u00f1a Molina Culiac\u00e1n, Sin.- El Rector de la Universidad Aut\u00f3noma de Sinaloa debe serenarse, porque el supuesto intento de detenci\u00f3n en d\u00edas pasados fue una mentira y &#8220;s\u00f3lo est\u00e1 en su cabeza&#8220;, [&hellip;]","og_url":"https:\/\/fuentesfidedignas.com.mx\/index.php\/2023\/04\/12\/que-se-serene-el-rector-todo-esta-en-su-cabeza-feliciano-castro\/","og_site_name":"Fuentes Fidedignas","article_publisher":"https:\/\/www.facebook.com\/Fuentes-Fidedignas-368234489921644","article_published_time":"2023-04-12T21:35:27+00:00","article_modified_time":"2023-04-12T21:35:50+00:00","og_image":[{"width":1280,"height":725,"url":"https:\/\/fuentesfidedignas.com.mx\/wp-content\/uploads\/2023\/04\/mund.jpg","type":"image\/jpeg"}],"author":"Marissa Palafox","twitter_card":"summary_large_image","twitter_creator":"@fidedignas","twitter_site":"@fidedignas","twitter_misc":{"Escrito por":"Marissa Palafox","Tiempo de lectura":"1 minuto"},"schema":{"@context":"https:\/\/schema.org","@graph":[{"@type":"Article","@id":"https:\/\/fuentesfidedignas.com.mx\/index.php\/2023\/04\/12\/que-se-serene-el-rector-todo-esta-en-su-cabeza-feliciano-castro\/#article","isPartOf":{"@id":"https:\/\/fuentesfidedignas.com.mx\/index.php\/2023\/04\/12\/que-se-serene-el-rector-todo-esta-en-su-cabeza-feliciano-castro\/"},"author":{"name":"Marissa Palafox","@id":"https:\/\/fuentesfidedignas.com.mx\/#\/schema\/person\/2c10028b4a30078c05a056a215342ab9"},"headline":"Que se serene el Rector, &#8220;todo est\u00e1 en su cabeza&#8221;: Feliciano Castro","datePublished":"2023-04-12T21:35:27+00:00","dateModified":"2023-04-12T21:35:50+00:00","mainEntityOfPage":{"@id":"https:\/\/fuentesfidedignas.com.mx\/index.php\/2023\/04\/12\/que-se-serene-el-rector-todo-esta-en-su-cabeza-feliciano-castro\/"},"wordCount":233,"commentCount":0,"publisher":{"@id":"https:\/\/fuentesfidedignas.com.mx\/#organization"},"image":{"@id":"https:\/\/fuentesfidedignas.com.mx\/index.php\/2023\/04\/12\/que-se-serene-el-rector-todo-esta-en-su-cabeza-feliciano-castro\/#primaryimage"},"thumbnailUrl":"https:\/\/fuentesfidedignas.com.mx\/wp-content\/uploads\/2023\/04\/mund.jpg","articleSection":["NOTA PRINCIPAL"],"inLanguage":"es","potentialAction":[{"@type":"CommentAction","name":"Comment","target":["https:\/\/fuentesfidedignas.com.mx\/index.php\/2023\/04\/12\/que-se-serene-el-rector-todo-esta-en-su-cabeza-feliciano-castro\/#respond"]}]},{"@type":"WebPage","@id":"https:\/\/fuentesfidedignas.com.mx\/index.php\/2023\/04\/12\/que-se-serene-el-rector-todo-esta-en-su-cabeza-feliciano-castro\/","url":"https:\/\/fuentesfidedignas.com.mx\/index.php\/2023\/04\/12\/que-se-serene-el-rector-todo-esta-en-su-cabeza-feliciano-castro\/","name":"Que se serene el Rector, \"todo est\u00e1 en su cabeza\": Feliciano Castro - Fuentes Fidedignas","isPartOf":{"@id":"https:\/\/fuentesfidedignas.com.mx\/#website"},"primaryImageOfPage":{"@id":"https:\/\/fuentesfidedignas.com.mx\/index.php\/2023\/04\/12\/que-se-serene-el-rector-todo-esta-en-su-cabeza-feliciano-castro\/#primaryimage"},"image":{"@id":"https:\/\/fuentesfidedignas.com.mx\/index.php\/2023\/04\/12\/que-se-serene-el-rector-todo-esta-en-su-cabeza-feliciano-castro\/#primaryimage"},"thumbnailUrl":"https:\/\/fuentesfidedignas.com.mx\/wp-content\/uploads\/2023\/04\/mund.jpg","datePublished":"2023-04-12T21:35:27+00:00","dateModified":"2023-04-12T21:35:50+00:00","breadcrumb":{"@id":"https:\/\/fuentesfidedignas.com.mx\/index.php\/2023\/04\/12\/que-se-serene-el-rector-todo-esta-en-su-cabeza-feliciano-castro\/#breadcrumb"},"inLanguage":"es","potentialAction":[{"@type":"ReadAction","target":["https:\/\/fuentesfidedignas.com.mx\/index.php\/2023\/04\/12\/que-se-serene-el-rector-todo-esta-en-su-cabeza-feliciano-castro\/"]}]},{"@type":"ImageObject","inLanguage":"es","@id":"https:\/\/fuentesfidedignas.com.mx\/index.php\/2023\/04\/12\/que-se-serene-el-rector-todo-esta-en-su-cabeza-feliciano-castro\/#primaryimage","url":"https:\/\/fuentesfidedignas.com.mx\/wp-content\/uploads\/2023\/04\/mund.jpg","contentUrl":"https:\/\/fuentesfidedignas.com.mx\/wp-content\/uploads\/2023\/04\/mund.jpg","width":1280,"height":725},{"@type":"BreadcrumbList","@id":"https:\/\/fuentesfidedignas.com.mx\/index.php\/2023\/04\/12\/que-se-serene-el-rector-todo-esta-en-su-cabeza-feliciano-castro\/#breadcrumb","itemListElement":[{"@type":"ListItem","position":1,"name":"Inicio","item":"https:\/\/fuentesfidedignas.com.mx\/"},{"@type":"ListItem","position":2,"name":"Que se serene el Rector, &#8220;todo est\u00e1 en su cabeza&#8221;: Feliciano Castro"}]},{"@type":"WebSite","@id":"https:\/\/fuentesfidedignas.com.mx\/#website","url":"https:\/\/fuentesfidedignas.com.mx\/","name":"Fuentes Fidedignas","description":"Otro sitio realizado con WordPress","publisher":{"@id":"https:\/\/fuentesfidedignas.com.mx\/#organization"},"potentialAction":[{"@type":"SearchAction","target":{"@type":"EntryPoint","urlTemplate":"https:\/\/fuentesfidedignas.com.mx\/?s={search_term_string}"},"query-input":{"@type":"PropertyValueSpecification","valueRequired":true,"valueName":"search_term_string"}}],"inLanguage":"es"},{"@type":"Organization","@id":"https:\/\/fuentesfidedignas.com.mx\/#organization","name":"Fuentes Fidedignas","url":"https:\/\/fuentesfidedignas.com.mx\/","logo":{"@type":"ImageObject","inLanguage":"es","@id":"https:\/\/fuentesfidedignas.com.mx\/#\/schema\/logo\/image\/","url":"https:\/\/fuentesfidedignas.com.mx\/wp-content\/uploads\/2021\/04\/logo-retina.png","contentUrl":"https:\/\/fuentesfidedignas.com.mx\/wp-content\/uploads\/2021\/04\/logo-retina.png","width":280,"height":51,"caption":"Fuentes Fidedignas"},"image":{"@id":"https:\/\/fuentesfidedignas.com.mx\/#\/schema\/logo\/image\/"},"sameAs":["https:\/\/www.facebook.com\/Fuentes-Fidedignas-368234489921644","https:\/\/x.com\/fidedignas"]},{"@type":"Person","@id":"https:\/\/fuentesfidedignas.com.mx\/#\/schema\/person\/2c10028b4a30078c05a056a215342ab9","name":"Marissa Palafox","image":{"@type":"ImageObject","inLanguage":"es","@id":"https:\/\/secure.gravatar.com\/avatar\/20a43bdb2f2db10f20b22d4e98b96eb027faf98f7f76d29854dc5fab46d1cf71?s=96&d=mm&r=g","url":"https:\/\/secure.gravatar.com\/avatar\/20a43bdb2f2db10f20b22d4e98b96eb027faf98f7f76d29854dc5fab46d1cf71?s=96&d=mm&r=g","contentUrl":"https:\/\/secure.gravatar.com\/avatar\/20a43bdb2f2db10f20b22d4e98b96eb027faf98f7f76d29854dc5fab46d1cf71?s=96&d=mm&r=g","caption":"Marissa Palafox"},"url":"https:\/\/fuentesfidedignas.com.mx\/index.php\/author\/marissa\/"}]}},"_links":{"self":[{"href":"https:\/\/fuentesfidedignas.com.mx\/index.php\/wp-json\/wp\/v2\/posts\/44316","targetHints":{"allow":["GET"]}}],"collection":[{"href":"https:\/\/fuentesfidedignas.com.mx\/index.php\/wp-json\/wp\/v2\/posts"}],"about":[{"href":"https:\/\/fuentesfidedignas.com.mx\/index.php\/wp-json\/wp\/v2\/types\/post"}],"author":[{"embeddable":true,"href":"https:\/\/fuentesfidedignas.com.mx\/index.php\/wp-json\/wp\/v2\/users\/11"}],"replies":[{"embeddable":true,"href":"https:\/\/fuentesfidedignas.com.mx\/index.php\/wp-json\/wp\/v2\/comments?post=44316"}],"version-history":[{"count":2,"href":"https:\/\/fuentesfidedignas.com.mx\/index.php\/wp-json\/wp\/v2\/posts\/44316\/revisions"}],"predecessor-version":[{"id":44320,"href":"https:\/\/fuentesfidedignas.com.mx\/index.php\/wp-json\/wp\/v2\/posts\/44316\/revisions\/44320"}],"wp:featuredmedia":[{"embeddable":true,"href":"https:\/\/fuentesfidedignas.com.mx\/index.php\/wp-json\/wp\/v2\/media\/44317"}],"wp:attachment":[{"href":"https:\/\/fuentesfidedignas.com.mx\/index.php\/wp-json\/wp\/v2\/media?parent=44316"}],"wp:term":[{"taxonomy":"category","embeddable":true,"href":"https:\/\/fuentesfidedignas.com.mx\/index.php\/wp-json\/wp\/v2\/categories?post=44316"},{"taxonomy":"post_tag","embeddable":true,"href":"https:\/\/fuentesfidedignas.com.mx\/index.php\/wp-json\/wp\/v2\/tags?post=44316"}],"curies":[{"name":"wp","href":"https:\/\/api.w.org\/{rel}","templated":true}]}}