{"id":44297,"date":"2023-04-12T14:07:36","date_gmt":"2023-04-12T20:07:36","guid":{"rendered":"https:\/\/fuentesfidedignas.com.mx\/?p=44297"},"modified":"2023-04-12T14:27:58","modified_gmt":"2023-04-12T20:27:58","slug":"tribunal-rechaza-queja-del-congreso-pero-no-impide-que-reforme-ley-organica-uas","status":"publish","type":"post","link":"https:\/\/fuentesfidedignas.com.mx\/index.php\/2023\/04\/12\/tribunal-rechaza-queja-del-congreso-pero-no-impide-que-reforme-ley-organica-uas\/","title":{"rendered":"Tribunal rechaza queja del Congreso contra suspensi\u00f3n de Ley de Educaci\u00f3n Superior"},"content":{"rendered":"\n<p><strong><em>EL Poder Legislativo ha presentado 35 recursos legales contra la suspensi\u00f3n definitiva que otorg\u00f3 un juez contra la Ley de Educaci\u00f3n Superior del Estado de Sinaloa<\/em><\/strong><\/p>\n\n\n\n<p>Culiac\u00e1n, Sin.- El Tribunal Colegiado rechaz\u00f3 una queja interpuesta por el <strong>Congreso del Estado de Sinaloa<\/strong>, ante la suspensi\u00f3n definitiva que otorg\u00f3 un juez a la <strong>Universidad Aut\u00f3noma de Sinaloa<\/strong> (UAS) contra la <strong>Ley de Educaci\u00f3n Superior del Estado de Sinaloa<\/strong>, pero esto no impide que el Poder Legislativo reforme la Ley Org\u00e1nica de la Universidad.<\/p>\n\n\n\n<p>As\u00ed se confirm\u00f3 por parte del presidente la Junta de Coordinaci\u00f3n Pol\u00edtica del Estado, <strong>Feliciano Castro Mel\u00e9ndrez<\/strong>, quien detall\u00f3 que el Congreso ya fue notificado por parte del Poder Judicial sobre el rechazo a una de las 35 quejas presentadas, y esto podr\u00eda ser una tendencia para el resto de ellas.<\/p>\n\n\n\n<iframe loading=\"lazy\" src=\"https:\/\/www.facebook.com\/plugins\/video.php?height=314&#038;href=https%3A%2F%2Fwww.facebook.com%2F368234489921644%2Fvideos%2F611260217703863%2F&#038;show_text=false&#038;width=560&#038;t=0\" width=\"560\" height=\"314\" style=\"border:none;overflow:hidden\" scrolling=\"no\" frameborder=\"0\" allowfullscreen=\"true\" allow=\"autoplay; clipboard-write; encrypted-media; picture-in-picture; web-share\" allowFullScreen=\"true\"><\/iframe>\n\n\n\n<p>El diputado morenista se\u00f1al\u00f3 que se est\u00e1 a la espera de la resoluci\u00f3n del resto de las quejas y se agote el procedimiento legal, esto hace que por el momento est\u00e9 suspendido el proceso de la reforma a la ley org\u00e1nica de la <strong>Casa Rosalina<\/strong>. Sin embargo, estos hechos no son determinantes para detener definitivamente los trabajos para modificar legislaci\u00f3n que rige a la universidad.<\/p>\n\n\n\n<p>Cabe detallar que la sentencia del<strong> Segundo Tribunal Colegiado en Materia Administrativa del D\u00e9cimo Segundo Circuito<\/strong>, con sede en Mazatl\u00e1n, resuelve s\u00f3lo el recurso de queja N\u00famero 65\/2023 interpuesto por el Congreso del Estado en contra de la suspensi\u00f3n provisional otorgada a un Consejero Universitario por el Juez Octavo de Distrito.<\/p>\n\n\n\n<figure class=\"wp-block-image size-full\"><img decoding=\"async\" width=\"901\" height=\"1600\" src=\"https:\/\/fuentesfidedignas.com.mx\/wp-content\/uploads\/2023\/04\/queja.jpg\" alt=\"\" class=\"wp-image-44299\"\/><\/figure>\n","protected":false},"excerpt":{"rendered":"<p>EL Poder Legislativo ha presentado 35 recursos legales contra la suspensi\u00f3n definitiva que otorg\u00f3 un juez contra la Ley de Educaci\u00f3n Superior del Estado de Sinaloa Culiac\u00e1n, Sin.- El Tribunal Colegiado rechaz\u00f3 una queja interpuesta por el Congreso del Estado de Sinaloa, ante la suspensi\u00f3n definitiva que otorg\u00f3 un juez a la Universidad Aut\u00f3noma de [&hellip;]<\/p>\n","protected":false},"author":11,"featured_media":44298,"comment_status":"open","ping_status":"open","sticky":false,"template":"","format":"standard","meta":{"tdm_status":"","tdm_grid_status":"","footnotes":""},"categories":[37],"tags":[],"class_list":{"0":"post-44297","1":"post","2":"type-post","3":"status-publish","4":"format-standard","5":"has-post-thumbnail","7":"category-nota-principal"},"yoast_head":"<!-- This site is optimized with the Yoast SEO plugin v27.5 - https:\/\/yoast.com\/product\/yoast-seo-wordpress\/ -->\n<title>Tribunal rechaza queja del Congreso contra suspensi\u00f3n de Ley de Educaci\u00f3n Superior - Fuentes Fidedignas<\/title>\n<meta name=\"robots\" content=\"index, follow, max-snippet:-1, max-image-preview:large, max-video-preview:-1\" \/>\n<link rel=\"canonical\" href=\"https:\/\/fuentesfidedignas.com.mx\/index.php\/2023\/04\/12\/tribunal-rechaza-queja-del-congreso-pero-no-impide-que-reforme-ley-organica-uas\/\" \/>\n<meta property=\"og:locale\" content=\"es_MX\" \/>\n<meta property=\"og:type\" content=\"article\" \/>\n<meta property=\"og:title\" content=\"Tribunal rechaza queja del Congreso contra suspensi\u00f3n de Ley de Educaci\u00f3n Superior - Fuentes Fidedignas\" \/>\n<meta property=\"og:description\" content=\"EL Poder Legislativo ha presentado 35 recursos legales contra la suspensi\u00f3n definitiva que otorg\u00f3 un juez contra la Ley de Educaci\u00f3n Superior del Estado de Sinaloa Culiac\u00e1n, Sin.- El Tribunal Colegiado rechaz\u00f3 una queja interpuesta por el Congreso del Estado de Sinaloa, ante la suspensi\u00f3n definitiva que otorg\u00f3 un juez a la Universidad Aut\u00f3noma de [&hellip;]\" \/>\n<meta property=\"og:url\" content=\"https:\/\/fuentesfidedignas.com.mx\/index.php\/2023\/04\/12\/tribunal-rechaza-queja-del-congreso-pero-no-impide-que-reforme-ley-organica-uas\/\" \/>\n<meta property=\"og:site_name\" content=\"Fuentes Fidedignas\" \/>\n<meta property=\"article:publisher\" content=\"https:\/\/www.facebook.com\/Fuentes-Fidedignas-368234489921644\" \/>\n<meta property=\"article:published_time\" content=\"2023-04-12T20:07:36+00:00\" \/>\n<meta property=\"article:modified_time\" content=\"2023-04-12T20:27:58+00:00\" \/>\n<meta property=\"og:image\" content=\"https:\/\/fuentesfidedignas.com.mx\/wp-content\/uploads\/2023\/04\/palacio-legislativc.jpg\" \/>\n\t<meta property=\"og:image:width\" content=\"1600\" \/>\n\t<meta property=\"og:image:height\" content=\"1066\" \/>\n\t<meta property=\"og:image:type\" content=\"image\/jpeg\" \/>\n<meta name=\"author\" content=\"Marissa Palafox\" \/>\n<meta name=\"twitter:card\" content=\"summary_large_image\" \/>\n<meta name=\"twitter:creator\" content=\"@fidedignas\" \/>\n<meta name=\"twitter:site\" content=\"@fidedignas\" \/>\n<meta name=\"twitter:label1\" content=\"Escrito por\" \/>\n\t<meta name=\"twitter:data1\" content=\"Marissa Palafox\" \/>\n\t<meta name=\"twitter:label2\" content=\"Tiempo de lectura\" \/>\n\t<meta name=\"twitter:data2\" content=\"2 minutos\" \/>\n<script type=\"application\/ld+json\" class=\"yoast-schema-graph\">{\"@context\":\"https:\\\/\\\/schema.org\",\"@graph\":[{\"@type\":\"Article\",\"@id\":\"https:\\\/\\\/fuentesfidedignas.com.mx\\\/index.php\\\/2023\\\/04\\\/12\\\/tribunal-rechaza-queja-del-congreso-pero-no-impide-que-reforme-ley-organica-uas\\\/#article\",\"isPartOf\":{\"@id\":\"https:\\\/\\\/fuentesfidedignas.com.mx\\\/index.php\\\/2023\\\/04\\\/12\\\/tribunal-rechaza-queja-del-congreso-pero-no-impide-que-reforme-ley-organica-uas\\\/\"},\"author\":{\"name\":\"Marissa Palafox\",\"@id\":\"https:\\\/\\\/fuentesfidedignas.com.mx\\\/#\\\/schema\\\/person\\\/2c10028b4a30078c05a056a215342ab9\"},\"headline\":\"Tribunal rechaza queja del Congreso contra suspensi\u00f3n de Ley de Educaci\u00f3n Superior\",\"datePublished\":\"2023-04-12T20:07:36+00:00\",\"dateModified\":\"2023-04-12T20:27:58+00:00\",\"mainEntityOfPage\":{\"@id\":\"https:\\\/\\\/fuentesfidedignas.com.mx\\\/index.php\\\/2023\\\/04\\\/12\\\/tribunal-rechaza-queja-del-congreso-pero-no-impide-que-reforme-ley-organica-uas\\\/\"},\"wordCount\":281,\"commentCount\":0,\"publisher\":{\"@id\":\"https:\\\/\\\/fuentesfidedignas.com.mx\\\/#organization\"},\"image\":{\"@id\":\"https:\\\/\\\/fuentesfidedignas.com.mx\\\/index.php\\\/2023\\\/04\\\/12\\\/tribunal-rechaza-queja-del-congreso-pero-no-impide-que-reforme-ley-organica-uas\\\/#primaryimage\"},\"thumbnailUrl\":\"https:\\\/\\\/fuentesfidedignas.com.mx\\\/wp-content\\\/uploads\\\/2023\\\/04\\\/palacio-legislativc.jpg\",\"articleSection\":[\"NOTA PRINCIPAL\"],\"inLanguage\":\"es\",\"potentialAction\":[{\"@type\":\"CommentAction\",\"name\":\"Comment\",\"target\":[\"https:\\\/\\\/fuentesfidedignas.com.mx\\\/index.php\\\/2023\\\/04\\\/12\\\/tribunal-rechaza-queja-del-congreso-pero-no-impide-que-reforme-ley-organica-uas\\\/#respond\"]}]},{\"@type\":\"WebPage\",\"@id\":\"https:\\\/\\\/fuentesfidedignas.com.mx\\\/index.php\\\/2023\\\/04\\\/12\\\/tribunal-rechaza-queja-del-congreso-pero-no-impide-que-reforme-ley-organica-uas\\\/\",\"url\":\"https:\\\/\\\/fuentesfidedignas.com.mx\\\/index.php\\\/2023\\\/04\\\/12\\\/tribunal-rechaza-queja-del-congreso-pero-no-impide-que-reforme-ley-organica-uas\\\/\",\"name\":\"Tribunal rechaza queja del Congreso contra suspensi\u00f3n de Ley de Educaci\u00f3n Superior - Fuentes Fidedignas\",\"isPartOf\":{\"@id\":\"https:\\\/\\\/fuentesfidedignas.com.mx\\\/#website\"},\"primaryImageOfPage\":{\"@id\":\"https:\\\/\\\/fuentesfidedignas.com.mx\\\/index.php\\\/2023\\\/04\\\/12\\\/tribunal-rechaza-queja-del-congreso-pero-no-impide-que-reforme-ley-organica-uas\\\/#primaryimage\"},\"image\":{\"@id\":\"https:\\\/\\\/fuentesfidedignas.com.mx\\\/index.php\\\/2023\\\/04\\\/12\\\/tribunal-rechaza-queja-del-congreso-pero-no-impide-que-reforme-ley-organica-uas\\\/#primaryimage\"},\"thumbnailUrl\":\"https:\\\/\\\/fuentesfidedignas.com.mx\\\/wp-content\\\/uploads\\\/2023\\\/04\\\/palacio-legislativc.jpg\",\"datePublished\":\"2023-04-12T20:07:36+00:00\",\"dateModified\":\"2023-04-12T20:27:58+00:00\",\"breadcrumb\":{\"@id\":\"https:\\\/\\\/fuentesfidedignas.com.mx\\\/index.php\\\/2023\\\/04\\\/12\\\/tribunal-rechaza-queja-del-congreso-pero-no-impide-que-reforme-ley-organica-uas\\\/#breadcrumb\"},\"inLanguage\":\"es\",\"potentialAction\":[{\"@type\":\"ReadAction\",\"target\":[\"https:\\\/\\\/fuentesfidedignas.com.mx\\\/index.php\\\/2023\\\/04\\\/12\\\/tribunal-rechaza-queja-del-congreso-pero-no-impide-que-reforme-ley-organica-uas\\\/\"]}]},{\"@type\":\"ImageObject\",\"inLanguage\":\"es\",\"@id\":\"https:\\\/\\\/fuentesfidedignas.com.mx\\\/index.php\\\/2023\\\/04\\\/12\\\/tribunal-rechaza-queja-del-congreso-pero-no-impide-que-reforme-ley-organica-uas\\\/#primaryimage\",\"url\":\"https:\\\/\\\/fuentesfidedignas.com.mx\\\/wp-content\\\/uploads\\\/2023\\\/04\\\/palacio-legislativc.jpg\",\"contentUrl\":\"https:\\\/\\\/fuentesfidedignas.com.mx\\\/wp-content\\\/uploads\\\/2023\\\/04\\\/palacio-legislativc.jpg\",\"width\":1600,\"height\":1066},{\"@type\":\"BreadcrumbList\",\"@id\":\"https:\\\/\\\/fuentesfidedignas.com.mx\\\/index.php\\\/2023\\\/04\\\/12\\\/tribunal-rechaza-queja-del-congreso-pero-no-impide-que-reforme-ley-organica-uas\\\/#breadcrumb\",\"itemListElement\":[{\"@type\":\"ListItem\",\"position\":1,\"name\":\"Inicio\",\"item\":\"https:\\\/\\\/fuentesfidedignas.com.mx\\\/\"},{\"@type\":\"ListItem\",\"position\":2,\"name\":\"Tribunal rechaza queja del Congreso contra suspensi\u00f3n de Ley de Educaci\u00f3n Superior\"}]},{\"@type\":\"WebSite\",\"@id\":\"https:\\\/\\\/fuentesfidedignas.com.mx\\\/#website\",\"url\":\"https:\\\/\\\/fuentesfidedignas.com.mx\\\/\",\"name\":\"Fuentes Fidedignas\",\"description\":\"Otro sitio realizado con WordPress\",\"publisher\":{\"@id\":\"https:\\\/\\\/fuentesfidedignas.com.mx\\\/#organization\"},\"potentialAction\":[{\"@type\":\"SearchAction\",\"target\":{\"@type\":\"EntryPoint\",\"urlTemplate\":\"https:\\\/\\\/fuentesfidedignas.com.mx\\\/?s={search_term_string}\"},\"query-input\":{\"@type\":\"PropertyValueSpecification\",\"valueRequired\":true,\"valueName\":\"search_term_string\"}}],\"inLanguage\":\"es\"},{\"@type\":\"Organization\",\"@id\":\"https:\\\/\\\/fuentesfidedignas.com.mx\\\/#organization\",\"name\":\"Fuentes Fidedignas\",\"url\":\"https:\\\/\\\/fuentesfidedignas.com.mx\\\/\",\"logo\":{\"@type\":\"ImageObject\",\"inLanguage\":\"es\",\"@id\":\"https:\\\/\\\/fuentesfidedignas.com.mx\\\/#\\\/schema\\\/logo\\\/image\\\/\",\"url\":\"https:\\\/\\\/fuentesfidedignas.com.mx\\\/wp-content\\\/uploads\\\/2021\\\/04\\\/logo-retina.png\",\"contentUrl\":\"https:\\\/\\\/fuentesfidedignas.com.mx\\\/wp-content\\\/uploads\\\/2021\\\/04\\\/logo-retina.png\",\"width\":280,\"height\":51,\"caption\":\"Fuentes Fidedignas\"},\"image\":{\"@id\":\"https:\\\/\\\/fuentesfidedignas.com.mx\\\/#\\\/schema\\\/logo\\\/image\\\/\"},\"sameAs\":[\"https:\\\/\\\/www.facebook.com\\\/Fuentes-Fidedignas-368234489921644\",\"https:\\\/\\\/x.com\\\/fidedignas\"]},{\"@type\":\"Person\",\"@id\":\"https:\\\/\\\/fuentesfidedignas.com.mx\\\/#\\\/schema\\\/person\\\/2c10028b4a30078c05a056a215342ab9\",\"name\":\"Marissa Palafox\",\"image\":{\"@type\":\"ImageObject\",\"inLanguage\":\"es\",\"@id\":\"https:\\\/\\\/secure.gravatar.com\\\/avatar\\\/20a43bdb2f2db10f20b22d4e98b96eb027faf98f7f76d29854dc5fab46d1cf71?s=96&d=mm&r=g\",\"url\":\"https:\\\/\\\/secure.gravatar.com\\\/avatar\\\/20a43bdb2f2db10f20b22d4e98b96eb027faf98f7f76d29854dc5fab46d1cf71?s=96&d=mm&r=g\",\"contentUrl\":\"https:\\\/\\\/secure.gravatar.com\\\/avatar\\\/20a43bdb2f2db10f20b22d4e98b96eb027faf98f7f76d29854dc5fab46d1cf71?s=96&d=mm&r=g\",\"caption\":\"Marissa Palafox\"},\"url\":\"https:\\\/\\\/fuentesfidedignas.com.mx\\\/index.php\\\/author\\\/marissa\\\/\"}]}<\/script>\n<!-- \/ Yoast SEO plugin. -->","yoast_head_json":{"title":"Tribunal rechaza queja del Congreso contra suspensi\u00f3n de Ley de Educaci\u00f3n Superior - Fuentes Fidedignas","robots":{"index":"index","follow":"follow","max-snippet":"max-snippet:-1","max-image-preview":"max-image-preview:large","max-video-preview":"max-video-preview:-1"},"canonical":"https:\/\/fuentesfidedignas.com.mx\/index.php\/2023\/04\/12\/tribunal-rechaza-queja-del-congreso-pero-no-impide-que-reforme-ley-organica-uas\/","og_locale":"es_MX","og_type":"article","og_title":"Tribunal rechaza queja del Congreso contra suspensi\u00f3n de Ley de Educaci\u00f3n Superior - Fuentes Fidedignas","og_description":"EL Poder Legislativo ha presentado 35 recursos legales contra la suspensi\u00f3n definitiva que otorg\u00f3 un juez contra la Ley de Educaci\u00f3n Superior del Estado de Sinaloa Culiac\u00e1n, Sin.- El Tribunal Colegiado rechaz\u00f3 una queja interpuesta por el Congreso del Estado de Sinaloa, ante la suspensi\u00f3n definitiva que otorg\u00f3 un juez a la Universidad Aut\u00f3noma de [&hellip;]","og_url":"https:\/\/fuentesfidedignas.com.mx\/index.php\/2023\/04\/12\/tribunal-rechaza-queja-del-congreso-pero-no-impide-que-reforme-ley-organica-uas\/","og_site_name":"Fuentes Fidedignas","article_publisher":"https:\/\/www.facebook.com\/Fuentes-Fidedignas-368234489921644","article_published_time":"2023-04-12T20:07:36+00:00","article_modified_time":"2023-04-12T20:27:58+00:00","og_image":[{"width":1600,"height":1066,"url":"https:\/\/fuentesfidedignas.com.mx\/wp-content\/uploads\/2023\/04\/palacio-legislativc.jpg","type":"image\/jpeg"}],"author":"Marissa Palafox","twitter_card":"summary_large_image","twitter_creator":"@fidedignas","twitter_site":"@fidedignas","twitter_misc":{"Escrito por":"Marissa Palafox","Tiempo de lectura":"2 minutos"},"schema":{"@context":"https:\/\/schema.org","@graph":[{"@type":"Article","@id":"https:\/\/fuentesfidedignas.com.mx\/index.php\/2023\/04\/12\/tribunal-rechaza-queja-del-congreso-pero-no-impide-que-reforme-ley-organica-uas\/#article","isPartOf":{"@id":"https:\/\/fuentesfidedignas.com.mx\/index.php\/2023\/04\/12\/tribunal-rechaza-queja-del-congreso-pero-no-impide-que-reforme-ley-organica-uas\/"},"author":{"name":"Marissa Palafox","@id":"https:\/\/fuentesfidedignas.com.mx\/#\/schema\/person\/2c10028b4a30078c05a056a215342ab9"},"headline":"Tribunal rechaza queja del Congreso contra suspensi\u00f3n de Ley de Educaci\u00f3n Superior","datePublished":"2023-04-12T20:07:36+00:00","dateModified":"2023-04-12T20:27:58+00:00","mainEntityOfPage":{"@id":"https:\/\/fuentesfidedignas.com.mx\/index.php\/2023\/04\/12\/tribunal-rechaza-queja-del-congreso-pero-no-impide-que-reforme-ley-organica-uas\/"},"wordCount":281,"commentCount":0,"publisher":{"@id":"https:\/\/fuentesfidedignas.com.mx\/#organization"},"image":{"@id":"https:\/\/fuentesfidedignas.com.mx\/index.php\/2023\/04\/12\/tribunal-rechaza-queja-del-congreso-pero-no-impide-que-reforme-ley-organica-uas\/#primaryimage"},"thumbnailUrl":"https:\/\/fuentesfidedignas.com.mx\/wp-content\/uploads\/2023\/04\/palacio-legislativc.jpg","articleSection":["NOTA PRINCIPAL"],"inLanguage":"es","potentialAction":[{"@type":"CommentAction","name":"Comment","target":["https:\/\/fuentesfidedignas.com.mx\/index.php\/2023\/04\/12\/tribunal-rechaza-queja-del-congreso-pero-no-impide-que-reforme-ley-organica-uas\/#respond"]}]},{"@type":"WebPage","@id":"https:\/\/fuentesfidedignas.com.mx\/index.php\/2023\/04\/12\/tribunal-rechaza-queja-del-congreso-pero-no-impide-que-reforme-ley-organica-uas\/","url":"https:\/\/fuentesfidedignas.com.mx\/index.php\/2023\/04\/12\/tribunal-rechaza-queja-del-congreso-pero-no-impide-que-reforme-ley-organica-uas\/","name":"Tribunal rechaza queja del Congreso contra suspensi\u00f3n de Ley de Educaci\u00f3n Superior - Fuentes Fidedignas","isPartOf":{"@id":"https:\/\/fuentesfidedignas.com.mx\/#website"},"primaryImageOfPage":{"@id":"https:\/\/fuentesfidedignas.com.mx\/index.php\/2023\/04\/12\/tribunal-rechaza-queja-del-congreso-pero-no-impide-que-reforme-ley-organica-uas\/#primaryimage"},"image":{"@id":"https:\/\/fuentesfidedignas.com.mx\/index.php\/2023\/04\/12\/tribunal-rechaza-queja-del-congreso-pero-no-impide-que-reforme-ley-organica-uas\/#primaryimage"},"thumbnailUrl":"https:\/\/fuentesfidedignas.com.mx\/wp-content\/uploads\/2023\/04\/palacio-legislativc.jpg","datePublished":"2023-04-12T20:07:36+00:00","dateModified":"2023-04-12T20:27:58+00:00","breadcrumb":{"@id":"https:\/\/fuentesfidedignas.com.mx\/index.php\/2023\/04\/12\/tribunal-rechaza-queja-del-congreso-pero-no-impide-que-reforme-ley-organica-uas\/#breadcrumb"},"inLanguage":"es","potentialAction":[{"@type":"ReadAction","target":["https:\/\/fuentesfidedignas.com.mx\/index.php\/2023\/04\/12\/tribunal-rechaza-queja-del-congreso-pero-no-impide-que-reforme-ley-organica-uas\/"]}]},{"@type":"ImageObject","inLanguage":"es","@id":"https:\/\/fuentesfidedignas.com.mx\/index.php\/2023\/04\/12\/tribunal-rechaza-queja-del-congreso-pero-no-impide-que-reforme-ley-organica-uas\/#primaryimage","url":"https:\/\/fuentesfidedignas.com.mx\/wp-content\/uploads\/2023\/04\/palacio-legislativc.jpg","contentUrl":"https:\/\/fuentesfidedignas.com.mx\/wp-content\/uploads\/2023\/04\/palacio-legislativc.jpg","width":1600,"height":1066},{"@type":"BreadcrumbList","@id":"https:\/\/fuentesfidedignas.com.mx\/index.php\/2023\/04\/12\/tribunal-rechaza-queja-del-congreso-pero-no-impide-que-reforme-ley-organica-uas\/#breadcrumb","itemListElement":[{"@type":"ListItem","position":1,"name":"Inicio","item":"https:\/\/fuentesfidedignas.com.mx\/"},{"@type":"ListItem","position":2,"name":"Tribunal rechaza queja del Congreso contra suspensi\u00f3n de Ley de Educaci\u00f3n Superior"}]},{"@type":"WebSite","@id":"https:\/\/fuentesfidedignas.com.mx\/#website","url":"https:\/\/fuentesfidedignas.com.mx\/","name":"Fuentes Fidedignas","description":"Otro sitio realizado con WordPress","publisher":{"@id":"https:\/\/fuentesfidedignas.com.mx\/#organization"},"potentialAction":[{"@type":"SearchAction","target":{"@type":"EntryPoint","urlTemplate":"https:\/\/fuentesfidedignas.com.mx\/?s={search_term_string}"},"query-input":{"@type":"PropertyValueSpecification","valueRequired":true,"valueName":"search_term_string"}}],"inLanguage":"es"},{"@type":"Organization","@id":"https:\/\/fuentesfidedignas.com.mx\/#organization","name":"Fuentes Fidedignas","url":"https:\/\/fuentesfidedignas.com.mx\/","logo":{"@type":"ImageObject","inLanguage":"es","@id":"https:\/\/fuentesfidedignas.com.mx\/#\/schema\/logo\/image\/","url":"https:\/\/fuentesfidedignas.com.mx\/wp-content\/uploads\/2021\/04\/logo-retina.png","contentUrl":"https:\/\/fuentesfidedignas.com.mx\/wp-content\/uploads\/2021\/04\/logo-retina.png","width":280,"height":51,"caption":"Fuentes Fidedignas"},"image":{"@id":"https:\/\/fuentesfidedignas.com.mx\/#\/schema\/logo\/image\/"},"sameAs":["https:\/\/www.facebook.com\/Fuentes-Fidedignas-368234489921644","https:\/\/x.com\/fidedignas"]},{"@type":"Person","@id":"https:\/\/fuentesfidedignas.com.mx\/#\/schema\/person\/2c10028b4a30078c05a056a215342ab9","name":"Marissa Palafox","image":{"@type":"ImageObject","inLanguage":"es","@id":"https:\/\/secure.gravatar.com\/avatar\/20a43bdb2f2db10f20b22d4e98b96eb027faf98f7f76d29854dc5fab46d1cf71?s=96&d=mm&r=g","url":"https:\/\/secure.gravatar.com\/avatar\/20a43bdb2f2db10f20b22d4e98b96eb027faf98f7f76d29854dc5fab46d1cf71?s=96&d=mm&r=g","contentUrl":"https:\/\/secure.gravatar.com\/avatar\/20a43bdb2f2db10f20b22d4e98b96eb027faf98f7f76d29854dc5fab46d1cf71?s=96&d=mm&r=g","caption":"Marissa Palafox"},"url":"https:\/\/fuentesfidedignas.com.mx\/index.php\/author\/marissa\/"}]}},"_links":{"self":[{"href":"https:\/\/fuentesfidedignas.com.mx\/index.php\/wp-json\/wp\/v2\/posts\/44297","targetHints":{"allow":["GET"]}}],"collection":[{"href":"https:\/\/fuentesfidedignas.com.mx\/index.php\/wp-json\/wp\/v2\/posts"}],"about":[{"href":"https:\/\/fuentesfidedignas.com.mx\/index.php\/wp-json\/wp\/v2\/types\/post"}],"author":[{"embeddable":true,"href":"https:\/\/fuentesfidedignas.com.mx\/index.php\/wp-json\/wp\/v2\/users\/11"}],"replies":[{"embeddable":true,"href":"https:\/\/fuentesfidedignas.com.mx\/index.php\/wp-json\/wp\/v2\/comments?post=44297"}],"version-history":[{"count":6,"href":"https:\/\/fuentesfidedignas.com.mx\/index.php\/wp-json\/wp\/v2\/posts\/44297\/revisions"}],"predecessor-version":[{"id":44308,"href":"https:\/\/fuentesfidedignas.com.mx\/index.php\/wp-json\/wp\/v2\/posts\/44297\/revisions\/44308"}],"wp:featuredmedia":[{"embeddable":true,"href":"https:\/\/fuentesfidedignas.com.mx\/index.php\/wp-json\/wp\/v2\/media\/44298"}],"wp:attachment":[{"href":"https:\/\/fuentesfidedignas.com.mx\/index.php\/wp-json\/wp\/v2\/media?parent=44297"}],"wp:term":[{"taxonomy":"category","embeddable":true,"href":"https:\/\/fuentesfidedignas.com.mx\/index.php\/wp-json\/wp\/v2\/categories?post=44297"},{"taxonomy":"post_tag","embeddable":true,"href":"https:\/\/fuentesfidedignas.com.mx\/index.php\/wp-json\/wp\/v2\/tags?post=44297"}],"curies":[{"name":"wp","href":"https:\/\/api.w.org\/{rel}","templated":true}]}}