{"id":44253,"date":"2023-04-11T20:09:08","date_gmt":"2023-04-12T02:09:08","guid":{"rendered":"https:\/\/fuentesfidedignas.com.mx\/?p=44253"},"modified":"2023-04-11T20:09:09","modified_gmt":"2023-04-12T02:09:09","slug":"se-pronuncia-la-universidad-autonoma-de-sinaloa-con-respecto-al-amparo-del-rector","status":"publish","type":"post","link":"https:\/\/fuentesfidedignas.com.mx\/index.php\/2023\/04\/11\/se-pronuncia-la-universidad-autonoma-de-sinaloa-con-respecto-al-amparo-del-rector\/","title":{"rendered":"Se pronuncia la Universidad Aut\u00f3noma de Sinaloa con respecto al amparo del rector"},"content":{"rendered":"\n<p><strong><em>El documento se\u00f1ala que es necesario precisar que la promoci\u00f3n de un amparo la puede realizar cualquier ciudadano que sienta vulnerados sus derechos por cualquier autoridad<\/em><\/strong><\/p>\n\n\n\n<p>Culiac\u00e1n, Sin.- La Universidad Aut\u00f3noma de Sinaloa (UAS) emiti\u00f3 su postura sobre el amparo que solicit\u00f3 el rector de la m\u00e1xima casa de estudios en el estado.<\/p>\n\n\n\n<p>A continuaci\u00f3n el documento enviado a los medios de comunicaci\u00f3n y publicado en redes sociales:<\/p>\n\n\n\n<p>A la comunidad universitaria<\/p>\n\n\n\n<p>A la sociedad en general<\/p>\n\n\n\n<p>Ante una eminente privaci\u00f3n de la libertad en contra del Rector de la Universidad Aut\u00f3noma de Sinaloa (UAS), doctor Jes\u00fas Madue\u00f1a Molina, por personas que se ostentaron como integrantes de la fuerza p\u00fablica ante su domicilio particular, la Universidad Aut\u00f3noma de Sinaloa manifiesta que:<\/p>\n\n\n\n<p>1.- La Auditor\u00eda Superior del Estado (ASE) present\u00f3 ante la Fiscal\u00eda General del Estado una denuncia penal en contra del Rector y del abogado general, en un claro acto de intimidaci\u00f3n, dicha denuncia se conoci\u00f3 solo a trav\u00e9s de los medios de comunicaci\u00f3n ante lo cual el dirigente universitario se vio en la necesidad de promover un amparo para efecto de salvaguardar su libertad.<\/p>\n\n\n\n<p>2.- Es necesario precisar que la promoci\u00f3n de un amparo la puede realizar cualquier ciudadano que sienta vulnerados sus derechos por cualquier autoridad, motivo por el cual el Rector acudi\u00f3 a ese derecho que le asiste.<\/p>\n\n\n\n<p>3.- Todo este proceso intimidatorio refleja la falta de condiciones de un verdadero Estado Constitucional de Derecho, por ello hemos acudido ante la Justicia Federal.<\/p>\n\n\n\n<p>La Universidad Aut\u00f3noma de Sinaloa refrenda su compromiso de respeto irrestricto a la Ley y a todas las instituciones que emanan de ella, y hace un llamado a la comunidad universitaria a que se mantenga atenta ante todo indicio de violentar cualquier precepto constitucional en detrimento de la Universidad, de su <strong>Autonom\u00eda<\/strong>, de su comunidad y de sus autoridades.<\/p>\n","protected":false},"excerpt":{"rendered":"<p>El documento se\u00f1ala que es necesario precisar que la promoci\u00f3n de un amparo la puede realizar cualquier ciudadano que sienta vulnerados sus derechos por cualquier autoridad Culiac\u00e1n, Sin.- La Universidad Aut\u00f3noma de Sinaloa (UAS) emiti\u00f3 su postura sobre el amparo que solicit\u00f3 el rector de la m\u00e1xima casa de estudios en el estado. A continuaci\u00f3n [&hellip;]<\/p>\n","protected":false},"author":4,"featured_media":26763,"comment_status":"open","ping_status":"open","sticky":false,"template":"","format":"standard","meta":{"tdm_status":"","tdm_grid_status":"","footnotes":""},"categories":[37],"tags":[],"class_list":{"0":"post-44253","1":"post","2":"type-post","3":"status-publish","4":"format-standard","5":"has-post-thumbnail","7":"category-nota-principal"},"yoast_head":"<!-- This site is optimized with the Yoast SEO plugin v27.4 - https:\/\/yoast.com\/product\/yoast-seo-wordpress\/ -->\n<title>Se pronuncia la Universidad Aut\u00f3noma de Sinaloa con respecto al amparo del rector - Fuentes Fidedignas<\/title>\n<meta name=\"robots\" content=\"index, follow, max-snippet:-1, max-image-preview:large, max-video-preview:-1\" \/>\n<link rel=\"canonical\" href=\"https:\/\/fuentesfidedignas.com.mx\/index.php\/2023\/04\/11\/se-pronuncia-la-universidad-autonoma-de-sinaloa-con-respecto-al-amparo-del-rector\/\" \/>\n<meta property=\"og:locale\" content=\"es_MX\" \/>\n<meta property=\"og:type\" content=\"article\" \/>\n<meta property=\"og:title\" content=\"Se pronuncia la Universidad Aut\u00f3noma de Sinaloa con respecto al amparo del rector - Fuentes Fidedignas\" \/>\n<meta property=\"og:description\" content=\"El documento se\u00f1ala que es necesario precisar que la promoci\u00f3n de un amparo la puede realizar cualquier ciudadano que sienta vulnerados sus derechos por cualquier autoridad Culiac\u00e1n, Sin.- La Universidad Aut\u00f3noma de Sinaloa (UAS) emiti\u00f3 su postura sobre el amparo que solicit\u00f3 el rector de la m\u00e1xima casa de estudios en el estado. A continuaci\u00f3n [&hellip;]\" \/>\n<meta property=\"og:url\" content=\"https:\/\/fuentesfidedignas.com.mx\/index.php\/2023\/04\/11\/se-pronuncia-la-universidad-autonoma-de-sinaloa-con-respecto-al-amparo-del-rector\/\" \/>\n<meta property=\"og:site_name\" content=\"Fuentes Fidedignas\" \/>\n<meta property=\"article:publisher\" content=\"https:\/\/www.facebook.com\/Fuentes-Fidedignas-368234489921644\" \/>\n<meta property=\"article:published_time\" content=\"2023-04-12T02:09:08+00:00\" \/>\n<meta property=\"article:modified_time\" content=\"2023-04-12T02:09:09+00:00\" \/>\n<meta property=\"og:image\" content=\"https:\/\/fuentesfidedignas.com.mx\/wp-content\/uploads\/2022\/03\/Torre-de-Rectoria-de-las-UAS.-Cruz-Serrano.jpeg\" \/>\n\t<meta property=\"og:image:width\" content=\"1024\" \/>\n\t<meta property=\"og:image:height\" content=\"682\" \/>\n\t<meta property=\"og:image:type\" content=\"image\/jpeg\" \/>\n<meta name=\"author\" content=\"Redacci\u00f3n\" \/>\n<meta name=\"twitter:card\" content=\"summary_large_image\" \/>\n<meta name=\"twitter:creator\" content=\"@fidedignas\" \/>\n<meta name=\"twitter:site\" content=\"@fidedignas\" \/>\n<meta name=\"twitter:label1\" content=\"Escrito por\" \/>\n\t<meta name=\"twitter:data1\" content=\"Redacci\u00f3n\" \/>\n\t<meta name=\"twitter:label2\" content=\"Tiempo de lectura\" \/>\n\t<meta name=\"twitter:data2\" content=\"2 minutos\" \/>\n<script type=\"application\/ld+json\" class=\"yoast-schema-graph\">{\"@context\":\"https:\\\/\\\/schema.org\",\"@graph\":[{\"@type\":\"Article\",\"@id\":\"https:\\\/\\\/fuentesfidedignas.com.mx\\\/index.php\\\/2023\\\/04\\\/11\\\/se-pronuncia-la-universidad-autonoma-de-sinaloa-con-respecto-al-amparo-del-rector\\\/#article\",\"isPartOf\":{\"@id\":\"https:\\\/\\\/fuentesfidedignas.com.mx\\\/index.php\\\/2023\\\/04\\\/11\\\/se-pronuncia-la-universidad-autonoma-de-sinaloa-con-respecto-al-amparo-del-rector\\\/\"},\"author\":{\"name\":\"Redacci\u00f3n\",\"@id\":\"https:\\\/\\\/fuentesfidedignas.com.mx\\\/#\\\/schema\\\/person\\\/331be9283d37198e2acd5750279085b0\"},\"headline\":\"Se pronuncia la Universidad Aut\u00f3noma de Sinaloa con respecto al amparo del rector\",\"datePublished\":\"2023-04-12T02:09:08+00:00\",\"dateModified\":\"2023-04-12T02:09:09+00:00\",\"mainEntityOfPage\":{\"@id\":\"https:\\\/\\\/fuentesfidedignas.com.mx\\\/index.php\\\/2023\\\/04\\\/11\\\/se-pronuncia-la-universidad-autonoma-de-sinaloa-con-respecto-al-amparo-del-rector\\\/\"},\"wordCount\":341,\"commentCount\":0,\"publisher\":{\"@id\":\"https:\\\/\\\/fuentesfidedignas.com.mx\\\/#organization\"},\"image\":{\"@id\":\"https:\\\/\\\/fuentesfidedignas.com.mx\\\/index.php\\\/2023\\\/04\\\/11\\\/se-pronuncia-la-universidad-autonoma-de-sinaloa-con-respecto-al-amparo-del-rector\\\/#primaryimage\"},\"thumbnailUrl\":\"https:\\\/\\\/fuentesfidedignas.com.mx\\\/wp-content\\\/uploads\\\/2022\\\/03\\\/Torre-de-Rectoria-de-las-UAS.-Cruz-Serrano.jpeg\",\"articleSection\":[\"NOTA PRINCIPAL\"],\"inLanguage\":\"es\",\"potentialAction\":[{\"@type\":\"CommentAction\",\"name\":\"Comment\",\"target\":[\"https:\\\/\\\/fuentesfidedignas.com.mx\\\/index.php\\\/2023\\\/04\\\/11\\\/se-pronuncia-la-universidad-autonoma-de-sinaloa-con-respecto-al-amparo-del-rector\\\/#respond\"]}]},{\"@type\":\"WebPage\",\"@id\":\"https:\\\/\\\/fuentesfidedignas.com.mx\\\/index.php\\\/2023\\\/04\\\/11\\\/se-pronuncia-la-universidad-autonoma-de-sinaloa-con-respecto-al-amparo-del-rector\\\/\",\"url\":\"https:\\\/\\\/fuentesfidedignas.com.mx\\\/index.php\\\/2023\\\/04\\\/11\\\/se-pronuncia-la-universidad-autonoma-de-sinaloa-con-respecto-al-amparo-del-rector\\\/\",\"name\":\"Se pronuncia la Universidad Aut\u00f3noma de Sinaloa con respecto al amparo del rector - Fuentes Fidedignas\",\"isPartOf\":{\"@id\":\"https:\\\/\\\/fuentesfidedignas.com.mx\\\/#website\"},\"primaryImageOfPage\":{\"@id\":\"https:\\\/\\\/fuentesfidedignas.com.mx\\\/index.php\\\/2023\\\/04\\\/11\\\/se-pronuncia-la-universidad-autonoma-de-sinaloa-con-respecto-al-amparo-del-rector\\\/#primaryimage\"},\"image\":{\"@id\":\"https:\\\/\\\/fuentesfidedignas.com.mx\\\/index.php\\\/2023\\\/04\\\/11\\\/se-pronuncia-la-universidad-autonoma-de-sinaloa-con-respecto-al-amparo-del-rector\\\/#primaryimage\"},\"thumbnailUrl\":\"https:\\\/\\\/fuentesfidedignas.com.mx\\\/wp-content\\\/uploads\\\/2022\\\/03\\\/Torre-de-Rectoria-de-las-UAS.-Cruz-Serrano.jpeg\",\"datePublished\":\"2023-04-12T02:09:08+00:00\",\"dateModified\":\"2023-04-12T02:09:09+00:00\",\"breadcrumb\":{\"@id\":\"https:\\\/\\\/fuentesfidedignas.com.mx\\\/index.php\\\/2023\\\/04\\\/11\\\/se-pronuncia-la-universidad-autonoma-de-sinaloa-con-respecto-al-amparo-del-rector\\\/#breadcrumb\"},\"inLanguage\":\"es\",\"potentialAction\":[{\"@type\":\"ReadAction\",\"target\":[\"https:\\\/\\\/fuentesfidedignas.com.mx\\\/index.php\\\/2023\\\/04\\\/11\\\/se-pronuncia-la-universidad-autonoma-de-sinaloa-con-respecto-al-amparo-del-rector\\\/\"]}]},{\"@type\":\"ImageObject\",\"inLanguage\":\"es\",\"@id\":\"https:\\\/\\\/fuentesfidedignas.com.mx\\\/index.php\\\/2023\\\/04\\\/11\\\/se-pronuncia-la-universidad-autonoma-de-sinaloa-con-respecto-al-amparo-del-rector\\\/#primaryimage\",\"url\":\"https:\\\/\\\/fuentesfidedignas.com.mx\\\/wp-content\\\/uploads\\\/2022\\\/03\\\/Torre-de-Rectoria-de-las-UAS.-Cruz-Serrano.jpeg\",\"contentUrl\":\"https:\\\/\\\/fuentesfidedignas.com.mx\\\/wp-content\\\/uploads\\\/2022\\\/03\\\/Torre-de-Rectoria-de-las-UAS.-Cruz-Serrano.jpeg\",\"width\":1024,\"height\":682},{\"@type\":\"BreadcrumbList\",\"@id\":\"https:\\\/\\\/fuentesfidedignas.com.mx\\\/index.php\\\/2023\\\/04\\\/11\\\/se-pronuncia-la-universidad-autonoma-de-sinaloa-con-respecto-al-amparo-del-rector\\\/#breadcrumb\",\"itemListElement\":[{\"@type\":\"ListItem\",\"position\":1,\"name\":\"Inicio\",\"item\":\"https:\\\/\\\/fuentesfidedignas.com.mx\\\/\"},{\"@type\":\"ListItem\",\"position\":2,\"name\":\"Se pronuncia la Universidad Aut\u00f3noma de Sinaloa con respecto al amparo del rector\"}]},{\"@type\":\"WebSite\",\"@id\":\"https:\\\/\\\/fuentesfidedignas.com.mx\\\/#website\",\"url\":\"https:\\\/\\\/fuentesfidedignas.com.mx\\\/\",\"name\":\"Fuentes Fidedignas\",\"description\":\"Otro sitio realizado con WordPress\",\"publisher\":{\"@id\":\"https:\\\/\\\/fuentesfidedignas.com.mx\\\/#organization\"},\"potentialAction\":[{\"@type\":\"SearchAction\",\"target\":{\"@type\":\"EntryPoint\",\"urlTemplate\":\"https:\\\/\\\/fuentesfidedignas.com.mx\\\/?s={search_term_string}\"},\"query-input\":{\"@type\":\"PropertyValueSpecification\",\"valueRequired\":true,\"valueName\":\"search_term_string\"}}],\"inLanguage\":\"es\"},{\"@type\":\"Organization\",\"@id\":\"https:\\\/\\\/fuentesfidedignas.com.mx\\\/#organization\",\"name\":\"Fuentes Fidedignas\",\"url\":\"https:\\\/\\\/fuentesfidedignas.com.mx\\\/\",\"logo\":{\"@type\":\"ImageObject\",\"inLanguage\":\"es\",\"@id\":\"https:\\\/\\\/fuentesfidedignas.com.mx\\\/#\\\/schema\\\/logo\\\/image\\\/\",\"url\":\"https:\\\/\\\/fuentesfidedignas.com.mx\\\/wp-content\\\/uploads\\\/2021\\\/04\\\/logo-retina.png\",\"contentUrl\":\"https:\\\/\\\/fuentesfidedignas.com.mx\\\/wp-content\\\/uploads\\\/2021\\\/04\\\/logo-retina.png\",\"width\":280,\"height\":51,\"caption\":\"Fuentes Fidedignas\"},\"image\":{\"@id\":\"https:\\\/\\\/fuentesfidedignas.com.mx\\\/#\\\/schema\\\/logo\\\/image\\\/\"},\"sameAs\":[\"https:\\\/\\\/www.facebook.com\\\/Fuentes-Fidedignas-368234489921644\",\"https:\\\/\\\/x.com\\\/fidedignas\"]},{\"@type\":\"Person\",\"@id\":\"https:\\\/\\\/fuentesfidedignas.com.mx\\\/#\\\/schema\\\/person\\\/331be9283d37198e2acd5750279085b0\",\"name\":\"Redacci\u00f3n\",\"image\":{\"@type\":\"ImageObject\",\"inLanguage\":\"es\",\"@id\":\"https:\\\/\\\/secure.gravatar.com\\\/avatar\\\/f6d8782c11d12b2d4ad3fbb6931aeab5309937a4d6cd2fc9cfaa28a6396a5aec?s=96&d=mm&r=g\",\"url\":\"https:\\\/\\\/secure.gravatar.com\\\/avatar\\\/f6d8782c11d12b2d4ad3fbb6931aeab5309937a4d6cd2fc9cfaa28a6396a5aec?s=96&d=mm&r=g\",\"contentUrl\":\"https:\\\/\\\/secure.gravatar.com\\\/avatar\\\/f6d8782c11d12b2d4ad3fbb6931aeab5309937a4d6cd2fc9cfaa28a6396a5aec?s=96&d=mm&r=g\",\"caption\":\"Redacci\u00f3n\"},\"url\":\"https:\\\/\\\/fuentesfidedignas.com.mx\\\/index.php\\\/author\\\/redaccion\\\/\"}]}<\/script>\n<!-- \/ Yoast SEO plugin. -->","yoast_head_json":{"title":"Se pronuncia la Universidad Aut\u00f3noma de Sinaloa con respecto al amparo del rector - Fuentes Fidedignas","robots":{"index":"index","follow":"follow","max-snippet":"max-snippet:-1","max-image-preview":"max-image-preview:large","max-video-preview":"max-video-preview:-1"},"canonical":"https:\/\/fuentesfidedignas.com.mx\/index.php\/2023\/04\/11\/se-pronuncia-la-universidad-autonoma-de-sinaloa-con-respecto-al-amparo-del-rector\/","og_locale":"es_MX","og_type":"article","og_title":"Se pronuncia la Universidad Aut\u00f3noma de Sinaloa con respecto al amparo del rector - Fuentes Fidedignas","og_description":"El documento se\u00f1ala que es necesario precisar que la promoci\u00f3n de un amparo la puede realizar cualquier ciudadano que sienta vulnerados sus derechos por cualquier autoridad Culiac\u00e1n, Sin.- La Universidad Aut\u00f3noma de Sinaloa (UAS) emiti\u00f3 su postura sobre el amparo que solicit\u00f3 el rector de la m\u00e1xima casa de estudios en el estado. A continuaci\u00f3n [&hellip;]","og_url":"https:\/\/fuentesfidedignas.com.mx\/index.php\/2023\/04\/11\/se-pronuncia-la-universidad-autonoma-de-sinaloa-con-respecto-al-amparo-del-rector\/","og_site_name":"Fuentes Fidedignas","article_publisher":"https:\/\/www.facebook.com\/Fuentes-Fidedignas-368234489921644","article_published_time":"2023-04-12T02:09:08+00:00","article_modified_time":"2023-04-12T02:09:09+00:00","og_image":[{"width":1024,"height":682,"url":"https:\/\/fuentesfidedignas.com.mx\/wp-content\/uploads\/2022\/03\/Torre-de-Rectoria-de-las-UAS.-Cruz-Serrano.jpeg","type":"image\/jpeg"}],"author":"Redacci\u00f3n","twitter_card":"summary_large_image","twitter_creator":"@fidedignas","twitter_site":"@fidedignas","twitter_misc":{"Escrito por":"Redacci\u00f3n","Tiempo de lectura":"2 minutos"},"schema":{"@context":"https:\/\/schema.org","@graph":[{"@type":"Article","@id":"https:\/\/fuentesfidedignas.com.mx\/index.php\/2023\/04\/11\/se-pronuncia-la-universidad-autonoma-de-sinaloa-con-respecto-al-amparo-del-rector\/#article","isPartOf":{"@id":"https:\/\/fuentesfidedignas.com.mx\/index.php\/2023\/04\/11\/se-pronuncia-la-universidad-autonoma-de-sinaloa-con-respecto-al-amparo-del-rector\/"},"author":{"name":"Redacci\u00f3n","@id":"https:\/\/fuentesfidedignas.com.mx\/#\/schema\/person\/331be9283d37198e2acd5750279085b0"},"headline":"Se pronuncia la Universidad Aut\u00f3noma de Sinaloa con respecto al amparo del rector","datePublished":"2023-04-12T02:09:08+00:00","dateModified":"2023-04-12T02:09:09+00:00","mainEntityOfPage":{"@id":"https:\/\/fuentesfidedignas.com.mx\/index.php\/2023\/04\/11\/se-pronuncia-la-universidad-autonoma-de-sinaloa-con-respecto-al-amparo-del-rector\/"},"wordCount":341,"commentCount":0,"publisher":{"@id":"https:\/\/fuentesfidedignas.com.mx\/#organization"},"image":{"@id":"https:\/\/fuentesfidedignas.com.mx\/index.php\/2023\/04\/11\/se-pronuncia-la-universidad-autonoma-de-sinaloa-con-respecto-al-amparo-del-rector\/#primaryimage"},"thumbnailUrl":"https:\/\/fuentesfidedignas.com.mx\/wp-content\/uploads\/2022\/03\/Torre-de-Rectoria-de-las-UAS.-Cruz-Serrano.jpeg","articleSection":["NOTA PRINCIPAL"],"inLanguage":"es","potentialAction":[{"@type":"CommentAction","name":"Comment","target":["https:\/\/fuentesfidedignas.com.mx\/index.php\/2023\/04\/11\/se-pronuncia-la-universidad-autonoma-de-sinaloa-con-respecto-al-amparo-del-rector\/#respond"]}]},{"@type":"WebPage","@id":"https:\/\/fuentesfidedignas.com.mx\/index.php\/2023\/04\/11\/se-pronuncia-la-universidad-autonoma-de-sinaloa-con-respecto-al-amparo-del-rector\/","url":"https:\/\/fuentesfidedignas.com.mx\/index.php\/2023\/04\/11\/se-pronuncia-la-universidad-autonoma-de-sinaloa-con-respecto-al-amparo-del-rector\/","name":"Se pronuncia la Universidad Aut\u00f3noma de Sinaloa con respecto al amparo del rector - Fuentes Fidedignas","isPartOf":{"@id":"https:\/\/fuentesfidedignas.com.mx\/#website"},"primaryImageOfPage":{"@id":"https:\/\/fuentesfidedignas.com.mx\/index.php\/2023\/04\/11\/se-pronuncia-la-universidad-autonoma-de-sinaloa-con-respecto-al-amparo-del-rector\/#primaryimage"},"image":{"@id":"https:\/\/fuentesfidedignas.com.mx\/index.php\/2023\/04\/11\/se-pronuncia-la-universidad-autonoma-de-sinaloa-con-respecto-al-amparo-del-rector\/#primaryimage"},"thumbnailUrl":"https:\/\/fuentesfidedignas.com.mx\/wp-content\/uploads\/2022\/03\/Torre-de-Rectoria-de-las-UAS.-Cruz-Serrano.jpeg","datePublished":"2023-04-12T02:09:08+00:00","dateModified":"2023-04-12T02:09:09+00:00","breadcrumb":{"@id":"https:\/\/fuentesfidedignas.com.mx\/index.php\/2023\/04\/11\/se-pronuncia-la-universidad-autonoma-de-sinaloa-con-respecto-al-amparo-del-rector\/#breadcrumb"},"inLanguage":"es","potentialAction":[{"@type":"ReadAction","target":["https:\/\/fuentesfidedignas.com.mx\/index.php\/2023\/04\/11\/se-pronuncia-la-universidad-autonoma-de-sinaloa-con-respecto-al-amparo-del-rector\/"]}]},{"@type":"ImageObject","inLanguage":"es","@id":"https:\/\/fuentesfidedignas.com.mx\/index.php\/2023\/04\/11\/se-pronuncia-la-universidad-autonoma-de-sinaloa-con-respecto-al-amparo-del-rector\/#primaryimage","url":"https:\/\/fuentesfidedignas.com.mx\/wp-content\/uploads\/2022\/03\/Torre-de-Rectoria-de-las-UAS.-Cruz-Serrano.jpeg","contentUrl":"https:\/\/fuentesfidedignas.com.mx\/wp-content\/uploads\/2022\/03\/Torre-de-Rectoria-de-las-UAS.-Cruz-Serrano.jpeg","width":1024,"height":682},{"@type":"BreadcrumbList","@id":"https:\/\/fuentesfidedignas.com.mx\/index.php\/2023\/04\/11\/se-pronuncia-la-universidad-autonoma-de-sinaloa-con-respecto-al-amparo-del-rector\/#breadcrumb","itemListElement":[{"@type":"ListItem","position":1,"name":"Inicio","item":"https:\/\/fuentesfidedignas.com.mx\/"},{"@type":"ListItem","position":2,"name":"Se pronuncia la Universidad Aut\u00f3noma de Sinaloa con respecto al amparo del rector"}]},{"@type":"WebSite","@id":"https:\/\/fuentesfidedignas.com.mx\/#website","url":"https:\/\/fuentesfidedignas.com.mx\/","name":"Fuentes Fidedignas","description":"Otro sitio realizado con WordPress","publisher":{"@id":"https:\/\/fuentesfidedignas.com.mx\/#organization"},"potentialAction":[{"@type":"SearchAction","target":{"@type":"EntryPoint","urlTemplate":"https:\/\/fuentesfidedignas.com.mx\/?s={search_term_string}"},"query-input":{"@type":"PropertyValueSpecification","valueRequired":true,"valueName":"search_term_string"}}],"inLanguage":"es"},{"@type":"Organization","@id":"https:\/\/fuentesfidedignas.com.mx\/#organization","name":"Fuentes Fidedignas","url":"https:\/\/fuentesfidedignas.com.mx\/","logo":{"@type":"ImageObject","inLanguage":"es","@id":"https:\/\/fuentesfidedignas.com.mx\/#\/schema\/logo\/image\/","url":"https:\/\/fuentesfidedignas.com.mx\/wp-content\/uploads\/2021\/04\/logo-retina.png","contentUrl":"https:\/\/fuentesfidedignas.com.mx\/wp-content\/uploads\/2021\/04\/logo-retina.png","width":280,"height":51,"caption":"Fuentes Fidedignas"},"image":{"@id":"https:\/\/fuentesfidedignas.com.mx\/#\/schema\/logo\/image\/"},"sameAs":["https:\/\/www.facebook.com\/Fuentes-Fidedignas-368234489921644","https:\/\/x.com\/fidedignas"]},{"@type":"Person","@id":"https:\/\/fuentesfidedignas.com.mx\/#\/schema\/person\/331be9283d37198e2acd5750279085b0","name":"Redacci\u00f3n","image":{"@type":"ImageObject","inLanguage":"es","@id":"https:\/\/secure.gravatar.com\/avatar\/f6d8782c11d12b2d4ad3fbb6931aeab5309937a4d6cd2fc9cfaa28a6396a5aec?s=96&d=mm&r=g","url":"https:\/\/secure.gravatar.com\/avatar\/f6d8782c11d12b2d4ad3fbb6931aeab5309937a4d6cd2fc9cfaa28a6396a5aec?s=96&d=mm&r=g","contentUrl":"https:\/\/secure.gravatar.com\/avatar\/f6d8782c11d12b2d4ad3fbb6931aeab5309937a4d6cd2fc9cfaa28a6396a5aec?s=96&d=mm&r=g","caption":"Redacci\u00f3n"},"url":"https:\/\/fuentesfidedignas.com.mx\/index.php\/author\/redaccion\/"}]}},"_links":{"self":[{"href":"https:\/\/fuentesfidedignas.com.mx\/index.php\/wp-json\/wp\/v2\/posts\/44253","targetHints":{"allow":["GET"]}}],"collection":[{"href":"https:\/\/fuentesfidedignas.com.mx\/index.php\/wp-json\/wp\/v2\/posts"}],"about":[{"href":"https:\/\/fuentesfidedignas.com.mx\/index.php\/wp-json\/wp\/v2\/types\/post"}],"author":[{"embeddable":true,"href":"https:\/\/fuentesfidedignas.com.mx\/index.php\/wp-json\/wp\/v2\/users\/4"}],"replies":[{"embeddable":true,"href":"https:\/\/fuentesfidedignas.com.mx\/index.php\/wp-json\/wp\/v2\/comments?post=44253"}],"version-history":[{"count":1,"href":"https:\/\/fuentesfidedignas.com.mx\/index.php\/wp-json\/wp\/v2\/posts\/44253\/revisions"}],"predecessor-version":[{"id":44254,"href":"https:\/\/fuentesfidedignas.com.mx\/index.php\/wp-json\/wp\/v2\/posts\/44253\/revisions\/44254"}],"wp:featuredmedia":[{"embeddable":true,"href":"https:\/\/fuentesfidedignas.com.mx\/index.php\/wp-json\/wp\/v2\/media\/26763"}],"wp:attachment":[{"href":"https:\/\/fuentesfidedignas.com.mx\/index.php\/wp-json\/wp\/v2\/media?parent=44253"}],"wp:term":[{"taxonomy":"category","embeddable":true,"href":"https:\/\/fuentesfidedignas.com.mx\/index.php\/wp-json\/wp\/v2\/categories?post=44253"},{"taxonomy":"post_tag","embeddable":true,"href":"https:\/\/fuentesfidedignas.com.mx\/index.php\/wp-json\/wp\/v2\/tags?post=44253"}],"curies":[{"name":"wp","href":"https:\/\/api.w.org\/{rel}","templated":true}]}}