{"id":44211,"date":"2023-04-11T15:25:11","date_gmt":"2023-04-11T21:25:11","guid":{"rendered":"https:\/\/fuentesfidedignas.com.mx\/?p=44211"},"modified":"2023-04-11T16:08:23","modified_gmt":"2023-04-11T22:08:23","slug":"congreso-de-sinaloa-busca-ley-para-dignificar-vida-de-jornaleros-agricolas","status":"publish","type":"post","link":"https:\/\/fuentesfidedignas.com.mx\/index.php\/2023\/04\/11\/congreso-de-sinaloa-busca-ley-para-dignificar-vida-de-jornaleros-agricolas\/","title":{"rendered":"Congreso de Sinaloa busca ley para dignificar vida de jornaleros agr\u00edcolas"},"content":{"rendered":"\n<p><em><strong>Se analiz\u00f3 la posibilidad de legislar localmente, pero se determin\u00f3 que corresponde a los diputados federales<\/strong><\/em><\/p>\n\n\n\n<p>Culiac\u00e1n, Sin.- El Congreso de Sinaloa presentar\u00e1 una iniciativa al Congreso de la Uni\u00f3n para que se legisle y regularice la labor de jornaleros agr\u00edcolas en raz\u00f3n a sus salarios y prestaciones, as\u00ed como las condiciones bajo las cuales trabajan, inform\u00f3 el presidente de la Junta de Coordinaci\u00f3n Pol\u00edtica del Congreso del Estado, Feliciano Castro Mel\u00e9ndrez.<\/p>\n\n\n\n<p>\u201c<strong>En un primer momento se plante\u00f3 que legisl\u00e1ramos nosotros (Congreso de Sinaloa), se hizo la revisi\u00f3n correspondiente y se determin\u00f3 que no nos tocaba a nosotros como tal, que ten\u00eda que elevarse la iniciativa. Entonces lo que este Congreso tiene que hacer el procesar el planteamiento aqu\u00ed y concluir en la elaboraci\u00f3n de una iniciativa que deber\u00e1 presentarse ante el Congreso de la Uni\u00f3n<\/strong>\u201d, detall\u00f3 el legislador.<\/p>\n\n\n\n<figure class=\"wp-block-image size-full\"><img decoding=\"async\" width=\"1024\" height=\"684\" src=\"https:\/\/fuentesfidedignas.com.mx\/wp-content\/uploads\/2023\/04\/feliciano.jpg\" alt=\"\" class=\"wp-image-44217\"\/><\/figure>\n\n\n\n<p>Esto, a ra\u00edz de los recientes hechos donde al menos ocho menores han perdido la vida en cuarter\u00edas ubicadas en el municipio de Guasave, espec\u00edficamente en la sindicatura de Juan R\u00edos. Dicha situaci\u00f3n es alarmante, afirm\u00f3, y por ello se est\u00e1 tratando el tema de manera inmediata desde varios frentes, pero tambi\u00e9n es necesario analizar en materia federal c\u00f3mo se puede regularizar.<\/p>\n\n\n\n<p>En tanto, la diputada Deisy Judith Ayala Valenzuela, Presidenta de la Comisi\u00f3n de Asuntos Obreros y de Trabajo y Previsi\u00f3n Social, inform\u00f3 que en el Congreso local ya se han presentado iniciativas para la elaboraci\u00f3n de una ley para trabajadores agr\u00edcolas. Sin embargo, estas se mantienen en comisiones sin dictaminaci\u00f3n.<\/p>\n\n\n\n<iframe loading=\"lazy\" src=\"https:\/\/www.facebook.com\/plugins\/video.php?height=314&#038;href=https%3A%2F%2Fwww.facebook.com%2F368234489921644%2Fvideos%2F776762353868655%2F&#038;show_text=false&#038;width=560&#038;t=0\" width=\"560\" height=\"314\" style=\"border:none;overflow:hidden\" scrolling=\"no\" frameborder=\"0\" allowfullscreen=\"true\" allow=\"autoplay; clipboard-write; encrypted-media; picture-in-picture; web-share\" allowFullScreen=\"true\"><\/iframe>\n","protected":false},"excerpt":{"rendered":"<p>Se analiz\u00f3 la posibilidad de legislar localmente, pero se determin\u00f3 que corresponde a los diputados federales Culiac\u00e1n, Sin.- El Congreso de Sinaloa presentar\u00e1 una iniciativa al Congreso de la Uni\u00f3n para que se legisle y regularice la labor de jornaleros agr\u00edcolas en raz\u00f3n a sus salarios y prestaciones, as\u00ed como las condiciones bajo las cuales [&hellip;]<\/p>\n","protected":false},"author":11,"featured_media":44086,"comment_status":"open","ping_status":"open","sticky":false,"template":"","format":"standard","meta":{"tdm_status":"","tdm_grid_status":"","footnotes":""},"categories":[38],"tags":[],"class_list":{"0":"post-44211","1":"post","2":"type-post","3":"status-publish","4":"format-standard","5":"has-post-thumbnail","7":"category-noticias-locales"},"yoast_head":"<!-- This site is optimized with the Yoast SEO plugin v27.5 - https:\/\/yoast.com\/product\/yoast-seo-wordpress\/ -->\n<title>Congreso de Sinaloa busca ley para dignificar vida de jornaleros agr\u00edcolas - Fuentes Fidedignas<\/title>\n<meta name=\"robots\" content=\"index, follow, max-snippet:-1, max-image-preview:large, max-video-preview:-1\" \/>\n<link rel=\"canonical\" href=\"https:\/\/fuentesfidedignas.com.mx\/index.php\/2023\/04\/11\/congreso-de-sinaloa-busca-ley-para-dignificar-vida-de-jornaleros-agricolas\/\" \/>\n<meta property=\"og:locale\" content=\"es_MX\" \/>\n<meta property=\"og:type\" content=\"article\" \/>\n<meta property=\"og:title\" content=\"Congreso de Sinaloa busca ley para dignificar vida de jornaleros agr\u00edcolas - Fuentes Fidedignas\" \/>\n<meta property=\"og:description\" content=\"Se analiz\u00f3 la posibilidad de legislar localmente, pero se determin\u00f3 que corresponde a los diputados federales Culiac\u00e1n, Sin.- El Congreso de Sinaloa presentar\u00e1 una iniciativa al Congreso de la Uni\u00f3n para que se legisle y regularice la labor de jornaleros agr\u00edcolas en raz\u00f3n a sus salarios y prestaciones, as\u00ed como las condiciones bajo las cuales [&hellip;]\" \/>\n<meta property=\"og:url\" content=\"https:\/\/fuentesfidedignas.com.mx\/index.php\/2023\/04\/11\/congreso-de-sinaloa-busca-ley-para-dignificar-vida-de-jornaleros-agricolas\/\" \/>\n<meta property=\"og:site_name\" content=\"Fuentes Fidedignas\" \/>\n<meta property=\"article:publisher\" content=\"https:\/\/www.facebook.com\/Fuentes-Fidedignas-368234489921644\" \/>\n<meta property=\"article:published_time\" content=\"2023-04-11T21:25:11+00:00\" \/>\n<meta property=\"article:modified_time\" content=\"2023-04-11T22:08:23+00:00\" \/>\n<meta property=\"og:image\" content=\"https:\/\/fuentesfidedignas.com.mx\/wp-content\/uploads\/2023\/04\/images-19.jpeg\" \/>\n\t<meta property=\"og:image:width\" content=\"739\" \/>\n\t<meta property=\"og:image:height\" content=\"415\" \/>\n\t<meta property=\"og:image:type\" content=\"image\/jpeg\" \/>\n<meta name=\"author\" content=\"Marissa Palafox\" \/>\n<meta name=\"twitter:card\" content=\"summary_large_image\" \/>\n<meta name=\"twitter:creator\" content=\"@fidedignas\" \/>\n<meta name=\"twitter:site\" content=\"@fidedignas\" \/>\n<meta name=\"twitter:label1\" content=\"Escrito por\" \/>\n\t<meta name=\"twitter:data1\" content=\"Marissa Palafox\" \/>\n<script type=\"application\/ld+json\" class=\"yoast-schema-graph\">{\"@context\":\"https:\\\/\\\/schema.org\",\"@graph\":[{\"@type\":\"Article\",\"@id\":\"https:\\\/\\\/fuentesfidedignas.com.mx\\\/index.php\\\/2023\\\/04\\\/11\\\/congreso-de-sinaloa-busca-ley-para-dignificar-vida-de-jornaleros-agricolas\\\/#article\",\"isPartOf\":{\"@id\":\"https:\\\/\\\/fuentesfidedignas.com.mx\\\/index.php\\\/2023\\\/04\\\/11\\\/congreso-de-sinaloa-busca-ley-para-dignificar-vida-de-jornaleros-agricolas\\\/\"},\"author\":{\"name\":\"Marissa Palafox\",\"@id\":\"https:\\\/\\\/fuentesfidedignas.com.mx\\\/#\\\/schema\\\/person\\\/2c10028b4a30078c05a056a215342ab9\"},\"headline\":\"Congreso de Sinaloa busca ley para dignificar vida de jornaleros agr\u00edcolas\",\"datePublished\":\"2023-04-11T21:25:11+00:00\",\"dateModified\":\"2023-04-11T22:08:23+00:00\",\"mainEntityOfPage\":{\"@id\":\"https:\\\/\\\/fuentesfidedignas.com.mx\\\/index.php\\\/2023\\\/04\\\/11\\\/congreso-de-sinaloa-busca-ley-para-dignificar-vida-de-jornaleros-agricolas\\\/\"},\"wordCount\":288,\"commentCount\":0,\"publisher\":{\"@id\":\"https:\\\/\\\/fuentesfidedignas.com.mx\\\/#organization\"},\"image\":{\"@id\":\"https:\\\/\\\/fuentesfidedignas.com.mx\\\/index.php\\\/2023\\\/04\\\/11\\\/congreso-de-sinaloa-busca-ley-para-dignificar-vida-de-jornaleros-agricolas\\\/#primaryimage\"},\"thumbnailUrl\":\"https:\\\/\\\/fuentesfidedignas.com.mx\\\/wp-content\\\/uploads\\\/2023\\\/04\\\/images-19.jpeg\",\"articleSection\":[\"NOTICIAS LOCALES\"],\"inLanguage\":\"es\",\"potentialAction\":[{\"@type\":\"CommentAction\",\"name\":\"Comment\",\"target\":[\"https:\\\/\\\/fuentesfidedignas.com.mx\\\/index.php\\\/2023\\\/04\\\/11\\\/congreso-de-sinaloa-busca-ley-para-dignificar-vida-de-jornaleros-agricolas\\\/#respond\"]}]},{\"@type\":\"WebPage\",\"@id\":\"https:\\\/\\\/fuentesfidedignas.com.mx\\\/index.php\\\/2023\\\/04\\\/11\\\/congreso-de-sinaloa-busca-ley-para-dignificar-vida-de-jornaleros-agricolas\\\/\",\"url\":\"https:\\\/\\\/fuentesfidedignas.com.mx\\\/index.php\\\/2023\\\/04\\\/11\\\/congreso-de-sinaloa-busca-ley-para-dignificar-vida-de-jornaleros-agricolas\\\/\",\"name\":\"Congreso de Sinaloa busca ley para dignificar vida de jornaleros agr\u00edcolas - Fuentes Fidedignas\",\"isPartOf\":{\"@id\":\"https:\\\/\\\/fuentesfidedignas.com.mx\\\/#website\"},\"primaryImageOfPage\":{\"@id\":\"https:\\\/\\\/fuentesfidedignas.com.mx\\\/index.php\\\/2023\\\/04\\\/11\\\/congreso-de-sinaloa-busca-ley-para-dignificar-vida-de-jornaleros-agricolas\\\/#primaryimage\"},\"image\":{\"@id\":\"https:\\\/\\\/fuentesfidedignas.com.mx\\\/index.php\\\/2023\\\/04\\\/11\\\/congreso-de-sinaloa-busca-ley-para-dignificar-vida-de-jornaleros-agricolas\\\/#primaryimage\"},\"thumbnailUrl\":\"https:\\\/\\\/fuentesfidedignas.com.mx\\\/wp-content\\\/uploads\\\/2023\\\/04\\\/images-19.jpeg\",\"datePublished\":\"2023-04-11T21:25:11+00:00\",\"dateModified\":\"2023-04-11T22:08:23+00:00\",\"breadcrumb\":{\"@id\":\"https:\\\/\\\/fuentesfidedignas.com.mx\\\/index.php\\\/2023\\\/04\\\/11\\\/congreso-de-sinaloa-busca-ley-para-dignificar-vida-de-jornaleros-agricolas\\\/#breadcrumb\"},\"inLanguage\":\"es\",\"potentialAction\":[{\"@type\":\"ReadAction\",\"target\":[\"https:\\\/\\\/fuentesfidedignas.com.mx\\\/index.php\\\/2023\\\/04\\\/11\\\/congreso-de-sinaloa-busca-ley-para-dignificar-vida-de-jornaleros-agricolas\\\/\"]}]},{\"@type\":\"ImageObject\",\"inLanguage\":\"es\",\"@id\":\"https:\\\/\\\/fuentesfidedignas.com.mx\\\/index.php\\\/2023\\\/04\\\/11\\\/congreso-de-sinaloa-busca-ley-para-dignificar-vida-de-jornaleros-agricolas\\\/#primaryimage\",\"url\":\"https:\\\/\\\/fuentesfidedignas.com.mx\\\/wp-content\\\/uploads\\\/2023\\\/04\\\/images-19.jpeg\",\"contentUrl\":\"https:\\\/\\\/fuentesfidedignas.com.mx\\\/wp-content\\\/uploads\\\/2023\\\/04\\\/images-19.jpeg\",\"width\":739,\"height\":415},{\"@type\":\"BreadcrumbList\",\"@id\":\"https:\\\/\\\/fuentesfidedignas.com.mx\\\/index.php\\\/2023\\\/04\\\/11\\\/congreso-de-sinaloa-busca-ley-para-dignificar-vida-de-jornaleros-agricolas\\\/#breadcrumb\",\"itemListElement\":[{\"@type\":\"ListItem\",\"position\":1,\"name\":\"Inicio\",\"item\":\"https:\\\/\\\/fuentesfidedignas.com.mx\\\/\"},{\"@type\":\"ListItem\",\"position\":2,\"name\":\"Congreso de Sinaloa busca ley para dignificar vida de jornaleros agr\u00edcolas\"}]},{\"@type\":\"WebSite\",\"@id\":\"https:\\\/\\\/fuentesfidedignas.com.mx\\\/#website\",\"url\":\"https:\\\/\\\/fuentesfidedignas.com.mx\\\/\",\"name\":\"Fuentes Fidedignas\",\"description\":\"Otro sitio realizado con WordPress\",\"publisher\":{\"@id\":\"https:\\\/\\\/fuentesfidedignas.com.mx\\\/#organization\"},\"potentialAction\":[{\"@type\":\"SearchAction\",\"target\":{\"@type\":\"EntryPoint\",\"urlTemplate\":\"https:\\\/\\\/fuentesfidedignas.com.mx\\\/?s={search_term_string}\"},\"query-input\":{\"@type\":\"PropertyValueSpecification\",\"valueRequired\":true,\"valueName\":\"search_term_string\"}}],\"inLanguage\":\"es\"},{\"@type\":\"Organization\",\"@id\":\"https:\\\/\\\/fuentesfidedignas.com.mx\\\/#organization\",\"name\":\"Fuentes Fidedignas\",\"url\":\"https:\\\/\\\/fuentesfidedignas.com.mx\\\/\",\"logo\":{\"@type\":\"ImageObject\",\"inLanguage\":\"es\",\"@id\":\"https:\\\/\\\/fuentesfidedignas.com.mx\\\/#\\\/schema\\\/logo\\\/image\\\/\",\"url\":\"https:\\\/\\\/fuentesfidedignas.com.mx\\\/wp-content\\\/uploads\\\/2021\\\/04\\\/logo-retina.png\",\"contentUrl\":\"https:\\\/\\\/fuentesfidedignas.com.mx\\\/wp-content\\\/uploads\\\/2021\\\/04\\\/logo-retina.png\",\"width\":280,\"height\":51,\"caption\":\"Fuentes Fidedignas\"},\"image\":{\"@id\":\"https:\\\/\\\/fuentesfidedignas.com.mx\\\/#\\\/schema\\\/logo\\\/image\\\/\"},\"sameAs\":[\"https:\\\/\\\/www.facebook.com\\\/Fuentes-Fidedignas-368234489921644\",\"https:\\\/\\\/x.com\\\/fidedignas\"]},{\"@type\":\"Person\",\"@id\":\"https:\\\/\\\/fuentesfidedignas.com.mx\\\/#\\\/schema\\\/person\\\/2c10028b4a30078c05a056a215342ab9\",\"name\":\"Marissa Palafox\",\"image\":{\"@type\":\"ImageObject\",\"inLanguage\":\"es\",\"@id\":\"https:\\\/\\\/secure.gravatar.com\\\/avatar\\\/20a43bdb2f2db10f20b22d4e98b96eb027faf98f7f76d29854dc5fab46d1cf71?s=96&d=mm&r=g\",\"url\":\"https:\\\/\\\/secure.gravatar.com\\\/avatar\\\/20a43bdb2f2db10f20b22d4e98b96eb027faf98f7f76d29854dc5fab46d1cf71?s=96&d=mm&r=g\",\"contentUrl\":\"https:\\\/\\\/secure.gravatar.com\\\/avatar\\\/20a43bdb2f2db10f20b22d4e98b96eb027faf98f7f76d29854dc5fab46d1cf71?s=96&d=mm&r=g\",\"caption\":\"Marissa Palafox\"},\"url\":\"https:\\\/\\\/fuentesfidedignas.com.mx\\\/index.php\\\/author\\\/marissa\\\/\"}]}<\/script>\n<!-- \/ Yoast SEO plugin. -->","yoast_head_json":{"title":"Congreso de Sinaloa busca ley para dignificar vida de jornaleros agr\u00edcolas - Fuentes Fidedignas","robots":{"index":"index","follow":"follow","max-snippet":"max-snippet:-1","max-image-preview":"max-image-preview:large","max-video-preview":"max-video-preview:-1"},"canonical":"https:\/\/fuentesfidedignas.com.mx\/index.php\/2023\/04\/11\/congreso-de-sinaloa-busca-ley-para-dignificar-vida-de-jornaleros-agricolas\/","og_locale":"es_MX","og_type":"article","og_title":"Congreso de Sinaloa busca ley para dignificar vida de jornaleros agr\u00edcolas - Fuentes Fidedignas","og_description":"Se analiz\u00f3 la posibilidad de legislar localmente, pero se determin\u00f3 que corresponde a los diputados federales Culiac\u00e1n, Sin.- El Congreso de Sinaloa presentar\u00e1 una iniciativa al Congreso de la Uni\u00f3n para que se legisle y regularice la labor de jornaleros agr\u00edcolas en raz\u00f3n a sus salarios y prestaciones, as\u00ed como las condiciones bajo las cuales [&hellip;]","og_url":"https:\/\/fuentesfidedignas.com.mx\/index.php\/2023\/04\/11\/congreso-de-sinaloa-busca-ley-para-dignificar-vida-de-jornaleros-agricolas\/","og_site_name":"Fuentes Fidedignas","article_publisher":"https:\/\/www.facebook.com\/Fuentes-Fidedignas-368234489921644","article_published_time":"2023-04-11T21:25:11+00:00","article_modified_time":"2023-04-11T22:08:23+00:00","og_image":[{"width":739,"height":415,"url":"https:\/\/fuentesfidedignas.com.mx\/wp-content\/uploads\/2023\/04\/images-19.jpeg","type":"image\/jpeg"}],"author":"Marissa Palafox","twitter_card":"summary_large_image","twitter_creator":"@fidedignas","twitter_site":"@fidedignas","twitter_misc":{"Escrito por":"Marissa Palafox"},"schema":{"@context":"https:\/\/schema.org","@graph":[{"@type":"Article","@id":"https:\/\/fuentesfidedignas.com.mx\/index.php\/2023\/04\/11\/congreso-de-sinaloa-busca-ley-para-dignificar-vida-de-jornaleros-agricolas\/#article","isPartOf":{"@id":"https:\/\/fuentesfidedignas.com.mx\/index.php\/2023\/04\/11\/congreso-de-sinaloa-busca-ley-para-dignificar-vida-de-jornaleros-agricolas\/"},"author":{"name":"Marissa Palafox","@id":"https:\/\/fuentesfidedignas.com.mx\/#\/schema\/person\/2c10028b4a30078c05a056a215342ab9"},"headline":"Congreso de Sinaloa busca ley para dignificar vida de jornaleros agr\u00edcolas","datePublished":"2023-04-11T21:25:11+00:00","dateModified":"2023-04-11T22:08:23+00:00","mainEntityOfPage":{"@id":"https:\/\/fuentesfidedignas.com.mx\/index.php\/2023\/04\/11\/congreso-de-sinaloa-busca-ley-para-dignificar-vida-de-jornaleros-agricolas\/"},"wordCount":288,"commentCount":0,"publisher":{"@id":"https:\/\/fuentesfidedignas.com.mx\/#organization"},"image":{"@id":"https:\/\/fuentesfidedignas.com.mx\/index.php\/2023\/04\/11\/congreso-de-sinaloa-busca-ley-para-dignificar-vida-de-jornaleros-agricolas\/#primaryimage"},"thumbnailUrl":"https:\/\/fuentesfidedignas.com.mx\/wp-content\/uploads\/2023\/04\/images-19.jpeg","articleSection":["NOTICIAS LOCALES"],"inLanguage":"es","potentialAction":[{"@type":"CommentAction","name":"Comment","target":["https:\/\/fuentesfidedignas.com.mx\/index.php\/2023\/04\/11\/congreso-de-sinaloa-busca-ley-para-dignificar-vida-de-jornaleros-agricolas\/#respond"]}]},{"@type":"WebPage","@id":"https:\/\/fuentesfidedignas.com.mx\/index.php\/2023\/04\/11\/congreso-de-sinaloa-busca-ley-para-dignificar-vida-de-jornaleros-agricolas\/","url":"https:\/\/fuentesfidedignas.com.mx\/index.php\/2023\/04\/11\/congreso-de-sinaloa-busca-ley-para-dignificar-vida-de-jornaleros-agricolas\/","name":"Congreso de Sinaloa busca ley para dignificar vida de jornaleros agr\u00edcolas - Fuentes Fidedignas","isPartOf":{"@id":"https:\/\/fuentesfidedignas.com.mx\/#website"},"primaryImageOfPage":{"@id":"https:\/\/fuentesfidedignas.com.mx\/index.php\/2023\/04\/11\/congreso-de-sinaloa-busca-ley-para-dignificar-vida-de-jornaleros-agricolas\/#primaryimage"},"image":{"@id":"https:\/\/fuentesfidedignas.com.mx\/index.php\/2023\/04\/11\/congreso-de-sinaloa-busca-ley-para-dignificar-vida-de-jornaleros-agricolas\/#primaryimage"},"thumbnailUrl":"https:\/\/fuentesfidedignas.com.mx\/wp-content\/uploads\/2023\/04\/images-19.jpeg","datePublished":"2023-04-11T21:25:11+00:00","dateModified":"2023-04-11T22:08:23+00:00","breadcrumb":{"@id":"https:\/\/fuentesfidedignas.com.mx\/index.php\/2023\/04\/11\/congreso-de-sinaloa-busca-ley-para-dignificar-vida-de-jornaleros-agricolas\/#breadcrumb"},"inLanguage":"es","potentialAction":[{"@type":"ReadAction","target":["https:\/\/fuentesfidedignas.com.mx\/index.php\/2023\/04\/11\/congreso-de-sinaloa-busca-ley-para-dignificar-vida-de-jornaleros-agricolas\/"]}]},{"@type":"ImageObject","inLanguage":"es","@id":"https:\/\/fuentesfidedignas.com.mx\/index.php\/2023\/04\/11\/congreso-de-sinaloa-busca-ley-para-dignificar-vida-de-jornaleros-agricolas\/#primaryimage","url":"https:\/\/fuentesfidedignas.com.mx\/wp-content\/uploads\/2023\/04\/images-19.jpeg","contentUrl":"https:\/\/fuentesfidedignas.com.mx\/wp-content\/uploads\/2023\/04\/images-19.jpeg","width":739,"height":415},{"@type":"BreadcrumbList","@id":"https:\/\/fuentesfidedignas.com.mx\/index.php\/2023\/04\/11\/congreso-de-sinaloa-busca-ley-para-dignificar-vida-de-jornaleros-agricolas\/#breadcrumb","itemListElement":[{"@type":"ListItem","position":1,"name":"Inicio","item":"https:\/\/fuentesfidedignas.com.mx\/"},{"@type":"ListItem","position":2,"name":"Congreso de Sinaloa busca ley para dignificar vida de jornaleros agr\u00edcolas"}]},{"@type":"WebSite","@id":"https:\/\/fuentesfidedignas.com.mx\/#website","url":"https:\/\/fuentesfidedignas.com.mx\/","name":"Fuentes Fidedignas","description":"Otro sitio realizado con WordPress","publisher":{"@id":"https:\/\/fuentesfidedignas.com.mx\/#organization"},"potentialAction":[{"@type":"SearchAction","target":{"@type":"EntryPoint","urlTemplate":"https:\/\/fuentesfidedignas.com.mx\/?s={search_term_string}"},"query-input":{"@type":"PropertyValueSpecification","valueRequired":true,"valueName":"search_term_string"}}],"inLanguage":"es"},{"@type":"Organization","@id":"https:\/\/fuentesfidedignas.com.mx\/#organization","name":"Fuentes Fidedignas","url":"https:\/\/fuentesfidedignas.com.mx\/","logo":{"@type":"ImageObject","inLanguage":"es","@id":"https:\/\/fuentesfidedignas.com.mx\/#\/schema\/logo\/image\/","url":"https:\/\/fuentesfidedignas.com.mx\/wp-content\/uploads\/2021\/04\/logo-retina.png","contentUrl":"https:\/\/fuentesfidedignas.com.mx\/wp-content\/uploads\/2021\/04\/logo-retina.png","width":280,"height":51,"caption":"Fuentes Fidedignas"},"image":{"@id":"https:\/\/fuentesfidedignas.com.mx\/#\/schema\/logo\/image\/"},"sameAs":["https:\/\/www.facebook.com\/Fuentes-Fidedignas-368234489921644","https:\/\/x.com\/fidedignas"]},{"@type":"Person","@id":"https:\/\/fuentesfidedignas.com.mx\/#\/schema\/person\/2c10028b4a30078c05a056a215342ab9","name":"Marissa Palafox","image":{"@type":"ImageObject","inLanguage":"es","@id":"https:\/\/secure.gravatar.com\/avatar\/20a43bdb2f2db10f20b22d4e98b96eb027faf98f7f76d29854dc5fab46d1cf71?s=96&d=mm&r=g","url":"https:\/\/secure.gravatar.com\/avatar\/20a43bdb2f2db10f20b22d4e98b96eb027faf98f7f76d29854dc5fab46d1cf71?s=96&d=mm&r=g","contentUrl":"https:\/\/secure.gravatar.com\/avatar\/20a43bdb2f2db10f20b22d4e98b96eb027faf98f7f76d29854dc5fab46d1cf71?s=96&d=mm&r=g","caption":"Marissa Palafox"},"url":"https:\/\/fuentesfidedignas.com.mx\/index.php\/author\/marissa\/"}]}},"_links":{"self":[{"href":"https:\/\/fuentesfidedignas.com.mx\/index.php\/wp-json\/wp\/v2\/posts\/44211","targetHints":{"allow":["GET"]}}],"collection":[{"href":"https:\/\/fuentesfidedignas.com.mx\/index.php\/wp-json\/wp\/v2\/posts"}],"about":[{"href":"https:\/\/fuentesfidedignas.com.mx\/index.php\/wp-json\/wp\/v2\/types\/post"}],"author":[{"embeddable":true,"href":"https:\/\/fuentesfidedignas.com.mx\/index.php\/wp-json\/wp\/v2\/users\/11"}],"replies":[{"embeddable":true,"href":"https:\/\/fuentesfidedignas.com.mx\/index.php\/wp-json\/wp\/v2\/comments?post=44211"}],"version-history":[{"count":1,"href":"https:\/\/fuentesfidedignas.com.mx\/index.php\/wp-json\/wp\/v2\/posts\/44211\/revisions"}],"predecessor-version":[{"id":44218,"href":"https:\/\/fuentesfidedignas.com.mx\/index.php\/wp-json\/wp\/v2\/posts\/44211\/revisions\/44218"}],"wp:featuredmedia":[{"embeddable":true,"href":"https:\/\/fuentesfidedignas.com.mx\/index.php\/wp-json\/wp\/v2\/media\/44086"}],"wp:attachment":[{"href":"https:\/\/fuentesfidedignas.com.mx\/index.php\/wp-json\/wp\/v2\/media?parent=44211"}],"wp:term":[{"taxonomy":"category","embeddable":true,"href":"https:\/\/fuentesfidedignas.com.mx\/index.php\/wp-json\/wp\/v2\/categories?post=44211"},{"taxonomy":"post_tag","embeddable":true,"href":"https:\/\/fuentesfidedignas.com.mx\/index.php\/wp-json\/wp\/v2\/tags?post=44211"}],"curies":[{"name":"wp","href":"https:\/\/api.w.org\/{rel}","templated":true}]}}