{"id":44205,"date":"2023-04-11T12:23:00","date_gmt":"2023-04-11T18:23:00","guid":{"rendered":"https:\/\/fuentesfidedignas.com.mx\/?p=44205"},"modified":"2023-04-11T16:08:55","modified_gmt":"2023-04-11T22:08:55","slug":"a-favor-de-la-democratizacion-de-la-uas-movimiento-ciudadano","status":"publish","type":"post","link":"https:\/\/fuentesfidedignas.com.mx\/index.php\/2023\/04\/11\/a-favor-de-la-democratizacion-de-la-uas-movimiento-ciudadano\/","title":{"rendered":"A favor de la democratizaci\u00f3n de la UAS: Movimiento Ciudadano"},"content":{"rendered":"\n<p><strong><em>Que el rector Madue\u00f1a y la UAS sean los impulsores de la transparencia y la rendici\u00f3n de cuentas, pide Sergio Torres<\/em><\/strong> <\/p>\n\n\n\n<p>Culiac\u00e1n, Sin. Estamos a favor de que la Universidad Aut\u00f3noma de Sinaloa sea liberada de cualquier inter\u00e9s personal y pol\u00edtico. El rector de la UAS debe de ser impulsor de la transparencia porque la universidad no es propiedad de \u00e9l ni de las autoridades universitarias, sino que, dijo, de los Sinaloenses, afirm\u00f3 Sergio Torres en conferencia de prensa.<\/p>\n\n\n\n<p>Agreg\u00f3, que el rector no tiene que envolverse en la \u201cbandera de m\u00e1rtir\u201d y que es una obligaci\u00f3n la que tiene de transparentar a la instituci\u00f3n educativa y dejar que la Auditoria Superior del Estado fiscalice sus cuentas. Ya que, dijo, que el ser auditados no viola la autonom\u00eda de la universidad. Manifest\u00f3 que la UAS tiene autonom\u00eda para decidir qu\u00e9 hacer con el gasto y saber d\u00f3nde y en qu\u00e9 invertirlo, pero no para negarse a ser auditados.<\/p>\n\n\n\n<iframe loading=\"lazy\" src=\"https:\/\/www.facebook.com\/plugins\/video.php?height=314&#038;href=https%3A%2F%2Fwww.facebook.com%2Fsergiotorresfelix%2Fvideos%2F982179046104916%2F&#038;show_text=false&#038;width=560&#038;t=0\" width=\"560\" height=\"314\" style=\"border:none;overflow:hidden\" scrolling=\"no\" frameborder=\"0\" allowfullscreen=\"true\" allow=\"autoplay; clipboard-write; encrypted-media; picture-in-picture; web-share\" allowFullScreen=\"true\"><\/iframe>\n\n\n\n<p>El l\u00edder estatal de Movimiento Ciudadano, asever\u00f3 que no deben de escudarse en esa autonom\u00eda para negarse a ser auditados y no dar informaci\u00f3n a los sinaloenses para indicarles en qu\u00e9 se gastan los recursos de la Universidad porque, agreg\u00f3, que esos recursos se deben a que los padres de familia pagan para meter estudiar a sus hijos a dicha instituci\u00f3n por lo que era por ellos a los que le deb\u00eda de informar sobre la situaci\u00f3n financiera.<\/p>\n\n\n\n<p>Torres lanz\u00f3 un exhorto al rector a que no quiera confundir a la sociedad, que sean impulsores de la transparencia y que permita que la Auditoria Superior del Estado audite las cuentas de la UAS porque, dijo, que la ASE era un ente facultado constitucionalmente para hacerlo.<\/p>\n\n\n\n<p>Finaliz\u00f3 diciendo que en Movimiento Ciudadano estaban a favor de que los estudiantes, maestros y los trabajadores sean los que decidan el presente y el futuro de la universidad porque asegur\u00f3 que el PAS y H\u00e9ctor Melesio Cu\u00e9n estaban metidos \u201chasta en la cocina\u201d en los asuntos de la universidad y que \u00e9sta deber\u00eda de ser destetada de asuntos personales y partidistas, puntualiz\u00f3.<\/p>\n","protected":false},"excerpt":{"rendered":"<p>Que el rector Madue\u00f1a y la UAS sean los impulsores de la transparencia y la rendici\u00f3n de cuentas, pide Sergio Torres Culiac\u00e1n, Sin. Estamos a favor de que la Universidad Aut\u00f3noma de Sinaloa sea liberada de cualquier inter\u00e9s personal y pol\u00edtico. El rector de la UAS debe de ser impulsor de la transparencia porque la [&hellip;]<\/p>\n","protected":false},"author":4,"featured_media":44200,"comment_status":"open","ping_status":"open","sticky":false,"template":"","format":"standard","meta":{"tdm_status":"","tdm_grid_status":"","footnotes":""},"categories":[37],"tags":[],"class_list":{"0":"post-44205","1":"post","2":"type-post","3":"status-publish","4":"format-standard","5":"has-post-thumbnail","7":"category-nota-principal"},"yoast_head":"<!-- This site is optimized with the Yoast SEO plugin v27.5 - https:\/\/yoast.com\/product\/yoast-seo-wordpress\/ -->\n<title>A favor de la democratizaci\u00f3n de la UAS: Movimiento Ciudadano - Fuentes Fidedignas<\/title>\n<meta name=\"robots\" content=\"index, follow, max-snippet:-1, max-image-preview:large, max-video-preview:-1\" \/>\n<link rel=\"canonical\" href=\"https:\/\/fuentesfidedignas.com.mx\/index.php\/2023\/04\/11\/a-favor-de-la-democratizacion-de-la-uas-movimiento-ciudadano\/\" \/>\n<meta property=\"og:locale\" content=\"es_MX\" \/>\n<meta property=\"og:type\" content=\"article\" \/>\n<meta property=\"og:title\" content=\"A favor de la democratizaci\u00f3n de la UAS: Movimiento Ciudadano - Fuentes Fidedignas\" \/>\n<meta property=\"og:description\" content=\"Que el rector Madue\u00f1a y la UAS sean los impulsores de la transparencia y la rendici\u00f3n de cuentas, pide Sergio Torres Culiac\u00e1n, Sin. Estamos a favor de que la Universidad Aut\u00f3noma de Sinaloa sea liberada de cualquier inter\u00e9s personal y pol\u00edtico. El rector de la UAS debe de ser impulsor de la transparencia porque la [&hellip;]\" \/>\n<meta property=\"og:url\" content=\"https:\/\/fuentesfidedignas.com.mx\/index.php\/2023\/04\/11\/a-favor-de-la-democratizacion-de-la-uas-movimiento-ciudadano\/\" \/>\n<meta property=\"og:site_name\" content=\"Fuentes Fidedignas\" \/>\n<meta property=\"article:publisher\" content=\"https:\/\/www.facebook.com\/Fuentes-Fidedignas-368234489921644\" \/>\n<meta property=\"article:published_time\" content=\"2023-04-11T18:23:00+00:00\" \/>\n<meta property=\"article:modified_time\" content=\"2023-04-11T22:08:55+00:00\" \/>\n<meta property=\"og:image\" content=\"https:\/\/fuentesfidedignas.com.mx\/wp-content\/uploads\/2023\/04\/image_editor_output_image1348051863-1681243683282.jpg\" \/>\n\t<meta property=\"og:image:width\" content=\"1256\" \/>\n\t<meta property=\"og:image:height\" content=\"900\" \/>\n\t<meta property=\"og:image:type\" content=\"image\/jpeg\" \/>\n<meta name=\"author\" content=\"Redacci\u00f3n\" \/>\n<meta name=\"twitter:card\" content=\"summary_large_image\" \/>\n<meta name=\"twitter:creator\" content=\"@fidedignas\" \/>\n<meta name=\"twitter:site\" content=\"@fidedignas\" \/>\n<meta name=\"twitter:label1\" content=\"Escrito por\" \/>\n\t<meta name=\"twitter:data1\" content=\"Redacci\u00f3n\" \/>\n\t<meta name=\"twitter:label2\" content=\"Tiempo de lectura\" \/>\n\t<meta name=\"twitter:data2\" content=\"2 minutos\" \/>\n<script type=\"application\/ld+json\" class=\"yoast-schema-graph\">{\"@context\":\"https:\\\/\\\/schema.org\",\"@graph\":[{\"@type\":\"Article\",\"@id\":\"https:\\\/\\\/fuentesfidedignas.com.mx\\\/index.php\\\/2023\\\/04\\\/11\\\/a-favor-de-la-democratizacion-de-la-uas-movimiento-ciudadano\\\/#article\",\"isPartOf\":{\"@id\":\"https:\\\/\\\/fuentesfidedignas.com.mx\\\/index.php\\\/2023\\\/04\\\/11\\\/a-favor-de-la-democratizacion-de-la-uas-movimiento-ciudadano\\\/\"},\"author\":{\"name\":\"Redacci\u00f3n\",\"@id\":\"https:\\\/\\\/fuentesfidedignas.com.mx\\\/#\\\/schema\\\/person\\\/331be9283d37198e2acd5750279085b0\"},\"headline\":\"A favor de la democratizaci\u00f3n de la UAS: Movimiento Ciudadano\",\"datePublished\":\"2023-04-11T18:23:00+00:00\",\"dateModified\":\"2023-04-11T22:08:55+00:00\",\"mainEntityOfPage\":{\"@id\":\"https:\\\/\\\/fuentesfidedignas.com.mx\\\/index.php\\\/2023\\\/04\\\/11\\\/a-favor-de-la-democratizacion-de-la-uas-movimiento-ciudadano\\\/\"},\"wordCount\":378,\"commentCount\":0,\"publisher\":{\"@id\":\"https:\\\/\\\/fuentesfidedignas.com.mx\\\/#organization\"},\"image\":{\"@id\":\"https:\\\/\\\/fuentesfidedignas.com.mx\\\/index.php\\\/2023\\\/04\\\/11\\\/a-favor-de-la-democratizacion-de-la-uas-movimiento-ciudadano\\\/#primaryimage\"},\"thumbnailUrl\":\"https:\\\/\\\/fuentesfidedignas.com.mx\\\/wp-content\\\/uploads\\\/2023\\\/04\\\/image_editor_output_image1348051863-1681243683282.jpg\",\"articleSection\":[\"NOTA PRINCIPAL\"],\"inLanguage\":\"es\",\"potentialAction\":[{\"@type\":\"CommentAction\",\"name\":\"Comment\",\"target\":[\"https:\\\/\\\/fuentesfidedignas.com.mx\\\/index.php\\\/2023\\\/04\\\/11\\\/a-favor-de-la-democratizacion-de-la-uas-movimiento-ciudadano\\\/#respond\"]}]},{\"@type\":\"WebPage\",\"@id\":\"https:\\\/\\\/fuentesfidedignas.com.mx\\\/index.php\\\/2023\\\/04\\\/11\\\/a-favor-de-la-democratizacion-de-la-uas-movimiento-ciudadano\\\/\",\"url\":\"https:\\\/\\\/fuentesfidedignas.com.mx\\\/index.php\\\/2023\\\/04\\\/11\\\/a-favor-de-la-democratizacion-de-la-uas-movimiento-ciudadano\\\/\",\"name\":\"A favor de la democratizaci\u00f3n de la UAS: Movimiento Ciudadano - Fuentes Fidedignas\",\"isPartOf\":{\"@id\":\"https:\\\/\\\/fuentesfidedignas.com.mx\\\/#website\"},\"primaryImageOfPage\":{\"@id\":\"https:\\\/\\\/fuentesfidedignas.com.mx\\\/index.php\\\/2023\\\/04\\\/11\\\/a-favor-de-la-democratizacion-de-la-uas-movimiento-ciudadano\\\/#primaryimage\"},\"image\":{\"@id\":\"https:\\\/\\\/fuentesfidedignas.com.mx\\\/index.php\\\/2023\\\/04\\\/11\\\/a-favor-de-la-democratizacion-de-la-uas-movimiento-ciudadano\\\/#primaryimage\"},\"thumbnailUrl\":\"https:\\\/\\\/fuentesfidedignas.com.mx\\\/wp-content\\\/uploads\\\/2023\\\/04\\\/image_editor_output_image1348051863-1681243683282.jpg\",\"datePublished\":\"2023-04-11T18:23:00+00:00\",\"dateModified\":\"2023-04-11T22:08:55+00:00\",\"breadcrumb\":{\"@id\":\"https:\\\/\\\/fuentesfidedignas.com.mx\\\/index.php\\\/2023\\\/04\\\/11\\\/a-favor-de-la-democratizacion-de-la-uas-movimiento-ciudadano\\\/#breadcrumb\"},\"inLanguage\":\"es\",\"potentialAction\":[{\"@type\":\"ReadAction\",\"target\":[\"https:\\\/\\\/fuentesfidedignas.com.mx\\\/index.php\\\/2023\\\/04\\\/11\\\/a-favor-de-la-democratizacion-de-la-uas-movimiento-ciudadano\\\/\"]}]},{\"@type\":\"ImageObject\",\"inLanguage\":\"es\",\"@id\":\"https:\\\/\\\/fuentesfidedignas.com.mx\\\/index.php\\\/2023\\\/04\\\/11\\\/a-favor-de-la-democratizacion-de-la-uas-movimiento-ciudadano\\\/#primaryimage\",\"url\":\"https:\\\/\\\/fuentesfidedignas.com.mx\\\/wp-content\\\/uploads\\\/2023\\\/04\\\/image_editor_output_image1348051863-1681243683282.jpg\",\"contentUrl\":\"https:\\\/\\\/fuentesfidedignas.com.mx\\\/wp-content\\\/uploads\\\/2023\\\/04\\\/image_editor_output_image1348051863-1681243683282.jpg\",\"width\":1256,\"height\":900},{\"@type\":\"BreadcrumbList\",\"@id\":\"https:\\\/\\\/fuentesfidedignas.com.mx\\\/index.php\\\/2023\\\/04\\\/11\\\/a-favor-de-la-democratizacion-de-la-uas-movimiento-ciudadano\\\/#breadcrumb\",\"itemListElement\":[{\"@type\":\"ListItem\",\"position\":1,\"name\":\"Inicio\",\"item\":\"https:\\\/\\\/fuentesfidedignas.com.mx\\\/\"},{\"@type\":\"ListItem\",\"position\":2,\"name\":\"A favor de la democratizaci\u00f3n de la UAS: Movimiento Ciudadano\"}]},{\"@type\":\"WebSite\",\"@id\":\"https:\\\/\\\/fuentesfidedignas.com.mx\\\/#website\",\"url\":\"https:\\\/\\\/fuentesfidedignas.com.mx\\\/\",\"name\":\"Fuentes Fidedignas\",\"description\":\"Otro sitio realizado con WordPress\",\"publisher\":{\"@id\":\"https:\\\/\\\/fuentesfidedignas.com.mx\\\/#organization\"},\"potentialAction\":[{\"@type\":\"SearchAction\",\"target\":{\"@type\":\"EntryPoint\",\"urlTemplate\":\"https:\\\/\\\/fuentesfidedignas.com.mx\\\/?s={search_term_string}\"},\"query-input\":{\"@type\":\"PropertyValueSpecification\",\"valueRequired\":true,\"valueName\":\"search_term_string\"}}],\"inLanguage\":\"es\"},{\"@type\":\"Organization\",\"@id\":\"https:\\\/\\\/fuentesfidedignas.com.mx\\\/#organization\",\"name\":\"Fuentes Fidedignas\",\"url\":\"https:\\\/\\\/fuentesfidedignas.com.mx\\\/\",\"logo\":{\"@type\":\"ImageObject\",\"inLanguage\":\"es\",\"@id\":\"https:\\\/\\\/fuentesfidedignas.com.mx\\\/#\\\/schema\\\/logo\\\/image\\\/\",\"url\":\"https:\\\/\\\/fuentesfidedignas.com.mx\\\/wp-content\\\/uploads\\\/2021\\\/04\\\/logo-retina.png\",\"contentUrl\":\"https:\\\/\\\/fuentesfidedignas.com.mx\\\/wp-content\\\/uploads\\\/2021\\\/04\\\/logo-retina.png\",\"width\":280,\"height\":51,\"caption\":\"Fuentes Fidedignas\"},\"image\":{\"@id\":\"https:\\\/\\\/fuentesfidedignas.com.mx\\\/#\\\/schema\\\/logo\\\/image\\\/\"},\"sameAs\":[\"https:\\\/\\\/www.facebook.com\\\/Fuentes-Fidedignas-368234489921644\",\"https:\\\/\\\/x.com\\\/fidedignas\"]},{\"@type\":\"Person\",\"@id\":\"https:\\\/\\\/fuentesfidedignas.com.mx\\\/#\\\/schema\\\/person\\\/331be9283d37198e2acd5750279085b0\",\"name\":\"Redacci\u00f3n\",\"image\":{\"@type\":\"ImageObject\",\"inLanguage\":\"es\",\"@id\":\"https:\\\/\\\/secure.gravatar.com\\\/avatar\\\/f6d8782c11d12b2d4ad3fbb6931aeab5309937a4d6cd2fc9cfaa28a6396a5aec?s=96&d=mm&r=g\",\"url\":\"https:\\\/\\\/secure.gravatar.com\\\/avatar\\\/f6d8782c11d12b2d4ad3fbb6931aeab5309937a4d6cd2fc9cfaa28a6396a5aec?s=96&d=mm&r=g\",\"contentUrl\":\"https:\\\/\\\/secure.gravatar.com\\\/avatar\\\/f6d8782c11d12b2d4ad3fbb6931aeab5309937a4d6cd2fc9cfaa28a6396a5aec?s=96&d=mm&r=g\",\"caption\":\"Redacci\u00f3n\"},\"url\":\"https:\\\/\\\/fuentesfidedignas.com.mx\\\/index.php\\\/author\\\/redaccion\\\/\"}]}<\/script>\n<!-- \/ Yoast SEO plugin. -->","yoast_head_json":{"title":"A favor de la democratizaci\u00f3n de la UAS: Movimiento Ciudadano - Fuentes Fidedignas","robots":{"index":"index","follow":"follow","max-snippet":"max-snippet:-1","max-image-preview":"max-image-preview:large","max-video-preview":"max-video-preview:-1"},"canonical":"https:\/\/fuentesfidedignas.com.mx\/index.php\/2023\/04\/11\/a-favor-de-la-democratizacion-de-la-uas-movimiento-ciudadano\/","og_locale":"es_MX","og_type":"article","og_title":"A favor de la democratizaci\u00f3n de la UAS: Movimiento Ciudadano - Fuentes Fidedignas","og_description":"Que el rector Madue\u00f1a y la UAS sean los impulsores de la transparencia y la rendici\u00f3n de cuentas, pide Sergio Torres Culiac\u00e1n, Sin. Estamos a favor de que la Universidad Aut\u00f3noma de Sinaloa sea liberada de cualquier inter\u00e9s personal y pol\u00edtico. El rector de la UAS debe de ser impulsor de la transparencia porque la [&hellip;]","og_url":"https:\/\/fuentesfidedignas.com.mx\/index.php\/2023\/04\/11\/a-favor-de-la-democratizacion-de-la-uas-movimiento-ciudadano\/","og_site_name":"Fuentes Fidedignas","article_publisher":"https:\/\/www.facebook.com\/Fuentes-Fidedignas-368234489921644","article_published_time":"2023-04-11T18:23:00+00:00","article_modified_time":"2023-04-11T22:08:55+00:00","og_image":[{"width":1256,"height":900,"url":"https:\/\/fuentesfidedignas.com.mx\/wp-content\/uploads\/2023\/04\/image_editor_output_image1348051863-1681243683282.jpg","type":"image\/jpeg"}],"author":"Redacci\u00f3n","twitter_card":"summary_large_image","twitter_creator":"@fidedignas","twitter_site":"@fidedignas","twitter_misc":{"Escrito por":"Redacci\u00f3n","Tiempo de lectura":"2 minutos"},"schema":{"@context":"https:\/\/schema.org","@graph":[{"@type":"Article","@id":"https:\/\/fuentesfidedignas.com.mx\/index.php\/2023\/04\/11\/a-favor-de-la-democratizacion-de-la-uas-movimiento-ciudadano\/#article","isPartOf":{"@id":"https:\/\/fuentesfidedignas.com.mx\/index.php\/2023\/04\/11\/a-favor-de-la-democratizacion-de-la-uas-movimiento-ciudadano\/"},"author":{"name":"Redacci\u00f3n","@id":"https:\/\/fuentesfidedignas.com.mx\/#\/schema\/person\/331be9283d37198e2acd5750279085b0"},"headline":"A favor de la democratizaci\u00f3n de la UAS: Movimiento Ciudadano","datePublished":"2023-04-11T18:23:00+00:00","dateModified":"2023-04-11T22:08:55+00:00","mainEntityOfPage":{"@id":"https:\/\/fuentesfidedignas.com.mx\/index.php\/2023\/04\/11\/a-favor-de-la-democratizacion-de-la-uas-movimiento-ciudadano\/"},"wordCount":378,"commentCount":0,"publisher":{"@id":"https:\/\/fuentesfidedignas.com.mx\/#organization"},"image":{"@id":"https:\/\/fuentesfidedignas.com.mx\/index.php\/2023\/04\/11\/a-favor-de-la-democratizacion-de-la-uas-movimiento-ciudadano\/#primaryimage"},"thumbnailUrl":"https:\/\/fuentesfidedignas.com.mx\/wp-content\/uploads\/2023\/04\/image_editor_output_image1348051863-1681243683282.jpg","articleSection":["NOTA PRINCIPAL"],"inLanguage":"es","potentialAction":[{"@type":"CommentAction","name":"Comment","target":["https:\/\/fuentesfidedignas.com.mx\/index.php\/2023\/04\/11\/a-favor-de-la-democratizacion-de-la-uas-movimiento-ciudadano\/#respond"]}]},{"@type":"WebPage","@id":"https:\/\/fuentesfidedignas.com.mx\/index.php\/2023\/04\/11\/a-favor-de-la-democratizacion-de-la-uas-movimiento-ciudadano\/","url":"https:\/\/fuentesfidedignas.com.mx\/index.php\/2023\/04\/11\/a-favor-de-la-democratizacion-de-la-uas-movimiento-ciudadano\/","name":"A favor de la democratizaci\u00f3n de la UAS: Movimiento Ciudadano - Fuentes Fidedignas","isPartOf":{"@id":"https:\/\/fuentesfidedignas.com.mx\/#website"},"primaryImageOfPage":{"@id":"https:\/\/fuentesfidedignas.com.mx\/index.php\/2023\/04\/11\/a-favor-de-la-democratizacion-de-la-uas-movimiento-ciudadano\/#primaryimage"},"image":{"@id":"https:\/\/fuentesfidedignas.com.mx\/index.php\/2023\/04\/11\/a-favor-de-la-democratizacion-de-la-uas-movimiento-ciudadano\/#primaryimage"},"thumbnailUrl":"https:\/\/fuentesfidedignas.com.mx\/wp-content\/uploads\/2023\/04\/image_editor_output_image1348051863-1681243683282.jpg","datePublished":"2023-04-11T18:23:00+00:00","dateModified":"2023-04-11T22:08:55+00:00","breadcrumb":{"@id":"https:\/\/fuentesfidedignas.com.mx\/index.php\/2023\/04\/11\/a-favor-de-la-democratizacion-de-la-uas-movimiento-ciudadano\/#breadcrumb"},"inLanguage":"es","potentialAction":[{"@type":"ReadAction","target":["https:\/\/fuentesfidedignas.com.mx\/index.php\/2023\/04\/11\/a-favor-de-la-democratizacion-de-la-uas-movimiento-ciudadano\/"]}]},{"@type":"ImageObject","inLanguage":"es","@id":"https:\/\/fuentesfidedignas.com.mx\/index.php\/2023\/04\/11\/a-favor-de-la-democratizacion-de-la-uas-movimiento-ciudadano\/#primaryimage","url":"https:\/\/fuentesfidedignas.com.mx\/wp-content\/uploads\/2023\/04\/image_editor_output_image1348051863-1681243683282.jpg","contentUrl":"https:\/\/fuentesfidedignas.com.mx\/wp-content\/uploads\/2023\/04\/image_editor_output_image1348051863-1681243683282.jpg","width":1256,"height":900},{"@type":"BreadcrumbList","@id":"https:\/\/fuentesfidedignas.com.mx\/index.php\/2023\/04\/11\/a-favor-de-la-democratizacion-de-la-uas-movimiento-ciudadano\/#breadcrumb","itemListElement":[{"@type":"ListItem","position":1,"name":"Inicio","item":"https:\/\/fuentesfidedignas.com.mx\/"},{"@type":"ListItem","position":2,"name":"A favor de la democratizaci\u00f3n de la UAS: Movimiento Ciudadano"}]},{"@type":"WebSite","@id":"https:\/\/fuentesfidedignas.com.mx\/#website","url":"https:\/\/fuentesfidedignas.com.mx\/","name":"Fuentes Fidedignas","description":"Otro sitio realizado con WordPress","publisher":{"@id":"https:\/\/fuentesfidedignas.com.mx\/#organization"},"potentialAction":[{"@type":"SearchAction","target":{"@type":"EntryPoint","urlTemplate":"https:\/\/fuentesfidedignas.com.mx\/?s={search_term_string}"},"query-input":{"@type":"PropertyValueSpecification","valueRequired":true,"valueName":"search_term_string"}}],"inLanguage":"es"},{"@type":"Organization","@id":"https:\/\/fuentesfidedignas.com.mx\/#organization","name":"Fuentes Fidedignas","url":"https:\/\/fuentesfidedignas.com.mx\/","logo":{"@type":"ImageObject","inLanguage":"es","@id":"https:\/\/fuentesfidedignas.com.mx\/#\/schema\/logo\/image\/","url":"https:\/\/fuentesfidedignas.com.mx\/wp-content\/uploads\/2021\/04\/logo-retina.png","contentUrl":"https:\/\/fuentesfidedignas.com.mx\/wp-content\/uploads\/2021\/04\/logo-retina.png","width":280,"height":51,"caption":"Fuentes Fidedignas"},"image":{"@id":"https:\/\/fuentesfidedignas.com.mx\/#\/schema\/logo\/image\/"},"sameAs":["https:\/\/www.facebook.com\/Fuentes-Fidedignas-368234489921644","https:\/\/x.com\/fidedignas"]},{"@type":"Person","@id":"https:\/\/fuentesfidedignas.com.mx\/#\/schema\/person\/331be9283d37198e2acd5750279085b0","name":"Redacci\u00f3n","image":{"@type":"ImageObject","inLanguage":"es","@id":"https:\/\/secure.gravatar.com\/avatar\/f6d8782c11d12b2d4ad3fbb6931aeab5309937a4d6cd2fc9cfaa28a6396a5aec?s=96&d=mm&r=g","url":"https:\/\/secure.gravatar.com\/avatar\/f6d8782c11d12b2d4ad3fbb6931aeab5309937a4d6cd2fc9cfaa28a6396a5aec?s=96&d=mm&r=g","contentUrl":"https:\/\/secure.gravatar.com\/avatar\/f6d8782c11d12b2d4ad3fbb6931aeab5309937a4d6cd2fc9cfaa28a6396a5aec?s=96&d=mm&r=g","caption":"Redacci\u00f3n"},"url":"https:\/\/fuentesfidedignas.com.mx\/index.php\/author\/redaccion\/"}]}},"_links":{"self":[{"href":"https:\/\/fuentesfidedignas.com.mx\/index.php\/wp-json\/wp\/v2\/posts\/44205","targetHints":{"allow":["GET"]}}],"collection":[{"href":"https:\/\/fuentesfidedignas.com.mx\/index.php\/wp-json\/wp\/v2\/posts"}],"about":[{"href":"https:\/\/fuentesfidedignas.com.mx\/index.php\/wp-json\/wp\/v2\/types\/post"}],"author":[{"embeddable":true,"href":"https:\/\/fuentesfidedignas.com.mx\/index.php\/wp-json\/wp\/v2\/users\/4"}],"replies":[{"embeddable":true,"href":"https:\/\/fuentesfidedignas.com.mx\/index.php\/wp-json\/wp\/v2\/comments?post=44205"}],"version-history":[{"count":2,"href":"https:\/\/fuentesfidedignas.com.mx\/index.php\/wp-json\/wp\/v2\/posts\/44205\/revisions"}],"predecessor-version":[{"id":44212,"href":"https:\/\/fuentesfidedignas.com.mx\/index.php\/wp-json\/wp\/v2\/posts\/44205\/revisions\/44212"}],"wp:featuredmedia":[{"embeddable":true,"href":"https:\/\/fuentesfidedignas.com.mx\/index.php\/wp-json\/wp\/v2\/media\/44200"}],"wp:attachment":[{"href":"https:\/\/fuentesfidedignas.com.mx\/index.php\/wp-json\/wp\/v2\/media?parent=44205"}],"wp:term":[{"taxonomy":"category","embeddable":true,"href":"https:\/\/fuentesfidedignas.com.mx\/index.php\/wp-json\/wp\/v2\/categories?post=44205"},{"taxonomy":"post_tag","embeddable":true,"href":"https:\/\/fuentesfidedignas.com.mx\/index.php\/wp-json\/wp\/v2\/tags?post=44205"}],"curies":[{"name":"wp","href":"https:\/\/api.w.org\/{rel}","templated":true}]}}