{"id":44141,"date":"2023-04-11T01:00:00","date_gmt":"2023-04-11T07:00:00","guid":{"rendered":"https:\/\/fuentesfidedignas.com.mx\/?p=44141"},"modified":"2023-04-10T21:07:27","modified_gmt":"2023-04-11T03:07:27","slug":"joven-desaparecido-en-mexicali-hace-4-anos-es-hallado-en-mazatlan-gracias-a-las-redes-sociales","status":"publish","type":"post","link":"https:\/\/fuentesfidedignas.com.mx\/index.php\/2023\/04\/11\/joven-desaparecido-en-mexicali-hace-4-anos-es-hallado-en-mazatlan-gracias-a-las-redes-sociales\/","title":{"rendered":"Joven desaparecido en Mexicali hace 4 a\u00f1os es hallado en Mazatl\u00e1n gracias a las redes sociales"},"content":{"rendered":"\n<p><strong><em>Mar\u00eda Guadalupe detall\u00f3 que fue mediante redes sociales que vieron al joven y fue alertada por un taquero.<\/em><\/strong><\/p>\n\n\n\n<p>CIUDAD DE M\u00c9XICO (apro). \u2013 Un joven desaparecido en Mexicali hace cuatro a\u00f1os, identificado como Alejandro Ram\u00edrez Salacup, fue localizado en las inmediaciones de la Playa Norte, en Mazatl\u00e1n, Sinaloa, gracias a las redes sociales.<\/p>\n\n\n\n<p>Fue la madre del muchacho quien fue al sitio despu\u00e9s de que alguien public\u00f3 que un joven deambulaba cerca de Playa Norte y que al verlo intent\u00f3 hablarle, pero se retir\u00f3, por lo que solicit\u00f3 el apoyo de la Polic\u00eda Acu\u00e1tica para detenerlo.<\/p>\n\n\n\n<p>Los polic\u00edas hablaron con el extraviado y lo llevaron al Centro de Seguridad Ciudadana en la colonia Huertos Familiares, donde lo entregaron al \u00e1rea de Programas Preventivos para que ellos lo presentaran con su madre.<\/p>\n\n\n\n<p>Vinicio Parra Alaniz, titular del Departamento de Programas Preventivos, recibi\u00f3 de la Polic\u00eda Acu\u00e1tica a Alejandro Ram\u00edrez Salacup y a Mar\u00eda Guadalupe Salacup, madre del joven, para conocer la situaci\u00f3n y resguardarlo, someterlo a ex\u00e1menes m\u00e9dicos y f\u00edsicos y realizar los tr\u00e1mites para dejarlo libre con su mam\u00e1.<\/p>\n\n\n\n<p>Mar\u00eda Guadalupe detall\u00f3 que fue mediante redes sociales que vieron al joven y fue alertada por un taquero. Al llegar a la ciudad recibi\u00f3 hospedaje por parte de quien lo report\u00f3, mientras localizaba a su hijo, lo que ocurri\u00f3 el mi\u00e9rcoles 29 de marzo.<\/p>\n\n\n\n<p><\/p>\n","protected":false},"excerpt":{"rendered":"<p>Mar\u00eda Guadalupe detall\u00f3 que fue mediante redes sociales que vieron al joven y fue alertada por un taquero. CIUDAD DE M\u00c9XICO (apro). \u2013 Un joven desaparecido en Mexicali hace cuatro a\u00f1os, identificado como Alejandro Ram\u00edrez Salacup, fue localizado en las inmediaciones de la Playa Norte, en Mazatl\u00e1n, Sinaloa, gracias a las redes sociales. Fue la [&hellip;]<\/p>\n","protected":false},"author":50,"featured_media":44142,"comment_status":"open","ping_status":"open","sticky":false,"template":"","format":"standard","meta":{"tdm_status":"","tdm_grid_status":"","footnotes":""},"categories":[40],"tags":[],"class_list":{"0":"post-44141","1":"post","2":"type-post","3":"status-publish","4":"format-standard","5":"has-post-thumbnail","7":"category-las-asombrosas"},"yoast_head":"<!-- This site is optimized with the Yoast SEO plugin v27.4 - https:\/\/yoast.com\/product\/yoast-seo-wordpress\/ -->\n<title>Joven desaparecido en Mexicali hace 4 a\u00f1os es hallado en Mazatl\u00e1n gracias a las redes sociales - Fuentes Fidedignas<\/title>\n<meta name=\"robots\" content=\"index, follow, max-snippet:-1, max-image-preview:large, max-video-preview:-1\" \/>\n<link rel=\"canonical\" href=\"https:\/\/fuentesfidedignas.com.mx\/index.php\/2023\/04\/11\/joven-desaparecido-en-mexicali-hace-4-anos-es-hallado-en-mazatlan-gracias-a-las-redes-sociales\/\" \/>\n<meta property=\"og:locale\" content=\"es_MX\" \/>\n<meta property=\"og:type\" content=\"article\" \/>\n<meta property=\"og:title\" content=\"Joven desaparecido en Mexicali hace 4 a\u00f1os es hallado en Mazatl\u00e1n gracias a las redes sociales - Fuentes Fidedignas\" \/>\n<meta property=\"og:description\" content=\"Mar\u00eda Guadalupe detall\u00f3 que fue mediante redes sociales que vieron al joven y fue alertada por un taquero. CIUDAD DE M\u00c9XICO (apro). \u2013 Un joven desaparecido en Mexicali hace cuatro a\u00f1os, identificado como Alejandro Ram\u00edrez Salacup, fue localizado en las inmediaciones de la Playa Norte, en Mazatl\u00e1n, Sinaloa, gracias a las redes sociales. Fue la [&hellip;]\" \/>\n<meta property=\"og:url\" content=\"https:\/\/fuentesfidedignas.com.mx\/index.php\/2023\/04\/11\/joven-desaparecido-en-mexicali-hace-4-anos-es-hallado-en-mazatlan-gracias-a-las-redes-sociales\/\" \/>\n<meta property=\"og:site_name\" content=\"Fuentes Fidedignas\" \/>\n<meta property=\"article:publisher\" content=\"https:\/\/www.facebook.com\/Fuentes-Fidedignas-368234489921644\" \/>\n<meta property=\"article:published_time\" content=\"2023-04-11T07:00:00+00:00\" \/>\n<meta property=\"og:image\" content=\"https:\/\/fuentesfidedignas.com.mx\/wp-content\/uploads\/2023\/04\/WhatsApp-Image-2023-04-10-at-8.24.44-PM.jpeg\" \/>\n\t<meta property=\"og:image:width\" content=\"608\" \/>\n\t<meta property=\"og:image:height\" content=\"342\" \/>\n\t<meta property=\"og:image:type\" content=\"image\/jpeg\" \/>\n<meta name=\"author\" content=\"Proceso\" \/>\n<meta name=\"twitter:card\" content=\"summary_large_image\" \/>\n<meta name=\"twitter:creator\" content=\"@fidedignas\" \/>\n<meta name=\"twitter:site\" content=\"@fidedignas\" \/>\n<meta name=\"twitter:label1\" content=\"Escrito por\" \/>\n\t<meta name=\"twitter:data1\" content=\"Proceso\" \/>\n\t<meta name=\"twitter:label2\" content=\"Tiempo de lectura\" \/>\n\t<meta name=\"twitter:data2\" content=\"2 minutos\" \/>\n<script type=\"application\/ld+json\" class=\"yoast-schema-graph\">{\"@context\":\"https:\\\/\\\/schema.org\",\"@graph\":[{\"@type\":\"Article\",\"@id\":\"https:\\\/\\\/fuentesfidedignas.com.mx\\\/index.php\\\/2023\\\/04\\\/11\\\/joven-desaparecido-en-mexicali-hace-4-anos-es-hallado-en-mazatlan-gracias-a-las-redes-sociales\\\/#article\",\"isPartOf\":{\"@id\":\"https:\\\/\\\/fuentesfidedignas.com.mx\\\/index.php\\\/2023\\\/04\\\/11\\\/joven-desaparecido-en-mexicali-hace-4-anos-es-hallado-en-mazatlan-gracias-a-las-redes-sociales\\\/\"},\"author\":{\"name\":\"Proceso\",\"@id\":\"https:\\\/\\\/fuentesfidedignas.com.mx\\\/#\\\/schema\\\/person\\\/eb72247ff123b3ce5e4cadc7f50ae372\"},\"headline\":\"Joven desaparecido en Mexicali hace 4 a\u00f1os es hallado en Mazatl\u00e1n gracias a las redes sociales\",\"datePublished\":\"2023-04-11T07:00:00+00:00\",\"mainEntityOfPage\":{\"@id\":\"https:\\\/\\\/fuentesfidedignas.com.mx\\\/index.php\\\/2023\\\/04\\\/11\\\/joven-desaparecido-en-mexicali-hace-4-anos-es-hallado-en-mazatlan-gracias-a-las-redes-sociales\\\/\"},\"wordCount\":258,\"commentCount\":0,\"publisher\":{\"@id\":\"https:\\\/\\\/fuentesfidedignas.com.mx\\\/#organization\"},\"image\":{\"@id\":\"https:\\\/\\\/fuentesfidedignas.com.mx\\\/index.php\\\/2023\\\/04\\\/11\\\/joven-desaparecido-en-mexicali-hace-4-anos-es-hallado-en-mazatlan-gracias-a-las-redes-sociales\\\/#primaryimage\"},\"thumbnailUrl\":\"https:\\\/\\\/fuentesfidedignas.com.mx\\\/wp-content\\\/uploads\\\/2023\\\/04\\\/WhatsApp-Image-2023-04-10-at-8.24.44-PM.jpeg\",\"articleSection\":[\"LAS ASOMBROSAS\"],\"inLanguage\":\"es\",\"potentialAction\":[{\"@type\":\"CommentAction\",\"name\":\"Comment\",\"target\":[\"https:\\\/\\\/fuentesfidedignas.com.mx\\\/index.php\\\/2023\\\/04\\\/11\\\/joven-desaparecido-en-mexicali-hace-4-anos-es-hallado-en-mazatlan-gracias-a-las-redes-sociales\\\/#respond\"]}]},{\"@type\":\"WebPage\",\"@id\":\"https:\\\/\\\/fuentesfidedignas.com.mx\\\/index.php\\\/2023\\\/04\\\/11\\\/joven-desaparecido-en-mexicali-hace-4-anos-es-hallado-en-mazatlan-gracias-a-las-redes-sociales\\\/\",\"url\":\"https:\\\/\\\/fuentesfidedignas.com.mx\\\/index.php\\\/2023\\\/04\\\/11\\\/joven-desaparecido-en-mexicali-hace-4-anos-es-hallado-en-mazatlan-gracias-a-las-redes-sociales\\\/\",\"name\":\"Joven desaparecido en Mexicali hace 4 a\u00f1os es hallado en Mazatl\u00e1n gracias a las redes sociales - Fuentes Fidedignas\",\"isPartOf\":{\"@id\":\"https:\\\/\\\/fuentesfidedignas.com.mx\\\/#website\"},\"primaryImageOfPage\":{\"@id\":\"https:\\\/\\\/fuentesfidedignas.com.mx\\\/index.php\\\/2023\\\/04\\\/11\\\/joven-desaparecido-en-mexicali-hace-4-anos-es-hallado-en-mazatlan-gracias-a-las-redes-sociales\\\/#primaryimage\"},\"image\":{\"@id\":\"https:\\\/\\\/fuentesfidedignas.com.mx\\\/index.php\\\/2023\\\/04\\\/11\\\/joven-desaparecido-en-mexicali-hace-4-anos-es-hallado-en-mazatlan-gracias-a-las-redes-sociales\\\/#primaryimage\"},\"thumbnailUrl\":\"https:\\\/\\\/fuentesfidedignas.com.mx\\\/wp-content\\\/uploads\\\/2023\\\/04\\\/WhatsApp-Image-2023-04-10-at-8.24.44-PM.jpeg\",\"datePublished\":\"2023-04-11T07:00:00+00:00\",\"breadcrumb\":{\"@id\":\"https:\\\/\\\/fuentesfidedignas.com.mx\\\/index.php\\\/2023\\\/04\\\/11\\\/joven-desaparecido-en-mexicali-hace-4-anos-es-hallado-en-mazatlan-gracias-a-las-redes-sociales\\\/#breadcrumb\"},\"inLanguage\":\"es\",\"potentialAction\":[{\"@type\":\"ReadAction\",\"target\":[\"https:\\\/\\\/fuentesfidedignas.com.mx\\\/index.php\\\/2023\\\/04\\\/11\\\/joven-desaparecido-en-mexicali-hace-4-anos-es-hallado-en-mazatlan-gracias-a-las-redes-sociales\\\/\"]}]},{\"@type\":\"ImageObject\",\"inLanguage\":\"es\",\"@id\":\"https:\\\/\\\/fuentesfidedignas.com.mx\\\/index.php\\\/2023\\\/04\\\/11\\\/joven-desaparecido-en-mexicali-hace-4-anos-es-hallado-en-mazatlan-gracias-a-las-redes-sociales\\\/#primaryimage\",\"url\":\"https:\\\/\\\/fuentesfidedignas.com.mx\\\/wp-content\\\/uploads\\\/2023\\\/04\\\/WhatsApp-Image-2023-04-10-at-8.24.44-PM.jpeg\",\"contentUrl\":\"https:\\\/\\\/fuentesfidedignas.com.mx\\\/wp-content\\\/uploads\\\/2023\\\/04\\\/WhatsApp-Image-2023-04-10-at-8.24.44-PM.jpeg\",\"width\":608,\"height\":342},{\"@type\":\"BreadcrumbList\",\"@id\":\"https:\\\/\\\/fuentesfidedignas.com.mx\\\/index.php\\\/2023\\\/04\\\/11\\\/joven-desaparecido-en-mexicali-hace-4-anos-es-hallado-en-mazatlan-gracias-a-las-redes-sociales\\\/#breadcrumb\",\"itemListElement\":[{\"@type\":\"ListItem\",\"position\":1,\"name\":\"Inicio\",\"item\":\"https:\\\/\\\/fuentesfidedignas.com.mx\\\/\"},{\"@type\":\"ListItem\",\"position\":2,\"name\":\"Joven desaparecido en Mexicali hace 4 a\u00f1os es hallado en Mazatl\u00e1n gracias a las redes sociales\"}]},{\"@type\":\"WebSite\",\"@id\":\"https:\\\/\\\/fuentesfidedignas.com.mx\\\/#website\",\"url\":\"https:\\\/\\\/fuentesfidedignas.com.mx\\\/\",\"name\":\"Fuentes Fidedignas\",\"description\":\"Otro sitio realizado con WordPress\",\"publisher\":{\"@id\":\"https:\\\/\\\/fuentesfidedignas.com.mx\\\/#organization\"},\"potentialAction\":[{\"@type\":\"SearchAction\",\"target\":{\"@type\":\"EntryPoint\",\"urlTemplate\":\"https:\\\/\\\/fuentesfidedignas.com.mx\\\/?s={search_term_string}\"},\"query-input\":{\"@type\":\"PropertyValueSpecification\",\"valueRequired\":true,\"valueName\":\"search_term_string\"}}],\"inLanguage\":\"es\"},{\"@type\":\"Organization\",\"@id\":\"https:\\\/\\\/fuentesfidedignas.com.mx\\\/#organization\",\"name\":\"Fuentes Fidedignas\",\"url\":\"https:\\\/\\\/fuentesfidedignas.com.mx\\\/\",\"logo\":{\"@type\":\"ImageObject\",\"inLanguage\":\"es\",\"@id\":\"https:\\\/\\\/fuentesfidedignas.com.mx\\\/#\\\/schema\\\/logo\\\/image\\\/\",\"url\":\"https:\\\/\\\/fuentesfidedignas.com.mx\\\/wp-content\\\/uploads\\\/2021\\\/04\\\/logo-retina.png\",\"contentUrl\":\"https:\\\/\\\/fuentesfidedignas.com.mx\\\/wp-content\\\/uploads\\\/2021\\\/04\\\/logo-retina.png\",\"width\":280,\"height\":51,\"caption\":\"Fuentes Fidedignas\"},\"image\":{\"@id\":\"https:\\\/\\\/fuentesfidedignas.com.mx\\\/#\\\/schema\\\/logo\\\/image\\\/\"},\"sameAs\":[\"https:\\\/\\\/www.facebook.com\\\/Fuentes-Fidedignas-368234489921644\",\"https:\\\/\\\/x.com\\\/fidedignas\"]},{\"@type\":\"Person\",\"@id\":\"https:\\\/\\\/fuentesfidedignas.com.mx\\\/#\\\/schema\\\/person\\\/eb72247ff123b3ce5e4cadc7f50ae372\",\"name\":\"Proceso\",\"image\":{\"@type\":\"ImageObject\",\"inLanguage\":\"es\",\"@id\":\"https:\\\/\\\/secure.gravatar.com\\\/avatar\\\/0bb01ecb091d50a46122cbe5cc32ffea15a000f83628f1e40458e669d38ff2cd?s=96&d=mm&r=g\",\"url\":\"https:\\\/\\\/secure.gravatar.com\\\/avatar\\\/0bb01ecb091d50a46122cbe5cc32ffea15a000f83628f1e40458e669d38ff2cd?s=96&d=mm&r=g\",\"contentUrl\":\"https:\\\/\\\/secure.gravatar.com\\\/avatar\\\/0bb01ecb091d50a46122cbe5cc32ffea15a000f83628f1e40458e669d38ff2cd?s=96&d=mm&r=g\",\"caption\":\"Proceso\"},\"url\":\"https:\\\/\\\/fuentesfidedignas.com.mx\\\/index.php\\\/author\\\/proceso\\\/\"}]}<\/script>\n<!-- \/ Yoast SEO plugin. -->","yoast_head_json":{"title":"Joven desaparecido en Mexicali hace 4 a\u00f1os es hallado en Mazatl\u00e1n gracias a las redes sociales - Fuentes Fidedignas","robots":{"index":"index","follow":"follow","max-snippet":"max-snippet:-1","max-image-preview":"max-image-preview:large","max-video-preview":"max-video-preview:-1"},"canonical":"https:\/\/fuentesfidedignas.com.mx\/index.php\/2023\/04\/11\/joven-desaparecido-en-mexicali-hace-4-anos-es-hallado-en-mazatlan-gracias-a-las-redes-sociales\/","og_locale":"es_MX","og_type":"article","og_title":"Joven desaparecido en Mexicali hace 4 a\u00f1os es hallado en Mazatl\u00e1n gracias a las redes sociales - Fuentes Fidedignas","og_description":"Mar\u00eda Guadalupe detall\u00f3 que fue mediante redes sociales que vieron al joven y fue alertada por un taquero. CIUDAD DE M\u00c9XICO (apro). \u2013 Un joven desaparecido en Mexicali hace cuatro a\u00f1os, identificado como Alejandro Ram\u00edrez Salacup, fue localizado en las inmediaciones de la Playa Norte, en Mazatl\u00e1n, Sinaloa, gracias a las redes sociales. Fue la [&hellip;]","og_url":"https:\/\/fuentesfidedignas.com.mx\/index.php\/2023\/04\/11\/joven-desaparecido-en-mexicali-hace-4-anos-es-hallado-en-mazatlan-gracias-a-las-redes-sociales\/","og_site_name":"Fuentes Fidedignas","article_publisher":"https:\/\/www.facebook.com\/Fuentes-Fidedignas-368234489921644","article_published_time":"2023-04-11T07:00:00+00:00","og_image":[{"width":608,"height":342,"url":"https:\/\/fuentesfidedignas.com.mx\/wp-content\/uploads\/2023\/04\/WhatsApp-Image-2023-04-10-at-8.24.44-PM.jpeg","type":"image\/jpeg"}],"author":"Proceso","twitter_card":"summary_large_image","twitter_creator":"@fidedignas","twitter_site":"@fidedignas","twitter_misc":{"Escrito por":"Proceso","Tiempo de lectura":"2 minutos"},"schema":{"@context":"https:\/\/schema.org","@graph":[{"@type":"Article","@id":"https:\/\/fuentesfidedignas.com.mx\/index.php\/2023\/04\/11\/joven-desaparecido-en-mexicali-hace-4-anos-es-hallado-en-mazatlan-gracias-a-las-redes-sociales\/#article","isPartOf":{"@id":"https:\/\/fuentesfidedignas.com.mx\/index.php\/2023\/04\/11\/joven-desaparecido-en-mexicali-hace-4-anos-es-hallado-en-mazatlan-gracias-a-las-redes-sociales\/"},"author":{"name":"Proceso","@id":"https:\/\/fuentesfidedignas.com.mx\/#\/schema\/person\/eb72247ff123b3ce5e4cadc7f50ae372"},"headline":"Joven desaparecido en Mexicali hace 4 a\u00f1os es hallado en Mazatl\u00e1n gracias a las redes sociales","datePublished":"2023-04-11T07:00:00+00:00","mainEntityOfPage":{"@id":"https:\/\/fuentesfidedignas.com.mx\/index.php\/2023\/04\/11\/joven-desaparecido-en-mexicali-hace-4-anos-es-hallado-en-mazatlan-gracias-a-las-redes-sociales\/"},"wordCount":258,"commentCount":0,"publisher":{"@id":"https:\/\/fuentesfidedignas.com.mx\/#organization"},"image":{"@id":"https:\/\/fuentesfidedignas.com.mx\/index.php\/2023\/04\/11\/joven-desaparecido-en-mexicali-hace-4-anos-es-hallado-en-mazatlan-gracias-a-las-redes-sociales\/#primaryimage"},"thumbnailUrl":"https:\/\/fuentesfidedignas.com.mx\/wp-content\/uploads\/2023\/04\/WhatsApp-Image-2023-04-10-at-8.24.44-PM.jpeg","articleSection":["LAS ASOMBROSAS"],"inLanguage":"es","potentialAction":[{"@type":"CommentAction","name":"Comment","target":["https:\/\/fuentesfidedignas.com.mx\/index.php\/2023\/04\/11\/joven-desaparecido-en-mexicali-hace-4-anos-es-hallado-en-mazatlan-gracias-a-las-redes-sociales\/#respond"]}]},{"@type":"WebPage","@id":"https:\/\/fuentesfidedignas.com.mx\/index.php\/2023\/04\/11\/joven-desaparecido-en-mexicali-hace-4-anos-es-hallado-en-mazatlan-gracias-a-las-redes-sociales\/","url":"https:\/\/fuentesfidedignas.com.mx\/index.php\/2023\/04\/11\/joven-desaparecido-en-mexicali-hace-4-anos-es-hallado-en-mazatlan-gracias-a-las-redes-sociales\/","name":"Joven desaparecido en Mexicali hace 4 a\u00f1os es hallado en Mazatl\u00e1n gracias a las redes sociales - Fuentes Fidedignas","isPartOf":{"@id":"https:\/\/fuentesfidedignas.com.mx\/#website"},"primaryImageOfPage":{"@id":"https:\/\/fuentesfidedignas.com.mx\/index.php\/2023\/04\/11\/joven-desaparecido-en-mexicali-hace-4-anos-es-hallado-en-mazatlan-gracias-a-las-redes-sociales\/#primaryimage"},"image":{"@id":"https:\/\/fuentesfidedignas.com.mx\/index.php\/2023\/04\/11\/joven-desaparecido-en-mexicali-hace-4-anos-es-hallado-en-mazatlan-gracias-a-las-redes-sociales\/#primaryimage"},"thumbnailUrl":"https:\/\/fuentesfidedignas.com.mx\/wp-content\/uploads\/2023\/04\/WhatsApp-Image-2023-04-10-at-8.24.44-PM.jpeg","datePublished":"2023-04-11T07:00:00+00:00","breadcrumb":{"@id":"https:\/\/fuentesfidedignas.com.mx\/index.php\/2023\/04\/11\/joven-desaparecido-en-mexicali-hace-4-anos-es-hallado-en-mazatlan-gracias-a-las-redes-sociales\/#breadcrumb"},"inLanguage":"es","potentialAction":[{"@type":"ReadAction","target":["https:\/\/fuentesfidedignas.com.mx\/index.php\/2023\/04\/11\/joven-desaparecido-en-mexicali-hace-4-anos-es-hallado-en-mazatlan-gracias-a-las-redes-sociales\/"]}]},{"@type":"ImageObject","inLanguage":"es","@id":"https:\/\/fuentesfidedignas.com.mx\/index.php\/2023\/04\/11\/joven-desaparecido-en-mexicali-hace-4-anos-es-hallado-en-mazatlan-gracias-a-las-redes-sociales\/#primaryimage","url":"https:\/\/fuentesfidedignas.com.mx\/wp-content\/uploads\/2023\/04\/WhatsApp-Image-2023-04-10-at-8.24.44-PM.jpeg","contentUrl":"https:\/\/fuentesfidedignas.com.mx\/wp-content\/uploads\/2023\/04\/WhatsApp-Image-2023-04-10-at-8.24.44-PM.jpeg","width":608,"height":342},{"@type":"BreadcrumbList","@id":"https:\/\/fuentesfidedignas.com.mx\/index.php\/2023\/04\/11\/joven-desaparecido-en-mexicali-hace-4-anos-es-hallado-en-mazatlan-gracias-a-las-redes-sociales\/#breadcrumb","itemListElement":[{"@type":"ListItem","position":1,"name":"Inicio","item":"https:\/\/fuentesfidedignas.com.mx\/"},{"@type":"ListItem","position":2,"name":"Joven desaparecido en Mexicali hace 4 a\u00f1os es hallado en Mazatl\u00e1n gracias a las redes sociales"}]},{"@type":"WebSite","@id":"https:\/\/fuentesfidedignas.com.mx\/#website","url":"https:\/\/fuentesfidedignas.com.mx\/","name":"Fuentes Fidedignas","description":"Otro sitio realizado con WordPress","publisher":{"@id":"https:\/\/fuentesfidedignas.com.mx\/#organization"},"potentialAction":[{"@type":"SearchAction","target":{"@type":"EntryPoint","urlTemplate":"https:\/\/fuentesfidedignas.com.mx\/?s={search_term_string}"},"query-input":{"@type":"PropertyValueSpecification","valueRequired":true,"valueName":"search_term_string"}}],"inLanguage":"es"},{"@type":"Organization","@id":"https:\/\/fuentesfidedignas.com.mx\/#organization","name":"Fuentes Fidedignas","url":"https:\/\/fuentesfidedignas.com.mx\/","logo":{"@type":"ImageObject","inLanguage":"es","@id":"https:\/\/fuentesfidedignas.com.mx\/#\/schema\/logo\/image\/","url":"https:\/\/fuentesfidedignas.com.mx\/wp-content\/uploads\/2021\/04\/logo-retina.png","contentUrl":"https:\/\/fuentesfidedignas.com.mx\/wp-content\/uploads\/2021\/04\/logo-retina.png","width":280,"height":51,"caption":"Fuentes Fidedignas"},"image":{"@id":"https:\/\/fuentesfidedignas.com.mx\/#\/schema\/logo\/image\/"},"sameAs":["https:\/\/www.facebook.com\/Fuentes-Fidedignas-368234489921644","https:\/\/x.com\/fidedignas"]},{"@type":"Person","@id":"https:\/\/fuentesfidedignas.com.mx\/#\/schema\/person\/eb72247ff123b3ce5e4cadc7f50ae372","name":"Proceso","image":{"@type":"ImageObject","inLanguage":"es","@id":"https:\/\/secure.gravatar.com\/avatar\/0bb01ecb091d50a46122cbe5cc32ffea15a000f83628f1e40458e669d38ff2cd?s=96&d=mm&r=g","url":"https:\/\/secure.gravatar.com\/avatar\/0bb01ecb091d50a46122cbe5cc32ffea15a000f83628f1e40458e669d38ff2cd?s=96&d=mm&r=g","contentUrl":"https:\/\/secure.gravatar.com\/avatar\/0bb01ecb091d50a46122cbe5cc32ffea15a000f83628f1e40458e669d38ff2cd?s=96&d=mm&r=g","caption":"Proceso"},"url":"https:\/\/fuentesfidedignas.com.mx\/index.php\/author\/proceso\/"}]}},"_links":{"self":[{"href":"https:\/\/fuentesfidedignas.com.mx\/index.php\/wp-json\/wp\/v2\/posts\/44141","targetHints":{"allow":["GET"]}}],"collection":[{"href":"https:\/\/fuentesfidedignas.com.mx\/index.php\/wp-json\/wp\/v2\/posts"}],"about":[{"href":"https:\/\/fuentesfidedignas.com.mx\/index.php\/wp-json\/wp\/v2\/types\/post"}],"author":[{"embeddable":true,"href":"https:\/\/fuentesfidedignas.com.mx\/index.php\/wp-json\/wp\/v2\/users\/50"}],"replies":[{"embeddable":true,"href":"https:\/\/fuentesfidedignas.com.mx\/index.php\/wp-json\/wp\/v2\/comments?post=44141"}],"version-history":[{"count":1,"href":"https:\/\/fuentesfidedignas.com.mx\/index.php\/wp-json\/wp\/v2\/posts\/44141\/revisions"}],"predecessor-version":[{"id":44143,"href":"https:\/\/fuentesfidedignas.com.mx\/index.php\/wp-json\/wp\/v2\/posts\/44141\/revisions\/44143"}],"wp:featuredmedia":[{"embeddable":true,"href":"https:\/\/fuentesfidedignas.com.mx\/index.php\/wp-json\/wp\/v2\/media\/44142"}],"wp:attachment":[{"href":"https:\/\/fuentesfidedignas.com.mx\/index.php\/wp-json\/wp\/v2\/media?parent=44141"}],"wp:term":[{"taxonomy":"category","embeddable":true,"href":"https:\/\/fuentesfidedignas.com.mx\/index.php\/wp-json\/wp\/v2\/categories?post=44141"},{"taxonomy":"post_tag","embeddable":true,"href":"https:\/\/fuentesfidedignas.com.mx\/index.php\/wp-json\/wp\/v2\/tags?post=44141"}],"curies":[{"name":"wp","href":"https:\/\/api.w.org\/{rel}","templated":true}]}}