{"id":44126,"date":"2023-04-10T18:48:41","date_gmt":"2023-04-11T00:48:41","guid":{"rendered":"https:\/\/fuentesfidedignas.com.mx\/?p=44126"},"modified":"2023-04-10T18:48:42","modified_gmt":"2023-04-11T00:48:42","slug":"adios-interjet-declaran-quiebra-de-la-aerolinea-y-la-venta-de-sus-bienes","status":"publish","type":"post","link":"https:\/\/fuentesfidedignas.com.mx\/index.php\/2023\/04\/10\/adios-interjet-declaran-quiebra-de-la-aerolinea-y-la-venta-de-sus-bienes\/","title":{"rendered":"\u00a1Adi\u00f3s Interjet! Declaran quiebra de la aerol\u00ednea y la venta de sus bienes"},"content":{"rendered":"\n<p><strong><em>Un juez declar\u00f3 abierta la etapa de quiebra en el concurso mercantil de Interjet, por lo que se proceder\u00e1 a la venta de los bienes que integran la masa concursal para liquidar a sus acreedores.<\/em><\/strong><\/p>\n\n\n\n<p>Ciudad de M\u00e9xico.- A m\u00e1s de dos a\u00f1os de haber parado sus operaciones, el Juez Segundo de Distrito en Materia de Concursos Mercantiles declar\u00f3 abierta la etapa de quiebra del concurso mercantil de Interjet, que implica la venta de sus bienes para pagar a sus acreedores.<\/p>\n\n\n\n<p>\u201cSe ordena al s\u00edndico que proceda a la enajenaci\u00f3n de los bienes y derechos que integran la Masa, en t\u00e9rminos de los art\u00edculos 197 y siguientes de la Ley de Concursos Mercantiles, procurando obtener el mayor producto posible por su enajenaci\u00f3n, a fin de hacer pago a los acreedores\u201d, asegura la sentencia.<\/p>\n\n\n\n<p>En agosto, Sa\u00fal Mart\u00ednez Lira, juez segundo de Distrito en Materia de Concursos Mercantiles en la Ciudad de M\u00e9xico, declar\u00f3 en concurso mercantil a ABC Aerol\u00edneas, que operaba con el nombre comercial de Interjet, con lo que se esperaba llegar a un acuerdo y regresar\u00e1 al aire.<\/p>\n\n\n\n<p>Por lo que se orden\u00f3 a la empresa poner de inmediato a disposici\u00f3n del conciliador los libros, registros y dem\u00e1s documentos de la empresa, as\u00ed como los recursos necesarios para sufragar las publicaciones y gastos de registro previstos en la Ley de Concursos Mercantiles.<\/p>\n\n\n\n<p>Asimismo, se solicit\u00f3 a la aerol\u00ednea suspender el pago de los adeudos contra\u00eddos con anterioridad a la fecha en que comience a surtir efectos esta sentencia de concurso mercantil, salvo los que sean indispensables para la operaci\u00f3n ordinaria.<\/p>\n\n\n\n<p>En su momento, Carlos del Valle, director adjunto de la aerol\u00ednea, indic\u00f3 que era un \u201cgran d\u00eda para toda la familia Interjet\u201d, ya que esto les ayudar\u00e1 a fortalecer la posici\u00f3n financiera de la empresa, proteger y preservar los activos, as\u00ed como ordenar sus pasivos.<\/p>\n\n\n\n<p>\u201cEsto nos tiene muy contentos, una vez que se designe a quien va a ser nuestro conciliador, vamos a pedir que se autorice la contrataci\u00f3n de cr\u00e9dito indispensable\u201d, indic\u00f3 el directivo; sin embargo, nada de eso se concret\u00f3.<\/p>\n\n\n\n<p>El 11 de diciembre de 2020, cuando Interjet suspendi\u00f3 todos sus vuelos tras un mes del estallamiento de la huelga del Sindicato Nacional de Trabajadores y Empleados de Comunicaciones y Transportes A\u00e9reos, Mar\u00edtimo y Terrestre de M\u00e9xico enfrentaba deudas por 5,320 millones de pesos.<\/p>\n\n\n\n<p>De hecho, en diciembre pasado, Interjet inform\u00f3 que solicit\u00f3 a las autoridades mexicanas poder resguardar los bienes que tienen en el Aeropuerto Internacional de la Ciudad de M\u00e9xico (AICM) como parte del concurso mercantil, luego de que elementos de la Marina recuperaran el \u00e1rea que ocupaba la l\u00ednea a\u00e9rea tomada por los huelguistas.<\/p>\n","protected":false},"excerpt":{"rendered":"<p>Un juez declar\u00f3 abierta la etapa de quiebra en el concurso mercantil de Interjet, por lo que se proceder\u00e1 a la venta de los bienes que integran la masa concursal para liquidar a sus acreedores. Ciudad de M\u00e9xico.- A m\u00e1s de dos a\u00f1os de haber parado sus operaciones, el Juez Segundo de Distrito en Materia [&hellip;]<\/p>\n","protected":false},"author":5,"featured_media":44127,"comment_status":"open","ping_status":"open","sticky":false,"template":"","format":"standard","meta":{"tdm_status":"","tdm_grid_status":"","footnotes":""},"categories":[39],"tags":[],"class_list":{"0":"post-44126","1":"post","2":"type-post","3":"status-publish","4":"format-standard","5":"has-post-thumbnail","7":"category-noticias-nacionales"},"yoast_head":"<!-- This site is optimized with the Yoast SEO plugin v27.4 - https:\/\/yoast.com\/product\/yoast-seo-wordpress\/ -->\n<title>\u00a1Adi\u00f3s Interjet! Declaran quiebra de la aerol\u00ednea y la venta de sus bienes - Fuentes Fidedignas<\/title>\n<meta name=\"robots\" content=\"index, follow, max-snippet:-1, max-image-preview:large, max-video-preview:-1\" \/>\n<link rel=\"canonical\" href=\"https:\/\/fuentesfidedignas.com.mx\/index.php\/2023\/04\/10\/adios-interjet-declaran-quiebra-de-la-aerolinea-y-la-venta-de-sus-bienes\/\" \/>\n<meta property=\"og:locale\" content=\"es_MX\" \/>\n<meta property=\"og:type\" content=\"article\" \/>\n<meta property=\"og:title\" content=\"\u00a1Adi\u00f3s Interjet! Declaran quiebra de la aerol\u00ednea y la venta de sus bienes - Fuentes Fidedignas\" \/>\n<meta property=\"og:description\" content=\"Un juez declar\u00f3 abierta la etapa de quiebra en el concurso mercantil de Interjet, por lo que se proceder\u00e1 a la venta de los bienes que integran la masa concursal para liquidar a sus acreedores. Ciudad de M\u00e9xico.- A m\u00e1s de dos a\u00f1os de haber parado sus operaciones, el Juez Segundo de Distrito en Materia [&hellip;]\" \/>\n<meta property=\"og:url\" content=\"https:\/\/fuentesfidedignas.com.mx\/index.php\/2023\/04\/10\/adios-interjet-declaran-quiebra-de-la-aerolinea-y-la-venta-de-sus-bienes\/\" \/>\n<meta property=\"og:site_name\" content=\"Fuentes Fidedignas\" \/>\n<meta property=\"article:publisher\" content=\"https:\/\/www.facebook.com\/Fuentes-Fidedignas-368234489921644\" \/>\n<meta property=\"article:published_time\" content=\"2023-04-11T00:48:41+00:00\" \/>\n<meta property=\"article:modified_time\" content=\"2023-04-11T00:48:42+00:00\" \/>\n<meta property=\"og:image\" content=\"https:\/\/fuentesfidedignas.com.mx\/wp-content\/uploads\/2023\/04\/INTERJET.jpg\" \/>\n\t<meta property=\"og:image:width\" content=\"1065\" \/>\n\t<meta property=\"og:image:height\" content=\"597\" \/>\n\t<meta property=\"og:image:type\" content=\"image\/jpeg\" \/>\n<meta name=\"author\" content=\"Forbes\" \/>\n<meta name=\"twitter:card\" content=\"summary_large_image\" \/>\n<meta name=\"twitter:creator\" content=\"@fidedignas\" \/>\n<meta name=\"twitter:site\" content=\"@fidedignas\" \/>\n<meta name=\"twitter:label1\" content=\"Escrito por\" \/>\n\t<meta name=\"twitter:data1\" content=\"Forbes\" \/>\n\t<meta name=\"twitter:label2\" content=\"Tiempo de lectura\" \/>\n\t<meta name=\"twitter:data2\" content=\"3 minutos\" \/>\n<script type=\"application\/ld+json\" class=\"yoast-schema-graph\">{\"@context\":\"https:\\\/\\\/schema.org\",\"@graph\":[{\"@type\":\"Article\",\"@id\":\"https:\\\/\\\/fuentesfidedignas.com.mx\\\/index.php\\\/2023\\\/04\\\/10\\\/adios-interjet-declaran-quiebra-de-la-aerolinea-y-la-venta-de-sus-bienes\\\/#article\",\"isPartOf\":{\"@id\":\"https:\\\/\\\/fuentesfidedignas.com.mx\\\/index.php\\\/2023\\\/04\\\/10\\\/adios-interjet-declaran-quiebra-de-la-aerolinea-y-la-venta-de-sus-bienes\\\/\"},\"author\":{\"name\":\"Forbes\",\"@id\":\"https:\\\/\\\/fuentesfidedignas.com.mx\\\/#\\\/schema\\\/person\\\/5623d53fe2e579d825b1679734abcc44\"},\"headline\":\"\u00a1Adi\u00f3s Interjet! Declaran quiebra de la aerol\u00ednea y la venta de sus bienes\",\"datePublished\":\"2023-04-11T00:48:41+00:00\",\"dateModified\":\"2023-04-11T00:48:42+00:00\",\"mainEntityOfPage\":{\"@id\":\"https:\\\/\\\/fuentesfidedignas.com.mx\\\/index.php\\\/2023\\\/04\\\/10\\\/adios-interjet-declaran-quiebra-de-la-aerolinea-y-la-venta-de-sus-bienes\\\/\"},\"wordCount\":482,\"commentCount\":0,\"publisher\":{\"@id\":\"https:\\\/\\\/fuentesfidedignas.com.mx\\\/#organization\"},\"image\":{\"@id\":\"https:\\\/\\\/fuentesfidedignas.com.mx\\\/index.php\\\/2023\\\/04\\\/10\\\/adios-interjet-declaran-quiebra-de-la-aerolinea-y-la-venta-de-sus-bienes\\\/#primaryimage\"},\"thumbnailUrl\":\"https:\\\/\\\/fuentesfidedignas.com.mx\\\/wp-content\\\/uploads\\\/2023\\\/04\\\/INTERJET.jpg\",\"articleSection\":[\"NOTICIAS NACIONALES\"],\"inLanguage\":\"es\",\"potentialAction\":[{\"@type\":\"CommentAction\",\"name\":\"Comment\",\"target\":[\"https:\\\/\\\/fuentesfidedignas.com.mx\\\/index.php\\\/2023\\\/04\\\/10\\\/adios-interjet-declaran-quiebra-de-la-aerolinea-y-la-venta-de-sus-bienes\\\/#respond\"]}]},{\"@type\":\"WebPage\",\"@id\":\"https:\\\/\\\/fuentesfidedignas.com.mx\\\/index.php\\\/2023\\\/04\\\/10\\\/adios-interjet-declaran-quiebra-de-la-aerolinea-y-la-venta-de-sus-bienes\\\/\",\"url\":\"https:\\\/\\\/fuentesfidedignas.com.mx\\\/index.php\\\/2023\\\/04\\\/10\\\/adios-interjet-declaran-quiebra-de-la-aerolinea-y-la-venta-de-sus-bienes\\\/\",\"name\":\"\u00a1Adi\u00f3s Interjet! Declaran quiebra de la aerol\u00ednea y la venta de sus bienes - Fuentes Fidedignas\",\"isPartOf\":{\"@id\":\"https:\\\/\\\/fuentesfidedignas.com.mx\\\/#website\"},\"primaryImageOfPage\":{\"@id\":\"https:\\\/\\\/fuentesfidedignas.com.mx\\\/index.php\\\/2023\\\/04\\\/10\\\/adios-interjet-declaran-quiebra-de-la-aerolinea-y-la-venta-de-sus-bienes\\\/#primaryimage\"},\"image\":{\"@id\":\"https:\\\/\\\/fuentesfidedignas.com.mx\\\/index.php\\\/2023\\\/04\\\/10\\\/adios-interjet-declaran-quiebra-de-la-aerolinea-y-la-venta-de-sus-bienes\\\/#primaryimage\"},\"thumbnailUrl\":\"https:\\\/\\\/fuentesfidedignas.com.mx\\\/wp-content\\\/uploads\\\/2023\\\/04\\\/INTERJET.jpg\",\"datePublished\":\"2023-04-11T00:48:41+00:00\",\"dateModified\":\"2023-04-11T00:48:42+00:00\",\"breadcrumb\":{\"@id\":\"https:\\\/\\\/fuentesfidedignas.com.mx\\\/index.php\\\/2023\\\/04\\\/10\\\/adios-interjet-declaran-quiebra-de-la-aerolinea-y-la-venta-de-sus-bienes\\\/#breadcrumb\"},\"inLanguage\":\"es\",\"potentialAction\":[{\"@type\":\"ReadAction\",\"target\":[\"https:\\\/\\\/fuentesfidedignas.com.mx\\\/index.php\\\/2023\\\/04\\\/10\\\/adios-interjet-declaran-quiebra-de-la-aerolinea-y-la-venta-de-sus-bienes\\\/\"]}]},{\"@type\":\"ImageObject\",\"inLanguage\":\"es\",\"@id\":\"https:\\\/\\\/fuentesfidedignas.com.mx\\\/index.php\\\/2023\\\/04\\\/10\\\/adios-interjet-declaran-quiebra-de-la-aerolinea-y-la-venta-de-sus-bienes\\\/#primaryimage\",\"url\":\"https:\\\/\\\/fuentesfidedignas.com.mx\\\/wp-content\\\/uploads\\\/2023\\\/04\\\/INTERJET.jpg\",\"contentUrl\":\"https:\\\/\\\/fuentesfidedignas.com.mx\\\/wp-content\\\/uploads\\\/2023\\\/04\\\/INTERJET.jpg\",\"width\":1065,\"height\":597},{\"@type\":\"BreadcrumbList\",\"@id\":\"https:\\\/\\\/fuentesfidedignas.com.mx\\\/index.php\\\/2023\\\/04\\\/10\\\/adios-interjet-declaran-quiebra-de-la-aerolinea-y-la-venta-de-sus-bienes\\\/#breadcrumb\",\"itemListElement\":[{\"@type\":\"ListItem\",\"position\":1,\"name\":\"Inicio\",\"item\":\"https:\\\/\\\/fuentesfidedignas.com.mx\\\/\"},{\"@type\":\"ListItem\",\"position\":2,\"name\":\"\u00a1Adi\u00f3s Interjet! Declaran quiebra de la aerol\u00ednea y la venta de sus bienes\"}]},{\"@type\":\"WebSite\",\"@id\":\"https:\\\/\\\/fuentesfidedignas.com.mx\\\/#website\",\"url\":\"https:\\\/\\\/fuentesfidedignas.com.mx\\\/\",\"name\":\"Fuentes Fidedignas\",\"description\":\"Otro sitio realizado con WordPress\",\"publisher\":{\"@id\":\"https:\\\/\\\/fuentesfidedignas.com.mx\\\/#organization\"},\"potentialAction\":[{\"@type\":\"SearchAction\",\"target\":{\"@type\":\"EntryPoint\",\"urlTemplate\":\"https:\\\/\\\/fuentesfidedignas.com.mx\\\/?s={search_term_string}\"},\"query-input\":{\"@type\":\"PropertyValueSpecification\",\"valueRequired\":true,\"valueName\":\"search_term_string\"}}],\"inLanguage\":\"es\"},{\"@type\":\"Organization\",\"@id\":\"https:\\\/\\\/fuentesfidedignas.com.mx\\\/#organization\",\"name\":\"Fuentes Fidedignas\",\"url\":\"https:\\\/\\\/fuentesfidedignas.com.mx\\\/\",\"logo\":{\"@type\":\"ImageObject\",\"inLanguage\":\"es\",\"@id\":\"https:\\\/\\\/fuentesfidedignas.com.mx\\\/#\\\/schema\\\/logo\\\/image\\\/\",\"url\":\"https:\\\/\\\/fuentesfidedignas.com.mx\\\/wp-content\\\/uploads\\\/2021\\\/04\\\/logo-retina.png\",\"contentUrl\":\"https:\\\/\\\/fuentesfidedignas.com.mx\\\/wp-content\\\/uploads\\\/2021\\\/04\\\/logo-retina.png\",\"width\":280,\"height\":51,\"caption\":\"Fuentes Fidedignas\"},\"image\":{\"@id\":\"https:\\\/\\\/fuentesfidedignas.com.mx\\\/#\\\/schema\\\/logo\\\/image\\\/\"},\"sameAs\":[\"https:\\\/\\\/www.facebook.com\\\/Fuentes-Fidedignas-368234489921644\",\"https:\\\/\\\/x.com\\\/fidedignas\"]},{\"@type\":\"Person\",\"@id\":\"https:\\\/\\\/fuentesfidedignas.com.mx\\\/#\\\/schema\\\/person\\\/5623d53fe2e579d825b1679734abcc44\",\"name\":\"Forbes\",\"image\":{\"@type\":\"ImageObject\",\"inLanguage\":\"es\",\"@id\":\"https:\\\/\\\/secure.gravatar.com\\\/avatar\\\/87ce3dd4e41e60c22a79c758614f01a6bc2469255fc936ec7b15efb9bb5cb66f?s=96&d=mm&r=g\",\"url\":\"https:\\\/\\\/secure.gravatar.com\\\/avatar\\\/87ce3dd4e41e60c22a79c758614f01a6bc2469255fc936ec7b15efb9bb5cb66f?s=96&d=mm&r=g\",\"contentUrl\":\"https:\\\/\\\/secure.gravatar.com\\\/avatar\\\/87ce3dd4e41e60c22a79c758614f01a6bc2469255fc936ec7b15efb9bb5cb66f?s=96&d=mm&r=g\",\"caption\":\"Forbes\"},\"url\":\"https:\\\/\\\/fuentesfidedignas.com.mx\\\/index.php\\\/author\\\/forbes\\\/\"}]}<\/script>\n<!-- \/ Yoast SEO plugin. -->","yoast_head_json":{"title":"\u00a1Adi\u00f3s Interjet! Declaran quiebra de la aerol\u00ednea y la venta de sus bienes - Fuentes Fidedignas","robots":{"index":"index","follow":"follow","max-snippet":"max-snippet:-1","max-image-preview":"max-image-preview:large","max-video-preview":"max-video-preview:-1"},"canonical":"https:\/\/fuentesfidedignas.com.mx\/index.php\/2023\/04\/10\/adios-interjet-declaran-quiebra-de-la-aerolinea-y-la-venta-de-sus-bienes\/","og_locale":"es_MX","og_type":"article","og_title":"\u00a1Adi\u00f3s Interjet! Declaran quiebra de la aerol\u00ednea y la venta de sus bienes - Fuentes Fidedignas","og_description":"Un juez declar\u00f3 abierta la etapa de quiebra en el concurso mercantil de Interjet, por lo que se proceder\u00e1 a la venta de los bienes que integran la masa concursal para liquidar a sus acreedores. Ciudad de M\u00e9xico.- A m\u00e1s de dos a\u00f1os de haber parado sus operaciones, el Juez Segundo de Distrito en Materia [&hellip;]","og_url":"https:\/\/fuentesfidedignas.com.mx\/index.php\/2023\/04\/10\/adios-interjet-declaran-quiebra-de-la-aerolinea-y-la-venta-de-sus-bienes\/","og_site_name":"Fuentes Fidedignas","article_publisher":"https:\/\/www.facebook.com\/Fuentes-Fidedignas-368234489921644","article_published_time":"2023-04-11T00:48:41+00:00","article_modified_time":"2023-04-11T00:48:42+00:00","og_image":[{"width":1065,"height":597,"url":"https:\/\/fuentesfidedignas.com.mx\/wp-content\/uploads\/2023\/04\/INTERJET.jpg","type":"image\/jpeg"}],"author":"Forbes","twitter_card":"summary_large_image","twitter_creator":"@fidedignas","twitter_site":"@fidedignas","twitter_misc":{"Escrito por":"Forbes","Tiempo de lectura":"3 minutos"},"schema":{"@context":"https:\/\/schema.org","@graph":[{"@type":"Article","@id":"https:\/\/fuentesfidedignas.com.mx\/index.php\/2023\/04\/10\/adios-interjet-declaran-quiebra-de-la-aerolinea-y-la-venta-de-sus-bienes\/#article","isPartOf":{"@id":"https:\/\/fuentesfidedignas.com.mx\/index.php\/2023\/04\/10\/adios-interjet-declaran-quiebra-de-la-aerolinea-y-la-venta-de-sus-bienes\/"},"author":{"name":"Forbes","@id":"https:\/\/fuentesfidedignas.com.mx\/#\/schema\/person\/5623d53fe2e579d825b1679734abcc44"},"headline":"\u00a1Adi\u00f3s Interjet! Declaran quiebra de la aerol\u00ednea y la venta de sus bienes","datePublished":"2023-04-11T00:48:41+00:00","dateModified":"2023-04-11T00:48:42+00:00","mainEntityOfPage":{"@id":"https:\/\/fuentesfidedignas.com.mx\/index.php\/2023\/04\/10\/adios-interjet-declaran-quiebra-de-la-aerolinea-y-la-venta-de-sus-bienes\/"},"wordCount":482,"commentCount":0,"publisher":{"@id":"https:\/\/fuentesfidedignas.com.mx\/#organization"},"image":{"@id":"https:\/\/fuentesfidedignas.com.mx\/index.php\/2023\/04\/10\/adios-interjet-declaran-quiebra-de-la-aerolinea-y-la-venta-de-sus-bienes\/#primaryimage"},"thumbnailUrl":"https:\/\/fuentesfidedignas.com.mx\/wp-content\/uploads\/2023\/04\/INTERJET.jpg","articleSection":["NOTICIAS NACIONALES"],"inLanguage":"es","potentialAction":[{"@type":"CommentAction","name":"Comment","target":["https:\/\/fuentesfidedignas.com.mx\/index.php\/2023\/04\/10\/adios-interjet-declaran-quiebra-de-la-aerolinea-y-la-venta-de-sus-bienes\/#respond"]}]},{"@type":"WebPage","@id":"https:\/\/fuentesfidedignas.com.mx\/index.php\/2023\/04\/10\/adios-interjet-declaran-quiebra-de-la-aerolinea-y-la-venta-de-sus-bienes\/","url":"https:\/\/fuentesfidedignas.com.mx\/index.php\/2023\/04\/10\/adios-interjet-declaran-quiebra-de-la-aerolinea-y-la-venta-de-sus-bienes\/","name":"\u00a1Adi\u00f3s Interjet! Declaran quiebra de la aerol\u00ednea y la venta de sus bienes - Fuentes Fidedignas","isPartOf":{"@id":"https:\/\/fuentesfidedignas.com.mx\/#website"},"primaryImageOfPage":{"@id":"https:\/\/fuentesfidedignas.com.mx\/index.php\/2023\/04\/10\/adios-interjet-declaran-quiebra-de-la-aerolinea-y-la-venta-de-sus-bienes\/#primaryimage"},"image":{"@id":"https:\/\/fuentesfidedignas.com.mx\/index.php\/2023\/04\/10\/adios-interjet-declaran-quiebra-de-la-aerolinea-y-la-venta-de-sus-bienes\/#primaryimage"},"thumbnailUrl":"https:\/\/fuentesfidedignas.com.mx\/wp-content\/uploads\/2023\/04\/INTERJET.jpg","datePublished":"2023-04-11T00:48:41+00:00","dateModified":"2023-04-11T00:48:42+00:00","breadcrumb":{"@id":"https:\/\/fuentesfidedignas.com.mx\/index.php\/2023\/04\/10\/adios-interjet-declaran-quiebra-de-la-aerolinea-y-la-venta-de-sus-bienes\/#breadcrumb"},"inLanguage":"es","potentialAction":[{"@type":"ReadAction","target":["https:\/\/fuentesfidedignas.com.mx\/index.php\/2023\/04\/10\/adios-interjet-declaran-quiebra-de-la-aerolinea-y-la-venta-de-sus-bienes\/"]}]},{"@type":"ImageObject","inLanguage":"es","@id":"https:\/\/fuentesfidedignas.com.mx\/index.php\/2023\/04\/10\/adios-interjet-declaran-quiebra-de-la-aerolinea-y-la-venta-de-sus-bienes\/#primaryimage","url":"https:\/\/fuentesfidedignas.com.mx\/wp-content\/uploads\/2023\/04\/INTERJET.jpg","contentUrl":"https:\/\/fuentesfidedignas.com.mx\/wp-content\/uploads\/2023\/04\/INTERJET.jpg","width":1065,"height":597},{"@type":"BreadcrumbList","@id":"https:\/\/fuentesfidedignas.com.mx\/index.php\/2023\/04\/10\/adios-interjet-declaran-quiebra-de-la-aerolinea-y-la-venta-de-sus-bienes\/#breadcrumb","itemListElement":[{"@type":"ListItem","position":1,"name":"Inicio","item":"https:\/\/fuentesfidedignas.com.mx\/"},{"@type":"ListItem","position":2,"name":"\u00a1Adi\u00f3s Interjet! Declaran quiebra de la aerol\u00ednea y la venta de sus bienes"}]},{"@type":"WebSite","@id":"https:\/\/fuentesfidedignas.com.mx\/#website","url":"https:\/\/fuentesfidedignas.com.mx\/","name":"Fuentes Fidedignas","description":"Otro sitio realizado con WordPress","publisher":{"@id":"https:\/\/fuentesfidedignas.com.mx\/#organization"},"potentialAction":[{"@type":"SearchAction","target":{"@type":"EntryPoint","urlTemplate":"https:\/\/fuentesfidedignas.com.mx\/?s={search_term_string}"},"query-input":{"@type":"PropertyValueSpecification","valueRequired":true,"valueName":"search_term_string"}}],"inLanguage":"es"},{"@type":"Organization","@id":"https:\/\/fuentesfidedignas.com.mx\/#organization","name":"Fuentes Fidedignas","url":"https:\/\/fuentesfidedignas.com.mx\/","logo":{"@type":"ImageObject","inLanguage":"es","@id":"https:\/\/fuentesfidedignas.com.mx\/#\/schema\/logo\/image\/","url":"https:\/\/fuentesfidedignas.com.mx\/wp-content\/uploads\/2021\/04\/logo-retina.png","contentUrl":"https:\/\/fuentesfidedignas.com.mx\/wp-content\/uploads\/2021\/04\/logo-retina.png","width":280,"height":51,"caption":"Fuentes Fidedignas"},"image":{"@id":"https:\/\/fuentesfidedignas.com.mx\/#\/schema\/logo\/image\/"},"sameAs":["https:\/\/www.facebook.com\/Fuentes-Fidedignas-368234489921644","https:\/\/x.com\/fidedignas"]},{"@type":"Person","@id":"https:\/\/fuentesfidedignas.com.mx\/#\/schema\/person\/5623d53fe2e579d825b1679734abcc44","name":"Forbes","image":{"@type":"ImageObject","inLanguage":"es","@id":"https:\/\/secure.gravatar.com\/avatar\/87ce3dd4e41e60c22a79c758614f01a6bc2469255fc936ec7b15efb9bb5cb66f?s=96&d=mm&r=g","url":"https:\/\/secure.gravatar.com\/avatar\/87ce3dd4e41e60c22a79c758614f01a6bc2469255fc936ec7b15efb9bb5cb66f?s=96&d=mm&r=g","contentUrl":"https:\/\/secure.gravatar.com\/avatar\/87ce3dd4e41e60c22a79c758614f01a6bc2469255fc936ec7b15efb9bb5cb66f?s=96&d=mm&r=g","caption":"Forbes"},"url":"https:\/\/fuentesfidedignas.com.mx\/index.php\/author\/forbes\/"}]}},"_links":{"self":[{"href":"https:\/\/fuentesfidedignas.com.mx\/index.php\/wp-json\/wp\/v2\/posts\/44126","targetHints":{"allow":["GET"]}}],"collection":[{"href":"https:\/\/fuentesfidedignas.com.mx\/index.php\/wp-json\/wp\/v2\/posts"}],"about":[{"href":"https:\/\/fuentesfidedignas.com.mx\/index.php\/wp-json\/wp\/v2\/types\/post"}],"author":[{"embeddable":true,"href":"https:\/\/fuentesfidedignas.com.mx\/index.php\/wp-json\/wp\/v2\/users\/5"}],"replies":[{"embeddable":true,"href":"https:\/\/fuentesfidedignas.com.mx\/index.php\/wp-json\/wp\/v2\/comments?post=44126"}],"version-history":[{"count":1,"href":"https:\/\/fuentesfidedignas.com.mx\/index.php\/wp-json\/wp\/v2\/posts\/44126\/revisions"}],"predecessor-version":[{"id":44128,"href":"https:\/\/fuentesfidedignas.com.mx\/index.php\/wp-json\/wp\/v2\/posts\/44126\/revisions\/44128"}],"wp:featuredmedia":[{"embeddable":true,"href":"https:\/\/fuentesfidedignas.com.mx\/index.php\/wp-json\/wp\/v2\/media\/44127"}],"wp:attachment":[{"href":"https:\/\/fuentesfidedignas.com.mx\/index.php\/wp-json\/wp\/v2\/media?parent=44126"}],"wp:term":[{"taxonomy":"category","embeddable":true,"href":"https:\/\/fuentesfidedignas.com.mx\/index.php\/wp-json\/wp\/v2\/categories?post=44126"},{"taxonomy":"post_tag","embeddable":true,"href":"https:\/\/fuentesfidedignas.com.mx\/index.php\/wp-json\/wp\/v2\/tags?post=44126"}],"curies":[{"name":"wp","href":"https:\/\/api.w.org\/{rel}","templated":true}]}}