{"id":44097,"date":"2023-04-10T12:54:38","date_gmt":"2023-04-10T18:54:38","guid":{"rendered":"https:\/\/fuentesfidedignas.com.mx\/?p=44097"},"modified":"2023-04-10T12:56:29","modified_gmt":"2023-04-10T18:56:29","slug":"se-amplia-plazo-para-regularizar-vehiculos-extranjeros-hasta-el-30-de-junio","status":"publish","type":"post","link":"https:\/\/fuentesfidedignas.com.mx\/index.php\/2023\/04\/10\/se-amplia-plazo-para-regularizar-vehiculos-extranjeros-hasta-el-30-de-junio\/","title":{"rendered":"Se ampl\u00eda plazo para regularizar veh\u00edculos extranjeros hasta el 30 de junio"},"content":{"rendered":"\n<p><em><strong>En el Diario Oficial de la Federaci\u00f3n se public\u00f3 el decreto de ampliaci\u00f3n para Sinaloa y otras entidades del pa\u00eds<\/strong><\/em><\/p>\n\n\n\n<p>Culiac\u00e1n, Sin.- Con el objetivo de mejorar el bienestar de la poblaci\u00f3n a trav\u00e9s de estrategias que otorguen certeza jur\u00eddica, protejan el patrimonio familiar y garanticen la seguridad p\u00fablica, el Gobernador Rub\u00e9n Rocha Moya anunci\u00f3 en el marco de su Conferencia Semanera la ampliaci\u00f3n del plazo para regularizar veh\u00edculos usados de procedencia extranjera que se encuentren en el Estado de Sinaloa y que concluir\u00e1 hasta el pr\u00f3ximo 30 de junio.<\/p>\n\n\n\n<p>El mandatario estatal detall\u00f3 que con el objetivo de formalizar esta ampliaci\u00f3n, el Gobierno de la Rep\u00fablica que preside Andr\u00e9s Manuel L\u00f3pez Obrador emiti\u00f3 un decreto el pasado 31 de marzo, mismo que ya fue publicado en el Diario Oficial de la Federaci\u00f3n, se\u00f1alando que el uso del recurso recaudado continuar\u00e1 utiliz\u00e1ndose en acciones de mejora de infraestructura vial para los municipios.<\/p>\n\n\n\n<p>&#8220;<strong>Va a seguir el apoyo para los municipios. La distribuci\u00f3n proporcional que se ven\u00eda haciendo, seguir\u00e1 en los mismos t\u00e9rminos ahora<\/strong>&#8220;, precis\u00f3 el Gobernador.<\/p>\n\n\n\n<p>Ismael Bello Esquivel, Director General del Servicio de Administraci\u00f3n Tributaria del Estado de Sinaloa (SATES), indic\u00f3 que con este decreto se abre la posibilidad para que los ciudadanos que no han registrado sus citas para realizar este tr\u00e1mite, se acerquen a esa dependencia y reciban el servicio a trav\u00e9s de cualquiera de sus m\u00f3dulos de atenci\u00f3n.<\/p>\n\n\n\n<p>&#8220;<strong>Hoy se reinicia el periodo de regularizaci\u00f3n de veh\u00edculos extranjeros y los veh\u00edculos que est\u00e1n dentro de este decreto y se estar\u00e1n regularizando son los veh\u00edculos que fueron internados al pa\u00eds antes del 19 de octubre de 2021, cuya serie inicia con n\u00famero. Estar\u00e1n abiertos los m\u00f3dulos como ven\u00edamos operando. Hay citas suficientes, no hay fila ahorita en el proceso de regularizaci\u00f3n y estar\u00e1 vigente hasta el d\u00eda 30 de junio de este a\u00f1o<\/strong>&#8220;, expres\u00f3 el titular del SATES.<\/p>\n\n\n\n<p>Esta medida favorecer\u00e1 el proceso de regularizaci\u00f3n de los llamados &#8220;autos chocolate&#8221;, a efecto de que ning\u00fan propietario de estas unidades se quede sin la posibilidad de dar legitimidad a su patrimonio.<\/p>\n","protected":false},"excerpt":{"rendered":"<p>En el Diario Oficial de la Federaci\u00f3n se public\u00f3 el decreto de ampliaci\u00f3n para Sinaloa y otras entidades del pa\u00eds Culiac\u00e1n, Sin.- Con el objetivo de mejorar el bienestar de la poblaci\u00f3n a trav\u00e9s de estrategias que otorguen certeza jur\u00eddica, protejan el patrimonio familiar y garanticen la seguridad p\u00fablica, el Gobernador Rub\u00e9n Rocha Moya anunci\u00f3 [&hellip;]<\/p>\n","protected":false},"author":4,"featured_media":44099,"comment_status":"open","ping_status":"open","sticky":false,"template":"","format":"standard","meta":{"tdm_status":"","tdm_grid_status":"","footnotes":""},"categories":[37],"tags":[],"class_list":{"0":"post-44097","1":"post","2":"type-post","3":"status-publish","4":"format-standard","5":"has-post-thumbnail","7":"category-nota-principal"},"yoast_head":"<!-- This site is optimized with the Yoast SEO plugin v27.5 - https:\/\/yoast.com\/product\/yoast-seo-wordpress\/ -->\n<title>Se ampl\u00eda plazo para regularizar veh\u00edculos extranjeros hasta el 30 de junio - Fuentes Fidedignas<\/title>\n<meta name=\"robots\" content=\"index, follow, max-snippet:-1, max-image-preview:large, max-video-preview:-1\" \/>\n<link rel=\"canonical\" href=\"https:\/\/fuentesfidedignas.com.mx\/index.php\/2023\/04\/10\/se-amplia-plazo-para-regularizar-vehiculos-extranjeros-hasta-el-30-de-junio\/\" \/>\n<meta property=\"og:locale\" content=\"es_MX\" \/>\n<meta property=\"og:type\" content=\"article\" \/>\n<meta property=\"og:title\" content=\"Se ampl\u00eda plazo para regularizar veh\u00edculos extranjeros hasta el 30 de junio - Fuentes Fidedignas\" \/>\n<meta property=\"og:description\" content=\"En el Diario Oficial de la Federaci\u00f3n se public\u00f3 el decreto de ampliaci\u00f3n para Sinaloa y otras entidades del pa\u00eds Culiac\u00e1n, Sin.- Con el objetivo de mejorar el bienestar de la poblaci\u00f3n a trav\u00e9s de estrategias que otorguen certeza jur\u00eddica, protejan el patrimonio familiar y garanticen la seguridad p\u00fablica, el Gobernador Rub\u00e9n Rocha Moya anunci\u00f3 [&hellip;]\" \/>\n<meta property=\"og:url\" content=\"https:\/\/fuentesfidedignas.com.mx\/index.php\/2023\/04\/10\/se-amplia-plazo-para-regularizar-vehiculos-extranjeros-hasta-el-30-de-junio\/\" \/>\n<meta property=\"og:site_name\" content=\"Fuentes Fidedignas\" \/>\n<meta property=\"article:publisher\" content=\"https:\/\/www.facebook.com\/Fuentes-Fidedignas-368234489921644\" \/>\n<meta property=\"article:published_time\" content=\"2023-04-10T18:54:38+00:00\" \/>\n<meta property=\"article:modified_time\" content=\"2023-04-10T18:56:29+00:00\" \/>\n<meta property=\"og:image\" content=\"https:\/\/fuentesfidedignas.com.mx\/wp-content\/uploads\/2023\/04\/images-21.jpeg\" \/>\n\t<meta property=\"og:image:width\" content=\"701\" \/>\n\t<meta property=\"og:image:height\" content=\"438\" \/>\n\t<meta property=\"og:image:type\" content=\"image\/jpeg\" \/>\n<meta name=\"author\" content=\"Redacci\u00f3n\" \/>\n<meta name=\"twitter:card\" content=\"summary_large_image\" \/>\n<meta name=\"twitter:creator\" content=\"@fidedignas\" \/>\n<meta name=\"twitter:site\" content=\"@fidedignas\" \/>\n<meta name=\"twitter:label1\" content=\"Escrito por\" \/>\n\t<meta name=\"twitter:data1\" content=\"Redacci\u00f3n\" \/>\n\t<meta name=\"twitter:label2\" content=\"Tiempo de lectura\" \/>\n\t<meta name=\"twitter:data2\" content=\"2 minutos\" \/>\n<script type=\"application\/ld+json\" class=\"yoast-schema-graph\">{\"@context\":\"https:\\\/\\\/schema.org\",\"@graph\":[{\"@type\":\"Article\",\"@id\":\"https:\\\/\\\/fuentesfidedignas.com.mx\\\/index.php\\\/2023\\\/04\\\/10\\\/se-amplia-plazo-para-regularizar-vehiculos-extranjeros-hasta-el-30-de-junio\\\/#article\",\"isPartOf\":{\"@id\":\"https:\\\/\\\/fuentesfidedignas.com.mx\\\/index.php\\\/2023\\\/04\\\/10\\\/se-amplia-plazo-para-regularizar-vehiculos-extranjeros-hasta-el-30-de-junio\\\/\"},\"author\":{\"name\":\"Redacci\u00f3n\",\"@id\":\"https:\\\/\\\/fuentesfidedignas.com.mx\\\/#\\\/schema\\\/person\\\/331be9283d37198e2acd5750279085b0\"},\"headline\":\"Se ampl\u00eda plazo para regularizar veh\u00edculos extranjeros hasta el 30 de junio\",\"datePublished\":\"2023-04-10T18:54:38+00:00\",\"dateModified\":\"2023-04-10T18:56:29+00:00\",\"mainEntityOfPage\":{\"@id\":\"https:\\\/\\\/fuentesfidedignas.com.mx\\\/index.php\\\/2023\\\/04\\\/10\\\/se-amplia-plazo-para-regularizar-vehiculos-extranjeros-hasta-el-30-de-junio\\\/\"},\"wordCount\":395,\"commentCount\":0,\"publisher\":{\"@id\":\"https:\\\/\\\/fuentesfidedignas.com.mx\\\/#organization\"},\"image\":{\"@id\":\"https:\\\/\\\/fuentesfidedignas.com.mx\\\/index.php\\\/2023\\\/04\\\/10\\\/se-amplia-plazo-para-regularizar-vehiculos-extranjeros-hasta-el-30-de-junio\\\/#primaryimage\"},\"thumbnailUrl\":\"https:\\\/\\\/fuentesfidedignas.com.mx\\\/wp-content\\\/uploads\\\/2023\\\/04\\\/images-21.jpeg\",\"articleSection\":[\"NOTA PRINCIPAL\"],\"inLanguage\":\"es\",\"potentialAction\":[{\"@type\":\"CommentAction\",\"name\":\"Comment\",\"target\":[\"https:\\\/\\\/fuentesfidedignas.com.mx\\\/index.php\\\/2023\\\/04\\\/10\\\/se-amplia-plazo-para-regularizar-vehiculos-extranjeros-hasta-el-30-de-junio\\\/#respond\"]}]},{\"@type\":\"WebPage\",\"@id\":\"https:\\\/\\\/fuentesfidedignas.com.mx\\\/index.php\\\/2023\\\/04\\\/10\\\/se-amplia-plazo-para-regularizar-vehiculos-extranjeros-hasta-el-30-de-junio\\\/\",\"url\":\"https:\\\/\\\/fuentesfidedignas.com.mx\\\/index.php\\\/2023\\\/04\\\/10\\\/se-amplia-plazo-para-regularizar-vehiculos-extranjeros-hasta-el-30-de-junio\\\/\",\"name\":\"Se ampl\u00eda plazo para regularizar veh\u00edculos extranjeros hasta el 30 de junio - Fuentes Fidedignas\",\"isPartOf\":{\"@id\":\"https:\\\/\\\/fuentesfidedignas.com.mx\\\/#website\"},\"primaryImageOfPage\":{\"@id\":\"https:\\\/\\\/fuentesfidedignas.com.mx\\\/index.php\\\/2023\\\/04\\\/10\\\/se-amplia-plazo-para-regularizar-vehiculos-extranjeros-hasta-el-30-de-junio\\\/#primaryimage\"},\"image\":{\"@id\":\"https:\\\/\\\/fuentesfidedignas.com.mx\\\/index.php\\\/2023\\\/04\\\/10\\\/se-amplia-plazo-para-regularizar-vehiculos-extranjeros-hasta-el-30-de-junio\\\/#primaryimage\"},\"thumbnailUrl\":\"https:\\\/\\\/fuentesfidedignas.com.mx\\\/wp-content\\\/uploads\\\/2023\\\/04\\\/images-21.jpeg\",\"datePublished\":\"2023-04-10T18:54:38+00:00\",\"dateModified\":\"2023-04-10T18:56:29+00:00\",\"breadcrumb\":{\"@id\":\"https:\\\/\\\/fuentesfidedignas.com.mx\\\/index.php\\\/2023\\\/04\\\/10\\\/se-amplia-plazo-para-regularizar-vehiculos-extranjeros-hasta-el-30-de-junio\\\/#breadcrumb\"},\"inLanguage\":\"es\",\"potentialAction\":[{\"@type\":\"ReadAction\",\"target\":[\"https:\\\/\\\/fuentesfidedignas.com.mx\\\/index.php\\\/2023\\\/04\\\/10\\\/se-amplia-plazo-para-regularizar-vehiculos-extranjeros-hasta-el-30-de-junio\\\/\"]}]},{\"@type\":\"ImageObject\",\"inLanguage\":\"es\",\"@id\":\"https:\\\/\\\/fuentesfidedignas.com.mx\\\/index.php\\\/2023\\\/04\\\/10\\\/se-amplia-plazo-para-regularizar-vehiculos-extranjeros-hasta-el-30-de-junio\\\/#primaryimage\",\"url\":\"https:\\\/\\\/fuentesfidedignas.com.mx\\\/wp-content\\\/uploads\\\/2023\\\/04\\\/images-21.jpeg\",\"contentUrl\":\"https:\\\/\\\/fuentesfidedignas.com.mx\\\/wp-content\\\/uploads\\\/2023\\\/04\\\/images-21.jpeg\",\"width\":701,\"height\":438},{\"@type\":\"BreadcrumbList\",\"@id\":\"https:\\\/\\\/fuentesfidedignas.com.mx\\\/index.php\\\/2023\\\/04\\\/10\\\/se-amplia-plazo-para-regularizar-vehiculos-extranjeros-hasta-el-30-de-junio\\\/#breadcrumb\",\"itemListElement\":[{\"@type\":\"ListItem\",\"position\":1,\"name\":\"Inicio\",\"item\":\"https:\\\/\\\/fuentesfidedignas.com.mx\\\/\"},{\"@type\":\"ListItem\",\"position\":2,\"name\":\"Se ampl\u00eda plazo para regularizar veh\u00edculos extranjeros hasta el 30 de junio\"}]},{\"@type\":\"WebSite\",\"@id\":\"https:\\\/\\\/fuentesfidedignas.com.mx\\\/#website\",\"url\":\"https:\\\/\\\/fuentesfidedignas.com.mx\\\/\",\"name\":\"Fuentes Fidedignas\",\"description\":\"Otro sitio realizado con WordPress\",\"publisher\":{\"@id\":\"https:\\\/\\\/fuentesfidedignas.com.mx\\\/#organization\"},\"potentialAction\":[{\"@type\":\"SearchAction\",\"target\":{\"@type\":\"EntryPoint\",\"urlTemplate\":\"https:\\\/\\\/fuentesfidedignas.com.mx\\\/?s={search_term_string}\"},\"query-input\":{\"@type\":\"PropertyValueSpecification\",\"valueRequired\":true,\"valueName\":\"search_term_string\"}}],\"inLanguage\":\"es\"},{\"@type\":\"Organization\",\"@id\":\"https:\\\/\\\/fuentesfidedignas.com.mx\\\/#organization\",\"name\":\"Fuentes Fidedignas\",\"url\":\"https:\\\/\\\/fuentesfidedignas.com.mx\\\/\",\"logo\":{\"@type\":\"ImageObject\",\"inLanguage\":\"es\",\"@id\":\"https:\\\/\\\/fuentesfidedignas.com.mx\\\/#\\\/schema\\\/logo\\\/image\\\/\",\"url\":\"https:\\\/\\\/fuentesfidedignas.com.mx\\\/wp-content\\\/uploads\\\/2021\\\/04\\\/logo-retina.png\",\"contentUrl\":\"https:\\\/\\\/fuentesfidedignas.com.mx\\\/wp-content\\\/uploads\\\/2021\\\/04\\\/logo-retina.png\",\"width\":280,\"height\":51,\"caption\":\"Fuentes Fidedignas\"},\"image\":{\"@id\":\"https:\\\/\\\/fuentesfidedignas.com.mx\\\/#\\\/schema\\\/logo\\\/image\\\/\"},\"sameAs\":[\"https:\\\/\\\/www.facebook.com\\\/Fuentes-Fidedignas-368234489921644\",\"https:\\\/\\\/x.com\\\/fidedignas\"]},{\"@type\":\"Person\",\"@id\":\"https:\\\/\\\/fuentesfidedignas.com.mx\\\/#\\\/schema\\\/person\\\/331be9283d37198e2acd5750279085b0\",\"name\":\"Redacci\u00f3n\",\"image\":{\"@type\":\"ImageObject\",\"inLanguage\":\"es\",\"@id\":\"https:\\\/\\\/secure.gravatar.com\\\/avatar\\\/f6d8782c11d12b2d4ad3fbb6931aeab5309937a4d6cd2fc9cfaa28a6396a5aec?s=96&d=mm&r=g\",\"url\":\"https:\\\/\\\/secure.gravatar.com\\\/avatar\\\/f6d8782c11d12b2d4ad3fbb6931aeab5309937a4d6cd2fc9cfaa28a6396a5aec?s=96&d=mm&r=g\",\"contentUrl\":\"https:\\\/\\\/secure.gravatar.com\\\/avatar\\\/f6d8782c11d12b2d4ad3fbb6931aeab5309937a4d6cd2fc9cfaa28a6396a5aec?s=96&d=mm&r=g\",\"caption\":\"Redacci\u00f3n\"},\"url\":\"https:\\\/\\\/fuentesfidedignas.com.mx\\\/index.php\\\/author\\\/redaccion\\\/\"}]}<\/script>\n<!-- \/ Yoast SEO plugin. -->","yoast_head_json":{"title":"Se ampl\u00eda plazo para regularizar veh\u00edculos extranjeros hasta el 30 de junio - Fuentes Fidedignas","robots":{"index":"index","follow":"follow","max-snippet":"max-snippet:-1","max-image-preview":"max-image-preview:large","max-video-preview":"max-video-preview:-1"},"canonical":"https:\/\/fuentesfidedignas.com.mx\/index.php\/2023\/04\/10\/se-amplia-plazo-para-regularizar-vehiculos-extranjeros-hasta-el-30-de-junio\/","og_locale":"es_MX","og_type":"article","og_title":"Se ampl\u00eda plazo para regularizar veh\u00edculos extranjeros hasta el 30 de junio - Fuentes Fidedignas","og_description":"En el Diario Oficial de la Federaci\u00f3n se public\u00f3 el decreto de ampliaci\u00f3n para Sinaloa y otras entidades del pa\u00eds Culiac\u00e1n, Sin.- Con el objetivo de mejorar el bienestar de la poblaci\u00f3n a trav\u00e9s de estrategias que otorguen certeza jur\u00eddica, protejan el patrimonio familiar y garanticen la seguridad p\u00fablica, el Gobernador Rub\u00e9n Rocha Moya anunci\u00f3 [&hellip;]","og_url":"https:\/\/fuentesfidedignas.com.mx\/index.php\/2023\/04\/10\/se-amplia-plazo-para-regularizar-vehiculos-extranjeros-hasta-el-30-de-junio\/","og_site_name":"Fuentes Fidedignas","article_publisher":"https:\/\/www.facebook.com\/Fuentes-Fidedignas-368234489921644","article_published_time":"2023-04-10T18:54:38+00:00","article_modified_time":"2023-04-10T18:56:29+00:00","og_image":[{"width":701,"height":438,"url":"https:\/\/fuentesfidedignas.com.mx\/wp-content\/uploads\/2023\/04\/images-21.jpeg","type":"image\/jpeg"}],"author":"Redacci\u00f3n","twitter_card":"summary_large_image","twitter_creator":"@fidedignas","twitter_site":"@fidedignas","twitter_misc":{"Escrito por":"Redacci\u00f3n","Tiempo de lectura":"2 minutos"},"schema":{"@context":"https:\/\/schema.org","@graph":[{"@type":"Article","@id":"https:\/\/fuentesfidedignas.com.mx\/index.php\/2023\/04\/10\/se-amplia-plazo-para-regularizar-vehiculos-extranjeros-hasta-el-30-de-junio\/#article","isPartOf":{"@id":"https:\/\/fuentesfidedignas.com.mx\/index.php\/2023\/04\/10\/se-amplia-plazo-para-regularizar-vehiculos-extranjeros-hasta-el-30-de-junio\/"},"author":{"name":"Redacci\u00f3n","@id":"https:\/\/fuentesfidedignas.com.mx\/#\/schema\/person\/331be9283d37198e2acd5750279085b0"},"headline":"Se ampl\u00eda plazo para regularizar veh\u00edculos extranjeros hasta el 30 de junio","datePublished":"2023-04-10T18:54:38+00:00","dateModified":"2023-04-10T18:56:29+00:00","mainEntityOfPage":{"@id":"https:\/\/fuentesfidedignas.com.mx\/index.php\/2023\/04\/10\/se-amplia-plazo-para-regularizar-vehiculos-extranjeros-hasta-el-30-de-junio\/"},"wordCount":395,"commentCount":0,"publisher":{"@id":"https:\/\/fuentesfidedignas.com.mx\/#organization"},"image":{"@id":"https:\/\/fuentesfidedignas.com.mx\/index.php\/2023\/04\/10\/se-amplia-plazo-para-regularizar-vehiculos-extranjeros-hasta-el-30-de-junio\/#primaryimage"},"thumbnailUrl":"https:\/\/fuentesfidedignas.com.mx\/wp-content\/uploads\/2023\/04\/images-21.jpeg","articleSection":["NOTA PRINCIPAL"],"inLanguage":"es","potentialAction":[{"@type":"CommentAction","name":"Comment","target":["https:\/\/fuentesfidedignas.com.mx\/index.php\/2023\/04\/10\/se-amplia-plazo-para-regularizar-vehiculos-extranjeros-hasta-el-30-de-junio\/#respond"]}]},{"@type":"WebPage","@id":"https:\/\/fuentesfidedignas.com.mx\/index.php\/2023\/04\/10\/se-amplia-plazo-para-regularizar-vehiculos-extranjeros-hasta-el-30-de-junio\/","url":"https:\/\/fuentesfidedignas.com.mx\/index.php\/2023\/04\/10\/se-amplia-plazo-para-regularizar-vehiculos-extranjeros-hasta-el-30-de-junio\/","name":"Se ampl\u00eda plazo para regularizar veh\u00edculos extranjeros hasta el 30 de junio - Fuentes Fidedignas","isPartOf":{"@id":"https:\/\/fuentesfidedignas.com.mx\/#website"},"primaryImageOfPage":{"@id":"https:\/\/fuentesfidedignas.com.mx\/index.php\/2023\/04\/10\/se-amplia-plazo-para-regularizar-vehiculos-extranjeros-hasta-el-30-de-junio\/#primaryimage"},"image":{"@id":"https:\/\/fuentesfidedignas.com.mx\/index.php\/2023\/04\/10\/se-amplia-plazo-para-regularizar-vehiculos-extranjeros-hasta-el-30-de-junio\/#primaryimage"},"thumbnailUrl":"https:\/\/fuentesfidedignas.com.mx\/wp-content\/uploads\/2023\/04\/images-21.jpeg","datePublished":"2023-04-10T18:54:38+00:00","dateModified":"2023-04-10T18:56:29+00:00","breadcrumb":{"@id":"https:\/\/fuentesfidedignas.com.mx\/index.php\/2023\/04\/10\/se-amplia-plazo-para-regularizar-vehiculos-extranjeros-hasta-el-30-de-junio\/#breadcrumb"},"inLanguage":"es","potentialAction":[{"@type":"ReadAction","target":["https:\/\/fuentesfidedignas.com.mx\/index.php\/2023\/04\/10\/se-amplia-plazo-para-regularizar-vehiculos-extranjeros-hasta-el-30-de-junio\/"]}]},{"@type":"ImageObject","inLanguage":"es","@id":"https:\/\/fuentesfidedignas.com.mx\/index.php\/2023\/04\/10\/se-amplia-plazo-para-regularizar-vehiculos-extranjeros-hasta-el-30-de-junio\/#primaryimage","url":"https:\/\/fuentesfidedignas.com.mx\/wp-content\/uploads\/2023\/04\/images-21.jpeg","contentUrl":"https:\/\/fuentesfidedignas.com.mx\/wp-content\/uploads\/2023\/04\/images-21.jpeg","width":701,"height":438},{"@type":"BreadcrumbList","@id":"https:\/\/fuentesfidedignas.com.mx\/index.php\/2023\/04\/10\/se-amplia-plazo-para-regularizar-vehiculos-extranjeros-hasta-el-30-de-junio\/#breadcrumb","itemListElement":[{"@type":"ListItem","position":1,"name":"Inicio","item":"https:\/\/fuentesfidedignas.com.mx\/"},{"@type":"ListItem","position":2,"name":"Se ampl\u00eda plazo para regularizar veh\u00edculos extranjeros hasta el 30 de junio"}]},{"@type":"WebSite","@id":"https:\/\/fuentesfidedignas.com.mx\/#website","url":"https:\/\/fuentesfidedignas.com.mx\/","name":"Fuentes Fidedignas","description":"Otro sitio realizado con WordPress","publisher":{"@id":"https:\/\/fuentesfidedignas.com.mx\/#organization"},"potentialAction":[{"@type":"SearchAction","target":{"@type":"EntryPoint","urlTemplate":"https:\/\/fuentesfidedignas.com.mx\/?s={search_term_string}"},"query-input":{"@type":"PropertyValueSpecification","valueRequired":true,"valueName":"search_term_string"}}],"inLanguage":"es"},{"@type":"Organization","@id":"https:\/\/fuentesfidedignas.com.mx\/#organization","name":"Fuentes Fidedignas","url":"https:\/\/fuentesfidedignas.com.mx\/","logo":{"@type":"ImageObject","inLanguage":"es","@id":"https:\/\/fuentesfidedignas.com.mx\/#\/schema\/logo\/image\/","url":"https:\/\/fuentesfidedignas.com.mx\/wp-content\/uploads\/2021\/04\/logo-retina.png","contentUrl":"https:\/\/fuentesfidedignas.com.mx\/wp-content\/uploads\/2021\/04\/logo-retina.png","width":280,"height":51,"caption":"Fuentes Fidedignas"},"image":{"@id":"https:\/\/fuentesfidedignas.com.mx\/#\/schema\/logo\/image\/"},"sameAs":["https:\/\/www.facebook.com\/Fuentes-Fidedignas-368234489921644","https:\/\/x.com\/fidedignas"]},{"@type":"Person","@id":"https:\/\/fuentesfidedignas.com.mx\/#\/schema\/person\/331be9283d37198e2acd5750279085b0","name":"Redacci\u00f3n","image":{"@type":"ImageObject","inLanguage":"es","@id":"https:\/\/secure.gravatar.com\/avatar\/f6d8782c11d12b2d4ad3fbb6931aeab5309937a4d6cd2fc9cfaa28a6396a5aec?s=96&d=mm&r=g","url":"https:\/\/secure.gravatar.com\/avatar\/f6d8782c11d12b2d4ad3fbb6931aeab5309937a4d6cd2fc9cfaa28a6396a5aec?s=96&d=mm&r=g","contentUrl":"https:\/\/secure.gravatar.com\/avatar\/f6d8782c11d12b2d4ad3fbb6931aeab5309937a4d6cd2fc9cfaa28a6396a5aec?s=96&d=mm&r=g","caption":"Redacci\u00f3n"},"url":"https:\/\/fuentesfidedignas.com.mx\/index.php\/author\/redaccion\/"}]}},"_links":{"self":[{"href":"https:\/\/fuentesfidedignas.com.mx\/index.php\/wp-json\/wp\/v2\/posts\/44097","targetHints":{"allow":["GET"]}}],"collection":[{"href":"https:\/\/fuentesfidedignas.com.mx\/index.php\/wp-json\/wp\/v2\/posts"}],"about":[{"href":"https:\/\/fuentesfidedignas.com.mx\/index.php\/wp-json\/wp\/v2\/types\/post"}],"author":[{"embeddable":true,"href":"https:\/\/fuentesfidedignas.com.mx\/index.php\/wp-json\/wp\/v2\/users\/4"}],"replies":[{"embeddable":true,"href":"https:\/\/fuentesfidedignas.com.mx\/index.php\/wp-json\/wp\/v2\/comments?post=44097"}],"version-history":[{"count":1,"href":"https:\/\/fuentesfidedignas.com.mx\/index.php\/wp-json\/wp\/v2\/posts\/44097\/revisions"}],"predecessor-version":[{"id":44098,"href":"https:\/\/fuentesfidedignas.com.mx\/index.php\/wp-json\/wp\/v2\/posts\/44097\/revisions\/44098"}],"wp:featuredmedia":[{"embeddable":true,"href":"https:\/\/fuentesfidedignas.com.mx\/index.php\/wp-json\/wp\/v2\/media\/44099"}],"wp:attachment":[{"href":"https:\/\/fuentesfidedignas.com.mx\/index.php\/wp-json\/wp\/v2\/media?parent=44097"}],"wp:term":[{"taxonomy":"category","embeddable":true,"href":"https:\/\/fuentesfidedignas.com.mx\/index.php\/wp-json\/wp\/v2\/categories?post=44097"},{"taxonomy":"post_tag","embeddable":true,"href":"https:\/\/fuentesfidedignas.com.mx\/index.php\/wp-json\/wp\/v2\/tags?post=44097"}],"curies":[{"name":"wp","href":"https:\/\/api.w.org\/{rel}","templated":true}]}}