{"id":43966,"date":"2023-04-07T12:23:31","date_gmt":"2023-04-07T18:23:31","guid":{"rendered":"https:\/\/fuentesfidedignas.com.mx\/?p=43966"},"modified":"2023-04-07T12:42:20","modified_gmt":"2023-04-07T18:42:20","slug":"precios-mundiales-de-los-alimentos-caen-en-marzo","status":"publish","type":"post","link":"https:\/\/fuentesfidedignas.com.mx\/index.php\/2023\/04\/07\/precios-mundiales-de-los-alimentos-caen-en-marzo\/","title":{"rendered":"Precios mundiales de los alimentos caen en marzo"},"content":{"rendered":"\n<p><strong><em>&#8220;Aunque los precios bajaron a nivel mundial, siguen siendo muy elevados y contin\u00faan aumentando en los mercados nacionales&#8221;, dijo la FAO<\/em><\/strong><\/p>\n\n\n\n<p>Reuters.- El \u00edndice mundial de precios de la agencia de las Naciones Unidas para la alimentaci\u00f3n cay\u00f3 en marzo por duod\u00e9cimo mes consecutivo y se sit\u00faa ahora un 20.5% por debajo del r\u00e9cord alcanzado hace un a\u00f1o tras la invasi\u00f3n rusa de Ucrania.<\/p>\n\n\n\n<p>El \u00edndice de precios de la Organizaci\u00f3n de las Naciones Unidas para la Agricultura y la Alimentaci\u00f3n (FAO, por sus siglas en ingl\u00e9s), que hace un seguimiento de los productos alimentarios m\u00e1s comercializados a nivel mundial, registr\u00f3 una media de 126.9 puntos el mes pasado, frente a los 129.7 de febrero, inform\u00f3 la agencia el viernes. Fue la lectura m\u00e1s baja desde julio de 2021.<\/p>\n\n\n\n<p>La lectura de febrero se dio originalmente como 129.8.<\/p>\n\n\n\n<p>Una combinaci\u00f3n de abundantes suministros, una moderada demanda de importaciones y la pr\u00f3rroga de un acuerdo que permite la exportaci\u00f3n segura de grano ucraniano a trav\u00e9s del mar Negro contribuyeron a la ca\u00edda, seg\u00fan la FAO.<\/p>\n\n\n\n<p>El organismo con sede en Roma se\u00f1al\u00f3 que el descenso del \u00edndice reflejaba la bajada de los precios de los cereales, los aceites vegetales y los productos l\u00e1cteos, que compensaron las subidas del az\u00facar y la carne.<\/p>\n\n\n\n<p>\u201cAunque los precios bajaron a nivel mundial, siguen siendo muy elevados y contin\u00faan aumentando en los mercados nacionales, lo que plantea desaf\u00edos adicionales a la seguridad alimentaria\u201d, se\u00f1al\u00f3 en un comunicado M\u00e1ximo Torero, economista jefe de la FAO.<\/p>\n\n\n\n<p>\u201cEsto es particularmente cierto en los pa\u00edses en desarrollo importadores netos de alimentos, con una situaci\u00f3n agravada por la depreciaci\u00f3n de sus monedas frente al d\u00f3lar estadounidense o el euro y una creciente carga de la deuda\u201d, a\u00f1adi\u00f3.<\/p>\n\n\n\n<p>El \u00edndice de precios de los cereales de la FAO cay\u00f3 un 5.6% intermensual en marzo, con el trigo registrando un descenso del 7.1%, el ma\u00edz un 4.6% y el arroz un 3.2%.<\/p>\n\n\n\n<p>Los aceites vegetales cayeron un 3.0%, un 47.7% menos que el nivel que alcanz\u00f3 el \u00edndice en marzo de 2022, mientras que el \u00edndice de los productos l\u00e1cteos baj\u00f3 un 0.8%.<\/p>\n\n\n\n<p>Por el contrario, el az\u00facar subi\u00f3 un 1.5% hasta su nivel m\u00e1s alto desde octubre de 2016, afectado por la preocupaci\u00f3n por el descenso de las perspectivas de producci\u00f3n en India, Tailandia y China. El \u00edndice de precios de la carne subi\u00f3 un 0.8%.<\/p>\n\n\n\n<p>En un informe separado sobre la oferta y la demanda de cereales, la FAO elev\u00f3 su pron\u00f3stico para la producci\u00f3n mundial de trigo en 2023, ahora fijada en 786 millones de toneladas, un 1.3% por debajo del nivel de 2022, pero no obstante el segundo mayor resultado registrado.<\/p>\n\n\n\n<p>\u201cEn Asia se espera una superficie sembrada casi r\u00e9cord, mientras que las condiciones secas afectan al norte de \u00c1frica y al sur de Europa\u201d, se\u00f1al\u00f3 la FAO.<\/p>\n\n\n\n<p>La FAO tambi\u00e9n elev\u00f3 su previsi\u00f3n para la producci\u00f3n mundial de cereales en 2022 a 2,777 millones de toneladas, s\u00f3lo un 1.2% menos que el a\u00f1o anterior. La producci\u00f3n mundial de arroz en 2022\/23 se estima en 516 millones de toneladas, un 1.6% por debajo de la cosecha r\u00e9cord de 2021\/22.<\/p>\n\n\n\n<p>La utilizaci\u00f3n mundial de cereales en el per\u00edodo 2022\/23 se situ\u00f3 en 2,779 millones de toneladas, un 0.7% menos que en 2021\/22, seg\u00fan la FAO. Se espera que las existencias mundiales de cereales al cierre de las campa\u00f1as 2022\/2023 disminuyan un 0.3% respecto a sus niveles iniciales, hasta 850 millones de toneladas.<\/p>\n","protected":false},"excerpt":{"rendered":"<p>&#8220;Aunque los precios bajaron a nivel mundial, siguen siendo muy elevados y contin\u00faan aumentando en los mercados nacionales&#8221;, dijo la FAO Reuters.- El \u00edndice mundial de precios de la agencia de las Naciones Unidas para la alimentaci\u00f3n cay\u00f3 en marzo por duod\u00e9cimo mes consecutivo y se sit\u00faa ahora un 20.5% por debajo del r\u00e9cord alcanzado [&hellip;]<\/p>\n","protected":false},"author":5,"featured_media":43967,"comment_status":"open","ping_status":"open","sticky":false,"template":"","format":"standard","meta":{"tdm_status":"","tdm_grid_status":"","footnotes":""},"categories":[39],"tags":[],"class_list":{"0":"post-43966","1":"post","2":"type-post","3":"status-publish","4":"format-standard","5":"has-post-thumbnail","7":"category-noticias-nacionales"},"yoast_head":"<!-- This site is optimized with the Yoast SEO plugin v27.4 - https:\/\/yoast.com\/product\/yoast-seo-wordpress\/ -->\n<title>Precios mundiales de los alimentos caen en marzo - Fuentes Fidedignas<\/title>\n<meta name=\"robots\" content=\"index, follow, max-snippet:-1, max-image-preview:large, max-video-preview:-1\" \/>\n<link rel=\"canonical\" href=\"https:\/\/fuentesfidedignas.com.mx\/index.php\/2023\/04\/07\/precios-mundiales-de-los-alimentos-caen-en-marzo\/\" \/>\n<meta property=\"og:locale\" content=\"es_MX\" \/>\n<meta property=\"og:type\" content=\"article\" \/>\n<meta property=\"og:title\" content=\"Precios mundiales de los alimentos caen en marzo - Fuentes Fidedignas\" \/>\n<meta property=\"og:description\" content=\"&#8220;Aunque los precios bajaron a nivel mundial, siguen siendo muy elevados y contin\u00faan aumentando en los mercados nacionales&#8221;, dijo la FAO Reuters.- El \u00edndice mundial de precios de la agencia de las Naciones Unidas para la alimentaci\u00f3n cay\u00f3 en marzo por duod\u00e9cimo mes consecutivo y se sit\u00faa ahora un 20.5% por debajo del r\u00e9cord alcanzado [&hellip;]\" \/>\n<meta property=\"og:url\" content=\"https:\/\/fuentesfidedignas.com.mx\/index.php\/2023\/04\/07\/precios-mundiales-de-los-alimentos-caen-en-marzo\/\" \/>\n<meta property=\"og:site_name\" content=\"Fuentes Fidedignas\" \/>\n<meta property=\"article:publisher\" content=\"https:\/\/www.facebook.com\/Fuentes-Fidedignas-368234489921644\" \/>\n<meta property=\"article:published_time\" content=\"2023-04-07T18:23:31+00:00\" \/>\n<meta property=\"article:modified_time\" content=\"2023-04-07T18:42:20+00:00\" \/>\n<meta property=\"og:image\" content=\"https:\/\/fuentesfidedignas.com.mx\/wp-content\/uploads\/2023\/04\/WhatsApp-Image-2023-04-07-at-11.59.18-AM.jpeg\" \/>\n\t<meta property=\"og:image:width\" content=\"768\" \/>\n\t<meta property=\"og:image:height\" content=\"432\" \/>\n\t<meta property=\"og:image:type\" content=\"image\/jpeg\" \/>\n<meta name=\"author\" content=\"Forbes\" \/>\n<meta name=\"twitter:card\" content=\"summary_large_image\" \/>\n<meta name=\"twitter:creator\" content=\"@fidedignas\" \/>\n<meta name=\"twitter:site\" content=\"@fidedignas\" \/>\n<meta name=\"twitter:label1\" content=\"Escrito por\" \/>\n\t<meta name=\"twitter:data1\" content=\"Forbes\" \/>\n\t<meta name=\"twitter:label2\" content=\"Tiempo de lectura\" \/>\n\t<meta name=\"twitter:data2\" content=\"3 minutos\" \/>\n<script type=\"application\/ld+json\" class=\"yoast-schema-graph\">{\"@context\":\"https:\\\/\\\/schema.org\",\"@graph\":[{\"@type\":\"Article\",\"@id\":\"https:\\\/\\\/fuentesfidedignas.com.mx\\\/index.php\\\/2023\\\/04\\\/07\\\/precios-mundiales-de-los-alimentos-caen-en-marzo\\\/#article\",\"isPartOf\":{\"@id\":\"https:\\\/\\\/fuentesfidedignas.com.mx\\\/index.php\\\/2023\\\/04\\\/07\\\/precios-mundiales-de-los-alimentos-caen-en-marzo\\\/\"},\"author\":{\"name\":\"Forbes\",\"@id\":\"https:\\\/\\\/fuentesfidedignas.com.mx\\\/#\\\/schema\\\/person\\\/5623d53fe2e579d825b1679734abcc44\"},\"headline\":\"Precios mundiales de los alimentos caen en marzo\",\"datePublished\":\"2023-04-07T18:23:31+00:00\",\"dateModified\":\"2023-04-07T18:42:20+00:00\",\"mainEntityOfPage\":{\"@id\":\"https:\\\/\\\/fuentesfidedignas.com.mx\\\/index.php\\\/2023\\\/04\\\/07\\\/precios-mundiales-de-los-alimentos-caen-en-marzo\\\/\"},\"wordCount\":599,\"commentCount\":0,\"publisher\":{\"@id\":\"https:\\\/\\\/fuentesfidedignas.com.mx\\\/#organization\"},\"image\":{\"@id\":\"https:\\\/\\\/fuentesfidedignas.com.mx\\\/index.php\\\/2023\\\/04\\\/07\\\/precios-mundiales-de-los-alimentos-caen-en-marzo\\\/#primaryimage\"},\"thumbnailUrl\":\"https:\\\/\\\/fuentesfidedignas.com.mx\\\/wp-content\\\/uploads\\\/2023\\\/04\\\/WhatsApp-Image-2023-04-07-at-11.59.18-AM.jpeg\",\"articleSection\":[\"NOTICIAS NACIONALES\"],\"inLanguage\":\"es\",\"potentialAction\":[{\"@type\":\"CommentAction\",\"name\":\"Comment\",\"target\":[\"https:\\\/\\\/fuentesfidedignas.com.mx\\\/index.php\\\/2023\\\/04\\\/07\\\/precios-mundiales-de-los-alimentos-caen-en-marzo\\\/#respond\"]}]},{\"@type\":\"WebPage\",\"@id\":\"https:\\\/\\\/fuentesfidedignas.com.mx\\\/index.php\\\/2023\\\/04\\\/07\\\/precios-mundiales-de-los-alimentos-caen-en-marzo\\\/\",\"url\":\"https:\\\/\\\/fuentesfidedignas.com.mx\\\/index.php\\\/2023\\\/04\\\/07\\\/precios-mundiales-de-los-alimentos-caen-en-marzo\\\/\",\"name\":\"Precios mundiales de los alimentos caen en marzo - Fuentes Fidedignas\",\"isPartOf\":{\"@id\":\"https:\\\/\\\/fuentesfidedignas.com.mx\\\/#website\"},\"primaryImageOfPage\":{\"@id\":\"https:\\\/\\\/fuentesfidedignas.com.mx\\\/index.php\\\/2023\\\/04\\\/07\\\/precios-mundiales-de-los-alimentos-caen-en-marzo\\\/#primaryimage\"},\"image\":{\"@id\":\"https:\\\/\\\/fuentesfidedignas.com.mx\\\/index.php\\\/2023\\\/04\\\/07\\\/precios-mundiales-de-los-alimentos-caen-en-marzo\\\/#primaryimage\"},\"thumbnailUrl\":\"https:\\\/\\\/fuentesfidedignas.com.mx\\\/wp-content\\\/uploads\\\/2023\\\/04\\\/WhatsApp-Image-2023-04-07-at-11.59.18-AM.jpeg\",\"datePublished\":\"2023-04-07T18:23:31+00:00\",\"dateModified\":\"2023-04-07T18:42:20+00:00\",\"breadcrumb\":{\"@id\":\"https:\\\/\\\/fuentesfidedignas.com.mx\\\/index.php\\\/2023\\\/04\\\/07\\\/precios-mundiales-de-los-alimentos-caen-en-marzo\\\/#breadcrumb\"},\"inLanguage\":\"es\",\"potentialAction\":[{\"@type\":\"ReadAction\",\"target\":[\"https:\\\/\\\/fuentesfidedignas.com.mx\\\/index.php\\\/2023\\\/04\\\/07\\\/precios-mundiales-de-los-alimentos-caen-en-marzo\\\/\"]}]},{\"@type\":\"ImageObject\",\"inLanguage\":\"es\",\"@id\":\"https:\\\/\\\/fuentesfidedignas.com.mx\\\/index.php\\\/2023\\\/04\\\/07\\\/precios-mundiales-de-los-alimentos-caen-en-marzo\\\/#primaryimage\",\"url\":\"https:\\\/\\\/fuentesfidedignas.com.mx\\\/wp-content\\\/uploads\\\/2023\\\/04\\\/WhatsApp-Image-2023-04-07-at-11.59.18-AM.jpeg\",\"contentUrl\":\"https:\\\/\\\/fuentesfidedignas.com.mx\\\/wp-content\\\/uploads\\\/2023\\\/04\\\/WhatsApp-Image-2023-04-07-at-11.59.18-AM.jpeg\",\"width\":768,\"height\":432},{\"@type\":\"BreadcrumbList\",\"@id\":\"https:\\\/\\\/fuentesfidedignas.com.mx\\\/index.php\\\/2023\\\/04\\\/07\\\/precios-mundiales-de-los-alimentos-caen-en-marzo\\\/#breadcrumb\",\"itemListElement\":[{\"@type\":\"ListItem\",\"position\":1,\"name\":\"Inicio\",\"item\":\"https:\\\/\\\/fuentesfidedignas.com.mx\\\/\"},{\"@type\":\"ListItem\",\"position\":2,\"name\":\"Precios mundiales de los alimentos caen en marzo\"}]},{\"@type\":\"WebSite\",\"@id\":\"https:\\\/\\\/fuentesfidedignas.com.mx\\\/#website\",\"url\":\"https:\\\/\\\/fuentesfidedignas.com.mx\\\/\",\"name\":\"Fuentes Fidedignas\",\"description\":\"Otro sitio realizado con WordPress\",\"publisher\":{\"@id\":\"https:\\\/\\\/fuentesfidedignas.com.mx\\\/#organization\"},\"potentialAction\":[{\"@type\":\"SearchAction\",\"target\":{\"@type\":\"EntryPoint\",\"urlTemplate\":\"https:\\\/\\\/fuentesfidedignas.com.mx\\\/?s={search_term_string}\"},\"query-input\":{\"@type\":\"PropertyValueSpecification\",\"valueRequired\":true,\"valueName\":\"search_term_string\"}}],\"inLanguage\":\"es\"},{\"@type\":\"Organization\",\"@id\":\"https:\\\/\\\/fuentesfidedignas.com.mx\\\/#organization\",\"name\":\"Fuentes Fidedignas\",\"url\":\"https:\\\/\\\/fuentesfidedignas.com.mx\\\/\",\"logo\":{\"@type\":\"ImageObject\",\"inLanguage\":\"es\",\"@id\":\"https:\\\/\\\/fuentesfidedignas.com.mx\\\/#\\\/schema\\\/logo\\\/image\\\/\",\"url\":\"https:\\\/\\\/fuentesfidedignas.com.mx\\\/wp-content\\\/uploads\\\/2021\\\/04\\\/logo-retina.png\",\"contentUrl\":\"https:\\\/\\\/fuentesfidedignas.com.mx\\\/wp-content\\\/uploads\\\/2021\\\/04\\\/logo-retina.png\",\"width\":280,\"height\":51,\"caption\":\"Fuentes Fidedignas\"},\"image\":{\"@id\":\"https:\\\/\\\/fuentesfidedignas.com.mx\\\/#\\\/schema\\\/logo\\\/image\\\/\"},\"sameAs\":[\"https:\\\/\\\/www.facebook.com\\\/Fuentes-Fidedignas-368234489921644\",\"https:\\\/\\\/x.com\\\/fidedignas\"]},{\"@type\":\"Person\",\"@id\":\"https:\\\/\\\/fuentesfidedignas.com.mx\\\/#\\\/schema\\\/person\\\/5623d53fe2e579d825b1679734abcc44\",\"name\":\"Forbes\",\"image\":{\"@type\":\"ImageObject\",\"inLanguage\":\"es\",\"@id\":\"https:\\\/\\\/secure.gravatar.com\\\/avatar\\\/87ce3dd4e41e60c22a79c758614f01a6bc2469255fc936ec7b15efb9bb5cb66f?s=96&d=mm&r=g\",\"url\":\"https:\\\/\\\/secure.gravatar.com\\\/avatar\\\/87ce3dd4e41e60c22a79c758614f01a6bc2469255fc936ec7b15efb9bb5cb66f?s=96&d=mm&r=g\",\"contentUrl\":\"https:\\\/\\\/secure.gravatar.com\\\/avatar\\\/87ce3dd4e41e60c22a79c758614f01a6bc2469255fc936ec7b15efb9bb5cb66f?s=96&d=mm&r=g\",\"caption\":\"Forbes\"},\"url\":\"https:\\\/\\\/fuentesfidedignas.com.mx\\\/index.php\\\/author\\\/forbes\\\/\"}]}<\/script>\n<!-- \/ Yoast SEO plugin. -->","yoast_head_json":{"title":"Precios mundiales de los alimentos caen en marzo - Fuentes Fidedignas","robots":{"index":"index","follow":"follow","max-snippet":"max-snippet:-1","max-image-preview":"max-image-preview:large","max-video-preview":"max-video-preview:-1"},"canonical":"https:\/\/fuentesfidedignas.com.mx\/index.php\/2023\/04\/07\/precios-mundiales-de-los-alimentos-caen-en-marzo\/","og_locale":"es_MX","og_type":"article","og_title":"Precios mundiales de los alimentos caen en marzo - Fuentes Fidedignas","og_description":"&#8220;Aunque los precios bajaron a nivel mundial, siguen siendo muy elevados y contin\u00faan aumentando en los mercados nacionales&#8221;, dijo la FAO Reuters.- El \u00edndice mundial de precios de la agencia de las Naciones Unidas para la alimentaci\u00f3n cay\u00f3 en marzo por duod\u00e9cimo mes consecutivo y se sit\u00faa ahora un 20.5% por debajo del r\u00e9cord alcanzado [&hellip;]","og_url":"https:\/\/fuentesfidedignas.com.mx\/index.php\/2023\/04\/07\/precios-mundiales-de-los-alimentos-caen-en-marzo\/","og_site_name":"Fuentes Fidedignas","article_publisher":"https:\/\/www.facebook.com\/Fuentes-Fidedignas-368234489921644","article_published_time":"2023-04-07T18:23:31+00:00","article_modified_time":"2023-04-07T18:42:20+00:00","og_image":[{"width":768,"height":432,"url":"https:\/\/fuentesfidedignas.com.mx\/wp-content\/uploads\/2023\/04\/WhatsApp-Image-2023-04-07-at-11.59.18-AM.jpeg","type":"image\/jpeg"}],"author":"Forbes","twitter_card":"summary_large_image","twitter_creator":"@fidedignas","twitter_site":"@fidedignas","twitter_misc":{"Escrito por":"Forbes","Tiempo de lectura":"3 minutos"},"schema":{"@context":"https:\/\/schema.org","@graph":[{"@type":"Article","@id":"https:\/\/fuentesfidedignas.com.mx\/index.php\/2023\/04\/07\/precios-mundiales-de-los-alimentos-caen-en-marzo\/#article","isPartOf":{"@id":"https:\/\/fuentesfidedignas.com.mx\/index.php\/2023\/04\/07\/precios-mundiales-de-los-alimentos-caen-en-marzo\/"},"author":{"name":"Forbes","@id":"https:\/\/fuentesfidedignas.com.mx\/#\/schema\/person\/5623d53fe2e579d825b1679734abcc44"},"headline":"Precios mundiales de los alimentos caen en marzo","datePublished":"2023-04-07T18:23:31+00:00","dateModified":"2023-04-07T18:42:20+00:00","mainEntityOfPage":{"@id":"https:\/\/fuentesfidedignas.com.mx\/index.php\/2023\/04\/07\/precios-mundiales-de-los-alimentos-caen-en-marzo\/"},"wordCount":599,"commentCount":0,"publisher":{"@id":"https:\/\/fuentesfidedignas.com.mx\/#organization"},"image":{"@id":"https:\/\/fuentesfidedignas.com.mx\/index.php\/2023\/04\/07\/precios-mundiales-de-los-alimentos-caen-en-marzo\/#primaryimage"},"thumbnailUrl":"https:\/\/fuentesfidedignas.com.mx\/wp-content\/uploads\/2023\/04\/WhatsApp-Image-2023-04-07-at-11.59.18-AM.jpeg","articleSection":["NOTICIAS NACIONALES"],"inLanguage":"es","potentialAction":[{"@type":"CommentAction","name":"Comment","target":["https:\/\/fuentesfidedignas.com.mx\/index.php\/2023\/04\/07\/precios-mundiales-de-los-alimentos-caen-en-marzo\/#respond"]}]},{"@type":"WebPage","@id":"https:\/\/fuentesfidedignas.com.mx\/index.php\/2023\/04\/07\/precios-mundiales-de-los-alimentos-caen-en-marzo\/","url":"https:\/\/fuentesfidedignas.com.mx\/index.php\/2023\/04\/07\/precios-mundiales-de-los-alimentos-caen-en-marzo\/","name":"Precios mundiales de los alimentos caen en marzo - Fuentes Fidedignas","isPartOf":{"@id":"https:\/\/fuentesfidedignas.com.mx\/#website"},"primaryImageOfPage":{"@id":"https:\/\/fuentesfidedignas.com.mx\/index.php\/2023\/04\/07\/precios-mundiales-de-los-alimentos-caen-en-marzo\/#primaryimage"},"image":{"@id":"https:\/\/fuentesfidedignas.com.mx\/index.php\/2023\/04\/07\/precios-mundiales-de-los-alimentos-caen-en-marzo\/#primaryimage"},"thumbnailUrl":"https:\/\/fuentesfidedignas.com.mx\/wp-content\/uploads\/2023\/04\/WhatsApp-Image-2023-04-07-at-11.59.18-AM.jpeg","datePublished":"2023-04-07T18:23:31+00:00","dateModified":"2023-04-07T18:42:20+00:00","breadcrumb":{"@id":"https:\/\/fuentesfidedignas.com.mx\/index.php\/2023\/04\/07\/precios-mundiales-de-los-alimentos-caen-en-marzo\/#breadcrumb"},"inLanguage":"es","potentialAction":[{"@type":"ReadAction","target":["https:\/\/fuentesfidedignas.com.mx\/index.php\/2023\/04\/07\/precios-mundiales-de-los-alimentos-caen-en-marzo\/"]}]},{"@type":"ImageObject","inLanguage":"es","@id":"https:\/\/fuentesfidedignas.com.mx\/index.php\/2023\/04\/07\/precios-mundiales-de-los-alimentos-caen-en-marzo\/#primaryimage","url":"https:\/\/fuentesfidedignas.com.mx\/wp-content\/uploads\/2023\/04\/WhatsApp-Image-2023-04-07-at-11.59.18-AM.jpeg","contentUrl":"https:\/\/fuentesfidedignas.com.mx\/wp-content\/uploads\/2023\/04\/WhatsApp-Image-2023-04-07-at-11.59.18-AM.jpeg","width":768,"height":432},{"@type":"BreadcrumbList","@id":"https:\/\/fuentesfidedignas.com.mx\/index.php\/2023\/04\/07\/precios-mundiales-de-los-alimentos-caen-en-marzo\/#breadcrumb","itemListElement":[{"@type":"ListItem","position":1,"name":"Inicio","item":"https:\/\/fuentesfidedignas.com.mx\/"},{"@type":"ListItem","position":2,"name":"Precios mundiales de los alimentos caen en marzo"}]},{"@type":"WebSite","@id":"https:\/\/fuentesfidedignas.com.mx\/#website","url":"https:\/\/fuentesfidedignas.com.mx\/","name":"Fuentes Fidedignas","description":"Otro sitio realizado con WordPress","publisher":{"@id":"https:\/\/fuentesfidedignas.com.mx\/#organization"},"potentialAction":[{"@type":"SearchAction","target":{"@type":"EntryPoint","urlTemplate":"https:\/\/fuentesfidedignas.com.mx\/?s={search_term_string}"},"query-input":{"@type":"PropertyValueSpecification","valueRequired":true,"valueName":"search_term_string"}}],"inLanguage":"es"},{"@type":"Organization","@id":"https:\/\/fuentesfidedignas.com.mx\/#organization","name":"Fuentes Fidedignas","url":"https:\/\/fuentesfidedignas.com.mx\/","logo":{"@type":"ImageObject","inLanguage":"es","@id":"https:\/\/fuentesfidedignas.com.mx\/#\/schema\/logo\/image\/","url":"https:\/\/fuentesfidedignas.com.mx\/wp-content\/uploads\/2021\/04\/logo-retina.png","contentUrl":"https:\/\/fuentesfidedignas.com.mx\/wp-content\/uploads\/2021\/04\/logo-retina.png","width":280,"height":51,"caption":"Fuentes Fidedignas"},"image":{"@id":"https:\/\/fuentesfidedignas.com.mx\/#\/schema\/logo\/image\/"},"sameAs":["https:\/\/www.facebook.com\/Fuentes-Fidedignas-368234489921644","https:\/\/x.com\/fidedignas"]},{"@type":"Person","@id":"https:\/\/fuentesfidedignas.com.mx\/#\/schema\/person\/5623d53fe2e579d825b1679734abcc44","name":"Forbes","image":{"@type":"ImageObject","inLanguage":"es","@id":"https:\/\/secure.gravatar.com\/avatar\/87ce3dd4e41e60c22a79c758614f01a6bc2469255fc936ec7b15efb9bb5cb66f?s=96&d=mm&r=g","url":"https:\/\/secure.gravatar.com\/avatar\/87ce3dd4e41e60c22a79c758614f01a6bc2469255fc936ec7b15efb9bb5cb66f?s=96&d=mm&r=g","contentUrl":"https:\/\/secure.gravatar.com\/avatar\/87ce3dd4e41e60c22a79c758614f01a6bc2469255fc936ec7b15efb9bb5cb66f?s=96&d=mm&r=g","caption":"Forbes"},"url":"https:\/\/fuentesfidedignas.com.mx\/index.php\/author\/forbes\/"}]}},"_links":{"self":[{"href":"https:\/\/fuentesfidedignas.com.mx\/index.php\/wp-json\/wp\/v2\/posts\/43966","targetHints":{"allow":["GET"]}}],"collection":[{"href":"https:\/\/fuentesfidedignas.com.mx\/index.php\/wp-json\/wp\/v2\/posts"}],"about":[{"href":"https:\/\/fuentesfidedignas.com.mx\/index.php\/wp-json\/wp\/v2\/types\/post"}],"author":[{"embeddable":true,"href":"https:\/\/fuentesfidedignas.com.mx\/index.php\/wp-json\/wp\/v2\/users\/5"}],"replies":[{"embeddable":true,"href":"https:\/\/fuentesfidedignas.com.mx\/index.php\/wp-json\/wp\/v2\/comments?post=43966"}],"version-history":[{"count":1,"href":"https:\/\/fuentesfidedignas.com.mx\/index.php\/wp-json\/wp\/v2\/posts\/43966\/revisions"}],"predecessor-version":[{"id":43968,"href":"https:\/\/fuentesfidedignas.com.mx\/index.php\/wp-json\/wp\/v2\/posts\/43966\/revisions\/43968"}],"wp:featuredmedia":[{"embeddable":true,"href":"https:\/\/fuentesfidedignas.com.mx\/index.php\/wp-json\/wp\/v2\/media\/43967"}],"wp:attachment":[{"href":"https:\/\/fuentesfidedignas.com.mx\/index.php\/wp-json\/wp\/v2\/media?parent=43966"}],"wp:term":[{"taxonomy":"category","embeddable":true,"href":"https:\/\/fuentesfidedignas.com.mx\/index.php\/wp-json\/wp\/v2\/categories?post=43966"},{"taxonomy":"post_tag","embeddable":true,"href":"https:\/\/fuentesfidedignas.com.mx\/index.php\/wp-json\/wp\/v2\/tags?post=43966"}],"curies":[{"name":"wp","href":"https:\/\/api.w.org\/{rel}","templated":true}]}}