{"id":43865,"date":"2023-04-05T17:57:33","date_gmt":"2023-04-05T23:57:33","guid":{"rendered":"https:\/\/fuentesfidedignas.com.mx\/?p=43865"},"modified":"2023-04-05T17:57:33","modified_gmt":"2023-04-05T23:57:33","slug":"sin-cambios-en-decreto-nueva-etapa-de-regularizacion-de-vehiculos","status":"publish","type":"post","link":"https:\/\/fuentesfidedignas.com.mx\/index.php\/2023\/04\/05\/sin-cambios-en-decreto-nueva-etapa-de-regularizacion-de-vehiculos\/","title":{"rendered":"Sin cambios en decreto, nueva etapa de regularizaci\u00f3n de veh\u00edculos"},"content":{"rendered":"\n<p><strong><em>La nueva ampliaci\u00f3n del periodo abril-junio se mantiene solo para los veh\u00edculos cuyo n\u00famero de serie corresponda al de fabricaci\u00f3n o ensamble en M\u00e9xico, Estados Unidos de Am\u00e9rica o Canad\u00e1<\/em><\/strong><\/p>\n\n\n\n<p>Culiac\u00e1n, Sin., mi\u00e9rcoles 05 de abril de 2023.- A partir del lunes 10 de abril inicia la tercera ampliaci\u00f3n del decreto de regularizaci\u00f3n de veh\u00edculos de procedencia extranjera en Sinaloa. El decreto, publicado el 31 de marzo del presente, se mantiene bajo las mismas condiciones que las etapas anteriores, permitiendo la regularizaci\u00f3n solamente para los veh\u00edculos cuyo n\u00famero de serie corresponda al de fabricaci\u00f3n o ensamble del veh\u00edculo en M\u00e9xico, Estados Unidos de Am\u00e9rica o Canad\u00e1, de modelos 2017 y anteriores, ingresados al pa\u00eds hasta el 19 de octubre de 2021.<\/p>\n\n\n\n<p>Ante versiones de medios de comunicaci\u00f3n que se\u00f1alan presuntas modificaciones al decreto para permitir la regularizaci\u00f3n de veh\u00edculos procedentes de otros pa\u00edses, la Titular del Centro Estatal de Informaci\u00f3n del SESESP y enlace de REPUVE en Sinaloa, Patricia \u00cd\u00f1iguez L\u00f3pez, descart\u00f3 que esto sea as\u00ed, pues el \u00fanico cambio en el decreto es la extensi\u00f3n del plazo de regularizaci\u00f3n al mes de junio de 2023, manteniendo todos los dem\u00e1s criterios que se han aplicado desde abril de 2022 que inici\u00f3 este proceso en Sinaloa.<\/p>\n\n\n\n<p>\u201cLas condiciones del decreto contin\u00faan siendo las mismas, \u00fanicamente se pueden regularizar veh\u00edculos cuyo n\u00famero de serie inicie con n\u00fameros del 1 al 5, es decir, veh\u00edculos ensamblados en M\u00e9xico, Estados Unidos o Canad\u00e1; solamente se podr\u00e1n regularizar veh\u00edculos con n\u00famero de serie que inicien con letra cuando el decreto lo establezca, y por el momento en esta ampliaci\u00f3n no es as\u00ed\u201d, explic\u00f3.<\/p>\n\n\n\n<p>La funcionaria estatal llam\u00f3 a la ciudadan\u00eda a consultar solo fuentes oficiales y evitar compartir informaci\u00f3n que no est\u00e9 verificada por el Gobierno estatal o federal.<\/p>\n\n\n\n<p>Las citas para la nueva etapa de regularizaci\u00f3n estar\u00e1n disponibles a partir del lunes 10 de abril. La \u00fanica p\u00e1gina oficial para agendar citas es<a href=\" https:\/\/regularizaauto.sspc.gob.m\"> <\/a><a href=\"https:\/\/regularizaauto.sspc.gob.mx\">https:\/\/regularizaauto.sspc.gob.mx<\/a>.<\/p>\n","protected":false},"excerpt":{"rendered":"<p>La nueva ampliaci\u00f3n del periodo abril-junio se mantiene solo para los veh\u00edculos cuyo n\u00famero de serie corresponda al de fabricaci\u00f3n o ensamble en M\u00e9xico, Estados Unidos de Am\u00e9rica o Canad\u00e1 Culiac\u00e1n, Sin., mi\u00e9rcoles 05 de abril de 2023.- A partir del lunes 10 de abril inicia la tercera ampliaci\u00f3n del decreto de regularizaci\u00f3n de veh\u00edculos [&hellip;]<\/p>\n","protected":false},"author":4,"featured_media":43866,"comment_status":"open","ping_status":"open","sticky":false,"template":"","format":"standard","meta":{"tdm_status":"","tdm_grid_status":"","footnotes":""},"categories":[37],"tags":[],"class_list":{"0":"post-43865","1":"post","2":"type-post","3":"status-publish","4":"format-standard","5":"has-post-thumbnail","7":"category-nota-principal"},"yoast_head":"<!-- This site is optimized with the Yoast SEO plugin v27.5 - https:\/\/yoast.com\/product\/yoast-seo-wordpress\/ -->\n<title>Sin cambios en decreto, nueva etapa de regularizaci\u00f3n de veh\u00edculos - Fuentes Fidedignas<\/title>\n<meta name=\"robots\" content=\"index, follow, max-snippet:-1, max-image-preview:large, max-video-preview:-1\" \/>\n<link rel=\"canonical\" href=\"https:\/\/fuentesfidedignas.com.mx\/index.php\/2023\/04\/05\/sin-cambios-en-decreto-nueva-etapa-de-regularizacion-de-vehiculos\/\" \/>\n<meta property=\"og:locale\" content=\"es_MX\" \/>\n<meta property=\"og:type\" content=\"article\" \/>\n<meta property=\"og:title\" content=\"Sin cambios en decreto, nueva etapa de regularizaci\u00f3n de veh\u00edculos - Fuentes Fidedignas\" \/>\n<meta property=\"og:description\" content=\"La nueva ampliaci\u00f3n del periodo abril-junio se mantiene solo para los veh\u00edculos cuyo n\u00famero de serie corresponda al de fabricaci\u00f3n o ensamble en M\u00e9xico, Estados Unidos de Am\u00e9rica o Canad\u00e1 Culiac\u00e1n, Sin., mi\u00e9rcoles 05 de abril de 2023.- A partir del lunes 10 de abril inicia la tercera ampliaci\u00f3n del decreto de regularizaci\u00f3n de veh\u00edculos [&hellip;]\" \/>\n<meta property=\"og:url\" content=\"https:\/\/fuentesfidedignas.com.mx\/index.php\/2023\/04\/05\/sin-cambios-en-decreto-nueva-etapa-de-regularizacion-de-vehiculos\/\" \/>\n<meta property=\"og:site_name\" content=\"Fuentes Fidedignas\" \/>\n<meta property=\"article:publisher\" content=\"https:\/\/www.facebook.com\/Fuentes-Fidedignas-368234489921644\" \/>\n<meta property=\"article:published_time\" content=\"2023-04-05T23:57:33+00:00\" \/>\n<meta property=\"og:image\" content=\"https:\/\/fuentesfidedignas.com.mx\/wp-content\/uploads\/2023\/04\/REGULARIZACION.jpeg\" \/>\n\t<meta property=\"og:image:width\" content=\"1600\" \/>\n\t<meta property=\"og:image:height\" content=\"1200\" \/>\n\t<meta property=\"og:image:type\" content=\"image\/jpeg\" \/>\n<meta name=\"author\" content=\"Redacci\u00f3n\" \/>\n<meta name=\"twitter:card\" content=\"summary_large_image\" \/>\n<meta name=\"twitter:creator\" content=\"@fidedignas\" \/>\n<meta name=\"twitter:site\" content=\"@fidedignas\" \/>\n<meta name=\"twitter:label1\" content=\"Escrito por\" \/>\n\t<meta name=\"twitter:data1\" content=\"Redacci\u00f3n\" \/>\n\t<meta name=\"twitter:label2\" content=\"Tiempo de lectura\" \/>\n\t<meta name=\"twitter:data2\" content=\"2 minutos\" \/>\n<script type=\"application\/ld+json\" class=\"yoast-schema-graph\">{\"@context\":\"https:\\\/\\\/schema.org\",\"@graph\":[{\"@type\":\"Article\",\"@id\":\"https:\\\/\\\/fuentesfidedignas.com.mx\\\/index.php\\\/2023\\\/04\\\/05\\\/sin-cambios-en-decreto-nueva-etapa-de-regularizacion-de-vehiculos\\\/#article\",\"isPartOf\":{\"@id\":\"https:\\\/\\\/fuentesfidedignas.com.mx\\\/index.php\\\/2023\\\/04\\\/05\\\/sin-cambios-en-decreto-nueva-etapa-de-regularizacion-de-vehiculos\\\/\"},\"author\":{\"name\":\"Redacci\u00f3n\",\"@id\":\"https:\\\/\\\/fuentesfidedignas.com.mx\\\/#\\\/schema\\\/person\\\/331be9283d37198e2acd5750279085b0\"},\"headline\":\"Sin cambios en decreto, nueva etapa de regularizaci\u00f3n de veh\u00edculos\",\"datePublished\":\"2023-04-05T23:57:33+00:00\",\"mainEntityOfPage\":{\"@id\":\"https:\\\/\\\/fuentesfidedignas.com.mx\\\/index.php\\\/2023\\\/04\\\/05\\\/sin-cambios-en-decreto-nueva-etapa-de-regularizacion-de-vehiculos\\\/\"},\"wordCount\":369,\"commentCount\":0,\"publisher\":{\"@id\":\"https:\\\/\\\/fuentesfidedignas.com.mx\\\/#organization\"},\"image\":{\"@id\":\"https:\\\/\\\/fuentesfidedignas.com.mx\\\/index.php\\\/2023\\\/04\\\/05\\\/sin-cambios-en-decreto-nueva-etapa-de-regularizacion-de-vehiculos\\\/#primaryimage\"},\"thumbnailUrl\":\"https:\\\/\\\/fuentesfidedignas.com.mx\\\/wp-content\\\/uploads\\\/2023\\\/04\\\/REGULARIZACION.jpeg\",\"articleSection\":[\"NOTA PRINCIPAL\"],\"inLanguage\":\"es\",\"potentialAction\":[{\"@type\":\"CommentAction\",\"name\":\"Comment\",\"target\":[\"https:\\\/\\\/fuentesfidedignas.com.mx\\\/index.php\\\/2023\\\/04\\\/05\\\/sin-cambios-en-decreto-nueva-etapa-de-regularizacion-de-vehiculos\\\/#respond\"]}]},{\"@type\":\"WebPage\",\"@id\":\"https:\\\/\\\/fuentesfidedignas.com.mx\\\/index.php\\\/2023\\\/04\\\/05\\\/sin-cambios-en-decreto-nueva-etapa-de-regularizacion-de-vehiculos\\\/\",\"url\":\"https:\\\/\\\/fuentesfidedignas.com.mx\\\/index.php\\\/2023\\\/04\\\/05\\\/sin-cambios-en-decreto-nueva-etapa-de-regularizacion-de-vehiculos\\\/\",\"name\":\"Sin cambios en decreto, nueva etapa de regularizaci\u00f3n de veh\u00edculos - Fuentes Fidedignas\",\"isPartOf\":{\"@id\":\"https:\\\/\\\/fuentesfidedignas.com.mx\\\/#website\"},\"primaryImageOfPage\":{\"@id\":\"https:\\\/\\\/fuentesfidedignas.com.mx\\\/index.php\\\/2023\\\/04\\\/05\\\/sin-cambios-en-decreto-nueva-etapa-de-regularizacion-de-vehiculos\\\/#primaryimage\"},\"image\":{\"@id\":\"https:\\\/\\\/fuentesfidedignas.com.mx\\\/index.php\\\/2023\\\/04\\\/05\\\/sin-cambios-en-decreto-nueva-etapa-de-regularizacion-de-vehiculos\\\/#primaryimage\"},\"thumbnailUrl\":\"https:\\\/\\\/fuentesfidedignas.com.mx\\\/wp-content\\\/uploads\\\/2023\\\/04\\\/REGULARIZACION.jpeg\",\"datePublished\":\"2023-04-05T23:57:33+00:00\",\"breadcrumb\":{\"@id\":\"https:\\\/\\\/fuentesfidedignas.com.mx\\\/index.php\\\/2023\\\/04\\\/05\\\/sin-cambios-en-decreto-nueva-etapa-de-regularizacion-de-vehiculos\\\/#breadcrumb\"},\"inLanguage\":\"es\",\"potentialAction\":[{\"@type\":\"ReadAction\",\"target\":[\"https:\\\/\\\/fuentesfidedignas.com.mx\\\/index.php\\\/2023\\\/04\\\/05\\\/sin-cambios-en-decreto-nueva-etapa-de-regularizacion-de-vehiculos\\\/\"]}]},{\"@type\":\"ImageObject\",\"inLanguage\":\"es\",\"@id\":\"https:\\\/\\\/fuentesfidedignas.com.mx\\\/index.php\\\/2023\\\/04\\\/05\\\/sin-cambios-en-decreto-nueva-etapa-de-regularizacion-de-vehiculos\\\/#primaryimage\",\"url\":\"https:\\\/\\\/fuentesfidedignas.com.mx\\\/wp-content\\\/uploads\\\/2023\\\/04\\\/REGULARIZACION.jpeg\",\"contentUrl\":\"https:\\\/\\\/fuentesfidedignas.com.mx\\\/wp-content\\\/uploads\\\/2023\\\/04\\\/REGULARIZACION.jpeg\",\"width\":1600,\"height\":1200},{\"@type\":\"BreadcrumbList\",\"@id\":\"https:\\\/\\\/fuentesfidedignas.com.mx\\\/index.php\\\/2023\\\/04\\\/05\\\/sin-cambios-en-decreto-nueva-etapa-de-regularizacion-de-vehiculos\\\/#breadcrumb\",\"itemListElement\":[{\"@type\":\"ListItem\",\"position\":1,\"name\":\"Inicio\",\"item\":\"https:\\\/\\\/fuentesfidedignas.com.mx\\\/\"},{\"@type\":\"ListItem\",\"position\":2,\"name\":\"Sin cambios en decreto, nueva etapa de regularizaci\u00f3n de veh\u00edculos\"}]},{\"@type\":\"WebSite\",\"@id\":\"https:\\\/\\\/fuentesfidedignas.com.mx\\\/#website\",\"url\":\"https:\\\/\\\/fuentesfidedignas.com.mx\\\/\",\"name\":\"Fuentes Fidedignas\",\"description\":\"Otro sitio realizado con WordPress\",\"publisher\":{\"@id\":\"https:\\\/\\\/fuentesfidedignas.com.mx\\\/#organization\"},\"potentialAction\":[{\"@type\":\"SearchAction\",\"target\":{\"@type\":\"EntryPoint\",\"urlTemplate\":\"https:\\\/\\\/fuentesfidedignas.com.mx\\\/?s={search_term_string}\"},\"query-input\":{\"@type\":\"PropertyValueSpecification\",\"valueRequired\":true,\"valueName\":\"search_term_string\"}}],\"inLanguage\":\"es\"},{\"@type\":\"Organization\",\"@id\":\"https:\\\/\\\/fuentesfidedignas.com.mx\\\/#organization\",\"name\":\"Fuentes Fidedignas\",\"url\":\"https:\\\/\\\/fuentesfidedignas.com.mx\\\/\",\"logo\":{\"@type\":\"ImageObject\",\"inLanguage\":\"es\",\"@id\":\"https:\\\/\\\/fuentesfidedignas.com.mx\\\/#\\\/schema\\\/logo\\\/image\\\/\",\"url\":\"https:\\\/\\\/fuentesfidedignas.com.mx\\\/wp-content\\\/uploads\\\/2021\\\/04\\\/logo-retina.png\",\"contentUrl\":\"https:\\\/\\\/fuentesfidedignas.com.mx\\\/wp-content\\\/uploads\\\/2021\\\/04\\\/logo-retina.png\",\"width\":280,\"height\":51,\"caption\":\"Fuentes Fidedignas\"},\"image\":{\"@id\":\"https:\\\/\\\/fuentesfidedignas.com.mx\\\/#\\\/schema\\\/logo\\\/image\\\/\"},\"sameAs\":[\"https:\\\/\\\/www.facebook.com\\\/Fuentes-Fidedignas-368234489921644\",\"https:\\\/\\\/x.com\\\/fidedignas\"]},{\"@type\":\"Person\",\"@id\":\"https:\\\/\\\/fuentesfidedignas.com.mx\\\/#\\\/schema\\\/person\\\/331be9283d37198e2acd5750279085b0\",\"name\":\"Redacci\u00f3n\",\"image\":{\"@type\":\"ImageObject\",\"inLanguage\":\"es\",\"@id\":\"https:\\\/\\\/secure.gravatar.com\\\/avatar\\\/f6d8782c11d12b2d4ad3fbb6931aeab5309937a4d6cd2fc9cfaa28a6396a5aec?s=96&d=mm&r=g\",\"url\":\"https:\\\/\\\/secure.gravatar.com\\\/avatar\\\/f6d8782c11d12b2d4ad3fbb6931aeab5309937a4d6cd2fc9cfaa28a6396a5aec?s=96&d=mm&r=g\",\"contentUrl\":\"https:\\\/\\\/secure.gravatar.com\\\/avatar\\\/f6d8782c11d12b2d4ad3fbb6931aeab5309937a4d6cd2fc9cfaa28a6396a5aec?s=96&d=mm&r=g\",\"caption\":\"Redacci\u00f3n\"},\"url\":\"https:\\\/\\\/fuentesfidedignas.com.mx\\\/index.php\\\/author\\\/redaccion\\\/\"}]}<\/script>\n<!-- \/ Yoast SEO plugin. -->","yoast_head_json":{"title":"Sin cambios en decreto, nueva etapa de regularizaci\u00f3n de veh\u00edculos - Fuentes Fidedignas","robots":{"index":"index","follow":"follow","max-snippet":"max-snippet:-1","max-image-preview":"max-image-preview:large","max-video-preview":"max-video-preview:-1"},"canonical":"https:\/\/fuentesfidedignas.com.mx\/index.php\/2023\/04\/05\/sin-cambios-en-decreto-nueva-etapa-de-regularizacion-de-vehiculos\/","og_locale":"es_MX","og_type":"article","og_title":"Sin cambios en decreto, nueva etapa de regularizaci\u00f3n de veh\u00edculos - Fuentes Fidedignas","og_description":"La nueva ampliaci\u00f3n del periodo abril-junio se mantiene solo para los veh\u00edculos cuyo n\u00famero de serie corresponda al de fabricaci\u00f3n o ensamble en M\u00e9xico, Estados Unidos de Am\u00e9rica o Canad\u00e1 Culiac\u00e1n, Sin., mi\u00e9rcoles 05 de abril de 2023.- A partir del lunes 10 de abril inicia la tercera ampliaci\u00f3n del decreto de regularizaci\u00f3n de veh\u00edculos [&hellip;]","og_url":"https:\/\/fuentesfidedignas.com.mx\/index.php\/2023\/04\/05\/sin-cambios-en-decreto-nueva-etapa-de-regularizacion-de-vehiculos\/","og_site_name":"Fuentes Fidedignas","article_publisher":"https:\/\/www.facebook.com\/Fuentes-Fidedignas-368234489921644","article_published_time":"2023-04-05T23:57:33+00:00","og_image":[{"width":1600,"height":1200,"url":"https:\/\/fuentesfidedignas.com.mx\/wp-content\/uploads\/2023\/04\/REGULARIZACION.jpeg","type":"image\/jpeg"}],"author":"Redacci\u00f3n","twitter_card":"summary_large_image","twitter_creator":"@fidedignas","twitter_site":"@fidedignas","twitter_misc":{"Escrito por":"Redacci\u00f3n","Tiempo de lectura":"2 minutos"},"schema":{"@context":"https:\/\/schema.org","@graph":[{"@type":"Article","@id":"https:\/\/fuentesfidedignas.com.mx\/index.php\/2023\/04\/05\/sin-cambios-en-decreto-nueva-etapa-de-regularizacion-de-vehiculos\/#article","isPartOf":{"@id":"https:\/\/fuentesfidedignas.com.mx\/index.php\/2023\/04\/05\/sin-cambios-en-decreto-nueva-etapa-de-regularizacion-de-vehiculos\/"},"author":{"name":"Redacci\u00f3n","@id":"https:\/\/fuentesfidedignas.com.mx\/#\/schema\/person\/331be9283d37198e2acd5750279085b0"},"headline":"Sin cambios en decreto, nueva etapa de regularizaci\u00f3n de veh\u00edculos","datePublished":"2023-04-05T23:57:33+00:00","mainEntityOfPage":{"@id":"https:\/\/fuentesfidedignas.com.mx\/index.php\/2023\/04\/05\/sin-cambios-en-decreto-nueva-etapa-de-regularizacion-de-vehiculos\/"},"wordCount":369,"commentCount":0,"publisher":{"@id":"https:\/\/fuentesfidedignas.com.mx\/#organization"},"image":{"@id":"https:\/\/fuentesfidedignas.com.mx\/index.php\/2023\/04\/05\/sin-cambios-en-decreto-nueva-etapa-de-regularizacion-de-vehiculos\/#primaryimage"},"thumbnailUrl":"https:\/\/fuentesfidedignas.com.mx\/wp-content\/uploads\/2023\/04\/REGULARIZACION.jpeg","articleSection":["NOTA PRINCIPAL"],"inLanguage":"es","potentialAction":[{"@type":"CommentAction","name":"Comment","target":["https:\/\/fuentesfidedignas.com.mx\/index.php\/2023\/04\/05\/sin-cambios-en-decreto-nueva-etapa-de-regularizacion-de-vehiculos\/#respond"]}]},{"@type":"WebPage","@id":"https:\/\/fuentesfidedignas.com.mx\/index.php\/2023\/04\/05\/sin-cambios-en-decreto-nueva-etapa-de-regularizacion-de-vehiculos\/","url":"https:\/\/fuentesfidedignas.com.mx\/index.php\/2023\/04\/05\/sin-cambios-en-decreto-nueva-etapa-de-regularizacion-de-vehiculos\/","name":"Sin cambios en decreto, nueva etapa de regularizaci\u00f3n de veh\u00edculos - Fuentes Fidedignas","isPartOf":{"@id":"https:\/\/fuentesfidedignas.com.mx\/#website"},"primaryImageOfPage":{"@id":"https:\/\/fuentesfidedignas.com.mx\/index.php\/2023\/04\/05\/sin-cambios-en-decreto-nueva-etapa-de-regularizacion-de-vehiculos\/#primaryimage"},"image":{"@id":"https:\/\/fuentesfidedignas.com.mx\/index.php\/2023\/04\/05\/sin-cambios-en-decreto-nueva-etapa-de-regularizacion-de-vehiculos\/#primaryimage"},"thumbnailUrl":"https:\/\/fuentesfidedignas.com.mx\/wp-content\/uploads\/2023\/04\/REGULARIZACION.jpeg","datePublished":"2023-04-05T23:57:33+00:00","breadcrumb":{"@id":"https:\/\/fuentesfidedignas.com.mx\/index.php\/2023\/04\/05\/sin-cambios-en-decreto-nueva-etapa-de-regularizacion-de-vehiculos\/#breadcrumb"},"inLanguage":"es","potentialAction":[{"@type":"ReadAction","target":["https:\/\/fuentesfidedignas.com.mx\/index.php\/2023\/04\/05\/sin-cambios-en-decreto-nueva-etapa-de-regularizacion-de-vehiculos\/"]}]},{"@type":"ImageObject","inLanguage":"es","@id":"https:\/\/fuentesfidedignas.com.mx\/index.php\/2023\/04\/05\/sin-cambios-en-decreto-nueva-etapa-de-regularizacion-de-vehiculos\/#primaryimage","url":"https:\/\/fuentesfidedignas.com.mx\/wp-content\/uploads\/2023\/04\/REGULARIZACION.jpeg","contentUrl":"https:\/\/fuentesfidedignas.com.mx\/wp-content\/uploads\/2023\/04\/REGULARIZACION.jpeg","width":1600,"height":1200},{"@type":"BreadcrumbList","@id":"https:\/\/fuentesfidedignas.com.mx\/index.php\/2023\/04\/05\/sin-cambios-en-decreto-nueva-etapa-de-regularizacion-de-vehiculos\/#breadcrumb","itemListElement":[{"@type":"ListItem","position":1,"name":"Inicio","item":"https:\/\/fuentesfidedignas.com.mx\/"},{"@type":"ListItem","position":2,"name":"Sin cambios en decreto, nueva etapa de regularizaci\u00f3n de veh\u00edculos"}]},{"@type":"WebSite","@id":"https:\/\/fuentesfidedignas.com.mx\/#website","url":"https:\/\/fuentesfidedignas.com.mx\/","name":"Fuentes Fidedignas","description":"Otro sitio realizado con WordPress","publisher":{"@id":"https:\/\/fuentesfidedignas.com.mx\/#organization"},"potentialAction":[{"@type":"SearchAction","target":{"@type":"EntryPoint","urlTemplate":"https:\/\/fuentesfidedignas.com.mx\/?s={search_term_string}"},"query-input":{"@type":"PropertyValueSpecification","valueRequired":true,"valueName":"search_term_string"}}],"inLanguage":"es"},{"@type":"Organization","@id":"https:\/\/fuentesfidedignas.com.mx\/#organization","name":"Fuentes Fidedignas","url":"https:\/\/fuentesfidedignas.com.mx\/","logo":{"@type":"ImageObject","inLanguage":"es","@id":"https:\/\/fuentesfidedignas.com.mx\/#\/schema\/logo\/image\/","url":"https:\/\/fuentesfidedignas.com.mx\/wp-content\/uploads\/2021\/04\/logo-retina.png","contentUrl":"https:\/\/fuentesfidedignas.com.mx\/wp-content\/uploads\/2021\/04\/logo-retina.png","width":280,"height":51,"caption":"Fuentes Fidedignas"},"image":{"@id":"https:\/\/fuentesfidedignas.com.mx\/#\/schema\/logo\/image\/"},"sameAs":["https:\/\/www.facebook.com\/Fuentes-Fidedignas-368234489921644","https:\/\/x.com\/fidedignas"]},{"@type":"Person","@id":"https:\/\/fuentesfidedignas.com.mx\/#\/schema\/person\/331be9283d37198e2acd5750279085b0","name":"Redacci\u00f3n","image":{"@type":"ImageObject","inLanguage":"es","@id":"https:\/\/secure.gravatar.com\/avatar\/f6d8782c11d12b2d4ad3fbb6931aeab5309937a4d6cd2fc9cfaa28a6396a5aec?s=96&d=mm&r=g","url":"https:\/\/secure.gravatar.com\/avatar\/f6d8782c11d12b2d4ad3fbb6931aeab5309937a4d6cd2fc9cfaa28a6396a5aec?s=96&d=mm&r=g","contentUrl":"https:\/\/secure.gravatar.com\/avatar\/f6d8782c11d12b2d4ad3fbb6931aeab5309937a4d6cd2fc9cfaa28a6396a5aec?s=96&d=mm&r=g","caption":"Redacci\u00f3n"},"url":"https:\/\/fuentesfidedignas.com.mx\/index.php\/author\/redaccion\/"}]}},"_links":{"self":[{"href":"https:\/\/fuentesfidedignas.com.mx\/index.php\/wp-json\/wp\/v2\/posts\/43865","targetHints":{"allow":["GET"]}}],"collection":[{"href":"https:\/\/fuentesfidedignas.com.mx\/index.php\/wp-json\/wp\/v2\/posts"}],"about":[{"href":"https:\/\/fuentesfidedignas.com.mx\/index.php\/wp-json\/wp\/v2\/types\/post"}],"author":[{"embeddable":true,"href":"https:\/\/fuentesfidedignas.com.mx\/index.php\/wp-json\/wp\/v2\/users\/4"}],"replies":[{"embeddable":true,"href":"https:\/\/fuentesfidedignas.com.mx\/index.php\/wp-json\/wp\/v2\/comments?post=43865"}],"version-history":[{"count":1,"href":"https:\/\/fuentesfidedignas.com.mx\/index.php\/wp-json\/wp\/v2\/posts\/43865\/revisions"}],"predecessor-version":[{"id":43867,"href":"https:\/\/fuentesfidedignas.com.mx\/index.php\/wp-json\/wp\/v2\/posts\/43865\/revisions\/43867"}],"wp:featuredmedia":[{"embeddable":true,"href":"https:\/\/fuentesfidedignas.com.mx\/index.php\/wp-json\/wp\/v2\/media\/43866"}],"wp:attachment":[{"href":"https:\/\/fuentesfidedignas.com.mx\/index.php\/wp-json\/wp\/v2\/media?parent=43865"}],"wp:term":[{"taxonomy":"category","embeddable":true,"href":"https:\/\/fuentesfidedignas.com.mx\/index.php\/wp-json\/wp\/v2\/categories?post=43865"},{"taxonomy":"post_tag","embeddable":true,"href":"https:\/\/fuentesfidedignas.com.mx\/index.php\/wp-json\/wp\/v2\/tags?post=43865"}],"curies":[{"name":"wp","href":"https:\/\/api.w.org\/{rel}","templated":true}]}}