{"id":43857,"date":"2023-04-05T17:43:43","date_gmt":"2023-04-05T23:43:43","guid":{"rendered":"https:\/\/fuentesfidedignas.com.mx\/?p=43857"},"modified":"2023-04-06T13:58:00","modified_gmt":"2023-04-06T19:58:00","slug":"no-te-lo-pierdas-el-zoo-de-culiacan-no-cerrara-esta-semana-santa","status":"publish","type":"post","link":"https:\/\/fuentesfidedignas.com.mx\/index.php\/2023\/04\/05\/no-te-lo-pierdas-el-zoo-de-culiacan-no-cerrara-esta-semana-santa\/","title":{"rendered":"\u00a1No te lo pierdas! el Zool\u00f3gico de Culiac\u00e1n no cerrar\u00e1 esta Semana Santa"},"content":{"rendered":"\n<p><strong><em>Se realizar\u00e1n diversas actividades en pro del cuidado de la fauna de nuestra regi\u00f3n: Diego Garc\u00eda<\/em><\/strong><\/p>\n\n\n\n<p>Culiac\u00e1n, Sin. \u2013 El Zool\u00f3gico de Culiac\u00e1n, tiene lista una serie de actividades para los visitantes en esta semana santa, donde podr\u00e1n admirar m\u00e1s de 600 ejemplares de distintas especies entre felinos, primates, hipop\u00f3tamo, jirafa, reptiles, e interactuar en el aviario de inmersi\u00f3n, destac\u00f3 Diego Garc\u00eda Heredia, director del centro recreativo.<\/p>\n\n\n\n<p>Este parque, estar\u00e1 recibiendo incluso el Pasaporte Tur\u00edstico que ofrece promociones descritas en dicho documento, con un costo de entrada general de 40 pesos, en un horario de las 09:00 a las 18:00 horas, donde personal especializado con juegos y din\u00e1micas con los visitantes que gusten participar, detall\u00f3 el directivo.<\/p>\n\n\n\n<p>\u201cM\u00e1s de 600 animales es una experiencia muy bonita, desde la interacci\u00f3n con las jirafas creo yo lo que m\u00e1s buscan los ni\u00f1os, la presentaci\u00f3n de nuestros lobos marinos, una presentaci\u00f3n educativa donde pueden ver las destrezas y habilidades de esta especie, nuestro aviario de inmersi\u00f3n que puedes apreciar las aves en vuelo, y muchas actividades de contacto con la naturaleza, actividades educativas y siempre con la parte del mensaje de conservaci\u00f3n\u201d.<\/p>\n\n\n\n<p>Garc\u00eda Heredia, subray\u00f3 que se ha incrementado el flujo de visitantes esta semana en alrededor del 25 por ciento en relaci\u00f3n a los periodos no vacacionales, donde las familias, disfrutan de espacios arm\u00f3nicos y los menores de la casa interact\u00faan con la jirafa, as\u00ed como animalitos en la granjita.<\/p>\n","protected":false},"excerpt":{"rendered":"<p>Se realizar\u00e1n diversas actividades en pro del cuidado de la fauna de nuestra regi\u00f3n: Diego Garc\u00eda Culiac\u00e1n, Sin. \u2013 El Zool\u00f3gico de Culiac\u00e1n, tiene lista una serie de actividades para los visitantes en esta semana santa, donde podr\u00e1n admirar m\u00e1s de 600 ejemplares de distintas especies entre felinos, primates, hipop\u00f3tamo, jirafa, reptiles, e interactuar en [&hellip;]<\/p>\n","protected":false},"author":4,"featured_media":43858,"comment_status":"open","ping_status":"open","sticky":false,"template":"","format":"standard","meta":{"tdm_status":"","tdm_grid_status":"","footnotes":""},"categories":[37],"tags":[],"class_list":{"0":"post-43857","1":"post","2":"type-post","3":"status-publish","4":"format-standard","5":"has-post-thumbnail","7":"category-nota-principal"},"yoast_head":"<!-- This site is optimized with the Yoast SEO plugin v27.5 - https:\/\/yoast.com\/product\/yoast-seo-wordpress\/ -->\n<title>\u00a1No te lo pierdas! el Zool\u00f3gico de Culiac\u00e1n no cerrar\u00e1 esta Semana Santa - Fuentes Fidedignas<\/title>\n<meta name=\"robots\" content=\"index, follow, max-snippet:-1, max-image-preview:large, max-video-preview:-1\" \/>\n<link rel=\"canonical\" href=\"https:\/\/fuentesfidedignas.com.mx\/index.php\/2023\/04\/05\/no-te-lo-pierdas-el-zoo-de-culiacan-no-cerrara-esta-semana-santa\/\" \/>\n<meta property=\"og:locale\" content=\"es_MX\" \/>\n<meta property=\"og:type\" content=\"article\" \/>\n<meta property=\"og:title\" content=\"\u00a1No te lo pierdas! el Zool\u00f3gico de Culiac\u00e1n no cerrar\u00e1 esta Semana Santa - Fuentes Fidedignas\" \/>\n<meta property=\"og:description\" content=\"Se realizar\u00e1n diversas actividades en pro del cuidado de la fauna de nuestra regi\u00f3n: Diego Garc\u00eda Culiac\u00e1n, Sin. \u2013 El Zool\u00f3gico de Culiac\u00e1n, tiene lista una serie de actividades para los visitantes en esta semana santa, donde podr\u00e1n admirar m\u00e1s de 600 ejemplares de distintas especies entre felinos, primates, hipop\u00f3tamo, jirafa, reptiles, e interactuar en [&hellip;]\" \/>\n<meta property=\"og:url\" content=\"https:\/\/fuentesfidedignas.com.mx\/index.php\/2023\/04\/05\/no-te-lo-pierdas-el-zoo-de-culiacan-no-cerrara-esta-semana-santa\/\" \/>\n<meta property=\"og:site_name\" content=\"Fuentes Fidedignas\" \/>\n<meta property=\"article:publisher\" content=\"https:\/\/www.facebook.com\/Fuentes-Fidedignas-368234489921644\" \/>\n<meta property=\"article:published_time\" content=\"2023-04-05T23:43:43+00:00\" \/>\n<meta property=\"article:modified_time\" content=\"2023-04-06T19:58:00+00:00\" \/>\n<meta property=\"og:image\" content=\"https:\/\/fuentesfidedignas.com.mx\/wp-content\/uploads\/2023\/04\/zoo.jpeg\" \/>\n\t<meta property=\"og:image:width\" content=\"1024\" \/>\n\t<meta property=\"og:image:height\" content=\"576\" \/>\n\t<meta property=\"og:image:type\" content=\"image\/jpeg\" \/>\n<meta name=\"author\" content=\"Redacci\u00f3n\" \/>\n<meta name=\"twitter:card\" content=\"summary_large_image\" \/>\n<meta name=\"twitter:creator\" content=\"@fidedignas\" \/>\n<meta name=\"twitter:site\" content=\"@fidedignas\" \/>\n<meta name=\"twitter:label1\" content=\"Escrito por\" \/>\n\t<meta name=\"twitter:data1\" content=\"Redacci\u00f3n\" \/>\n\t<meta name=\"twitter:label2\" content=\"Tiempo de lectura\" \/>\n\t<meta name=\"twitter:data2\" content=\"2 minutos\" \/>\n<script type=\"application\/ld+json\" class=\"yoast-schema-graph\">{\"@context\":\"https:\\\/\\\/schema.org\",\"@graph\":[{\"@type\":\"Article\",\"@id\":\"https:\\\/\\\/fuentesfidedignas.com.mx\\\/index.php\\\/2023\\\/04\\\/05\\\/no-te-lo-pierdas-el-zoo-de-culiacan-no-cerrara-esta-semana-santa\\\/#article\",\"isPartOf\":{\"@id\":\"https:\\\/\\\/fuentesfidedignas.com.mx\\\/index.php\\\/2023\\\/04\\\/05\\\/no-te-lo-pierdas-el-zoo-de-culiacan-no-cerrara-esta-semana-santa\\\/\"},\"author\":{\"name\":\"Redacci\u00f3n\",\"@id\":\"https:\\\/\\\/fuentesfidedignas.com.mx\\\/#\\\/schema\\\/person\\\/331be9283d37198e2acd5750279085b0\"},\"headline\":\"\u00a1No te lo pierdas! el Zool\u00f3gico de Culiac\u00e1n no cerrar\u00e1 esta Semana Santa\",\"datePublished\":\"2023-04-05T23:43:43+00:00\",\"dateModified\":\"2023-04-06T19:58:00+00:00\",\"mainEntityOfPage\":{\"@id\":\"https:\\\/\\\/fuentesfidedignas.com.mx\\\/index.php\\\/2023\\\/04\\\/05\\\/no-te-lo-pierdas-el-zoo-de-culiacan-no-cerrara-esta-semana-santa\\\/\"},\"wordCount\":271,\"commentCount\":0,\"publisher\":{\"@id\":\"https:\\\/\\\/fuentesfidedignas.com.mx\\\/#organization\"},\"image\":{\"@id\":\"https:\\\/\\\/fuentesfidedignas.com.mx\\\/index.php\\\/2023\\\/04\\\/05\\\/no-te-lo-pierdas-el-zoo-de-culiacan-no-cerrara-esta-semana-santa\\\/#primaryimage\"},\"thumbnailUrl\":\"https:\\\/\\\/fuentesfidedignas.com.mx\\\/wp-content\\\/uploads\\\/2023\\\/04\\\/zoo.jpeg\",\"articleSection\":[\"NOTA PRINCIPAL\"],\"inLanguage\":\"es\",\"potentialAction\":[{\"@type\":\"CommentAction\",\"name\":\"Comment\",\"target\":[\"https:\\\/\\\/fuentesfidedignas.com.mx\\\/index.php\\\/2023\\\/04\\\/05\\\/no-te-lo-pierdas-el-zoo-de-culiacan-no-cerrara-esta-semana-santa\\\/#respond\"]}]},{\"@type\":\"WebPage\",\"@id\":\"https:\\\/\\\/fuentesfidedignas.com.mx\\\/index.php\\\/2023\\\/04\\\/05\\\/no-te-lo-pierdas-el-zoo-de-culiacan-no-cerrara-esta-semana-santa\\\/\",\"url\":\"https:\\\/\\\/fuentesfidedignas.com.mx\\\/index.php\\\/2023\\\/04\\\/05\\\/no-te-lo-pierdas-el-zoo-de-culiacan-no-cerrara-esta-semana-santa\\\/\",\"name\":\"\u00a1No te lo pierdas! el Zool\u00f3gico de Culiac\u00e1n no cerrar\u00e1 esta Semana Santa - Fuentes Fidedignas\",\"isPartOf\":{\"@id\":\"https:\\\/\\\/fuentesfidedignas.com.mx\\\/#website\"},\"primaryImageOfPage\":{\"@id\":\"https:\\\/\\\/fuentesfidedignas.com.mx\\\/index.php\\\/2023\\\/04\\\/05\\\/no-te-lo-pierdas-el-zoo-de-culiacan-no-cerrara-esta-semana-santa\\\/#primaryimage\"},\"image\":{\"@id\":\"https:\\\/\\\/fuentesfidedignas.com.mx\\\/index.php\\\/2023\\\/04\\\/05\\\/no-te-lo-pierdas-el-zoo-de-culiacan-no-cerrara-esta-semana-santa\\\/#primaryimage\"},\"thumbnailUrl\":\"https:\\\/\\\/fuentesfidedignas.com.mx\\\/wp-content\\\/uploads\\\/2023\\\/04\\\/zoo.jpeg\",\"datePublished\":\"2023-04-05T23:43:43+00:00\",\"dateModified\":\"2023-04-06T19:58:00+00:00\",\"breadcrumb\":{\"@id\":\"https:\\\/\\\/fuentesfidedignas.com.mx\\\/index.php\\\/2023\\\/04\\\/05\\\/no-te-lo-pierdas-el-zoo-de-culiacan-no-cerrara-esta-semana-santa\\\/#breadcrumb\"},\"inLanguage\":\"es\",\"potentialAction\":[{\"@type\":\"ReadAction\",\"target\":[\"https:\\\/\\\/fuentesfidedignas.com.mx\\\/index.php\\\/2023\\\/04\\\/05\\\/no-te-lo-pierdas-el-zoo-de-culiacan-no-cerrara-esta-semana-santa\\\/\"]}]},{\"@type\":\"ImageObject\",\"inLanguage\":\"es\",\"@id\":\"https:\\\/\\\/fuentesfidedignas.com.mx\\\/index.php\\\/2023\\\/04\\\/05\\\/no-te-lo-pierdas-el-zoo-de-culiacan-no-cerrara-esta-semana-santa\\\/#primaryimage\",\"url\":\"https:\\\/\\\/fuentesfidedignas.com.mx\\\/wp-content\\\/uploads\\\/2023\\\/04\\\/zoo.jpeg\",\"contentUrl\":\"https:\\\/\\\/fuentesfidedignas.com.mx\\\/wp-content\\\/uploads\\\/2023\\\/04\\\/zoo.jpeg\",\"width\":1024,\"height\":576},{\"@type\":\"BreadcrumbList\",\"@id\":\"https:\\\/\\\/fuentesfidedignas.com.mx\\\/index.php\\\/2023\\\/04\\\/05\\\/no-te-lo-pierdas-el-zoo-de-culiacan-no-cerrara-esta-semana-santa\\\/#breadcrumb\",\"itemListElement\":[{\"@type\":\"ListItem\",\"position\":1,\"name\":\"Inicio\",\"item\":\"https:\\\/\\\/fuentesfidedignas.com.mx\\\/\"},{\"@type\":\"ListItem\",\"position\":2,\"name\":\"\u00a1No te lo pierdas! el Zool\u00f3gico de Culiac\u00e1n no cerrar\u00e1 esta Semana Santa\"}]},{\"@type\":\"WebSite\",\"@id\":\"https:\\\/\\\/fuentesfidedignas.com.mx\\\/#website\",\"url\":\"https:\\\/\\\/fuentesfidedignas.com.mx\\\/\",\"name\":\"Fuentes Fidedignas\",\"description\":\"Otro sitio realizado con WordPress\",\"publisher\":{\"@id\":\"https:\\\/\\\/fuentesfidedignas.com.mx\\\/#organization\"},\"potentialAction\":[{\"@type\":\"SearchAction\",\"target\":{\"@type\":\"EntryPoint\",\"urlTemplate\":\"https:\\\/\\\/fuentesfidedignas.com.mx\\\/?s={search_term_string}\"},\"query-input\":{\"@type\":\"PropertyValueSpecification\",\"valueRequired\":true,\"valueName\":\"search_term_string\"}}],\"inLanguage\":\"es\"},{\"@type\":\"Organization\",\"@id\":\"https:\\\/\\\/fuentesfidedignas.com.mx\\\/#organization\",\"name\":\"Fuentes Fidedignas\",\"url\":\"https:\\\/\\\/fuentesfidedignas.com.mx\\\/\",\"logo\":{\"@type\":\"ImageObject\",\"inLanguage\":\"es\",\"@id\":\"https:\\\/\\\/fuentesfidedignas.com.mx\\\/#\\\/schema\\\/logo\\\/image\\\/\",\"url\":\"https:\\\/\\\/fuentesfidedignas.com.mx\\\/wp-content\\\/uploads\\\/2021\\\/04\\\/logo-retina.png\",\"contentUrl\":\"https:\\\/\\\/fuentesfidedignas.com.mx\\\/wp-content\\\/uploads\\\/2021\\\/04\\\/logo-retina.png\",\"width\":280,\"height\":51,\"caption\":\"Fuentes Fidedignas\"},\"image\":{\"@id\":\"https:\\\/\\\/fuentesfidedignas.com.mx\\\/#\\\/schema\\\/logo\\\/image\\\/\"},\"sameAs\":[\"https:\\\/\\\/www.facebook.com\\\/Fuentes-Fidedignas-368234489921644\",\"https:\\\/\\\/x.com\\\/fidedignas\"]},{\"@type\":\"Person\",\"@id\":\"https:\\\/\\\/fuentesfidedignas.com.mx\\\/#\\\/schema\\\/person\\\/331be9283d37198e2acd5750279085b0\",\"name\":\"Redacci\u00f3n\",\"image\":{\"@type\":\"ImageObject\",\"inLanguage\":\"es\",\"@id\":\"https:\\\/\\\/secure.gravatar.com\\\/avatar\\\/f6d8782c11d12b2d4ad3fbb6931aeab5309937a4d6cd2fc9cfaa28a6396a5aec?s=96&d=mm&r=g\",\"url\":\"https:\\\/\\\/secure.gravatar.com\\\/avatar\\\/f6d8782c11d12b2d4ad3fbb6931aeab5309937a4d6cd2fc9cfaa28a6396a5aec?s=96&d=mm&r=g\",\"contentUrl\":\"https:\\\/\\\/secure.gravatar.com\\\/avatar\\\/f6d8782c11d12b2d4ad3fbb6931aeab5309937a4d6cd2fc9cfaa28a6396a5aec?s=96&d=mm&r=g\",\"caption\":\"Redacci\u00f3n\"},\"url\":\"https:\\\/\\\/fuentesfidedignas.com.mx\\\/index.php\\\/author\\\/redaccion\\\/\"}]}<\/script>\n<!-- \/ Yoast SEO plugin. -->","yoast_head_json":{"title":"\u00a1No te lo pierdas! el Zool\u00f3gico de Culiac\u00e1n no cerrar\u00e1 esta Semana Santa - Fuentes Fidedignas","robots":{"index":"index","follow":"follow","max-snippet":"max-snippet:-1","max-image-preview":"max-image-preview:large","max-video-preview":"max-video-preview:-1"},"canonical":"https:\/\/fuentesfidedignas.com.mx\/index.php\/2023\/04\/05\/no-te-lo-pierdas-el-zoo-de-culiacan-no-cerrara-esta-semana-santa\/","og_locale":"es_MX","og_type":"article","og_title":"\u00a1No te lo pierdas! el Zool\u00f3gico de Culiac\u00e1n no cerrar\u00e1 esta Semana Santa - Fuentes Fidedignas","og_description":"Se realizar\u00e1n diversas actividades en pro del cuidado de la fauna de nuestra regi\u00f3n: Diego Garc\u00eda Culiac\u00e1n, Sin. \u2013 El Zool\u00f3gico de Culiac\u00e1n, tiene lista una serie de actividades para los visitantes en esta semana santa, donde podr\u00e1n admirar m\u00e1s de 600 ejemplares de distintas especies entre felinos, primates, hipop\u00f3tamo, jirafa, reptiles, e interactuar en [&hellip;]","og_url":"https:\/\/fuentesfidedignas.com.mx\/index.php\/2023\/04\/05\/no-te-lo-pierdas-el-zoo-de-culiacan-no-cerrara-esta-semana-santa\/","og_site_name":"Fuentes Fidedignas","article_publisher":"https:\/\/www.facebook.com\/Fuentes-Fidedignas-368234489921644","article_published_time":"2023-04-05T23:43:43+00:00","article_modified_time":"2023-04-06T19:58:00+00:00","og_image":[{"width":1024,"height":576,"url":"https:\/\/fuentesfidedignas.com.mx\/wp-content\/uploads\/2023\/04\/zoo.jpeg","type":"image\/jpeg"}],"author":"Redacci\u00f3n","twitter_card":"summary_large_image","twitter_creator":"@fidedignas","twitter_site":"@fidedignas","twitter_misc":{"Escrito por":"Redacci\u00f3n","Tiempo de lectura":"2 minutos"},"schema":{"@context":"https:\/\/schema.org","@graph":[{"@type":"Article","@id":"https:\/\/fuentesfidedignas.com.mx\/index.php\/2023\/04\/05\/no-te-lo-pierdas-el-zoo-de-culiacan-no-cerrara-esta-semana-santa\/#article","isPartOf":{"@id":"https:\/\/fuentesfidedignas.com.mx\/index.php\/2023\/04\/05\/no-te-lo-pierdas-el-zoo-de-culiacan-no-cerrara-esta-semana-santa\/"},"author":{"name":"Redacci\u00f3n","@id":"https:\/\/fuentesfidedignas.com.mx\/#\/schema\/person\/331be9283d37198e2acd5750279085b0"},"headline":"\u00a1No te lo pierdas! el Zool\u00f3gico de Culiac\u00e1n no cerrar\u00e1 esta Semana Santa","datePublished":"2023-04-05T23:43:43+00:00","dateModified":"2023-04-06T19:58:00+00:00","mainEntityOfPage":{"@id":"https:\/\/fuentesfidedignas.com.mx\/index.php\/2023\/04\/05\/no-te-lo-pierdas-el-zoo-de-culiacan-no-cerrara-esta-semana-santa\/"},"wordCount":271,"commentCount":0,"publisher":{"@id":"https:\/\/fuentesfidedignas.com.mx\/#organization"},"image":{"@id":"https:\/\/fuentesfidedignas.com.mx\/index.php\/2023\/04\/05\/no-te-lo-pierdas-el-zoo-de-culiacan-no-cerrara-esta-semana-santa\/#primaryimage"},"thumbnailUrl":"https:\/\/fuentesfidedignas.com.mx\/wp-content\/uploads\/2023\/04\/zoo.jpeg","articleSection":["NOTA PRINCIPAL"],"inLanguage":"es","potentialAction":[{"@type":"CommentAction","name":"Comment","target":["https:\/\/fuentesfidedignas.com.mx\/index.php\/2023\/04\/05\/no-te-lo-pierdas-el-zoo-de-culiacan-no-cerrara-esta-semana-santa\/#respond"]}]},{"@type":"WebPage","@id":"https:\/\/fuentesfidedignas.com.mx\/index.php\/2023\/04\/05\/no-te-lo-pierdas-el-zoo-de-culiacan-no-cerrara-esta-semana-santa\/","url":"https:\/\/fuentesfidedignas.com.mx\/index.php\/2023\/04\/05\/no-te-lo-pierdas-el-zoo-de-culiacan-no-cerrara-esta-semana-santa\/","name":"\u00a1No te lo pierdas! el Zool\u00f3gico de Culiac\u00e1n no cerrar\u00e1 esta Semana Santa - Fuentes Fidedignas","isPartOf":{"@id":"https:\/\/fuentesfidedignas.com.mx\/#website"},"primaryImageOfPage":{"@id":"https:\/\/fuentesfidedignas.com.mx\/index.php\/2023\/04\/05\/no-te-lo-pierdas-el-zoo-de-culiacan-no-cerrara-esta-semana-santa\/#primaryimage"},"image":{"@id":"https:\/\/fuentesfidedignas.com.mx\/index.php\/2023\/04\/05\/no-te-lo-pierdas-el-zoo-de-culiacan-no-cerrara-esta-semana-santa\/#primaryimage"},"thumbnailUrl":"https:\/\/fuentesfidedignas.com.mx\/wp-content\/uploads\/2023\/04\/zoo.jpeg","datePublished":"2023-04-05T23:43:43+00:00","dateModified":"2023-04-06T19:58:00+00:00","breadcrumb":{"@id":"https:\/\/fuentesfidedignas.com.mx\/index.php\/2023\/04\/05\/no-te-lo-pierdas-el-zoo-de-culiacan-no-cerrara-esta-semana-santa\/#breadcrumb"},"inLanguage":"es","potentialAction":[{"@type":"ReadAction","target":["https:\/\/fuentesfidedignas.com.mx\/index.php\/2023\/04\/05\/no-te-lo-pierdas-el-zoo-de-culiacan-no-cerrara-esta-semana-santa\/"]}]},{"@type":"ImageObject","inLanguage":"es","@id":"https:\/\/fuentesfidedignas.com.mx\/index.php\/2023\/04\/05\/no-te-lo-pierdas-el-zoo-de-culiacan-no-cerrara-esta-semana-santa\/#primaryimage","url":"https:\/\/fuentesfidedignas.com.mx\/wp-content\/uploads\/2023\/04\/zoo.jpeg","contentUrl":"https:\/\/fuentesfidedignas.com.mx\/wp-content\/uploads\/2023\/04\/zoo.jpeg","width":1024,"height":576},{"@type":"BreadcrumbList","@id":"https:\/\/fuentesfidedignas.com.mx\/index.php\/2023\/04\/05\/no-te-lo-pierdas-el-zoo-de-culiacan-no-cerrara-esta-semana-santa\/#breadcrumb","itemListElement":[{"@type":"ListItem","position":1,"name":"Inicio","item":"https:\/\/fuentesfidedignas.com.mx\/"},{"@type":"ListItem","position":2,"name":"\u00a1No te lo pierdas! el Zool\u00f3gico de Culiac\u00e1n no cerrar\u00e1 esta Semana Santa"}]},{"@type":"WebSite","@id":"https:\/\/fuentesfidedignas.com.mx\/#website","url":"https:\/\/fuentesfidedignas.com.mx\/","name":"Fuentes Fidedignas","description":"Otro sitio realizado con WordPress","publisher":{"@id":"https:\/\/fuentesfidedignas.com.mx\/#organization"},"potentialAction":[{"@type":"SearchAction","target":{"@type":"EntryPoint","urlTemplate":"https:\/\/fuentesfidedignas.com.mx\/?s={search_term_string}"},"query-input":{"@type":"PropertyValueSpecification","valueRequired":true,"valueName":"search_term_string"}}],"inLanguage":"es"},{"@type":"Organization","@id":"https:\/\/fuentesfidedignas.com.mx\/#organization","name":"Fuentes Fidedignas","url":"https:\/\/fuentesfidedignas.com.mx\/","logo":{"@type":"ImageObject","inLanguage":"es","@id":"https:\/\/fuentesfidedignas.com.mx\/#\/schema\/logo\/image\/","url":"https:\/\/fuentesfidedignas.com.mx\/wp-content\/uploads\/2021\/04\/logo-retina.png","contentUrl":"https:\/\/fuentesfidedignas.com.mx\/wp-content\/uploads\/2021\/04\/logo-retina.png","width":280,"height":51,"caption":"Fuentes Fidedignas"},"image":{"@id":"https:\/\/fuentesfidedignas.com.mx\/#\/schema\/logo\/image\/"},"sameAs":["https:\/\/www.facebook.com\/Fuentes-Fidedignas-368234489921644","https:\/\/x.com\/fidedignas"]},{"@type":"Person","@id":"https:\/\/fuentesfidedignas.com.mx\/#\/schema\/person\/331be9283d37198e2acd5750279085b0","name":"Redacci\u00f3n","image":{"@type":"ImageObject","inLanguage":"es","@id":"https:\/\/secure.gravatar.com\/avatar\/f6d8782c11d12b2d4ad3fbb6931aeab5309937a4d6cd2fc9cfaa28a6396a5aec?s=96&d=mm&r=g","url":"https:\/\/secure.gravatar.com\/avatar\/f6d8782c11d12b2d4ad3fbb6931aeab5309937a4d6cd2fc9cfaa28a6396a5aec?s=96&d=mm&r=g","contentUrl":"https:\/\/secure.gravatar.com\/avatar\/f6d8782c11d12b2d4ad3fbb6931aeab5309937a4d6cd2fc9cfaa28a6396a5aec?s=96&d=mm&r=g","caption":"Redacci\u00f3n"},"url":"https:\/\/fuentesfidedignas.com.mx\/index.php\/author\/redaccion\/"}]}},"_links":{"self":[{"href":"https:\/\/fuentesfidedignas.com.mx\/index.php\/wp-json\/wp\/v2\/posts\/43857","targetHints":{"allow":["GET"]}}],"collection":[{"href":"https:\/\/fuentesfidedignas.com.mx\/index.php\/wp-json\/wp\/v2\/posts"}],"about":[{"href":"https:\/\/fuentesfidedignas.com.mx\/index.php\/wp-json\/wp\/v2\/types\/post"}],"author":[{"embeddable":true,"href":"https:\/\/fuentesfidedignas.com.mx\/index.php\/wp-json\/wp\/v2\/users\/4"}],"replies":[{"embeddable":true,"href":"https:\/\/fuentesfidedignas.com.mx\/index.php\/wp-json\/wp\/v2\/comments?post=43857"}],"version-history":[{"count":2,"href":"https:\/\/fuentesfidedignas.com.mx\/index.php\/wp-json\/wp\/v2\/posts\/43857\/revisions"}],"predecessor-version":[{"id":43860,"href":"https:\/\/fuentesfidedignas.com.mx\/index.php\/wp-json\/wp\/v2\/posts\/43857\/revisions\/43860"}],"wp:featuredmedia":[{"embeddable":true,"href":"https:\/\/fuentesfidedignas.com.mx\/index.php\/wp-json\/wp\/v2\/media\/43858"}],"wp:attachment":[{"href":"https:\/\/fuentesfidedignas.com.mx\/index.php\/wp-json\/wp\/v2\/media?parent=43857"}],"wp:term":[{"taxonomy":"category","embeddable":true,"href":"https:\/\/fuentesfidedignas.com.mx\/index.php\/wp-json\/wp\/v2\/categories?post=43857"},{"taxonomy":"post_tag","embeddable":true,"href":"https:\/\/fuentesfidedignas.com.mx\/index.php\/wp-json\/wp\/v2\/tags?post=43857"}],"curies":[{"name":"wp","href":"https:\/\/api.w.org\/{rel}","templated":true}]}}