{"id":43793,"date":"2023-04-05T11:32:58","date_gmt":"2023-04-05T17:32:58","guid":{"rendered":"https:\/\/fuentesfidedignas.com.mx\/?p=43793"},"modified":"2023-04-05T11:33:00","modified_gmt":"2023-04-05T17:33:00","slug":"dos-anos-de-carcel-por-un-dibujo-que-su-hija-hizo-de-la-guerra-en-ucrania","status":"publish","type":"post","link":"https:\/\/fuentesfidedignas.com.mx\/index.php\/2023\/04\/05\/dos-anos-de-carcel-por-un-dibujo-que-su-hija-hizo-de-la-guerra-en-ucrania\/","title":{"rendered":"Dos a\u00f1os de c\u00e1rcel por un dibujo que su hija hizo de la guerra en Ucrania"},"content":{"rendered":"\n<p><strong><em>Alexei Moskalev, quien fue condenado por desacreditar al ej\u00e9rcito ruso, es pap\u00e1 de Masha, una adolescente enviada a un orfanato luego de ilustrar un llamado a la paz en Ucrania.<\/em><\/strong><\/p>\n\n\n\n<p>Ciudad de M\u00e9xico.- Un padre soltero ruso, cuya hija fue llevada a un internado despu\u00e9s de que hiciera un dibujo contra la guerra en Ucrania, recibi\u00f3 una condena de dos a\u00f1os de prisi\u00f3n por desacreditar al ej\u00e9rcito de su pa\u00eds.<\/p>\n\n\n\n<p>Alexei Moskalev, de 53 a\u00f1os, no estaba el martes en la corte de Yefremov para escuchar el veredicto en su contra. Una portavoz de la corte afirm\u00f3 que el hombre se escap\u00f3 del arresto domiciliario, pero el jueves fue detenido en Bielorrusia.<\/p>\n\n\n\n<p>&#8220;Lo m\u00e1s probable es que se deba a que us\u00f3 un celular de manera incorrecta\u201d, dijo su abogado Dmitry Zakhvatov.<\/p>\n\n\n\n<p>En marzo inici\u00f3 el proceso penal contra Moskalev cuando su hija Masha, de 13 a\u00f1os, fue enviada a un orfanato.<\/p>\n\n\n\n<p>En abril, mientras estaba en clases, Masha realiz\u00f3 un dibujo con una bandera ucraniana con las palabras \u201cGloria a Ucrania\u201d, y una bandera rusa que dec\u00eda \u201cNo a la Guerra\u201d. Vuelan misiles desde Rusia, pero una madre y su hija se interponen en su camino.<\/p>\n\n\n\n<p>Al ver la ilustraci\u00f3n, el profesor acudi\u00f3 con el director de la escuela y contactaron a Moskalev.<\/p>\n\n\n\n<p>El padre se comunic\u00f3 con Olga Podolskaya, miembro del consejo de la ciudad de Yefremov.<\/p>\n\n\n\n<p>&#8220;Que sentencien a alguien a prisi\u00f3n por expresar su opini\u00f3n es algo terrible. Una sentencia de dos a\u00f1os es una pesadilla\u201d, dijo Podolskaya en entrevista con la cadena brit\u00e1nica BBC.<\/p>\n\n\n\n<p>Sin embargo, la presi\u00f3n no inici\u00f3 por el dibujo, Podolskaya asegura que desde el a\u00f1o pasado Moskalev y Masha han sido perseguidos por las autoridades rusas.<\/p>\n\n\n\n<p>El hombre recibi\u00f3 una multa por un comentario sobre la guerra en redes sociales el a\u00f1o pasado.<\/p>\n\n\n\n<p>&#8220;La polic\u00eda comenz\u00f3 a investigar las redes sociales de Alexei y le dijeron que estaba criando mal a su hija\u201d, subray\u00f3 Podolskaya.<\/p>\n\n\n\n<p>Es el caso m\u00e1s reciente de un ciudadano ruso que es condenado por criticar al ej\u00e9rcito ruso.<\/p>\n\n\n\n<p>Por esa causa, Alexei fue multado con 32 mil rublos (unos 415 d\u00f3lares en aquel momento) bajo el cargo de desacreditar a las fuerzas armadas rusas.<\/p>\n\n\n\n<p>Despu\u00e9s abrieron otra causa penal por publicaciones contra la guerra.<\/p>\n\n\n\n<p>El grupo de derechos humanos Memorial \u2014prohibido por las autoridades rusas\u2014 ya lo calific\u00f3 como un prisionero pol\u00edtico.<\/p>\n\n\n\n<p>&#8220;Nadie ha visto a Masha desde el 1 de marzo\u201d, explic\u00f3 Podolskaya a la BBC, \u201cpese a nuestros intentos de acceder al centro de menores y averiguar c\u00f3mo est\u00e1\u201d.<\/p>\n\n\n\n<p>&#8220;Las autoridades rusas quieren que todos obedezcan las reglas. Nadie puede tener opini\u00f3n propia. Si no est\u00e1n de acuerdo con lo que uno piensa ignoren sus publicaciones en redes sociales, pero no pongan a esa persona bajo arresto domiciliario y a su hija en un centro de menores\u201d, lament\u00f3.<\/p>\n\n\n\n<p>El abogado a cargo del caso, Vladimir Biliyenko, asever\u00f3 que \u201cSi realmente quer\u00edan interrogar al padre, deber\u00edan haberle pedido una declaraci\u00f3n. Tambi\u00e9n deber\u00edan haber invitado a Masha para hablar con ella\u201d.<\/p>\n\n\n\n<p>&#8220;Nada de esto se hizo. Simplemente decidieron enviarla (al orfanato). Pienso que, de no ser por la naturaleza de los cargos administrativos y penales que recibi\u00f3 Alexei, esto no estar\u00eda sucediendo. Los servicios sociales parecen obsesionados con esta familia. Creo que es por razones puramente pol\u00edticas. Los problemas de la familia comenzaron despu\u00e9s de que la ni\u00f1a hiciera el dibujo\u201d, agreg\u00f3.<\/p>\n\n\n\n<p>Rusia se encuentra en el ojo del hurac\u00e1n. La comunidad internacional presiona para que retire sus tropas de Ucrania, donde ha reforzado su ofensiva militar, su amenaza de usar armas nucleares y el traslado de miles de ni\u00f1os ucranianos.<\/p>\n\n\n\n<p>Esta semana la justicia rusa impuso dos meses de detenci\u00f3n provisional al periodista del diario The Wall Street Journal, Evan Gershkovich, acusado de \u201cespionaje\u201d, un caso sin precedentes en la historia reciente del pa\u00eds, que provoca \u201cpreocupaci\u00f3n\u201d en Estados Unidos.<\/p>\n\n\n\n<p>Y a ello se suma la revelaci\u00f3n del caso de Moskalev y Masha, para quienes diversas ONG que defienden los derechos humanos piden su reunificaci\u00f3n.<\/p>\n","protected":false},"excerpt":{"rendered":"<p>Alexei Moskalev, quien fue condenado por desacreditar al ej\u00e9rcito ruso, es pap\u00e1 de Masha, una adolescente enviada a un orfanato luego de ilustrar un llamado a la paz en Ucrania. Ciudad de M\u00e9xico.- Un padre soltero ruso, cuya hija fue llevada a un internado despu\u00e9s de que hiciera un dibujo contra la guerra en Ucrania, [&hellip;]<\/p>\n","protected":false},"author":7,"featured_media":43794,"comment_status":"open","ping_status":"open","sticky":false,"template":"","format":"standard","meta":{"tdm_status":"","tdm_grid_status":"","footnotes":""},"categories":[40],"tags":[],"class_list":{"0":"post-43793","1":"post","2":"type-post","3":"status-publish","4":"format-standard","5":"has-post-thumbnail","7":"category-las-asombrosas"},"yoast_head":"<!-- This site is optimized with the Yoast SEO plugin v27.4 - https:\/\/yoast.com\/product\/yoast-seo-wordpress\/ -->\n<title>Dos a\u00f1os de c\u00e1rcel por un dibujo que su hija hizo de la guerra en Ucrania - Fuentes Fidedignas<\/title>\n<meta name=\"robots\" content=\"index, follow, max-snippet:-1, max-image-preview:large, max-video-preview:-1\" \/>\n<link rel=\"canonical\" href=\"https:\/\/fuentesfidedignas.com.mx\/index.php\/2023\/04\/05\/dos-anos-de-carcel-por-un-dibujo-que-su-hija-hizo-de-la-guerra-en-ucrania\/\" \/>\n<meta property=\"og:locale\" content=\"es_MX\" \/>\n<meta property=\"og:type\" content=\"article\" \/>\n<meta property=\"og:title\" content=\"Dos a\u00f1os de c\u00e1rcel por un dibujo que su hija hizo de la guerra en Ucrania - Fuentes Fidedignas\" \/>\n<meta property=\"og:description\" content=\"Alexei Moskalev, quien fue condenado por desacreditar al ej\u00e9rcito ruso, es pap\u00e1 de Masha, una adolescente enviada a un orfanato luego de ilustrar un llamado a la paz en Ucrania. Ciudad de M\u00e9xico.- Un padre soltero ruso, cuya hija fue llevada a un internado despu\u00e9s de que hiciera un dibujo contra la guerra en Ucrania, [&hellip;]\" \/>\n<meta property=\"og:url\" content=\"https:\/\/fuentesfidedignas.com.mx\/index.php\/2023\/04\/05\/dos-anos-de-carcel-por-un-dibujo-que-su-hija-hizo-de-la-guerra-en-ucrania\/\" \/>\n<meta property=\"og:site_name\" content=\"Fuentes Fidedignas\" \/>\n<meta property=\"article:publisher\" content=\"https:\/\/www.facebook.com\/Fuentes-Fidedignas-368234489921644\" \/>\n<meta property=\"article:published_time\" content=\"2023-04-05T17:32:58+00:00\" \/>\n<meta property=\"article:modified_time\" content=\"2023-04-05T17:33:00+00:00\" \/>\n<meta property=\"og:image\" content=\"https:\/\/fuentesfidedignas.com.mx\/wp-content\/uploads\/2023\/04\/JOVEN_DIBUJO.jpg\" \/>\n\t<meta property=\"og:image:width\" content=\"800\" \/>\n\t<meta property=\"og:image:height\" content=\"600\" \/>\n\t<meta property=\"og:image:type\" content=\"image\/jpeg\" \/>\n<meta name=\"author\" content=\"Exc\u00e9lsior\" \/>\n<meta name=\"twitter:card\" content=\"summary_large_image\" \/>\n<meta name=\"twitter:creator\" content=\"@fidedignas\" \/>\n<meta name=\"twitter:site\" content=\"@fidedignas\" \/>\n<meta name=\"twitter:label1\" content=\"Escrito por\" \/>\n\t<meta name=\"twitter:data1\" content=\"Exc\u00e9lsior\" \/>\n\t<meta name=\"twitter:label2\" content=\"Tiempo de lectura\" \/>\n\t<meta name=\"twitter:data2\" content=\"4 minutos\" \/>\n<script type=\"application\/ld+json\" class=\"yoast-schema-graph\">{\"@context\":\"https:\\\/\\\/schema.org\",\"@graph\":[{\"@type\":\"Article\",\"@id\":\"https:\\\/\\\/fuentesfidedignas.com.mx\\\/index.php\\\/2023\\\/04\\\/05\\\/dos-anos-de-carcel-por-un-dibujo-que-su-hija-hizo-de-la-guerra-en-ucrania\\\/#article\",\"isPartOf\":{\"@id\":\"https:\\\/\\\/fuentesfidedignas.com.mx\\\/index.php\\\/2023\\\/04\\\/05\\\/dos-anos-de-carcel-por-un-dibujo-que-su-hija-hizo-de-la-guerra-en-ucrania\\\/\"},\"author\":{\"name\":\"Exc\u00e9lsior\",\"@id\":\"https:\\\/\\\/fuentesfidedignas.com.mx\\\/#\\\/schema\\\/person\\\/ec4edd1fbf5efa3e44fce34fe2787780\"},\"headline\":\"Dos a\u00f1os de c\u00e1rcel por un dibujo que su hija hizo de la guerra en Ucrania\",\"datePublished\":\"2023-04-05T17:32:58+00:00\",\"dateModified\":\"2023-04-05T17:33:00+00:00\",\"mainEntityOfPage\":{\"@id\":\"https:\\\/\\\/fuentesfidedignas.com.mx\\\/index.php\\\/2023\\\/04\\\/05\\\/dos-anos-de-carcel-por-un-dibujo-que-su-hija-hizo-de-la-guerra-en-ucrania\\\/\"},\"wordCount\":727,\"commentCount\":0,\"publisher\":{\"@id\":\"https:\\\/\\\/fuentesfidedignas.com.mx\\\/#organization\"},\"image\":{\"@id\":\"https:\\\/\\\/fuentesfidedignas.com.mx\\\/index.php\\\/2023\\\/04\\\/05\\\/dos-anos-de-carcel-por-un-dibujo-que-su-hija-hizo-de-la-guerra-en-ucrania\\\/#primaryimage\"},\"thumbnailUrl\":\"https:\\\/\\\/fuentesfidedignas.com.mx\\\/wp-content\\\/uploads\\\/2023\\\/04\\\/JOVEN_DIBUJO.jpg\",\"articleSection\":[\"LAS ASOMBROSAS\"],\"inLanguage\":\"es\",\"potentialAction\":[{\"@type\":\"CommentAction\",\"name\":\"Comment\",\"target\":[\"https:\\\/\\\/fuentesfidedignas.com.mx\\\/index.php\\\/2023\\\/04\\\/05\\\/dos-anos-de-carcel-por-un-dibujo-que-su-hija-hizo-de-la-guerra-en-ucrania\\\/#respond\"]}]},{\"@type\":\"WebPage\",\"@id\":\"https:\\\/\\\/fuentesfidedignas.com.mx\\\/index.php\\\/2023\\\/04\\\/05\\\/dos-anos-de-carcel-por-un-dibujo-que-su-hija-hizo-de-la-guerra-en-ucrania\\\/\",\"url\":\"https:\\\/\\\/fuentesfidedignas.com.mx\\\/index.php\\\/2023\\\/04\\\/05\\\/dos-anos-de-carcel-por-un-dibujo-que-su-hija-hizo-de-la-guerra-en-ucrania\\\/\",\"name\":\"Dos a\u00f1os de c\u00e1rcel por un dibujo que su hija hizo de la guerra en Ucrania - Fuentes Fidedignas\",\"isPartOf\":{\"@id\":\"https:\\\/\\\/fuentesfidedignas.com.mx\\\/#website\"},\"primaryImageOfPage\":{\"@id\":\"https:\\\/\\\/fuentesfidedignas.com.mx\\\/index.php\\\/2023\\\/04\\\/05\\\/dos-anos-de-carcel-por-un-dibujo-que-su-hija-hizo-de-la-guerra-en-ucrania\\\/#primaryimage\"},\"image\":{\"@id\":\"https:\\\/\\\/fuentesfidedignas.com.mx\\\/index.php\\\/2023\\\/04\\\/05\\\/dos-anos-de-carcel-por-un-dibujo-que-su-hija-hizo-de-la-guerra-en-ucrania\\\/#primaryimage\"},\"thumbnailUrl\":\"https:\\\/\\\/fuentesfidedignas.com.mx\\\/wp-content\\\/uploads\\\/2023\\\/04\\\/JOVEN_DIBUJO.jpg\",\"datePublished\":\"2023-04-05T17:32:58+00:00\",\"dateModified\":\"2023-04-05T17:33:00+00:00\",\"breadcrumb\":{\"@id\":\"https:\\\/\\\/fuentesfidedignas.com.mx\\\/index.php\\\/2023\\\/04\\\/05\\\/dos-anos-de-carcel-por-un-dibujo-que-su-hija-hizo-de-la-guerra-en-ucrania\\\/#breadcrumb\"},\"inLanguage\":\"es\",\"potentialAction\":[{\"@type\":\"ReadAction\",\"target\":[\"https:\\\/\\\/fuentesfidedignas.com.mx\\\/index.php\\\/2023\\\/04\\\/05\\\/dos-anos-de-carcel-por-un-dibujo-que-su-hija-hizo-de-la-guerra-en-ucrania\\\/\"]}]},{\"@type\":\"ImageObject\",\"inLanguage\":\"es\",\"@id\":\"https:\\\/\\\/fuentesfidedignas.com.mx\\\/index.php\\\/2023\\\/04\\\/05\\\/dos-anos-de-carcel-por-un-dibujo-que-su-hija-hizo-de-la-guerra-en-ucrania\\\/#primaryimage\",\"url\":\"https:\\\/\\\/fuentesfidedignas.com.mx\\\/wp-content\\\/uploads\\\/2023\\\/04\\\/JOVEN_DIBUJO.jpg\",\"contentUrl\":\"https:\\\/\\\/fuentesfidedignas.com.mx\\\/wp-content\\\/uploads\\\/2023\\\/04\\\/JOVEN_DIBUJO.jpg\",\"width\":800,\"height\":600},{\"@type\":\"BreadcrumbList\",\"@id\":\"https:\\\/\\\/fuentesfidedignas.com.mx\\\/index.php\\\/2023\\\/04\\\/05\\\/dos-anos-de-carcel-por-un-dibujo-que-su-hija-hizo-de-la-guerra-en-ucrania\\\/#breadcrumb\",\"itemListElement\":[{\"@type\":\"ListItem\",\"position\":1,\"name\":\"Inicio\",\"item\":\"https:\\\/\\\/fuentesfidedignas.com.mx\\\/\"},{\"@type\":\"ListItem\",\"position\":2,\"name\":\"Dos a\u00f1os de c\u00e1rcel por un dibujo que su hija hizo de la guerra en Ucrania\"}]},{\"@type\":\"WebSite\",\"@id\":\"https:\\\/\\\/fuentesfidedignas.com.mx\\\/#website\",\"url\":\"https:\\\/\\\/fuentesfidedignas.com.mx\\\/\",\"name\":\"Fuentes Fidedignas\",\"description\":\"Otro sitio realizado con WordPress\",\"publisher\":{\"@id\":\"https:\\\/\\\/fuentesfidedignas.com.mx\\\/#organization\"},\"potentialAction\":[{\"@type\":\"SearchAction\",\"target\":{\"@type\":\"EntryPoint\",\"urlTemplate\":\"https:\\\/\\\/fuentesfidedignas.com.mx\\\/?s={search_term_string}\"},\"query-input\":{\"@type\":\"PropertyValueSpecification\",\"valueRequired\":true,\"valueName\":\"search_term_string\"}}],\"inLanguage\":\"es\"},{\"@type\":\"Organization\",\"@id\":\"https:\\\/\\\/fuentesfidedignas.com.mx\\\/#organization\",\"name\":\"Fuentes Fidedignas\",\"url\":\"https:\\\/\\\/fuentesfidedignas.com.mx\\\/\",\"logo\":{\"@type\":\"ImageObject\",\"inLanguage\":\"es\",\"@id\":\"https:\\\/\\\/fuentesfidedignas.com.mx\\\/#\\\/schema\\\/logo\\\/image\\\/\",\"url\":\"https:\\\/\\\/fuentesfidedignas.com.mx\\\/wp-content\\\/uploads\\\/2021\\\/04\\\/logo-retina.png\",\"contentUrl\":\"https:\\\/\\\/fuentesfidedignas.com.mx\\\/wp-content\\\/uploads\\\/2021\\\/04\\\/logo-retina.png\",\"width\":280,\"height\":51,\"caption\":\"Fuentes Fidedignas\"},\"image\":{\"@id\":\"https:\\\/\\\/fuentesfidedignas.com.mx\\\/#\\\/schema\\\/logo\\\/image\\\/\"},\"sameAs\":[\"https:\\\/\\\/www.facebook.com\\\/Fuentes-Fidedignas-368234489921644\",\"https:\\\/\\\/x.com\\\/fidedignas\"]},{\"@type\":\"Person\",\"@id\":\"https:\\\/\\\/fuentesfidedignas.com.mx\\\/#\\\/schema\\\/person\\\/ec4edd1fbf5efa3e44fce34fe2787780\",\"name\":\"Exc\u00e9lsior\",\"image\":{\"@type\":\"ImageObject\",\"inLanguage\":\"es\",\"@id\":\"https:\\\/\\\/secure.gravatar.com\\\/avatar\\\/4b7ee9206b48be08447852b3f0814dbc7c0f3b51541b164f1464a2725614020b?s=96&d=mm&r=g\",\"url\":\"https:\\\/\\\/secure.gravatar.com\\\/avatar\\\/4b7ee9206b48be08447852b3f0814dbc7c0f3b51541b164f1464a2725614020b?s=96&d=mm&r=g\",\"contentUrl\":\"https:\\\/\\\/secure.gravatar.com\\\/avatar\\\/4b7ee9206b48be08447852b3f0814dbc7c0f3b51541b164f1464a2725614020b?s=96&d=mm&r=g\",\"caption\":\"Exc\u00e9lsior\"},\"url\":\"https:\\\/\\\/fuentesfidedignas.com.mx\\\/index.php\\\/author\\\/excelsior\\\/\"}]}<\/script>\n<!-- \/ Yoast SEO plugin. -->","yoast_head_json":{"title":"Dos a\u00f1os de c\u00e1rcel por un dibujo que su hija hizo de la guerra en Ucrania - Fuentes Fidedignas","robots":{"index":"index","follow":"follow","max-snippet":"max-snippet:-1","max-image-preview":"max-image-preview:large","max-video-preview":"max-video-preview:-1"},"canonical":"https:\/\/fuentesfidedignas.com.mx\/index.php\/2023\/04\/05\/dos-anos-de-carcel-por-un-dibujo-que-su-hija-hizo-de-la-guerra-en-ucrania\/","og_locale":"es_MX","og_type":"article","og_title":"Dos a\u00f1os de c\u00e1rcel por un dibujo que su hija hizo de la guerra en Ucrania - Fuentes Fidedignas","og_description":"Alexei Moskalev, quien fue condenado por desacreditar al ej\u00e9rcito ruso, es pap\u00e1 de Masha, una adolescente enviada a un orfanato luego de ilustrar un llamado a la paz en Ucrania. Ciudad de M\u00e9xico.- Un padre soltero ruso, cuya hija fue llevada a un internado despu\u00e9s de que hiciera un dibujo contra la guerra en Ucrania, [&hellip;]","og_url":"https:\/\/fuentesfidedignas.com.mx\/index.php\/2023\/04\/05\/dos-anos-de-carcel-por-un-dibujo-que-su-hija-hizo-de-la-guerra-en-ucrania\/","og_site_name":"Fuentes Fidedignas","article_publisher":"https:\/\/www.facebook.com\/Fuentes-Fidedignas-368234489921644","article_published_time":"2023-04-05T17:32:58+00:00","article_modified_time":"2023-04-05T17:33:00+00:00","og_image":[{"width":800,"height":600,"url":"https:\/\/fuentesfidedignas.com.mx\/wp-content\/uploads\/2023\/04\/JOVEN_DIBUJO.jpg","type":"image\/jpeg"}],"author":"Exc\u00e9lsior","twitter_card":"summary_large_image","twitter_creator":"@fidedignas","twitter_site":"@fidedignas","twitter_misc":{"Escrito por":"Exc\u00e9lsior","Tiempo de lectura":"4 minutos"},"schema":{"@context":"https:\/\/schema.org","@graph":[{"@type":"Article","@id":"https:\/\/fuentesfidedignas.com.mx\/index.php\/2023\/04\/05\/dos-anos-de-carcel-por-un-dibujo-que-su-hija-hizo-de-la-guerra-en-ucrania\/#article","isPartOf":{"@id":"https:\/\/fuentesfidedignas.com.mx\/index.php\/2023\/04\/05\/dos-anos-de-carcel-por-un-dibujo-que-su-hija-hizo-de-la-guerra-en-ucrania\/"},"author":{"name":"Exc\u00e9lsior","@id":"https:\/\/fuentesfidedignas.com.mx\/#\/schema\/person\/ec4edd1fbf5efa3e44fce34fe2787780"},"headline":"Dos a\u00f1os de c\u00e1rcel por un dibujo que su hija hizo de la guerra en Ucrania","datePublished":"2023-04-05T17:32:58+00:00","dateModified":"2023-04-05T17:33:00+00:00","mainEntityOfPage":{"@id":"https:\/\/fuentesfidedignas.com.mx\/index.php\/2023\/04\/05\/dos-anos-de-carcel-por-un-dibujo-que-su-hija-hizo-de-la-guerra-en-ucrania\/"},"wordCount":727,"commentCount":0,"publisher":{"@id":"https:\/\/fuentesfidedignas.com.mx\/#organization"},"image":{"@id":"https:\/\/fuentesfidedignas.com.mx\/index.php\/2023\/04\/05\/dos-anos-de-carcel-por-un-dibujo-que-su-hija-hizo-de-la-guerra-en-ucrania\/#primaryimage"},"thumbnailUrl":"https:\/\/fuentesfidedignas.com.mx\/wp-content\/uploads\/2023\/04\/JOVEN_DIBUJO.jpg","articleSection":["LAS ASOMBROSAS"],"inLanguage":"es","potentialAction":[{"@type":"CommentAction","name":"Comment","target":["https:\/\/fuentesfidedignas.com.mx\/index.php\/2023\/04\/05\/dos-anos-de-carcel-por-un-dibujo-que-su-hija-hizo-de-la-guerra-en-ucrania\/#respond"]}]},{"@type":"WebPage","@id":"https:\/\/fuentesfidedignas.com.mx\/index.php\/2023\/04\/05\/dos-anos-de-carcel-por-un-dibujo-que-su-hija-hizo-de-la-guerra-en-ucrania\/","url":"https:\/\/fuentesfidedignas.com.mx\/index.php\/2023\/04\/05\/dos-anos-de-carcel-por-un-dibujo-que-su-hija-hizo-de-la-guerra-en-ucrania\/","name":"Dos a\u00f1os de c\u00e1rcel por un dibujo que su hija hizo de la guerra en Ucrania - Fuentes Fidedignas","isPartOf":{"@id":"https:\/\/fuentesfidedignas.com.mx\/#website"},"primaryImageOfPage":{"@id":"https:\/\/fuentesfidedignas.com.mx\/index.php\/2023\/04\/05\/dos-anos-de-carcel-por-un-dibujo-que-su-hija-hizo-de-la-guerra-en-ucrania\/#primaryimage"},"image":{"@id":"https:\/\/fuentesfidedignas.com.mx\/index.php\/2023\/04\/05\/dos-anos-de-carcel-por-un-dibujo-que-su-hija-hizo-de-la-guerra-en-ucrania\/#primaryimage"},"thumbnailUrl":"https:\/\/fuentesfidedignas.com.mx\/wp-content\/uploads\/2023\/04\/JOVEN_DIBUJO.jpg","datePublished":"2023-04-05T17:32:58+00:00","dateModified":"2023-04-05T17:33:00+00:00","breadcrumb":{"@id":"https:\/\/fuentesfidedignas.com.mx\/index.php\/2023\/04\/05\/dos-anos-de-carcel-por-un-dibujo-que-su-hija-hizo-de-la-guerra-en-ucrania\/#breadcrumb"},"inLanguage":"es","potentialAction":[{"@type":"ReadAction","target":["https:\/\/fuentesfidedignas.com.mx\/index.php\/2023\/04\/05\/dos-anos-de-carcel-por-un-dibujo-que-su-hija-hizo-de-la-guerra-en-ucrania\/"]}]},{"@type":"ImageObject","inLanguage":"es","@id":"https:\/\/fuentesfidedignas.com.mx\/index.php\/2023\/04\/05\/dos-anos-de-carcel-por-un-dibujo-que-su-hija-hizo-de-la-guerra-en-ucrania\/#primaryimage","url":"https:\/\/fuentesfidedignas.com.mx\/wp-content\/uploads\/2023\/04\/JOVEN_DIBUJO.jpg","contentUrl":"https:\/\/fuentesfidedignas.com.mx\/wp-content\/uploads\/2023\/04\/JOVEN_DIBUJO.jpg","width":800,"height":600},{"@type":"BreadcrumbList","@id":"https:\/\/fuentesfidedignas.com.mx\/index.php\/2023\/04\/05\/dos-anos-de-carcel-por-un-dibujo-que-su-hija-hizo-de-la-guerra-en-ucrania\/#breadcrumb","itemListElement":[{"@type":"ListItem","position":1,"name":"Inicio","item":"https:\/\/fuentesfidedignas.com.mx\/"},{"@type":"ListItem","position":2,"name":"Dos a\u00f1os de c\u00e1rcel por un dibujo que su hija hizo de la guerra en Ucrania"}]},{"@type":"WebSite","@id":"https:\/\/fuentesfidedignas.com.mx\/#website","url":"https:\/\/fuentesfidedignas.com.mx\/","name":"Fuentes Fidedignas","description":"Otro sitio realizado con WordPress","publisher":{"@id":"https:\/\/fuentesfidedignas.com.mx\/#organization"},"potentialAction":[{"@type":"SearchAction","target":{"@type":"EntryPoint","urlTemplate":"https:\/\/fuentesfidedignas.com.mx\/?s={search_term_string}"},"query-input":{"@type":"PropertyValueSpecification","valueRequired":true,"valueName":"search_term_string"}}],"inLanguage":"es"},{"@type":"Organization","@id":"https:\/\/fuentesfidedignas.com.mx\/#organization","name":"Fuentes Fidedignas","url":"https:\/\/fuentesfidedignas.com.mx\/","logo":{"@type":"ImageObject","inLanguage":"es","@id":"https:\/\/fuentesfidedignas.com.mx\/#\/schema\/logo\/image\/","url":"https:\/\/fuentesfidedignas.com.mx\/wp-content\/uploads\/2021\/04\/logo-retina.png","contentUrl":"https:\/\/fuentesfidedignas.com.mx\/wp-content\/uploads\/2021\/04\/logo-retina.png","width":280,"height":51,"caption":"Fuentes Fidedignas"},"image":{"@id":"https:\/\/fuentesfidedignas.com.mx\/#\/schema\/logo\/image\/"},"sameAs":["https:\/\/www.facebook.com\/Fuentes-Fidedignas-368234489921644","https:\/\/x.com\/fidedignas"]},{"@type":"Person","@id":"https:\/\/fuentesfidedignas.com.mx\/#\/schema\/person\/ec4edd1fbf5efa3e44fce34fe2787780","name":"Exc\u00e9lsior","image":{"@type":"ImageObject","inLanguage":"es","@id":"https:\/\/secure.gravatar.com\/avatar\/4b7ee9206b48be08447852b3f0814dbc7c0f3b51541b164f1464a2725614020b?s=96&d=mm&r=g","url":"https:\/\/secure.gravatar.com\/avatar\/4b7ee9206b48be08447852b3f0814dbc7c0f3b51541b164f1464a2725614020b?s=96&d=mm&r=g","contentUrl":"https:\/\/secure.gravatar.com\/avatar\/4b7ee9206b48be08447852b3f0814dbc7c0f3b51541b164f1464a2725614020b?s=96&d=mm&r=g","caption":"Exc\u00e9lsior"},"url":"https:\/\/fuentesfidedignas.com.mx\/index.php\/author\/excelsior\/"}]}},"_links":{"self":[{"href":"https:\/\/fuentesfidedignas.com.mx\/index.php\/wp-json\/wp\/v2\/posts\/43793","targetHints":{"allow":["GET"]}}],"collection":[{"href":"https:\/\/fuentesfidedignas.com.mx\/index.php\/wp-json\/wp\/v2\/posts"}],"about":[{"href":"https:\/\/fuentesfidedignas.com.mx\/index.php\/wp-json\/wp\/v2\/types\/post"}],"author":[{"embeddable":true,"href":"https:\/\/fuentesfidedignas.com.mx\/index.php\/wp-json\/wp\/v2\/users\/7"}],"replies":[{"embeddable":true,"href":"https:\/\/fuentesfidedignas.com.mx\/index.php\/wp-json\/wp\/v2\/comments?post=43793"}],"version-history":[{"count":1,"href":"https:\/\/fuentesfidedignas.com.mx\/index.php\/wp-json\/wp\/v2\/posts\/43793\/revisions"}],"predecessor-version":[{"id":43795,"href":"https:\/\/fuentesfidedignas.com.mx\/index.php\/wp-json\/wp\/v2\/posts\/43793\/revisions\/43795"}],"wp:featuredmedia":[{"embeddable":true,"href":"https:\/\/fuentesfidedignas.com.mx\/index.php\/wp-json\/wp\/v2\/media\/43794"}],"wp:attachment":[{"href":"https:\/\/fuentesfidedignas.com.mx\/index.php\/wp-json\/wp\/v2\/media?parent=43793"}],"wp:term":[{"taxonomy":"category","embeddable":true,"href":"https:\/\/fuentesfidedignas.com.mx\/index.php\/wp-json\/wp\/v2\/categories?post=43793"},{"taxonomy":"post_tag","embeddable":true,"href":"https:\/\/fuentesfidedignas.com.mx\/index.php\/wp-json\/wp\/v2\/tags?post=43793"}],"curies":[{"name":"wp","href":"https:\/\/api.w.org\/{rel}","templated":true}]}}