{"id":43788,"date":"2023-04-05T11:26:40","date_gmt":"2023-04-05T17:26:40","guid":{"rendered":"https:\/\/fuentesfidedignas.com.mx\/?p=43788"},"modified":"2023-04-05T11:26:54","modified_gmt":"2023-04-05T17:26:54","slug":"galilea-montijo-confiesa-que-lloro-cuando-se-vio-una-cana-por-primera-vez","status":"publish","type":"post","link":"https:\/\/fuentesfidedignas.com.mx\/index.php\/2023\/04\/05\/galilea-montijo-confiesa-que-lloro-cuando-se-vio-una-cana-por-primera-vez\/","title":{"rendered":"Galilea Montijo confiesa que llor\u00f3 cuando se vio una cana por primera vez"},"content":{"rendered":"\n<p><strong><em>Para la conductora Galilea Montijo fue muy traum\u00e1tico cuando por primera vez se dio cuenta que ten\u00eda una cana.<\/em><\/strong><\/p>\n\n\n\n<p>Ciudad de M\u00e9xico.- La mayor\u00eda de las personas desean mantenerse siempre j\u00f3venes, por lo que en ocasiones se realizan cambios est\u00e9ticos para ocultar los primeros signos de envejecimiento.<\/p>\n\n\n\n<p>Sin embargo, por m\u00e1s tratamientos que hagan es inevitable el paso del tiempo y la aparici\u00f3n de las canas, lo que puede ser traum\u00e1tico para algunas personas. Tal como Galilea Montijo, quien confes\u00f3 que la pas\u00f3 muy mal cuando vio la primera en su cabello.<\/p>\n\n\n\n<p>En el programa Netas Divinas las conductoras hablaron sobre c\u00f3mo las mujeres enfrentan el envejecimiento, y la conductora mencion\u00f3 que para ella es importante hacerlo dignamente sin cambiar el rostro, aunque no se mostr\u00f3 en contra de algunos tratamientos.<\/p>\n\n\n\n<p>Mientras envejezcas dignamente, hablo f\u00edsicamente, que no cambies tu rostro, tus facciones, aunque te des ayudadita<\/p>\n\n\n\n<p>Hace diez a\u00f1os le sali\u00f3 la primera cana, lo que la puso muy triste. Incluso, revel\u00f3 que se puso a llorar.<\/p>\n\n\n\n<p>&#8220;Estoy s\u00faper a favor de que te des una ayudadita, pero por eso no deja de dolerme la primera vez que me dijeron: \u2018Gali, tienes una cana\u2019. Me dijeron eso hace como diez a\u00f1os, me puse a llorar. Me sali\u00f3 una cana\u201d<\/p>\n\n\n\n<p>Sus compa\u00f1eras se\u00f1alaron que s\u00ed es impactante ver cuando te salen canas, pero que es mucho m\u00e1s f\u00e1cil cubrirlas o disimularlas, por ejemplo, que una arruga.<\/p>\n\n\n\n<p>Finalmente, Galilea a\u00f1adi\u00f3 que fue a\u00fan m\u00e1s impactante encontrar una cana en su zona \u00edntima.<\/p>\n\n\n\n<p>&#8220;No les digo cuando por otro lado me sali\u00f3 una cana, el grito que pegu\u00e9\u201d<\/p>\n","protected":false},"excerpt":{"rendered":"<p>Para la conductora Galilea Montijo fue muy traum\u00e1tico cuando por primera vez se dio cuenta que ten\u00eda una cana. Ciudad de M\u00e9xico.- La mayor\u00eda de las personas desean mantenerse siempre j\u00f3venes, por lo que en ocasiones se realizan cambios est\u00e9ticos para ocultar los primeros signos de envejecimiento. Sin embargo, por m\u00e1s tratamientos que hagan es [&hellip;]<\/p>\n","protected":false},"author":7,"featured_media":43789,"comment_status":"open","ping_status":"open","sticky":false,"template":"","format":"standard","meta":{"tdm_status":"","tdm_grid_status":"","footnotes":""},"categories":[40],"tags":[],"class_list":{"0":"post-43788","1":"post","2":"type-post","3":"status-publish","4":"format-standard","5":"has-post-thumbnail","7":"category-las-asombrosas"},"yoast_head":"<!-- This site is optimized with the Yoast SEO plugin v27.4 - https:\/\/yoast.com\/product\/yoast-seo-wordpress\/ -->\n<title>Galilea Montijo confiesa que llor\u00f3 cuando se vio una cana por primera vez - Fuentes Fidedignas<\/title>\n<meta name=\"robots\" content=\"index, follow, max-snippet:-1, max-image-preview:large, max-video-preview:-1\" \/>\n<link rel=\"canonical\" href=\"https:\/\/fuentesfidedignas.com.mx\/index.php\/2023\/04\/05\/galilea-montijo-confiesa-que-lloro-cuando-se-vio-una-cana-por-primera-vez\/\" \/>\n<meta property=\"og:locale\" content=\"es_MX\" \/>\n<meta property=\"og:type\" content=\"article\" \/>\n<meta property=\"og:title\" content=\"Galilea Montijo confiesa que llor\u00f3 cuando se vio una cana por primera vez - Fuentes Fidedignas\" \/>\n<meta property=\"og:description\" content=\"Para la conductora Galilea Montijo fue muy traum\u00e1tico cuando por primera vez se dio cuenta que ten\u00eda una cana. Ciudad de M\u00e9xico.- La mayor\u00eda de las personas desean mantenerse siempre j\u00f3venes, por lo que en ocasiones se realizan cambios est\u00e9ticos para ocultar los primeros signos de envejecimiento. Sin embargo, por m\u00e1s tratamientos que hagan es [&hellip;]\" \/>\n<meta property=\"og:url\" content=\"https:\/\/fuentesfidedignas.com.mx\/index.php\/2023\/04\/05\/galilea-montijo-confiesa-que-lloro-cuando-se-vio-una-cana-por-primera-vez\/\" \/>\n<meta property=\"og:site_name\" content=\"Fuentes Fidedignas\" \/>\n<meta property=\"article:publisher\" content=\"https:\/\/www.facebook.com\/Fuentes-Fidedignas-368234489921644\" \/>\n<meta property=\"article:published_time\" content=\"2023-04-05T17:26:40+00:00\" \/>\n<meta property=\"article:modified_time\" content=\"2023-04-05T17:26:54+00:00\" \/>\n<meta property=\"og:image\" content=\"https:\/\/fuentesfidedignas.com.mx\/wp-content\/uploads\/2023\/04\/2927926.jpg\" \/>\n\t<meta property=\"og:image:width\" content=\"800\" \/>\n\t<meta property=\"og:image:height\" content=\"600\" \/>\n\t<meta property=\"og:image:type\" content=\"image\/jpeg\" \/>\n<meta name=\"author\" content=\"Exc\u00e9lsior\" \/>\n<meta name=\"twitter:card\" content=\"summary_large_image\" \/>\n<meta name=\"twitter:creator\" content=\"@fidedignas\" \/>\n<meta name=\"twitter:site\" content=\"@fidedignas\" \/>\n<meta name=\"twitter:label1\" content=\"Escrito por\" \/>\n\t<meta name=\"twitter:data1\" content=\"Exc\u00e9lsior\" \/>\n\t<meta name=\"twitter:label2\" content=\"Tiempo de lectura\" \/>\n\t<meta name=\"twitter:data2\" content=\"2 minutos\" \/>\n<script type=\"application\/ld+json\" class=\"yoast-schema-graph\">{\"@context\":\"https:\\\/\\\/schema.org\",\"@graph\":[{\"@type\":\"Article\",\"@id\":\"https:\\\/\\\/fuentesfidedignas.com.mx\\\/index.php\\\/2023\\\/04\\\/05\\\/galilea-montijo-confiesa-que-lloro-cuando-se-vio-una-cana-por-primera-vez\\\/#article\",\"isPartOf\":{\"@id\":\"https:\\\/\\\/fuentesfidedignas.com.mx\\\/index.php\\\/2023\\\/04\\\/05\\\/galilea-montijo-confiesa-que-lloro-cuando-se-vio-una-cana-por-primera-vez\\\/\"},\"author\":{\"name\":\"Exc\u00e9lsior\",\"@id\":\"https:\\\/\\\/fuentesfidedignas.com.mx\\\/#\\\/schema\\\/person\\\/ec4edd1fbf5efa3e44fce34fe2787780\"},\"headline\":\"Galilea Montijo confiesa que llor\u00f3 cuando se vio una cana por primera vez\",\"datePublished\":\"2023-04-05T17:26:40+00:00\",\"dateModified\":\"2023-04-05T17:26:54+00:00\",\"mainEntityOfPage\":{\"@id\":\"https:\\\/\\\/fuentesfidedignas.com.mx\\\/index.php\\\/2023\\\/04\\\/05\\\/galilea-montijo-confiesa-que-lloro-cuando-se-vio-una-cana-por-primera-vez\\\/\"},\"wordCount\":301,\"commentCount\":0,\"publisher\":{\"@id\":\"https:\\\/\\\/fuentesfidedignas.com.mx\\\/#organization\"},\"image\":{\"@id\":\"https:\\\/\\\/fuentesfidedignas.com.mx\\\/index.php\\\/2023\\\/04\\\/05\\\/galilea-montijo-confiesa-que-lloro-cuando-se-vio-una-cana-por-primera-vez\\\/#primaryimage\"},\"thumbnailUrl\":\"https:\\\/\\\/fuentesfidedignas.com.mx\\\/wp-content\\\/uploads\\\/2023\\\/04\\\/2927926.jpg\",\"articleSection\":[\"LAS ASOMBROSAS\"],\"inLanguage\":\"es\",\"potentialAction\":[{\"@type\":\"CommentAction\",\"name\":\"Comment\",\"target\":[\"https:\\\/\\\/fuentesfidedignas.com.mx\\\/index.php\\\/2023\\\/04\\\/05\\\/galilea-montijo-confiesa-que-lloro-cuando-se-vio-una-cana-por-primera-vez\\\/#respond\"]}]},{\"@type\":\"WebPage\",\"@id\":\"https:\\\/\\\/fuentesfidedignas.com.mx\\\/index.php\\\/2023\\\/04\\\/05\\\/galilea-montijo-confiesa-que-lloro-cuando-se-vio-una-cana-por-primera-vez\\\/\",\"url\":\"https:\\\/\\\/fuentesfidedignas.com.mx\\\/index.php\\\/2023\\\/04\\\/05\\\/galilea-montijo-confiesa-que-lloro-cuando-se-vio-una-cana-por-primera-vez\\\/\",\"name\":\"Galilea Montijo confiesa que llor\u00f3 cuando se vio una cana por primera vez - Fuentes Fidedignas\",\"isPartOf\":{\"@id\":\"https:\\\/\\\/fuentesfidedignas.com.mx\\\/#website\"},\"primaryImageOfPage\":{\"@id\":\"https:\\\/\\\/fuentesfidedignas.com.mx\\\/index.php\\\/2023\\\/04\\\/05\\\/galilea-montijo-confiesa-que-lloro-cuando-se-vio-una-cana-por-primera-vez\\\/#primaryimage\"},\"image\":{\"@id\":\"https:\\\/\\\/fuentesfidedignas.com.mx\\\/index.php\\\/2023\\\/04\\\/05\\\/galilea-montijo-confiesa-que-lloro-cuando-se-vio-una-cana-por-primera-vez\\\/#primaryimage\"},\"thumbnailUrl\":\"https:\\\/\\\/fuentesfidedignas.com.mx\\\/wp-content\\\/uploads\\\/2023\\\/04\\\/2927926.jpg\",\"datePublished\":\"2023-04-05T17:26:40+00:00\",\"dateModified\":\"2023-04-05T17:26:54+00:00\",\"breadcrumb\":{\"@id\":\"https:\\\/\\\/fuentesfidedignas.com.mx\\\/index.php\\\/2023\\\/04\\\/05\\\/galilea-montijo-confiesa-que-lloro-cuando-se-vio-una-cana-por-primera-vez\\\/#breadcrumb\"},\"inLanguage\":\"es\",\"potentialAction\":[{\"@type\":\"ReadAction\",\"target\":[\"https:\\\/\\\/fuentesfidedignas.com.mx\\\/index.php\\\/2023\\\/04\\\/05\\\/galilea-montijo-confiesa-que-lloro-cuando-se-vio-una-cana-por-primera-vez\\\/\"]}]},{\"@type\":\"ImageObject\",\"inLanguage\":\"es\",\"@id\":\"https:\\\/\\\/fuentesfidedignas.com.mx\\\/index.php\\\/2023\\\/04\\\/05\\\/galilea-montijo-confiesa-que-lloro-cuando-se-vio-una-cana-por-primera-vez\\\/#primaryimage\",\"url\":\"https:\\\/\\\/fuentesfidedignas.com.mx\\\/wp-content\\\/uploads\\\/2023\\\/04\\\/2927926.jpg\",\"contentUrl\":\"https:\\\/\\\/fuentesfidedignas.com.mx\\\/wp-content\\\/uploads\\\/2023\\\/04\\\/2927926.jpg\",\"width\":800,\"height\":600},{\"@type\":\"BreadcrumbList\",\"@id\":\"https:\\\/\\\/fuentesfidedignas.com.mx\\\/index.php\\\/2023\\\/04\\\/05\\\/galilea-montijo-confiesa-que-lloro-cuando-se-vio-una-cana-por-primera-vez\\\/#breadcrumb\",\"itemListElement\":[{\"@type\":\"ListItem\",\"position\":1,\"name\":\"Inicio\",\"item\":\"https:\\\/\\\/fuentesfidedignas.com.mx\\\/\"},{\"@type\":\"ListItem\",\"position\":2,\"name\":\"Galilea Montijo confiesa que llor\u00f3 cuando se vio una cana por primera vez\"}]},{\"@type\":\"WebSite\",\"@id\":\"https:\\\/\\\/fuentesfidedignas.com.mx\\\/#website\",\"url\":\"https:\\\/\\\/fuentesfidedignas.com.mx\\\/\",\"name\":\"Fuentes Fidedignas\",\"description\":\"Otro sitio realizado con WordPress\",\"publisher\":{\"@id\":\"https:\\\/\\\/fuentesfidedignas.com.mx\\\/#organization\"},\"potentialAction\":[{\"@type\":\"SearchAction\",\"target\":{\"@type\":\"EntryPoint\",\"urlTemplate\":\"https:\\\/\\\/fuentesfidedignas.com.mx\\\/?s={search_term_string}\"},\"query-input\":{\"@type\":\"PropertyValueSpecification\",\"valueRequired\":true,\"valueName\":\"search_term_string\"}}],\"inLanguage\":\"es\"},{\"@type\":\"Organization\",\"@id\":\"https:\\\/\\\/fuentesfidedignas.com.mx\\\/#organization\",\"name\":\"Fuentes Fidedignas\",\"url\":\"https:\\\/\\\/fuentesfidedignas.com.mx\\\/\",\"logo\":{\"@type\":\"ImageObject\",\"inLanguage\":\"es\",\"@id\":\"https:\\\/\\\/fuentesfidedignas.com.mx\\\/#\\\/schema\\\/logo\\\/image\\\/\",\"url\":\"https:\\\/\\\/fuentesfidedignas.com.mx\\\/wp-content\\\/uploads\\\/2021\\\/04\\\/logo-retina.png\",\"contentUrl\":\"https:\\\/\\\/fuentesfidedignas.com.mx\\\/wp-content\\\/uploads\\\/2021\\\/04\\\/logo-retina.png\",\"width\":280,\"height\":51,\"caption\":\"Fuentes Fidedignas\"},\"image\":{\"@id\":\"https:\\\/\\\/fuentesfidedignas.com.mx\\\/#\\\/schema\\\/logo\\\/image\\\/\"},\"sameAs\":[\"https:\\\/\\\/www.facebook.com\\\/Fuentes-Fidedignas-368234489921644\",\"https:\\\/\\\/x.com\\\/fidedignas\"]},{\"@type\":\"Person\",\"@id\":\"https:\\\/\\\/fuentesfidedignas.com.mx\\\/#\\\/schema\\\/person\\\/ec4edd1fbf5efa3e44fce34fe2787780\",\"name\":\"Exc\u00e9lsior\",\"image\":{\"@type\":\"ImageObject\",\"inLanguage\":\"es\",\"@id\":\"https:\\\/\\\/secure.gravatar.com\\\/avatar\\\/4b7ee9206b48be08447852b3f0814dbc7c0f3b51541b164f1464a2725614020b?s=96&d=mm&r=g\",\"url\":\"https:\\\/\\\/secure.gravatar.com\\\/avatar\\\/4b7ee9206b48be08447852b3f0814dbc7c0f3b51541b164f1464a2725614020b?s=96&d=mm&r=g\",\"contentUrl\":\"https:\\\/\\\/secure.gravatar.com\\\/avatar\\\/4b7ee9206b48be08447852b3f0814dbc7c0f3b51541b164f1464a2725614020b?s=96&d=mm&r=g\",\"caption\":\"Exc\u00e9lsior\"},\"url\":\"https:\\\/\\\/fuentesfidedignas.com.mx\\\/index.php\\\/author\\\/excelsior\\\/\"}]}<\/script>\n<!-- \/ Yoast SEO plugin. -->","yoast_head_json":{"title":"Galilea Montijo confiesa que llor\u00f3 cuando se vio una cana por primera vez - Fuentes Fidedignas","robots":{"index":"index","follow":"follow","max-snippet":"max-snippet:-1","max-image-preview":"max-image-preview:large","max-video-preview":"max-video-preview:-1"},"canonical":"https:\/\/fuentesfidedignas.com.mx\/index.php\/2023\/04\/05\/galilea-montijo-confiesa-que-lloro-cuando-se-vio-una-cana-por-primera-vez\/","og_locale":"es_MX","og_type":"article","og_title":"Galilea Montijo confiesa que llor\u00f3 cuando se vio una cana por primera vez - Fuentes Fidedignas","og_description":"Para la conductora Galilea Montijo fue muy traum\u00e1tico cuando por primera vez se dio cuenta que ten\u00eda una cana. Ciudad de M\u00e9xico.- La mayor\u00eda de las personas desean mantenerse siempre j\u00f3venes, por lo que en ocasiones se realizan cambios est\u00e9ticos para ocultar los primeros signos de envejecimiento. Sin embargo, por m\u00e1s tratamientos que hagan es [&hellip;]","og_url":"https:\/\/fuentesfidedignas.com.mx\/index.php\/2023\/04\/05\/galilea-montijo-confiesa-que-lloro-cuando-se-vio-una-cana-por-primera-vez\/","og_site_name":"Fuentes Fidedignas","article_publisher":"https:\/\/www.facebook.com\/Fuentes-Fidedignas-368234489921644","article_published_time":"2023-04-05T17:26:40+00:00","article_modified_time":"2023-04-05T17:26:54+00:00","og_image":[{"width":800,"height":600,"url":"https:\/\/fuentesfidedignas.com.mx\/wp-content\/uploads\/2023\/04\/2927926.jpg","type":"image\/jpeg"}],"author":"Exc\u00e9lsior","twitter_card":"summary_large_image","twitter_creator":"@fidedignas","twitter_site":"@fidedignas","twitter_misc":{"Escrito por":"Exc\u00e9lsior","Tiempo de lectura":"2 minutos"},"schema":{"@context":"https:\/\/schema.org","@graph":[{"@type":"Article","@id":"https:\/\/fuentesfidedignas.com.mx\/index.php\/2023\/04\/05\/galilea-montijo-confiesa-que-lloro-cuando-se-vio-una-cana-por-primera-vez\/#article","isPartOf":{"@id":"https:\/\/fuentesfidedignas.com.mx\/index.php\/2023\/04\/05\/galilea-montijo-confiesa-que-lloro-cuando-se-vio-una-cana-por-primera-vez\/"},"author":{"name":"Exc\u00e9lsior","@id":"https:\/\/fuentesfidedignas.com.mx\/#\/schema\/person\/ec4edd1fbf5efa3e44fce34fe2787780"},"headline":"Galilea Montijo confiesa que llor\u00f3 cuando se vio una cana por primera vez","datePublished":"2023-04-05T17:26:40+00:00","dateModified":"2023-04-05T17:26:54+00:00","mainEntityOfPage":{"@id":"https:\/\/fuentesfidedignas.com.mx\/index.php\/2023\/04\/05\/galilea-montijo-confiesa-que-lloro-cuando-se-vio-una-cana-por-primera-vez\/"},"wordCount":301,"commentCount":0,"publisher":{"@id":"https:\/\/fuentesfidedignas.com.mx\/#organization"},"image":{"@id":"https:\/\/fuentesfidedignas.com.mx\/index.php\/2023\/04\/05\/galilea-montijo-confiesa-que-lloro-cuando-se-vio-una-cana-por-primera-vez\/#primaryimage"},"thumbnailUrl":"https:\/\/fuentesfidedignas.com.mx\/wp-content\/uploads\/2023\/04\/2927926.jpg","articleSection":["LAS ASOMBROSAS"],"inLanguage":"es","potentialAction":[{"@type":"CommentAction","name":"Comment","target":["https:\/\/fuentesfidedignas.com.mx\/index.php\/2023\/04\/05\/galilea-montijo-confiesa-que-lloro-cuando-se-vio-una-cana-por-primera-vez\/#respond"]}]},{"@type":"WebPage","@id":"https:\/\/fuentesfidedignas.com.mx\/index.php\/2023\/04\/05\/galilea-montijo-confiesa-que-lloro-cuando-se-vio-una-cana-por-primera-vez\/","url":"https:\/\/fuentesfidedignas.com.mx\/index.php\/2023\/04\/05\/galilea-montijo-confiesa-que-lloro-cuando-se-vio-una-cana-por-primera-vez\/","name":"Galilea Montijo confiesa que llor\u00f3 cuando se vio una cana por primera vez - Fuentes Fidedignas","isPartOf":{"@id":"https:\/\/fuentesfidedignas.com.mx\/#website"},"primaryImageOfPage":{"@id":"https:\/\/fuentesfidedignas.com.mx\/index.php\/2023\/04\/05\/galilea-montijo-confiesa-que-lloro-cuando-se-vio-una-cana-por-primera-vez\/#primaryimage"},"image":{"@id":"https:\/\/fuentesfidedignas.com.mx\/index.php\/2023\/04\/05\/galilea-montijo-confiesa-que-lloro-cuando-se-vio-una-cana-por-primera-vez\/#primaryimage"},"thumbnailUrl":"https:\/\/fuentesfidedignas.com.mx\/wp-content\/uploads\/2023\/04\/2927926.jpg","datePublished":"2023-04-05T17:26:40+00:00","dateModified":"2023-04-05T17:26:54+00:00","breadcrumb":{"@id":"https:\/\/fuentesfidedignas.com.mx\/index.php\/2023\/04\/05\/galilea-montijo-confiesa-que-lloro-cuando-se-vio-una-cana-por-primera-vez\/#breadcrumb"},"inLanguage":"es","potentialAction":[{"@type":"ReadAction","target":["https:\/\/fuentesfidedignas.com.mx\/index.php\/2023\/04\/05\/galilea-montijo-confiesa-que-lloro-cuando-se-vio-una-cana-por-primera-vez\/"]}]},{"@type":"ImageObject","inLanguage":"es","@id":"https:\/\/fuentesfidedignas.com.mx\/index.php\/2023\/04\/05\/galilea-montijo-confiesa-que-lloro-cuando-se-vio-una-cana-por-primera-vez\/#primaryimage","url":"https:\/\/fuentesfidedignas.com.mx\/wp-content\/uploads\/2023\/04\/2927926.jpg","contentUrl":"https:\/\/fuentesfidedignas.com.mx\/wp-content\/uploads\/2023\/04\/2927926.jpg","width":800,"height":600},{"@type":"BreadcrumbList","@id":"https:\/\/fuentesfidedignas.com.mx\/index.php\/2023\/04\/05\/galilea-montijo-confiesa-que-lloro-cuando-se-vio-una-cana-por-primera-vez\/#breadcrumb","itemListElement":[{"@type":"ListItem","position":1,"name":"Inicio","item":"https:\/\/fuentesfidedignas.com.mx\/"},{"@type":"ListItem","position":2,"name":"Galilea Montijo confiesa que llor\u00f3 cuando se vio una cana por primera vez"}]},{"@type":"WebSite","@id":"https:\/\/fuentesfidedignas.com.mx\/#website","url":"https:\/\/fuentesfidedignas.com.mx\/","name":"Fuentes Fidedignas","description":"Otro sitio realizado con WordPress","publisher":{"@id":"https:\/\/fuentesfidedignas.com.mx\/#organization"},"potentialAction":[{"@type":"SearchAction","target":{"@type":"EntryPoint","urlTemplate":"https:\/\/fuentesfidedignas.com.mx\/?s={search_term_string}"},"query-input":{"@type":"PropertyValueSpecification","valueRequired":true,"valueName":"search_term_string"}}],"inLanguage":"es"},{"@type":"Organization","@id":"https:\/\/fuentesfidedignas.com.mx\/#organization","name":"Fuentes Fidedignas","url":"https:\/\/fuentesfidedignas.com.mx\/","logo":{"@type":"ImageObject","inLanguage":"es","@id":"https:\/\/fuentesfidedignas.com.mx\/#\/schema\/logo\/image\/","url":"https:\/\/fuentesfidedignas.com.mx\/wp-content\/uploads\/2021\/04\/logo-retina.png","contentUrl":"https:\/\/fuentesfidedignas.com.mx\/wp-content\/uploads\/2021\/04\/logo-retina.png","width":280,"height":51,"caption":"Fuentes Fidedignas"},"image":{"@id":"https:\/\/fuentesfidedignas.com.mx\/#\/schema\/logo\/image\/"},"sameAs":["https:\/\/www.facebook.com\/Fuentes-Fidedignas-368234489921644","https:\/\/x.com\/fidedignas"]},{"@type":"Person","@id":"https:\/\/fuentesfidedignas.com.mx\/#\/schema\/person\/ec4edd1fbf5efa3e44fce34fe2787780","name":"Exc\u00e9lsior","image":{"@type":"ImageObject","inLanguage":"es","@id":"https:\/\/secure.gravatar.com\/avatar\/4b7ee9206b48be08447852b3f0814dbc7c0f3b51541b164f1464a2725614020b?s=96&d=mm&r=g","url":"https:\/\/secure.gravatar.com\/avatar\/4b7ee9206b48be08447852b3f0814dbc7c0f3b51541b164f1464a2725614020b?s=96&d=mm&r=g","contentUrl":"https:\/\/secure.gravatar.com\/avatar\/4b7ee9206b48be08447852b3f0814dbc7c0f3b51541b164f1464a2725614020b?s=96&d=mm&r=g","caption":"Exc\u00e9lsior"},"url":"https:\/\/fuentesfidedignas.com.mx\/index.php\/author\/excelsior\/"}]}},"_links":{"self":[{"href":"https:\/\/fuentesfidedignas.com.mx\/index.php\/wp-json\/wp\/v2\/posts\/43788","targetHints":{"allow":["GET"]}}],"collection":[{"href":"https:\/\/fuentesfidedignas.com.mx\/index.php\/wp-json\/wp\/v2\/posts"}],"about":[{"href":"https:\/\/fuentesfidedignas.com.mx\/index.php\/wp-json\/wp\/v2\/types\/post"}],"author":[{"embeddable":true,"href":"https:\/\/fuentesfidedignas.com.mx\/index.php\/wp-json\/wp\/v2\/users\/7"}],"replies":[{"embeddable":true,"href":"https:\/\/fuentesfidedignas.com.mx\/index.php\/wp-json\/wp\/v2\/comments?post=43788"}],"version-history":[{"count":1,"href":"https:\/\/fuentesfidedignas.com.mx\/index.php\/wp-json\/wp\/v2\/posts\/43788\/revisions"}],"predecessor-version":[{"id":43790,"href":"https:\/\/fuentesfidedignas.com.mx\/index.php\/wp-json\/wp\/v2\/posts\/43788\/revisions\/43790"}],"wp:featuredmedia":[{"embeddable":true,"href":"https:\/\/fuentesfidedignas.com.mx\/index.php\/wp-json\/wp\/v2\/media\/43789"}],"wp:attachment":[{"href":"https:\/\/fuentesfidedignas.com.mx\/index.php\/wp-json\/wp\/v2\/media?parent=43788"}],"wp:term":[{"taxonomy":"category","embeddable":true,"href":"https:\/\/fuentesfidedignas.com.mx\/index.php\/wp-json\/wp\/v2\/categories?post=43788"},{"taxonomy":"post_tag","embeddable":true,"href":"https:\/\/fuentesfidedignas.com.mx\/index.php\/wp-json\/wp\/v2\/tags?post=43788"}],"curies":[{"name":"wp","href":"https:\/\/api.w.org\/{rel}","templated":true}]}}