{"id":43787,"date":"2023-04-05T11:27:14","date_gmt":"2023-04-05T17:27:14","guid":{"rendered":"https:\/\/fuentesfidedignas.com.mx\/?p=43787"},"modified":"2023-04-05T11:27:34","modified_gmt":"2023-04-05T17:27:34","slug":"no-se-si-cometio-delitos-pero-no-estoy-de-acuerdo-con-la-persecucion-a-trump-amlo","status":"publish","type":"post","link":"https:\/\/fuentesfidedignas.com.mx\/index.php\/2023\/04\/05\/no-se-si-cometio-delitos-pero-no-estoy-de-acuerdo-con-la-persecucion-a-trump-amlo\/","title":{"rendered":"No s\u00e9 si cometi\u00f3 delitos, pero no estoy de acuerdo con la persecuci\u00f3n a Trump: AMLO"},"content":{"rendered":"\n<p><br><strong><em>Aunque no sabe si cometi\u00f3 un delito, AMLO respald\u00f3 al expresidente Trump y conden\u00f3 que se utilicen procesos judiciales con fines electorales<\/em><\/strong><\/p>\n\n\n\n<p>Ciudad de M\u00e9xico.El presidente Andr\u00e9s Manuel L\u00f3pez Obrador respald\u00f3 al expresidente Donald Trump, quien es acusado por la Fiscal\u00eda de Manhattan de 34 cargos con relaci\u00f3n al pago a la actriz porno Stormy Daniels, al afirmar que no se puede utilizar al aparato judicial con fines electorales.<\/p>\n\n\n\n<p>\u201cReitero, refrendo, mantengo mi postura de que no debe de utilizarse lo jur\u00eddico, los asuntos supuestamente legales, con prop\u00f3sitos pol\u00edticos electorales, por eso no estoy de acuerdo con lo que le est\u00e1n haciendo al expresidente Trump. No estoy de acuerdo.<\/p>\n\n\n\n<p>\u201cEs que yo ya lo padec\u00ed y, que no quieren descalificar a nadie en ninguna parte del mundo, a Castillo en el Per\u00fa, lo que me hicieron a m\u00ed aqu\u00ed, que me desaforaron porque no quer\u00edan que yo apareciera en la boleta como candidato a la presidencia, ese era el fondo de todo\u201d, coment\u00f3 el mandatario federal en conferencia de prensa desde Palacio Nacional.<\/p>\n\n\n\n<p>Trump fue acusado la semana pasada, convirti\u00e9ndose en el primer presidente, retirado o en activo, que se enfrenta a cargos penales, por un caso relacionado con un pago de dinero por silencio en 2016 a la estrella porno Stormy Daniels.<\/p>\n\n\n\n<p>En su comparecencia ante las autoridades, Trump se declar\u00f3 no culpable de los 34 cargos en relaci\u00f3n con los pagos irregulares a la actriz porno.<\/p>\n\n\n\n<p>\u201cNo s\u00e9 si haya cometido delito, no me corresponde, me llama la atenci\u00f3n que lo est\u00e1n acusando de algo que sucedi\u00f3 en 2000, o en 2006\u201d, apunt\u00f3 el jefe del Ejecutivo federal.<\/p>\n\n\n\n<p>\u201cQue sea el pueblo el que decida y no hay que tenerle miedo al pueblo y tenerle confianza, pero no impedirle a nadie que participe y pueden decir es que legalmente s\u00ed puede participar, s\u00ed, all\u00e1 s\u00ed, aqu\u00ed no. All\u00e1 si puede participar pero de todas maneras est\u00e1 expuesto a una campa\u00f1a de desprestigio\u201d, sostuvo.<\/p>\n","protected":false},"excerpt":{"rendered":"<p>Aunque no sabe si cometi\u00f3 un delito, AMLO respald\u00f3 al expresidente Trump y conden\u00f3 que se utilicen procesos judiciales con fines electorales Ciudad de M\u00e9xico.El presidente Andr\u00e9s Manuel L\u00f3pez Obrador respald\u00f3 al expresidente Donald Trump, quien es acusado por la Fiscal\u00eda de Manhattan de 34 cargos con relaci\u00f3n al pago a la actriz porno Stormy [&hellip;]<\/p>\n","protected":false},"author":5,"featured_media":43792,"comment_status":"open","ping_status":"open","sticky":false,"template":"","format":"standard","meta":{"tdm_status":"","tdm_grid_status":"","footnotes":""},"categories":[39],"tags":[],"class_list":{"0":"post-43787","1":"post","2":"type-post","3":"status-publish","4":"format-standard","5":"has-post-thumbnail","7":"category-noticias-nacionales"},"yoast_head":"<!-- This site is optimized with the Yoast SEO plugin v27.4 - https:\/\/yoast.com\/product\/yoast-seo-wordpress\/ -->\n<title>No s\u00e9 si cometi\u00f3 delitos, pero no estoy de acuerdo con la persecuci\u00f3n a Trump: AMLO - Fuentes Fidedignas<\/title>\n<meta name=\"robots\" content=\"index, follow, max-snippet:-1, max-image-preview:large, max-video-preview:-1\" \/>\n<link rel=\"canonical\" href=\"https:\/\/fuentesfidedignas.com.mx\/index.php\/2023\/04\/05\/no-se-si-cometio-delitos-pero-no-estoy-de-acuerdo-con-la-persecucion-a-trump-amlo\/\" \/>\n<meta property=\"og:locale\" content=\"es_MX\" \/>\n<meta property=\"og:type\" content=\"article\" \/>\n<meta property=\"og:title\" content=\"No s\u00e9 si cometi\u00f3 delitos, pero no estoy de acuerdo con la persecuci\u00f3n a Trump: AMLO - Fuentes Fidedignas\" \/>\n<meta property=\"og:description\" content=\"Aunque no sabe si cometi\u00f3 un delito, AMLO respald\u00f3 al expresidente Trump y conden\u00f3 que se utilicen procesos judiciales con fines electorales Ciudad de M\u00e9xico.El presidente Andr\u00e9s Manuel L\u00f3pez Obrador respald\u00f3 al expresidente Donald Trump, quien es acusado por la Fiscal\u00eda de Manhattan de 34 cargos con relaci\u00f3n al pago a la actriz porno Stormy [&hellip;]\" \/>\n<meta property=\"og:url\" content=\"https:\/\/fuentesfidedignas.com.mx\/index.php\/2023\/04\/05\/no-se-si-cometio-delitos-pero-no-estoy-de-acuerdo-con-la-persecucion-a-trump-amlo\/\" \/>\n<meta property=\"og:site_name\" content=\"Fuentes Fidedignas\" \/>\n<meta property=\"article:publisher\" content=\"https:\/\/www.facebook.com\/Fuentes-Fidedignas-368234489921644\" \/>\n<meta property=\"article:published_time\" content=\"2023-04-05T17:27:14+00:00\" \/>\n<meta property=\"article:modified_time\" content=\"2023-04-05T17:27:34+00:00\" \/>\n<meta property=\"og:image\" content=\"https:\/\/fuentesfidedignas.com.mx\/wp-content\/uploads\/2023\/04\/visita-eu-6-1024x576-1.jpg\" \/>\n\t<meta property=\"og:image:width\" content=\"1024\" \/>\n\t<meta property=\"og:image:height\" content=\"576\" \/>\n\t<meta property=\"og:image:type\" content=\"image\/jpeg\" \/>\n<meta name=\"author\" content=\"Forbes\" \/>\n<meta name=\"twitter:card\" content=\"summary_large_image\" \/>\n<meta name=\"twitter:creator\" content=\"@fidedignas\" \/>\n<meta name=\"twitter:site\" content=\"@fidedignas\" \/>\n<meta name=\"twitter:label1\" content=\"Escrito por\" \/>\n\t<meta name=\"twitter:data1\" content=\"Forbes\" \/>\n\t<meta name=\"twitter:label2\" content=\"Tiempo de lectura\" \/>\n\t<meta name=\"twitter:data2\" content=\"2 minutos\" \/>\n<script type=\"application\/ld+json\" class=\"yoast-schema-graph\">{\"@context\":\"https:\\\/\\\/schema.org\",\"@graph\":[{\"@type\":\"Article\",\"@id\":\"https:\\\/\\\/fuentesfidedignas.com.mx\\\/index.php\\\/2023\\\/04\\\/05\\\/no-se-si-cometio-delitos-pero-no-estoy-de-acuerdo-con-la-persecucion-a-trump-amlo\\\/#article\",\"isPartOf\":{\"@id\":\"https:\\\/\\\/fuentesfidedignas.com.mx\\\/index.php\\\/2023\\\/04\\\/05\\\/no-se-si-cometio-delitos-pero-no-estoy-de-acuerdo-con-la-persecucion-a-trump-amlo\\\/\"},\"author\":{\"name\":\"Forbes\",\"@id\":\"https:\\\/\\\/fuentesfidedignas.com.mx\\\/#\\\/schema\\\/person\\\/5623d53fe2e579d825b1679734abcc44\"},\"headline\":\"No s\u00e9 si cometi\u00f3 delitos, pero no estoy de acuerdo con la persecuci\u00f3n a Trump: AMLO\",\"datePublished\":\"2023-04-05T17:27:14+00:00\",\"dateModified\":\"2023-04-05T17:27:34+00:00\",\"mainEntityOfPage\":{\"@id\":\"https:\\\/\\\/fuentesfidedignas.com.mx\\\/index.php\\\/2023\\\/04\\\/05\\\/no-se-si-cometio-delitos-pero-no-estoy-de-acuerdo-con-la-persecucion-a-trump-amlo\\\/\"},\"wordCount\":353,\"commentCount\":0,\"publisher\":{\"@id\":\"https:\\\/\\\/fuentesfidedignas.com.mx\\\/#organization\"},\"image\":{\"@id\":\"https:\\\/\\\/fuentesfidedignas.com.mx\\\/index.php\\\/2023\\\/04\\\/05\\\/no-se-si-cometio-delitos-pero-no-estoy-de-acuerdo-con-la-persecucion-a-trump-amlo\\\/#primaryimage\"},\"thumbnailUrl\":\"https:\\\/\\\/fuentesfidedignas.com.mx\\\/wp-content\\\/uploads\\\/2023\\\/04\\\/visita-eu-6-1024x576-1.jpg\",\"articleSection\":[\"NOTICIAS NACIONALES\"],\"inLanguage\":\"es\",\"potentialAction\":[{\"@type\":\"CommentAction\",\"name\":\"Comment\",\"target\":[\"https:\\\/\\\/fuentesfidedignas.com.mx\\\/index.php\\\/2023\\\/04\\\/05\\\/no-se-si-cometio-delitos-pero-no-estoy-de-acuerdo-con-la-persecucion-a-trump-amlo\\\/#respond\"]}]},{\"@type\":\"WebPage\",\"@id\":\"https:\\\/\\\/fuentesfidedignas.com.mx\\\/index.php\\\/2023\\\/04\\\/05\\\/no-se-si-cometio-delitos-pero-no-estoy-de-acuerdo-con-la-persecucion-a-trump-amlo\\\/\",\"url\":\"https:\\\/\\\/fuentesfidedignas.com.mx\\\/index.php\\\/2023\\\/04\\\/05\\\/no-se-si-cometio-delitos-pero-no-estoy-de-acuerdo-con-la-persecucion-a-trump-amlo\\\/\",\"name\":\"No s\u00e9 si cometi\u00f3 delitos, pero no estoy de acuerdo con la persecuci\u00f3n a Trump: AMLO - Fuentes Fidedignas\",\"isPartOf\":{\"@id\":\"https:\\\/\\\/fuentesfidedignas.com.mx\\\/#website\"},\"primaryImageOfPage\":{\"@id\":\"https:\\\/\\\/fuentesfidedignas.com.mx\\\/index.php\\\/2023\\\/04\\\/05\\\/no-se-si-cometio-delitos-pero-no-estoy-de-acuerdo-con-la-persecucion-a-trump-amlo\\\/#primaryimage\"},\"image\":{\"@id\":\"https:\\\/\\\/fuentesfidedignas.com.mx\\\/index.php\\\/2023\\\/04\\\/05\\\/no-se-si-cometio-delitos-pero-no-estoy-de-acuerdo-con-la-persecucion-a-trump-amlo\\\/#primaryimage\"},\"thumbnailUrl\":\"https:\\\/\\\/fuentesfidedignas.com.mx\\\/wp-content\\\/uploads\\\/2023\\\/04\\\/visita-eu-6-1024x576-1.jpg\",\"datePublished\":\"2023-04-05T17:27:14+00:00\",\"dateModified\":\"2023-04-05T17:27:34+00:00\",\"breadcrumb\":{\"@id\":\"https:\\\/\\\/fuentesfidedignas.com.mx\\\/index.php\\\/2023\\\/04\\\/05\\\/no-se-si-cometio-delitos-pero-no-estoy-de-acuerdo-con-la-persecucion-a-trump-amlo\\\/#breadcrumb\"},\"inLanguage\":\"es\",\"potentialAction\":[{\"@type\":\"ReadAction\",\"target\":[\"https:\\\/\\\/fuentesfidedignas.com.mx\\\/index.php\\\/2023\\\/04\\\/05\\\/no-se-si-cometio-delitos-pero-no-estoy-de-acuerdo-con-la-persecucion-a-trump-amlo\\\/\"]}]},{\"@type\":\"ImageObject\",\"inLanguage\":\"es\",\"@id\":\"https:\\\/\\\/fuentesfidedignas.com.mx\\\/index.php\\\/2023\\\/04\\\/05\\\/no-se-si-cometio-delitos-pero-no-estoy-de-acuerdo-con-la-persecucion-a-trump-amlo\\\/#primaryimage\",\"url\":\"https:\\\/\\\/fuentesfidedignas.com.mx\\\/wp-content\\\/uploads\\\/2023\\\/04\\\/visita-eu-6-1024x576-1.jpg\",\"contentUrl\":\"https:\\\/\\\/fuentesfidedignas.com.mx\\\/wp-content\\\/uploads\\\/2023\\\/04\\\/visita-eu-6-1024x576-1.jpg\",\"width\":1024,\"height\":576},{\"@type\":\"BreadcrumbList\",\"@id\":\"https:\\\/\\\/fuentesfidedignas.com.mx\\\/index.php\\\/2023\\\/04\\\/05\\\/no-se-si-cometio-delitos-pero-no-estoy-de-acuerdo-con-la-persecucion-a-trump-amlo\\\/#breadcrumb\",\"itemListElement\":[{\"@type\":\"ListItem\",\"position\":1,\"name\":\"Inicio\",\"item\":\"https:\\\/\\\/fuentesfidedignas.com.mx\\\/\"},{\"@type\":\"ListItem\",\"position\":2,\"name\":\"No s\u00e9 si cometi\u00f3 delitos, pero no estoy de acuerdo con la persecuci\u00f3n a Trump: AMLO\"}]},{\"@type\":\"WebSite\",\"@id\":\"https:\\\/\\\/fuentesfidedignas.com.mx\\\/#website\",\"url\":\"https:\\\/\\\/fuentesfidedignas.com.mx\\\/\",\"name\":\"Fuentes Fidedignas\",\"description\":\"Otro sitio realizado con WordPress\",\"publisher\":{\"@id\":\"https:\\\/\\\/fuentesfidedignas.com.mx\\\/#organization\"},\"potentialAction\":[{\"@type\":\"SearchAction\",\"target\":{\"@type\":\"EntryPoint\",\"urlTemplate\":\"https:\\\/\\\/fuentesfidedignas.com.mx\\\/?s={search_term_string}\"},\"query-input\":{\"@type\":\"PropertyValueSpecification\",\"valueRequired\":true,\"valueName\":\"search_term_string\"}}],\"inLanguage\":\"es\"},{\"@type\":\"Organization\",\"@id\":\"https:\\\/\\\/fuentesfidedignas.com.mx\\\/#organization\",\"name\":\"Fuentes Fidedignas\",\"url\":\"https:\\\/\\\/fuentesfidedignas.com.mx\\\/\",\"logo\":{\"@type\":\"ImageObject\",\"inLanguage\":\"es\",\"@id\":\"https:\\\/\\\/fuentesfidedignas.com.mx\\\/#\\\/schema\\\/logo\\\/image\\\/\",\"url\":\"https:\\\/\\\/fuentesfidedignas.com.mx\\\/wp-content\\\/uploads\\\/2021\\\/04\\\/logo-retina.png\",\"contentUrl\":\"https:\\\/\\\/fuentesfidedignas.com.mx\\\/wp-content\\\/uploads\\\/2021\\\/04\\\/logo-retina.png\",\"width\":280,\"height\":51,\"caption\":\"Fuentes Fidedignas\"},\"image\":{\"@id\":\"https:\\\/\\\/fuentesfidedignas.com.mx\\\/#\\\/schema\\\/logo\\\/image\\\/\"},\"sameAs\":[\"https:\\\/\\\/www.facebook.com\\\/Fuentes-Fidedignas-368234489921644\",\"https:\\\/\\\/x.com\\\/fidedignas\"]},{\"@type\":\"Person\",\"@id\":\"https:\\\/\\\/fuentesfidedignas.com.mx\\\/#\\\/schema\\\/person\\\/5623d53fe2e579d825b1679734abcc44\",\"name\":\"Forbes\",\"image\":{\"@type\":\"ImageObject\",\"inLanguage\":\"es\",\"@id\":\"https:\\\/\\\/secure.gravatar.com\\\/avatar\\\/87ce3dd4e41e60c22a79c758614f01a6bc2469255fc936ec7b15efb9bb5cb66f?s=96&d=mm&r=g\",\"url\":\"https:\\\/\\\/secure.gravatar.com\\\/avatar\\\/87ce3dd4e41e60c22a79c758614f01a6bc2469255fc936ec7b15efb9bb5cb66f?s=96&d=mm&r=g\",\"contentUrl\":\"https:\\\/\\\/secure.gravatar.com\\\/avatar\\\/87ce3dd4e41e60c22a79c758614f01a6bc2469255fc936ec7b15efb9bb5cb66f?s=96&d=mm&r=g\",\"caption\":\"Forbes\"},\"url\":\"https:\\\/\\\/fuentesfidedignas.com.mx\\\/index.php\\\/author\\\/forbes\\\/\"}]}<\/script>\n<!-- \/ Yoast SEO plugin. -->","yoast_head_json":{"title":"No s\u00e9 si cometi\u00f3 delitos, pero no estoy de acuerdo con la persecuci\u00f3n a Trump: AMLO - Fuentes Fidedignas","robots":{"index":"index","follow":"follow","max-snippet":"max-snippet:-1","max-image-preview":"max-image-preview:large","max-video-preview":"max-video-preview:-1"},"canonical":"https:\/\/fuentesfidedignas.com.mx\/index.php\/2023\/04\/05\/no-se-si-cometio-delitos-pero-no-estoy-de-acuerdo-con-la-persecucion-a-trump-amlo\/","og_locale":"es_MX","og_type":"article","og_title":"No s\u00e9 si cometi\u00f3 delitos, pero no estoy de acuerdo con la persecuci\u00f3n a Trump: AMLO - Fuentes Fidedignas","og_description":"Aunque no sabe si cometi\u00f3 un delito, AMLO respald\u00f3 al expresidente Trump y conden\u00f3 que se utilicen procesos judiciales con fines electorales Ciudad de M\u00e9xico.El presidente Andr\u00e9s Manuel L\u00f3pez Obrador respald\u00f3 al expresidente Donald Trump, quien es acusado por la Fiscal\u00eda de Manhattan de 34 cargos con relaci\u00f3n al pago a la actriz porno Stormy [&hellip;]","og_url":"https:\/\/fuentesfidedignas.com.mx\/index.php\/2023\/04\/05\/no-se-si-cometio-delitos-pero-no-estoy-de-acuerdo-con-la-persecucion-a-trump-amlo\/","og_site_name":"Fuentes Fidedignas","article_publisher":"https:\/\/www.facebook.com\/Fuentes-Fidedignas-368234489921644","article_published_time":"2023-04-05T17:27:14+00:00","article_modified_time":"2023-04-05T17:27:34+00:00","og_image":[{"width":1024,"height":576,"url":"https:\/\/fuentesfidedignas.com.mx\/wp-content\/uploads\/2023\/04\/visita-eu-6-1024x576-1.jpg","type":"image\/jpeg"}],"author":"Forbes","twitter_card":"summary_large_image","twitter_creator":"@fidedignas","twitter_site":"@fidedignas","twitter_misc":{"Escrito por":"Forbes","Tiempo de lectura":"2 minutos"},"schema":{"@context":"https:\/\/schema.org","@graph":[{"@type":"Article","@id":"https:\/\/fuentesfidedignas.com.mx\/index.php\/2023\/04\/05\/no-se-si-cometio-delitos-pero-no-estoy-de-acuerdo-con-la-persecucion-a-trump-amlo\/#article","isPartOf":{"@id":"https:\/\/fuentesfidedignas.com.mx\/index.php\/2023\/04\/05\/no-se-si-cometio-delitos-pero-no-estoy-de-acuerdo-con-la-persecucion-a-trump-amlo\/"},"author":{"name":"Forbes","@id":"https:\/\/fuentesfidedignas.com.mx\/#\/schema\/person\/5623d53fe2e579d825b1679734abcc44"},"headline":"No s\u00e9 si cometi\u00f3 delitos, pero no estoy de acuerdo con la persecuci\u00f3n a Trump: AMLO","datePublished":"2023-04-05T17:27:14+00:00","dateModified":"2023-04-05T17:27:34+00:00","mainEntityOfPage":{"@id":"https:\/\/fuentesfidedignas.com.mx\/index.php\/2023\/04\/05\/no-se-si-cometio-delitos-pero-no-estoy-de-acuerdo-con-la-persecucion-a-trump-amlo\/"},"wordCount":353,"commentCount":0,"publisher":{"@id":"https:\/\/fuentesfidedignas.com.mx\/#organization"},"image":{"@id":"https:\/\/fuentesfidedignas.com.mx\/index.php\/2023\/04\/05\/no-se-si-cometio-delitos-pero-no-estoy-de-acuerdo-con-la-persecucion-a-trump-amlo\/#primaryimage"},"thumbnailUrl":"https:\/\/fuentesfidedignas.com.mx\/wp-content\/uploads\/2023\/04\/visita-eu-6-1024x576-1.jpg","articleSection":["NOTICIAS NACIONALES"],"inLanguage":"es","potentialAction":[{"@type":"CommentAction","name":"Comment","target":["https:\/\/fuentesfidedignas.com.mx\/index.php\/2023\/04\/05\/no-se-si-cometio-delitos-pero-no-estoy-de-acuerdo-con-la-persecucion-a-trump-amlo\/#respond"]}]},{"@type":"WebPage","@id":"https:\/\/fuentesfidedignas.com.mx\/index.php\/2023\/04\/05\/no-se-si-cometio-delitos-pero-no-estoy-de-acuerdo-con-la-persecucion-a-trump-amlo\/","url":"https:\/\/fuentesfidedignas.com.mx\/index.php\/2023\/04\/05\/no-se-si-cometio-delitos-pero-no-estoy-de-acuerdo-con-la-persecucion-a-trump-amlo\/","name":"No s\u00e9 si cometi\u00f3 delitos, pero no estoy de acuerdo con la persecuci\u00f3n a Trump: AMLO - Fuentes Fidedignas","isPartOf":{"@id":"https:\/\/fuentesfidedignas.com.mx\/#website"},"primaryImageOfPage":{"@id":"https:\/\/fuentesfidedignas.com.mx\/index.php\/2023\/04\/05\/no-se-si-cometio-delitos-pero-no-estoy-de-acuerdo-con-la-persecucion-a-trump-amlo\/#primaryimage"},"image":{"@id":"https:\/\/fuentesfidedignas.com.mx\/index.php\/2023\/04\/05\/no-se-si-cometio-delitos-pero-no-estoy-de-acuerdo-con-la-persecucion-a-trump-amlo\/#primaryimage"},"thumbnailUrl":"https:\/\/fuentesfidedignas.com.mx\/wp-content\/uploads\/2023\/04\/visita-eu-6-1024x576-1.jpg","datePublished":"2023-04-05T17:27:14+00:00","dateModified":"2023-04-05T17:27:34+00:00","breadcrumb":{"@id":"https:\/\/fuentesfidedignas.com.mx\/index.php\/2023\/04\/05\/no-se-si-cometio-delitos-pero-no-estoy-de-acuerdo-con-la-persecucion-a-trump-amlo\/#breadcrumb"},"inLanguage":"es","potentialAction":[{"@type":"ReadAction","target":["https:\/\/fuentesfidedignas.com.mx\/index.php\/2023\/04\/05\/no-se-si-cometio-delitos-pero-no-estoy-de-acuerdo-con-la-persecucion-a-trump-amlo\/"]}]},{"@type":"ImageObject","inLanguage":"es","@id":"https:\/\/fuentesfidedignas.com.mx\/index.php\/2023\/04\/05\/no-se-si-cometio-delitos-pero-no-estoy-de-acuerdo-con-la-persecucion-a-trump-amlo\/#primaryimage","url":"https:\/\/fuentesfidedignas.com.mx\/wp-content\/uploads\/2023\/04\/visita-eu-6-1024x576-1.jpg","contentUrl":"https:\/\/fuentesfidedignas.com.mx\/wp-content\/uploads\/2023\/04\/visita-eu-6-1024x576-1.jpg","width":1024,"height":576},{"@type":"BreadcrumbList","@id":"https:\/\/fuentesfidedignas.com.mx\/index.php\/2023\/04\/05\/no-se-si-cometio-delitos-pero-no-estoy-de-acuerdo-con-la-persecucion-a-trump-amlo\/#breadcrumb","itemListElement":[{"@type":"ListItem","position":1,"name":"Inicio","item":"https:\/\/fuentesfidedignas.com.mx\/"},{"@type":"ListItem","position":2,"name":"No s\u00e9 si cometi\u00f3 delitos, pero no estoy de acuerdo con la persecuci\u00f3n a Trump: AMLO"}]},{"@type":"WebSite","@id":"https:\/\/fuentesfidedignas.com.mx\/#website","url":"https:\/\/fuentesfidedignas.com.mx\/","name":"Fuentes Fidedignas","description":"Otro sitio realizado con WordPress","publisher":{"@id":"https:\/\/fuentesfidedignas.com.mx\/#organization"},"potentialAction":[{"@type":"SearchAction","target":{"@type":"EntryPoint","urlTemplate":"https:\/\/fuentesfidedignas.com.mx\/?s={search_term_string}"},"query-input":{"@type":"PropertyValueSpecification","valueRequired":true,"valueName":"search_term_string"}}],"inLanguage":"es"},{"@type":"Organization","@id":"https:\/\/fuentesfidedignas.com.mx\/#organization","name":"Fuentes Fidedignas","url":"https:\/\/fuentesfidedignas.com.mx\/","logo":{"@type":"ImageObject","inLanguage":"es","@id":"https:\/\/fuentesfidedignas.com.mx\/#\/schema\/logo\/image\/","url":"https:\/\/fuentesfidedignas.com.mx\/wp-content\/uploads\/2021\/04\/logo-retina.png","contentUrl":"https:\/\/fuentesfidedignas.com.mx\/wp-content\/uploads\/2021\/04\/logo-retina.png","width":280,"height":51,"caption":"Fuentes Fidedignas"},"image":{"@id":"https:\/\/fuentesfidedignas.com.mx\/#\/schema\/logo\/image\/"},"sameAs":["https:\/\/www.facebook.com\/Fuentes-Fidedignas-368234489921644","https:\/\/x.com\/fidedignas"]},{"@type":"Person","@id":"https:\/\/fuentesfidedignas.com.mx\/#\/schema\/person\/5623d53fe2e579d825b1679734abcc44","name":"Forbes","image":{"@type":"ImageObject","inLanguage":"es","@id":"https:\/\/secure.gravatar.com\/avatar\/87ce3dd4e41e60c22a79c758614f01a6bc2469255fc936ec7b15efb9bb5cb66f?s=96&d=mm&r=g","url":"https:\/\/secure.gravatar.com\/avatar\/87ce3dd4e41e60c22a79c758614f01a6bc2469255fc936ec7b15efb9bb5cb66f?s=96&d=mm&r=g","contentUrl":"https:\/\/secure.gravatar.com\/avatar\/87ce3dd4e41e60c22a79c758614f01a6bc2469255fc936ec7b15efb9bb5cb66f?s=96&d=mm&r=g","caption":"Forbes"},"url":"https:\/\/fuentesfidedignas.com.mx\/index.php\/author\/forbes\/"}]}},"_links":{"self":[{"href":"https:\/\/fuentesfidedignas.com.mx\/index.php\/wp-json\/wp\/v2\/posts\/43787","targetHints":{"allow":["GET"]}}],"collection":[{"href":"https:\/\/fuentesfidedignas.com.mx\/index.php\/wp-json\/wp\/v2\/posts"}],"about":[{"href":"https:\/\/fuentesfidedignas.com.mx\/index.php\/wp-json\/wp\/v2\/types\/post"}],"author":[{"embeddable":true,"href":"https:\/\/fuentesfidedignas.com.mx\/index.php\/wp-json\/wp\/v2\/users\/5"}],"replies":[{"embeddable":true,"href":"https:\/\/fuentesfidedignas.com.mx\/index.php\/wp-json\/wp\/v2\/comments?post=43787"}],"version-history":[{"count":1,"href":"https:\/\/fuentesfidedignas.com.mx\/index.php\/wp-json\/wp\/v2\/posts\/43787\/revisions"}],"predecessor-version":[{"id":43791,"href":"https:\/\/fuentesfidedignas.com.mx\/index.php\/wp-json\/wp\/v2\/posts\/43787\/revisions\/43791"}],"wp:featuredmedia":[{"embeddable":true,"href":"https:\/\/fuentesfidedignas.com.mx\/index.php\/wp-json\/wp\/v2\/media\/43792"}],"wp:attachment":[{"href":"https:\/\/fuentesfidedignas.com.mx\/index.php\/wp-json\/wp\/v2\/media?parent=43787"}],"wp:term":[{"taxonomy":"category","embeddable":true,"href":"https:\/\/fuentesfidedignas.com.mx\/index.php\/wp-json\/wp\/v2\/categories?post=43787"},{"taxonomy":"post_tag","embeddable":true,"href":"https:\/\/fuentesfidedignas.com.mx\/index.php\/wp-json\/wp\/v2\/tags?post=43787"}],"curies":[{"name":"wp","href":"https:\/\/api.w.org\/{rel}","templated":true}]}}