{"id":43732,"date":"2022-10-01T20:31:25","date_gmt":"2022-10-02T02:31:25","guid":{"rendered":"https:\/\/fuentesfidedignas.com.mx\/?p=43732"},"modified":"2022-10-01T20:35:31","modified_gmt":"2022-10-02T02:35:31","slug":"orlene-se-convierte-en-huracan-categoria-2","status":"publish","type":"post","link":"https:\/\/fuentesfidedignas.com.mx\/index.php\/2022\/10\/01\/orlene-se-convierte-en-huracan-categoria-2\/","title":{"rendered":"\u201cOrlene\u201d se convierte en hurac\u00e1n categor\u00eda 2"},"content":{"rendered":"\n<p><strong><em>Se ubica a 300 km al sur-suroeste de Cabo Corrientes, Jalisco y a 395 km al sur de las Islas Mar\u00edas<\/em><\/strong><\/p>\n\n\n\n<p>Ciudad de M\u00e9xico.- El hurac\u00e1n \u2018Orlene\u2019 se intensific\u00f3 a hurac\u00e1n categor\u00eda 2 frente a las costas de Jalisco la noche de este s\u00e1bado 1 de octubre, inform\u00f3 la Comisi\u00f3n Nacional del Agua (Conagua).<\/p>\n\n\n\n<p>En un comunicado, la Conagua explic\u00f3 que el fen\u00f3meno natural producir\u00e1 lluvias en \u00e1reas de Colima y Jalisco; muy fuertes en zonas de Michoac\u00e1n, Nayarit y Sinaloa, y fuertes en sitios de Durango.<\/p>\n\n\n\n<p>Adem\u00e1s, se pronostican rachas de viento de 60 a 70 kil\u00f3metros por hora y oleaje de 2 a 4 metros de altura en las costas de Jalisco y Nayarit, y de 40 a 50 km\/h con olas de 1 a 2 metros de altura en el litoral de Colima y Sinaloa.<\/p>\n\n\n\n<p>A las 19:00 horas, \u2018Orlene\u2019 se localizaba a 285 kil\u00f3metros al sursuroeste de Cabo Corrientes, Jalisco, y a 375 km al sur de las Islas Mar\u00edas, Nayarit; presentaba vientos m\u00e1ximos sostenidos de 165 km\/h, rachas de 205 km\/h y desplazamiento hacia el norte a 9 km\/h.<\/p>\n\n\n\n<p>La dependencia detall\u00f3 que el Servicio Meteorol\u00f3gico Nacional (SMN), en coordinaci\u00f3n con el Centro Nacional de Huracanes de Miami, Estados Unidos de Am\u00e9rica, mantienen zona de prevenci\u00f3n por efectos de hurac\u00e1n en las Islas Mar\u00edas.<\/p>\n\n\n\n<p>As\u00ed como zona de vigilancia por efectos de hurac\u00e1n desde San Blas, Nayarit, hasta la Bah\u00eda Tempehuaya, Sinaloa; zona de prevenci\u00f3n por efectos de tormenta tropical desde Playa P\u00e9rula, Jalisco, hasta San Blas, Nayarit, y zona de vigilancia por efectos de tormenta tropical desde Manzanillo, Colima, hasta Playa P\u00e9rula, Jalisco.<\/p>\n\n\n\n<figure class=\"wp-block-embed is-type-rich is-provider-twitter wp-block-embed-twitter\"><div class=\"wp-block-embed__wrapper\">\n<blockquote class=\"twitter-tweet\" data-width=\"550\" data-dnt=\"true\"><p lang=\"es\" dir=\"ltr\"><a href=\"https:\/\/twitter.com\/hashtag\/Orlene?src=hash&amp;ref_src=twsrc%5Etfw\">#Orlene<\/a> se intensifica a <a href=\"https:\/\/twitter.com\/hashtag\/Hurac%C3%A1n?src=hash&amp;ref_src=twsrc%5Etfw\">#Hurac\u00e1n<\/a> de categor\u00eda 2, frente a las costas de <a href=\"https:\/\/twitter.com\/hashtag\/Jalisco?src=hash&amp;ref_src=twsrc%5Etfw\">#Jalisco<\/a>.<br><br>M\u00e1s informaci\u00f3n: <a href=\"https:\/\/t.co\/plctVw4mHX\">https:\/\/t.co\/plctVw4mHX<\/a> <a href=\"https:\/\/t.co\/xktpLusOn8\">pic.twitter.com\/xktpLusOn8<\/a><\/p>&mdash; CONAGUA Clima (@conagua_clima) <a href=\"https:\/\/twitter.com\/conagua_clima\/status\/1576382249573838848?ref_src=twsrc%5Etfw\">October 2, 2022<\/a><\/blockquote><script async src=\"https:\/\/platform.twitter.com\/widgets.js\" charset=\"utf-8\"><\/script>\n<\/div><\/figure>\n\n\n\n<p><\/p>\n\n\n\n<p><\/p>\n","protected":false},"excerpt":{"rendered":"<p>Se ubica a 300 km al sur-suroeste de Cabo Corrientes, Jalisco y a 395 km al sur de las Islas Mar\u00edas Ciudad de M\u00e9xico.- El hurac\u00e1n \u2018Orlene\u2019 se intensific\u00f3 a hurac\u00e1n categor\u00eda 2 frente a las costas de Jalisco la noche de este s\u00e1bado 1 de octubre, inform\u00f3 la Comisi\u00f3n Nacional del Agua (Conagua). En [&hellip;]<\/p>\n","protected":false},"author":21,"featured_media":43733,"comment_status":"open","ping_status":"open","sticky":false,"template":"","format":"standard","meta":{"tdm_status":"","tdm_grid_status":"","footnotes":""},"categories":[37],"tags":[],"class_list":{"0":"post-43732","1":"post","2":"type-post","3":"status-publish","4":"format-standard","5":"has-post-thumbnail","7":"category-nota-principal"},"yoast_head":"<!-- This site is optimized with the Yoast SEO plugin v27.5 - https:\/\/yoast.com\/product\/yoast-seo-wordpress\/ -->\n<title>\u201cOrlene\u201d se convierte en hurac\u00e1n categor\u00eda 2 - Fuentes Fidedignas<\/title>\n<meta name=\"robots\" content=\"index, follow, max-snippet:-1, max-image-preview:large, max-video-preview:-1\" \/>\n<link rel=\"canonical\" href=\"https:\/\/fuentesfidedignas.com.mx\/index.php\/2022\/10\/01\/orlene-se-convierte-en-huracan-categoria-2\/\" \/>\n<meta property=\"og:locale\" content=\"es_MX\" \/>\n<meta property=\"og:type\" content=\"article\" \/>\n<meta property=\"og:title\" content=\"\u201cOrlene\u201d se convierte en hurac\u00e1n categor\u00eda 2 - Fuentes Fidedignas\" \/>\n<meta property=\"og:description\" content=\"Se ubica a 300 km al sur-suroeste de Cabo Corrientes, Jalisco y a 395 km al sur de las Islas Mar\u00edas Ciudad de M\u00e9xico.- El hurac\u00e1n \u2018Orlene\u2019 se intensific\u00f3 a hurac\u00e1n categor\u00eda 2 frente a las costas de Jalisco la noche de este s\u00e1bado 1 de octubre, inform\u00f3 la Comisi\u00f3n Nacional del Agua (Conagua). En [&hellip;]\" \/>\n<meta property=\"og:url\" content=\"https:\/\/fuentesfidedignas.com.mx\/index.php\/2022\/10\/01\/orlene-se-convierte-en-huracan-categoria-2\/\" \/>\n<meta property=\"og:site_name\" content=\"Fuentes Fidedignas\" \/>\n<meta property=\"article:publisher\" content=\"https:\/\/www.facebook.com\/Fuentes-Fidedignas-368234489921644\" \/>\n<meta property=\"article:published_time\" content=\"2022-10-02T02:31:25+00:00\" \/>\n<meta property=\"article:modified_time\" content=\"2022-10-02T02:35:31+00:00\" \/>\n<meta property=\"og:image\" content=\"https:\/\/fuentesfidedignas.com.mx\/wp-content\/uploads\/2022\/10\/ORLEANE_-1.jpg\" \/>\n\t<meta property=\"og:image:width\" content=\"1273\" \/>\n\t<meta property=\"og:image:height\" content=\"793\" \/>\n\t<meta property=\"og:image:type\" content=\"image\/jpeg\" \/>\n<meta name=\"author\" content=\"El Financiero\" \/>\n<meta name=\"twitter:card\" content=\"summary_large_image\" \/>\n<meta name=\"twitter:creator\" content=\"@fidedignas\" \/>\n<meta name=\"twitter:site\" content=\"@fidedignas\" \/>\n<meta name=\"twitter:label1\" content=\"Escrito por\" \/>\n\t<meta name=\"twitter:data1\" content=\"El Financiero\" \/>\n\t<meta name=\"twitter:label2\" content=\"Tiempo de lectura\" \/>\n\t<meta name=\"twitter:data2\" content=\"2 minutos\" \/>\n<script type=\"application\/ld+json\" class=\"yoast-schema-graph\">{\"@context\":\"https:\\\/\\\/schema.org\",\"@graph\":[{\"@type\":\"Article\",\"@id\":\"https:\\\/\\\/fuentesfidedignas.com.mx\\\/index.php\\\/2022\\\/10\\\/01\\\/orlene-se-convierte-en-huracan-categoria-2\\\/#article\",\"isPartOf\":{\"@id\":\"https:\\\/\\\/fuentesfidedignas.com.mx\\\/index.php\\\/2022\\\/10\\\/01\\\/orlene-se-convierte-en-huracan-categoria-2\\\/\"},\"author\":{\"name\":\"El Financiero\",\"@id\":\"https:\\\/\\\/fuentesfidedignas.com.mx\\\/#\\\/schema\\\/person\\\/494f7e0dce8dfaaec5b64f16615b78e9\"},\"headline\":\"\u201cOrlene\u201d se convierte en hurac\u00e1n categor\u00eda 2\",\"datePublished\":\"2022-10-02T02:31:25+00:00\",\"dateModified\":\"2022-10-02T02:35:31+00:00\",\"mainEntityOfPage\":{\"@id\":\"https:\\\/\\\/fuentesfidedignas.com.mx\\\/index.php\\\/2022\\\/10\\\/01\\\/orlene-se-convierte-en-huracan-categoria-2\\\/\"},\"wordCount\":294,\"commentCount\":0,\"publisher\":{\"@id\":\"https:\\\/\\\/fuentesfidedignas.com.mx\\\/#organization\"},\"image\":{\"@id\":\"https:\\\/\\\/fuentesfidedignas.com.mx\\\/index.php\\\/2022\\\/10\\\/01\\\/orlene-se-convierte-en-huracan-categoria-2\\\/#primaryimage\"},\"thumbnailUrl\":\"https:\\\/\\\/fuentesfidedignas.com.mx\\\/wp-content\\\/uploads\\\/2022\\\/10\\\/ORLEANE_-1.jpg\",\"articleSection\":[\"NOTA PRINCIPAL\"],\"inLanguage\":\"es\",\"potentialAction\":[{\"@type\":\"CommentAction\",\"name\":\"Comment\",\"target\":[\"https:\\\/\\\/fuentesfidedignas.com.mx\\\/index.php\\\/2022\\\/10\\\/01\\\/orlene-se-convierte-en-huracan-categoria-2\\\/#respond\"]}]},{\"@type\":\"WebPage\",\"@id\":\"https:\\\/\\\/fuentesfidedignas.com.mx\\\/index.php\\\/2022\\\/10\\\/01\\\/orlene-se-convierte-en-huracan-categoria-2\\\/\",\"url\":\"https:\\\/\\\/fuentesfidedignas.com.mx\\\/index.php\\\/2022\\\/10\\\/01\\\/orlene-se-convierte-en-huracan-categoria-2\\\/\",\"name\":\"\u201cOrlene\u201d se convierte en hurac\u00e1n categor\u00eda 2 - Fuentes Fidedignas\",\"isPartOf\":{\"@id\":\"https:\\\/\\\/fuentesfidedignas.com.mx\\\/#website\"},\"primaryImageOfPage\":{\"@id\":\"https:\\\/\\\/fuentesfidedignas.com.mx\\\/index.php\\\/2022\\\/10\\\/01\\\/orlene-se-convierte-en-huracan-categoria-2\\\/#primaryimage\"},\"image\":{\"@id\":\"https:\\\/\\\/fuentesfidedignas.com.mx\\\/index.php\\\/2022\\\/10\\\/01\\\/orlene-se-convierte-en-huracan-categoria-2\\\/#primaryimage\"},\"thumbnailUrl\":\"https:\\\/\\\/fuentesfidedignas.com.mx\\\/wp-content\\\/uploads\\\/2022\\\/10\\\/ORLEANE_-1.jpg\",\"datePublished\":\"2022-10-02T02:31:25+00:00\",\"dateModified\":\"2022-10-02T02:35:31+00:00\",\"breadcrumb\":{\"@id\":\"https:\\\/\\\/fuentesfidedignas.com.mx\\\/index.php\\\/2022\\\/10\\\/01\\\/orlene-se-convierte-en-huracan-categoria-2\\\/#breadcrumb\"},\"inLanguage\":\"es\",\"potentialAction\":[{\"@type\":\"ReadAction\",\"target\":[\"https:\\\/\\\/fuentesfidedignas.com.mx\\\/index.php\\\/2022\\\/10\\\/01\\\/orlene-se-convierte-en-huracan-categoria-2\\\/\"]}]},{\"@type\":\"ImageObject\",\"inLanguage\":\"es\",\"@id\":\"https:\\\/\\\/fuentesfidedignas.com.mx\\\/index.php\\\/2022\\\/10\\\/01\\\/orlene-se-convierte-en-huracan-categoria-2\\\/#primaryimage\",\"url\":\"https:\\\/\\\/fuentesfidedignas.com.mx\\\/wp-content\\\/uploads\\\/2022\\\/10\\\/ORLEANE_-1.jpg\",\"contentUrl\":\"https:\\\/\\\/fuentesfidedignas.com.mx\\\/wp-content\\\/uploads\\\/2022\\\/10\\\/ORLEANE_-1.jpg\",\"width\":1273,\"height\":793},{\"@type\":\"BreadcrumbList\",\"@id\":\"https:\\\/\\\/fuentesfidedignas.com.mx\\\/index.php\\\/2022\\\/10\\\/01\\\/orlene-se-convierte-en-huracan-categoria-2\\\/#breadcrumb\",\"itemListElement\":[{\"@type\":\"ListItem\",\"position\":1,\"name\":\"Inicio\",\"item\":\"https:\\\/\\\/fuentesfidedignas.com.mx\\\/\"},{\"@type\":\"ListItem\",\"position\":2,\"name\":\"\u201cOrlene\u201d se convierte en hurac\u00e1n categor\u00eda 2\"}]},{\"@type\":\"WebSite\",\"@id\":\"https:\\\/\\\/fuentesfidedignas.com.mx\\\/#website\",\"url\":\"https:\\\/\\\/fuentesfidedignas.com.mx\\\/\",\"name\":\"Fuentes Fidedignas\",\"description\":\"Otro sitio realizado con WordPress\",\"publisher\":{\"@id\":\"https:\\\/\\\/fuentesfidedignas.com.mx\\\/#organization\"},\"potentialAction\":[{\"@type\":\"SearchAction\",\"target\":{\"@type\":\"EntryPoint\",\"urlTemplate\":\"https:\\\/\\\/fuentesfidedignas.com.mx\\\/?s={search_term_string}\"},\"query-input\":{\"@type\":\"PropertyValueSpecification\",\"valueRequired\":true,\"valueName\":\"search_term_string\"}}],\"inLanguage\":\"es\"},{\"@type\":\"Organization\",\"@id\":\"https:\\\/\\\/fuentesfidedignas.com.mx\\\/#organization\",\"name\":\"Fuentes Fidedignas\",\"url\":\"https:\\\/\\\/fuentesfidedignas.com.mx\\\/\",\"logo\":{\"@type\":\"ImageObject\",\"inLanguage\":\"es\",\"@id\":\"https:\\\/\\\/fuentesfidedignas.com.mx\\\/#\\\/schema\\\/logo\\\/image\\\/\",\"url\":\"https:\\\/\\\/fuentesfidedignas.com.mx\\\/wp-content\\\/uploads\\\/2021\\\/04\\\/logo-retina.png\",\"contentUrl\":\"https:\\\/\\\/fuentesfidedignas.com.mx\\\/wp-content\\\/uploads\\\/2021\\\/04\\\/logo-retina.png\",\"width\":280,\"height\":51,\"caption\":\"Fuentes Fidedignas\"},\"image\":{\"@id\":\"https:\\\/\\\/fuentesfidedignas.com.mx\\\/#\\\/schema\\\/logo\\\/image\\\/\"},\"sameAs\":[\"https:\\\/\\\/www.facebook.com\\\/Fuentes-Fidedignas-368234489921644\",\"https:\\\/\\\/x.com\\\/fidedignas\"]},{\"@type\":\"Person\",\"@id\":\"https:\\\/\\\/fuentesfidedignas.com.mx\\\/#\\\/schema\\\/person\\\/494f7e0dce8dfaaec5b64f16615b78e9\",\"name\":\"El Financiero\",\"image\":{\"@type\":\"ImageObject\",\"inLanguage\":\"es\",\"@id\":\"https:\\\/\\\/secure.gravatar.com\\\/avatar\\\/88c0f3f2079389318ef8dd35c22cb997212aa89646e357ba59b318db26ed91a9?s=96&d=mm&r=g\",\"url\":\"https:\\\/\\\/secure.gravatar.com\\\/avatar\\\/88c0f3f2079389318ef8dd35c22cb997212aa89646e357ba59b318db26ed91a9?s=96&d=mm&r=g\",\"contentUrl\":\"https:\\\/\\\/secure.gravatar.com\\\/avatar\\\/88c0f3f2079389318ef8dd35c22cb997212aa89646e357ba59b318db26ed91a9?s=96&d=mm&r=g\",\"caption\":\"El Financiero\"},\"url\":\"https:\\\/\\\/fuentesfidedignas.com.mx\\\/index.php\\\/author\\\/financiero\\\/\"}]}<\/script>\n<!-- \/ Yoast SEO plugin. -->","yoast_head_json":{"title":"\u201cOrlene\u201d se convierte en hurac\u00e1n categor\u00eda 2 - Fuentes Fidedignas","robots":{"index":"index","follow":"follow","max-snippet":"max-snippet:-1","max-image-preview":"max-image-preview:large","max-video-preview":"max-video-preview:-1"},"canonical":"https:\/\/fuentesfidedignas.com.mx\/index.php\/2022\/10\/01\/orlene-se-convierte-en-huracan-categoria-2\/","og_locale":"es_MX","og_type":"article","og_title":"\u201cOrlene\u201d se convierte en hurac\u00e1n categor\u00eda 2 - Fuentes Fidedignas","og_description":"Se ubica a 300 km al sur-suroeste de Cabo Corrientes, Jalisco y a 395 km al sur de las Islas Mar\u00edas Ciudad de M\u00e9xico.- El hurac\u00e1n \u2018Orlene\u2019 se intensific\u00f3 a hurac\u00e1n categor\u00eda 2 frente a las costas de Jalisco la noche de este s\u00e1bado 1 de octubre, inform\u00f3 la Comisi\u00f3n Nacional del Agua (Conagua). En [&hellip;]","og_url":"https:\/\/fuentesfidedignas.com.mx\/index.php\/2022\/10\/01\/orlene-se-convierte-en-huracan-categoria-2\/","og_site_name":"Fuentes Fidedignas","article_publisher":"https:\/\/www.facebook.com\/Fuentes-Fidedignas-368234489921644","article_published_time":"2022-10-02T02:31:25+00:00","article_modified_time":"2022-10-02T02:35:31+00:00","og_image":[{"width":1273,"height":793,"url":"https:\/\/fuentesfidedignas.com.mx\/wp-content\/uploads\/2022\/10\/ORLEANE_-1.jpg","type":"image\/jpeg"}],"author":"El Financiero","twitter_card":"summary_large_image","twitter_creator":"@fidedignas","twitter_site":"@fidedignas","twitter_misc":{"Escrito por":"El Financiero","Tiempo de lectura":"2 minutos"},"schema":{"@context":"https:\/\/schema.org","@graph":[{"@type":"Article","@id":"https:\/\/fuentesfidedignas.com.mx\/index.php\/2022\/10\/01\/orlene-se-convierte-en-huracan-categoria-2\/#article","isPartOf":{"@id":"https:\/\/fuentesfidedignas.com.mx\/index.php\/2022\/10\/01\/orlene-se-convierte-en-huracan-categoria-2\/"},"author":{"name":"El Financiero","@id":"https:\/\/fuentesfidedignas.com.mx\/#\/schema\/person\/494f7e0dce8dfaaec5b64f16615b78e9"},"headline":"\u201cOrlene\u201d se convierte en hurac\u00e1n categor\u00eda 2","datePublished":"2022-10-02T02:31:25+00:00","dateModified":"2022-10-02T02:35:31+00:00","mainEntityOfPage":{"@id":"https:\/\/fuentesfidedignas.com.mx\/index.php\/2022\/10\/01\/orlene-se-convierte-en-huracan-categoria-2\/"},"wordCount":294,"commentCount":0,"publisher":{"@id":"https:\/\/fuentesfidedignas.com.mx\/#organization"},"image":{"@id":"https:\/\/fuentesfidedignas.com.mx\/index.php\/2022\/10\/01\/orlene-se-convierte-en-huracan-categoria-2\/#primaryimage"},"thumbnailUrl":"https:\/\/fuentesfidedignas.com.mx\/wp-content\/uploads\/2022\/10\/ORLEANE_-1.jpg","articleSection":["NOTA PRINCIPAL"],"inLanguage":"es","potentialAction":[{"@type":"CommentAction","name":"Comment","target":["https:\/\/fuentesfidedignas.com.mx\/index.php\/2022\/10\/01\/orlene-se-convierte-en-huracan-categoria-2\/#respond"]}]},{"@type":"WebPage","@id":"https:\/\/fuentesfidedignas.com.mx\/index.php\/2022\/10\/01\/orlene-se-convierte-en-huracan-categoria-2\/","url":"https:\/\/fuentesfidedignas.com.mx\/index.php\/2022\/10\/01\/orlene-se-convierte-en-huracan-categoria-2\/","name":"\u201cOrlene\u201d se convierte en hurac\u00e1n categor\u00eda 2 - Fuentes Fidedignas","isPartOf":{"@id":"https:\/\/fuentesfidedignas.com.mx\/#website"},"primaryImageOfPage":{"@id":"https:\/\/fuentesfidedignas.com.mx\/index.php\/2022\/10\/01\/orlene-se-convierte-en-huracan-categoria-2\/#primaryimage"},"image":{"@id":"https:\/\/fuentesfidedignas.com.mx\/index.php\/2022\/10\/01\/orlene-se-convierte-en-huracan-categoria-2\/#primaryimage"},"thumbnailUrl":"https:\/\/fuentesfidedignas.com.mx\/wp-content\/uploads\/2022\/10\/ORLEANE_-1.jpg","datePublished":"2022-10-02T02:31:25+00:00","dateModified":"2022-10-02T02:35:31+00:00","breadcrumb":{"@id":"https:\/\/fuentesfidedignas.com.mx\/index.php\/2022\/10\/01\/orlene-se-convierte-en-huracan-categoria-2\/#breadcrumb"},"inLanguage":"es","potentialAction":[{"@type":"ReadAction","target":["https:\/\/fuentesfidedignas.com.mx\/index.php\/2022\/10\/01\/orlene-se-convierte-en-huracan-categoria-2\/"]}]},{"@type":"ImageObject","inLanguage":"es","@id":"https:\/\/fuentesfidedignas.com.mx\/index.php\/2022\/10\/01\/orlene-se-convierte-en-huracan-categoria-2\/#primaryimage","url":"https:\/\/fuentesfidedignas.com.mx\/wp-content\/uploads\/2022\/10\/ORLEANE_-1.jpg","contentUrl":"https:\/\/fuentesfidedignas.com.mx\/wp-content\/uploads\/2022\/10\/ORLEANE_-1.jpg","width":1273,"height":793},{"@type":"BreadcrumbList","@id":"https:\/\/fuentesfidedignas.com.mx\/index.php\/2022\/10\/01\/orlene-se-convierte-en-huracan-categoria-2\/#breadcrumb","itemListElement":[{"@type":"ListItem","position":1,"name":"Inicio","item":"https:\/\/fuentesfidedignas.com.mx\/"},{"@type":"ListItem","position":2,"name":"\u201cOrlene\u201d se convierte en hurac\u00e1n categor\u00eda 2"}]},{"@type":"WebSite","@id":"https:\/\/fuentesfidedignas.com.mx\/#website","url":"https:\/\/fuentesfidedignas.com.mx\/","name":"Fuentes Fidedignas","description":"Otro sitio realizado con WordPress","publisher":{"@id":"https:\/\/fuentesfidedignas.com.mx\/#organization"},"potentialAction":[{"@type":"SearchAction","target":{"@type":"EntryPoint","urlTemplate":"https:\/\/fuentesfidedignas.com.mx\/?s={search_term_string}"},"query-input":{"@type":"PropertyValueSpecification","valueRequired":true,"valueName":"search_term_string"}}],"inLanguage":"es"},{"@type":"Organization","@id":"https:\/\/fuentesfidedignas.com.mx\/#organization","name":"Fuentes Fidedignas","url":"https:\/\/fuentesfidedignas.com.mx\/","logo":{"@type":"ImageObject","inLanguage":"es","@id":"https:\/\/fuentesfidedignas.com.mx\/#\/schema\/logo\/image\/","url":"https:\/\/fuentesfidedignas.com.mx\/wp-content\/uploads\/2021\/04\/logo-retina.png","contentUrl":"https:\/\/fuentesfidedignas.com.mx\/wp-content\/uploads\/2021\/04\/logo-retina.png","width":280,"height":51,"caption":"Fuentes Fidedignas"},"image":{"@id":"https:\/\/fuentesfidedignas.com.mx\/#\/schema\/logo\/image\/"},"sameAs":["https:\/\/www.facebook.com\/Fuentes-Fidedignas-368234489921644","https:\/\/x.com\/fidedignas"]},{"@type":"Person","@id":"https:\/\/fuentesfidedignas.com.mx\/#\/schema\/person\/494f7e0dce8dfaaec5b64f16615b78e9","name":"El Financiero","image":{"@type":"ImageObject","inLanguage":"es","@id":"https:\/\/secure.gravatar.com\/avatar\/88c0f3f2079389318ef8dd35c22cb997212aa89646e357ba59b318db26ed91a9?s=96&d=mm&r=g","url":"https:\/\/secure.gravatar.com\/avatar\/88c0f3f2079389318ef8dd35c22cb997212aa89646e357ba59b318db26ed91a9?s=96&d=mm&r=g","contentUrl":"https:\/\/secure.gravatar.com\/avatar\/88c0f3f2079389318ef8dd35c22cb997212aa89646e357ba59b318db26ed91a9?s=96&d=mm&r=g","caption":"El Financiero"},"url":"https:\/\/fuentesfidedignas.com.mx\/index.php\/author\/financiero\/"}]}},"_links":{"self":[{"href":"https:\/\/fuentesfidedignas.com.mx\/index.php\/wp-json\/wp\/v2\/posts\/43732","targetHints":{"allow":["GET"]}}],"collection":[{"href":"https:\/\/fuentesfidedignas.com.mx\/index.php\/wp-json\/wp\/v2\/posts"}],"about":[{"href":"https:\/\/fuentesfidedignas.com.mx\/index.php\/wp-json\/wp\/v2\/types\/post"}],"author":[{"embeddable":true,"href":"https:\/\/fuentesfidedignas.com.mx\/index.php\/wp-json\/wp\/v2\/users\/21"}],"replies":[{"embeddable":true,"href":"https:\/\/fuentesfidedignas.com.mx\/index.php\/wp-json\/wp\/v2\/comments?post=43732"}],"version-history":[{"count":2,"href":"https:\/\/fuentesfidedignas.com.mx\/index.php\/wp-json\/wp\/v2\/posts\/43732\/revisions"}],"predecessor-version":[{"id":43736,"href":"https:\/\/fuentesfidedignas.com.mx\/index.php\/wp-json\/wp\/v2\/posts\/43732\/revisions\/43736"}],"wp:featuredmedia":[{"embeddable":true,"href":"https:\/\/fuentesfidedignas.com.mx\/index.php\/wp-json\/wp\/v2\/media\/43733"}],"wp:attachment":[{"href":"https:\/\/fuentesfidedignas.com.mx\/index.php\/wp-json\/wp\/v2\/media?parent=43732"}],"wp:term":[{"taxonomy":"category","embeddable":true,"href":"https:\/\/fuentesfidedignas.com.mx\/index.php\/wp-json\/wp\/v2\/categories?post=43732"},{"taxonomy":"post_tag","embeddable":true,"href":"https:\/\/fuentesfidedignas.com.mx\/index.php\/wp-json\/wp\/v2\/tags?post=43732"}],"curies":[{"name":"wp","href":"https:\/\/api.w.org\/{rel}","templated":true}]}}