{"id":43722,"date":"2022-10-01T17:02:31","date_gmt":"2022-10-01T23:02:31","guid":{"rendered":"https:\/\/fuentesfidedignas.com.mx\/?p=43722"},"modified":"2022-10-01T17:02:32","modified_gmt":"2022-10-01T23:02:32","slug":"inicia-congreso-segundo-ano-de-ejercicio-constitucional-de-la-64-legislatura","status":"publish","type":"post","link":"https:\/\/fuentesfidedignas.com.mx\/index.php\/2022\/10\/01\/inicia-congreso-segundo-ano-de-ejercicio-constitucional-de-la-64-legislatura\/","title":{"rendered":"Inicia Congreso Segundo A\u00f1o de Ejercicio Constitucional de la 64 Legislatura"},"content":{"rendered":"\n<p><strong><em>Ricardo Madrid P\u00e9rez presidir\u00e1 Mesa Directiva.<\/em><\/strong><\/p>\n\n\n\n<p>Culiac\u00e1n, Sinaloa.- El Congreso del Estado de Sinaloa inici\u00f3 este s\u00e1bado 01 de octubre el Primer Periodo Ordinario de Sesiones del Segundo A\u00f1o de Ejercicio Constitucional de la 64 Legislatura, en sesi\u00f3n Solemne en que se eligi\u00f3 a la nueva Mesa Directiva que funcionar\u00e1 durante este segundo a\u00f1o del 01 de octubre del 2022 al 30 de septiembre del 2023.<\/p>\n\n\n\n<p>Luego de la declaratoria de apertura del Primer Periodo Ordinario a cargo del presidente de la Mesa Directiva saliente, Gene Ren\u00e9 Boj\u00f3rquez Ruiz, el diputado Adolfo Beltr\u00e1n Corrales present\u00f3, a nombre de la Junta de Coordinaci\u00f3n Pol\u00edtica, una propuesta consensuada de integraci\u00f3n de la Mesa Directiva entrante, la cual se aprob\u00f3 por unanimidad.<\/p>\n\n\n\n<p>La nueva Mesa Directiva qued\u00f3 integrada de la siguiente manera:<br>Dip. Ricardo Madrid P\u00e9rez, presidente<br>Dip. Viridiana Camacho Mill\u00e1n, vicepresidenta<br>Dip. Juana Minerva V\u00e1zquez Gonz\u00e1lez, vicepresidenta<br>Dip. Nela Rosiely S\u00e1nchez S\u00e1nchez, secretaria<br>Dip. Rita Fierro Reyes, secretaria<br>Dip. Adolfo Beltr\u00e1n Corrales, prosecretario<br>Dip. Concepci\u00f3n Zazueta Castro, prosecretaria<\/p>\n\n\n\n<p>Pasada la elecci\u00f3n, el diputado Gene Ren\u00e9 Boj\u00f3rquez se despidi\u00f3 como presidente e invit\u00f3 a<br>diputadas y diputados integrantes de la nueva Mesa Directiva a ocupar sus lugares, y el nuevo presidente, Ricardo Madrid, se tom\u00f3 la protesta como tal y luego le tom\u00f3 la protesta al resto de los integrantes, con lo cual se declar\u00f3 formalmente instalada.<\/p>\n\n\n\n<p>A la sesi\u00f3n solemne, que fue encabezada por el presidente de la Mesa Directiva saliente, Gene Ren\u00e9 Boj\u00f3rquez Ruiz, asistieron el magistrado presidente del Supremo Tribunal de Justicia, Jes\u00fas Iv\u00e1n Ch\u00e1vez Rangel, y el secretario general de Gobierno, Enrique Inzunza C\u00e1zarez, quien tuvo la representaci\u00f3n personal del gobernador Rub\u00e9n Rocha Moya.<\/p>\n\n\n\n<p>Durante la sesi\u00f3n, el presidente de la Diputaci\u00f3n Permanente que estuvo sesionando durante el periodo de receso, Ambrocio Ch\u00e1vez Ch\u00e1vez, entreg\u00f3 el correspondiente informe de los asuntos que se atendieron durante el periodo 01 de agosto al 30 de septiembre.<\/p>\n\n\n\n<p>De acuerdo a la Ley Org\u00e1nica del Congreso del Estado de Sinaloa, corresponde a la Mesa<br>Directiva conducir las sesiones del Pleno preservando la libertad de las deliberaciones, cuidar de la efectividad del trabajo legislativo y aplicar con imparcialidad las disposiciones de esta Ley, sus Reglamentos y los Acuerdos que apruebe el Congreso.<\/p>\n\n\n\n<p>La Mesa Directiva funcionar\u00e1 como \u00f3rgano colegiado, bajo la coordinaci\u00f3n de su Presidente;<br>adoptar\u00e1 sus decisiones por consenso y, en caso de no lograrse el mismo, mediante mayor\u00eda resultante del voto ponderado de sus integrantes, en el cual el Diputado que est\u00e9 facultado para ello, representar\u00e1 tantos votos como integrantes tenga su Grupo Parlamentario.<\/p>\n\n\n\n<p>La Mesa Directiva observar\u00e1 en su actuaci\u00f3n los principios de imparcialidad y objetividad.<\/p>\n","protected":false},"excerpt":{"rendered":"<p>Ricardo Madrid P\u00e9rez presidir\u00e1 Mesa Directiva. Culiac\u00e1n, Sinaloa.- El Congreso del Estado de Sinaloa inici\u00f3 este s\u00e1bado 01 de octubre el Primer Periodo Ordinario de Sesiones del Segundo A\u00f1o de Ejercicio Constitucional de la 64 Legislatura, en sesi\u00f3n Solemne en que se eligi\u00f3 a la nueva Mesa Directiva que funcionar\u00e1 durante este segundo a\u00f1o del [&hellip;]<\/p>\n","protected":false},"author":4,"featured_media":43723,"comment_status":"open","ping_status":"open","sticky":false,"template":"","format":"standard","meta":{"tdm_status":"","tdm_grid_status":"","footnotes":""},"categories":[37],"tags":[],"class_list":{"0":"post-43722","1":"post","2":"type-post","3":"status-publish","4":"format-standard","5":"has-post-thumbnail","7":"category-nota-principal"},"yoast_head":"<!-- This site is optimized with the Yoast SEO plugin v27.5 - https:\/\/yoast.com\/product\/yoast-seo-wordpress\/ -->\n<title>Inicia Congreso Segundo A\u00f1o de Ejercicio Constitucional de la 64 Legislatura - Fuentes Fidedignas<\/title>\n<meta name=\"robots\" content=\"index, follow, max-snippet:-1, max-image-preview:large, max-video-preview:-1\" \/>\n<link rel=\"canonical\" href=\"https:\/\/fuentesfidedignas.com.mx\/index.php\/2022\/10\/01\/inicia-congreso-segundo-ano-de-ejercicio-constitucional-de-la-64-legislatura\/\" \/>\n<meta property=\"og:locale\" content=\"es_MX\" \/>\n<meta property=\"og:type\" content=\"article\" \/>\n<meta property=\"og:title\" content=\"Inicia Congreso Segundo A\u00f1o de Ejercicio Constitucional de la 64 Legislatura - Fuentes Fidedignas\" \/>\n<meta property=\"og:description\" content=\"Ricardo Madrid P\u00e9rez presidir\u00e1 Mesa Directiva. Culiac\u00e1n, Sinaloa.- El Congreso del Estado de Sinaloa inici\u00f3 este s\u00e1bado 01 de octubre el Primer Periodo Ordinario de Sesiones del Segundo A\u00f1o de Ejercicio Constitucional de la 64 Legislatura, en sesi\u00f3n Solemne en que se eligi\u00f3 a la nueva Mesa Directiva que funcionar\u00e1 durante este segundo a\u00f1o del [&hellip;]\" \/>\n<meta property=\"og:url\" content=\"https:\/\/fuentesfidedignas.com.mx\/index.php\/2022\/10\/01\/inicia-congreso-segundo-ano-de-ejercicio-constitucional-de-la-64-legislatura\/\" \/>\n<meta property=\"og:site_name\" content=\"Fuentes Fidedignas\" \/>\n<meta property=\"article:publisher\" content=\"https:\/\/www.facebook.com\/Fuentes-Fidedignas-368234489921644\" \/>\n<meta property=\"article:published_time\" content=\"2022-10-01T23:02:31+00:00\" \/>\n<meta property=\"article:modified_time\" content=\"2022-10-01T23:02:32+00:00\" \/>\n<meta property=\"og:image\" content=\"https:\/\/fuentesfidedignas.com.mx\/wp-content\/uploads\/2022\/10\/unnamed-1.jpg\" \/>\n\t<meta property=\"og:image:width\" content=\"1280\" \/>\n\t<meta property=\"og:image:height\" content=\"855\" \/>\n\t<meta property=\"og:image:type\" content=\"image\/jpeg\" \/>\n<meta name=\"author\" content=\"Redacci\u00f3n\" \/>\n<meta name=\"twitter:card\" content=\"summary_large_image\" \/>\n<meta name=\"twitter:creator\" content=\"@fidedignas\" \/>\n<meta name=\"twitter:site\" content=\"@fidedignas\" \/>\n<meta name=\"twitter:label1\" content=\"Escrito por\" \/>\n\t<meta name=\"twitter:data1\" content=\"Redacci\u00f3n\" \/>\n\t<meta name=\"twitter:label2\" content=\"Tiempo de lectura\" \/>\n\t<meta name=\"twitter:data2\" content=\"2 minutos\" \/>\n<script type=\"application\/ld+json\" class=\"yoast-schema-graph\">{\"@context\":\"https:\\\/\\\/schema.org\",\"@graph\":[{\"@type\":\"Article\",\"@id\":\"https:\\\/\\\/fuentesfidedignas.com.mx\\\/index.php\\\/2022\\\/10\\\/01\\\/inicia-congreso-segundo-ano-de-ejercicio-constitucional-de-la-64-legislatura\\\/#article\",\"isPartOf\":{\"@id\":\"https:\\\/\\\/fuentesfidedignas.com.mx\\\/index.php\\\/2022\\\/10\\\/01\\\/inicia-congreso-segundo-ano-de-ejercicio-constitucional-de-la-64-legislatura\\\/\"},\"author\":{\"name\":\"Redacci\u00f3n\",\"@id\":\"https:\\\/\\\/fuentesfidedignas.com.mx\\\/#\\\/schema\\\/person\\\/331be9283d37198e2acd5750279085b0\"},\"headline\":\"Inicia Congreso Segundo A\u00f1o de Ejercicio Constitucional de la 64 Legislatura\",\"datePublished\":\"2022-10-01T23:02:31+00:00\",\"dateModified\":\"2022-10-01T23:02:32+00:00\",\"mainEntityOfPage\":{\"@id\":\"https:\\\/\\\/fuentesfidedignas.com.mx\\\/index.php\\\/2022\\\/10\\\/01\\\/inicia-congreso-segundo-ano-de-ejercicio-constitucional-de-la-64-legislatura\\\/\"},\"wordCount\":468,\"commentCount\":0,\"publisher\":{\"@id\":\"https:\\\/\\\/fuentesfidedignas.com.mx\\\/#organization\"},\"image\":{\"@id\":\"https:\\\/\\\/fuentesfidedignas.com.mx\\\/index.php\\\/2022\\\/10\\\/01\\\/inicia-congreso-segundo-ano-de-ejercicio-constitucional-de-la-64-legislatura\\\/#primaryimage\"},\"thumbnailUrl\":\"https:\\\/\\\/fuentesfidedignas.com.mx\\\/wp-content\\\/uploads\\\/2022\\\/10\\\/unnamed-1.jpg\",\"articleSection\":[\"NOTA PRINCIPAL\"],\"inLanguage\":\"es\",\"potentialAction\":[{\"@type\":\"CommentAction\",\"name\":\"Comment\",\"target\":[\"https:\\\/\\\/fuentesfidedignas.com.mx\\\/index.php\\\/2022\\\/10\\\/01\\\/inicia-congreso-segundo-ano-de-ejercicio-constitucional-de-la-64-legislatura\\\/#respond\"]}]},{\"@type\":\"WebPage\",\"@id\":\"https:\\\/\\\/fuentesfidedignas.com.mx\\\/index.php\\\/2022\\\/10\\\/01\\\/inicia-congreso-segundo-ano-de-ejercicio-constitucional-de-la-64-legislatura\\\/\",\"url\":\"https:\\\/\\\/fuentesfidedignas.com.mx\\\/index.php\\\/2022\\\/10\\\/01\\\/inicia-congreso-segundo-ano-de-ejercicio-constitucional-de-la-64-legislatura\\\/\",\"name\":\"Inicia Congreso Segundo A\u00f1o de Ejercicio Constitucional de la 64 Legislatura - Fuentes Fidedignas\",\"isPartOf\":{\"@id\":\"https:\\\/\\\/fuentesfidedignas.com.mx\\\/#website\"},\"primaryImageOfPage\":{\"@id\":\"https:\\\/\\\/fuentesfidedignas.com.mx\\\/index.php\\\/2022\\\/10\\\/01\\\/inicia-congreso-segundo-ano-de-ejercicio-constitucional-de-la-64-legislatura\\\/#primaryimage\"},\"image\":{\"@id\":\"https:\\\/\\\/fuentesfidedignas.com.mx\\\/index.php\\\/2022\\\/10\\\/01\\\/inicia-congreso-segundo-ano-de-ejercicio-constitucional-de-la-64-legislatura\\\/#primaryimage\"},\"thumbnailUrl\":\"https:\\\/\\\/fuentesfidedignas.com.mx\\\/wp-content\\\/uploads\\\/2022\\\/10\\\/unnamed-1.jpg\",\"datePublished\":\"2022-10-01T23:02:31+00:00\",\"dateModified\":\"2022-10-01T23:02:32+00:00\",\"breadcrumb\":{\"@id\":\"https:\\\/\\\/fuentesfidedignas.com.mx\\\/index.php\\\/2022\\\/10\\\/01\\\/inicia-congreso-segundo-ano-de-ejercicio-constitucional-de-la-64-legislatura\\\/#breadcrumb\"},\"inLanguage\":\"es\",\"potentialAction\":[{\"@type\":\"ReadAction\",\"target\":[\"https:\\\/\\\/fuentesfidedignas.com.mx\\\/index.php\\\/2022\\\/10\\\/01\\\/inicia-congreso-segundo-ano-de-ejercicio-constitucional-de-la-64-legislatura\\\/\"]}]},{\"@type\":\"ImageObject\",\"inLanguage\":\"es\",\"@id\":\"https:\\\/\\\/fuentesfidedignas.com.mx\\\/index.php\\\/2022\\\/10\\\/01\\\/inicia-congreso-segundo-ano-de-ejercicio-constitucional-de-la-64-legislatura\\\/#primaryimage\",\"url\":\"https:\\\/\\\/fuentesfidedignas.com.mx\\\/wp-content\\\/uploads\\\/2022\\\/10\\\/unnamed-1.jpg\",\"contentUrl\":\"https:\\\/\\\/fuentesfidedignas.com.mx\\\/wp-content\\\/uploads\\\/2022\\\/10\\\/unnamed-1.jpg\",\"width\":1280,\"height\":855},{\"@type\":\"BreadcrumbList\",\"@id\":\"https:\\\/\\\/fuentesfidedignas.com.mx\\\/index.php\\\/2022\\\/10\\\/01\\\/inicia-congreso-segundo-ano-de-ejercicio-constitucional-de-la-64-legislatura\\\/#breadcrumb\",\"itemListElement\":[{\"@type\":\"ListItem\",\"position\":1,\"name\":\"Inicio\",\"item\":\"https:\\\/\\\/fuentesfidedignas.com.mx\\\/\"},{\"@type\":\"ListItem\",\"position\":2,\"name\":\"Inicia Congreso Segundo A\u00f1o de Ejercicio Constitucional de la 64 Legislatura\"}]},{\"@type\":\"WebSite\",\"@id\":\"https:\\\/\\\/fuentesfidedignas.com.mx\\\/#website\",\"url\":\"https:\\\/\\\/fuentesfidedignas.com.mx\\\/\",\"name\":\"Fuentes Fidedignas\",\"description\":\"Otro sitio realizado con WordPress\",\"publisher\":{\"@id\":\"https:\\\/\\\/fuentesfidedignas.com.mx\\\/#organization\"},\"potentialAction\":[{\"@type\":\"SearchAction\",\"target\":{\"@type\":\"EntryPoint\",\"urlTemplate\":\"https:\\\/\\\/fuentesfidedignas.com.mx\\\/?s={search_term_string}\"},\"query-input\":{\"@type\":\"PropertyValueSpecification\",\"valueRequired\":true,\"valueName\":\"search_term_string\"}}],\"inLanguage\":\"es\"},{\"@type\":\"Organization\",\"@id\":\"https:\\\/\\\/fuentesfidedignas.com.mx\\\/#organization\",\"name\":\"Fuentes Fidedignas\",\"url\":\"https:\\\/\\\/fuentesfidedignas.com.mx\\\/\",\"logo\":{\"@type\":\"ImageObject\",\"inLanguage\":\"es\",\"@id\":\"https:\\\/\\\/fuentesfidedignas.com.mx\\\/#\\\/schema\\\/logo\\\/image\\\/\",\"url\":\"https:\\\/\\\/fuentesfidedignas.com.mx\\\/wp-content\\\/uploads\\\/2021\\\/04\\\/logo-retina.png\",\"contentUrl\":\"https:\\\/\\\/fuentesfidedignas.com.mx\\\/wp-content\\\/uploads\\\/2021\\\/04\\\/logo-retina.png\",\"width\":280,\"height\":51,\"caption\":\"Fuentes Fidedignas\"},\"image\":{\"@id\":\"https:\\\/\\\/fuentesfidedignas.com.mx\\\/#\\\/schema\\\/logo\\\/image\\\/\"},\"sameAs\":[\"https:\\\/\\\/www.facebook.com\\\/Fuentes-Fidedignas-368234489921644\",\"https:\\\/\\\/x.com\\\/fidedignas\"]},{\"@type\":\"Person\",\"@id\":\"https:\\\/\\\/fuentesfidedignas.com.mx\\\/#\\\/schema\\\/person\\\/331be9283d37198e2acd5750279085b0\",\"name\":\"Redacci\u00f3n\",\"image\":{\"@type\":\"ImageObject\",\"inLanguage\":\"es\",\"@id\":\"https:\\\/\\\/secure.gravatar.com\\\/avatar\\\/f6d8782c11d12b2d4ad3fbb6931aeab5309937a4d6cd2fc9cfaa28a6396a5aec?s=96&d=mm&r=g\",\"url\":\"https:\\\/\\\/secure.gravatar.com\\\/avatar\\\/f6d8782c11d12b2d4ad3fbb6931aeab5309937a4d6cd2fc9cfaa28a6396a5aec?s=96&d=mm&r=g\",\"contentUrl\":\"https:\\\/\\\/secure.gravatar.com\\\/avatar\\\/f6d8782c11d12b2d4ad3fbb6931aeab5309937a4d6cd2fc9cfaa28a6396a5aec?s=96&d=mm&r=g\",\"caption\":\"Redacci\u00f3n\"},\"url\":\"https:\\\/\\\/fuentesfidedignas.com.mx\\\/index.php\\\/author\\\/redaccion\\\/\"}]}<\/script>\n<!-- \/ Yoast SEO plugin. -->","yoast_head_json":{"title":"Inicia Congreso Segundo A\u00f1o de Ejercicio Constitucional de la 64 Legislatura - Fuentes Fidedignas","robots":{"index":"index","follow":"follow","max-snippet":"max-snippet:-1","max-image-preview":"max-image-preview:large","max-video-preview":"max-video-preview:-1"},"canonical":"https:\/\/fuentesfidedignas.com.mx\/index.php\/2022\/10\/01\/inicia-congreso-segundo-ano-de-ejercicio-constitucional-de-la-64-legislatura\/","og_locale":"es_MX","og_type":"article","og_title":"Inicia Congreso Segundo A\u00f1o de Ejercicio Constitucional de la 64 Legislatura - Fuentes Fidedignas","og_description":"Ricardo Madrid P\u00e9rez presidir\u00e1 Mesa Directiva. Culiac\u00e1n, Sinaloa.- El Congreso del Estado de Sinaloa inici\u00f3 este s\u00e1bado 01 de octubre el Primer Periodo Ordinario de Sesiones del Segundo A\u00f1o de Ejercicio Constitucional de la 64 Legislatura, en sesi\u00f3n Solemne en que se eligi\u00f3 a la nueva Mesa Directiva que funcionar\u00e1 durante este segundo a\u00f1o del [&hellip;]","og_url":"https:\/\/fuentesfidedignas.com.mx\/index.php\/2022\/10\/01\/inicia-congreso-segundo-ano-de-ejercicio-constitucional-de-la-64-legislatura\/","og_site_name":"Fuentes Fidedignas","article_publisher":"https:\/\/www.facebook.com\/Fuentes-Fidedignas-368234489921644","article_published_time":"2022-10-01T23:02:31+00:00","article_modified_time":"2022-10-01T23:02:32+00:00","og_image":[{"width":1280,"height":855,"url":"https:\/\/fuentesfidedignas.com.mx\/wp-content\/uploads\/2022\/10\/unnamed-1.jpg","type":"image\/jpeg"}],"author":"Redacci\u00f3n","twitter_card":"summary_large_image","twitter_creator":"@fidedignas","twitter_site":"@fidedignas","twitter_misc":{"Escrito por":"Redacci\u00f3n","Tiempo de lectura":"2 minutos"},"schema":{"@context":"https:\/\/schema.org","@graph":[{"@type":"Article","@id":"https:\/\/fuentesfidedignas.com.mx\/index.php\/2022\/10\/01\/inicia-congreso-segundo-ano-de-ejercicio-constitucional-de-la-64-legislatura\/#article","isPartOf":{"@id":"https:\/\/fuentesfidedignas.com.mx\/index.php\/2022\/10\/01\/inicia-congreso-segundo-ano-de-ejercicio-constitucional-de-la-64-legislatura\/"},"author":{"name":"Redacci\u00f3n","@id":"https:\/\/fuentesfidedignas.com.mx\/#\/schema\/person\/331be9283d37198e2acd5750279085b0"},"headline":"Inicia Congreso Segundo A\u00f1o de Ejercicio Constitucional de la 64 Legislatura","datePublished":"2022-10-01T23:02:31+00:00","dateModified":"2022-10-01T23:02:32+00:00","mainEntityOfPage":{"@id":"https:\/\/fuentesfidedignas.com.mx\/index.php\/2022\/10\/01\/inicia-congreso-segundo-ano-de-ejercicio-constitucional-de-la-64-legislatura\/"},"wordCount":468,"commentCount":0,"publisher":{"@id":"https:\/\/fuentesfidedignas.com.mx\/#organization"},"image":{"@id":"https:\/\/fuentesfidedignas.com.mx\/index.php\/2022\/10\/01\/inicia-congreso-segundo-ano-de-ejercicio-constitucional-de-la-64-legislatura\/#primaryimage"},"thumbnailUrl":"https:\/\/fuentesfidedignas.com.mx\/wp-content\/uploads\/2022\/10\/unnamed-1.jpg","articleSection":["NOTA PRINCIPAL"],"inLanguage":"es","potentialAction":[{"@type":"CommentAction","name":"Comment","target":["https:\/\/fuentesfidedignas.com.mx\/index.php\/2022\/10\/01\/inicia-congreso-segundo-ano-de-ejercicio-constitucional-de-la-64-legislatura\/#respond"]}]},{"@type":"WebPage","@id":"https:\/\/fuentesfidedignas.com.mx\/index.php\/2022\/10\/01\/inicia-congreso-segundo-ano-de-ejercicio-constitucional-de-la-64-legislatura\/","url":"https:\/\/fuentesfidedignas.com.mx\/index.php\/2022\/10\/01\/inicia-congreso-segundo-ano-de-ejercicio-constitucional-de-la-64-legislatura\/","name":"Inicia Congreso Segundo A\u00f1o de Ejercicio Constitucional de la 64 Legislatura - Fuentes Fidedignas","isPartOf":{"@id":"https:\/\/fuentesfidedignas.com.mx\/#website"},"primaryImageOfPage":{"@id":"https:\/\/fuentesfidedignas.com.mx\/index.php\/2022\/10\/01\/inicia-congreso-segundo-ano-de-ejercicio-constitucional-de-la-64-legislatura\/#primaryimage"},"image":{"@id":"https:\/\/fuentesfidedignas.com.mx\/index.php\/2022\/10\/01\/inicia-congreso-segundo-ano-de-ejercicio-constitucional-de-la-64-legislatura\/#primaryimage"},"thumbnailUrl":"https:\/\/fuentesfidedignas.com.mx\/wp-content\/uploads\/2022\/10\/unnamed-1.jpg","datePublished":"2022-10-01T23:02:31+00:00","dateModified":"2022-10-01T23:02:32+00:00","breadcrumb":{"@id":"https:\/\/fuentesfidedignas.com.mx\/index.php\/2022\/10\/01\/inicia-congreso-segundo-ano-de-ejercicio-constitucional-de-la-64-legislatura\/#breadcrumb"},"inLanguage":"es","potentialAction":[{"@type":"ReadAction","target":["https:\/\/fuentesfidedignas.com.mx\/index.php\/2022\/10\/01\/inicia-congreso-segundo-ano-de-ejercicio-constitucional-de-la-64-legislatura\/"]}]},{"@type":"ImageObject","inLanguage":"es","@id":"https:\/\/fuentesfidedignas.com.mx\/index.php\/2022\/10\/01\/inicia-congreso-segundo-ano-de-ejercicio-constitucional-de-la-64-legislatura\/#primaryimage","url":"https:\/\/fuentesfidedignas.com.mx\/wp-content\/uploads\/2022\/10\/unnamed-1.jpg","contentUrl":"https:\/\/fuentesfidedignas.com.mx\/wp-content\/uploads\/2022\/10\/unnamed-1.jpg","width":1280,"height":855},{"@type":"BreadcrumbList","@id":"https:\/\/fuentesfidedignas.com.mx\/index.php\/2022\/10\/01\/inicia-congreso-segundo-ano-de-ejercicio-constitucional-de-la-64-legislatura\/#breadcrumb","itemListElement":[{"@type":"ListItem","position":1,"name":"Inicio","item":"https:\/\/fuentesfidedignas.com.mx\/"},{"@type":"ListItem","position":2,"name":"Inicia Congreso Segundo A\u00f1o de Ejercicio Constitucional de la 64 Legislatura"}]},{"@type":"WebSite","@id":"https:\/\/fuentesfidedignas.com.mx\/#website","url":"https:\/\/fuentesfidedignas.com.mx\/","name":"Fuentes Fidedignas","description":"Otro sitio realizado con WordPress","publisher":{"@id":"https:\/\/fuentesfidedignas.com.mx\/#organization"},"potentialAction":[{"@type":"SearchAction","target":{"@type":"EntryPoint","urlTemplate":"https:\/\/fuentesfidedignas.com.mx\/?s={search_term_string}"},"query-input":{"@type":"PropertyValueSpecification","valueRequired":true,"valueName":"search_term_string"}}],"inLanguage":"es"},{"@type":"Organization","@id":"https:\/\/fuentesfidedignas.com.mx\/#organization","name":"Fuentes Fidedignas","url":"https:\/\/fuentesfidedignas.com.mx\/","logo":{"@type":"ImageObject","inLanguage":"es","@id":"https:\/\/fuentesfidedignas.com.mx\/#\/schema\/logo\/image\/","url":"https:\/\/fuentesfidedignas.com.mx\/wp-content\/uploads\/2021\/04\/logo-retina.png","contentUrl":"https:\/\/fuentesfidedignas.com.mx\/wp-content\/uploads\/2021\/04\/logo-retina.png","width":280,"height":51,"caption":"Fuentes Fidedignas"},"image":{"@id":"https:\/\/fuentesfidedignas.com.mx\/#\/schema\/logo\/image\/"},"sameAs":["https:\/\/www.facebook.com\/Fuentes-Fidedignas-368234489921644","https:\/\/x.com\/fidedignas"]},{"@type":"Person","@id":"https:\/\/fuentesfidedignas.com.mx\/#\/schema\/person\/331be9283d37198e2acd5750279085b0","name":"Redacci\u00f3n","image":{"@type":"ImageObject","inLanguage":"es","@id":"https:\/\/secure.gravatar.com\/avatar\/f6d8782c11d12b2d4ad3fbb6931aeab5309937a4d6cd2fc9cfaa28a6396a5aec?s=96&d=mm&r=g","url":"https:\/\/secure.gravatar.com\/avatar\/f6d8782c11d12b2d4ad3fbb6931aeab5309937a4d6cd2fc9cfaa28a6396a5aec?s=96&d=mm&r=g","contentUrl":"https:\/\/secure.gravatar.com\/avatar\/f6d8782c11d12b2d4ad3fbb6931aeab5309937a4d6cd2fc9cfaa28a6396a5aec?s=96&d=mm&r=g","caption":"Redacci\u00f3n"},"url":"https:\/\/fuentesfidedignas.com.mx\/index.php\/author\/redaccion\/"}]}},"_links":{"self":[{"href":"https:\/\/fuentesfidedignas.com.mx\/index.php\/wp-json\/wp\/v2\/posts\/43722","targetHints":{"allow":["GET"]}}],"collection":[{"href":"https:\/\/fuentesfidedignas.com.mx\/index.php\/wp-json\/wp\/v2\/posts"}],"about":[{"href":"https:\/\/fuentesfidedignas.com.mx\/index.php\/wp-json\/wp\/v2\/types\/post"}],"author":[{"embeddable":true,"href":"https:\/\/fuentesfidedignas.com.mx\/index.php\/wp-json\/wp\/v2\/users\/4"}],"replies":[{"embeddable":true,"href":"https:\/\/fuentesfidedignas.com.mx\/index.php\/wp-json\/wp\/v2\/comments?post=43722"}],"version-history":[{"count":1,"href":"https:\/\/fuentesfidedignas.com.mx\/index.php\/wp-json\/wp\/v2\/posts\/43722\/revisions"}],"predecessor-version":[{"id":43724,"href":"https:\/\/fuentesfidedignas.com.mx\/index.php\/wp-json\/wp\/v2\/posts\/43722\/revisions\/43724"}],"wp:featuredmedia":[{"embeddable":true,"href":"https:\/\/fuentesfidedignas.com.mx\/index.php\/wp-json\/wp\/v2\/media\/43723"}],"wp:attachment":[{"href":"https:\/\/fuentesfidedignas.com.mx\/index.php\/wp-json\/wp\/v2\/media?parent=43722"}],"wp:term":[{"taxonomy":"category","embeddable":true,"href":"https:\/\/fuentesfidedignas.com.mx\/index.php\/wp-json\/wp\/v2\/categories?post=43722"},{"taxonomy":"post_tag","embeddable":true,"href":"https:\/\/fuentesfidedignas.com.mx\/index.php\/wp-json\/wp\/v2\/tags?post=43722"}],"curies":[{"name":"wp","href":"https:\/\/api.w.org\/{rel}","templated":true}]}}